{"id":73141,"date":"2013-10-17T02:06:40","date_gmt":"2013-10-17T01:06:40","guid":{"rendered":"http:\/\/www.pressenza.com\/?p=73141"},"modified":"2013-10-17T02:16:09","modified_gmt":"2013-10-17T01:16:09","slug":"negociations-nucleaire-iranien-geneve-moment-crucial-paix-du-monde","status":"publish","type":"post","link":"https:\/\/www.pressenza.com\/fr\/2013\/10\/negociations-nucleaire-iranien-geneve-moment-crucial-paix-du-monde\/","title":{"rendered":"N\u00e9gociations sur le nucl\u00e9aire iranien \u00e0 Gen\u00e8ve : un moment crucial pour la paix du monde"},"content":{"rendered":"<p><i>Sept anciens ministres, diplomates et hauts fonctionnaires de l\u2019ONU et d\u2019institutions internationales saluent la reprise, ce 15 octobre, des n\u00e9gociations sur le nucl\u00e9aire iranien. Dans une tribune adress\u00e9e \u00e0 Mediapart, ils plaident pour une nouvelle diplomatie de l\u2019Occident, seule \u00e0 m\u00eame de r\u00e9soudre le conflit en Syrie et de r\u00e9int\u00e9grer l\u2019Iran dans le jeu international.<\/i><\/p>\n<div align=\"justify\">\n<p><span style=\"font-size: 13px; line-height: 19px;\">En f\u00e9vrier 1972, Richard Nixon fit une visite\u00a0<\/span><i style=\"font-size: 13px; line-height: 19px;\">\u00ab\u00a0surprise\u00a0\u00bb<\/i><span style=\"font-size: 13px; line-height: 19px;\">\u00a0en Chine, reconnut le gouvernement communiste de Mao et ouvrit la porte aux relations plus ou moins pacifiques qui ont pr\u00e9valu depuis lors entre la Chine et les Etats-Unis. Bien que Nixon ait commenc\u00e9 sa carri\u00e8re politique lors des campagnes anticommunistes qui firent suite \u00e0 la\u00a0<\/span><i style=\"font-size: 13px; line-height: 19px;\">\u00ab\u00a0perte de la Chine\u00a0\u00bb<\/i><span style=\"font-size: 13px; line-height: 19px;\">\u00a0en 1949, il suivait l\u00e0 le G\u00e9n\u00e9ral De Gaulle, qui avait \u00e9tabli des relations diplomatiques avec la Chine huit ans plus t\u00f4t, en 1964, parce que, comme disait De Gaulle, il faut reconna\u00eetre\u00a0<\/span><i style=\"font-size: 13px; line-height: 19px;\">\u00ab\u00a0le monde tel qu\u2019il est\u00a0\u00bb<\/i><span style=\"font-size: 13px; line-height: 19px;\">\u00a0et parce que\u00a0<\/span><i style=\"font-size: 13px; line-height: 19px;\">\u00ab\u00a0avant d\u2019\u00eatre communiste, la Chine est la Chine\u00a0\u00bb.<\/i><\/p>\n<p align=\"justify\">Un an plus tard, Nixon et Kissinger ont sign\u00e9 les accords de Paris qui mirent officiellement fin \u00e0 la guerre am\u00e9ricaine au Vietnam. En 1963, une solution \u00e0 la crise des missiles de Cuba fut trouv\u00e9e par Kennedy et Khrouchtchev en acceptant, du c\u00f4t\u00e9 sovi\u00e9tique, le retrait des missiles de Cuba et, du c\u00f4t\u00e9 am\u00e9ricain, en promettant de ne pas attaquer Cuba et en retirant des missiles de Turquie.<\/p>\n<p align=\"justify\">Tous ces \u00e9v\u00e9nements chang\u00e8rent le cours de l\u2019histoire, firent reculer le risque de guerre globale et nous \u00e9loign\u00e8rent de confrontations sans fin. Il faut n\u00e9anmoins se souvenir que ni la Chine, ni l\u2019Union Sovi\u00e9tique, ni le Nord Vietnam n\u2019\u00e9taient d\u00e9mocratiques et, qu\u2019en fait, ils l\u2019\u00e9taient bien moins que l\u2019Iran aujourd\u2019hui. De Gaulle, Kennedy, Nixon et Kissinger n\u2019\u00e9taient pas amis du communisme et, de l\u2019autre c\u00f4t\u00e9, Khrouchtchev, Mao et les Vietnamiens n\u2019avaient aucune sympathie pour le capitalisme et l\u2019imp\u00e9rialisme occidental.<\/p>\n<p align=\"justify\">La paix ne se fait pas entre amis mais entre adversaires. Elle se fonde sur la reconnaissance de la r\u00e9alit\u00e9. Quand des pays ou des id\u00e9ologies sont en conflit, il n\u2019y a que deux solutions\u00a0: la destruction totale d\u2019un des c\u00f4t\u00e9s, comme Rome avec Carthage, ou la paix et les n\u00e9gociations. Comme l\u2019a montr\u00e9 l\u2019histoire, dans le cas de la Chine, de l\u2019Union Sovi\u00e9tique et du Vietnam, la paix a \u00e9t\u00e9 la condition qui a rendu possible l\u2019\u00e9volution interne de ces pays.<\/p>\n<p align=\"justify\">Au cours de ces derni\u00e8res d\u00e9cennies, au moins au Moyen-Orient, l\u2019Occident a oubli\u00e9 ce que la diplomatie voulait dire. Au contraire, il a choisi la ligne de\u00a0<i>\u00ab\u00a0destruction totale de l\u2019ennemi\u00a0\u00bb,<\/i>\u00a0qu\u2019il s\u2019agisse de Saddam Hussein en Irak, de Kadhafi en Libye, du r\u00e9gime d\u2019Assad en Syrie ou de la r\u00e9publique islamique d\u2019Iran. Cette ligne repose sur de l\u2019id\u00e9ologie\u00a0: un m\u00e9lange de fondamentalisme des droits de l\u2019homme et de soutien aveugle \u00e0 la\u00a0<i>\u00ab\u00a0seule d\u00e9mocratie dans la r\u00e9gion\u00a0\u00bb,<\/i>\u00a0Isra\u00ebl. Mais elle a \u00e9t\u00e9 un \u00e9chec total\u00a0: cette politique n\u2019a rien apport\u00e9 \u00e0 l\u2019Occident et n\u2019a caus\u00e9 que d\u2019immenses souffrances aux populations qu\u2019elle pr\u00e9tendait aider.<\/p>\n<p align=\"justify\">Il y a des indices que la situation est en train de changer. Les peuples am\u00e9ricains et britanniques, ainsi que leurs repr\u00e9sentants, ont rejet\u00e9 une nouvelle guerre avec la Syrie. La Russie, les Etats-Unis et la Syrie se sont mis d\u2019accord sur les armes chimiques syriennes. Le pr\u00e9sident Obama fait des pas en direction de n\u00e9gociations honn\u00eates avec l\u2019Iran.<\/p>\n<p align=\"justify\">Tous ces d\u00e9veloppements naissants doivent \u00eatre poursuivis avec \u00e9nergie. La seconde conf\u00e9rence de Gen\u00e8ve sur la Syrie doit inclure toutes les parties internes et externes au conflit. Ce n\u2019est que de cette mani\u00e8re qu\u2019une telle conf\u00e9rence pourrait devenir une \u00e9tape importante en vue de trouver une solution \u00e0 la trag\u00e9die de ce pays ravag\u00e9 par la guerre. Les sanctions injustes contre l\u2019Iran, comme cela avait \u00e9t\u00e9 le cas des sanctions contre l\u2019Irak, frappent s\u00e9v\u00e8rement des populations et doivent \u00eatre lev\u00e9es au plus t\u00f4t.<\/p>\n<p align=\"justify\">Le premier ministre isra\u00e9lien Netanyahou et ses partisans sont fermement oppos\u00e9s \u00e0 ces pas faits en direction de la paix. Mais ils doivent se rendre compte qu\u2019il y a des limites \u00e0 notre volont\u00e9 de\u00a0<i>\u00ab\u00a0prot\u00e9ger\u00a0\u00bb<\/i>\u00a0Isra\u00ebl si ce pays ne fait aucun effort pour vivre en paix avec ses voisins. Et on pourrait commencer \u00e0 poser des questions \u00e0 propos du plus gros \u00e9l\u00e9phant dans la pi\u00e8ce\u00a0: les armes de destruction massive isra\u00e9liennes. Pourquoi ce pays devrait-il \u00eatre le seul dans la r\u00e9gion \u00e0 en poss\u00e9der\u00a0? Si sa s\u00e9curit\u00e9 est sacro-sainte, qu\u2019en est-il de la s\u00e9curit\u00e9 des Palestiniens et des Libanais\u00a0? Et pourquoi les Etats-Unis, pris dans une grave crise financi\u00e8re, doivent-ils entretenir un pays qui ignore superbement toutes leurs demandes, par exemple d\u2019arr\u00eater les implantations dans les territoires occup\u00e9s\u00a0?<\/p>\n<p align=\"justify\">L\u2019Occident doit comprendre qu\u2019avant d\u2019\u00eatre baathiste ou islamiste, ou communiste dans le temps, les pays sont habit\u00e9s par des gens qui partagent notre humanit\u00e9 commune, avec le m\u00eame droit \u00e0 la vie, ind\u00e9pendamment de leur id\u00e9ologie. L\u2019Occident doit faire pr\u00e9valoir le r\u00e9alisme qui unit sur l\u2019id\u00e9ologie qui divise. C\u2019est seulement ainsi que nous r\u00e9aliserons nos v\u00e9ritables int\u00e9r\u00eats, qui pr\u00e9supposent des relations pacifiques entre syst\u00e8mes sociaux diff\u00e9rents et le respect mutuel pour la souverainet\u00e9 nationale.<\/p>\n<p align=\"justify\">Ultimement, nos int\u00e9r\u00eats bien compris co\u00efncident avec ceux du reste du genre humain.<\/p>\n<p align=\"justify\"><strong>Hans-Christof von Sponeck<\/strong>, Secr\u00e9taire g\u00e9n\u00e9ral adjoint de l\u2019ONU\u00a0; Coordinateur humanitaire des Nations Unies en Irak (1998-2000).<\/p>\n<p align=\"justify\"><strong>Denis J. Halliday<\/strong>, Secr\u00e9taire g\u00e9n\u00e9ral adjoint de l\u2019ONU (1994-1998).<\/p>\n<p align=\"justify\"><strong>Miguel d\u00b4Escoto Brockmann<\/strong>, Pr\u00e9sident de l\u2019Assembl\u00e9e g\u00e9n\u00e9rale des Nations-Unies, (2008-2009). Ministre des Affaires \u00e9trang\u00e8res du Nicaragua (1979-1990).<\/p>\n<p align=\"justify\"><strong>Mahdi Elmandjra<\/strong>, Sous-directeur g\u00e9n\u00e9ral de l\u2019UNESCO pour les sciences sociales, les sciences humaines et la culture (1966-1969)\u00a0; Sous-directeur g\u00e9n\u00e9ral de l\u2019UNESCO pour la prospective (1971-1976).<\/p>\n<p align=\"justify\"><strong>Sa\u00efd Zulficar<\/strong>, Fonctionnaire de l\u2019UNESCO (1967-1996). Directeur des Activit\u00e9s op\u00e9rationnelles, Division du Patrimoine Culturel (1992-1996).<\/p>\n<p align=\"justify\"><strong>Samir Radwan<\/strong>, Fonctionnaire OIT (1979-2003). Conseiller du Directeur g\u00e9n\u00e9ral de l\u2019OIT sur les politiques de d\u00e9veloppement (2001-2003). Ministre \u00e9gyptien des Finances, janvier-juillet 2011.<\/p>\n<p align=\"justify\"><strong>Jos\u00e9 L. G\u00f3mez del Prado<\/strong>, Ancien Fonctionnaire du Haut Commissariat aux droits de l\u2019homme des Nations Unies, Membre du Groupe de travail des Nations Unies sur l\u2019utilisation des mercenaires (2005-2011).<\/p>\n<\/div>\n<div>Source\u00a0:\u00a0<a href=\"http:\/\/www.silviacattori.net\/article4962.html\">http:\/\/www.silviacattori.net\/article4962.html<\/a><\/div>\n<div>Source originelle :\u00a0<a href=\"http:\/\/blogs.mediapart.fr\/edition\/les-invites-de-mediapart\/article\/151013\/negociations-sur-le-nucleaire-iranien-geneve-un-moment-crucial-pour-la-paix\">blogs.mediapart.fr<\/a><\/div>\n","protected":false},"excerpt":{"rendered":"<p>Sept anciens ministres, diplomates et hauts fonctionnaires de l\u2019ONU et d\u2019institutions internationales saluent la reprise, ce 15 octobre, des n\u00e9gociations sur le nucl\u00e9aire iranien. Dans une tribune adress\u00e9e \u00e0 Mediapart, ils plaident pour une nouvelle diplomatie de l\u2019Occident, seule \u00e0&hellip;<\/p>\n","protected":false},"author":821,"featured_media":73145,"comment_status":"closed","ping_status":"open","sticky":false,"template":"","format":"standard","meta":{"footnotes":""},"categories":[151,163,1250,90],"tags":[7251,7249,7250],"class_list":["post-73141","post","type-post","status-publish","format-standard","has-post-thumbnail","hentry","category-communique-de-presse","category-opinion-fr","category-paix-desarmement","category-moyen-orient","tag-geneve","tag-negociations","tag-nucleaire-iranien"],"yoast_head":"<!-- This site is optimized with the Yoast SEO plugin v27.1.1 - https:\/\/yoast.com\/product\/yoast-seo-wordpress\/ -->\n<title>N\u00e9gociations sur le nucl\u00e9aire iranien \u00e0 Gen\u00e8ve : un moment crucial pour la paix du monde<\/title>\n<meta name=\"description\" content=\"Sept anciens ministres, diplomates et hauts fonctionnaires de l\u2019ONU et d\u2019institutions internationales saluent la reprise, ce 15 octobre, des n\u00e9gociations\" \/>\n<meta name=\"robots\" content=\"index, follow, max-snippet:-1, max-image-preview:large, max-video-preview:-1\" \/>\n<link rel=\"canonical\" href=\"https:\/\/www.pressenza.com\/fr\/2013\/10\/negociations-nucleaire-iranien-geneve-moment-crucial-paix-du-monde\/\" \/>\n<meta property=\"og:locale\" content=\"fr_FR\" \/>\n<meta property=\"og:type\" content=\"article\" \/>\n<meta property=\"og:title\" content=\"N\u00e9gociations sur le nucl\u00e9aire iranien \u00e0 Gen\u00e8ve : un moment crucial pour la paix du monde\" \/>\n<meta property=\"og:description\" content=\"Sept anciens ministres, diplomates et hauts fonctionnaires de l\u2019ONU et d\u2019institutions internationales saluent la reprise, ce 15 octobre, des n\u00e9gociations\" \/>\n<meta property=\"og:url\" content=\"https:\/\/www.pressenza.com\/fr\/2013\/10\/negociations-nucleaire-iranien-geneve-moment-crucial-paix-du-monde\/\" \/>\n<meta property=\"og:site_name\" content=\"Pressenza\" \/>\n<meta property=\"article:publisher\" content=\"https:\/\/www.facebook.com\/PressenzaItalia\" \/>\n<meta property=\"article:published_time\" content=\"2013-10-17T01:06:40+00:00\" \/>\n<meta property=\"article:modified_time\" content=\"2013-10-17T01:16:09+00:00\" \/>\n<meta property=\"og:image\" content=\"https:\/\/www.pressenza.com\/wp-content\/uploads\/2013\/10\/Iran_orthographic_projection.svg_.png\" \/>\n\t<meta property=\"og:image:width\" content=\"553\" \/>\n\t<meta property=\"og:image:height\" content=\"553\" \/>\n\t<meta property=\"og:image:type\" content=\"image\/png\" \/>\n<meta name=\"author\" content=\"Silvia Cattori\" \/>\n<meta name=\"twitter:card\" content=\"summary_large_image\" \/>\n<meta name=\"twitter:creator\" content=\"@PressenzaIPA\" \/>\n<meta name=\"twitter:site\" content=\"@PressenzaIPA\" \/>\n<meta name=\"twitter:label1\" content=\"\u00c9crit par\" \/>\n\t<meta name=\"twitter:data1\" content=\"Silvia Cattori\" \/>\n\t<meta name=\"twitter:label2\" content=\"Dur\u00e9e de lecture estim\u00e9e\" \/>\n\t<meta name=\"twitter:data2\" content=\"6 minutes\" \/>\n<script type=\"application\/ld+json\" class=\"yoast-schema-graph\">{\"@context\":\"https:\/\/schema.org\",\"@graph\":[{\"@type\":\"Article\",\"@id\":\"https:\/\/www.pressenza.com\/fr\/2013\/10\/negociations-nucleaire-iranien-geneve-moment-crucial-paix-du-monde\/#article\",\"isPartOf\":{\"@id\":\"https:\/\/www.pressenza.com\/fr\/2013\/10\/negociations-nucleaire-iranien-geneve-moment-crucial-paix-du-monde\/\"},\"author\":{\"name\":\"Silvia Cattori\",\"@id\":\"https:\/\/www.pressenza.com\/fr\/#\/schema\/person\/f6ba45ee222ee73716a886a03cec9c90\"},\"headline\":\"N\u00e9gociations sur le nucl\u00e9aire iranien \u00e0 Gen\u00e8ve : un moment crucial pour la paix du monde\",\"datePublished\":\"2013-10-17T01:06:40+00:00\",\"dateModified\":\"2013-10-17T01:16:09+00:00\",\"mainEntityOfPage\":{\"@id\":\"https:\/\/www.pressenza.com\/fr\/2013\/10\/negociations-nucleaire-iranien-geneve-moment-crucial-paix-du-monde\/\"},\"wordCount\":1174,\"publisher\":{\"@id\":\"https:\/\/www.pressenza.com\/fr\/#organization\"},\"image\":{\"@id\":\"https:\/\/www.pressenza.com\/fr\/2013\/10\/negociations-nucleaire-iranien-geneve-moment-crucial-paix-du-monde\/#primaryimage\"},\"thumbnailUrl\":\"https:\/\/www.pressenza.com\/wp-content\/uploads\/2013\/10\/Iran_orthographic_projection.svg_.png\",\"keywords\":[\"Gen\u00e8ve\",\"N\u00e9gociations\",\"nucl\u00e9aire iranien\"],\"articleSection\":[\"Communiqu\u00e9s de Presse\",\"Opinion\",\"Paix et D\u00e9sarmement\",\"Proche et Moyen-Orient\"],\"inLanguage\":\"fr-FR\"},{\"@type\":\"WebPage\",\"@id\":\"https:\/\/www.pressenza.com\/fr\/2013\/10\/negociations-nucleaire-iranien-geneve-moment-crucial-paix-du-monde\/\",\"url\":\"https:\/\/www.pressenza.com\/fr\/2013\/10\/negociations-nucleaire-iranien-geneve-moment-crucial-paix-du-monde\/\",\"name\":\"N\u00e9gociations sur le nucl\u00e9aire iranien \u00e0 Gen\u00e8ve : un moment crucial pour la paix du monde\",\"isPartOf\":{\"@id\":\"https:\/\/www.pressenza.com\/fr\/#website\"},\"primaryImageOfPage\":{\"@id\":\"https:\/\/www.pressenza.com\/fr\/2013\/10\/negociations-nucleaire-iranien-geneve-moment-crucial-paix-du-monde\/#primaryimage\"},\"image\":{\"@id\":\"https:\/\/www.pressenza.com\/fr\/2013\/10\/negociations-nucleaire-iranien-geneve-moment-crucial-paix-du-monde\/#primaryimage\"},\"thumbnailUrl\":\"https:\/\/www.pressenza.com\/wp-content\/uploads\/2013\/10\/Iran_orthographic_projection.svg_.png\",\"datePublished\":\"2013-10-17T01:06:40+00:00\",\"dateModified\":\"2013-10-17T01:16:09+00:00\",\"description\":\"Sept anciens ministres, diplomates et hauts fonctionnaires de l\u2019ONU et d\u2019institutions internationales saluent la reprise, ce 15 octobre, des n\u00e9gociations\",\"breadcrumb\":{\"@id\":\"https:\/\/www.pressenza.com\/fr\/2013\/10\/negociations-nucleaire-iranien-geneve-moment-crucial-paix-du-monde\/#breadcrumb\"},\"inLanguage\":\"fr-FR\",\"potentialAction\":[{\"@type\":\"ReadAction\",\"target\":[\"https:\/\/www.pressenza.com\/fr\/2013\/10\/negociations-nucleaire-iranien-geneve-moment-crucial-paix-du-monde\/\"]}]},{\"@type\":\"ImageObject\",\"inLanguage\":\"fr-FR\",\"@id\":\"https:\/\/www.pressenza.com\/fr\/2013\/10\/negociations-nucleaire-iranien-geneve-moment-crucial-paix-du-monde\/#primaryimage\",\"url\":\"https:\/\/www.pressenza.com\/wp-content\/uploads\/2013\/10\/Iran_orthographic_projection.svg_.png\",\"contentUrl\":\"https:\/\/www.pressenza.com\/wp-content\/uploads\/2013\/10\/Iran_orthographic_projection.svg_.png\",\"width\":553,\"height\":553},{\"@type\":\"BreadcrumbList\",\"@id\":\"https:\/\/www.pressenza.com\/fr\/2013\/10\/negociations-nucleaire-iranien-geneve-moment-crucial-paix-du-monde\/#breadcrumb\",\"itemListElement\":[{\"@type\":\"ListItem\",\"position\":1,\"name\":\"Accueil\",\"item\":\"https:\/\/www.pressenza.com\/fr\/\"},{\"@type\":\"ListItem\",\"position\":2,\"name\":\"N\u00e9gociations sur le nucl\u00e9aire iranien \u00e0 Gen\u00e8ve : un moment crucial pour la paix du monde\"}]},{\"@type\":\"WebSite\",\"@id\":\"https:\/\/www.pressenza.com\/fr\/#website\",\"url\":\"https:\/\/www.pressenza.com\/fr\/\",\"name\":\"Pressenza\",\"description\":\"International Press Agency\",\"publisher\":{\"@id\":\"https:\/\/www.pressenza.com\/fr\/#organization\"},\"potentialAction\":[{\"@type\":\"SearchAction\",\"target\":{\"@type\":\"EntryPoint\",\"urlTemplate\":\"https:\/\/www.pressenza.com\/fr\/?s={search_term_string}\"},\"query-input\":{\"@type\":\"PropertyValueSpecification\",\"valueRequired\":true,\"valueName\":\"search_term_string\"}}],\"inLanguage\":\"fr-FR\"},{\"@type\":\"Organization\",\"@id\":\"https:\/\/www.pressenza.com\/fr\/#organization\",\"name\":\"Pressenza\",\"url\":\"https:\/\/www.pressenza.com\/fr\/\",\"logo\":{\"@type\":\"ImageObject\",\"inLanguage\":\"fr-FR\",\"@id\":\"https:\/\/www.pressenza.com\/fr\/#\/schema\/logo\/image\/\",\"url\":\"https:\/\/www.pressenza.com\/wp-content\/uploads\/2022\/10\/pressenza_logo_200x200.jpg\",\"contentUrl\":\"https:\/\/www.pressenza.com\/wp-content\/uploads\/2022\/10\/pressenza_logo_200x200.jpg\",\"width\":200,\"height\":200,\"caption\":\"Pressenza\"},\"image\":{\"@id\":\"https:\/\/www.pressenza.com\/fr\/#\/schema\/logo\/image\/\"},\"sameAs\":[\"https:\/\/www.facebook.com\/PressenzaItalia\",\"https:\/\/x.com\/PressenzaIPA\"]},{\"@type\":\"Person\",\"@id\":\"https:\/\/www.pressenza.com\/fr\/#\/schema\/person\/f6ba45ee222ee73716a886a03cec9c90\",\"name\":\"Silvia Cattori\",\"description\":\"www.silviacattori.net\/\",\"url\":\"https:\/\/www.pressenza.com\/fr\/author\/silvia-cattori\/\"}]}<\/script>\n<!-- \/ Yoast SEO plugin. -->","yoast_head_json":{"title":"N\u00e9gociations sur le nucl\u00e9aire iranien \u00e0 Gen\u00e8ve : un moment crucial pour la paix du monde","description":"Sept anciens ministres, diplomates et hauts fonctionnaires de l\u2019ONU et d\u2019institutions internationales saluent la reprise, ce 15 octobre, des n\u00e9gociations","robots":{"index":"index","follow":"follow","max-snippet":"max-snippet:-1","max-image-preview":"max-image-preview:large","max-video-preview":"max-video-preview:-1"},"canonical":"https:\/\/www.pressenza.com\/fr\/2013\/10\/negociations-nucleaire-iranien-geneve-moment-crucial-paix-du-monde\/","og_locale":"fr_FR","og_type":"article","og_title":"N\u00e9gociations sur le nucl\u00e9aire iranien \u00e0 Gen\u00e8ve : un moment crucial pour la paix du monde","og_description":"Sept anciens ministres, diplomates et hauts fonctionnaires de l\u2019ONU et d\u2019institutions internationales saluent la reprise, ce 15 octobre, des n\u00e9gociations","og_url":"https:\/\/www.pressenza.com\/fr\/2013\/10\/negociations-nucleaire-iranien-geneve-moment-crucial-paix-du-monde\/","og_site_name":"Pressenza","article_publisher":"https:\/\/www.facebook.com\/PressenzaItalia","article_published_time":"2013-10-17T01:06:40+00:00","article_modified_time":"2013-10-17T01:16:09+00:00","og_image":[{"width":553,"height":553,"url":"https:\/\/www.pressenza.com\/wp-content\/uploads\/2013\/10\/Iran_orthographic_projection.svg_.png","type":"image\/png"}],"author":"Silvia Cattori","twitter_card":"summary_large_image","twitter_creator":"@PressenzaIPA","twitter_site":"@PressenzaIPA","twitter_misc":{"\u00c9crit par":"Silvia Cattori","Dur\u00e9e de lecture estim\u00e9e":"6 minutes"},"schema":{"@context":"https:\/\/schema.org","@graph":[{"@type":"Article","@id":"https:\/\/www.pressenza.com\/fr\/2013\/10\/negociations-nucleaire-iranien-geneve-moment-crucial-paix-du-monde\/#article","isPartOf":{"@id":"https:\/\/www.pressenza.com\/fr\/2013\/10\/negociations-nucleaire-iranien-geneve-moment-crucial-paix-du-monde\/"},"author":{"name":"Silvia Cattori","@id":"https:\/\/www.pressenza.com\/fr\/#\/schema\/person\/f6ba45ee222ee73716a886a03cec9c90"},"headline":"N\u00e9gociations sur le nucl\u00e9aire iranien \u00e0 Gen\u00e8ve : un moment crucial pour la paix du monde","datePublished":"2013-10-17T01:06:40+00:00","dateModified":"2013-10-17T01:16:09+00:00","mainEntityOfPage":{"@id":"https:\/\/www.pressenza.com\/fr\/2013\/10\/negociations-nucleaire-iranien-geneve-moment-crucial-paix-du-monde\/"},"wordCount":1174,"publisher":{"@id":"https:\/\/www.pressenza.com\/fr\/#organization"},"image":{"@id":"https:\/\/www.pressenza.com\/fr\/2013\/10\/negociations-nucleaire-iranien-geneve-moment-crucial-paix-du-monde\/#primaryimage"},"thumbnailUrl":"https:\/\/www.pressenza.com\/wp-content\/uploads\/2013\/10\/Iran_orthographic_projection.svg_.png","keywords":["Gen\u00e8ve","N\u00e9gociations","nucl\u00e9aire iranien"],"articleSection":["Communiqu\u00e9s de Presse","Opinion","Paix et D\u00e9sarmement","Proche et Moyen-Orient"],"inLanguage":"fr-FR"},{"@type":"WebPage","@id":"https:\/\/www.pressenza.com\/fr\/2013\/10\/negociations-nucleaire-iranien-geneve-moment-crucial-paix-du-monde\/","url":"https:\/\/www.pressenza.com\/fr\/2013\/10\/negociations-nucleaire-iranien-geneve-moment-crucial-paix-du-monde\/","name":"N\u00e9gociations sur le nucl\u00e9aire iranien \u00e0 Gen\u00e8ve : un moment crucial pour la paix du monde","isPartOf":{"@id":"https:\/\/www.pressenza.com\/fr\/#website"},"primaryImageOfPage":{"@id":"https:\/\/www.pressenza.com\/fr\/2013\/10\/negociations-nucleaire-iranien-geneve-moment-crucial-paix-du-monde\/#primaryimage"},"image":{"@id":"https:\/\/www.pressenza.com\/fr\/2013\/10\/negociations-nucleaire-iranien-geneve-moment-crucial-paix-du-monde\/#primaryimage"},"thumbnailUrl":"https:\/\/www.pressenza.com\/wp-content\/uploads\/2013\/10\/Iran_orthographic_projection.svg_.png","datePublished":"2013-10-17T01:06:40+00:00","dateModified":"2013-10-17T01:16:09+00:00","description":"Sept anciens ministres, diplomates et hauts fonctionnaires de l\u2019ONU et d\u2019institutions internationales saluent la reprise, ce 15 octobre, des n\u00e9gociations","breadcrumb":{"@id":"https:\/\/www.pressenza.com\/fr\/2013\/10\/negociations-nucleaire-iranien-geneve-moment-crucial-paix-du-monde\/#breadcrumb"},"inLanguage":"fr-FR","potentialAction":[{"@type":"ReadAction","target":["https:\/\/www.pressenza.com\/fr\/2013\/10\/negociations-nucleaire-iranien-geneve-moment-crucial-paix-du-monde\/"]}]},{"@type":"ImageObject","inLanguage":"fr-FR","@id":"https:\/\/www.pressenza.com\/fr\/2013\/10\/negociations-nucleaire-iranien-geneve-moment-crucial-paix-du-monde\/#primaryimage","url":"https:\/\/www.pressenza.com\/wp-content\/uploads\/2013\/10\/Iran_orthographic_projection.svg_.png","contentUrl":"https:\/\/www.pressenza.com\/wp-content\/uploads\/2013\/10\/Iran_orthographic_projection.svg_.png","width":553,"height":553},{"@type":"BreadcrumbList","@id":"https:\/\/www.pressenza.com\/fr\/2013\/10\/negociations-nucleaire-iranien-geneve-moment-crucial-paix-du-monde\/#breadcrumb","itemListElement":[{"@type":"ListItem","position":1,"name":"Accueil","item":"https:\/\/www.pressenza.com\/fr\/"},{"@type":"ListItem","position":2,"name":"N\u00e9gociations sur le nucl\u00e9aire iranien \u00e0 Gen\u00e8ve : un moment crucial pour la paix du monde"}]},{"@type":"WebSite","@id":"https:\/\/www.pressenza.com\/fr\/#website","url":"https:\/\/www.pressenza.com\/fr\/","name":"Pressenza","description":"International Press Agency","publisher":{"@id":"https:\/\/www.pressenza.com\/fr\/#organization"},"potentialAction":[{"@type":"SearchAction","target":{"@type":"EntryPoint","urlTemplate":"https:\/\/www.pressenza.com\/fr\/?s={search_term_string}"},"query-input":{"@type":"PropertyValueSpecification","valueRequired":true,"valueName":"search_term_string"}}],"inLanguage":"fr-FR"},{"@type":"Organization","@id":"https:\/\/www.pressenza.com\/fr\/#organization","name":"Pressenza","url":"https:\/\/www.pressenza.com\/fr\/","logo":{"@type":"ImageObject","inLanguage":"fr-FR","@id":"https:\/\/www.pressenza.com\/fr\/#\/schema\/logo\/image\/","url":"https:\/\/www.pressenza.com\/wp-content\/uploads\/2022\/10\/pressenza_logo_200x200.jpg","contentUrl":"https:\/\/www.pressenza.com\/wp-content\/uploads\/2022\/10\/pressenza_logo_200x200.jpg","width":200,"height":200,"caption":"Pressenza"},"image":{"@id":"https:\/\/www.pressenza.com\/fr\/#\/schema\/logo\/image\/"},"sameAs":["https:\/\/www.facebook.com\/PressenzaItalia","https:\/\/x.com\/PressenzaIPA"]},{"@type":"Person","@id":"https:\/\/www.pressenza.com\/fr\/#\/schema\/person\/f6ba45ee222ee73716a886a03cec9c90","name":"Silvia Cattori","description":"www.silviacattori.net\/","url":"https:\/\/www.pressenza.com\/fr\/author\/silvia-cattori\/"}]}},"place":"","original_article_url":"","_links":{"self":[{"href":"https:\/\/www.pressenza.com\/fr\/wp-json\/wp\/v2\/posts\/73141","targetHints":{"allow":["GET"]}}],"collection":[{"href":"https:\/\/www.pressenza.com\/fr\/wp-json\/wp\/v2\/posts"}],"about":[{"href":"https:\/\/www.pressenza.com\/fr\/wp-json\/wp\/v2\/types\/post"}],"author":[{"embeddable":true,"href":"https:\/\/www.pressenza.com\/fr\/wp-json\/wp\/v2\/users\/821"}],"replies":[{"embeddable":true,"href":"https:\/\/www.pressenza.com\/fr\/wp-json\/wp\/v2\/comments?post=73141"}],"version-history":[{"count":0,"href":"https:\/\/www.pressenza.com\/fr\/wp-json\/wp\/v2\/posts\/73141\/revisions"}],"wp:featuredmedia":[{"embeddable":true,"href":"https:\/\/www.pressenza.com\/fr\/wp-json\/wp\/v2\/media\/73145"}],"wp:attachment":[{"href":"https:\/\/www.pressenza.com\/fr\/wp-json\/wp\/v2\/media?parent=73141"}],"wp:term":[{"taxonomy":"category","embeddable":true,"href":"https:\/\/www.pressenza.com\/fr\/wp-json\/wp\/v2\/categories?post=73141"},{"taxonomy":"post_tag","embeddable":true,"href":"https:\/\/www.pressenza.com\/fr\/wp-json\/wp\/v2\/tags?post=73141"}],"curies":[{"name":"wp","href":"https:\/\/api.w.org\/{rel}","templated":true}]}}