{"id":729015,"date":"2018-10-02T05:54:20","date_gmt":"2018-10-02T04:54:20","guid":{"rendered":"https:\/\/www.pressenza.com\/?p=729015"},"modified":"2018-10-02T06:12:50","modified_gmt":"2018-10-02T05:12:50","slug":"evenement-historique-des-femmes-contre-le-fascisme-au-bresil","status":"publish","type":"post","link":"https:\/\/www.pressenza.com\/fr\/2018\/10\/evenement-historique-des-femmes-contre-le-fascisme-au-bresil\/","title":{"rendered":"\u00c9v\u00e9nement historique des femmes contre le fascisme au Br\u00e9sil"},"content":{"rendered":"<p>Des mobilisations pour rejeter le candidat d&rsquo;extr\u00eame droite Jair Bolsonaro ont eu lieu ce 29 septembre dans pr\u00e8s de 200 villes br\u00e9siliennes. Le slogan des actes et des marches promus et r\u00e9alis\u00e9s fondamentalement par les femmes \u00e9tait univoque : #EleN\u00e3o ! [N.d.T. Pas lui]<\/p>\n<p>Dans tous les coins du Br\u00e9sil, dans les grandes villes mais aussi dans les petites villes et m\u00eame dans les villes \u00e9loign\u00e9es des grands centres urbains, des centaines de milliers de personnes ont manifest\u00e9 fermement contre le programme raciste, misogyne, homophobe et antipopulaire du d\u00e9put\u00e9 et ancien capitaine d&rsquo;arm\u00e9e.<\/p>\n<p>Le rejet retentissant du discours haineux et de la militarisation du pays a \u00e9t\u00e9 entendu haut et fort. Dans le m\u00eame temps, les \u00e9normes masses mobilis\u00e9es ont exprim\u00e9 leur d\u00e9nonciation d&rsquo;un programme \u00e9conomique qui consoliderait les pr\u00e9misses du coup d&rsquo;Etat qui : a gel\u00e9 les investissements dans la sant\u00e9, l&rsquo;\u00e9ducation et l&rsquo;assistance sociale ; a proc\u00e9d\u00e9 \u00e0 une r\u00e9forme n\u00e9olib\u00e9rale du travail et se pr\u00e9pare \u00e0 imposer une r\u00e9forme des pensions qui r\u00e9duit les droits lors du d\u00e9part \u00e0 la retraite.<\/p>\n<p>Consciente du danger auquel elle est confront\u00e9e, la soci\u00e9t\u00e9 a \u00e9t\u00e9 activ\u00e9e dans la cl\u00e9 de la sensibilit\u00e9 f\u00e9minine, comprenant qu&rsquo;un triomphe du fascisme repr\u00e9senterait la fin de la d\u00e9mocratie dans le pays et le retour \u00e0 une p\u00e9riode de tutelle militaire violente.<\/p>\n<p>A seulement huit jours d&rsquo;une \u00e9lection capitale, ce geste nettement nonviolent semble influencer de mani\u00e8re d\u00e9cisive le r\u00e9sultat du premier tour, affaiblissant la possibilit\u00e9 d&rsquo;une victoire du fondamentalisme et ouvrant la voie \u00e0 la perspective d&rsquo;un retour des forces d\u00e9mocratiques au pouvoir.<\/p>\n<p>Le Manifeste du collectif Femmes Unies contre Bolsonaro et les images parlent d&rsquo;elles-m\u00eames.<\/p>\n<p><strong><em><a href=\"https:\/\/www.facebook.com\/photo.php?fbid=10160824984480103&amp;set=a.316886860102&amp;type=3&amp;theater\">\u00ab\u00a0Manifeste des Femmes Unies contre Bolsonaro\u00a0\u00bb<\/a><\/em><\/strong><\/p>\n<p>Pour l&rsquo;\u00e9galit\u00e9, la libert\u00e9, le droit \u00e0 une vie sans violence !<\/p>\n<p><strong>Qui sommes-nous ?<\/strong><\/p>\n<p><em>Nous sommes des femmes, des millions et diverses. Nous sommes br\u00e9siliennes et immigrantes. Jeunes et aux cheveux blanches.\u00a0Noires, blanches, indig\u00e8nes.\u00a0Trans et travestis.\u00a0Nous sommes des LGBT, nous aimons les hommes, les femmes ou les deux. Mari\u00e9es et c\u00e9libataires. M\u00e8res, filles, grand-m\u00e8res. Nous sommes des travailleuses, des femmes au foyer, des \u00e9tudiantes, des artistes, des fonctionnaires, des femmes de petite entreprise, des vendeuses de rue, des sans-abri, des sans-terre. Employ\u00e9es et ch\u00f4meuses.\u00a0Femmes de religions diff\u00e9rentes et sans religion.<\/em><\/p>\n<p>Nous sommes, aujourd&rsquo;hui, ensemble et la t\u00eate haute dans les rues de tout le Br\u00e9sil parce qu&rsquo;un candidat \u00e0 la pr\u00e9sidence du pays, avec un discours bas\u00e9 sur la haine, l&rsquo;intol\u00e9rance, l&rsquo;autoritarisme et un regard arri\u00e9r\u00e9, menace nos conqu\u00eates et notre existence d\u00e9j\u00e0 difficile.\u00a0Nous sommes dans la rue parce que son programme politico-\u00e9conomique est une r\u00e9gression, une reproduction aggrav\u00e9e des terribles politiques de Temer.<\/p>\n<p>S<span class=\"_5afx\"><span class=\"_58cm\">\u00e3o<\/span><\/span> Paulo, Largo da Batata<\/p>\n<p>https:\/\/www.facebook.com\/MidiaNINJA\/videos\/2096939070556392\/?t=0<\/p>\n<p>&nbsp;<\/p>\n<p><strong>Qui est Jair Bolsonaro ?<\/strong><\/p>\n<p>Jair Bolsonaro, actuellement du PSL, d\u00e9put\u00e9 f\u00e9d\u00e9ral depuis 27 ans, \u00e9tait d\u00e9j\u00e0 affili\u00e9 \u00e0 9 partis et n&rsquo;avait que deux projets de loi approuv\u00e9s dans toute sa vie politique.\u00a0 Il se pr\u00e9sente comme quelque chose de \u00ab\u00a0nouveau\u00a0\u00bb mais, en v\u00e9rit\u00e9, il est un autre \u00ab\u00a0politicien de carri\u00e8re\u00a0\u00bb qui a travaill\u00e9 pour que ses enfants soient \u00e9lus et jouit de privil\u00e8ges, comme celui de b\u00e9n\u00e9ficier l&rsquo;aide immorale au logement, tandis que des milliers de familles se retrouvent sans abri et luttent pour un endroit digne pour vivre.<\/p>\n<p>R\u00edo de Janeiro, Cinel\u00e2ndia<\/p>\n<p>https:\/\/www.facebook.com\/MidiaNINJA\/videos\/243897226292812\/?t=0<\/p>\n<p>&nbsp;<\/p>\n<p><em><strong>Pourquoi sommes-nous contre Bolsonaro ?<\/strong><\/em><\/p>\n<p><em>1. Jair Bolsonaro m\u00e9prise les noirs, les indig\u00e8nes, les homosexuels et tous ceux qui luttent pour les droits des femmes. Consid\u00e9rez les quilombolas [N.d.T. Descendants des habitants des anciens quilombos, communaut\u00e9s des anciens esclaves en fuite avant l\u2019abolition de l\u2019esclavage au Br\u00e9sil] \u00ab\u00a0vagabonds\u00a0\u00bb. Il fait l&rsquo;apologie de la culture du viol. Il dit que la naissance de la fille de sa seule femme \u00e9tait une \u00ab\u00a0faiblesse\u00a0\u00bb. Il insiste sur le fait qu&rsquo;il n&rsquo;y a rien \u00e0 faire pour r\u00e9duire l&rsquo;\u00e9cart de r\u00e9mun\u00e9ration entre les hommes et les femmes. Pour lui, frapper les enfants les emp\u00eache de \u00ab\u00a0devenir\u00a0\u00bb homosexuels. Son vice-pr\u00e9sident dans la formule, le g\u00e9n\u00e9ral Mour\u00e3o, a d\u00e9clar\u00e9 que les familles \u00e9lev\u00e9es par les m\u00e8res et les grands-m\u00e8res sont des usines inadapt\u00e9es ;<\/em><\/p>\n<p><em>2. Il a vot\u00e9 en faveur du gel des d\u00e9penses de sant\u00e9, d&rsquo;\u00e9ducation et d&rsquo;assistance sociale pendant 20 ans. Il promet d&rsquo;augmenter les imp\u00f4ts des pauvres et de les r\u00e9duire aux riches. Il a d\u00e9j\u00e0 annonc\u00e9 une vague de privatisations, en vendant des entreprises publiques et tout le patrimoin<\/em>e <em>du peuple br\u00e9silien. Il est l&rsquo;un des auteurs du projet de loi qui d\u00e9fend le fait que le SUS [N.d.T. Service public de sant\u00e9] n&rsquo;a pas l&rsquo;obligation de s&rsquo;occuper des femmes victimes d&rsquo;abus sexuels. Il soutient le projet \u00ab\u00a0Ecole sans Parti\u00a0\u00bb, qui met fin \u00e0 la libert\u00e9 p\u00e9dagogique et au d\u00e9veloppement de la pens\u00e9e critique par rapport \u00e0 la soci\u00e9t\u00e9 chaotique dans laquelle nous vivons.<\/em><\/p>\n<p>Belo Horizonte<\/p>\n<p>https:\/\/www.facebook.com\/MidiaNINJA\/videos\/1992306360834324\/?t=0<\/p>\n<p><em>3. Il a vot\u00e9 en faveur de la r\u00e9forme du travail et de la loi sur l&rsquo;externalisation, responsable de permettre aux femmes enceintes d&rsquo;effectuer un travail insalubre, du ch\u00f4mage accru et du travail informel, notamment parmi les femmes noires. Il a d\u00e9j\u00e0 dit que \u00ab\u00a0les travailleurs doivent choisir entre avoir des droits et avoir un emploi. Il a \u00e9t\u00e9 le seul d\u00e9put\u00e9 \u00e0 voter contre le PEC pour les travailleurs domestiques, qui garantissait aux employ\u00e9es de maison des droits fondamentaux tels que le paiement des heures suppl\u00e9mentaires et le recouvrement des imp\u00f4ts et taxes. Il s&rsquo;est d\u00e9j\u00e0 engag\u00e9 \u00e0 approuver la r\u00e9forme des retraites, qui augmente l&rsquo;\u00e2ge de la retraite et \u00e9galise l&rsquo;\u00e2ge entre les femmes et les hommes ;<\/em><\/p>\n<p><em>4. Il d\u00e9fend l&rsquo;approfondissement d&rsquo;un projet de s\u00e9curit\u00e9 rat\u00e9, qui traite la violence avec plus de violence et de militarisation. Ce projet est mis en \u0153uvre depuis de nombreuses ann\u00e9es au Br\u00e9sil, notamment \u00e0 Rio de Janeiro, une ville o\u00f9 meurent <\/em><br \/>\n<em>les plus de civils et de policiers dans des affrontements et o\u00f9 Marielle Franco et Anderson ont \u00e9t\u00e9 ex\u00e9cut\u00e9es il y a plus de six mois, un crime qui n&rsquo;a toujours pas de r\u00e9ponses. Il d\u00e9fend la lib\u00e9ration du port d&rsquo;armes, sur le mod\u00e8le des \u00c9tats-Unis, un pays qui a les taux d&rsquo;homicides et de suicides les plus \u00e9lev\u00e9s, surtout chez les jeunes ;<\/em><\/p>\n<p>Bras\u00edlia<\/p>\n<p>https:\/\/www.facebook.com\/MidiaNINJA\/videos\/182323266001374\/?t=0<\/p>\n<p><em>5. Son candidat \u00e0 Vice-Pr\u00e9sident, un G\u00e9n\u00e9ral qui d\u00e9fend la prise du pouvoir par les Forces arm\u00e9es et l&rsquo;\u00e9laboration d&rsquo;une nouvelle Constitution sans participation populaire. C&rsquo;est une formule qui met ouvertement la d\u00e9mocratie en danger !<\/em><\/p>\n<p><em>Jair Bolsonaro est un d\u00e9fenseur de la dictature militaire, affirmant que l&rsquo;erreur des militaires a \u00e9t\u00e9 de torturer plut\u00f4t que de tuer et ne cache pas son admiration pour le plus c\u00e9l\u00e8bre tortionnaire du r\u00e9gime militaire de 1964, le g\u00e9n\u00e9ral Ustra.<\/em><\/p>\n<p><em>Nous ne voulons pas de dictature ou de fascisme ni de l&rsquo;extension du massacre policier-militaire dans les rues, responsable du g\u00e9nocide de la jeunesse noire. Nous voulons la libert\u00e9, l&rsquo;\u00e9galit\u00e9, la justice sociale et les droits ! Bolsonaro est tout ce dont le Br\u00e9sil n&rsquo;a pas besoin pour surmonter la crise et aller de l&rsquo;avant.<\/em><\/p>\n<div class=\"post-gallery\">\n\t\t\t<figure class=\"post-gallery-item\">\n\t\t\t\t<img decoding=\"async\" src=\"https:\/\/www.pressenza.com\/wp-content\/uploads\/2018\/09\/san-luis-720x540.jpg\" loading=\"lazy\">\n\t\t\t\t<figcaption>\n\t\t\t\t\tSao Luis de Maranhao\n\t\t\t\t<\/figcaption>\n\t\t\t<\/figure>\n\t\t\t<figure class=\"post-gallery-item\">\n\t\t\t\t<img decoding=\"async\" src=\"https:\/\/www.pressenza.com\/wp-content\/uploads\/2018\/09\/caruaru-720x480.jpg\" loading=\"lazy\">\n\t\t\t\t<figcaption>\n\t\t\t\t\tCaruar\u00fa (PE)\n\t\t\t\t<\/figcaption>\n\t\t\t<\/figure>\n\t\t\t<figure class=\"post-gallery-item\">\n\t\t\t\t<img decoding=\"async\" src=\"https:\/\/www.pressenza.com\/wp-content\/uploads\/2018\/09\/rio-grande-so-sul-720x479.jpg\" loading=\"lazy\">\n\t\t\t\t<figcaption>\n\t\t\t\t\tR\u00edo Grande do Sul\n\t\t\t\t<\/figcaption>\n\t\t\t<\/figure>\n\t\t\t<figure class=\"post-gallery-item\">\n\t\t\t\t<img decoding=\"async\" src=\"https:\/\/www.pressenza.com\/wp-content\/uploads\/2018\/09\/Juazeiro-do-Norte-CE.png\" loading=\"lazy\">\n\t\t\t\t<figcaption>\n\t\t\t\t\tJuazeiro do Norte (CE)\n\t\t\t\t<\/figcaption>\n\t\t\t<\/figure>\n\t\t\t<figure class=\"post-gallery-item\">\n\t\t\t\t<img decoding=\"async\" src=\"https:\/\/www.pressenza.com\/wp-content\/uploads\/2018\/09\/manaus.jpg\" loading=\"lazy\">\n\t\t\t\t<figcaption>\n\t\t\t\t\tManaus (AM)\n\t\t\t\t<\/figcaption>\n\t\t\t<\/figure>\n\t\t\t<figure class=\"post-gallery-item\">\n\t\t\t\t<img decoding=\"async\" src=\"https:\/\/www.pressenza.com\/wp-content\/uploads\/2018\/09\/porto-velho-RO-720x481.jpg\" loading=\"lazy\">\n\t\t\t\t<figcaption>\n\t\t\t\t\tPorto Velho (RO)\n\t\t\t\t<\/figcaption>\n\t\t\t<\/figure>\n\t\t\t<figure class=\"post-gallery-item\">\n\t\t\t\t<img decoding=\"async\" src=\"https:\/\/www.pressenza.com\/wp-content\/uploads\/2018\/09\/Recife-PE.jpg\" loading=\"lazy\">\n\t\t\t\t<figcaption>\n\t\t\t\t\tRecife (PE)\n\t\t\t\t<\/figcaption>\n\t\t\t<\/figure><\/div>\n<p><em>Nous, femmes diverses et unies, d\u00e9fendons le contraire de ce qu&rsquo;il proclame : nous d\u00e9fendons le respect des diff\u00e9rences ; le droit des femmes \u00e0 vivre en s\u00e9curit\u00e9 et \u00e0 d\u00e9cider de leur propre corps ; nous d\u00e9fendons l&rsquo;\u00e9galit\u00e9 salariale entre hommes et femmes, entre noirs et blancs ; nous d\u00e9fendons les quotas pour ceux qui ont toujours \u00e9t\u00e9 victimes d&rsquo;injustice et bless\u00e9s ; nous d\u00e9fendons les services publics de qualit\u00e9 pour les femmes pauvres et leurs enfants.<\/em><\/p>\n<div class=\"post-gallery\">\n\t\t\t<figure class=\"post-gallery-item\">\n\t\t\t\t<img decoding=\"async\" src=\"https:\/\/www.pressenza.com\/wp-content\/uploads\/2018\/09\/ele-nao-720x497.jpg\" loading=\"lazy\">\n\t\t\t\t<figcaption>\n\t\t\t\t\t\n\t\t\t\t<\/figcaption>\n\t\t\t<\/figure>\n\t\t\t<figure class=\"post-gallery-item\">\n\t\t\t\t<img decoding=\"async\" src=\"https:\/\/www.pressenza.com\/wp-content\/uploads\/2018\/09\/elenao1-720x480.jpg\" loading=\"lazy\">\n\t\t\t\t<figcaption>\n\t\t\t\t\t\n\t\t\t\t<\/figcaption>\n\t\t\t<\/figure>\n\t\t\t<figure class=\"post-gallery-item\">\n\t\t\t\t<img decoding=\"async\" src=\"https:\/\/www.pressenza.com\/wp-content\/uploads\/2018\/09\/elenao2-720x476.jpg\" loading=\"lazy\">\n\t\t\t\t<figcaption>\n\t\t\t\t\t\n\t\t\t\t<\/figcaption>\n\t\t\t<\/figure>\n\t\t\t<figure class=\"post-gallery-item\">\n\t\t\t\t<img decoding=\"async\" src=\"https:\/\/www.pressenza.com\/wp-content\/uploads\/2018\/09\/elenao3.jpg\" loading=\"lazy\">\n\t\t\t\t<figcaption>\n\t\t\t\t\t\n\t\t\t\t<\/figcaption>\n\t\t\t<\/figure>\n\t\t\t<figure class=\"post-gallery-item\">\n\t\t\t\t<img decoding=\"async\" src=\"https:\/\/www.pressenza.com\/wp-content\/uploads\/2018\/09\/elenao4.jpg\" loading=\"lazy\">\n\t\t\t\t<figcaption>\n\t\t\t\t\t\n\t\t\t\t<\/figcaption>\n\t\t\t<\/figure>\n\t\t\t<figure class=\"post-gallery-item\">\n\t\t\t\t<img decoding=\"async\" src=\"https:\/\/www.pressenza.com\/wp-content\/uploads\/2018\/09\/caras4-720x480.jpg\" loading=\"lazy\">\n\t\t\t\t<figcaption>\n\t\t\t\t\t\n\t\t\t\t<\/figcaption>\n\t\t\t<\/figure><\/div>\n<p><em>Nous d\u00e9fendons la libert\u00e9 la plus large d&rsquo;enseigner et d&rsquo;apprendre, sans la r\u00e8gle du b\u00e2illon, que ce soit \u00e0 l&rsquo;\u00e9cole ou \u00e0 l&rsquo;universit\u00e9.<\/em><\/p>\n<p><em>Nous d\u00e9fendons la libert\u00e9 d&rsquo;aimer et d&rsquo;\u00eatre respect\u00e9 pour cela. Nous d\u00e9fendons le d\u00e9bat d&rsquo;id\u00e9es et la d\u00e9mocratie.<\/em><\/p>\n<p><em>Il proclame la haine, nous proclamons le respect. Il d\u00e9fend la mort et la torture, nous d\u00e9fendons la vie.<\/em><\/p>\n<p><em>C&rsquo;est pourquoi nous disons : Pas lui !\u00a0Ni ses enfants ! Bolsonaro Jamais ! Non au fascisme !\u00a0\u00bb<\/em><\/p>\n<p>&nbsp;<\/p>\n<p>Vid\u00e9os et photos : M\u00eddia Ninja et collaborateurs<\/p>\n","protected":false},"excerpt":{"rendered":"<p>Des mobilisations pour rejeter le candidat d&rsquo;extr\u00eame droite Jair Bolsonaro ont eu lieu ce 29 septembre dans pr\u00e8s de 200 villes br\u00e9siliennes. Le slogan des actes et des marches promus et r\u00e9alis\u00e9s fondamentalement par les femmes \u00e9tait univoque : #EleN\u00e3o&hellip;<\/p>\n","protected":false},"author":19,"featured_media":727478,"comment_status":"closed","ping_status":"closed","sticky":false,"template":"","format":"standard","meta":{"footnotes":""},"categories":[86,11386,1247,54509],"tags":[50249,25028,50413],"class_list":["post-729015","post","type-post","status-publish","format-standard","has-post-thumbnail","hentry","category-amerique-du-sud","category-contenu-original","category-diversite","category-genre-et-feminismes","tag-elenao","tag-bolsonaro","tag-elections-au-bresil"],"yoast_head":"<!-- This site is optimized with the Yoast SEO plugin v27.1.1 - https:\/\/yoast.com\/product\/yoast-seo-wordpress\/ -->\n<title>\u00c9v\u00e9nement historique des femmes contre le fascisme au Br\u00e9sil<\/title>\n<meta name=\"description\" content=\"Des mobilisations pour rejeter le candidat d&#039;extr\u00eame droite Jair Bolsonaro ont eu lieu ce 29 septembre dans pr\u00e8s de 200 villes br\u00e9siliennes. Le slogan des\" \/>\n<meta name=\"robots\" content=\"index, follow, max-snippet:-1, max-image-preview:large, max-video-preview:-1\" \/>\n<link rel=\"canonical\" href=\"https:\/\/www.pressenza.com\/fr\/2018\/10\/evenement-historique-des-femmes-contre-le-fascisme-au-bresil\/\" \/>\n<meta property=\"og:locale\" content=\"fr_FR\" \/>\n<meta property=\"og:type\" content=\"article\" \/>\n<meta property=\"og:title\" content=\"\u00c9v\u00e9nement historique des femmes contre le fascisme au Br\u00e9sil\" \/>\n<meta property=\"og:description\" content=\"Des mobilisations pour rejeter le candidat d&#039;extr\u00eame droite Jair Bolsonaro ont eu lieu ce 29 septembre dans pr\u00e8s de 200 villes br\u00e9siliennes. Le slogan des\" \/>\n<meta property=\"og:url\" content=\"https:\/\/www.pressenza.com\/fr\/2018\/10\/evenement-historique-des-femmes-contre-le-fascisme-au-bresil\/\" \/>\n<meta property=\"og:site_name\" content=\"Pressenza\" \/>\n<meta property=\"article:publisher\" content=\"https:\/\/www.facebook.com\/PressenzaItalia\" \/>\n<meta property=\"article:author\" content=\"https:\/\/www.facebook.com\/pressenza\" \/>\n<meta property=\"article:published_time\" content=\"2018-10-02T04:54:20+00:00\" \/>\n<meta property=\"article:modified_time\" content=\"2018-10-02T05:12:50+00:00\" \/>\n<meta property=\"og:image\" content=\"https:\/\/www.pressenza.com\/wp-content\/uploads\/2018\/09\/portada.jpg\" \/>\n\t<meta property=\"og:image:width\" content=\"960\" \/>\n\t<meta property=\"og:image:height\" content=\"720\" \/>\n\t<meta property=\"og:image:type\" content=\"image\/jpeg\" \/>\n<meta name=\"author\" content=\"Pressenza IPA\" \/>\n<meta name=\"twitter:card\" content=\"summary_large_image\" \/>\n<meta name=\"twitter:creator\" content=\"@PressenzaIPA\" \/>\n<meta name=\"twitter:site\" content=\"@PressenzaIPA\" \/>\n<meta name=\"twitter:label1\" content=\"\u00c9crit par\" \/>\n\t<meta name=\"twitter:data1\" content=\"Pressenza IPA\" \/>\n\t<meta name=\"twitter:label2\" content=\"Dur\u00e9e de lecture estim\u00e9e\" \/>\n\t<meta name=\"twitter:data2\" content=\"7 minutes\" \/>\n<script type=\"application\/ld+json\" class=\"yoast-schema-graph\">{\"@context\":\"https:\/\/schema.org\",\"@graph\":[{\"@type\":\"Article\",\"@id\":\"https:\/\/www.pressenza.com\/fr\/2018\/10\/evenement-historique-des-femmes-contre-le-fascisme-au-bresil\/#article\",\"isPartOf\":{\"@id\":\"https:\/\/www.pressenza.com\/fr\/2018\/10\/evenement-historique-des-femmes-contre-le-fascisme-au-bresil\/\"},\"author\":{\"name\":\"Pressenza IPA\",\"@id\":\"https:\/\/www.pressenza.com\/fr\/#\/schema\/person\/010e5d02bcf40965427a1289a4cc8d75\"},\"headline\":\"\u00c9v\u00e9nement historique des femmes contre le fascisme au Br\u00e9sil\",\"datePublished\":\"2018-10-02T04:54:20+00:00\",\"dateModified\":\"2018-10-02T05:12:50+00:00\",\"mainEntityOfPage\":{\"@id\":\"https:\/\/www.pressenza.com\/fr\/2018\/10\/evenement-historique-des-femmes-contre-le-fascisme-au-bresil\/\"},\"wordCount\":1525,\"publisher\":{\"@id\":\"https:\/\/www.pressenza.com\/fr\/#organization\"},\"image\":{\"@id\":\"https:\/\/www.pressenza.com\/fr\/2018\/10\/evenement-historique-des-femmes-contre-le-fascisme-au-bresil\/#primaryimage\"},\"thumbnailUrl\":\"https:\/\/www.pressenza.com\/wp-content\/uploads\/2018\/09\/portada.jpg\",\"keywords\":[\"#EleNao\",\"bolsonaro\",\"\u00e9lections au Br\u00e9sil\"],\"articleSection\":[\"Am\u00e9rique du Sud\",\"Contenu Original\",\"Diversit\u00e9\",\"Genre et f\u00e9minismes\"],\"inLanguage\":\"fr-FR\"},{\"@type\":\"WebPage\",\"@id\":\"https:\/\/www.pressenza.com\/fr\/2018\/10\/evenement-historique-des-femmes-contre-le-fascisme-au-bresil\/\",\"url\":\"https:\/\/www.pressenza.com\/fr\/2018\/10\/evenement-historique-des-femmes-contre-le-fascisme-au-bresil\/\",\"name\":\"\u00c9v\u00e9nement historique des femmes contre le fascisme au Br\u00e9sil\",\"isPartOf\":{\"@id\":\"https:\/\/www.pressenza.com\/fr\/#website\"},\"primaryImageOfPage\":{\"@id\":\"https:\/\/www.pressenza.com\/fr\/2018\/10\/evenement-historique-des-femmes-contre-le-fascisme-au-bresil\/#primaryimage\"},\"image\":{\"@id\":\"https:\/\/www.pressenza.com\/fr\/2018\/10\/evenement-historique-des-femmes-contre-le-fascisme-au-bresil\/#primaryimage\"},\"thumbnailUrl\":\"https:\/\/www.pressenza.com\/wp-content\/uploads\/2018\/09\/portada.jpg\",\"datePublished\":\"2018-10-02T04:54:20+00:00\",\"dateModified\":\"2018-10-02T05:12:50+00:00\",\"description\":\"Des mobilisations pour rejeter le candidat d'extr\u00eame droite Jair Bolsonaro ont eu lieu ce 29 septembre dans pr\u00e8s de 200 villes br\u00e9siliennes. Le slogan des\",\"breadcrumb\":{\"@id\":\"https:\/\/www.pressenza.com\/fr\/2018\/10\/evenement-historique-des-femmes-contre-le-fascisme-au-bresil\/#breadcrumb\"},\"inLanguage\":\"fr-FR\",\"potentialAction\":[{\"@type\":\"ReadAction\",\"target\":[\"https:\/\/www.pressenza.com\/fr\/2018\/10\/evenement-historique-des-femmes-contre-le-fascisme-au-bresil\/\"]}]},{\"@type\":\"ImageObject\",\"inLanguage\":\"fr-FR\",\"@id\":\"https:\/\/www.pressenza.com\/fr\/2018\/10\/evenement-historique-des-femmes-contre-le-fascisme-au-bresil\/#primaryimage\",\"url\":\"https:\/\/www.pressenza.com\/wp-content\/uploads\/2018\/09\/portada.jpg\",\"contentUrl\":\"https:\/\/www.pressenza.com\/wp-content\/uploads\/2018\/09\/portada.jpg\",\"width\":960,\"height\":720,\"caption\":\"\u00c9v\u00e9nement historique des femmes contre le fascisme au Br\u00e9sil\"},{\"@type\":\"BreadcrumbList\",\"@id\":\"https:\/\/www.pressenza.com\/fr\/2018\/10\/evenement-historique-des-femmes-contre-le-fascisme-au-bresil\/#breadcrumb\",\"itemListElement\":[{\"@type\":\"ListItem\",\"position\":1,\"name\":\"Accueil\",\"item\":\"https:\/\/www.pressenza.com\/fr\/\"},{\"@type\":\"ListItem\",\"position\":2,\"name\":\"\u00c9v\u00e9nement historique des femmes contre le fascisme au Br\u00e9sil\"}]},{\"@type\":\"WebSite\",\"@id\":\"https:\/\/www.pressenza.com\/fr\/#website\",\"url\":\"https:\/\/www.pressenza.com\/fr\/\",\"name\":\"Pressenza\",\"description\":\"International Press Agency\",\"publisher\":{\"@id\":\"https:\/\/www.pressenza.com\/fr\/#organization\"},\"potentialAction\":[{\"@type\":\"SearchAction\",\"target\":{\"@type\":\"EntryPoint\",\"urlTemplate\":\"https:\/\/www.pressenza.com\/fr\/?s={search_term_string}\"},\"query-input\":{\"@type\":\"PropertyValueSpecification\",\"valueRequired\":true,\"valueName\":\"search_term_string\"}}],\"inLanguage\":\"fr-FR\"},{\"@type\":\"Organization\",\"@id\":\"https:\/\/www.pressenza.com\/fr\/#organization\",\"name\":\"Pressenza\",\"url\":\"https:\/\/www.pressenza.com\/fr\/\",\"logo\":{\"@type\":\"ImageObject\",\"inLanguage\":\"fr-FR\",\"@id\":\"https:\/\/www.pressenza.com\/fr\/#\/schema\/logo\/image\/\",\"url\":\"https:\/\/www.pressenza.com\/wp-content\/uploads\/2022\/10\/pressenza_logo_200x200.jpg\",\"contentUrl\":\"https:\/\/www.pressenza.com\/wp-content\/uploads\/2022\/10\/pressenza_logo_200x200.jpg\",\"width\":200,\"height\":200,\"caption\":\"Pressenza\"},\"image\":{\"@id\":\"https:\/\/www.pressenza.com\/fr\/#\/schema\/logo\/image\/\"},\"sameAs\":[\"https:\/\/www.facebook.com\/PressenzaItalia\",\"https:\/\/x.com\/PressenzaIPA\"]},{\"@type\":\"Person\",\"@id\":\"https:\/\/www.pressenza.com\/fr\/#\/schema\/person\/010e5d02bcf40965427a1289a4cc8d75\",\"name\":\"Pressenza IPA\",\"description\":\"News from Pressenza IPA correspondents\",\"sameAs\":[\"https:\/\/www.facebook.com\/pressenza\",\"https:\/\/x.com\/PressenzaIPA\"],\"url\":\"https:\/\/www.pressenza.com\/fr\/author\/pressenza-ipa\/\"}]}<\/script>\n<!-- \/ Yoast SEO plugin. -->","yoast_head_json":{"title":"\u00c9v\u00e9nement historique des femmes contre le fascisme au Br\u00e9sil","description":"Des mobilisations pour rejeter le candidat d'extr\u00eame droite Jair Bolsonaro ont eu lieu ce 29 septembre dans pr\u00e8s de 200 villes br\u00e9siliennes. Le slogan des","robots":{"index":"index","follow":"follow","max-snippet":"max-snippet:-1","max-image-preview":"max-image-preview:large","max-video-preview":"max-video-preview:-1"},"canonical":"https:\/\/www.pressenza.com\/fr\/2018\/10\/evenement-historique-des-femmes-contre-le-fascisme-au-bresil\/","og_locale":"fr_FR","og_type":"article","og_title":"\u00c9v\u00e9nement historique des femmes contre le fascisme au Br\u00e9sil","og_description":"Des mobilisations pour rejeter le candidat d'extr\u00eame droite Jair Bolsonaro ont eu lieu ce 29 septembre dans pr\u00e8s de 200 villes br\u00e9siliennes. Le slogan des","og_url":"https:\/\/www.pressenza.com\/fr\/2018\/10\/evenement-historique-des-femmes-contre-le-fascisme-au-bresil\/","og_site_name":"Pressenza","article_publisher":"https:\/\/www.facebook.com\/PressenzaItalia","article_author":"https:\/\/www.facebook.com\/pressenza","article_published_time":"2018-10-02T04:54:20+00:00","article_modified_time":"2018-10-02T05:12:50+00:00","og_image":[{"width":960,"height":720,"url":"https:\/\/www.pressenza.com\/wp-content\/uploads\/2018\/09\/portada.jpg","type":"image\/jpeg"}],"author":"Pressenza IPA","twitter_card":"summary_large_image","twitter_creator":"@PressenzaIPA","twitter_site":"@PressenzaIPA","twitter_misc":{"\u00c9crit par":"Pressenza IPA","Dur\u00e9e de lecture estim\u00e9e":"7 minutes"},"schema":{"@context":"https:\/\/schema.org","@graph":[{"@type":"Article","@id":"https:\/\/www.pressenza.com\/fr\/2018\/10\/evenement-historique-des-femmes-contre-le-fascisme-au-bresil\/#article","isPartOf":{"@id":"https:\/\/www.pressenza.com\/fr\/2018\/10\/evenement-historique-des-femmes-contre-le-fascisme-au-bresil\/"},"author":{"name":"Pressenza IPA","@id":"https:\/\/www.pressenza.com\/fr\/#\/schema\/person\/010e5d02bcf40965427a1289a4cc8d75"},"headline":"\u00c9v\u00e9nement historique des femmes contre le fascisme au Br\u00e9sil","datePublished":"2018-10-02T04:54:20+00:00","dateModified":"2018-10-02T05:12:50+00:00","mainEntityOfPage":{"@id":"https:\/\/www.pressenza.com\/fr\/2018\/10\/evenement-historique-des-femmes-contre-le-fascisme-au-bresil\/"},"wordCount":1525,"publisher":{"@id":"https:\/\/www.pressenza.com\/fr\/#organization"},"image":{"@id":"https:\/\/www.pressenza.com\/fr\/2018\/10\/evenement-historique-des-femmes-contre-le-fascisme-au-bresil\/#primaryimage"},"thumbnailUrl":"https:\/\/www.pressenza.com\/wp-content\/uploads\/2018\/09\/portada.jpg","keywords":["#EleNao","bolsonaro","\u00e9lections au Br\u00e9sil"],"articleSection":["Am\u00e9rique du Sud","Contenu Original","Diversit\u00e9","Genre et f\u00e9minismes"],"inLanguage":"fr-FR"},{"@type":"WebPage","@id":"https:\/\/www.pressenza.com\/fr\/2018\/10\/evenement-historique-des-femmes-contre-le-fascisme-au-bresil\/","url":"https:\/\/www.pressenza.com\/fr\/2018\/10\/evenement-historique-des-femmes-contre-le-fascisme-au-bresil\/","name":"\u00c9v\u00e9nement historique des femmes contre le fascisme au Br\u00e9sil","isPartOf":{"@id":"https:\/\/www.pressenza.com\/fr\/#website"},"primaryImageOfPage":{"@id":"https:\/\/www.pressenza.com\/fr\/2018\/10\/evenement-historique-des-femmes-contre-le-fascisme-au-bresil\/#primaryimage"},"image":{"@id":"https:\/\/www.pressenza.com\/fr\/2018\/10\/evenement-historique-des-femmes-contre-le-fascisme-au-bresil\/#primaryimage"},"thumbnailUrl":"https:\/\/www.pressenza.com\/wp-content\/uploads\/2018\/09\/portada.jpg","datePublished":"2018-10-02T04:54:20+00:00","dateModified":"2018-10-02T05:12:50+00:00","description":"Des mobilisations pour rejeter le candidat d'extr\u00eame droite Jair Bolsonaro ont eu lieu ce 29 septembre dans pr\u00e8s de 200 villes br\u00e9siliennes. Le slogan des","breadcrumb":{"@id":"https:\/\/www.pressenza.com\/fr\/2018\/10\/evenement-historique-des-femmes-contre-le-fascisme-au-bresil\/#breadcrumb"},"inLanguage":"fr-FR","potentialAction":[{"@type":"ReadAction","target":["https:\/\/www.pressenza.com\/fr\/2018\/10\/evenement-historique-des-femmes-contre-le-fascisme-au-bresil\/"]}]},{"@type":"ImageObject","inLanguage":"fr-FR","@id":"https:\/\/www.pressenza.com\/fr\/2018\/10\/evenement-historique-des-femmes-contre-le-fascisme-au-bresil\/#primaryimage","url":"https:\/\/www.pressenza.com\/wp-content\/uploads\/2018\/09\/portada.jpg","contentUrl":"https:\/\/www.pressenza.com\/wp-content\/uploads\/2018\/09\/portada.jpg","width":960,"height":720,"caption":"\u00c9v\u00e9nement historique des femmes contre le fascisme au Br\u00e9sil"},{"@type":"BreadcrumbList","@id":"https:\/\/www.pressenza.com\/fr\/2018\/10\/evenement-historique-des-femmes-contre-le-fascisme-au-bresil\/#breadcrumb","itemListElement":[{"@type":"ListItem","position":1,"name":"Accueil","item":"https:\/\/www.pressenza.com\/fr\/"},{"@type":"ListItem","position":2,"name":"\u00c9v\u00e9nement historique des femmes contre le fascisme au Br\u00e9sil"}]},{"@type":"WebSite","@id":"https:\/\/www.pressenza.com\/fr\/#website","url":"https:\/\/www.pressenza.com\/fr\/","name":"Pressenza","description":"International Press Agency","publisher":{"@id":"https:\/\/www.pressenza.com\/fr\/#organization"},"potentialAction":[{"@type":"SearchAction","target":{"@type":"EntryPoint","urlTemplate":"https:\/\/www.pressenza.com\/fr\/?s={search_term_string}"},"query-input":{"@type":"PropertyValueSpecification","valueRequired":true,"valueName":"search_term_string"}}],"inLanguage":"fr-FR"},{"@type":"Organization","@id":"https:\/\/www.pressenza.com\/fr\/#organization","name":"Pressenza","url":"https:\/\/www.pressenza.com\/fr\/","logo":{"@type":"ImageObject","inLanguage":"fr-FR","@id":"https:\/\/www.pressenza.com\/fr\/#\/schema\/logo\/image\/","url":"https:\/\/www.pressenza.com\/wp-content\/uploads\/2022\/10\/pressenza_logo_200x200.jpg","contentUrl":"https:\/\/www.pressenza.com\/wp-content\/uploads\/2022\/10\/pressenza_logo_200x200.jpg","width":200,"height":200,"caption":"Pressenza"},"image":{"@id":"https:\/\/www.pressenza.com\/fr\/#\/schema\/logo\/image\/"},"sameAs":["https:\/\/www.facebook.com\/PressenzaItalia","https:\/\/x.com\/PressenzaIPA"]},{"@type":"Person","@id":"https:\/\/www.pressenza.com\/fr\/#\/schema\/person\/010e5d02bcf40965427a1289a4cc8d75","name":"Pressenza IPA","description":"News from Pressenza IPA correspondents","sameAs":["https:\/\/www.facebook.com\/pressenza","https:\/\/x.com\/PressenzaIPA"],"url":"https:\/\/www.pressenza.com\/fr\/author\/pressenza-ipa\/"}]}},"place":"Br\u00e9sil","original_article_url":"","_links":{"self":[{"href":"https:\/\/www.pressenza.com\/fr\/wp-json\/wp\/v2\/posts\/729015","targetHints":{"allow":["GET"]}}],"collection":[{"href":"https:\/\/www.pressenza.com\/fr\/wp-json\/wp\/v2\/posts"}],"about":[{"href":"https:\/\/www.pressenza.com\/fr\/wp-json\/wp\/v2\/types\/post"}],"author":[{"embeddable":true,"href":"https:\/\/www.pressenza.com\/fr\/wp-json\/wp\/v2\/users\/19"}],"replies":[{"embeddable":true,"href":"https:\/\/www.pressenza.com\/fr\/wp-json\/wp\/v2\/comments?post=729015"}],"version-history":[{"count":0,"href":"https:\/\/www.pressenza.com\/fr\/wp-json\/wp\/v2\/posts\/729015\/revisions"}],"wp:featuredmedia":[{"embeddable":true,"href":"https:\/\/www.pressenza.com\/fr\/wp-json\/wp\/v2\/media\/727478"}],"wp:attachment":[{"href":"https:\/\/www.pressenza.com\/fr\/wp-json\/wp\/v2\/media?parent=729015"}],"wp:term":[{"taxonomy":"category","embeddable":true,"href":"https:\/\/www.pressenza.com\/fr\/wp-json\/wp\/v2\/categories?post=729015"},{"taxonomy":"post_tag","embeddable":true,"href":"https:\/\/www.pressenza.com\/fr\/wp-json\/wp\/v2\/tags?post=729015"}],"curies":[{"name":"wp","href":"https:\/\/api.w.org\/{rel}","templated":true}]}}