{"id":72499,"date":"2013-10-11T21:27:56","date_gmt":"2013-10-11T20:27:56","guid":{"rendered":"http:\/\/www.pressenza.com\/?p=72499"},"modified":"2013-10-11T21:27:56","modified_gmt":"2013-10-11T20:27:56","slug":"espagne-combien-pauvrete-pouvons-supporter","status":"publish","type":"post","link":"https:\/\/www.pressenza.com\/fr\/2013\/10\/espagne-combien-pauvrete-pouvons-supporter\/","title":{"rendered":"Espagne. Combien de pauvret\u00e9 pouvons-nous supporter ?"},"content":{"rendered":"<p>\u00ab\u00a0Les choses ne peuvent pas \u00eatre pires\u00a0\u00bb. Combien de fois avons-nous entendu cette phrase\u00a0? Nous pensons que plus de pauvret\u00e9, plus de pr\u00e9carit\u00e9, plus de ch\u00f4mage, plus d\u2019expulsions de logement, plus de faim sont impossibles. La r\u00e9alit\u00e9, cependant, contredit cette perception.<\/p>\n<p>Ces derni\u00e8res ann\u00e9es, les chiffres et les visages de la mis\u00e8re n\u2019ont fait qu\u2019augmenter dans l\u2019Etat espagnol. Aujourd\u2019hui, le nombre de personnes qui vivent en situation de pauvret\u00e9 extr\u00eame se situe d\u00e9j\u00e0 \u00e0 trois millions. Les revenus des familles sont tomb\u00e9s aux niveaux de l\u2019ann\u00e9e 2001. L\u2019explication est aussi simple que brutale\u00a0: les revenus ont diminu\u00e9 de 4% tandis que les prix ont augment\u00e9 de 10%. C\u2019est ce qu\u2019indiquent les chiffres fournis par le rapport \u00ab\u00a0In\u00e9galit\u00e9 et droits sociaux. Analyse et perspectives 2013\u00a0\u00bb \u00e9labor\u00e9 par la Fondation Foessa.<\/p>\n<p>Les plus touch\u00e9s sont les plus pauvres parmi les pauvres, ceux qui poss\u00e8dent le moins. Hier, une personne sans ressources, qui vivait dans la rue, est morte de faim \u00e0 S\u00e9ville. D\u2019abord, c\u2019est le ch\u00f4mage, ensuite les difficult\u00e9s pour boucler les fins de mois, puis on ne sait plus payer l\u2019\u00e9lectricit\u00e9, l\u2019eau, le loyer ou l\u2019hypoth\u00e8que et, finalement, la nourriture. La tendance indique que les choses empirent. Selon le rapport de Interm\u00f3n Oxfam, \u00ab\u00a0Le pi\u00e8ge de l\u2019aust\u00e9rit\u00e9\u00a0\u00bb, on estime que pour l\u2019ann\u00e9e 2025, le nombre de pauvres dans l\u2019Etat espagnol pourrait atteindre 8 millions de personnes.<\/p>\n<p>Il ne s\u2019agit pas seulement d\u2019une crise mais bien des mesures qui sont appliqu\u00e9es pour la r\u00e9soudre. L\u2019aust\u00e9rit\u00e9, les coupes, la r\u00e9duction des aides et des allocations, la privatisation des services publics, l\u2019augmentation de la TVA, tout cela retombe principalement sur les secteurs les plus vuln\u00e9rables.<\/p>\n<p>En cons\u00e9quence, les in\u00e9galit\u00e9s sociales augmentent. La diff\u00e9rence entre les plus riches et les plus pauvres dans l\u2019Etat espagnol se situe d\u00e9j\u00e0 \u00e0 30%, constituant le sommet de l\u2019in\u00e9galit\u00e9 en Europe. Cette position se situe m\u00eame devant les pays les plus durement frapp\u00e9s par la crise, comme la Gr\u00e8ce, et elle n\u2019est d\u00e9pass\u00e9e que par des pays comme la Lettonie, la Bulgarie et le Portugal.<\/p>\n<p>La conclusion est limpide\u00a0: une petite minorit\u00e9 augmente ses richesses sur le dos de l\u2019appauvrissement de la majorit\u00e9. La sortie de crise n\u2019est ni impartiale ni id\u00e9ologiquement neutre\u00a0; elle r\u00e9pond aux int\u00e9r\u00eats d\u2019\u00e9lites politiques et \u00e9conomiques qui veulent tirer profit \u2013 et pas qu\u2019un peu \u2013 de cette situation. Notre mis\u00e8re n\u2019est, ni plus ni moins, que leur profit.<\/p>\n<p>Les choses peuvent-elles \u00eatre pires\u00a0? Malheureusement oui. Les politiques de sortie de crise qui sont actuellement appliqu\u00e9es dans les pays de la p\u00e9riph\u00e9rie de l\u2019Union europ\u00e9enne sont la copie conforme de celles qui ont \u00e9t\u00e9 men\u00e9e \u00e0 bien dans les pays du Sud. Si on les appelait \u00e0 l\u2019\u00e9poque \u00ab\u00a0Programmes d\u2019Ajustement Structurel, aujourd\u2019hui elles re\u00e7oivent le nom de \u00ab\u00a0sauvetage\u00a0\u00bb. La logique est cependant la m\u00eame et le r\u00e9sultat est plus que suffisamment connu. Nous allons vers une \u00ab\u00a0tiers-mondisation\u00a0\u00bb de la soci\u00e9t\u00e9. La dynamique centre-p\u00e9riph\u00e9rie qui s\u2019\u00e9tait d\u00e9ploy\u00e9e ces derni\u00e8res ann\u00e9es \u00e0 l\u2019\u00e9chelle globale se reproduit aujourd\u2019hui au sein de l\u2019Union.<\/p>\n<p>Mais combien de pauvret\u00e9 pouvons-nous supporter\u00a0? Combien de mis\u00e8re sommes-nous dispos\u00e9s \u00e0 accepter\u00a0? Jusqu\u2019o\u00f9 permettrons-nous qu\u2019ils nous saignent \u00e0 blanc\u00a0? La soif du profit du capital n\u2019a pas de limites. Et le go\u00fbt du lucre ne fait qu\u2019augmenter leur avarice. Nous, la majorit\u00e9, sommes les seuls capables de leur faire front. Quand nous aurons pris conscience de cela et que nous agirons en cons\u00e9quence, nous aurons gagn\u00e9 la partie.<\/p>\n<p>Traduction fran\u00e7aise pour Avanti4.be\u00a0: Ataulfo Riera.<\/p>\n<p>Source :\u00a0<a href=\"http:\/\/esthervivas.com\/francais\/combien-de-pauvrete-pouvons-nous-supporter\/\">http:\/\/esthervivas.com\/francais\/combien-de-pauvrete-pouvons-nous-supporter\/<\/a><\/p>\n","protected":false},"excerpt":{"rendered":"<p>\u00ab\u00a0Les choses ne peuvent pas \u00eatre pires\u00a0\u00bb. Combien de fois avons-nous entendu cette phrase\u00a0? Nous pensons que plus de pauvret\u00e9, plus de pr\u00e9carit\u00e9, plus de ch\u00f4mage, plus d\u2019expulsions de logement, plus de faim sont impossibles. La r\u00e9alit\u00e9, cependant, contredit cette&hellip;<\/p>\n","protected":false},"author":895,"featured_media":72503,"comment_status":"closed","ping_status":"open","sticky":false,"template":"","format":"standard","meta":{"footnotes":""},"categories":[98,100,85,40,163,93],"tags":[2766,674,258,261,267],"class_list":["post-72499","post","type-post","status-publish","format-standard","has-post-thumbnail","hentry","category-droits-de-lhomme","category-economie","category-europe-fr","category-international-fr","category-opinion-fr","category-politique","tag-ajustement-structurel","tag-austerite","tag-crise","tag-espagne","tag-pauvrete"],"yoast_head":"<!-- This site is optimized with the Yoast SEO plugin v27.1.1 - https:\/\/yoast.com\/product\/yoast-seo-wordpress\/ -->\n<title>Espagne. Combien de pauvret\u00e9 pouvons-nous supporter ?<\/title>\n<meta name=\"description\" content=\"\u00ab\u00a0Les choses ne peuvent pas \u00eatre pires\u00a0\u00bb. Combien de fois avons-nous entendu cette phrase\u00a0? Nous pensons que plus de pauvret\u00e9, plus de pr\u00e9carit\u00e9, plus de\" \/>\n<meta name=\"robots\" content=\"index, follow, max-snippet:-1, max-image-preview:large, max-video-preview:-1\" \/>\n<link rel=\"canonical\" href=\"https:\/\/www.pressenza.com\/fr\/2013\/10\/espagne-combien-pauvrete-pouvons-supporter\/\" \/>\n<meta property=\"og:locale\" content=\"fr_FR\" \/>\n<meta property=\"og:type\" content=\"article\" \/>\n<meta property=\"og:title\" content=\"Espagne. Combien de pauvret\u00e9 pouvons-nous supporter ?\" \/>\n<meta property=\"og:description\" content=\"\u00ab\u00a0Les choses ne peuvent pas \u00eatre pires\u00a0\u00bb. Combien de fois avons-nous entendu cette phrase\u00a0? Nous pensons que plus de pauvret\u00e9, plus de pr\u00e9carit\u00e9, plus de\" \/>\n<meta property=\"og:url\" content=\"https:\/\/www.pressenza.com\/fr\/2013\/10\/espagne-combien-pauvrete-pouvons-supporter\/\" \/>\n<meta property=\"og:site_name\" content=\"Pressenza\" \/>\n<meta property=\"article:publisher\" content=\"https:\/\/www.facebook.com\/PressenzaItalia\" \/>\n<meta property=\"article:published_time\" content=\"2013-10-11T20:27:56+00:00\" \/>\n<meta property=\"og:image\" content=\"https:\/\/www.pressenza.com\/wp-content\/uploads\/2013\/10\/combien-pauvret\u00e9-pouvons-nous-supporter.jpg\" \/>\n\t<meta property=\"og:image:width\" content=\"320\" \/>\n\t<meta property=\"og:image:height\" content=\"201\" \/>\n\t<meta property=\"og:image:type\" content=\"image\/jpeg\" \/>\n<meta name=\"author\" content=\"Esther Vivas\" \/>\n<meta name=\"twitter:card\" content=\"summary_large_image\" \/>\n<meta name=\"twitter:creator\" content=\"@PressenzaIPA\" \/>\n<meta name=\"twitter:site\" content=\"@PressenzaIPA\" \/>\n<meta name=\"twitter:label1\" content=\"\u00c9crit par\" \/>\n\t<meta name=\"twitter:data1\" content=\"Esther Vivas\" \/>\n\t<meta name=\"twitter:label2\" content=\"Dur\u00e9e de lecture estim\u00e9e\" \/>\n\t<meta name=\"twitter:data2\" content=\"3 minutes\" \/>\n<script type=\"application\/ld+json\" class=\"yoast-schema-graph\">{\"@context\":\"https:\/\/schema.org\",\"@graph\":[{\"@type\":\"Article\",\"@id\":\"https:\/\/www.pressenza.com\/fr\/2013\/10\/espagne-combien-pauvrete-pouvons-supporter\/#article\",\"isPartOf\":{\"@id\":\"https:\/\/www.pressenza.com\/fr\/2013\/10\/espagne-combien-pauvrete-pouvons-supporter\/\"},\"author\":{\"name\":\"Esther Vivas\",\"@id\":\"https:\/\/www.pressenza.com\/fr\/#\/schema\/person\/3e97417b680c48cd8fb0cbd3d60ce87e\"},\"headline\":\"Espagne. Combien de pauvret\u00e9 pouvons-nous supporter ?\",\"datePublished\":\"2013-10-11T20:27:56+00:00\",\"mainEntityOfPage\":{\"@id\":\"https:\/\/www.pressenza.com\/fr\/2013\/10\/espagne-combien-pauvrete-pouvons-supporter\/\"},\"wordCount\":669,\"publisher\":{\"@id\":\"https:\/\/www.pressenza.com\/fr\/#organization\"},\"image\":{\"@id\":\"https:\/\/www.pressenza.com\/fr\/2013\/10\/espagne-combien-pauvrete-pouvons-supporter\/#primaryimage\"},\"thumbnailUrl\":\"https:\/\/www.pressenza.com\/wp-content\/uploads\/2013\/10\/combien-pauvret\u00e9-pouvons-nous-supporter.jpg\",\"keywords\":[\"Ajustement structurel\",\"aust\u00e9rit\u00e9\",\"crise\",\"Espagne\",\"pauvret\u00e9\"],\"articleSection\":[\"Droits humains\",\"Economie\",\"Europe\",\"International\",\"Opinion\",\"Politique\"],\"inLanguage\":\"fr-FR\"},{\"@type\":\"WebPage\",\"@id\":\"https:\/\/www.pressenza.com\/fr\/2013\/10\/espagne-combien-pauvrete-pouvons-supporter\/\",\"url\":\"https:\/\/www.pressenza.com\/fr\/2013\/10\/espagne-combien-pauvrete-pouvons-supporter\/\",\"name\":\"Espagne. Combien de pauvret\u00e9 pouvons-nous supporter ?\",\"isPartOf\":{\"@id\":\"https:\/\/www.pressenza.com\/fr\/#website\"},\"primaryImageOfPage\":{\"@id\":\"https:\/\/www.pressenza.com\/fr\/2013\/10\/espagne-combien-pauvrete-pouvons-supporter\/#primaryimage\"},\"image\":{\"@id\":\"https:\/\/www.pressenza.com\/fr\/2013\/10\/espagne-combien-pauvrete-pouvons-supporter\/#primaryimage\"},\"thumbnailUrl\":\"https:\/\/www.pressenza.com\/wp-content\/uploads\/2013\/10\/combien-pauvret\u00e9-pouvons-nous-supporter.jpg\",\"datePublished\":\"2013-10-11T20:27:56+00:00\",\"description\":\"\u00ab\u00a0Les choses ne peuvent pas \u00eatre pires\u00a0\u00bb. Combien de fois avons-nous entendu cette phrase\u00a0? Nous pensons que plus de pauvret\u00e9, plus de pr\u00e9carit\u00e9, plus de\",\"breadcrumb\":{\"@id\":\"https:\/\/www.pressenza.com\/fr\/2013\/10\/espagne-combien-pauvrete-pouvons-supporter\/#breadcrumb\"},\"inLanguage\":\"fr-FR\",\"potentialAction\":[{\"@type\":\"ReadAction\",\"target\":[\"https:\/\/www.pressenza.com\/fr\/2013\/10\/espagne-combien-pauvrete-pouvons-supporter\/\"]}]},{\"@type\":\"ImageObject\",\"inLanguage\":\"fr-FR\",\"@id\":\"https:\/\/www.pressenza.com\/fr\/2013\/10\/espagne-combien-pauvrete-pouvons-supporter\/#primaryimage\",\"url\":\"https:\/\/www.pressenza.com\/wp-content\/uploads\/2013\/10\/combien-pauvret\u00e9-pouvons-nous-supporter.jpg\",\"contentUrl\":\"https:\/\/www.pressenza.com\/wp-content\/uploads\/2013\/10\/combien-pauvret\u00e9-pouvons-nous-supporter.jpg\",\"width\":320,\"height\":201},{\"@type\":\"BreadcrumbList\",\"@id\":\"https:\/\/www.pressenza.com\/fr\/2013\/10\/espagne-combien-pauvrete-pouvons-supporter\/#breadcrumb\",\"itemListElement\":[{\"@type\":\"ListItem\",\"position\":1,\"name\":\"Accueil\",\"item\":\"https:\/\/www.pressenza.com\/fr\/\"},{\"@type\":\"ListItem\",\"position\":2,\"name\":\"Espagne. Combien de pauvret\u00e9 pouvons-nous supporter ?\"}]},{\"@type\":\"WebSite\",\"@id\":\"https:\/\/www.pressenza.com\/fr\/#website\",\"url\":\"https:\/\/www.pressenza.com\/fr\/\",\"name\":\"Pressenza\",\"description\":\"International Press Agency\",\"publisher\":{\"@id\":\"https:\/\/www.pressenza.com\/fr\/#organization\"},\"potentialAction\":[{\"@type\":\"SearchAction\",\"target\":{\"@type\":\"EntryPoint\",\"urlTemplate\":\"https:\/\/www.pressenza.com\/fr\/?s={search_term_string}\"},\"query-input\":{\"@type\":\"PropertyValueSpecification\",\"valueRequired\":true,\"valueName\":\"search_term_string\"}}],\"inLanguage\":\"fr-FR\"},{\"@type\":\"Organization\",\"@id\":\"https:\/\/www.pressenza.com\/fr\/#organization\",\"name\":\"Pressenza\",\"url\":\"https:\/\/www.pressenza.com\/fr\/\",\"logo\":{\"@type\":\"ImageObject\",\"inLanguage\":\"fr-FR\",\"@id\":\"https:\/\/www.pressenza.com\/fr\/#\/schema\/logo\/image\/\",\"url\":\"https:\/\/www.pressenza.com\/wp-content\/uploads\/2022\/10\/pressenza_logo_200x200.jpg\",\"contentUrl\":\"https:\/\/www.pressenza.com\/wp-content\/uploads\/2022\/10\/pressenza_logo_200x200.jpg\",\"width\":200,\"height\":200,\"caption\":\"Pressenza\"},\"image\":{\"@id\":\"https:\/\/www.pressenza.com\/fr\/#\/schema\/logo\/image\/\"},\"sameAs\":[\"https:\/\/www.facebook.com\/PressenzaItalia\",\"https:\/\/x.com\/PressenzaIPA\"]},{\"@type\":\"Person\",\"@id\":\"https:\/\/www.pressenza.com\/fr\/#\/schema\/person\/3e97417b680c48cd8fb0cbd3d60ce87e\",\"name\":\"Esther Vivas\",\"description\":\"Activista e investigadora en movimientos sociales y pol\u00edticas agr\u00edcolas y alimentarias. Es licenciada en periodismo y m\u00e1ster en sociolog\u00eda. Forma parte del Centro de Estudios sobre Movimientos Sociales (CEMS) en la Universidad Pompeu Fabra. Es autora de varios libros, entre ellos \\\"Planeta indignado. Ocupando el futuro\\\" y \\\"Del campo al plato. Los circuitos de producci\u00f3n y distribuci\u00f3n de alimentos\\\". http:\/\/esthervivas.com\",\"url\":\"https:\/\/www.pressenza.com\/fr\/author\/esther-vivas\/\"}]}<\/script>\n<!-- \/ Yoast SEO plugin. -->","yoast_head_json":{"title":"Espagne. Combien de pauvret\u00e9 pouvons-nous supporter ?","description":"\u00ab\u00a0Les choses ne peuvent pas \u00eatre pires\u00a0\u00bb. Combien de fois avons-nous entendu cette phrase\u00a0? Nous pensons que plus de pauvret\u00e9, plus de pr\u00e9carit\u00e9, plus de","robots":{"index":"index","follow":"follow","max-snippet":"max-snippet:-1","max-image-preview":"max-image-preview:large","max-video-preview":"max-video-preview:-1"},"canonical":"https:\/\/www.pressenza.com\/fr\/2013\/10\/espagne-combien-pauvrete-pouvons-supporter\/","og_locale":"fr_FR","og_type":"article","og_title":"Espagne. Combien de pauvret\u00e9 pouvons-nous supporter ?","og_description":"\u00ab\u00a0Les choses ne peuvent pas \u00eatre pires\u00a0\u00bb. Combien de fois avons-nous entendu cette phrase\u00a0? Nous pensons que plus de pauvret\u00e9, plus de pr\u00e9carit\u00e9, plus de","og_url":"https:\/\/www.pressenza.com\/fr\/2013\/10\/espagne-combien-pauvrete-pouvons-supporter\/","og_site_name":"Pressenza","article_publisher":"https:\/\/www.facebook.com\/PressenzaItalia","article_published_time":"2013-10-11T20:27:56+00:00","og_image":[{"width":320,"height":201,"url":"https:\/\/www.pressenza.com\/wp-content\/uploads\/2013\/10\/combien-pauvret\u00e9-pouvons-nous-supporter.jpg","type":"image\/jpeg"}],"author":"Esther Vivas","twitter_card":"summary_large_image","twitter_creator":"@PressenzaIPA","twitter_site":"@PressenzaIPA","twitter_misc":{"\u00c9crit par":"Esther Vivas","Dur\u00e9e de lecture estim\u00e9e":"3 minutes"},"schema":{"@context":"https:\/\/schema.org","@graph":[{"@type":"Article","@id":"https:\/\/www.pressenza.com\/fr\/2013\/10\/espagne-combien-pauvrete-pouvons-supporter\/#article","isPartOf":{"@id":"https:\/\/www.pressenza.com\/fr\/2013\/10\/espagne-combien-pauvrete-pouvons-supporter\/"},"author":{"name":"Esther Vivas","@id":"https:\/\/www.pressenza.com\/fr\/#\/schema\/person\/3e97417b680c48cd8fb0cbd3d60ce87e"},"headline":"Espagne. Combien de pauvret\u00e9 pouvons-nous supporter ?","datePublished":"2013-10-11T20:27:56+00:00","mainEntityOfPage":{"@id":"https:\/\/www.pressenza.com\/fr\/2013\/10\/espagne-combien-pauvrete-pouvons-supporter\/"},"wordCount":669,"publisher":{"@id":"https:\/\/www.pressenza.com\/fr\/#organization"},"image":{"@id":"https:\/\/www.pressenza.com\/fr\/2013\/10\/espagne-combien-pauvrete-pouvons-supporter\/#primaryimage"},"thumbnailUrl":"https:\/\/www.pressenza.com\/wp-content\/uploads\/2013\/10\/combien-pauvret\u00e9-pouvons-nous-supporter.jpg","keywords":["Ajustement structurel","aust\u00e9rit\u00e9","crise","Espagne","pauvret\u00e9"],"articleSection":["Droits humains","Economie","Europe","International","Opinion","Politique"],"inLanguage":"fr-FR"},{"@type":"WebPage","@id":"https:\/\/www.pressenza.com\/fr\/2013\/10\/espagne-combien-pauvrete-pouvons-supporter\/","url":"https:\/\/www.pressenza.com\/fr\/2013\/10\/espagne-combien-pauvrete-pouvons-supporter\/","name":"Espagne. Combien de pauvret\u00e9 pouvons-nous supporter ?","isPartOf":{"@id":"https:\/\/www.pressenza.com\/fr\/#website"},"primaryImageOfPage":{"@id":"https:\/\/www.pressenza.com\/fr\/2013\/10\/espagne-combien-pauvrete-pouvons-supporter\/#primaryimage"},"image":{"@id":"https:\/\/www.pressenza.com\/fr\/2013\/10\/espagne-combien-pauvrete-pouvons-supporter\/#primaryimage"},"thumbnailUrl":"https:\/\/www.pressenza.com\/wp-content\/uploads\/2013\/10\/combien-pauvret\u00e9-pouvons-nous-supporter.jpg","datePublished":"2013-10-11T20:27:56+00:00","description":"\u00ab\u00a0Les choses ne peuvent pas \u00eatre pires\u00a0\u00bb. Combien de fois avons-nous entendu cette phrase\u00a0? Nous pensons que plus de pauvret\u00e9, plus de pr\u00e9carit\u00e9, plus de","breadcrumb":{"@id":"https:\/\/www.pressenza.com\/fr\/2013\/10\/espagne-combien-pauvrete-pouvons-supporter\/#breadcrumb"},"inLanguage":"fr-FR","potentialAction":[{"@type":"ReadAction","target":["https:\/\/www.pressenza.com\/fr\/2013\/10\/espagne-combien-pauvrete-pouvons-supporter\/"]}]},{"@type":"ImageObject","inLanguage":"fr-FR","@id":"https:\/\/www.pressenza.com\/fr\/2013\/10\/espagne-combien-pauvrete-pouvons-supporter\/#primaryimage","url":"https:\/\/www.pressenza.com\/wp-content\/uploads\/2013\/10\/combien-pauvret\u00e9-pouvons-nous-supporter.jpg","contentUrl":"https:\/\/www.pressenza.com\/wp-content\/uploads\/2013\/10\/combien-pauvret\u00e9-pouvons-nous-supporter.jpg","width":320,"height":201},{"@type":"BreadcrumbList","@id":"https:\/\/www.pressenza.com\/fr\/2013\/10\/espagne-combien-pauvrete-pouvons-supporter\/#breadcrumb","itemListElement":[{"@type":"ListItem","position":1,"name":"Accueil","item":"https:\/\/www.pressenza.com\/fr\/"},{"@type":"ListItem","position":2,"name":"Espagne. Combien de pauvret\u00e9 pouvons-nous supporter ?"}]},{"@type":"WebSite","@id":"https:\/\/www.pressenza.com\/fr\/#website","url":"https:\/\/www.pressenza.com\/fr\/","name":"Pressenza","description":"International Press Agency","publisher":{"@id":"https:\/\/www.pressenza.com\/fr\/#organization"},"potentialAction":[{"@type":"SearchAction","target":{"@type":"EntryPoint","urlTemplate":"https:\/\/www.pressenza.com\/fr\/?s={search_term_string}"},"query-input":{"@type":"PropertyValueSpecification","valueRequired":true,"valueName":"search_term_string"}}],"inLanguage":"fr-FR"},{"@type":"Organization","@id":"https:\/\/www.pressenza.com\/fr\/#organization","name":"Pressenza","url":"https:\/\/www.pressenza.com\/fr\/","logo":{"@type":"ImageObject","inLanguage":"fr-FR","@id":"https:\/\/www.pressenza.com\/fr\/#\/schema\/logo\/image\/","url":"https:\/\/www.pressenza.com\/wp-content\/uploads\/2022\/10\/pressenza_logo_200x200.jpg","contentUrl":"https:\/\/www.pressenza.com\/wp-content\/uploads\/2022\/10\/pressenza_logo_200x200.jpg","width":200,"height":200,"caption":"Pressenza"},"image":{"@id":"https:\/\/www.pressenza.com\/fr\/#\/schema\/logo\/image\/"},"sameAs":["https:\/\/www.facebook.com\/PressenzaItalia","https:\/\/x.com\/PressenzaIPA"]},{"@type":"Person","@id":"https:\/\/www.pressenza.com\/fr\/#\/schema\/person\/3e97417b680c48cd8fb0cbd3d60ce87e","name":"Esther Vivas","description":"Activista e investigadora en movimientos sociales y pol\u00edticas agr\u00edcolas y alimentarias. Es licenciada en periodismo y m\u00e1ster en sociolog\u00eda. Forma parte del Centro de Estudios sobre Movimientos Sociales (CEMS) en la Universidad Pompeu Fabra. Es autora de varios libros, entre ellos \"Planeta indignado. Ocupando el futuro\" y \"Del campo al plato. Los circuitos de producci\u00f3n y distribuci\u00f3n de alimentos\". http:\/\/esthervivas.com","url":"https:\/\/www.pressenza.com\/fr\/author\/esther-vivas\/"}]}},"place":"","original_article_url":"","_links":{"self":[{"href":"https:\/\/www.pressenza.com\/fr\/wp-json\/wp\/v2\/posts\/72499","targetHints":{"allow":["GET"]}}],"collection":[{"href":"https:\/\/www.pressenza.com\/fr\/wp-json\/wp\/v2\/posts"}],"about":[{"href":"https:\/\/www.pressenza.com\/fr\/wp-json\/wp\/v2\/types\/post"}],"author":[{"embeddable":true,"href":"https:\/\/www.pressenza.com\/fr\/wp-json\/wp\/v2\/users\/895"}],"replies":[{"embeddable":true,"href":"https:\/\/www.pressenza.com\/fr\/wp-json\/wp\/v2\/comments?post=72499"}],"version-history":[{"count":0,"href":"https:\/\/www.pressenza.com\/fr\/wp-json\/wp\/v2\/posts\/72499\/revisions"}],"wp:featuredmedia":[{"embeddable":true,"href":"https:\/\/www.pressenza.com\/fr\/wp-json\/wp\/v2\/media\/72503"}],"wp:attachment":[{"href":"https:\/\/www.pressenza.com\/fr\/wp-json\/wp\/v2\/media?parent=72499"}],"wp:term":[{"taxonomy":"category","embeddable":true,"href":"https:\/\/www.pressenza.com\/fr\/wp-json\/wp\/v2\/categories?post=72499"},{"taxonomy":"post_tag","embeddable":true,"href":"https:\/\/www.pressenza.com\/fr\/wp-json\/wp\/v2\/tags?post=72499"}],"curies":[{"name":"wp","href":"https:\/\/api.w.org\/{rel}","templated":true}]}}