{"id":72282,"date":"2013-10-10T05:24:13","date_gmt":"2013-10-10T04:24:13","guid":{"rendered":"http:\/\/www.pressenza.com\/?p=72282"},"modified":"2013-10-10T18:45:32","modified_gmt":"2013-10-10T17:45:32","slug":"photos-reportage-communaute-du-milenio-les-plages-cuyabeno","status":"publish","type":"post","link":"https:\/\/www.pressenza.com\/fr\/2013\/10\/photos-reportage-communaute-du-milenio-les-plages-cuyabeno\/","title":{"rendered":"Equateur. Reportage-photo : la Communaut\u00e9 du Milenio \u2018les plages de Cuyabeno\u2019"},"content":{"rendered":"<p><img loading=\"lazy\" decoding=\"async\" class=\"alignnone\" alt=\"\" src=\"http:\/\/www.pressenza.com\/wp-content\/uploads\/2013\/10\/Playas-de-Cuyabeno-05-600x442.jpg\" width=\"600\" height=\"442\" \/><\/p>\n<p>Textes et photos de<strong> Walker Vizcarra<\/strong><\/p>\n<p>Le Pr\u00e9sident Rafael Correa a inaugur\u00e9 le 1er Octobre, la Communaut\u00e9 de Milenio \u201c<i>les Plages\u00a0 de Cuyabeno<\/i>\u201d, situ\u00e9e au bord de la rivi\u00e8re Aguarico dans la r\u00e9gion de Sucumb\u00edos.<\/p>\n<p><img loading=\"lazy\" decoding=\"async\" class=\"alignnone\" alt=\"\" src=\"http:\/\/www.pressenza.com\/wp-content\/uploads\/2013\/10\/Playas-de-Cuyabeno-01-600x450.jpg\" width=\"600\" height=\"450\" \/><\/p>\n<p>Il faut presque 5 heures de parcours en bus et en bateau \u00e0 moteur par le Lac Agrio pour arriver dans cette zone si particuli\u00e8re au milieu de la for\u00eat.<\/p>\n<p><img loading=\"lazy\" decoding=\"async\" class=\"alignnone\" alt=\"\" src=\"http:\/\/www.pressenza.com\/wp-content\/uploads\/2013\/10\/Playas-de-Cuyabeno-02-600x447.jpg\" width=\"600\" height=\"447\" \/><\/p>\n<p>Ces maisons ont \u00e9t\u00e9 construites par \u2018Petroamazonas\u2019 et l\u2019entreprise publique Equateur \u2018Strat\u00e9gique\u2019, pour montrer les b\u00e9n\u00e9fices du p\u00e9trole.<\/p>\n<p><img loading=\"lazy\" decoding=\"async\" class=\"alignnone\" alt=\"\" src=\"http:\/\/www.pressenza.com\/wp-content\/uploads\/2013\/10\/Playas-de-Cuyabeno-03-600x437.jpg\" width=\"600\" height=\"437\" \/><\/p>\n<p>Cette construction fait partie des 700 projets que construit Equateur Strat\u00e9gique avec 621 millions de dollars provenant des b\u00e9n\u00e9fices et des exc\u00e9dents p\u00e9troliers pendant 2013 et 2014.<\/p>\n<p><img loading=\"lazy\" decoding=\"async\" class=\"alignnone\" alt=\"\" src=\"http:\/\/www.pressenza.com\/wp-content\/uploads\/2013\/10\/Playas-de-Cuyabeno-041-600x441.jpg\" width=\"600\" height=\"441\" \/><\/p>\n<p>La communaut\u00e9 Plages de Cuyabeno compte avec une population de 392 habitants, la majorit\u00e9 se d\u00e9diant \u00e0 l\u2019agriculture et \u00e0 la p\u00eache. La seule mani\u00e8re de parvenir dans cette r\u00e9gion est par voie fluviale ou bien par h\u00e9licopt\u00e8re.<\/p>\n<p>Carlos Granja, ing\u00e9nieur Chef de Fiscalisation des travaux a comment\u00e9 qu\u2019en deux ans 82 logements ont \u00e9t\u00e9 livr\u00e9s, 25000 m\u00e8tres carr\u00e9s de voies ont \u00e9t\u00e9 construites, le tout a \u00e9t\u00e9 dot\u00e9 des services publics y compris le traitement des d\u00e9chets solides, la fibre optique GPON,\u2026 \u2018 <i>c\u2019est la technologie au milieu de la for\u00eat\u00a0; rien n\u2019est conventionnel ici<\/i>.\u2019<\/p>\n<p><img loading=\"lazy\" decoding=\"async\" class=\"alignnone\" alt=\"\" src=\"http:\/\/www.pressenza.com\/wp-content\/uploads\/2013\/10\/Playas-de-Cuyabeno-06-600x450.jpg\" width=\"600\" height=\"450\" \/><\/p>\n<p>Le co\u00fbt de l\u2019\u0153uvre est de 21 millions de dollars\u00a0; plus de 392 personnes y vivent et davantage de familles qui sont en relation avec l\u2019internat en b\u00e9n\u00e9ficient indirectement \u2013 avec une capacit\u00e9 de 132 personnes et l\u2019Ecole de Milenio \u00ab\u00a0Unidad Educativa V\u00edctor D\u00e1valos\u2019 avec une capacit\u00e9 de 420 personnes.<\/p>\n<p><img loading=\"lazy\" decoding=\"async\" class=\"alignnone\" alt=\"\" src=\"http:\/\/www.pressenza.com\/wp-content\/uploads\/2013\/10\/Playas-de-Cuyabeno-07-600x450.jpg\" width=\"600\" height=\"450\" \/><\/p>\n<p>Dans plusieurs endroits on veut reproduire ce mod\u00e8le. Ici la technologie a \u00e9t\u00e9 appliqu\u00e9e au service de la communaut\u00e9. Onze d\u00e9l\u00e9gations de nationalit\u00e9s et plus de 1000 d\u00e9l\u00e9gu\u00e9s des communaut\u00e9s ont assist\u00e9 \u00e0 l\u2019\u00e9v\u00e9nement d\u2019inauguration, les nationalit\u00e9s pr\u00e9sentes reconnaissent sentir le soutien de ce gouvernement.<\/p>\n<p><img loading=\"lazy\" decoding=\"async\" class=\"alignnone\" alt=\"\" src=\"http:\/\/www.pressenza.com\/wp-content\/uploads\/2013\/10\/Playas-de-Cuyabeno-08-600x450.jpg\" width=\"600\" height=\"450\" \/><\/p>\n<p>Dans la soir\u00e9e, lors d\u2019une conf\u00e9rence de Presse, le Pr\u00e9sident Correa a affirm\u00e9<em> \u00ab l<\/em><em>es huarani seront tr\u00e8s probablement la premi\u00e8re nationalit\u00e9 indig\u00e8ne ancestrale du pays qui parvient \u00e0 sortir de la pauvret\u00e9 gr\u00e2ce \u00e0 l\u2019exploitation du p\u00e9trole avec responsabilit\u00e9 environnementale et sociale.\u00a0\u00bb<\/em><\/p>\n<p><img loading=\"lazy\" decoding=\"async\" class=\"alignnone\" alt=\"\" src=\"http:\/\/www.pressenza.com\/wp-content\/uploads\/2013\/10\/Playas-de-Cuyabeno-09-600x450.jpg\" width=\"600\" height=\"450\" \/><\/p>\n<p><img loading=\"lazy\" decoding=\"async\" class=\"alignnone\" alt=\"\" src=\"http:\/\/www.pressenza.com\/wp-content\/uploads\/2013\/10\/Playas-de-Cuyabeno-10-600x447.jpg\" width=\"600\" height=\"447\" \/><\/p>\n<p><img loading=\"lazy\" decoding=\"async\" class=\"alignnone\" alt=\"\" src=\"http:\/\/www.pressenza.com\/wp-content\/uploads\/2013\/10\/Playas-de-Cuyabeno-11-600x444.jpg\" width=\"600\" height=\"444\" \/><\/p>\n<p><img loading=\"lazy\" decoding=\"async\" class=\"alignnone\" alt=\"\" src=\"http:\/\/www.pressenza.com\/wp-content\/uploads\/2013\/10\/Playas-de-Cuyabeno-12-600x450.jpg\" width=\"600\" height=\"450\" \/><\/p>\n<p><img loading=\"lazy\" decoding=\"async\" class=\"alignnone\" alt=\"\" src=\"http:\/\/www.pressenza.com\/wp-content\/uploads\/2013\/10\/Playas-de-Cuyabeno-13-600x450.jpg\" width=\"600\" height=\"450\" \/><\/p>\n<p>&nbsp;<\/p>\n<p>Traduction de l&rsquo;espagnol : Paquita Ortiz<\/p>\n","protected":false},"excerpt":{"rendered":"<p>Textes et photos de Walker Vizcarra Le Pr\u00e9sident Rafael Correa a inaugur\u00e9 le 1er Octobre, la Communaut\u00e9 de Milenio \u201cles Plages\u00a0 de Cuyabeno\u201d, situ\u00e9e au bord de la rivi\u00e8re Aguarico dans la r\u00e9gion de Sucumb\u00edos. Il faut presque 5 heures&hellip;<\/p>\n","protected":false},"author":487,"featured_media":0,"comment_status":"closed","ping_status":"open","sticky":false,"template":"","format":"standard","meta":{"footnotes":""},"categories":[86,40,99,93,5700],"tags":[7135,1637,3219,3063],"class_list":["post-72282","post","type-post","status-publish","format-standard","hentry","category-amerique-du-sud","category-international-fr","category-peuples-autochtones","category-politique","category-reportages-photo","tag-benefices","tag-equateur","tag-petrole","tag-rafael-correa-fr"],"yoast_head":"<!-- This site is optimized with the Yoast SEO plugin v27.1.1 - https:\/\/yoast.com\/product\/yoast-seo-wordpress\/ -->\n<title>Equateur. Reportage-photo : la Communaut\u00e9 du Milenio \u2018les plages de Cuyabeno\u2019<\/title>\n<meta name=\"description\" content=\"Textes et photos de Walker Vizcarra Le Pr\u00e9sident Rafael Correa a inaugur\u00e9 le 1er Octobre, la Communaut\u00e9 de Milenio \u201cles Plages\u00a0 de Cuyabeno\u201d, situ\u00e9e au\" \/>\n<meta name=\"robots\" content=\"index, follow, max-snippet:-1, max-image-preview:large, max-video-preview:-1\" \/>\n<link rel=\"canonical\" href=\"https:\/\/www.pressenza.com\/fr\/2013\/10\/photos-reportage-communaute-du-milenio-les-plages-cuyabeno\/\" \/>\n<meta property=\"og:locale\" content=\"fr_FR\" \/>\n<meta property=\"og:type\" content=\"article\" \/>\n<meta property=\"og:title\" content=\"Equateur. Reportage-photo : la Communaut\u00e9 du Milenio \u2018les plages de Cuyabeno\u2019\" \/>\n<meta property=\"og:description\" content=\"Textes et photos de Walker Vizcarra Le Pr\u00e9sident Rafael Correa a inaugur\u00e9 le 1er Octobre, la Communaut\u00e9 de Milenio \u201cles Plages\u00a0 de Cuyabeno\u201d, situ\u00e9e au\" \/>\n<meta property=\"og:url\" content=\"https:\/\/www.pressenza.com\/fr\/2013\/10\/photos-reportage-communaute-du-milenio-les-plages-cuyabeno\/\" \/>\n<meta property=\"og:site_name\" content=\"Pressenza\" \/>\n<meta property=\"article:publisher\" content=\"https:\/\/www.facebook.com\/PressenzaItalia\" \/>\n<meta property=\"article:published_time\" content=\"2013-10-10T04:24:13+00:00\" \/>\n<meta property=\"article:modified_time\" content=\"2013-10-10T17:45:32+00:00\" \/>\n<meta property=\"og:image\" content=\"http:\/\/www.pressenza.com\/wp-content\/uploads\/2013\/10\/Playas-de-Cuyabeno-05-600x442.jpg\" \/>\n<meta name=\"author\" content=\"Walker Vizcarra\" \/>\n<meta name=\"twitter:card\" content=\"summary_large_image\" \/>\n<meta name=\"twitter:creator\" content=\"@PressenzaIPA\" \/>\n<meta name=\"twitter:site\" content=\"@PressenzaIPA\" \/>\n<meta name=\"twitter:label1\" content=\"\u00c9crit par\" \/>\n\t<meta name=\"twitter:data1\" content=\"Walker Vizcarra\" \/>\n\t<meta name=\"twitter:label2\" content=\"Dur\u00e9e de lecture estim\u00e9e\" \/>\n\t<meta name=\"twitter:data2\" content=\"2 minutes\" \/>\n<script type=\"application\/ld+json\" class=\"yoast-schema-graph\">{\"@context\":\"https:\/\/schema.org\",\"@graph\":[{\"@type\":\"Article\",\"@id\":\"https:\/\/www.pressenza.com\/fr\/2013\/10\/photos-reportage-communaute-du-milenio-les-plages-cuyabeno\/#article\",\"isPartOf\":{\"@id\":\"https:\/\/www.pressenza.com\/fr\/2013\/10\/photos-reportage-communaute-du-milenio-les-plages-cuyabeno\/\"},\"author\":{\"name\":\"Walker Vizcarra\",\"@id\":\"https:\/\/www.pressenza.com\/fr\/#\/schema\/person\/304df3c2fe6309c2051fa9253134e415\"},\"headline\":\"Equateur. Reportage-photo : la Communaut\u00e9 du Milenio \u2018les plages de Cuyabeno\u2019\",\"datePublished\":\"2013-10-10T04:24:13+00:00\",\"dateModified\":\"2013-10-10T17:45:32+00:00\",\"mainEntityOfPage\":{\"@id\":\"https:\/\/www.pressenza.com\/fr\/2013\/10\/photos-reportage-communaute-du-milenio-les-plages-cuyabeno\/\"},\"wordCount\":405,\"publisher\":{\"@id\":\"https:\/\/www.pressenza.com\/fr\/#organization\"},\"image\":{\"@id\":\"https:\/\/www.pressenza.com\/fr\/2013\/10\/photos-reportage-communaute-du-milenio-les-plages-cuyabeno\/#primaryimage\"},\"thumbnailUrl\":\"http:\/\/www.pressenza.com\/wp-content\/uploads\/2013\/10\/Playas-de-Cuyabeno-05-600x442.jpg\",\"keywords\":[\"b\u00e9n\u00e9fices\",\"Equateur\",\"p\u00e9trole\",\"Rafael Correa\"],\"articleSection\":[\"Am\u00e9rique du Sud\",\"International\",\"Peuples originaires\",\"Politique\",\"Reportages photo\"],\"inLanguage\":\"fr-FR\"},{\"@type\":\"WebPage\",\"@id\":\"https:\/\/www.pressenza.com\/fr\/2013\/10\/photos-reportage-communaute-du-milenio-les-plages-cuyabeno\/\",\"url\":\"https:\/\/www.pressenza.com\/fr\/2013\/10\/photos-reportage-communaute-du-milenio-les-plages-cuyabeno\/\",\"name\":\"Equateur. Reportage-photo : la Communaut\u00e9 du Milenio \u2018les plages de Cuyabeno\u2019\",\"isPartOf\":{\"@id\":\"https:\/\/www.pressenza.com\/fr\/#website\"},\"primaryImageOfPage\":{\"@id\":\"https:\/\/www.pressenza.com\/fr\/2013\/10\/photos-reportage-communaute-du-milenio-les-plages-cuyabeno\/#primaryimage\"},\"image\":{\"@id\":\"https:\/\/www.pressenza.com\/fr\/2013\/10\/photos-reportage-communaute-du-milenio-les-plages-cuyabeno\/#primaryimage\"},\"thumbnailUrl\":\"http:\/\/www.pressenza.com\/wp-content\/uploads\/2013\/10\/Playas-de-Cuyabeno-05-600x442.jpg\",\"datePublished\":\"2013-10-10T04:24:13+00:00\",\"dateModified\":\"2013-10-10T17:45:32+00:00\",\"description\":\"Textes et photos de Walker Vizcarra Le Pr\u00e9sident Rafael Correa a inaugur\u00e9 le 1er Octobre, la Communaut\u00e9 de Milenio \u201cles Plages\u00a0 de Cuyabeno\u201d, situ\u00e9e au\",\"breadcrumb\":{\"@id\":\"https:\/\/www.pressenza.com\/fr\/2013\/10\/photos-reportage-communaute-du-milenio-les-plages-cuyabeno\/#breadcrumb\"},\"inLanguage\":\"fr-FR\",\"potentialAction\":[{\"@type\":\"ReadAction\",\"target\":[\"https:\/\/www.pressenza.com\/fr\/2013\/10\/photos-reportage-communaute-du-milenio-les-plages-cuyabeno\/\"]}]},{\"@type\":\"ImageObject\",\"inLanguage\":\"fr-FR\",\"@id\":\"https:\/\/www.pressenza.com\/fr\/2013\/10\/photos-reportage-communaute-du-milenio-les-plages-cuyabeno\/#primaryimage\",\"url\":\"http:\/\/www.pressenza.com\/wp-content\/uploads\/2013\/10\/Playas-de-Cuyabeno-05-600x442.jpg\",\"contentUrl\":\"http:\/\/www.pressenza.com\/wp-content\/uploads\/2013\/10\/Playas-de-Cuyabeno-05-600x442.jpg\"},{\"@type\":\"BreadcrumbList\",\"@id\":\"https:\/\/www.pressenza.com\/fr\/2013\/10\/photos-reportage-communaute-du-milenio-les-plages-cuyabeno\/#breadcrumb\",\"itemListElement\":[{\"@type\":\"ListItem\",\"position\":1,\"name\":\"Accueil\",\"item\":\"https:\/\/www.pressenza.com\/fr\/\"},{\"@type\":\"ListItem\",\"position\":2,\"name\":\"Equateur. Reportage-photo : la Communaut\u00e9 du Milenio \u2018les plages de Cuyabeno\u2019\"}]},{\"@type\":\"WebSite\",\"@id\":\"https:\/\/www.pressenza.com\/fr\/#website\",\"url\":\"https:\/\/www.pressenza.com\/fr\/\",\"name\":\"Pressenza\",\"description\":\"International Press Agency\",\"publisher\":{\"@id\":\"https:\/\/www.pressenza.com\/fr\/#organization\"},\"potentialAction\":[{\"@type\":\"SearchAction\",\"target\":{\"@type\":\"EntryPoint\",\"urlTemplate\":\"https:\/\/www.pressenza.com\/fr\/?s={search_term_string}\"},\"query-input\":{\"@type\":\"PropertyValueSpecification\",\"valueRequired\":true,\"valueName\":\"search_term_string\"}}],\"inLanguage\":\"fr-FR\"},{\"@type\":\"Organization\",\"@id\":\"https:\/\/www.pressenza.com\/fr\/#organization\",\"name\":\"Pressenza\",\"url\":\"https:\/\/www.pressenza.com\/fr\/\",\"logo\":{\"@type\":\"ImageObject\",\"inLanguage\":\"fr-FR\",\"@id\":\"https:\/\/www.pressenza.com\/fr\/#\/schema\/logo\/image\/\",\"url\":\"https:\/\/www.pressenza.com\/wp-content\/uploads\/2022\/10\/pressenza_logo_200x200.jpg\",\"contentUrl\":\"https:\/\/www.pressenza.com\/wp-content\/uploads\/2022\/10\/pressenza_logo_200x200.jpg\",\"width\":200,\"height\":200,\"caption\":\"Pressenza\"},\"image\":{\"@id\":\"https:\/\/www.pressenza.com\/fr\/#\/schema\/logo\/image\/\"},\"sameAs\":[\"https:\/\/www.facebook.com\/PressenzaItalia\",\"https:\/\/x.com\/PressenzaIPA\"]},{\"@type\":\"Person\",\"@id\":\"https:\/\/www.pressenza.com\/fr\/#\/schema\/person\/304df3c2fe6309c2051fa9253134e415\",\"name\":\"Walker Vizcarra\",\"description\":\"Ecuadorian, photographer and nonviolence activist! https:\/\/www.instagram.com\/walker.vizcarra\/\",\"url\":\"https:\/\/www.pressenza.com\/fr\/author\/walker-vizcarra\/\"}]}<\/script>\n<!-- \/ Yoast SEO plugin. -->","yoast_head_json":{"title":"Equateur. Reportage-photo : la Communaut\u00e9 du Milenio \u2018les plages de Cuyabeno\u2019","description":"Textes et photos de Walker Vizcarra Le Pr\u00e9sident Rafael Correa a inaugur\u00e9 le 1er Octobre, la Communaut\u00e9 de Milenio \u201cles Plages\u00a0 de Cuyabeno\u201d, situ\u00e9e au","robots":{"index":"index","follow":"follow","max-snippet":"max-snippet:-1","max-image-preview":"max-image-preview:large","max-video-preview":"max-video-preview:-1"},"canonical":"https:\/\/www.pressenza.com\/fr\/2013\/10\/photos-reportage-communaute-du-milenio-les-plages-cuyabeno\/","og_locale":"fr_FR","og_type":"article","og_title":"Equateur. Reportage-photo : la Communaut\u00e9 du Milenio \u2018les plages de Cuyabeno\u2019","og_description":"Textes et photos de Walker Vizcarra Le Pr\u00e9sident Rafael Correa a inaugur\u00e9 le 1er Octobre, la Communaut\u00e9 de Milenio \u201cles Plages\u00a0 de Cuyabeno\u201d, situ\u00e9e au","og_url":"https:\/\/www.pressenza.com\/fr\/2013\/10\/photos-reportage-communaute-du-milenio-les-plages-cuyabeno\/","og_site_name":"Pressenza","article_publisher":"https:\/\/www.facebook.com\/PressenzaItalia","article_published_time":"2013-10-10T04:24:13+00:00","article_modified_time":"2013-10-10T17:45:32+00:00","og_image":[{"url":"http:\/\/www.pressenza.com\/wp-content\/uploads\/2013\/10\/Playas-de-Cuyabeno-05-600x442.jpg","type":"","width":"","height":""}],"author":"Walker Vizcarra","twitter_card":"summary_large_image","twitter_creator":"@PressenzaIPA","twitter_site":"@PressenzaIPA","twitter_misc":{"\u00c9crit par":"Walker Vizcarra","Dur\u00e9e de lecture estim\u00e9e":"2 minutes"},"schema":{"@context":"https:\/\/schema.org","@graph":[{"@type":"Article","@id":"https:\/\/www.pressenza.com\/fr\/2013\/10\/photos-reportage-communaute-du-milenio-les-plages-cuyabeno\/#article","isPartOf":{"@id":"https:\/\/www.pressenza.com\/fr\/2013\/10\/photos-reportage-communaute-du-milenio-les-plages-cuyabeno\/"},"author":{"name":"Walker Vizcarra","@id":"https:\/\/www.pressenza.com\/fr\/#\/schema\/person\/304df3c2fe6309c2051fa9253134e415"},"headline":"Equateur. Reportage-photo : la Communaut\u00e9 du Milenio \u2018les plages de Cuyabeno\u2019","datePublished":"2013-10-10T04:24:13+00:00","dateModified":"2013-10-10T17:45:32+00:00","mainEntityOfPage":{"@id":"https:\/\/www.pressenza.com\/fr\/2013\/10\/photos-reportage-communaute-du-milenio-les-plages-cuyabeno\/"},"wordCount":405,"publisher":{"@id":"https:\/\/www.pressenza.com\/fr\/#organization"},"image":{"@id":"https:\/\/www.pressenza.com\/fr\/2013\/10\/photos-reportage-communaute-du-milenio-les-plages-cuyabeno\/#primaryimage"},"thumbnailUrl":"http:\/\/www.pressenza.com\/wp-content\/uploads\/2013\/10\/Playas-de-Cuyabeno-05-600x442.jpg","keywords":["b\u00e9n\u00e9fices","Equateur","p\u00e9trole","Rafael Correa"],"articleSection":["Am\u00e9rique du Sud","International","Peuples originaires","Politique","Reportages photo"],"inLanguage":"fr-FR"},{"@type":"WebPage","@id":"https:\/\/www.pressenza.com\/fr\/2013\/10\/photos-reportage-communaute-du-milenio-les-plages-cuyabeno\/","url":"https:\/\/www.pressenza.com\/fr\/2013\/10\/photos-reportage-communaute-du-milenio-les-plages-cuyabeno\/","name":"Equateur. Reportage-photo : la Communaut\u00e9 du Milenio \u2018les plages de Cuyabeno\u2019","isPartOf":{"@id":"https:\/\/www.pressenza.com\/fr\/#website"},"primaryImageOfPage":{"@id":"https:\/\/www.pressenza.com\/fr\/2013\/10\/photos-reportage-communaute-du-milenio-les-plages-cuyabeno\/#primaryimage"},"image":{"@id":"https:\/\/www.pressenza.com\/fr\/2013\/10\/photos-reportage-communaute-du-milenio-les-plages-cuyabeno\/#primaryimage"},"thumbnailUrl":"http:\/\/www.pressenza.com\/wp-content\/uploads\/2013\/10\/Playas-de-Cuyabeno-05-600x442.jpg","datePublished":"2013-10-10T04:24:13+00:00","dateModified":"2013-10-10T17:45:32+00:00","description":"Textes et photos de Walker Vizcarra Le Pr\u00e9sident Rafael Correa a inaugur\u00e9 le 1er Octobre, la Communaut\u00e9 de Milenio \u201cles Plages\u00a0 de Cuyabeno\u201d, situ\u00e9e au","breadcrumb":{"@id":"https:\/\/www.pressenza.com\/fr\/2013\/10\/photos-reportage-communaute-du-milenio-les-plages-cuyabeno\/#breadcrumb"},"inLanguage":"fr-FR","potentialAction":[{"@type":"ReadAction","target":["https:\/\/www.pressenza.com\/fr\/2013\/10\/photos-reportage-communaute-du-milenio-les-plages-cuyabeno\/"]}]},{"@type":"ImageObject","inLanguage":"fr-FR","@id":"https:\/\/www.pressenza.com\/fr\/2013\/10\/photos-reportage-communaute-du-milenio-les-plages-cuyabeno\/#primaryimage","url":"http:\/\/www.pressenza.com\/wp-content\/uploads\/2013\/10\/Playas-de-Cuyabeno-05-600x442.jpg","contentUrl":"http:\/\/www.pressenza.com\/wp-content\/uploads\/2013\/10\/Playas-de-Cuyabeno-05-600x442.jpg"},{"@type":"BreadcrumbList","@id":"https:\/\/www.pressenza.com\/fr\/2013\/10\/photos-reportage-communaute-du-milenio-les-plages-cuyabeno\/#breadcrumb","itemListElement":[{"@type":"ListItem","position":1,"name":"Accueil","item":"https:\/\/www.pressenza.com\/fr\/"},{"@type":"ListItem","position":2,"name":"Equateur. Reportage-photo : la Communaut\u00e9 du Milenio \u2018les plages de Cuyabeno\u2019"}]},{"@type":"WebSite","@id":"https:\/\/www.pressenza.com\/fr\/#website","url":"https:\/\/www.pressenza.com\/fr\/","name":"Pressenza","description":"International Press Agency","publisher":{"@id":"https:\/\/www.pressenza.com\/fr\/#organization"},"potentialAction":[{"@type":"SearchAction","target":{"@type":"EntryPoint","urlTemplate":"https:\/\/www.pressenza.com\/fr\/?s={search_term_string}"},"query-input":{"@type":"PropertyValueSpecification","valueRequired":true,"valueName":"search_term_string"}}],"inLanguage":"fr-FR"},{"@type":"Organization","@id":"https:\/\/www.pressenza.com\/fr\/#organization","name":"Pressenza","url":"https:\/\/www.pressenza.com\/fr\/","logo":{"@type":"ImageObject","inLanguage":"fr-FR","@id":"https:\/\/www.pressenza.com\/fr\/#\/schema\/logo\/image\/","url":"https:\/\/www.pressenza.com\/wp-content\/uploads\/2022\/10\/pressenza_logo_200x200.jpg","contentUrl":"https:\/\/www.pressenza.com\/wp-content\/uploads\/2022\/10\/pressenza_logo_200x200.jpg","width":200,"height":200,"caption":"Pressenza"},"image":{"@id":"https:\/\/www.pressenza.com\/fr\/#\/schema\/logo\/image\/"},"sameAs":["https:\/\/www.facebook.com\/PressenzaItalia","https:\/\/x.com\/PressenzaIPA"]},{"@type":"Person","@id":"https:\/\/www.pressenza.com\/fr\/#\/schema\/person\/304df3c2fe6309c2051fa9253134e415","name":"Walker Vizcarra","description":"Ecuadorian, photographer and nonviolence activist! https:\/\/www.instagram.com\/walker.vizcarra\/","url":"https:\/\/www.pressenza.com\/fr\/author\/walker-vizcarra\/"}]}},"place":"Playas de Cuyabeno","original_article_url":"","_links":{"self":[{"href":"https:\/\/www.pressenza.com\/fr\/wp-json\/wp\/v2\/posts\/72282","targetHints":{"allow":["GET"]}}],"collection":[{"href":"https:\/\/www.pressenza.com\/fr\/wp-json\/wp\/v2\/posts"}],"about":[{"href":"https:\/\/www.pressenza.com\/fr\/wp-json\/wp\/v2\/types\/post"}],"author":[{"embeddable":true,"href":"https:\/\/www.pressenza.com\/fr\/wp-json\/wp\/v2\/users\/487"}],"replies":[{"embeddable":true,"href":"https:\/\/www.pressenza.com\/fr\/wp-json\/wp\/v2\/comments?post=72282"}],"version-history":[{"count":0,"href":"https:\/\/www.pressenza.com\/fr\/wp-json\/wp\/v2\/posts\/72282\/revisions"}],"wp:attachment":[{"href":"https:\/\/www.pressenza.com\/fr\/wp-json\/wp\/v2\/media?parent=72282"}],"wp:term":[{"taxonomy":"category","embeddable":true,"href":"https:\/\/www.pressenza.com\/fr\/wp-json\/wp\/v2\/categories?post=72282"},{"taxonomy":"post_tag","embeddable":true,"href":"https:\/\/www.pressenza.com\/fr\/wp-json\/wp\/v2\/tags?post=72282"}],"curies":[{"name":"wp","href":"https:\/\/api.w.org\/{rel}","templated":true}]}}