{"id":72153,"date":"2013-10-09T05:46:21","date_gmt":"2013-10-09T04:46:21","guid":{"rendered":"http:\/\/www.pressenza.com\/?p=72153"},"modified":"2013-10-09T06:22:36","modified_gmt":"2013-10-09T05:22:36","slug":"semaine-globale-daction-contre-dette-illegitime-les-institutions-financieres-internationales","status":"publish","type":"post","link":"https:\/\/www.pressenza.com\/fr\/2013\/10\/semaine-globale-daction-contre-dette-illegitime-les-institutions-financieres-internationales\/","title":{"rendered":"Semaine globale d\u2019action contre la dette ill\u00e9gitime et les Institutions financi\u00e8res internationales"},"content":{"rendered":"<p><em style=\"font-size: 13px; line-height: 19px;\">Entre le 8 et le 15 octobre 2013 aura lieu la semaine globale d\u2019action contre la dette et les Institutions financi\u00e8res Internationales, IFIs, Pressenza pr\u00e9sente la\u00a0D\u00e9claration commune :<\/em><\/p>\n<p>Le remboursement de la dette, l\u2019\u00e9vasion fiscale et la fuite de capitaux appauvrissent les populations pour enrichir une minorit\u00e9. L\u2019argent est transf\u00e9r\u00e9 du Sud au Nord de la plan\u00e8te, des marginalis\u00e9s aux puissants, des 99% au 1% le plus riche de la population. Ce syst\u00e8me financier d\u00e9vaste les vies et les moyens d\u2019existence de centaines de millions de personnes au travers de ses impacts et des crises qu\u2019il provoque.<\/p>\n<p>Les cr\u00e9anciers avides et imprudents sont prot\u00e9g\u00e9s des impacts des crises de la dette qu\u2019ils ont provoqu\u00e9, tandis que les populations dont la parole a \u00e9t\u00e9 \u00e9touff\u00e9e en payent directement le co\u00fbt. Le syst\u00e8me de pr\u00eats avides et imprudents et des sauvetages bancaires a augment\u00e9 les in\u00e9galit\u00e9s et min\u00e9 la d\u00e9mocratie dans tous les coins du monde.<\/p>\n<p>Ce syst\u00e8me doit prendre fin, comme une \u00e9tape afin d\u2019atteindre une vraie d\u00e9mocratie, une plus grande \u00e9galit\u00e9 et la r\u00e9alisation des droits humains fondamentaux.<\/p>\n<p>&nbsp;<\/p>\n<div>\n<p><img loading=\"lazy\" decoding=\"async\" alt=\"\" src=\"http:\/\/cadtm.org\/local\/cache-vignettes\/L720xH1102\/fr_8x13-7fc45.jpg\" width=\"720\" height=\"1102\" \/><\/p>\n<p>Nous sommes un mouvement global qui soutient les citoyen-ne-s dans le monde entier et r\u00e9clamons\u00a0:<\/p>\n<ul>\n<li>des audits publics ou citoyens afin de d\u00e9terminer si les dettes sont l\u00e9gitimes\u00a0;<\/li>\n<li>la r\u00e9pudiation ou l\u2019annulation des dettes ill\u00e9gitimes et insoutenables\u00a0;<\/li>\n<li>la fin de l\u2019imposition des r\u00e9ponses aux crises de la dette par les int\u00e9r\u00eats des cr\u00e9anciers, tels que les banques et le\u00a0<a href=\"http:\/\/cadtm.org\/FMI,786\" name=\"mot786_0\">FMI<\/a>\u00a0;<\/li>\n<li>un syst\u00e8me de taxation juste et progressif\u00a0;<\/li>\n<li>des pratiques en termes d\u2019endettement public et de gestion des dettes qui garantissent la transparence et la participation des citoyen-ne-s\u00a0;<\/li>\n<li>des d\u00e9penses publiques qui donnent la priorit\u00e9 aux services essentiels et promeuvent un d\u00e9veloppement \u00e9quitable et soutenable\u00a0;<\/li>\n<li>une transformation du syst\u00e8me financier afin de mettre fin \u00e0 l\u2019incessante succession des crises de la dette.<\/li>\n<\/ul>\n<p><strong>CE N\u2019EST PAS NOTRE DETTE\u00a0!<br \/>\nSemaine internationale contre la\u00a0<a href=\"http:\/\/cadtm.org\/Dette-illegitime,761\" name=\"mot761_1\">dette ill\u00e9gitime<\/a>\u00a0et les institutions financi\u00e8res internationales, 8-15 octobre<\/strong><\/p>\n<p>Alors que les plus puissants cr\u00e9anciers du monde sont r\u00e9unis \u00e0 Washington au sein de la\u00a0<a href=\"http:\/\/cadtm.org\/Banque-mondiale,769\" name=\"mot769_2\">Banque mondiale<\/a>\u00a0et du FMI, nous, les peuples, nous nous rassemblons aujourd\u2019hui derri\u00e8re ce message\u00a0:<\/p>\n<p><strong>Les dettes injustes ne sont pas nos dettes.<\/strong><br \/>\nDe l\u2019Am\u00e9rique latine \u00e0 l\u2019Afrique et l\u2019Asie, de l\u2019Europe \u00e0 l\u2019Am\u00e9rique du nord, nous devons supporter les d\u00e9g\u00e2ts et les souffrances caus\u00e9s par les dettes ill\u00e9gitimes et insoutenables.<br \/>\nDans un monde o\u00f9 les emprunteurs sont punis et les cr\u00e9diteurs prennent les d\u00e9cisions, nous d\u00e9clarons aux cr\u00e9diteurs\u00a0: assumez votre responsabilit\u00e9 pour cette faillite que vous nous imposez.<br \/>\nNous voulons des solutions \u00e0 la crise, des solutions centr\u00e9es sur les individus et non pas des fausses solutions impos\u00e9es par les cr\u00e9anciers venus d\u2019en haut.<br \/>\nCette semaine, nos mouvements globaux et locaux disent, de diff\u00e9rentes mani\u00e8res cr\u00e9atives et dans diff\u00e9rentes langues\u00a0:\u00a0<strong>\u201cCe n\u2019est pas notre dette\u201d<\/strong><br \/>\nCe n\u2019est pas notre dette lorsque nous ne l\u2019avons pas cr\u00e9e.<br \/>\nCe n\u2019est pas notre dette lorsque nous n\u2019avons pas \u00e9t\u00e9 consult\u00e9.<br \/>\nCe n\u2019est pas notre dette lorsque nos droits fondamentaux sont viol\u00e9s \u00e0 cause de son remboursement.<br \/>\n<strong>Les dettes injustes ne sont pas nos dettes.<\/strong><\/p>\n<p><strong>Nous vous invitons a vous unir \u00e0 nous pour la semaine d\u2019action du 8 au 15 Octobre pour mettre en place une ou plusieurs des actions suivants pour exprimer nos revendications\u00a0:<\/strong><\/p>\n<ul>\n<li>Organiser des discussions publiques, des conf\u00e9rences, diffuser de l\u2019information sur la th\u00e9matique de la dette (flyers, articles&#8230;)<\/li>\n<li>Organiser des rassemblements, des manifestions ou d\u2019autres formes d\u2019actions dans les \u00e9coles, les lieux de travail, les espaces publiques<\/li>\n<li>Envoyer des lettres ou des d\u00e9clarations \u00e0 vos gouvernements<\/li>\n<li>Envoyer des messages \u00e9lectroniques \u00e0 travers les r\u00e9seaux sociaux (facebook or twitter)<\/li>\n<li>Organiser des conf\u00e9rences de presse, faire circuler des communiqu\u00e9s de presse, envoyer des communiqu\u00e9s \u00e0 des journaux locaux<\/li>\n<\/ul>\n<p><strong>Comment participer\u00a0:<\/strong><\/p>\n<p>Pendant la semaine internationale contre la dette du 8 au 15 Octobre, nous appelons les peuples du monde \u00e0 s\u2019unir derri\u00e8re le slogan\u00a0: \u201cCe n\u2019est pas notre dette\u201d. Nous vous invitons \u00e0 envoyer un message expliquant pourquoi une dette particuli\u00e8re \u201cn\u2019est pas notre dette\u201d ou \u201cne devrait pas \u00eatre pay\u00e9e\u201d\u00a0:<\/p>\n<p>1)En premier lieu, \u00e9crivez sur un panneau pourquoi vous pensez qu\u2019une dette en particulier \u201cn\u2019est pas notre dette\u201d ou qu\u2019elle \u201cne devrait pas \u00eatre pay\u00e9e\u201d. Par exemple\u00a0:<\/p>\n<p><img loading=\"lazy\" decoding=\"async\" alt=\"-\" src=\"http:\/\/cadtm.org\/local\/cache-vignettes\/L8xH11\/puce-32883.gif\" width=\"8\" height=\"11\" \/>\u00a0\u201cCe n\u2019est pas notre dette car elle a servi \u00e0 sauv\u00e9 des banques irresponsables\u201d<br \/>\n<img loading=\"lazy\" decoding=\"async\" alt=\"-\" src=\"http:\/\/cadtm.org\/local\/cache-vignettes\/L8xH11\/puce-32883.gif\" width=\"8\" height=\"11\" \/>\u00a0\u201cCette dette ne devrait pas \u00eatre pay\u00e9e car son remboursement menace notre sant\u00e9..la vie avant la dette\u00a0!\u201d<br \/>\n<img loading=\"lazy\" decoding=\"async\" alt=\"-\" src=\"http:\/\/cadtm.org\/local\/cache-vignettes\/L8xH11\/puce-32883.gif\" width=\"8\" height=\"11\" \/>\u00a0\u201c Cette dette ne devrait pas \u00eatre pay\u00e9e car elle a servi \u00e0 acheter des armes\u201d<\/p>\n<p>2) Ensuite, prenez une photo de vous m\u00eame avec le panneau, comme dans ces exemples\u00a0:<br \/>\n<a href=\"http:\/\/www.flickr.com\/photos\/101919330@N02\/with\/9773614174\/\" rel=\"nofollow external\">http:\/\/www.flickr.com\/photos\/101919&#8230;<\/a><\/p>\n<p>3) Postez votre photo sur twitter, facebook ou instagram, en reprenant votre message accompagn\u00e9 de l\u2019hashtag #notourdebt. Comme dans l\u2019exemple\u00a0:<br \/>\n<a href=\"https:\/\/twitter.com\/tkjones3434\/status\/379617689099968512\/photo\/1\" rel=\"nofollow external\">https:\/\/twitter.com\/tkjones3434\/sta&#8230;<\/a><\/p>\n<p>4) Une fois que vous avez saisi l\u2019hashtag #notourdebt, votre message et votre photo appara\u00eetront automatiquement sur\u00a0:\u00a0<a href=\"http:\/\/tagboard.com\/notourdebt\" rel=\"nofollow external\">http:\/\/tagboard.com\/notourdebt<\/a><\/p>\n<p>Nous voulons collecter des photos d\u2019un peu partout dans le monde pour montrer que l\u2019opposition contre les dettes injustes et ill\u00e9gitimes est globale.<br \/>\nSi vous ne pouvez pas prendre de photo, vous pouvez tout de m\u00eame participer \u00e0 l\u2019action en \u00e9crivant un message sur twitter et\/ou facebook avec l\u2019hashtag #notourdebt. Si vous ne pouvez pas poster votre photo sur twitter ou facebook, vous pouvez l\u2019envoyer \u00e0 info@jubileedebtcampaign.org.uk\u00a0et Jubilee UK la postera pour vous.<\/p>\n<p>Aidez nous \u00e0 faire de cette action un appel mondial contre la dette en la partageant autour de vous\u00a0!<\/p>\n<p>Source :\u00a0<a href=\"http:\/\/cadtm.org\/Semaine-globale-d-action-contre-la,9433\">http:\/\/cadtm.org\/Semaine-globale-d-action-contre-la,9433<\/a><\/p>\n<\/div>\n","protected":false},"excerpt":{"rendered":"<p>Entre le 8 et le 15 octobre 2013 aura lieu la semaine globale d\u2019action contre la dette et les Institutions financi\u00e8res Internationales, IFIs, Pressenza pr\u00e9sente la\u00a0D\u00e9claration commune : Le remboursement de la dette, l\u2019\u00e9vasion fiscale et la fuite de capitaux&hellip;<\/p>\n","protected":false},"author":848,"featured_media":72162,"comment_status":"closed","ping_status":"open","sticky":false,"template":"","format":"standard","meta":{"footnotes":""},"categories":[98,100,40,1248,95],"tags":[3377,7121],"class_list":["post-72153","post","type-post","status-publish","format-standard","has-post-thumbnail","hentry","category-droits-de-lhomme","category-economie","category-international-fr","category-nonviolence-sujet","category-affaires-etrangeres","tag-dette-illegitime","tag-institutions-financieres-internationales"],"yoast_head":"<!-- This site is optimized with the Yoast SEO plugin v27.1.1 - https:\/\/yoast.com\/product\/yoast-seo-wordpress\/ -->\n<title>Semaine globale d\u2019action contre la dette ill\u00e9gitime et les Institutions financi\u00e8res internationales<\/title>\n<meta name=\"description\" content=\"Entre le 8 et le 15 octobre 2013 aura lieu la semaine globale d\u2019action contre la dette et les Institutions financi\u00e8res Internationales, IFIs, Pressenza\" \/>\n<meta name=\"robots\" content=\"index, follow, max-snippet:-1, max-image-preview:large, max-video-preview:-1\" \/>\n<link rel=\"canonical\" href=\"https:\/\/www.pressenza.com\/fr\/2013\/10\/semaine-globale-daction-contre-dette-illegitime-les-institutions-financieres-internationales\/\" \/>\n<meta property=\"og:locale\" content=\"fr_FR\" \/>\n<meta property=\"og:type\" content=\"article\" \/>\n<meta property=\"og:title\" content=\"Semaine globale d\u2019action contre la dette ill\u00e9gitime et les Institutions financi\u00e8res internationales\" \/>\n<meta property=\"og:description\" content=\"Entre le 8 et le 15 octobre 2013 aura lieu la semaine globale d\u2019action contre la dette et les Institutions financi\u00e8res Internationales, IFIs, Pressenza\" \/>\n<meta property=\"og:url\" content=\"https:\/\/www.pressenza.com\/fr\/2013\/10\/semaine-globale-daction-contre-dette-illegitime-les-institutions-financieres-internationales\/\" \/>\n<meta property=\"og:site_name\" content=\"Pressenza\" \/>\n<meta property=\"article:publisher\" content=\"https:\/\/www.facebook.com\/PressenzaItalia\" \/>\n<meta property=\"article:author\" content=\"https:\/\/www.facebook.com\/CADTMNETWORK\/\" \/>\n<meta property=\"article:published_time\" content=\"2013-10-09T04:46:21+00:00\" \/>\n<meta property=\"article:modified_time\" content=\"2013-10-09T05:22:36+00:00\" \/>\n<meta property=\"og:image\" content=\"https:\/\/www.pressenza.com\/wp-content\/uploads\/2013\/10\/illegitimatedebtbanner-frontlarge-Semaine-globale-d\u2019action-contre-la-dette-ill\u00e9gitime-et-les-Institutions-financi\u00e8res-internationales.jpg\" \/>\n\t<meta property=\"og:image:width\" content=\"640\" \/>\n\t<meta property=\"og:image:height\" content=\"361\" \/>\n\t<meta property=\"og:image:type\" content=\"image\/jpeg\" \/>\n<meta name=\"author\" content=\"Comit\u00e9 pour l\u2019abolition des dettes ill\u00e9gitimes (CADTM)\" \/>\n<meta name=\"twitter:card\" content=\"summary_large_image\" \/>\n<meta name=\"twitter:creator\" content=\"@CADTM_int\" \/>\n<meta name=\"twitter:site\" content=\"@PressenzaIPA\" \/>\n<meta name=\"twitter:label1\" content=\"\u00c9crit par\" \/>\n\t<meta name=\"twitter:data1\" content=\"Comit\u00e9 pour l\u2019abolition des dettes ill\u00e9gitimes (CADTM)\" \/>\n\t<meta name=\"twitter:label2\" content=\"Dur\u00e9e de lecture estim\u00e9e\" \/>\n\t<meta name=\"twitter:data2\" content=\"5 minutes\" \/>\n<script type=\"application\/ld+json\" class=\"yoast-schema-graph\">{\"@context\":\"https:\/\/schema.org\",\"@graph\":[{\"@type\":\"Article\",\"@id\":\"https:\/\/www.pressenza.com\/fr\/2013\/10\/semaine-globale-daction-contre-dette-illegitime-les-institutions-financieres-internationales\/#article\",\"isPartOf\":{\"@id\":\"https:\/\/www.pressenza.com\/fr\/2013\/10\/semaine-globale-daction-contre-dette-illegitime-les-institutions-financieres-internationales\/\"},\"author\":{\"name\":\"Comit\u00e9 pour l\u2019abolition des dettes ill\u00e9gitimes (CADTM)\",\"@id\":\"https:\/\/www.pressenza.com\/fr\/#\/schema\/person\/1f570f1450b3d76e0dd919130d5851af\"},\"headline\":\"Semaine globale d\u2019action contre la dette ill\u00e9gitime et les Institutions financi\u00e8res internationales\",\"datePublished\":\"2013-10-09T04:46:21+00:00\",\"dateModified\":\"2013-10-09T05:22:36+00:00\",\"mainEntityOfPage\":{\"@id\":\"https:\/\/www.pressenza.com\/fr\/2013\/10\/semaine-globale-daction-contre-dette-illegitime-les-institutions-financieres-internationales\/\"},\"wordCount\":1011,\"publisher\":{\"@id\":\"https:\/\/www.pressenza.com\/fr\/#organization\"},\"image\":{\"@id\":\"https:\/\/www.pressenza.com\/fr\/2013\/10\/semaine-globale-daction-contre-dette-illegitime-les-institutions-financieres-internationales\/#primaryimage\"},\"thumbnailUrl\":\"https:\/\/www.pressenza.com\/wp-content\/uploads\/2013\/10\/illegitimatedebtbanner-frontlarge-Semaine-globale-d\u2019action-contre-la-dette-ill\u00e9gitime-et-les-Institutions-financi\u00e8res-internationales.jpg\",\"keywords\":[\"dette ill\u00e9gitime\",\"Institutions financi\u00e8res internationales\"],\"articleSection\":[\"Droits humains\",\"Economie\",\"International\",\"Non-violence\",\"Relations internationales\"],\"inLanguage\":\"fr-FR\"},{\"@type\":\"WebPage\",\"@id\":\"https:\/\/www.pressenza.com\/fr\/2013\/10\/semaine-globale-daction-contre-dette-illegitime-les-institutions-financieres-internationales\/\",\"url\":\"https:\/\/www.pressenza.com\/fr\/2013\/10\/semaine-globale-daction-contre-dette-illegitime-les-institutions-financieres-internationales\/\",\"name\":\"Semaine globale d\u2019action contre la dette ill\u00e9gitime et les Institutions financi\u00e8res internationales\",\"isPartOf\":{\"@id\":\"https:\/\/www.pressenza.com\/fr\/#website\"},\"primaryImageOfPage\":{\"@id\":\"https:\/\/www.pressenza.com\/fr\/2013\/10\/semaine-globale-daction-contre-dette-illegitime-les-institutions-financieres-internationales\/#primaryimage\"},\"image\":{\"@id\":\"https:\/\/www.pressenza.com\/fr\/2013\/10\/semaine-globale-daction-contre-dette-illegitime-les-institutions-financieres-internationales\/#primaryimage\"},\"thumbnailUrl\":\"https:\/\/www.pressenza.com\/wp-content\/uploads\/2013\/10\/illegitimatedebtbanner-frontlarge-Semaine-globale-d\u2019action-contre-la-dette-ill\u00e9gitime-et-les-Institutions-financi\u00e8res-internationales.jpg\",\"datePublished\":\"2013-10-09T04:46:21+00:00\",\"dateModified\":\"2013-10-09T05:22:36+00:00\",\"description\":\"Entre le 8 et le 15 octobre 2013 aura lieu la semaine globale d\u2019action contre la dette et les Institutions financi\u00e8res Internationales, IFIs, Pressenza\",\"breadcrumb\":{\"@id\":\"https:\/\/www.pressenza.com\/fr\/2013\/10\/semaine-globale-daction-contre-dette-illegitime-les-institutions-financieres-internationales\/#breadcrumb\"},\"inLanguage\":\"fr-FR\",\"potentialAction\":[{\"@type\":\"ReadAction\",\"target\":[\"https:\/\/www.pressenza.com\/fr\/2013\/10\/semaine-globale-daction-contre-dette-illegitime-les-institutions-financieres-internationales\/\"]}]},{\"@type\":\"ImageObject\",\"inLanguage\":\"fr-FR\",\"@id\":\"https:\/\/www.pressenza.com\/fr\/2013\/10\/semaine-globale-daction-contre-dette-illegitime-les-institutions-financieres-internationales\/#primaryimage\",\"url\":\"https:\/\/www.pressenza.com\/wp-content\/uploads\/2013\/10\/illegitimatedebtbanner-frontlarge-Semaine-globale-d\u2019action-contre-la-dette-ill\u00e9gitime-et-les-Institutions-financi\u00e8res-internationales.jpg\",\"contentUrl\":\"https:\/\/www.pressenza.com\/wp-content\/uploads\/2013\/10\/illegitimatedebtbanner-frontlarge-Semaine-globale-d\u2019action-contre-la-dette-ill\u00e9gitime-et-les-Institutions-financi\u00e8res-internationales.jpg\",\"width\":640,\"height\":361},{\"@type\":\"BreadcrumbList\",\"@id\":\"https:\/\/www.pressenza.com\/fr\/2013\/10\/semaine-globale-daction-contre-dette-illegitime-les-institutions-financieres-internationales\/#breadcrumb\",\"itemListElement\":[{\"@type\":\"ListItem\",\"position\":1,\"name\":\"Accueil\",\"item\":\"https:\/\/www.pressenza.com\/fr\/\"},{\"@type\":\"ListItem\",\"position\":2,\"name\":\"Semaine globale d\u2019action contre la dette ill\u00e9gitime et les Institutions financi\u00e8res internationales\"}]},{\"@type\":\"WebSite\",\"@id\":\"https:\/\/www.pressenza.com\/fr\/#website\",\"url\":\"https:\/\/www.pressenza.com\/fr\/\",\"name\":\"Pressenza\",\"description\":\"International Press Agency\",\"publisher\":{\"@id\":\"https:\/\/www.pressenza.com\/fr\/#organization\"},\"potentialAction\":[{\"@type\":\"SearchAction\",\"target\":{\"@type\":\"EntryPoint\",\"urlTemplate\":\"https:\/\/www.pressenza.com\/fr\/?s={search_term_string}\"},\"query-input\":{\"@type\":\"PropertyValueSpecification\",\"valueRequired\":true,\"valueName\":\"search_term_string\"}}],\"inLanguage\":\"fr-FR\"},{\"@type\":\"Organization\",\"@id\":\"https:\/\/www.pressenza.com\/fr\/#organization\",\"name\":\"Pressenza\",\"url\":\"https:\/\/www.pressenza.com\/fr\/\",\"logo\":{\"@type\":\"ImageObject\",\"inLanguage\":\"fr-FR\",\"@id\":\"https:\/\/www.pressenza.com\/fr\/#\/schema\/logo\/image\/\",\"url\":\"https:\/\/www.pressenza.com\/wp-content\/uploads\/2022\/10\/pressenza_logo_200x200.jpg\",\"contentUrl\":\"https:\/\/www.pressenza.com\/wp-content\/uploads\/2022\/10\/pressenza_logo_200x200.jpg\",\"width\":200,\"height\":200,\"caption\":\"Pressenza\"},\"image\":{\"@id\":\"https:\/\/www.pressenza.com\/fr\/#\/schema\/logo\/image\/\"},\"sameAs\":[\"https:\/\/www.facebook.com\/PressenzaItalia\",\"https:\/\/x.com\/PressenzaIPA\"]},{\"@type\":\"Person\",\"@id\":\"https:\/\/www.pressenza.com\/fr\/#\/schema\/person\/1f570f1450b3d76e0dd919130d5851af\",\"name\":\"Comit\u00e9 pour l\u2019abolition des dettes ill\u00e9gitimes (CADTM)\",\"sameAs\":[\"http:\/\/www.cadtm.org\/\",\"https:\/\/www.facebook.com\/CADTMNETWORK\/\",\"https:\/\/x.com\/CADTM_int\"],\"url\":\"https:\/\/www.pressenza.com\/fr\/author\/comite-pour-annulation-de-la-dette-du-tiers-mond\/\"}]}<\/script>\n<!-- \/ Yoast SEO plugin. -->","yoast_head_json":{"title":"Semaine globale d\u2019action contre la dette ill\u00e9gitime et les Institutions financi\u00e8res internationales","description":"Entre le 8 et le 15 octobre 2013 aura lieu la semaine globale d\u2019action contre la dette et les Institutions financi\u00e8res Internationales, IFIs, Pressenza","robots":{"index":"index","follow":"follow","max-snippet":"max-snippet:-1","max-image-preview":"max-image-preview:large","max-video-preview":"max-video-preview:-1"},"canonical":"https:\/\/www.pressenza.com\/fr\/2013\/10\/semaine-globale-daction-contre-dette-illegitime-les-institutions-financieres-internationales\/","og_locale":"fr_FR","og_type":"article","og_title":"Semaine globale d\u2019action contre la dette ill\u00e9gitime et les Institutions financi\u00e8res internationales","og_description":"Entre le 8 et le 15 octobre 2013 aura lieu la semaine globale d\u2019action contre la dette et les Institutions financi\u00e8res Internationales, IFIs, Pressenza","og_url":"https:\/\/www.pressenza.com\/fr\/2013\/10\/semaine-globale-daction-contre-dette-illegitime-les-institutions-financieres-internationales\/","og_site_name":"Pressenza","article_publisher":"https:\/\/www.facebook.com\/PressenzaItalia","article_author":"https:\/\/www.facebook.com\/CADTMNETWORK\/","article_published_time":"2013-10-09T04:46:21+00:00","article_modified_time":"2013-10-09T05:22:36+00:00","og_image":[{"width":640,"height":361,"url":"https:\/\/www.pressenza.com\/wp-content\/uploads\/2013\/10\/illegitimatedebtbanner-frontlarge-Semaine-globale-d\u2019action-contre-la-dette-ill\u00e9gitime-et-les-Institutions-financi\u00e8res-internationales.jpg","type":"image\/jpeg"}],"author":"Comit\u00e9 pour l\u2019abolition des dettes ill\u00e9gitimes (CADTM)","twitter_card":"summary_large_image","twitter_creator":"@CADTM_int","twitter_site":"@PressenzaIPA","twitter_misc":{"\u00c9crit par":"Comit\u00e9 pour l\u2019abolition des dettes ill\u00e9gitimes (CADTM)","Dur\u00e9e de lecture estim\u00e9e":"5 minutes"},"schema":{"@context":"https:\/\/schema.org","@graph":[{"@type":"Article","@id":"https:\/\/www.pressenza.com\/fr\/2013\/10\/semaine-globale-daction-contre-dette-illegitime-les-institutions-financieres-internationales\/#article","isPartOf":{"@id":"https:\/\/www.pressenza.com\/fr\/2013\/10\/semaine-globale-daction-contre-dette-illegitime-les-institutions-financieres-internationales\/"},"author":{"name":"Comit\u00e9 pour l\u2019abolition des dettes ill\u00e9gitimes (CADTM)","@id":"https:\/\/www.pressenza.com\/fr\/#\/schema\/person\/1f570f1450b3d76e0dd919130d5851af"},"headline":"Semaine globale d\u2019action contre la dette ill\u00e9gitime et les Institutions financi\u00e8res internationales","datePublished":"2013-10-09T04:46:21+00:00","dateModified":"2013-10-09T05:22:36+00:00","mainEntityOfPage":{"@id":"https:\/\/www.pressenza.com\/fr\/2013\/10\/semaine-globale-daction-contre-dette-illegitime-les-institutions-financieres-internationales\/"},"wordCount":1011,"publisher":{"@id":"https:\/\/www.pressenza.com\/fr\/#organization"},"image":{"@id":"https:\/\/www.pressenza.com\/fr\/2013\/10\/semaine-globale-daction-contre-dette-illegitime-les-institutions-financieres-internationales\/#primaryimage"},"thumbnailUrl":"https:\/\/www.pressenza.com\/wp-content\/uploads\/2013\/10\/illegitimatedebtbanner-frontlarge-Semaine-globale-d\u2019action-contre-la-dette-ill\u00e9gitime-et-les-Institutions-financi\u00e8res-internationales.jpg","keywords":["dette ill\u00e9gitime","Institutions financi\u00e8res internationales"],"articleSection":["Droits humains","Economie","International","Non-violence","Relations internationales"],"inLanguage":"fr-FR"},{"@type":"WebPage","@id":"https:\/\/www.pressenza.com\/fr\/2013\/10\/semaine-globale-daction-contre-dette-illegitime-les-institutions-financieres-internationales\/","url":"https:\/\/www.pressenza.com\/fr\/2013\/10\/semaine-globale-daction-contre-dette-illegitime-les-institutions-financieres-internationales\/","name":"Semaine globale d\u2019action contre la dette ill\u00e9gitime et les Institutions financi\u00e8res internationales","isPartOf":{"@id":"https:\/\/www.pressenza.com\/fr\/#website"},"primaryImageOfPage":{"@id":"https:\/\/www.pressenza.com\/fr\/2013\/10\/semaine-globale-daction-contre-dette-illegitime-les-institutions-financieres-internationales\/#primaryimage"},"image":{"@id":"https:\/\/www.pressenza.com\/fr\/2013\/10\/semaine-globale-daction-contre-dette-illegitime-les-institutions-financieres-internationales\/#primaryimage"},"thumbnailUrl":"https:\/\/www.pressenza.com\/wp-content\/uploads\/2013\/10\/illegitimatedebtbanner-frontlarge-Semaine-globale-d\u2019action-contre-la-dette-ill\u00e9gitime-et-les-Institutions-financi\u00e8res-internationales.jpg","datePublished":"2013-10-09T04:46:21+00:00","dateModified":"2013-10-09T05:22:36+00:00","description":"Entre le 8 et le 15 octobre 2013 aura lieu la semaine globale d\u2019action contre la dette et les Institutions financi\u00e8res Internationales, IFIs, Pressenza","breadcrumb":{"@id":"https:\/\/www.pressenza.com\/fr\/2013\/10\/semaine-globale-daction-contre-dette-illegitime-les-institutions-financieres-internationales\/#breadcrumb"},"inLanguage":"fr-FR","potentialAction":[{"@type":"ReadAction","target":["https:\/\/www.pressenza.com\/fr\/2013\/10\/semaine-globale-daction-contre-dette-illegitime-les-institutions-financieres-internationales\/"]}]},{"@type":"ImageObject","inLanguage":"fr-FR","@id":"https:\/\/www.pressenza.com\/fr\/2013\/10\/semaine-globale-daction-contre-dette-illegitime-les-institutions-financieres-internationales\/#primaryimage","url":"https:\/\/www.pressenza.com\/wp-content\/uploads\/2013\/10\/illegitimatedebtbanner-frontlarge-Semaine-globale-d\u2019action-contre-la-dette-ill\u00e9gitime-et-les-Institutions-financi\u00e8res-internationales.jpg","contentUrl":"https:\/\/www.pressenza.com\/wp-content\/uploads\/2013\/10\/illegitimatedebtbanner-frontlarge-Semaine-globale-d\u2019action-contre-la-dette-ill\u00e9gitime-et-les-Institutions-financi\u00e8res-internationales.jpg","width":640,"height":361},{"@type":"BreadcrumbList","@id":"https:\/\/www.pressenza.com\/fr\/2013\/10\/semaine-globale-daction-contre-dette-illegitime-les-institutions-financieres-internationales\/#breadcrumb","itemListElement":[{"@type":"ListItem","position":1,"name":"Accueil","item":"https:\/\/www.pressenza.com\/fr\/"},{"@type":"ListItem","position":2,"name":"Semaine globale d\u2019action contre la dette ill\u00e9gitime et les Institutions financi\u00e8res internationales"}]},{"@type":"WebSite","@id":"https:\/\/www.pressenza.com\/fr\/#website","url":"https:\/\/www.pressenza.com\/fr\/","name":"Pressenza","description":"International Press Agency","publisher":{"@id":"https:\/\/www.pressenza.com\/fr\/#organization"},"potentialAction":[{"@type":"SearchAction","target":{"@type":"EntryPoint","urlTemplate":"https:\/\/www.pressenza.com\/fr\/?s={search_term_string}"},"query-input":{"@type":"PropertyValueSpecification","valueRequired":true,"valueName":"search_term_string"}}],"inLanguage":"fr-FR"},{"@type":"Organization","@id":"https:\/\/www.pressenza.com\/fr\/#organization","name":"Pressenza","url":"https:\/\/www.pressenza.com\/fr\/","logo":{"@type":"ImageObject","inLanguage":"fr-FR","@id":"https:\/\/www.pressenza.com\/fr\/#\/schema\/logo\/image\/","url":"https:\/\/www.pressenza.com\/wp-content\/uploads\/2022\/10\/pressenza_logo_200x200.jpg","contentUrl":"https:\/\/www.pressenza.com\/wp-content\/uploads\/2022\/10\/pressenza_logo_200x200.jpg","width":200,"height":200,"caption":"Pressenza"},"image":{"@id":"https:\/\/www.pressenza.com\/fr\/#\/schema\/logo\/image\/"},"sameAs":["https:\/\/www.facebook.com\/PressenzaItalia","https:\/\/x.com\/PressenzaIPA"]},{"@type":"Person","@id":"https:\/\/www.pressenza.com\/fr\/#\/schema\/person\/1f570f1450b3d76e0dd919130d5851af","name":"Comit\u00e9 pour l\u2019abolition des dettes ill\u00e9gitimes (CADTM)","sameAs":["http:\/\/www.cadtm.org\/","https:\/\/www.facebook.com\/CADTMNETWORK\/","https:\/\/x.com\/CADTM_int"],"url":"https:\/\/www.pressenza.com\/fr\/author\/comite-pour-annulation-de-la-dette-du-tiers-mond\/"}]}},"place":"","original_article_url":"","_links":{"self":[{"href":"https:\/\/www.pressenza.com\/fr\/wp-json\/wp\/v2\/posts\/72153","targetHints":{"allow":["GET"]}}],"collection":[{"href":"https:\/\/www.pressenza.com\/fr\/wp-json\/wp\/v2\/posts"}],"about":[{"href":"https:\/\/www.pressenza.com\/fr\/wp-json\/wp\/v2\/types\/post"}],"author":[{"embeddable":true,"href":"https:\/\/www.pressenza.com\/fr\/wp-json\/wp\/v2\/users\/848"}],"replies":[{"embeddable":true,"href":"https:\/\/www.pressenza.com\/fr\/wp-json\/wp\/v2\/comments?post=72153"}],"version-history":[{"count":0,"href":"https:\/\/www.pressenza.com\/fr\/wp-json\/wp\/v2\/posts\/72153\/revisions"}],"wp:featuredmedia":[{"embeddable":true,"href":"https:\/\/www.pressenza.com\/fr\/wp-json\/wp\/v2\/media\/72162"}],"wp:attachment":[{"href":"https:\/\/www.pressenza.com\/fr\/wp-json\/wp\/v2\/media?parent=72153"}],"wp:term":[{"taxonomy":"category","embeddable":true,"href":"https:\/\/www.pressenza.com\/fr\/wp-json\/wp\/v2\/categories?post=72153"},{"taxonomy":"post_tag","embeddable":true,"href":"https:\/\/www.pressenza.com\/fr\/wp-json\/wp\/v2\/tags?post=72153"}],"curies":[{"name":"wp","href":"https:\/\/api.w.org\/{rel}","templated":true}]}}