{"id":719455,"date":"2018-09-14T02:20:59","date_gmt":"2018-09-14T01:20:59","guid":{"rendered":"https:\/\/www.pressenza.com\/?p=719455"},"modified":"2018-09-14T02:27:24","modified_gmt":"2018-09-14T01:27:24","slug":"manifestation-des-sans-papiers-pour-aller-au-dela-du-vivre-individuel","status":"publish","type":"post","link":"https:\/\/www.pressenza.com\/fr\/2018\/09\/manifestation-des-sans-papiers-pour-aller-au-dela-du-vivre-individuel\/","title":{"rendered":"Manifestation des sans-papiers : pour aller au-del\u00e0 du &lsquo;vivre individuel&rsquo;"},"content":{"rendered":"<p>\u00ab L\u2019\u00e9mancipation des sans-papiers sera l\u2019\u0153uvre des sans-papiers eux-m\u00eames \u00bb, peut-on lire sur<a href=\"http:\/\/lavoixdessanspapiers.eu.org\/\"> le blog de \u00ab la voix des sans papiers \u00bb<\/a>. En lien avec la Marche des Solidarit\u00e9s, le collectif de <a href=\"https:\/\/csp75.wordpress.com\/\">Coordination des Sans-Papiers<\/a> (CSP 75) \u00e9tait pr\u00e9sent ce vendredi 6 septembre, \u00e0 quelques pas de l\u2019esplanade du Trocad\u00e9ro, devant l\u2019Ambassade du Maroc. Cette manifestation a lieu tous les vendredis, place de la R\u00e9publique, sauf occasion sp\u00e9ciale, comme cette fois-l\u00e0.<\/p>\n<p>Les mots d\u2019ordre, sur le <a href=\"https:\/\/www.facebook.com\/events\/290374198427444\/\">groupe facebook de l&rsquo;\u00e9v\u00e9nement<\/a> :<\/p>\n<p>\u00ab &#8211; Stop au traitement inhumain des migrants sur les 2 rives de la M\u00e9diterran\u00e9e<\/p>\n<p>&#8211; Stop aux accords de la honte o\u00f9 les pays de l&rsquo;Union Europ\u00e9enne sous-traitent \u00e0 leurs anciennes colonies la mission de d\u00e9portation et de violence aupr\u00e8s des migrants<\/p>\n<p>&#8211; Nous exigeons la libert\u00e9 de circulation et d&rsquo;installation pour tous<\/p>\n<p>&#8211; Nous demandons la r\u00e9gularisation de tout.e.s les sans papiers<\/p>\n<p>&#8211; Nous demandons l&rsquo;ouverture des fronti\u00e8res comme seule solution viable pour assurer un traitement digne pour les migrant.e.s.<\/p>\n<p>&#8211; Prise en charge correcte par les associations comp\u00e9tentes fran\u00e7aises des jeunes ayant souffert d\u2019exp\u00e9riences tr\u00e8s dures et qui sont souvent tr\u00e8s ab\u00eem\u00e9.e.s<\/p>\n<p>&#8211; Prise au s\u00e9rieux des collectifs de terrain qui font un v\u00e9ritable travail de fond hors des sch\u00e9mas administratifs \u00e9tatiques conventionnels vou\u00e9s \u00e0 l\u2019\u00e9chec. \u00bb<\/p>\n<p>En effet, en \u00e9change d\u2019accords \u00e9conomiques, l\u2019Europe fait faire le sale boulot aux anciennes colonies : le Maroc envoie vers le Sahara occidental les migrants candidats \u00e0 l\u2019Europe pr\u00e9sents sur son propre territoire afin de les \u00e9loigner des c\u00f4tes europ\u00e9ennes et des enclaves espagnoles de Ceuta et Melilla. Ce qui a notamment provoqu\u00e9 r\u00e9cemment la <a href=\"http:\/\/www.infomigrants.net\/fr\/post\/11754\/maroc-deces-de-deux-migrants-lors-d-un-deplacement-force?kldghfmh=msdkhfmkfh\">mort de deux migrants<\/a> pendant ladite d\u00e9portation.<\/p>\n<p>Le collectif CSP 75 vise \u00e0 sortir les sans-papiers de leur isolement, les aidant \u00e0 effectuer leurs d\u00e9marches aupr\u00e8s de l\u2019administration afin de r\u00e9gulariser leurs situations ; les manifestations organis\u00e9es par le collectif permettent aux sans-papiers de rester visibles et d\u2019interpeller la population ainsi que les autorit\u00e9s sur leur cas.<\/p>\n<p>C\u2019est aussi l\u2019occasion pour les r\u00e9sidents des foyers Amandiers et M\u00fbriers de lancer une invitation \u00e0 leurs voisins, les habitants du quartier et leurs associations \u00e0 une <a href=\"https:\/\/co-city.fr\/fr\/projects\/45-journee-portes-ouvertes-des-foyers-amandiers-et-muriers\">journ\u00e9e portes ouvertes<\/a> le samedi 22 septembre \u00e0 partir de 14h. Un moyen pour eux de faire conna\u00eetre les transformations et les probl\u00e8mes pos\u00e9s dans leur lieu de vie.<\/p>\n<p>Depuis la r\u00e9novation de ces deux foyers, le \u00ab vivre individuel \u00bb impos\u00e9 par l\u2019agencement des locaux emp\u00eache la vie collective jadis si fructueuse, qui permettait notamment de se r\u00e9unir pour les repas, les r\u00e9unions, l\u2019entraide.<\/p>\n<p>Une manifestation aux revendications \u00e0 multiples \u00e9chelles donc, dont on esp\u00e8re que la voix se fera entendre.<\/p>\n<p><iframe loading=\"lazy\" title=\"Manifestation des sans-papiers : pour aller au-del\u00e0 du &#039;vivre individuel&#039;\" width=\"500\" height=\"281\" src=\"https:\/\/www.youtube.com\/embed\/ZKbm6B3XcJY?feature=oembed\" frameborder=\"0\" allow=\"accelerometer; autoplay; clipboard-write; encrypted-media; gyroscope; picture-in-picture; web-share\" referrerpolicy=\"strict-origin-when-cross-origin\" allowfullscreen><\/iframe><\/p>\n","protected":false},"excerpt":{"rendered":"<p>\u00ab L\u2019\u00e9mancipation des sans-papiers sera l\u2019\u0153uvre des sans-papiers eux-m\u00eames \u00bb, peut-on lire sur le blog de \u00ab la voix des sans papiers \u00bb. En lien avec la Marche des Solidarit\u00e9s, le collectif de Coordination des Sans-Papiers (CSP 75) \u00e9tait pr\u00e9sent&hellip;<\/p>\n","protected":false},"author":1466,"featured_media":719458,"comment_status":"closed","ping_status":"closed","sticky":false,"template":"","format":"standard","meta":{"footnotes":""},"categories":[11386,1247,85,27989],"tags":[49849,307,33121,49848],"class_list":["post-719455","post","type-post","status-publish","format-standard","has-post-thumbnail","hentry","category-contenu-original","category-diversite","category-europe-fr","category-video-fr","tag-coordination-des-sans-papiers","tag-manifestation","tag-sans-papiers","tag-vivre-individuel"],"yoast_head":"<!-- This site is optimized with the Yoast SEO plugin v27.1.1 - https:\/\/yoast.com\/product\/yoast-seo-wordpress\/ -->\n<title>Manifestation des sans-papiers : pour aller au-del\u00e0 du &#039;vivre individuel&#039;<\/title>\n<meta name=\"description\" content=\"\u00ab L\u2019\u00e9mancipation des sans-papiers sera l\u2019\u0153uvre des sans-papiers eux-m\u00eames \u00bb, peut-on lire sur le blog de \u00ab la voix des sans papiers \u00bb. En lien avec la\" \/>\n<meta name=\"robots\" content=\"index, follow, max-snippet:-1, max-image-preview:large, max-video-preview:-1\" \/>\n<link rel=\"canonical\" href=\"https:\/\/www.pressenza.com\/fr\/2018\/09\/manifestation-des-sans-papiers-pour-aller-au-dela-du-vivre-individuel\/\" \/>\n<meta property=\"og:locale\" content=\"fr_FR\" \/>\n<meta property=\"og:type\" content=\"article\" \/>\n<meta property=\"og:title\" content=\"Manifestation des sans-papiers : pour aller au-del\u00e0 du &#039;vivre individuel&#039;\" \/>\n<meta property=\"og:description\" content=\"\u00ab L\u2019\u00e9mancipation des sans-papiers sera l\u2019\u0153uvre des sans-papiers eux-m\u00eames \u00bb, peut-on lire sur le blog de \u00ab la voix des sans papiers \u00bb. En lien avec la\" \/>\n<meta property=\"og:url\" content=\"https:\/\/www.pressenza.com\/fr\/2018\/09\/manifestation-des-sans-papiers-pour-aller-au-dela-du-vivre-individuel\/\" \/>\n<meta property=\"og:site_name\" content=\"Pressenza\" \/>\n<meta property=\"article:publisher\" content=\"https:\/\/www.facebook.com\/PressenzaItalia\" \/>\n<meta property=\"article:published_time\" content=\"2018-09-14T01:20:59+00:00\" \/>\n<meta property=\"article:modified_time\" content=\"2018-09-14T01:27:24+00:00\" \/>\n<meta property=\"og:image\" content=\"https:\/\/www.pressenza.com\/wp-content\/uploads\/2018\/09\/Manifestation-sans-papiers-au-del---du-vivre-individuel.jpg\" \/>\n\t<meta property=\"og:image:width\" content=\"800\" \/>\n\t<meta property=\"og:image:height\" content=\"450\" \/>\n\t<meta property=\"og:image:type\" content=\"image\/jpeg\" \/>\n<meta name=\"author\" content=\"Marie-Aim\u00e9e Rabourdin\" \/>\n<meta name=\"twitter:card\" content=\"summary_large_image\" \/>\n<meta name=\"twitter:creator\" content=\"@PressenzaIPA\" \/>\n<meta name=\"twitter:site\" content=\"@PressenzaIPA\" \/>\n<meta name=\"twitter:label1\" content=\"\u00c9crit par\" \/>\n\t<meta name=\"twitter:data1\" content=\"Marie-Aim\u00e9e Rabourdin\" \/>\n\t<meta name=\"twitter:label2\" content=\"Dur\u00e9e de lecture estim\u00e9e\" \/>\n\t<meta name=\"twitter:data2\" content=\"2 minutes\" \/>\n<script type=\"application\/ld+json\" class=\"yoast-schema-graph\">{\"@context\":\"https:\/\/schema.org\",\"@graph\":[{\"@type\":\"Article\",\"@id\":\"https:\/\/www.pressenza.com\/fr\/2018\/09\/manifestation-des-sans-papiers-pour-aller-au-dela-du-vivre-individuel\/#article\",\"isPartOf\":{\"@id\":\"https:\/\/www.pressenza.com\/fr\/2018\/09\/manifestation-des-sans-papiers-pour-aller-au-dela-du-vivre-individuel\/\"},\"author\":{\"name\":\"Marie-Aim\u00e9e Rabourdin\",\"@id\":\"https:\/\/www.pressenza.com\/fr\/#\/schema\/person\/00fb02dbced6aaa10fc076816dac122b\"},\"headline\":\"Manifestation des sans-papiers : pour aller au-del\u00e0 du &lsquo;vivre individuel&rsquo;\",\"datePublished\":\"2018-09-14T01:20:59+00:00\",\"dateModified\":\"2018-09-14T01:27:24+00:00\",\"mainEntityOfPage\":{\"@id\":\"https:\/\/www.pressenza.com\/fr\/2018\/09\/manifestation-des-sans-papiers-pour-aller-au-dela-du-vivre-individuel\/\"},\"wordCount\":493,\"publisher\":{\"@id\":\"https:\/\/www.pressenza.com\/fr\/#organization\"},\"image\":{\"@id\":\"https:\/\/www.pressenza.com\/fr\/2018\/09\/manifestation-des-sans-papiers-pour-aller-au-dela-du-vivre-individuel\/#primaryimage\"},\"thumbnailUrl\":\"https:\/\/www.pressenza.com\/wp-content\/uploads\/2018\/09\/Manifestation-sans-papiers-au-del---du-vivre-individuel.jpg\",\"keywords\":[\"Coordination des Sans-Papiers\",\"manifestation\",\"sans papiers\",\"vivre individuel\"],\"articleSection\":[\"Contenu Original\",\"Diversit\u00e9\",\"Europe\",\"Video\"],\"inLanguage\":\"fr-FR\"},{\"@type\":\"WebPage\",\"@id\":\"https:\/\/www.pressenza.com\/fr\/2018\/09\/manifestation-des-sans-papiers-pour-aller-au-dela-du-vivre-individuel\/\",\"url\":\"https:\/\/www.pressenza.com\/fr\/2018\/09\/manifestation-des-sans-papiers-pour-aller-au-dela-du-vivre-individuel\/\",\"name\":\"Manifestation des sans-papiers : pour aller au-del\u00e0 du 'vivre individuel'\",\"isPartOf\":{\"@id\":\"https:\/\/www.pressenza.com\/fr\/#website\"},\"primaryImageOfPage\":{\"@id\":\"https:\/\/www.pressenza.com\/fr\/2018\/09\/manifestation-des-sans-papiers-pour-aller-au-dela-du-vivre-individuel\/#primaryimage\"},\"image\":{\"@id\":\"https:\/\/www.pressenza.com\/fr\/2018\/09\/manifestation-des-sans-papiers-pour-aller-au-dela-du-vivre-individuel\/#primaryimage\"},\"thumbnailUrl\":\"https:\/\/www.pressenza.com\/wp-content\/uploads\/2018\/09\/Manifestation-sans-papiers-au-del---du-vivre-individuel.jpg\",\"datePublished\":\"2018-09-14T01:20:59+00:00\",\"dateModified\":\"2018-09-14T01:27:24+00:00\",\"description\":\"\u00ab L\u2019\u00e9mancipation des sans-papiers sera l\u2019\u0153uvre des sans-papiers eux-m\u00eames \u00bb, peut-on lire sur le blog de \u00ab la voix des sans papiers \u00bb. En lien avec la\",\"breadcrumb\":{\"@id\":\"https:\/\/www.pressenza.com\/fr\/2018\/09\/manifestation-des-sans-papiers-pour-aller-au-dela-du-vivre-individuel\/#breadcrumb\"},\"inLanguage\":\"fr-FR\",\"potentialAction\":[{\"@type\":\"ReadAction\",\"target\":[\"https:\/\/www.pressenza.com\/fr\/2018\/09\/manifestation-des-sans-papiers-pour-aller-au-dela-du-vivre-individuel\/\"]}]},{\"@type\":\"ImageObject\",\"inLanguage\":\"fr-FR\",\"@id\":\"https:\/\/www.pressenza.com\/fr\/2018\/09\/manifestation-des-sans-papiers-pour-aller-au-dela-du-vivre-individuel\/#primaryimage\",\"url\":\"https:\/\/www.pressenza.com\/wp-content\/uploads\/2018\/09\/Manifestation-sans-papiers-au-del---du-vivre-individuel.jpg\",\"contentUrl\":\"https:\/\/www.pressenza.com\/wp-content\/uploads\/2018\/09\/Manifestation-sans-papiers-au-del---du-vivre-individuel.jpg\",\"width\":800,\"height\":450,\"caption\":\"Manifestation des sans-papiers : pour aller au-del\u00e0 du \u2018vivre individuel\u2019\"},{\"@type\":\"BreadcrumbList\",\"@id\":\"https:\/\/www.pressenza.com\/fr\/2018\/09\/manifestation-des-sans-papiers-pour-aller-au-dela-du-vivre-individuel\/#breadcrumb\",\"itemListElement\":[{\"@type\":\"ListItem\",\"position\":1,\"name\":\"Accueil\",\"item\":\"https:\/\/www.pressenza.com\/fr\/\"},{\"@type\":\"ListItem\",\"position\":2,\"name\":\"Manifestation des sans-papiers : pour aller au-del\u00e0 du &lsquo;vivre individuel&rsquo;\"}]},{\"@type\":\"WebSite\",\"@id\":\"https:\/\/www.pressenza.com\/fr\/#website\",\"url\":\"https:\/\/www.pressenza.com\/fr\/\",\"name\":\"Pressenza\",\"description\":\"International Press Agency\",\"publisher\":{\"@id\":\"https:\/\/www.pressenza.com\/fr\/#organization\"},\"potentialAction\":[{\"@type\":\"SearchAction\",\"target\":{\"@type\":\"EntryPoint\",\"urlTemplate\":\"https:\/\/www.pressenza.com\/fr\/?s={search_term_string}\"},\"query-input\":{\"@type\":\"PropertyValueSpecification\",\"valueRequired\":true,\"valueName\":\"search_term_string\"}}],\"inLanguage\":\"fr-FR\"},{\"@type\":\"Organization\",\"@id\":\"https:\/\/www.pressenza.com\/fr\/#organization\",\"name\":\"Pressenza\",\"url\":\"https:\/\/www.pressenza.com\/fr\/\",\"logo\":{\"@type\":\"ImageObject\",\"inLanguage\":\"fr-FR\",\"@id\":\"https:\/\/www.pressenza.com\/fr\/#\/schema\/logo\/image\/\",\"url\":\"https:\/\/www.pressenza.com\/wp-content\/uploads\/2022\/10\/pressenza_logo_200x200.jpg\",\"contentUrl\":\"https:\/\/www.pressenza.com\/wp-content\/uploads\/2022\/10\/pressenza_logo_200x200.jpg\",\"width\":200,\"height\":200,\"caption\":\"Pressenza\"},\"image\":{\"@id\":\"https:\/\/www.pressenza.com\/fr\/#\/schema\/logo\/image\/\"},\"sameAs\":[\"https:\/\/www.facebook.com\/PressenzaItalia\",\"https:\/\/x.com\/PressenzaIPA\"]},{\"@type\":\"Person\",\"@id\":\"https:\/\/www.pressenza.com\/fr\/#\/schema\/person\/00fb02dbced6aaa10fc076816dac122b\",\"name\":\"Marie-Aim\u00e9e Rabourdin\",\"description\":\"Marie-Aim\u00e9e Rabourdin est dessinatrice, elle r\u00e9alise des vid\u00e9os de dessin anim\u00e9. Elle a grandi \u00e0 Paris et a fait ses \u00e9tudes \u00e0 Lyon. De retour \u00e0 Paris, elle s\u2019investit aupr\u00e8s des migrants entre Stalingrad, Jaur\u00e8s, Porte de La Chapelle et tente de les aider au quotidien entre distribution de th\u00e9 et caf\u00e9, et petits cours de fran\u00e7ais au sein de l\u2019association \u201cMahassine\u201d cr\u00e9\u00e9e avec ses amis.\u200b\",\"url\":\"https:\/\/www.pressenza.com\/fr\/author\/marie-aimee-rabourdin\/\"}]}<\/script>\n<!-- \/ Yoast SEO plugin. -->","yoast_head_json":{"title":"Manifestation des sans-papiers : pour aller au-del\u00e0 du 'vivre individuel'","description":"\u00ab L\u2019\u00e9mancipation des sans-papiers sera l\u2019\u0153uvre des sans-papiers eux-m\u00eames \u00bb, peut-on lire sur le blog de \u00ab la voix des sans papiers \u00bb. En lien avec la","robots":{"index":"index","follow":"follow","max-snippet":"max-snippet:-1","max-image-preview":"max-image-preview:large","max-video-preview":"max-video-preview:-1"},"canonical":"https:\/\/www.pressenza.com\/fr\/2018\/09\/manifestation-des-sans-papiers-pour-aller-au-dela-du-vivre-individuel\/","og_locale":"fr_FR","og_type":"article","og_title":"Manifestation des sans-papiers : pour aller au-del\u00e0 du 'vivre individuel'","og_description":"\u00ab L\u2019\u00e9mancipation des sans-papiers sera l\u2019\u0153uvre des sans-papiers eux-m\u00eames \u00bb, peut-on lire sur le blog de \u00ab la voix des sans papiers \u00bb. En lien avec la","og_url":"https:\/\/www.pressenza.com\/fr\/2018\/09\/manifestation-des-sans-papiers-pour-aller-au-dela-du-vivre-individuel\/","og_site_name":"Pressenza","article_publisher":"https:\/\/www.facebook.com\/PressenzaItalia","article_published_time":"2018-09-14T01:20:59+00:00","article_modified_time":"2018-09-14T01:27:24+00:00","og_image":[{"width":800,"height":450,"url":"https:\/\/www.pressenza.com\/wp-content\/uploads\/2018\/09\/Manifestation-sans-papiers-au-del---du-vivre-individuel.jpg","type":"image\/jpeg"}],"author":"Marie-Aim\u00e9e Rabourdin","twitter_card":"summary_large_image","twitter_creator":"@PressenzaIPA","twitter_site":"@PressenzaIPA","twitter_misc":{"\u00c9crit par":"Marie-Aim\u00e9e Rabourdin","Dur\u00e9e de lecture estim\u00e9e":"2 minutes"},"schema":{"@context":"https:\/\/schema.org","@graph":[{"@type":"Article","@id":"https:\/\/www.pressenza.com\/fr\/2018\/09\/manifestation-des-sans-papiers-pour-aller-au-dela-du-vivre-individuel\/#article","isPartOf":{"@id":"https:\/\/www.pressenza.com\/fr\/2018\/09\/manifestation-des-sans-papiers-pour-aller-au-dela-du-vivre-individuel\/"},"author":{"name":"Marie-Aim\u00e9e Rabourdin","@id":"https:\/\/www.pressenza.com\/fr\/#\/schema\/person\/00fb02dbced6aaa10fc076816dac122b"},"headline":"Manifestation des sans-papiers : pour aller au-del\u00e0 du &lsquo;vivre individuel&rsquo;","datePublished":"2018-09-14T01:20:59+00:00","dateModified":"2018-09-14T01:27:24+00:00","mainEntityOfPage":{"@id":"https:\/\/www.pressenza.com\/fr\/2018\/09\/manifestation-des-sans-papiers-pour-aller-au-dela-du-vivre-individuel\/"},"wordCount":493,"publisher":{"@id":"https:\/\/www.pressenza.com\/fr\/#organization"},"image":{"@id":"https:\/\/www.pressenza.com\/fr\/2018\/09\/manifestation-des-sans-papiers-pour-aller-au-dela-du-vivre-individuel\/#primaryimage"},"thumbnailUrl":"https:\/\/www.pressenza.com\/wp-content\/uploads\/2018\/09\/Manifestation-sans-papiers-au-del---du-vivre-individuel.jpg","keywords":["Coordination des Sans-Papiers","manifestation","sans papiers","vivre individuel"],"articleSection":["Contenu Original","Diversit\u00e9","Europe","Video"],"inLanguage":"fr-FR"},{"@type":"WebPage","@id":"https:\/\/www.pressenza.com\/fr\/2018\/09\/manifestation-des-sans-papiers-pour-aller-au-dela-du-vivre-individuel\/","url":"https:\/\/www.pressenza.com\/fr\/2018\/09\/manifestation-des-sans-papiers-pour-aller-au-dela-du-vivre-individuel\/","name":"Manifestation des sans-papiers : pour aller au-del\u00e0 du 'vivre individuel'","isPartOf":{"@id":"https:\/\/www.pressenza.com\/fr\/#website"},"primaryImageOfPage":{"@id":"https:\/\/www.pressenza.com\/fr\/2018\/09\/manifestation-des-sans-papiers-pour-aller-au-dela-du-vivre-individuel\/#primaryimage"},"image":{"@id":"https:\/\/www.pressenza.com\/fr\/2018\/09\/manifestation-des-sans-papiers-pour-aller-au-dela-du-vivre-individuel\/#primaryimage"},"thumbnailUrl":"https:\/\/www.pressenza.com\/wp-content\/uploads\/2018\/09\/Manifestation-sans-papiers-au-del---du-vivre-individuel.jpg","datePublished":"2018-09-14T01:20:59+00:00","dateModified":"2018-09-14T01:27:24+00:00","description":"\u00ab L\u2019\u00e9mancipation des sans-papiers sera l\u2019\u0153uvre des sans-papiers eux-m\u00eames \u00bb, peut-on lire sur le blog de \u00ab la voix des sans papiers \u00bb. En lien avec la","breadcrumb":{"@id":"https:\/\/www.pressenza.com\/fr\/2018\/09\/manifestation-des-sans-papiers-pour-aller-au-dela-du-vivre-individuel\/#breadcrumb"},"inLanguage":"fr-FR","potentialAction":[{"@type":"ReadAction","target":["https:\/\/www.pressenza.com\/fr\/2018\/09\/manifestation-des-sans-papiers-pour-aller-au-dela-du-vivre-individuel\/"]}]},{"@type":"ImageObject","inLanguage":"fr-FR","@id":"https:\/\/www.pressenza.com\/fr\/2018\/09\/manifestation-des-sans-papiers-pour-aller-au-dela-du-vivre-individuel\/#primaryimage","url":"https:\/\/www.pressenza.com\/wp-content\/uploads\/2018\/09\/Manifestation-sans-papiers-au-del---du-vivre-individuel.jpg","contentUrl":"https:\/\/www.pressenza.com\/wp-content\/uploads\/2018\/09\/Manifestation-sans-papiers-au-del---du-vivre-individuel.jpg","width":800,"height":450,"caption":"Manifestation des sans-papiers : pour aller au-del\u00e0 du \u2018vivre individuel\u2019"},{"@type":"BreadcrumbList","@id":"https:\/\/www.pressenza.com\/fr\/2018\/09\/manifestation-des-sans-papiers-pour-aller-au-dela-du-vivre-individuel\/#breadcrumb","itemListElement":[{"@type":"ListItem","position":1,"name":"Accueil","item":"https:\/\/www.pressenza.com\/fr\/"},{"@type":"ListItem","position":2,"name":"Manifestation des sans-papiers : pour aller au-del\u00e0 du &lsquo;vivre individuel&rsquo;"}]},{"@type":"WebSite","@id":"https:\/\/www.pressenza.com\/fr\/#website","url":"https:\/\/www.pressenza.com\/fr\/","name":"Pressenza","description":"International Press Agency","publisher":{"@id":"https:\/\/www.pressenza.com\/fr\/#organization"},"potentialAction":[{"@type":"SearchAction","target":{"@type":"EntryPoint","urlTemplate":"https:\/\/www.pressenza.com\/fr\/?s={search_term_string}"},"query-input":{"@type":"PropertyValueSpecification","valueRequired":true,"valueName":"search_term_string"}}],"inLanguage":"fr-FR"},{"@type":"Organization","@id":"https:\/\/www.pressenza.com\/fr\/#organization","name":"Pressenza","url":"https:\/\/www.pressenza.com\/fr\/","logo":{"@type":"ImageObject","inLanguage":"fr-FR","@id":"https:\/\/www.pressenza.com\/fr\/#\/schema\/logo\/image\/","url":"https:\/\/www.pressenza.com\/wp-content\/uploads\/2022\/10\/pressenza_logo_200x200.jpg","contentUrl":"https:\/\/www.pressenza.com\/wp-content\/uploads\/2022\/10\/pressenza_logo_200x200.jpg","width":200,"height":200,"caption":"Pressenza"},"image":{"@id":"https:\/\/www.pressenza.com\/fr\/#\/schema\/logo\/image\/"},"sameAs":["https:\/\/www.facebook.com\/PressenzaItalia","https:\/\/x.com\/PressenzaIPA"]},{"@type":"Person","@id":"https:\/\/www.pressenza.com\/fr\/#\/schema\/person\/00fb02dbced6aaa10fc076816dac122b","name":"Marie-Aim\u00e9e Rabourdin","description":"Marie-Aim\u00e9e Rabourdin est dessinatrice, elle r\u00e9alise des vid\u00e9os de dessin anim\u00e9. Elle a grandi \u00e0 Paris et a fait ses \u00e9tudes \u00e0 Lyon. De retour \u00e0 Paris, elle s\u2019investit aupr\u00e8s des migrants entre Stalingrad, Jaur\u00e8s, Porte de La Chapelle et tente de les aider au quotidien entre distribution de th\u00e9 et caf\u00e9, et petits cours de fran\u00e7ais au sein de l\u2019association \u201cMahassine\u201d cr\u00e9\u00e9e avec ses amis.\u200b","url":"https:\/\/www.pressenza.com\/fr\/author\/marie-aimee-rabourdin\/"}]}},"place":"Paris, France","original_article_url":"","_links":{"self":[{"href":"https:\/\/www.pressenza.com\/fr\/wp-json\/wp\/v2\/posts\/719455","targetHints":{"allow":["GET"]}}],"collection":[{"href":"https:\/\/www.pressenza.com\/fr\/wp-json\/wp\/v2\/posts"}],"about":[{"href":"https:\/\/www.pressenza.com\/fr\/wp-json\/wp\/v2\/types\/post"}],"author":[{"embeddable":true,"href":"https:\/\/www.pressenza.com\/fr\/wp-json\/wp\/v2\/users\/1466"}],"replies":[{"embeddable":true,"href":"https:\/\/www.pressenza.com\/fr\/wp-json\/wp\/v2\/comments?post=719455"}],"version-history":[{"count":0,"href":"https:\/\/www.pressenza.com\/fr\/wp-json\/wp\/v2\/posts\/719455\/revisions"}],"wp:featuredmedia":[{"embeddable":true,"href":"https:\/\/www.pressenza.com\/fr\/wp-json\/wp\/v2\/media\/719458"}],"wp:attachment":[{"href":"https:\/\/www.pressenza.com\/fr\/wp-json\/wp\/v2\/media?parent=719455"}],"wp:term":[{"taxonomy":"category","embeddable":true,"href":"https:\/\/www.pressenza.com\/fr\/wp-json\/wp\/v2\/categories?post=719455"},{"taxonomy":"post_tag","embeddable":true,"href":"https:\/\/www.pressenza.com\/fr\/wp-json\/wp\/v2\/tags?post=719455"}],"curies":[{"name":"wp","href":"https:\/\/api.w.org\/{rel}","templated":true}]}}