{"id":697296,"date":"2018-08-21T00:00:06","date_gmt":"2018-08-20T23:00:06","guid":{"rendered":"https:\/\/www.pressenza.com\/?p=697296"},"modified":"2018-08-21T00:00:06","modified_gmt":"2018-08-20T23:00:06","slug":"milagro-sala-de-nouveau-assignee-a-domicile-mais-dans-la-mauvaise-maison-pour-la-troisieme-fois","status":"publish","type":"post","link":"https:\/\/www.pressenza.com\/fr\/2018\/08\/milagro-sala-de-nouveau-assignee-a-domicile-mais-dans-la-mauvaise-maison-pour-la-troisieme-fois\/","title":{"rendered":"Milagro Sala de nouveau assign\u00e9e \u00e0 domicile, mais dans la mauvaise maison, pour la troisi\u00e8me fois"},"content":{"rendered":"<p>Ce 19 ao\u00fbt, le matin, le juge Pullen Llermanos a d\u00fb r\u00e9voquer sa propre mesure, qui avait transf\u00e9r\u00e9 Milagro Sala de l&rsquo;assignation \u00e0 r\u00e9sidence \u00e0 El Carmen \u00e0 une prison \u00e0 Salta. L&rsquo;annulation de la proc\u00e9dure d&#8217;emprisonnement a \u00e9t\u00e9 ordonn\u00e9e par la Cour supr\u00eame d&rsquo;Argentine, qui a confirm\u00e9 qu&rsquo;elle acceptait les d\u00e9cisions de la Cour interam\u00e9ricaine des droits humains.<\/p>\n<p>Dans une interview avec P\u00e1gina 12, la leader de Tupac Amaru a dit : \u00ab\u00a0Ils voulaient me s\u00e9parer mais ils n&rsquo;ont pas r\u00e9ussi\u00a0\u00bb. Milagro avait entam\u00e9 une gr\u00e8ve de la faim pour protester contre cette \u00e9ni\u00e8me injustice.<\/p>\n<p>Quant \u00e0 la mani\u00e8re incompr\u00e9hensible dont le juge Jujuy a agi, laleader social a dit, encore une fois dans P\u00e1gina 12 : \u00ab\u00a0C&rsquo;est la troisi\u00e8me fois qu&rsquo;il ne se conforme pas \u00e0 la sentence de la Cour internationale et de la Cour supr\u00eame. Dans la derni\u00e8re d\u00e9cision de la Cour supr\u00eame, dans l&rsquo;un des articles, ils m&rsquo;ont demand\u00e9 pourquoi ils ne s&rsquo;\u00e9taient pas conform\u00e9s \u00e0 la demande de venir chez moi. J&rsquo;aurais d\u00fb faire mon assignation \u00e0 r\u00e9sidence dans le district de Cuyaya et non \u00e0 El Carmen. Maintenant qu&rsquo;il a fait la m\u00eame chose, c&rsquo;est la troisi\u00e8me fois. \u00ab\u00a0Il ne semble pas avoir la capacit\u00e9 de comprendre les \u00e9crits de la Cour Supr\u00eame.\u00a0\u00bb<\/p>\n","protected":false},"excerpt":{"rendered":"<p>Ce 19 ao\u00fbt, le matin, le juge Pullen Llermanos a d\u00fb r\u00e9voquer sa propre mesure, qui avait transf\u00e9r\u00e9 Milagro Sala de l&rsquo;assignation \u00e0 r\u00e9sidence \u00e0 El Carmen \u00e0 une prison \u00e0 Salta. L&rsquo;annulation de la proc\u00e9dure d&#8217;emprisonnement a \u00e9t\u00e9 ordonn\u00e9e&hellip;<\/p>\n","protected":false},"author":594,"featured_media":696587,"comment_status":"closed","ping_status":"closed","sticky":false,"template":"","format":"standard","meta":{"footnotes":""},"categories":[86,11386,98,40],"tags":[1180,7399,27500,49042,35625],"class_list":["post-697296","post","type-post","status-publish","format-standard","has-post-thumbnail","hentry","category-amerique-du-sud","category-contenu-original","category-droits-de-lhomme","category-international-fr","tag-argentine","tag-jujuy","tag-milagro-sala-fr","tag-puellen-lermanos","tag-tupac-amaru-fr"],"yoast_head":"<!-- This site is optimized with the Yoast SEO plugin v27.1.1 - https:\/\/yoast.com\/product\/yoast-seo-wordpress\/ -->\n<title>Milagro Sala de nouveau assign\u00e9e \u00e0 domicile, mais dans la mauvaise maison, pour la troisi\u00e8me fois<\/title>\n<meta name=\"description\" content=\"Ce 19 ao\u00fbt, le matin, le juge Pullen Llermanos a d\u00fb r\u00e9voquer sa propre mesure, qui avait transf\u00e9r\u00e9 Milagro Sala de l&#039;assignation \u00e0 r\u00e9sidence \u00e0 El Carmen \u00e0\" \/>\n<meta name=\"robots\" content=\"index, follow, max-snippet:-1, max-image-preview:large, max-video-preview:-1\" \/>\n<link rel=\"canonical\" href=\"https:\/\/www.pressenza.com\/fr\/2018\/08\/milagro-sala-de-nouveau-assignee-a-domicile-mais-dans-la-mauvaise-maison-pour-la-troisieme-fois\/\" \/>\n<meta property=\"og:locale\" content=\"fr_FR\" \/>\n<meta property=\"og:type\" content=\"article\" \/>\n<meta property=\"og:title\" content=\"Milagro Sala de nouveau assign\u00e9e \u00e0 domicile, mais dans la mauvaise maison, pour la troisi\u00e8me fois\" \/>\n<meta property=\"og:description\" content=\"Ce 19 ao\u00fbt, le matin, le juge Pullen Llermanos a d\u00fb r\u00e9voquer sa propre mesure, qui avait transf\u00e9r\u00e9 Milagro Sala de l&#039;assignation \u00e0 r\u00e9sidence \u00e0 El Carmen \u00e0\" \/>\n<meta property=\"og:url\" content=\"https:\/\/www.pressenza.com\/fr\/2018\/08\/milagro-sala-de-nouveau-assignee-a-domicile-mais-dans-la-mauvaise-maison-pour-la-troisieme-fois\/\" \/>\n<meta property=\"og:site_name\" content=\"Pressenza\" \/>\n<meta property=\"article:publisher\" content=\"https:\/\/www.facebook.com\/PressenzaItalia\" \/>\n<meta property=\"article:author\" content=\"https:\/\/www.facebook.com\/PressenzaItalia\" \/>\n<meta property=\"article:published_time\" content=\"2018-08-20T23:00:06+00:00\" \/>\n<meta property=\"og:image\" content=\"https:\/\/www.pressenza.com\/wp-content\/uploads\/2018\/08\/milagrosala_al-carmen.jpg\" \/>\n\t<meta property=\"og:image:width\" content=\"960\" \/>\n\t<meta property=\"og:image:height\" content=\"540\" \/>\n\t<meta property=\"og:image:type\" content=\"image\/jpeg\" \/>\n<meta name=\"author\" content=\"Redazione Italia\" \/>\n<meta name=\"twitter:card\" content=\"summary_large_image\" \/>\n<meta name=\"twitter:creator\" content=\"@pressenza_it\" \/>\n<meta name=\"twitter:site\" content=\"@PressenzaIPA\" \/>\n<meta name=\"twitter:label1\" content=\"\u00c9crit par\" \/>\n\t<meta name=\"twitter:data1\" content=\"Redazione Italia\" \/>\n\t<meta name=\"twitter:label2\" content=\"Dur\u00e9e de lecture estim\u00e9e\" \/>\n\t<meta name=\"twitter:data2\" content=\"1 minute\" \/>\n<script type=\"application\/ld+json\" class=\"yoast-schema-graph\">{\"@context\":\"https:\/\/schema.org\",\"@graph\":[{\"@type\":\"Article\",\"@id\":\"https:\/\/www.pressenza.com\/fr\/2018\/08\/milagro-sala-de-nouveau-assignee-a-domicile-mais-dans-la-mauvaise-maison-pour-la-troisieme-fois\/#article\",\"isPartOf\":{\"@id\":\"https:\/\/www.pressenza.com\/fr\/2018\/08\/milagro-sala-de-nouveau-assignee-a-domicile-mais-dans-la-mauvaise-maison-pour-la-troisieme-fois\/\"},\"author\":{\"name\":\"Redazione Italia\",\"@id\":\"https:\/\/www.pressenza.com\/fr\/#\/schema\/person\/d983e81827ae24f2c7b1a2123d197f8d\"},\"headline\":\"Milagro Sala de nouveau assign\u00e9e \u00e0 domicile, mais dans la mauvaise maison, pour la troisi\u00e8me fois\",\"datePublished\":\"2018-08-20T23:00:06+00:00\",\"mainEntityOfPage\":{\"@id\":\"https:\/\/www.pressenza.com\/fr\/2018\/08\/milagro-sala-de-nouveau-assignee-a-domicile-mais-dans-la-mauvaise-maison-pour-la-troisieme-fois\/\"},\"wordCount\":254,\"publisher\":{\"@id\":\"https:\/\/www.pressenza.com\/fr\/#organization\"},\"image\":{\"@id\":\"https:\/\/www.pressenza.com\/fr\/2018\/08\/milagro-sala-de-nouveau-assignee-a-domicile-mais-dans-la-mauvaise-maison-pour-la-troisieme-fois\/#primaryimage\"},\"thumbnailUrl\":\"https:\/\/www.pressenza.com\/wp-content\/uploads\/2018\/08\/milagrosala_al-carmen.jpg\",\"keywords\":[\"Argentine\",\"Jujuy\",\"Milagro Sala\",\"Puellen Lermanos\",\"Tupac Amaru\"],\"articleSection\":[\"Am\u00e9rique du Sud\",\"Contenu Original\",\"Droits humains\",\"International\"],\"inLanguage\":\"fr-FR\"},{\"@type\":\"WebPage\",\"@id\":\"https:\/\/www.pressenza.com\/fr\/2018\/08\/milagro-sala-de-nouveau-assignee-a-domicile-mais-dans-la-mauvaise-maison-pour-la-troisieme-fois\/\",\"url\":\"https:\/\/www.pressenza.com\/fr\/2018\/08\/milagro-sala-de-nouveau-assignee-a-domicile-mais-dans-la-mauvaise-maison-pour-la-troisieme-fois\/\",\"name\":\"Milagro Sala de nouveau assign\u00e9e \u00e0 domicile, mais dans la mauvaise maison, pour la troisi\u00e8me fois\",\"isPartOf\":{\"@id\":\"https:\/\/www.pressenza.com\/fr\/#website\"},\"primaryImageOfPage\":{\"@id\":\"https:\/\/www.pressenza.com\/fr\/2018\/08\/milagro-sala-de-nouveau-assignee-a-domicile-mais-dans-la-mauvaise-maison-pour-la-troisieme-fois\/#primaryimage\"},\"image\":{\"@id\":\"https:\/\/www.pressenza.com\/fr\/2018\/08\/milagro-sala-de-nouveau-assignee-a-domicile-mais-dans-la-mauvaise-maison-pour-la-troisieme-fois\/#primaryimage\"},\"thumbnailUrl\":\"https:\/\/www.pressenza.com\/wp-content\/uploads\/2018\/08\/milagrosala_al-carmen.jpg\",\"datePublished\":\"2018-08-20T23:00:06+00:00\",\"description\":\"Ce 19 ao\u00fbt, le matin, le juge Pullen Llermanos a d\u00fb r\u00e9voquer sa propre mesure, qui avait transf\u00e9r\u00e9 Milagro Sala de l'assignation \u00e0 r\u00e9sidence \u00e0 El Carmen \u00e0\",\"breadcrumb\":{\"@id\":\"https:\/\/www.pressenza.com\/fr\/2018\/08\/milagro-sala-de-nouveau-assignee-a-domicile-mais-dans-la-mauvaise-maison-pour-la-troisieme-fois\/#breadcrumb\"},\"inLanguage\":\"fr-FR\",\"potentialAction\":[{\"@type\":\"ReadAction\",\"target\":[\"https:\/\/www.pressenza.com\/fr\/2018\/08\/milagro-sala-de-nouveau-assignee-a-domicile-mais-dans-la-mauvaise-maison-pour-la-troisieme-fois\/\"]}]},{\"@type\":\"ImageObject\",\"inLanguage\":\"fr-FR\",\"@id\":\"https:\/\/www.pressenza.com\/fr\/2018\/08\/milagro-sala-de-nouveau-assignee-a-domicile-mais-dans-la-mauvaise-maison-pour-la-troisieme-fois\/#primaryimage\",\"url\":\"https:\/\/www.pressenza.com\/wp-content\/uploads\/2018\/08\/milagrosala_al-carmen.jpg\",\"contentUrl\":\"https:\/\/www.pressenza.com\/wp-content\/uploads\/2018\/08\/milagrosala_al-carmen.jpg\",\"width\":960,\"height\":540},{\"@type\":\"BreadcrumbList\",\"@id\":\"https:\/\/www.pressenza.com\/fr\/2018\/08\/milagro-sala-de-nouveau-assignee-a-domicile-mais-dans-la-mauvaise-maison-pour-la-troisieme-fois\/#breadcrumb\",\"itemListElement\":[{\"@type\":\"ListItem\",\"position\":1,\"name\":\"Accueil\",\"item\":\"https:\/\/www.pressenza.com\/fr\/\"},{\"@type\":\"ListItem\",\"position\":2,\"name\":\"Milagro Sala de nouveau assign\u00e9e \u00e0 domicile, mais dans la mauvaise maison, pour la troisi\u00e8me fois\"}]},{\"@type\":\"WebSite\",\"@id\":\"https:\/\/www.pressenza.com\/fr\/#website\",\"url\":\"https:\/\/www.pressenza.com\/fr\/\",\"name\":\"Pressenza\",\"description\":\"International Press Agency\",\"publisher\":{\"@id\":\"https:\/\/www.pressenza.com\/fr\/#organization\"},\"potentialAction\":[{\"@type\":\"SearchAction\",\"target\":{\"@type\":\"EntryPoint\",\"urlTemplate\":\"https:\/\/www.pressenza.com\/fr\/?s={search_term_string}\"},\"query-input\":{\"@type\":\"PropertyValueSpecification\",\"valueRequired\":true,\"valueName\":\"search_term_string\"}}],\"inLanguage\":\"fr-FR\"},{\"@type\":\"Organization\",\"@id\":\"https:\/\/www.pressenza.com\/fr\/#organization\",\"name\":\"Pressenza\",\"url\":\"https:\/\/www.pressenza.com\/fr\/\",\"logo\":{\"@type\":\"ImageObject\",\"inLanguage\":\"fr-FR\",\"@id\":\"https:\/\/www.pressenza.com\/fr\/#\/schema\/logo\/image\/\",\"url\":\"https:\/\/www.pressenza.com\/wp-content\/uploads\/2022\/10\/pressenza_logo_200x200.jpg\",\"contentUrl\":\"https:\/\/www.pressenza.com\/wp-content\/uploads\/2022\/10\/pressenza_logo_200x200.jpg\",\"width\":200,\"height\":200,\"caption\":\"Pressenza\"},\"image\":{\"@id\":\"https:\/\/www.pressenza.com\/fr\/#\/schema\/logo\/image\/\"},\"sameAs\":[\"https:\/\/www.facebook.com\/PressenzaItalia\",\"https:\/\/x.com\/PressenzaIPA\"]},{\"@type\":\"Person\",\"@id\":\"https:\/\/www.pressenza.com\/fr\/#\/schema\/person\/d983e81827ae24f2c7b1a2123d197f8d\",\"name\":\"Redazione Italia\",\"description\":\"News from the Pressenza Bureau in Italy\",\"sameAs\":[\"https:\/\/www.pressenza.com\/it\/author\/redazione-italia\/\",\"https:\/\/www.facebook.com\/PressenzaItalia\",\"https:\/\/www.instagram.com\/pressenza_italia\/\",\"https:\/\/x.com\/pressenza_it\",\"https:\/\/www.youtube.com\/channel\/UCSalEIWjE1RSxkwjfftFuqg\"],\"url\":\"https:\/\/www.pressenza.com\/fr\/author\/redazione-italia\/\"}]}<\/script>\n<!-- \/ Yoast SEO plugin. -->","yoast_head_json":{"title":"Milagro Sala de nouveau assign\u00e9e \u00e0 domicile, mais dans la mauvaise maison, pour la troisi\u00e8me fois","description":"Ce 19 ao\u00fbt, le matin, le juge Pullen Llermanos a d\u00fb r\u00e9voquer sa propre mesure, qui avait transf\u00e9r\u00e9 Milagro Sala de l'assignation \u00e0 r\u00e9sidence \u00e0 El Carmen \u00e0","robots":{"index":"index","follow":"follow","max-snippet":"max-snippet:-1","max-image-preview":"max-image-preview:large","max-video-preview":"max-video-preview:-1"},"canonical":"https:\/\/www.pressenza.com\/fr\/2018\/08\/milagro-sala-de-nouveau-assignee-a-domicile-mais-dans-la-mauvaise-maison-pour-la-troisieme-fois\/","og_locale":"fr_FR","og_type":"article","og_title":"Milagro Sala de nouveau assign\u00e9e \u00e0 domicile, mais dans la mauvaise maison, pour la troisi\u00e8me fois","og_description":"Ce 19 ao\u00fbt, le matin, le juge Pullen Llermanos a d\u00fb r\u00e9voquer sa propre mesure, qui avait transf\u00e9r\u00e9 Milagro Sala de l'assignation \u00e0 r\u00e9sidence \u00e0 El Carmen \u00e0","og_url":"https:\/\/www.pressenza.com\/fr\/2018\/08\/milagro-sala-de-nouveau-assignee-a-domicile-mais-dans-la-mauvaise-maison-pour-la-troisieme-fois\/","og_site_name":"Pressenza","article_publisher":"https:\/\/www.facebook.com\/PressenzaItalia","article_author":"https:\/\/www.facebook.com\/PressenzaItalia","article_published_time":"2018-08-20T23:00:06+00:00","og_image":[{"width":960,"height":540,"url":"https:\/\/www.pressenza.com\/wp-content\/uploads\/2018\/08\/milagrosala_al-carmen.jpg","type":"image\/jpeg"}],"author":"Redazione Italia","twitter_card":"summary_large_image","twitter_creator":"@pressenza_it","twitter_site":"@PressenzaIPA","twitter_misc":{"\u00c9crit par":"Redazione Italia","Dur\u00e9e de lecture estim\u00e9e":"1 minute"},"schema":{"@context":"https:\/\/schema.org","@graph":[{"@type":"Article","@id":"https:\/\/www.pressenza.com\/fr\/2018\/08\/milagro-sala-de-nouveau-assignee-a-domicile-mais-dans-la-mauvaise-maison-pour-la-troisieme-fois\/#article","isPartOf":{"@id":"https:\/\/www.pressenza.com\/fr\/2018\/08\/milagro-sala-de-nouveau-assignee-a-domicile-mais-dans-la-mauvaise-maison-pour-la-troisieme-fois\/"},"author":{"name":"Redazione Italia","@id":"https:\/\/www.pressenza.com\/fr\/#\/schema\/person\/d983e81827ae24f2c7b1a2123d197f8d"},"headline":"Milagro Sala de nouveau assign\u00e9e \u00e0 domicile, mais dans la mauvaise maison, pour la troisi\u00e8me fois","datePublished":"2018-08-20T23:00:06+00:00","mainEntityOfPage":{"@id":"https:\/\/www.pressenza.com\/fr\/2018\/08\/milagro-sala-de-nouveau-assignee-a-domicile-mais-dans-la-mauvaise-maison-pour-la-troisieme-fois\/"},"wordCount":254,"publisher":{"@id":"https:\/\/www.pressenza.com\/fr\/#organization"},"image":{"@id":"https:\/\/www.pressenza.com\/fr\/2018\/08\/milagro-sala-de-nouveau-assignee-a-domicile-mais-dans-la-mauvaise-maison-pour-la-troisieme-fois\/#primaryimage"},"thumbnailUrl":"https:\/\/www.pressenza.com\/wp-content\/uploads\/2018\/08\/milagrosala_al-carmen.jpg","keywords":["Argentine","Jujuy","Milagro Sala","Puellen Lermanos","Tupac Amaru"],"articleSection":["Am\u00e9rique du Sud","Contenu Original","Droits humains","International"],"inLanguage":"fr-FR"},{"@type":"WebPage","@id":"https:\/\/www.pressenza.com\/fr\/2018\/08\/milagro-sala-de-nouveau-assignee-a-domicile-mais-dans-la-mauvaise-maison-pour-la-troisieme-fois\/","url":"https:\/\/www.pressenza.com\/fr\/2018\/08\/milagro-sala-de-nouveau-assignee-a-domicile-mais-dans-la-mauvaise-maison-pour-la-troisieme-fois\/","name":"Milagro Sala de nouveau assign\u00e9e \u00e0 domicile, mais dans la mauvaise maison, pour la troisi\u00e8me fois","isPartOf":{"@id":"https:\/\/www.pressenza.com\/fr\/#website"},"primaryImageOfPage":{"@id":"https:\/\/www.pressenza.com\/fr\/2018\/08\/milagro-sala-de-nouveau-assignee-a-domicile-mais-dans-la-mauvaise-maison-pour-la-troisieme-fois\/#primaryimage"},"image":{"@id":"https:\/\/www.pressenza.com\/fr\/2018\/08\/milagro-sala-de-nouveau-assignee-a-domicile-mais-dans-la-mauvaise-maison-pour-la-troisieme-fois\/#primaryimage"},"thumbnailUrl":"https:\/\/www.pressenza.com\/wp-content\/uploads\/2018\/08\/milagrosala_al-carmen.jpg","datePublished":"2018-08-20T23:00:06+00:00","description":"Ce 19 ao\u00fbt, le matin, le juge Pullen Llermanos a d\u00fb r\u00e9voquer sa propre mesure, qui avait transf\u00e9r\u00e9 Milagro Sala de l'assignation \u00e0 r\u00e9sidence \u00e0 El Carmen \u00e0","breadcrumb":{"@id":"https:\/\/www.pressenza.com\/fr\/2018\/08\/milagro-sala-de-nouveau-assignee-a-domicile-mais-dans-la-mauvaise-maison-pour-la-troisieme-fois\/#breadcrumb"},"inLanguage":"fr-FR","potentialAction":[{"@type":"ReadAction","target":["https:\/\/www.pressenza.com\/fr\/2018\/08\/milagro-sala-de-nouveau-assignee-a-domicile-mais-dans-la-mauvaise-maison-pour-la-troisieme-fois\/"]}]},{"@type":"ImageObject","inLanguage":"fr-FR","@id":"https:\/\/www.pressenza.com\/fr\/2018\/08\/milagro-sala-de-nouveau-assignee-a-domicile-mais-dans-la-mauvaise-maison-pour-la-troisieme-fois\/#primaryimage","url":"https:\/\/www.pressenza.com\/wp-content\/uploads\/2018\/08\/milagrosala_al-carmen.jpg","contentUrl":"https:\/\/www.pressenza.com\/wp-content\/uploads\/2018\/08\/milagrosala_al-carmen.jpg","width":960,"height":540},{"@type":"BreadcrumbList","@id":"https:\/\/www.pressenza.com\/fr\/2018\/08\/milagro-sala-de-nouveau-assignee-a-domicile-mais-dans-la-mauvaise-maison-pour-la-troisieme-fois\/#breadcrumb","itemListElement":[{"@type":"ListItem","position":1,"name":"Accueil","item":"https:\/\/www.pressenza.com\/fr\/"},{"@type":"ListItem","position":2,"name":"Milagro Sala de nouveau assign\u00e9e \u00e0 domicile, mais dans la mauvaise maison, pour la troisi\u00e8me fois"}]},{"@type":"WebSite","@id":"https:\/\/www.pressenza.com\/fr\/#website","url":"https:\/\/www.pressenza.com\/fr\/","name":"Pressenza","description":"International Press Agency","publisher":{"@id":"https:\/\/www.pressenza.com\/fr\/#organization"},"potentialAction":[{"@type":"SearchAction","target":{"@type":"EntryPoint","urlTemplate":"https:\/\/www.pressenza.com\/fr\/?s={search_term_string}"},"query-input":{"@type":"PropertyValueSpecification","valueRequired":true,"valueName":"search_term_string"}}],"inLanguage":"fr-FR"},{"@type":"Organization","@id":"https:\/\/www.pressenza.com\/fr\/#organization","name":"Pressenza","url":"https:\/\/www.pressenza.com\/fr\/","logo":{"@type":"ImageObject","inLanguage":"fr-FR","@id":"https:\/\/www.pressenza.com\/fr\/#\/schema\/logo\/image\/","url":"https:\/\/www.pressenza.com\/wp-content\/uploads\/2022\/10\/pressenza_logo_200x200.jpg","contentUrl":"https:\/\/www.pressenza.com\/wp-content\/uploads\/2022\/10\/pressenza_logo_200x200.jpg","width":200,"height":200,"caption":"Pressenza"},"image":{"@id":"https:\/\/www.pressenza.com\/fr\/#\/schema\/logo\/image\/"},"sameAs":["https:\/\/www.facebook.com\/PressenzaItalia","https:\/\/x.com\/PressenzaIPA"]},{"@type":"Person","@id":"https:\/\/www.pressenza.com\/fr\/#\/schema\/person\/d983e81827ae24f2c7b1a2123d197f8d","name":"Redazione Italia","description":"News from the Pressenza Bureau in Italy","sameAs":["https:\/\/www.pressenza.com\/it\/author\/redazione-italia\/","https:\/\/www.facebook.com\/PressenzaItalia","https:\/\/www.instagram.com\/pressenza_italia\/","https:\/\/x.com\/pressenza_it","https:\/\/www.youtube.com\/channel\/UCSalEIWjE1RSxkwjfftFuqg"],"url":"https:\/\/www.pressenza.com\/fr\/author\/redazione-italia\/"}]}},"place":"Argentine","original_article_url":"","_links":{"self":[{"href":"https:\/\/www.pressenza.com\/fr\/wp-json\/wp\/v2\/posts\/697296","targetHints":{"allow":["GET"]}}],"collection":[{"href":"https:\/\/www.pressenza.com\/fr\/wp-json\/wp\/v2\/posts"}],"about":[{"href":"https:\/\/www.pressenza.com\/fr\/wp-json\/wp\/v2\/types\/post"}],"author":[{"embeddable":true,"href":"https:\/\/www.pressenza.com\/fr\/wp-json\/wp\/v2\/users\/594"}],"replies":[{"embeddable":true,"href":"https:\/\/www.pressenza.com\/fr\/wp-json\/wp\/v2\/comments?post=697296"}],"version-history":[{"count":0,"href":"https:\/\/www.pressenza.com\/fr\/wp-json\/wp\/v2\/posts\/697296\/revisions"}],"wp:featuredmedia":[{"embeddable":true,"href":"https:\/\/www.pressenza.com\/fr\/wp-json\/wp\/v2\/media\/696587"}],"wp:attachment":[{"href":"https:\/\/www.pressenza.com\/fr\/wp-json\/wp\/v2\/media?parent=697296"}],"wp:term":[{"taxonomy":"category","embeddable":true,"href":"https:\/\/www.pressenza.com\/fr\/wp-json\/wp\/v2\/categories?post=697296"},{"taxonomy":"post_tag","embeddable":true,"href":"https:\/\/www.pressenza.com\/fr\/wp-json\/wp\/v2\/tags?post=697296"}],"curies":[{"name":"wp","href":"https:\/\/api.w.org\/{rel}","templated":true}]}}