{"id":695028,"date":"2018-08-16T22:51:04","date_gmt":"2018-08-16T21:51:04","guid":{"rendered":"https:\/\/www.pressenza.com\/?p=695028"},"modified":"2018-08-16T22:51:04","modified_gmt":"2018-08-16T21:51:04","slug":"argentine-milagro-sala-la-cour-supreme-demande-le-retour-a-la-detention-domiciliaire","status":"publish","type":"post","link":"https:\/\/www.pressenza.com\/fr\/2018\/08\/argentine-milagro-sala-la-cour-supreme-demande-le-retour-a-la-detention-domiciliaire\/","title":{"rendered":"[Argentine] Milagro Sala : La Cour supr\u00eame demande le retour \u00e0 la d\u00e9tention domiciliaire"},"content":{"rendered":"<p>Ce mardi 14 ao\u00fbt, la Cour supr\u00eame de justice argentine a demand\u00e9 que le tribunal de la province de Jujuy \u00ab\u00a0donne plein effet imm\u00e9diat\u00a0\u00bb au jugement pr\u00e9c\u00e9dent du m\u00eame tribunal &#8211; sign\u00e9 le 5 d\u00e9cembre dernier &#8211; qui a ordonn\u00e9 le remplacement de la d\u00e9tention pr\u00e9ventive de Milagro Sala par l&rsquo;assignation \u00e0 r\u00e9sidence. Ainsi, la Cour supr\u00eame de justice lui a ordonn\u00e9 de se conformer \u00e0 l&rsquo;arr\u00eat de la Cour interam\u00e9ricaine des droits de l&rsquo;homme du 27 novembre 2017.<\/p>\n<p>Selon l&rsquo;avis unanime de Ricardo Lorenzetti, Juan Carlos Maqueda, Elena Highton de Nolasco, Horacio Rosatti et Carlos Rosenkrantz, le remplacement de la peine de prison traditionnelle \u00ab\u00a0doit avoir lieu en son absence ou dans son lieu de r\u00e9sidence habituelle\u00a0\u00bb ou, en tout cas, avec une mesure d&rsquo;assignation \u00e0 r\u00e9sidence encore moins restrictive.<\/p>\n<p>Le chef de l&rsquo;organisation Tupac Amaru a \u00e9t\u00e9 incarc\u00e9r\u00e9 la semaine derni\u00e8re au Complexe P\u00e9nitentiaire G\u00e9n\u00e9ral F\u00e9d\u00e9ral G\u00fbemes \u00e0 Salta.<\/p>\n<p>L&rsquo;arr\u00eat de la Cour a \u00e9t\u00e9 rendu mardi 14 ao\u00fbt par l&rsquo;interm\u00e9diaire du Centre d&rsquo;information judiciaire (CIG), le site Web de l&rsquo;institution judiciaire. Dans le texte de quatre pages, les cinq membres de la plus haute juridiction ont ordonn\u00e9 que les mesures n\u00e9cessaires pour prot\u00e9ger la vie, l&rsquo;int\u00e9grit\u00e9 personnelle et la sant\u00e9 de Mme Milagro Amalia \u00c1ngela Sala&rsquo; soient prises d&rsquo;urgence.<\/p>\n<p>En outre, l&rsquo;arr\u00eat de la Cour exige que la Cour de Jujuy indique \u00ab\u00a0les raisons pour lesquelles sa d\u00e9cision \u00e9tait inconnue\u00a0\u00bb, en date du 5 d\u00e9cembre 2017, \u00ab\u00a0d\u00e8s qu&rsquo;elle a ordonn\u00e9 l&rsquo;assignation \u00e0 r\u00e9sidence\u00a0\u00bb.<\/p>\n<p>Les proches de Milagro Sala accusent le juge Pullen Llermanos de n&rsquo;avoir jamais respect\u00e9 les pr\u00e9ceptes \u00e9tablis par la Commission interam\u00e9ricaine des droits humains (CIDH) et la Cour supr\u00eame, \u00e0 commencer par le choix de ne pas l&rsquo;envoyer en d\u00e9tention \u00e0 domicile dans sa r\u00e9sidence mais dans une r\u00e9sidence loin du centre \u00e0 Carmen, \u00e0 25 kilom\u00e8tres de la capitale.<\/p>\n<p>Le Comit\u00e9 pour la lib\u00e9ration de Milagro Sala a annul\u00e9 la manifestation pr\u00e9vue pour de jeudi 16 ao\u00fbt, \u00e0 l&rsquo;Obelisco de Buenos Aires, qui demandait ce que la Cour a d\u00e9j\u00e0 fait. Milagro Sala poursuit sa gr\u00e8ve de la faim dans la prison de Salta.<\/p>\n","protected":false},"excerpt":{"rendered":"<p>Ce mardi 14 ao\u00fbt, la Cour supr\u00eame de justice argentine a demand\u00e9 que le tribunal de la province de Jujuy \u00ab\u00a0donne plein effet imm\u00e9diat\u00a0\u00bb au jugement pr\u00e9c\u00e9dent du m\u00eame tribunal &#8211; sign\u00e9 le 5 d\u00e9cembre dernier &#8211; qui a ordonn\u00e9&hellip;<\/p>\n","protected":false},"author":594,"featured_media":694329,"comment_status":"closed","ping_status":"closed","sticky":false,"template":"","format":"standard","meta":{"footnotes":""},"categories":[86,11386,98,40],"tags":[1180,48983,7399,27500,35625],"class_list":["post-695028","post","type-post","status-publish","format-standard","has-post-thumbnail","hentry","category-amerique-du-sud","category-contenu-original","category-droits-de-lhomme","category-international-fr","tag-argentine","tag-cour-supreme","tag-jujuy","tag-milagro-sala-fr","tag-tupac-amaru-fr"],"yoast_head":"<!-- This site is optimized with the Yoast SEO plugin v27.1.1 - https:\/\/yoast.com\/product\/yoast-seo-wordpress\/ -->\n<title>[Argentine] Milagro Sala : La Cour supr\u00eame demande le retour \u00e0 la d\u00e9tention domiciliaire<\/title>\n<meta name=\"description\" content=\"Ce mardi 14 ao\u00fbt, la Cour supr\u00eame de justice argentine a demand\u00e9 que le tribunal de la province de Jujuy &quot;donne plein effet imm\u00e9diat&quot; au jugement\" \/>\n<meta name=\"robots\" content=\"index, follow, max-snippet:-1, max-image-preview:large, max-video-preview:-1\" \/>\n<link rel=\"canonical\" href=\"https:\/\/www.pressenza.com\/fr\/2018\/08\/argentine-milagro-sala-la-cour-supreme-demande-le-retour-a-la-detention-domiciliaire\/\" \/>\n<meta property=\"og:locale\" content=\"fr_FR\" \/>\n<meta property=\"og:type\" content=\"article\" \/>\n<meta property=\"og:title\" content=\"[Argentine] Milagro Sala : La Cour supr\u00eame demande le retour \u00e0 la d\u00e9tention domiciliaire\" \/>\n<meta property=\"og:description\" content=\"Ce mardi 14 ao\u00fbt, la Cour supr\u00eame de justice argentine a demand\u00e9 que le tribunal de la province de Jujuy &quot;donne plein effet imm\u00e9diat&quot; au jugement\" \/>\n<meta property=\"og:url\" content=\"https:\/\/www.pressenza.com\/fr\/2018\/08\/argentine-milagro-sala-la-cour-supreme-demande-le-retour-a-la-detention-domiciliaire\/\" \/>\n<meta property=\"og:site_name\" content=\"Pressenza\" \/>\n<meta property=\"article:publisher\" content=\"https:\/\/www.facebook.com\/PressenzaItalia\" \/>\n<meta property=\"article:author\" content=\"https:\/\/www.facebook.com\/PressenzaItalia\" \/>\n<meta property=\"article:published_time\" content=\"2018-08-16T21:51:04+00:00\" \/>\n<meta property=\"og:image\" content=\"https:\/\/www.pressenza.com\/wp-content\/uploads\/2018\/08\/Milagro-Sala-1.jpg\" \/>\n\t<meta property=\"og:image:width\" content=\"760\" \/>\n\t<meta property=\"og:image:height\" content=\"505\" \/>\n\t<meta property=\"og:image:type\" content=\"image\/jpeg\" \/>\n<meta name=\"author\" content=\"Redazione Italia\" \/>\n<meta name=\"twitter:card\" content=\"summary_large_image\" \/>\n<meta name=\"twitter:creator\" content=\"@pressenza_it\" \/>\n<meta name=\"twitter:site\" content=\"@PressenzaIPA\" \/>\n<meta name=\"twitter:label1\" content=\"\u00c9crit par\" \/>\n\t<meta name=\"twitter:data1\" content=\"Redazione Italia\" \/>\n\t<meta name=\"twitter:label2\" content=\"Dur\u00e9e de lecture estim\u00e9e\" \/>\n\t<meta name=\"twitter:data2\" content=\"2 minutes\" \/>\n<script type=\"application\/ld+json\" class=\"yoast-schema-graph\">{\"@context\":\"https:\/\/schema.org\",\"@graph\":[{\"@type\":\"Article\",\"@id\":\"https:\/\/www.pressenza.com\/fr\/2018\/08\/argentine-milagro-sala-la-cour-supreme-demande-le-retour-a-la-detention-domiciliaire\/#article\",\"isPartOf\":{\"@id\":\"https:\/\/www.pressenza.com\/fr\/2018\/08\/argentine-milagro-sala-la-cour-supreme-demande-le-retour-a-la-detention-domiciliaire\/\"},\"author\":{\"name\":\"Redazione Italia\",\"@id\":\"https:\/\/www.pressenza.com\/fr\/#\/schema\/person\/d983e81827ae24f2c7b1a2123d197f8d\"},\"headline\":\"[Argentine] Milagro Sala : La Cour supr\u00eame demande le retour \u00e0 la d\u00e9tention domiciliaire\",\"datePublished\":\"2018-08-16T21:51:04+00:00\",\"mainEntityOfPage\":{\"@id\":\"https:\/\/www.pressenza.com\/fr\/2018\/08\/argentine-milagro-sala-la-cour-supreme-demande-le-retour-a-la-detention-domiciliaire\/\"},\"wordCount\":410,\"publisher\":{\"@id\":\"https:\/\/www.pressenza.com\/fr\/#organization\"},\"image\":{\"@id\":\"https:\/\/www.pressenza.com\/fr\/2018\/08\/argentine-milagro-sala-la-cour-supreme-demande-le-retour-a-la-detention-domiciliaire\/#primaryimage\"},\"thumbnailUrl\":\"https:\/\/www.pressenza.com\/wp-content\/uploads\/2018\/08\/Milagro-Sala-1.jpg\",\"keywords\":[\"Argentine\",\"Cour supr\u00eame\",\"Jujuy\",\"Milagro Sala\",\"Tupac Amaru\"],\"articleSection\":[\"Am\u00e9rique du Sud\",\"Contenu Original\",\"Droits humains\",\"International\"],\"inLanguage\":\"fr-FR\"},{\"@type\":\"WebPage\",\"@id\":\"https:\/\/www.pressenza.com\/fr\/2018\/08\/argentine-milagro-sala-la-cour-supreme-demande-le-retour-a-la-detention-domiciliaire\/\",\"url\":\"https:\/\/www.pressenza.com\/fr\/2018\/08\/argentine-milagro-sala-la-cour-supreme-demande-le-retour-a-la-detention-domiciliaire\/\",\"name\":\"[Argentine] Milagro Sala : La Cour supr\u00eame demande le retour \u00e0 la d\u00e9tention domiciliaire\",\"isPartOf\":{\"@id\":\"https:\/\/www.pressenza.com\/fr\/#website\"},\"primaryImageOfPage\":{\"@id\":\"https:\/\/www.pressenza.com\/fr\/2018\/08\/argentine-milagro-sala-la-cour-supreme-demande-le-retour-a-la-detention-domiciliaire\/#primaryimage\"},\"image\":{\"@id\":\"https:\/\/www.pressenza.com\/fr\/2018\/08\/argentine-milagro-sala-la-cour-supreme-demande-le-retour-a-la-detention-domiciliaire\/#primaryimage\"},\"thumbnailUrl\":\"https:\/\/www.pressenza.com\/wp-content\/uploads\/2018\/08\/Milagro-Sala-1.jpg\",\"datePublished\":\"2018-08-16T21:51:04+00:00\",\"description\":\"Ce mardi 14 ao\u00fbt, la Cour supr\u00eame de justice argentine a demand\u00e9 que le tribunal de la province de Jujuy \\\"donne plein effet imm\u00e9diat\\\" au jugement\",\"breadcrumb\":{\"@id\":\"https:\/\/www.pressenza.com\/fr\/2018\/08\/argentine-milagro-sala-la-cour-supreme-demande-le-retour-a-la-detention-domiciliaire\/#breadcrumb\"},\"inLanguage\":\"fr-FR\",\"potentialAction\":[{\"@type\":\"ReadAction\",\"target\":[\"https:\/\/www.pressenza.com\/fr\/2018\/08\/argentine-milagro-sala-la-cour-supreme-demande-le-retour-a-la-detention-domiciliaire\/\"]}]},{\"@type\":\"ImageObject\",\"inLanguage\":\"fr-FR\",\"@id\":\"https:\/\/www.pressenza.com\/fr\/2018\/08\/argentine-milagro-sala-la-cour-supreme-demande-le-retour-a-la-detention-domiciliaire\/#primaryimage\",\"url\":\"https:\/\/www.pressenza.com\/wp-content\/uploads\/2018\/08\/Milagro-Sala-1.jpg\",\"contentUrl\":\"https:\/\/www.pressenza.com\/wp-content\/uploads\/2018\/08\/Milagro-Sala-1.jpg\",\"width\":760,\"height\":505,\"caption\":\"Milagro Sala : La Cour supr\u00eame demande le retour \u00e0 la d\u00e9tention domiciliaire\"},{\"@type\":\"BreadcrumbList\",\"@id\":\"https:\/\/www.pressenza.com\/fr\/2018\/08\/argentine-milagro-sala-la-cour-supreme-demande-le-retour-a-la-detention-domiciliaire\/#breadcrumb\",\"itemListElement\":[{\"@type\":\"ListItem\",\"position\":1,\"name\":\"Accueil\",\"item\":\"https:\/\/www.pressenza.com\/fr\/\"},{\"@type\":\"ListItem\",\"position\":2,\"name\":\"[Argentine] Milagro Sala : La Cour supr\u00eame demande le retour \u00e0 la d\u00e9tention domiciliaire\"}]},{\"@type\":\"WebSite\",\"@id\":\"https:\/\/www.pressenza.com\/fr\/#website\",\"url\":\"https:\/\/www.pressenza.com\/fr\/\",\"name\":\"Pressenza\",\"description\":\"International Press Agency\",\"publisher\":{\"@id\":\"https:\/\/www.pressenza.com\/fr\/#organization\"},\"potentialAction\":[{\"@type\":\"SearchAction\",\"target\":{\"@type\":\"EntryPoint\",\"urlTemplate\":\"https:\/\/www.pressenza.com\/fr\/?s={search_term_string}\"},\"query-input\":{\"@type\":\"PropertyValueSpecification\",\"valueRequired\":true,\"valueName\":\"search_term_string\"}}],\"inLanguage\":\"fr-FR\"},{\"@type\":\"Organization\",\"@id\":\"https:\/\/www.pressenza.com\/fr\/#organization\",\"name\":\"Pressenza\",\"url\":\"https:\/\/www.pressenza.com\/fr\/\",\"logo\":{\"@type\":\"ImageObject\",\"inLanguage\":\"fr-FR\",\"@id\":\"https:\/\/www.pressenza.com\/fr\/#\/schema\/logo\/image\/\",\"url\":\"https:\/\/www.pressenza.com\/wp-content\/uploads\/2022\/10\/pressenza_logo_200x200.jpg\",\"contentUrl\":\"https:\/\/www.pressenza.com\/wp-content\/uploads\/2022\/10\/pressenza_logo_200x200.jpg\",\"width\":200,\"height\":200,\"caption\":\"Pressenza\"},\"image\":{\"@id\":\"https:\/\/www.pressenza.com\/fr\/#\/schema\/logo\/image\/\"},\"sameAs\":[\"https:\/\/www.facebook.com\/PressenzaItalia\",\"https:\/\/x.com\/PressenzaIPA\"]},{\"@type\":\"Person\",\"@id\":\"https:\/\/www.pressenza.com\/fr\/#\/schema\/person\/d983e81827ae24f2c7b1a2123d197f8d\",\"name\":\"Redazione Italia\",\"description\":\"News from the Pressenza Bureau in Italy\",\"sameAs\":[\"https:\/\/www.pressenza.com\/it\/author\/redazione-italia\/\",\"https:\/\/www.facebook.com\/PressenzaItalia\",\"https:\/\/www.instagram.com\/pressenza_italia\/\",\"https:\/\/x.com\/pressenza_it\",\"https:\/\/www.youtube.com\/channel\/UCSalEIWjE1RSxkwjfftFuqg\"],\"url\":\"https:\/\/www.pressenza.com\/fr\/author\/redazione-italia\/\"}]}<\/script>\n<!-- \/ Yoast SEO plugin. -->","yoast_head_json":{"title":"[Argentine] Milagro Sala : La Cour supr\u00eame demande le retour \u00e0 la d\u00e9tention domiciliaire","description":"Ce mardi 14 ao\u00fbt, la Cour supr\u00eame de justice argentine a demand\u00e9 que le tribunal de la province de Jujuy \"donne plein effet imm\u00e9diat\" au jugement","robots":{"index":"index","follow":"follow","max-snippet":"max-snippet:-1","max-image-preview":"max-image-preview:large","max-video-preview":"max-video-preview:-1"},"canonical":"https:\/\/www.pressenza.com\/fr\/2018\/08\/argentine-milagro-sala-la-cour-supreme-demande-le-retour-a-la-detention-domiciliaire\/","og_locale":"fr_FR","og_type":"article","og_title":"[Argentine] Milagro Sala : La Cour supr\u00eame demande le retour \u00e0 la d\u00e9tention domiciliaire","og_description":"Ce mardi 14 ao\u00fbt, la Cour supr\u00eame de justice argentine a demand\u00e9 que le tribunal de la province de Jujuy \"donne plein effet imm\u00e9diat\" au jugement","og_url":"https:\/\/www.pressenza.com\/fr\/2018\/08\/argentine-milagro-sala-la-cour-supreme-demande-le-retour-a-la-detention-domiciliaire\/","og_site_name":"Pressenza","article_publisher":"https:\/\/www.facebook.com\/PressenzaItalia","article_author":"https:\/\/www.facebook.com\/PressenzaItalia","article_published_time":"2018-08-16T21:51:04+00:00","og_image":[{"width":760,"height":505,"url":"https:\/\/www.pressenza.com\/wp-content\/uploads\/2018\/08\/Milagro-Sala-1.jpg","type":"image\/jpeg"}],"author":"Redazione Italia","twitter_card":"summary_large_image","twitter_creator":"@pressenza_it","twitter_site":"@PressenzaIPA","twitter_misc":{"\u00c9crit par":"Redazione Italia","Dur\u00e9e de lecture estim\u00e9e":"2 minutes"},"schema":{"@context":"https:\/\/schema.org","@graph":[{"@type":"Article","@id":"https:\/\/www.pressenza.com\/fr\/2018\/08\/argentine-milagro-sala-la-cour-supreme-demande-le-retour-a-la-detention-domiciliaire\/#article","isPartOf":{"@id":"https:\/\/www.pressenza.com\/fr\/2018\/08\/argentine-milagro-sala-la-cour-supreme-demande-le-retour-a-la-detention-domiciliaire\/"},"author":{"name":"Redazione Italia","@id":"https:\/\/www.pressenza.com\/fr\/#\/schema\/person\/d983e81827ae24f2c7b1a2123d197f8d"},"headline":"[Argentine] Milagro Sala : La Cour supr\u00eame demande le retour \u00e0 la d\u00e9tention domiciliaire","datePublished":"2018-08-16T21:51:04+00:00","mainEntityOfPage":{"@id":"https:\/\/www.pressenza.com\/fr\/2018\/08\/argentine-milagro-sala-la-cour-supreme-demande-le-retour-a-la-detention-domiciliaire\/"},"wordCount":410,"publisher":{"@id":"https:\/\/www.pressenza.com\/fr\/#organization"},"image":{"@id":"https:\/\/www.pressenza.com\/fr\/2018\/08\/argentine-milagro-sala-la-cour-supreme-demande-le-retour-a-la-detention-domiciliaire\/#primaryimage"},"thumbnailUrl":"https:\/\/www.pressenza.com\/wp-content\/uploads\/2018\/08\/Milagro-Sala-1.jpg","keywords":["Argentine","Cour supr\u00eame","Jujuy","Milagro Sala","Tupac Amaru"],"articleSection":["Am\u00e9rique du Sud","Contenu Original","Droits humains","International"],"inLanguage":"fr-FR"},{"@type":"WebPage","@id":"https:\/\/www.pressenza.com\/fr\/2018\/08\/argentine-milagro-sala-la-cour-supreme-demande-le-retour-a-la-detention-domiciliaire\/","url":"https:\/\/www.pressenza.com\/fr\/2018\/08\/argentine-milagro-sala-la-cour-supreme-demande-le-retour-a-la-detention-domiciliaire\/","name":"[Argentine] Milagro Sala : La Cour supr\u00eame demande le retour \u00e0 la d\u00e9tention domiciliaire","isPartOf":{"@id":"https:\/\/www.pressenza.com\/fr\/#website"},"primaryImageOfPage":{"@id":"https:\/\/www.pressenza.com\/fr\/2018\/08\/argentine-milagro-sala-la-cour-supreme-demande-le-retour-a-la-detention-domiciliaire\/#primaryimage"},"image":{"@id":"https:\/\/www.pressenza.com\/fr\/2018\/08\/argentine-milagro-sala-la-cour-supreme-demande-le-retour-a-la-detention-domiciliaire\/#primaryimage"},"thumbnailUrl":"https:\/\/www.pressenza.com\/wp-content\/uploads\/2018\/08\/Milagro-Sala-1.jpg","datePublished":"2018-08-16T21:51:04+00:00","description":"Ce mardi 14 ao\u00fbt, la Cour supr\u00eame de justice argentine a demand\u00e9 que le tribunal de la province de Jujuy \"donne plein effet imm\u00e9diat\" au jugement","breadcrumb":{"@id":"https:\/\/www.pressenza.com\/fr\/2018\/08\/argentine-milagro-sala-la-cour-supreme-demande-le-retour-a-la-detention-domiciliaire\/#breadcrumb"},"inLanguage":"fr-FR","potentialAction":[{"@type":"ReadAction","target":["https:\/\/www.pressenza.com\/fr\/2018\/08\/argentine-milagro-sala-la-cour-supreme-demande-le-retour-a-la-detention-domiciliaire\/"]}]},{"@type":"ImageObject","inLanguage":"fr-FR","@id":"https:\/\/www.pressenza.com\/fr\/2018\/08\/argentine-milagro-sala-la-cour-supreme-demande-le-retour-a-la-detention-domiciliaire\/#primaryimage","url":"https:\/\/www.pressenza.com\/wp-content\/uploads\/2018\/08\/Milagro-Sala-1.jpg","contentUrl":"https:\/\/www.pressenza.com\/wp-content\/uploads\/2018\/08\/Milagro-Sala-1.jpg","width":760,"height":505,"caption":"Milagro Sala : La Cour supr\u00eame demande le retour \u00e0 la d\u00e9tention domiciliaire"},{"@type":"BreadcrumbList","@id":"https:\/\/www.pressenza.com\/fr\/2018\/08\/argentine-milagro-sala-la-cour-supreme-demande-le-retour-a-la-detention-domiciliaire\/#breadcrumb","itemListElement":[{"@type":"ListItem","position":1,"name":"Accueil","item":"https:\/\/www.pressenza.com\/fr\/"},{"@type":"ListItem","position":2,"name":"[Argentine] Milagro Sala : La Cour supr\u00eame demande le retour \u00e0 la d\u00e9tention domiciliaire"}]},{"@type":"WebSite","@id":"https:\/\/www.pressenza.com\/fr\/#website","url":"https:\/\/www.pressenza.com\/fr\/","name":"Pressenza","description":"International Press Agency","publisher":{"@id":"https:\/\/www.pressenza.com\/fr\/#organization"},"potentialAction":[{"@type":"SearchAction","target":{"@type":"EntryPoint","urlTemplate":"https:\/\/www.pressenza.com\/fr\/?s={search_term_string}"},"query-input":{"@type":"PropertyValueSpecification","valueRequired":true,"valueName":"search_term_string"}}],"inLanguage":"fr-FR"},{"@type":"Organization","@id":"https:\/\/www.pressenza.com\/fr\/#organization","name":"Pressenza","url":"https:\/\/www.pressenza.com\/fr\/","logo":{"@type":"ImageObject","inLanguage":"fr-FR","@id":"https:\/\/www.pressenza.com\/fr\/#\/schema\/logo\/image\/","url":"https:\/\/www.pressenza.com\/wp-content\/uploads\/2022\/10\/pressenza_logo_200x200.jpg","contentUrl":"https:\/\/www.pressenza.com\/wp-content\/uploads\/2022\/10\/pressenza_logo_200x200.jpg","width":200,"height":200,"caption":"Pressenza"},"image":{"@id":"https:\/\/www.pressenza.com\/fr\/#\/schema\/logo\/image\/"},"sameAs":["https:\/\/www.facebook.com\/PressenzaItalia","https:\/\/x.com\/PressenzaIPA"]},{"@type":"Person","@id":"https:\/\/www.pressenza.com\/fr\/#\/schema\/person\/d983e81827ae24f2c7b1a2123d197f8d","name":"Redazione Italia","description":"News from the Pressenza Bureau in Italy","sameAs":["https:\/\/www.pressenza.com\/it\/author\/redazione-italia\/","https:\/\/www.facebook.com\/PressenzaItalia","https:\/\/www.instagram.com\/pressenza_italia\/","https:\/\/x.com\/pressenza_it","https:\/\/www.youtube.com\/channel\/UCSalEIWjE1RSxkwjfftFuqg"],"url":"https:\/\/www.pressenza.com\/fr\/author\/redazione-italia\/"}]}},"place":"Buenos Aires","original_article_url":"","_links":{"self":[{"href":"https:\/\/www.pressenza.com\/fr\/wp-json\/wp\/v2\/posts\/695028","targetHints":{"allow":["GET"]}}],"collection":[{"href":"https:\/\/www.pressenza.com\/fr\/wp-json\/wp\/v2\/posts"}],"about":[{"href":"https:\/\/www.pressenza.com\/fr\/wp-json\/wp\/v2\/types\/post"}],"author":[{"embeddable":true,"href":"https:\/\/www.pressenza.com\/fr\/wp-json\/wp\/v2\/users\/594"}],"replies":[{"embeddable":true,"href":"https:\/\/www.pressenza.com\/fr\/wp-json\/wp\/v2\/comments?post=695028"}],"version-history":[{"count":0,"href":"https:\/\/www.pressenza.com\/fr\/wp-json\/wp\/v2\/posts\/695028\/revisions"}],"wp:featuredmedia":[{"embeddable":true,"href":"https:\/\/www.pressenza.com\/fr\/wp-json\/wp\/v2\/media\/694329"}],"wp:attachment":[{"href":"https:\/\/www.pressenza.com\/fr\/wp-json\/wp\/v2\/media?parent=695028"}],"wp:term":[{"taxonomy":"category","embeddable":true,"href":"https:\/\/www.pressenza.com\/fr\/wp-json\/wp\/v2\/categories?post=695028"},{"taxonomy":"post_tag","embeddable":true,"href":"https:\/\/www.pressenza.com\/fr\/wp-json\/wp\/v2\/tags?post=695028"}],"curies":[{"name":"wp","href":"https:\/\/api.w.org\/{rel}","templated":true}]}}