{"id":69089,"date":"2013-09-17T06:44:28","date_gmt":"2013-09-17T05:44:28","guid":{"rendered":"http:\/\/www.pressenza.com\/?p=69089"},"modified":"2013-09-17T06:46:14","modified_gmt":"2013-09-17T05:46:14","slug":"il-sagit-pas-d","status":"publish","type":"post","link":"https:\/\/www.pressenza.com\/fr\/2013\/09\/il-sagit-pas-d\/","title":{"rendered":"Il ne s\u2019agit pas de vous, de moi ou d\u2019 \u00ab eux \u00bb, mais de nous"},"content":{"rendered":"<p style=\"text-align: left;\" align=\"JUSTIFY\"><img loading=\"lazy\" decoding=\"async\" class=\"alignnone\" alt=\"\" src=\"http:\/\/www.pressenza.com\/wp-content\/uploads\/2013\/09\/Albania-Roma-Daily-News-600x450.jpg\" width=\"600\" height=\"450\" \/><\/p>\n<p style=\"text-align: left;\" align=\"JUSTIFY\">Image : Roma Daily News<\/p>\n<p style=\"text-align: left;\" align=\"JUSTIFY\"><span>L\u2019Europe est actuellement le th\u00e9\u00e2tre d\u2019une action de protestation visant \u00e0 reloger, ne serait-ce que temporairement, les familles de Roms albanais mises \u00e0 la rue le 7 ao\u00fbt 2013. C\u2019est \u00e0 cette date que trente-sept familles Roms ont \u00e9t\u00e9 forc\u00e9es de quitter leurs logements de fortune, d\u00e9log\u00e9es par les autorit\u00e9s albanaises.<\/span><\/p>\n<p style=\"text-align: left;\" align=\"JUSTIFY\"><span>Et aujourd\u2019hui, personne ne prend la responsabilit\u00e9 de les placer, de leur trouver un toit\u00a0! Aucune solution n\u2019est propos\u00e9e malgr\u00e9 les sollicitations publiques r\u00e9p\u00e9t\u00e9es de la part de la jeunesse Rom et \u00c9gyptienne.<\/span><\/p>\n<p style=\"text-align: left;\" align=\"JUSTIFY\"><span>Les protestataires affirment qu\u2019il est urgent de reloger les familles Roms, qu\u2019il faut imm\u00e9diatement leur trouver un toit et que \u00ab\u00a0les Roms qui vivent en Albanie sont des citoyens albanais et ont droit au logement\u00a0\u00bb\u00a0!<\/span><\/p>\n<p style=\"text-align: left;\" align=\"JUSTIFY\"><span>Sur les m\u00e9dias sociaux, le message \u00e9tait le suivant\u00a0: \u00ab\u00a0Vendredi 13 septembre, de 10 \u00e0 12h, soutenons nos compatriotes Roms en Albanie. Faisons preuve de solidarit\u00e9 et d\u2019unit\u00e9\u00a0! Rendez-vous devant les ambassades albanaises de nos pays respectifs, m\u00eame jour, m\u00eame heure, et revendiquons tous la m\u00eame chose\u00a0: \u00ab\u00a0Relogement temporaire urgent des familles Roms\u00a0\u00bb et \u00ab\u00a0les Roms qui vivent en Albanie sont des citoyens Albanais et ont droit au logement\u00a0!\u00a0\u00bb<\/span><\/p>\n<p style=\"text-align: left;\" align=\"JUSTIFY\"><span>Ceci r\u00e9v\u00e8le, une fois de plus, un probl\u00e8me de longue date qui semble provenir du mode de vie nomade que les Roms ont choisi, ce mode de vie n\u2019\u00e9tant aujourd\u2019hui pas universel. Lorsque Pressenza a racont\u00e9 l\u2019histoire d\u2019une Rom install\u00e9e \u00e0 New York ayant d\u00e9cid\u00e9 de ne plus adopter le mode de vie traditionnel de ses compatriotes, un autre point de vue sur la situation est apparu.<\/span><\/p>\n<p style=\"text-align: left;\" align=\"JUSTIFY\"><span>Comme le disait Cristiana Grigore\u00a0: \u00ab\u00a0 Le monde global \u00e9mergent s\u2019attache moins aux fronti\u00e8res mais davantage \u00e0 la libert\u00e9 et la mobilit\u00e9. Dans le monde global, peu importe que nous soyons reli\u00e9s \u00e0 un territoire particulier, l\u2019essentiel est de se rattacher \u00e0 des cultures. Mais les Gitans ont toujours \u00e9t\u00e9 un \u00ab\u00a0peuple sans fronti\u00e8res\u00a0\u00bb, manquant d\u2019un territoire ou d\u2019une nation qui soit la leur. Comme l\u2019un de mes professeurs le disait, \u00ab\u00a0l\u2019Histoire a rattrap\u00e9 les Gitans\u00a0\u00bb. D\u00e9sormais, c\u2019est \u00e0 nous de rattraper la modernit\u00e9 en nous red\u00e9finissant et en m\u00e9tamorphosant notre condition sociale.\u00a0\u00bb<\/span><\/p>\n<p style=\"text-align: left;\" align=\"JUSTIFY\"><span>New York et plus largement les \u00c9tats-Unis, pays multiculturel, l\u2019ont aid\u00e9 \u00e0 red\u00e9finir sa propre identit\u00e9 et voir son h\u00e9ritage culturel d\u2019un nouvel \u0153il, se lib\u00e9rant des batailles du pass\u00e9, regardant au-del\u00e0 de ce qu\u2019elles sont aujourd\u2019hui et de ce qu\u2019elles ont \u00e9t\u00e9, et imaginant ce que l\u2019identit\u00e9 Rom pourrait \u00eatre.<\/span><\/p>\n<p style=\"text-align: left;\" align=\"JUSTIFY\"><span>\u00ab\u00a0 Je peux finalement mettre des mots sur mes doutes et dire que, pour moi\u2026 \u00eatre Rom ou Gitan c\u2019est \u00eatre mondial. De fa\u00e7on similaire, la culture Rom ou gitane a aujourd\u2019hui une incroyable opportunit\u00e9 historique de red\u00e9finir son identit\u00e9 et ses valeurs fondamentales dans un contexte mondial plus accueillant.\u00a0\u00bb<\/span><\/p>\n<p style=\"text-align: left;\" align=\"JUSTIFY\"><span>Alors que les Roms sont consid\u00e9rablement l\u00e9s\u00e9s et discrimin\u00e9s, cette position n\u2019exclue pas la justice. Ils sont pris dans une situation difficile ou la seule fa\u00e7on d\u2019avancer r\u00e9side en le soutien de la soci\u00e9t\u00e9, en les laissant toutefois faire leurs propres choix. Il faut pr\u00eater une attention particuli\u00e8re \u00e0 leurs traditions qui occupent une place pr\u00e9pond\u00e9rante dans leur culture et les ont aid\u00e9s \u00e0 survivre de g\u00e9n\u00e9ration en g\u00e9n\u00e9ration.<\/span><\/p>\n<p style=\"text-align: left;\" align=\"JUSTIFY\"><span>Dans notre soci\u00e9t\u00e9 moderne, on constate une perte g\u00e9n\u00e9rale des valeurs essentielles. En effet, la mondialisation prive les gens de leur patrimoine culturel, ce qui les d\u00e9finit, et c\u2019est bien l\u00e0 son principal inconv\u00e9nient. Les grandes villes sont remplies de gens qui ont perdu leur identit\u00e9 et remplissent leurs vies \u00ab\u00a0d\u2019appareils\u00a0\u00bb momentan\u00e9ment utiles mais agissant comme des outils provisoires qui ravagent leurs journ\u00e9es et leur nuits, les emp\u00eachant ainsi de s\u2019investir dans la vraie vie.<\/span><\/p>\n<p style=\"text-align: left;\" align=\"JUSTIFY\"><span>Les jours sont pleins d\u2019\u00e9ventualit\u00e9s toutes plus terribles les unes que les autres mais aussi de perspectives sensationnelles. Le minimum que les soci\u00e9t\u00e9s puissent faire est de chercher \u00e0 am\u00e9liorer les conditions de vie de ceux qui pataugent dans le flux de ces changements et de leur offrir tout ce qui est n\u00e9cessaire pour vivre d\u00e9cemment. Il nous faut avoir foi en le fait que d\u2019une fa\u00e7on ou d\u2019une autre, nous nous en sortirons.<\/span><\/p>\n<p style=\"text-align: left;\" align=\"JUSTIFY\"><span>Il ne s\u2019agit pas de vous, de moi ou d\u2019\u00a0\u00ab\u00a0eux\u00a0\u00bb, mais de nous.<\/span><\/p>\n<p style=\"text-align: left;\" align=\"JUSTIFY\"><i>Traduction de l\u2019anglais\u00a0: Marion Grandin<\/i><\/p>\n<p style=\"text-align: left;\" align=\"JUSTIFY\">\n","protected":false},"excerpt":{"rendered":"<p>Image : Roma Daily News L\u2019Europe est actuellement le th\u00e9\u00e2tre d\u2019une action de protestation visant \u00e0 reloger, ne serait-ce que temporairement, les familles de Roms albanais mises \u00e0 la rue le 7 ao\u00fbt 2013. C\u2019est \u00e0 cette date que trente-sept&hellip;<\/p>\n","protected":false},"author":71,"featured_media":0,"comment_status":"closed","ping_status":"open","sticky":false,"template":"","format":"standard","meta":{"footnotes":""},"categories":[1247,85,40],"tags":[6775,6776,5706],"class_list":["post-69089","post","type-post","status-publish","format-standard","hentry","category-diversite","category-europe-fr","category-international-fr","tag-albanie","tag-gitans","tag-roms"],"yoast_head":"<!-- This site is optimized with the Yoast SEO plugin v27.1.1 - https:\/\/yoast.com\/product\/yoast-seo-wordpress\/ -->\n<title>Il ne s\u2019agit pas de vous, de moi ou d\u2019 \u00ab eux \u00bb, mais de nous<\/title>\n<meta name=\"description\" content=\"Image : Roma Daily News L\u2019Europe est actuellement le th\u00e9\u00e2tre d\u2019une action de protestation visant \u00e0 reloger, ne serait-ce que temporairement, les familles\" \/>\n<meta name=\"robots\" content=\"index, follow, max-snippet:-1, max-image-preview:large, max-video-preview:-1\" \/>\n<link rel=\"canonical\" href=\"https:\/\/www.pressenza.com\/fr\/2013\/09\/il-sagit-pas-d\/\" \/>\n<meta property=\"og:locale\" content=\"fr_FR\" \/>\n<meta property=\"og:type\" content=\"article\" \/>\n<meta property=\"og:title\" content=\"Il ne s\u2019agit pas de vous, de moi ou d\u2019 \u00ab eux \u00bb, mais de nous\" \/>\n<meta property=\"og:description\" content=\"Image : Roma Daily News L\u2019Europe est actuellement le th\u00e9\u00e2tre d\u2019une action de protestation visant \u00e0 reloger, ne serait-ce que temporairement, les familles\" \/>\n<meta property=\"og:url\" content=\"https:\/\/www.pressenza.com\/fr\/2013\/09\/il-sagit-pas-d\/\" \/>\n<meta property=\"og:site_name\" content=\"Pressenza\" \/>\n<meta property=\"article:publisher\" content=\"https:\/\/www.facebook.com\/PressenzaItalia\" \/>\n<meta property=\"article:author\" content=\"https:\/\/www.facebook.com\/tony.henderson.754703\" \/>\n<meta property=\"article:published_time\" content=\"2013-09-17T05:44:28+00:00\" \/>\n<meta property=\"article:modified_time\" content=\"2013-09-17T05:46:14+00:00\" \/>\n<meta property=\"og:image\" content=\"http:\/\/www.pressenza.com\/wp-content\/uploads\/2013\/09\/Albania-Roma-Daily-News-600x450.jpg\" \/>\n<meta name=\"author\" content=\"Tony Henderson\" \/>\n<meta name=\"twitter:card\" content=\"summary_large_image\" \/>\n<meta name=\"twitter:creator\" content=\"@PressenzaIPA\" \/>\n<meta name=\"twitter:site\" content=\"@PressenzaIPA\" \/>\n<meta name=\"twitter:label1\" content=\"\u00c9crit par\" \/>\n\t<meta name=\"twitter:data1\" content=\"Tony Henderson\" \/>\n\t<meta name=\"twitter:label2\" content=\"Dur\u00e9e de lecture estim\u00e9e\" \/>\n\t<meta name=\"twitter:data2\" content=\"4 minutes\" \/>\n<script type=\"application\/ld+json\" class=\"yoast-schema-graph\">{\"@context\":\"https:\/\/schema.org\",\"@graph\":[{\"@type\":\"Article\",\"@id\":\"https:\/\/www.pressenza.com\/fr\/2013\/09\/il-sagit-pas-d\/#article\",\"isPartOf\":{\"@id\":\"https:\/\/www.pressenza.com\/fr\/2013\/09\/il-sagit-pas-d\/\"},\"author\":{\"name\":\"Tony Henderson\",\"@id\":\"https:\/\/www.pressenza.com\/fr\/#\/schema\/person\/559325c67729db34f71e80e35d28b84d\"},\"headline\":\"Il ne s\u2019agit pas de vous, de moi ou d\u2019 \u00ab eux \u00bb, mais de nous\",\"datePublished\":\"2013-09-17T05:44:28+00:00\",\"dateModified\":\"2013-09-17T05:46:14+00:00\",\"mainEntityOfPage\":{\"@id\":\"https:\/\/www.pressenza.com\/fr\/2013\/09\/il-sagit-pas-d\/\"},\"wordCount\":785,\"publisher\":{\"@id\":\"https:\/\/www.pressenza.com\/fr\/#organization\"},\"image\":{\"@id\":\"https:\/\/www.pressenza.com\/fr\/2013\/09\/il-sagit-pas-d\/#primaryimage\"},\"thumbnailUrl\":\"http:\/\/www.pressenza.com\/wp-content\/uploads\/2013\/09\/Albania-Roma-Daily-News-600x450.jpg\",\"keywords\":[\"Albanie\",\"Gitans\",\"Roms\"],\"articleSection\":[\"Diversit\u00e9\",\"Europe\",\"International\"],\"inLanguage\":\"fr-FR\"},{\"@type\":\"WebPage\",\"@id\":\"https:\/\/www.pressenza.com\/fr\/2013\/09\/il-sagit-pas-d\/\",\"url\":\"https:\/\/www.pressenza.com\/fr\/2013\/09\/il-sagit-pas-d\/\",\"name\":\"Il ne s\u2019agit pas de vous, de moi ou d\u2019 \u00ab eux \u00bb, mais de nous\",\"isPartOf\":{\"@id\":\"https:\/\/www.pressenza.com\/fr\/#website\"},\"primaryImageOfPage\":{\"@id\":\"https:\/\/www.pressenza.com\/fr\/2013\/09\/il-sagit-pas-d\/#primaryimage\"},\"image\":{\"@id\":\"https:\/\/www.pressenza.com\/fr\/2013\/09\/il-sagit-pas-d\/#primaryimage\"},\"thumbnailUrl\":\"http:\/\/www.pressenza.com\/wp-content\/uploads\/2013\/09\/Albania-Roma-Daily-News-600x450.jpg\",\"datePublished\":\"2013-09-17T05:44:28+00:00\",\"dateModified\":\"2013-09-17T05:46:14+00:00\",\"description\":\"Image : Roma Daily News L\u2019Europe est actuellement le th\u00e9\u00e2tre d\u2019une action de protestation visant \u00e0 reloger, ne serait-ce que temporairement, les familles\",\"breadcrumb\":{\"@id\":\"https:\/\/www.pressenza.com\/fr\/2013\/09\/il-sagit-pas-d\/#breadcrumb\"},\"inLanguage\":\"fr-FR\",\"potentialAction\":[{\"@type\":\"ReadAction\",\"target\":[\"https:\/\/www.pressenza.com\/fr\/2013\/09\/il-sagit-pas-d\/\"]}]},{\"@type\":\"ImageObject\",\"inLanguage\":\"fr-FR\",\"@id\":\"https:\/\/www.pressenza.com\/fr\/2013\/09\/il-sagit-pas-d\/#primaryimage\",\"url\":\"http:\/\/www.pressenza.com\/wp-content\/uploads\/2013\/09\/Albania-Roma-Daily-News-600x450.jpg\",\"contentUrl\":\"http:\/\/www.pressenza.com\/wp-content\/uploads\/2013\/09\/Albania-Roma-Daily-News-600x450.jpg\"},{\"@type\":\"BreadcrumbList\",\"@id\":\"https:\/\/www.pressenza.com\/fr\/2013\/09\/il-sagit-pas-d\/#breadcrumb\",\"itemListElement\":[{\"@type\":\"ListItem\",\"position\":1,\"name\":\"Accueil\",\"item\":\"https:\/\/www.pressenza.com\/fr\/\"},{\"@type\":\"ListItem\",\"position\":2,\"name\":\"Il ne s\u2019agit pas de vous, de moi ou d\u2019 \u00ab eux \u00bb, mais de nous\"}]},{\"@type\":\"WebSite\",\"@id\":\"https:\/\/www.pressenza.com\/fr\/#website\",\"url\":\"https:\/\/www.pressenza.com\/fr\/\",\"name\":\"Pressenza\",\"description\":\"International Press Agency\",\"publisher\":{\"@id\":\"https:\/\/www.pressenza.com\/fr\/#organization\"},\"potentialAction\":[{\"@type\":\"SearchAction\",\"target\":{\"@type\":\"EntryPoint\",\"urlTemplate\":\"https:\/\/www.pressenza.com\/fr\/?s={search_term_string}\"},\"query-input\":{\"@type\":\"PropertyValueSpecification\",\"valueRequired\":true,\"valueName\":\"search_term_string\"}}],\"inLanguage\":\"fr-FR\"},{\"@type\":\"Organization\",\"@id\":\"https:\/\/www.pressenza.com\/fr\/#organization\",\"name\":\"Pressenza\",\"url\":\"https:\/\/www.pressenza.com\/fr\/\",\"logo\":{\"@type\":\"ImageObject\",\"inLanguage\":\"fr-FR\",\"@id\":\"https:\/\/www.pressenza.com\/fr\/#\/schema\/logo\/image\/\",\"url\":\"https:\/\/www.pressenza.com\/wp-content\/uploads\/2022\/10\/pressenza_logo_200x200.jpg\",\"contentUrl\":\"https:\/\/www.pressenza.com\/wp-content\/uploads\/2022\/10\/pressenza_logo_200x200.jpg\",\"width\":200,\"height\":200,\"caption\":\"Pressenza\"},\"image\":{\"@id\":\"https:\/\/www.pressenza.com\/fr\/#\/schema\/logo\/image\/\"},\"sameAs\":[\"https:\/\/www.facebook.com\/PressenzaItalia\",\"https:\/\/x.com\/PressenzaIPA\"]},{\"@type\":\"Person\",\"@id\":\"https:\/\/www.pressenza.com\/fr\/#\/schema\/person\/559325c67729db34f71e80e35d28b84d\",\"name\":\"Tony Henderson\",\"description\":\"(1942-2016) Tony Henderson was a freelance writer working in Hong Kong, since 1980, and previously Japan, for seven years following two years in Mauritius after a year in Libya. Long time participant in the Humanist Movement and spokesman for Universal Humanism in Hong Kong. Also, he was Pressenza Hong Kong Bureau Chief.\",\"sameAs\":[\"https:\/\/www.facebook.com\/tony.henderson.754703\"],\"url\":\"https:\/\/www.pressenza.com\/fr\/author\/tony-henderson\/\"}]}<\/script>\n<!-- \/ Yoast SEO plugin. -->","yoast_head_json":{"title":"Il ne s\u2019agit pas de vous, de moi ou d\u2019 \u00ab eux \u00bb, mais de nous","description":"Image : Roma Daily News L\u2019Europe est actuellement le th\u00e9\u00e2tre d\u2019une action de protestation visant \u00e0 reloger, ne serait-ce que temporairement, les familles","robots":{"index":"index","follow":"follow","max-snippet":"max-snippet:-1","max-image-preview":"max-image-preview:large","max-video-preview":"max-video-preview:-1"},"canonical":"https:\/\/www.pressenza.com\/fr\/2013\/09\/il-sagit-pas-d\/","og_locale":"fr_FR","og_type":"article","og_title":"Il ne s\u2019agit pas de vous, de moi ou d\u2019 \u00ab eux \u00bb, mais de nous","og_description":"Image : Roma Daily News L\u2019Europe est actuellement le th\u00e9\u00e2tre d\u2019une action de protestation visant \u00e0 reloger, ne serait-ce que temporairement, les familles","og_url":"https:\/\/www.pressenza.com\/fr\/2013\/09\/il-sagit-pas-d\/","og_site_name":"Pressenza","article_publisher":"https:\/\/www.facebook.com\/PressenzaItalia","article_author":"https:\/\/www.facebook.com\/tony.henderson.754703","article_published_time":"2013-09-17T05:44:28+00:00","article_modified_time":"2013-09-17T05:46:14+00:00","og_image":[{"url":"http:\/\/www.pressenza.com\/wp-content\/uploads\/2013\/09\/Albania-Roma-Daily-News-600x450.jpg","type":"","width":"","height":""}],"author":"Tony Henderson","twitter_card":"summary_large_image","twitter_creator":"@PressenzaIPA","twitter_site":"@PressenzaIPA","twitter_misc":{"\u00c9crit par":"Tony Henderson","Dur\u00e9e de lecture estim\u00e9e":"4 minutes"},"schema":{"@context":"https:\/\/schema.org","@graph":[{"@type":"Article","@id":"https:\/\/www.pressenza.com\/fr\/2013\/09\/il-sagit-pas-d\/#article","isPartOf":{"@id":"https:\/\/www.pressenza.com\/fr\/2013\/09\/il-sagit-pas-d\/"},"author":{"name":"Tony Henderson","@id":"https:\/\/www.pressenza.com\/fr\/#\/schema\/person\/559325c67729db34f71e80e35d28b84d"},"headline":"Il ne s\u2019agit pas de vous, de moi ou d\u2019 \u00ab eux \u00bb, mais de nous","datePublished":"2013-09-17T05:44:28+00:00","dateModified":"2013-09-17T05:46:14+00:00","mainEntityOfPage":{"@id":"https:\/\/www.pressenza.com\/fr\/2013\/09\/il-sagit-pas-d\/"},"wordCount":785,"publisher":{"@id":"https:\/\/www.pressenza.com\/fr\/#organization"},"image":{"@id":"https:\/\/www.pressenza.com\/fr\/2013\/09\/il-sagit-pas-d\/#primaryimage"},"thumbnailUrl":"http:\/\/www.pressenza.com\/wp-content\/uploads\/2013\/09\/Albania-Roma-Daily-News-600x450.jpg","keywords":["Albanie","Gitans","Roms"],"articleSection":["Diversit\u00e9","Europe","International"],"inLanguage":"fr-FR"},{"@type":"WebPage","@id":"https:\/\/www.pressenza.com\/fr\/2013\/09\/il-sagit-pas-d\/","url":"https:\/\/www.pressenza.com\/fr\/2013\/09\/il-sagit-pas-d\/","name":"Il ne s\u2019agit pas de vous, de moi ou d\u2019 \u00ab eux \u00bb, mais de nous","isPartOf":{"@id":"https:\/\/www.pressenza.com\/fr\/#website"},"primaryImageOfPage":{"@id":"https:\/\/www.pressenza.com\/fr\/2013\/09\/il-sagit-pas-d\/#primaryimage"},"image":{"@id":"https:\/\/www.pressenza.com\/fr\/2013\/09\/il-sagit-pas-d\/#primaryimage"},"thumbnailUrl":"http:\/\/www.pressenza.com\/wp-content\/uploads\/2013\/09\/Albania-Roma-Daily-News-600x450.jpg","datePublished":"2013-09-17T05:44:28+00:00","dateModified":"2013-09-17T05:46:14+00:00","description":"Image : Roma Daily News L\u2019Europe est actuellement le th\u00e9\u00e2tre d\u2019une action de protestation visant \u00e0 reloger, ne serait-ce que temporairement, les familles","breadcrumb":{"@id":"https:\/\/www.pressenza.com\/fr\/2013\/09\/il-sagit-pas-d\/#breadcrumb"},"inLanguage":"fr-FR","potentialAction":[{"@type":"ReadAction","target":["https:\/\/www.pressenza.com\/fr\/2013\/09\/il-sagit-pas-d\/"]}]},{"@type":"ImageObject","inLanguage":"fr-FR","@id":"https:\/\/www.pressenza.com\/fr\/2013\/09\/il-sagit-pas-d\/#primaryimage","url":"http:\/\/www.pressenza.com\/wp-content\/uploads\/2013\/09\/Albania-Roma-Daily-News-600x450.jpg","contentUrl":"http:\/\/www.pressenza.com\/wp-content\/uploads\/2013\/09\/Albania-Roma-Daily-News-600x450.jpg"},{"@type":"BreadcrumbList","@id":"https:\/\/www.pressenza.com\/fr\/2013\/09\/il-sagit-pas-d\/#breadcrumb","itemListElement":[{"@type":"ListItem","position":1,"name":"Accueil","item":"https:\/\/www.pressenza.com\/fr\/"},{"@type":"ListItem","position":2,"name":"Il ne s\u2019agit pas de vous, de moi ou d\u2019 \u00ab eux \u00bb, mais de nous"}]},{"@type":"WebSite","@id":"https:\/\/www.pressenza.com\/fr\/#website","url":"https:\/\/www.pressenza.com\/fr\/","name":"Pressenza","description":"International Press Agency","publisher":{"@id":"https:\/\/www.pressenza.com\/fr\/#organization"},"potentialAction":[{"@type":"SearchAction","target":{"@type":"EntryPoint","urlTemplate":"https:\/\/www.pressenza.com\/fr\/?s={search_term_string}"},"query-input":{"@type":"PropertyValueSpecification","valueRequired":true,"valueName":"search_term_string"}}],"inLanguage":"fr-FR"},{"@type":"Organization","@id":"https:\/\/www.pressenza.com\/fr\/#organization","name":"Pressenza","url":"https:\/\/www.pressenza.com\/fr\/","logo":{"@type":"ImageObject","inLanguage":"fr-FR","@id":"https:\/\/www.pressenza.com\/fr\/#\/schema\/logo\/image\/","url":"https:\/\/www.pressenza.com\/wp-content\/uploads\/2022\/10\/pressenza_logo_200x200.jpg","contentUrl":"https:\/\/www.pressenza.com\/wp-content\/uploads\/2022\/10\/pressenza_logo_200x200.jpg","width":200,"height":200,"caption":"Pressenza"},"image":{"@id":"https:\/\/www.pressenza.com\/fr\/#\/schema\/logo\/image\/"},"sameAs":["https:\/\/www.facebook.com\/PressenzaItalia","https:\/\/x.com\/PressenzaIPA"]},{"@type":"Person","@id":"https:\/\/www.pressenza.com\/fr\/#\/schema\/person\/559325c67729db34f71e80e35d28b84d","name":"Tony Henderson","description":"(1942-2016) Tony Henderson was a freelance writer working in Hong Kong, since 1980, and previously Japan, for seven years following two years in Mauritius after a year in Libya. Long time participant in the Humanist Movement and spokesman for Universal Humanism in Hong Kong. Also, he was Pressenza Hong Kong Bureau Chief.","sameAs":["https:\/\/www.facebook.com\/tony.henderson.754703"],"url":"https:\/\/www.pressenza.com\/fr\/author\/tony-henderson\/"}]}},"place":"Albanie","original_article_url":"","_links":{"self":[{"href":"https:\/\/www.pressenza.com\/fr\/wp-json\/wp\/v2\/posts\/69089","targetHints":{"allow":["GET"]}}],"collection":[{"href":"https:\/\/www.pressenza.com\/fr\/wp-json\/wp\/v2\/posts"}],"about":[{"href":"https:\/\/www.pressenza.com\/fr\/wp-json\/wp\/v2\/types\/post"}],"author":[{"embeddable":true,"href":"https:\/\/www.pressenza.com\/fr\/wp-json\/wp\/v2\/users\/71"}],"replies":[{"embeddable":true,"href":"https:\/\/www.pressenza.com\/fr\/wp-json\/wp\/v2\/comments?post=69089"}],"version-history":[{"count":0,"href":"https:\/\/www.pressenza.com\/fr\/wp-json\/wp\/v2\/posts\/69089\/revisions"}],"wp:attachment":[{"href":"https:\/\/www.pressenza.com\/fr\/wp-json\/wp\/v2\/media?parent=69089"}],"wp:term":[{"taxonomy":"category","embeddable":true,"href":"https:\/\/www.pressenza.com\/fr\/wp-json\/wp\/v2\/categories?post=69089"},{"taxonomy":"post_tag","embeddable":true,"href":"https:\/\/www.pressenza.com\/fr\/wp-json\/wp\/v2\/tags?post=69089"}],"curies":[{"name":"wp","href":"https:\/\/api.w.org\/{rel}","templated":true}]}}