{"id":683280,"date":"2018-07-27T06:13:24","date_gmt":"2018-07-27T05:13:24","guid":{"rendered":"https:\/\/www.pressenza.com\/?p=683280"},"modified":"2018-07-27T06:14:57","modified_gmt":"2018-07-27T05:14:57","slug":"tomas-hirsch-vers-une-societe-moins-violente","status":"publish","type":"post","link":"https:\/\/www.pressenza.com\/fr\/2018\/07\/tomas-hirsch-vers-une-societe-moins-violente\/","title":{"rendered":"Tomas Hirsch, vers une soci\u00e9t\u00e9 moins violente"},"content":{"rendered":"<blockquote>\n<p align=\"justify\"><strong>Nous avons interview\u00e9 Tom\u00e1s Hirsch, d\u00e9put\u00e9 humaniste du Frente Amplio, pour lui demander son avis sur le nouveau projet de loi r\u00e9cemment pr\u00e9sent\u00e9 au Congr\u00e8s, qui sanctionne l&rsquo;incitation \u00e0 la violence, \u00e0 la haine et au n\u00e9gationnisme.<\/strong><\/p>\n<\/blockquote>\n<p><strong>Pressenza : Qui l&rsquo;a pr\u00e9sent\u00e9 le projet de loi ?<\/strong><\/p>\n<p><strong>Tom\u00e1s Hirsch<\/strong> : Les sept parlementaires de l&rsquo;opposition de la Commission des Droits humains, plus les trois parlementaires qui participons \u00e0 la Commission de la Constitution, de la L\u00e9gislation et de la Justice. Le projet devra passer par les deux commissions, de sorte qu&rsquo;il a de bonnes chances de faire son chemin rapidement.<\/p>\n<p><strong>Pressenza : Qu&rsquo;est-ce que vous cherchez avec \u00e7a ?<\/strong><\/p>\n<p><strong>T.H.<\/strong> : Construire une soci\u00e9t\u00e9 moins violente. C&rsquo;est l&rsquo;id\u00e9e fondamentale : Comment \u00e9voluer vers une soci\u00e9t\u00e9 moins violente, ou autrement dit, Nonviolente ? Il existe actuellement de nombreuses lois qui punissent la violence elle-m\u00eame, la violence physique, la violence religieuse, la violence raciale, la violence raciale, la violence culturelle. Presque tout le Code p\u00e9nal punit les actes de violence. Mais il y a une forme de violence qui consiste \u00e0 inciter d&rsquo;autres personnes \u00e0 commettre des actes violents. Et cela n&rsquo;est pas sanctionn\u00e9 au Chili.<\/p>\n<p>Lorsque, par exemple, quelqu&rsquo;un appelle pour battre des immigr\u00e9s ou attaquer les Mapuches. L&rsquo;incitation consiste en des d\u00e9clarations, des mots ou des actions qui motivent les autres \u00e0 agir violemment. C&rsquo;est ce que cette loi vise \u00e0 sanctionner. Il s&rsquo;agit de quelque chose que nous, les humanistes, avons toujours dit, quand nous avons maintenu que nous acceptons tout le monde sauf ceux qui incitent \u00e0 la violence, qui font une apologie de la violence, qui la valident. L&rsquo;une des fa\u00e7ons les plus actives de la valider est de motiver les autres \u00e0 agir violemment. C&rsquo;est de l&rsquo;incitation.<\/p>\n<p>Dans d&rsquo;autres cas, c&rsquo;est ce que nous appelons les auteurs intellectuels. Il y a des auteurs intellectuels de crimes contre l&rsquo;humanit\u00e9, par exemple. Celui qui planifie l&rsquo;action. Hitler n&rsquo;a probablement tu\u00e9 personne et n&rsquo;a jamais allum\u00e9 le gaz dans les camps de concentration. Et ici Gordon a dit qu&rsquo;il n&rsquo;a m\u00eame pas tu\u00e9 un petit oiseau. Oui, mais ils ont planifi\u00e9 et ordonn\u00e9 des actions qui ont men\u00e9 \u00e0 un g\u00e9nocide ou \u00e0 des crimes contre l&rsquo;humanit\u00e9.<\/p>\n<p>C&rsquo;est-\u00e0-dire, la responsabilit\u00e9 intellectuelle, cela est bien typifi\u00e9. Mais pour ce qui est de la violence quotidienne, non. Ainsi, l&rsquo;incitation \u00e0 la violence et \u00e0 la haine sont p\u00e9nalis\u00e9es avec ce projet de loi. Parce que la violence s&rsquo;exerce aussi par l&rsquo;incitation \u00e0 autrui.<\/p>\n<p>Et le projet int\u00e8gre \u00e9galement un \u00e9l\u00e9ment que nous avons consid\u00e9r\u00e9 comme fondamental, \u00e0 savoir la sanction du n\u00e9gationnisme. Il s&rsquo;agit de nier, d&rsquo;ignorer ou de d\u00e9former des faits historiques qui sont d\u00e9j\u00e0 prouv\u00e9s de fa\u00e7on fiable.<\/p>\n<p>Par exemple, les violations des droits humains au Chili, ils sont l\u00e9galement prouv\u00e9es par les rapports Rettig et Valech. C&rsquo;est donc un fait r\u00e9el que les droits humains ont \u00e9t\u00e9 viol\u00e9s ici. Quiconque le nie, comme nous l&rsquo;avons vu r\u00e9cemment dans le cas m\u00eame d&rsquo;un parlementaire, serait puni par cette loi.<\/p>\n<p>En Allemagne, le pays qui a initi\u00e9 les projets qui sanctionnent le n\u00e9gationnisme, par rapport au nazisme, on ne peut pas dire que le g\u00e9nocide ou l&rsquo;holocauste n&rsquo;existait pas. Il y a des faits historiques qui le confirment.<\/p>\n<p>Ce sont des d\u00e9lits historiques. Au Chili, il y a le cas des crimes contre l&rsquo;humanit\u00e9 commis pendant la dictature et aussi l&rsquo;extermination des peuples autochtones, des Mapuches et autres.<\/p>\n<p align=\"justify\"><a href=\"https:\/\/www.pressenza.com\/wp-content\/uploads\/2018\/07\/20180724_130937.jpg\"><img loading=\"lazy\" decoding=\"async\" class=\"aligncenter size-full wp-image-682665\" src=\"https:\/\/www.pressenza.com\/wp-content\/uploads\/2018\/07\/20180724_130937.jpg\" alt=\"\" width=\"2048\" height=\"1536\" srcset=\"https:\/\/www.pressenza.com\/wp-content\/uploads\/2018\/07\/20180724_130937.jpg 2048w, https:\/\/www.pressenza.com\/wp-content\/uploads\/2018\/07\/20180724_130937-300x225.jpg 300w, https:\/\/www.pressenza.com\/wp-content\/uploads\/2018\/07\/20180724_130937-768x576.jpg 768w, https:\/\/www.pressenza.com\/wp-content\/uploads\/2018\/07\/20180724_130937-720x540.jpg 720w\" sizes=\"auto, (max-width: 2048px) 100vw, 2048px\" \/><\/a><\/p>\n<p><strong>Pressenza : Il peut y avoir un changement culturel majeur en supposant que le n\u00e9gationnisme est un d\u00e9lit. Tu as cit\u00e9 des documents qui ont une validit\u00e9 juridique et historique, reconnus au niveau national en mati\u00e8re de droits humains, comme le Rapport de la Commission Valech et les deux Rapports de la Commission Rettig. Mais quel document similaire pourrait-on avoir dans le cas des peuples autochtones et sp\u00e9cifiquement les Mapuches ? Y a-t-il une histoire \u00ab\u00a0officielle\u00a0\u00bb que l&rsquo;on peut consulter ou y a-t-il des versions historiques ?<\/strong><\/p>\n<p><strong>T.H.<\/strong> : Il y a des documents qui ont \u00e9t\u00e9 sign\u00e9s vers 1870, appel\u00e9s les Parlements. Ce sont ces parlements qui ont d\u00e9clar\u00e9 la paix avec les peuples autochtones, dont l&rsquo;un des plus importants est le Parlement de Quil\u00edn. Quelques 200 loncos (NDT. Chefs des communaut\u00e9s Mapuches) et autorit\u00e9s mapuches ont particip\u00e9 \u00e0 ce Parlement, tandis que de l&rsquo;autre c\u00f4t\u00e9 se trouvaient les autorit\u00e9s chiliennes et ce Parlement a \u00e9t\u00e9 sign\u00e9, avec lui la paix a \u00e9t\u00e9 convenue.<\/p>\n<p>Ensuite, ce Parlement est trahi et le massacre du peuple mapuche commence, ce qui est enti\u00e8rement document\u00e9. Il est tr\u00e8s clair o\u00f9 se sont d\u00e9roul\u00e9s ces massacres, combien ils ont tu\u00e9, etc&#8230; ce sont des donn\u00e9es officielles. Donc je ne sais pas si dans ce cas on peut parler de n\u00e9gationnisme ou non, mais ces \u00e9v\u00e9nements se sont produits et \u00e0 partir de l\u00e0 on parle de Pacification de l&rsquo;Araucanie.<\/p>\n<p>La Pacification a \u00e0 voir avec les Parlements, mais elle s&rsquo;est transform\u00e9e en massacre et, par cette proc\u00e9dure, ils ont pris des centaines de milliers d&rsquo;hectares aux communaut\u00e9s mapuches.<\/p>\n<p>Donc le n\u00e9gationnisme commence par ne pas reconna\u00eetre qu&rsquo;il s&rsquo;agissait de pacifier l&rsquo;Araucanie, le nom lui-m\u00eame l&rsquo;indique. Mais cette Pacification \u00e9tait en fait une guerre d&rsquo;extermination et il y a beaucoup de documents \u00e0 ce sujet.<\/p>\n<p><strong>Pressenza : Toutes les perspectives qui s&rsquo;ouvrent sont tr\u00e8s int\u00e9ressantes. Par exemple, cette ann\u00e9e, le Mus\u00e9e de la M\u00e9moire et des Droits humains m\u00e8ne un programme tr\u00e8s complet sur les droits indig\u00e8nes et la m\u00e9moire indig\u00e8ne.<\/strong><\/p>\n<p><strong>T.H.<\/strong> : Eh bien, le r\u00f4le des Mus\u00e9es de la M\u00e9moire dans le monde est tr\u00e8s int\u00e9ressant. L&rsquo;id\u00e9e de ces mus\u00e9es est n\u00e9e en Allemagne apr\u00e8s l&rsquo;Holocauste et devient une n\u00e9cessit\u00e9 pour diff\u00e9rents peuples et cultures.<\/p>\n<p>Il y a des Mus\u00e9es de la m\u00e9moire &#8211; avec des noms diff\u00e9rents &#8211; sur l&rsquo;Holocauste, mais aussi sur de nombreuses dictatures qui ont exist\u00e9 dans le monde. Aux \u00c9tats-Unis, il y a eu beaucoup de controverse au sujet du g\u00e9nocide des tribus autochtones nord-am\u00e9ricaines. Les Mus\u00e9es de la M\u00e9moire, d&rsquo;une certaine mani\u00e8re, sont dans ce champ du rejet du n\u00e9gationnisme.<\/p>\n<p>Si vous avez un Mus\u00e9e de la M\u00e9moire, vous pouvez le voir. Et si vous le rendez visible, eh bien, c&rsquo;est d\u00e9j\u00e0 assez difficile \u00e0 nier.<\/p>\n<p>Et il y en a sur un large \u00e9ventail de sujets. L&rsquo;ann\u00e9e derni\u00e8re, j&rsquo;\u00e9tais au mus\u00e9e qui a \u00e9t\u00e9 install\u00e9 \u00e0 New York sur le Ground Zero, o\u00f9 se trouvaient les tours jumelles. Peu importe ce que vous ressentez au sujet du 11 septembre, ce mus\u00e9e new-yorkais est tr\u00e8s impressionnant. Il y a des dizaines de milliers d&rsquo;objets et vous ne pouvez pas nier que cela s&rsquo;est produit.<\/p>\n<p>Au contraire, en Turquie, par exemple, il est interdit de parler du peuple kurde, il est interdit de le mentionner. Il y a eu un g\u00e9nocide contre le peuple kurde. Il n&rsquo;y a pas de mus\u00e9e de la m\u00e9moire, et encore moins une loi contre le n\u00e9gationnisme.<\/p>\n<p align=\"justify\"><a href=\"https:\/\/www.pressenza.com\/wp-content\/uploads\/2018\/07\/20180724_131013.jpg\"><img loading=\"lazy\" decoding=\"async\" class=\"aligncenter size-full wp-image-682674\" src=\"https:\/\/www.pressenza.com\/wp-content\/uploads\/2018\/07\/20180724_131013.jpg\" alt=\"\" width=\"2048\" height=\"1536\" srcset=\"https:\/\/www.pressenza.com\/wp-content\/uploads\/2018\/07\/20180724_131013.jpg 2048w, https:\/\/www.pressenza.com\/wp-content\/uploads\/2018\/07\/20180724_131013-300x225.jpg 300w, https:\/\/www.pressenza.com\/wp-content\/uploads\/2018\/07\/20180724_131013-768x576.jpg 768w, https:\/\/www.pressenza.com\/wp-content\/uploads\/2018\/07\/20180724_131013-720x540.jpg 720w\" sizes=\"auto, (max-width: 2048px) 100vw, 2048px\" \/><\/a><\/p>\n<p>Pressenza : En d&rsquo;autres termes, cette troisi\u00e8me partie de ce projet de loi qui sanctionne l&rsquo;incitation \u00e0 la violence, \u00e0 la haine et au n\u00e9gationnisme : cette troisi\u00e8me partie concernant le n\u00e9gationnisme, si le projet de loi le sanctionne, cela ouvre la voie \u00e0 une culture qui arr\u00eate l&rsquo;invisibilit\u00e9, qui \u00e9claire des faits qui ont \u00e9t\u00e9 ni\u00e9s jusqu&rsquo;\u00e0 pr\u00e9sent.<\/p>\n<p>T.H. : Imagine-toi que jusqu&rsquo;\u00e0 il y a quelques mois au Chili, l&rsquo;\u00c9glise catholique niait qu&rsquo;il y avait des abus sexuels \u00e0 l&rsquo;int\u00e9rieur de cette organisation. Ce que le bureau du procureur g\u00e9n\u00e9ral a d\u00e9couvert, ce sont des faits qui ont toujours \u00e9t\u00e9 ni\u00e9s, plus de 130 cas d&rsquo;agresseurs religieux. A l&rsquo;avenir ces faits pourraient \u00eatre ni\u00e9s ou d\u00e9form\u00e9s. Une telle loi emp\u00eacherait le n\u00e9gationnisme de cette situation, qui est d\u00e9j\u00e0 une situation structurelle de l&rsquo;\u00c9glise catholique, en l&rsquo;occurrence. Alors vous pouvez, par cette loi, d\u00e9noncer un cardinal ou un archev\u00eaque qui dans le futur pourrait dire \u00ab\u00a0regardez, cela n&rsquo;a pas eu lieu\u00a0\u00bb, pour nier des faits qui ont \u00e9t\u00e9 juridiquement prouv\u00e9s.<\/p>\n<p>Je trouve les trois parties tr\u00e8s int\u00e9ressantes. Le n\u00e9gationnisme est une nouveaut\u00e9. Mais il est \u00e9galement tr\u00e8s int\u00e9ressant de punir l&rsquo;incitation \u00e0 la haine et \u00e0 la violence. D&rsquo;une part, nous, les humanistes, nous promouvons la libert\u00e9 d&rsquo;expression, donc deux principes sont en jeu ici. Nous disons qu&rsquo;il faut qu&rsquo;il y ait libert\u00e9 d&rsquo;expression. Mais quelle est la limite de ce droit ?<\/p>\n<p>L&rsquo;une des choses que j&rsquo;ai apprises en travaillant sur ce projet est que \u00ab\u00a0inciter\u00a0\u00bb est un verbe qui implique une action envers quelqu&rsquo;un d&rsquo;autre. Si je vous incite, je suis en train de vous motiver, en g\u00e9n\u00e9rant une action que vous allez r\u00e9aliser.<\/p>\n<p>Le fond du probl\u00e8me est la fameuse question de savoir jusqu&rsquo;o\u00f9 va ma libert\u00e9. Nous, les humanistes, nous avons un principe qui dit \u00ab\u00a0traitez les autres comme vous aimeriez \u00eatre trait\u00e9\u00a0\u00bb, mais nous avons aussi un principe qui dit : \u00ab\u00a0Tant que vous ne faites pas de mal aux autres, faites ce que vous voulez avec libert\u00e9\u00a0\u00bb.<\/p>\n<p>Je peux donner une opinion, mais cette loi ne m&#8217;emp\u00eache pas de le faire. Mais je n&rsquo;incite pas \u00e0 la haine quand je donne une opinion personnelle. Je peux exprimer mon opinion tant qu&rsquo;elle ne motive pas les autres \u00e0 la violence ou \u00e0 la haine. C&rsquo;est diff\u00e9rent quand je commence \u00e0 exprimer mon opinion publiquement, \u00e0 travers les m\u00e9dias, sur la voie publique, etc&#8230; cherchant \u00e0 motiver les autres.<\/p>\n<p>Je trouve tr\u00e8s int\u00e9ressante la justification de la pr\u00e9sentation d&rsquo;un tel projet. Nous sommes tous d&rsquo;accord pour dire que nous vivons dans une soci\u00e9t\u00e9 profond\u00e9ment violente et que cette violence est pratiqu\u00e9e de nombreuses fa\u00e7ons, tout en la validant. La violence \u00e9conomique, par exemple, est pleinement valid\u00e9e. Mais il en va de m\u00eame pour de nombreuses autres formes de violence, tant sociales qu&rsquo;individuelles, et comment progresser int\u00e9gralement vers la cr\u00e9ation d&rsquo;une culture de la non-violence ?<\/p>\n<p>Je crois qu&rsquo;une loi ne suffit pas ; en aucun cas, il faudrait beaucoup de choses. Une transformation personnelle est tr\u00e8s n\u00e9cessaire, de m\u00eame qu&rsquo;une transformation sociale. Je crois qu&rsquo;il est essentiel de construire de nouveaux liens humains, de nouveaux syst\u00e8mes de relations, une transformation culturelle, le renforcement des liens sociaux. Je n&rsquo;ai aucun doute que cela renverse la violence. Conna\u00eetre l&rsquo;autre, \u00e9tablir une relation avec l&rsquo;autre. Sortir de la m\u00e9fiance individualiste, entrer en relation avec les autres. Ce que ce projet cherche, au-del\u00e0 de la sanction, c&rsquo;est de modifier le regard, de valoriser la Nonviolence, la coexistence, d&rsquo;arr\u00eater l&rsquo;invisibilit\u00e9 et de commencer \u00e0 assumer collectivement notre histoire.<\/p>\n","protected":false},"excerpt":{"rendered":"<p>Nous avons interview\u00e9 Tom\u00e1s Hirsch, d\u00e9put\u00e9 humaniste du Frente Amplio, pour lui demander son avis sur le nouveau projet de loi r\u00e9cemment pr\u00e9sent\u00e9 au Congr\u00e8s, qui sanctionne l&rsquo;incitation \u00e0 la violence, \u00e0 la haine et au n\u00e9gationnisme. Pressenza : Qui&hellip;<\/p>\n","protected":false},"author":22,"featured_media":682659,"comment_status":"closed","ping_status":"closed","sticky":false,"template":"","format":"standard","meta":{"footnotes":""},"categories":[86,11386,156,1248,93],"tags":[573,38180,48396,28903,265,3321],"class_list":["post-683280","post","type-post","status-publish","format-standard","has-post-thumbnail","hentry","category-amerique-du-sud","category-contenu-original","category-interview-fr","category-nonviolence-sujet","category-politique","tag-chili","tag-haine","tag-negationnisme","tag-non-violence","tag-nonviolence","tag-tomas-hirsch-fr"],"yoast_head":"<!-- This site is optimized with the Yoast SEO plugin v27.1.1 - https:\/\/yoast.com\/product\/yoast-seo-wordpress\/ -->\n<title>Tomas Hirsch, vers une soci\u00e9t\u00e9 moins violente<\/title>\n<meta name=\"description\" content=\"Nous avons interview\u00e9 Tom\u00e1s Hirsch, d\u00e9put\u00e9 humaniste du Frente Amplio, pour lui demander son avis sur le nouveau projet de loi r\u00e9cemment pr\u00e9sent\u00e9 au\" \/>\n<meta name=\"robots\" content=\"index, follow, max-snippet:-1, max-image-preview:large, max-video-preview:-1\" \/>\n<link rel=\"canonical\" href=\"https:\/\/www.pressenza.com\/fr\/2018\/07\/tomas-hirsch-vers-une-societe-moins-violente\/\" \/>\n<meta property=\"og:locale\" content=\"fr_FR\" \/>\n<meta property=\"og:type\" content=\"article\" \/>\n<meta property=\"og:title\" content=\"Tomas Hirsch, vers une soci\u00e9t\u00e9 moins violente\" \/>\n<meta property=\"og:description\" content=\"Nous avons interview\u00e9 Tom\u00e1s Hirsch, d\u00e9put\u00e9 humaniste du Frente Amplio, pour lui demander son avis sur le nouveau projet de loi r\u00e9cemment pr\u00e9sent\u00e9 au\" \/>\n<meta property=\"og:url\" content=\"https:\/\/www.pressenza.com\/fr\/2018\/07\/tomas-hirsch-vers-une-societe-moins-violente\/\" \/>\n<meta property=\"og:site_name\" content=\"Pressenza\" \/>\n<meta property=\"article:publisher\" content=\"https:\/\/www.facebook.com\/PressenzaItalia\" \/>\n<meta property=\"article:author\" content=\"https:\/\/www.facebook.com\/pia.figueroa?ref=tn_tnmn\" \/>\n<meta property=\"article:published_time\" content=\"2018-07-27T05:13:24+00:00\" \/>\n<meta property=\"article:modified_time\" content=\"2018-07-27T05:14:57+00:00\" \/>\n<meta property=\"og:image\" content=\"https:\/\/www.pressenza.com\/wp-content\/uploads\/2018\/07\/20180724_131159.jpg\" \/>\n\t<meta property=\"og:image:width\" content=\"2048\" \/>\n\t<meta property=\"og:image:height\" content=\"1536\" \/>\n\t<meta property=\"og:image:type\" content=\"image\/jpeg\" \/>\n<meta name=\"author\" content=\"P\u00eda Figueroa\" \/>\n<meta name=\"twitter:card\" content=\"summary_large_image\" \/>\n<meta name=\"twitter:creator\" content=\"@piafigueroa\" \/>\n<meta name=\"twitter:site\" content=\"@PressenzaIPA\" \/>\n<meta name=\"twitter:label1\" content=\"\u00c9crit par\" \/>\n\t<meta name=\"twitter:data1\" content=\"P\u00eda Figueroa\" \/>\n\t<meta name=\"twitter:label2\" content=\"Dur\u00e9e de lecture estim\u00e9e\" \/>\n\t<meta name=\"twitter:data2\" content=\"9 minutes\" \/>\n<script type=\"application\/ld+json\" class=\"yoast-schema-graph\">{\"@context\":\"https:\/\/schema.org\",\"@graph\":[{\"@type\":\"Article\",\"@id\":\"https:\/\/www.pressenza.com\/fr\/2018\/07\/tomas-hirsch-vers-une-societe-moins-violente\/#article\",\"isPartOf\":{\"@id\":\"https:\/\/www.pressenza.com\/fr\/2018\/07\/tomas-hirsch-vers-une-societe-moins-violente\/\"},\"author\":{\"name\":\"P\u00eda Figueroa\",\"@id\":\"https:\/\/www.pressenza.com\/fr\/#\/schema\/person\/8bb53ec73ef39ceec36ca0128a0ccd41\"},\"headline\":\"Tomas Hirsch, vers une soci\u00e9t\u00e9 moins violente\",\"datePublished\":\"2018-07-27T05:13:24+00:00\",\"dateModified\":\"2018-07-27T05:14:57+00:00\",\"mainEntityOfPage\":{\"@id\":\"https:\/\/www.pressenza.com\/fr\/2018\/07\/tomas-hirsch-vers-une-societe-moins-violente\/\"},\"wordCount\":1939,\"publisher\":{\"@id\":\"https:\/\/www.pressenza.com\/fr\/#organization\"},\"image\":{\"@id\":\"https:\/\/www.pressenza.com\/fr\/2018\/07\/tomas-hirsch-vers-une-societe-moins-violente\/#primaryimage\"},\"thumbnailUrl\":\"https:\/\/www.pressenza.com\/wp-content\/uploads\/2018\/07\/20180724_131159.jpg\",\"keywords\":[\"Chili\",\"haine\",\"n\u00e9gationnisme\",\"non-violence\",\"nonviolence\",\"Tomas Hirsch\"],\"articleSection\":[\"Am\u00e9rique du Sud\",\"Contenu Original\",\"Interviews\",\"Non-violence\",\"Politique\"],\"inLanguage\":\"fr-FR\"},{\"@type\":\"WebPage\",\"@id\":\"https:\/\/www.pressenza.com\/fr\/2018\/07\/tomas-hirsch-vers-une-societe-moins-violente\/\",\"url\":\"https:\/\/www.pressenza.com\/fr\/2018\/07\/tomas-hirsch-vers-une-societe-moins-violente\/\",\"name\":\"Tomas Hirsch, vers une soci\u00e9t\u00e9 moins violente\",\"isPartOf\":{\"@id\":\"https:\/\/www.pressenza.com\/fr\/#website\"},\"primaryImageOfPage\":{\"@id\":\"https:\/\/www.pressenza.com\/fr\/2018\/07\/tomas-hirsch-vers-une-societe-moins-violente\/#primaryimage\"},\"image\":{\"@id\":\"https:\/\/www.pressenza.com\/fr\/2018\/07\/tomas-hirsch-vers-une-societe-moins-violente\/#primaryimage\"},\"thumbnailUrl\":\"https:\/\/www.pressenza.com\/wp-content\/uploads\/2018\/07\/20180724_131159.jpg\",\"datePublished\":\"2018-07-27T05:13:24+00:00\",\"dateModified\":\"2018-07-27T05:14:57+00:00\",\"description\":\"Nous avons interview\u00e9 Tom\u00e1s Hirsch, d\u00e9put\u00e9 humaniste du Frente Amplio, pour lui demander son avis sur le nouveau projet de loi r\u00e9cemment pr\u00e9sent\u00e9 au\",\"breadcrumb\":{\"@id\":\"https:\/\/www.pressenza.com\/fr\/2018\/07\/tomas-hirsch-vers-une-societe-moins-violente\/#breadcrumb\"},\"inLanguage\":\"fr-FR\",\"potentialAction\":[{\"@type\":\"ReadAction\",\"target\":[\"https:\/\/www.pressenza.com\/fr\/2018\/07\/tomas-hirsch-vers-une-societe-moins-violente\/\"]}]},{\"@type\":\"ImageObject\",\"inLanguage\":\"fr-FR\",\"@id\":\"https:\/\/www.pressenza.com\/fr\/2018\/07\/tomas-hirsch-vers-une-societe-moins-violente\/#primaryimage\",\"url\":\"https:\/\/www.pressenza.com\/wp-content\/uploads\/2018\/07\/20180724_131159.jpg\",\"contentUrl\":\"https:\/\/www.pressenza.com\/wp-content\/uploads\/2018\/07\/20180724_131159.jpg\",\"width\":2048,\"height\":1536},{\"@type\":\"BreadcrumbList\",\"@id\":\"https:\/\/www.pressenza.com\/fr\/2018\/07\/tomas-hirsch-vers-une-societe-moins-violente\/#breadcrumb\",\"itemListElement\":[{\"@type\":\"ListItem\",\"position\":1,\"name\":\"Accueil\",\"item\":\"https:\/\/www.pressenza.com\/fr\/\"},{\"@type\":\"ListItem\",\"position\":2,\"name\":\"Tomas Hirsch, vers une soci\u00e9t\u00e9 moins violente\"}]},{\"@type\":\"WebSite\",\"@id\":\"https:\/\/www.pressenza.com\/fr\/#website\",\"url\":\"https:\/\/www.pressenza.com\/fr\/\",\"name\":\"Pressenza\",\"description\":\"International Press Agency\",\"publisher\":{\"@id\":\"https:\/\/www.pressenza.com\/fr\/#organization\"},\"potentialAction\":[{\"@type\":\"SearchAction\",\"target\":{\"@type\":\"EntryPoint\",\"urlTemplate\":\"https:\/\/www.pressenza.com\/fr\/?s={search_term_string}\"},\"query-input\":{\"@type\":\"PropertyValueSpecification\",\"valueRequired\":true,\"valueName\":\"search_term_string\"}}],\"inLanguage\":\"fr-FR\"},{\"@type\":\"Organization\",\"@id\":\"https:\/\/www.pressenza.com\/fr\/#organization\",\"name\":\"Pressenza\",\"url\":\"https:\/\/www.pressenza.com\/fr\/\",\"logo\":{\"@type\":\"ImageObject\",\"inLanguage\":\"fr-FR\",\"@id\":\"https:\/\/www.pressenza.com\/fr\/#\/schema\/logo\/image\/\",\"url\":\"https:\/\/www.pressenza.com\/wp-content\/uploads\/2022\/10\/pressenza_logo_200x200.jpg\",\"contentUrl\":\"https:\/\/www.pressenza.com\/wp-content\/uploads\/2022\/10\/pressenza_logo_200x200.jpg\",\"width\":200,\"height\":200,\"caption\":\"Pressenza\"},\"image\":{\"@id\":\"https:\/\/www.pressenza.com\/fr\/#\/schema\/logo\/image\/\"},\"sameAs\":[\"https:\/\/www.facebook.com\/PressenzaItalia\",\"https:\/\/x.com\/PressenzaIPA\"]},{\"@type\":\"Person\",\"@id\":\"https:\/\/www.pressenza.com\/fr\/#\/schema\/person\/8bb53ec73ef39ceec36ca0128a0ccd41\",\"name\":\"P\u00eda Figueroa\",\"description\":\"Founder of Pressenza, life-long humanist, author of several monographs and books.\",\"sameAs\":[\"https:\/\/www.facebook.com\/pia.figueroa?ref=tn_tnmn\",\"https:\/\/x.com\/piafigueroa\"],\"url\":\"https:\/\/www.pressenza.com\/fr\/author\/pia-figueroa\/\"}]}<\/script>\n<!-- \/ Yoast SEO plugin. -->","yoast_head_json":{"title":"Tomas Hirsch, vers une soci\u00e9t\u00e9 moins violente","description":"Nous avons interview\u00e9 Tom\u00e1s Hirsch, d\u00e9put\u00e9 humaniste du Frente Amplio, pour lui demander son avis sur le nouveau projet de loi r\u00e9cemment pr\u00e9sent\u00e9 au","robots":{"index":"index","follow":"follow","max-snippet":"max-snippet:-1","max-image-preview":"max-image-preview:large","max-video-preview":"max-video-preview:-1"},"canonical":"https:\/\/www.pressenza.com\/fr\/2018\/07\/tomas-hirsch-vers-une-societe-moins-violente\/","og_locale":"fr_FR","og_type":"article","og_title":"Tomas Hirsch, vers une soci\u00e9t\u00e9 moins violente","og_description":"Nous avons interview\u00e9 Tom\u00e1s Hirsch, d\u00e9put\u00e9 humaniste du Frente Amplio, pour lui demander son avis sur le nouveau projet de loi r\u00e9cemment pr\u00e9sent\u00e9 au","og_url":"https:\/\/www.pressenza.com\/fr\/2018\/07\/tomas-hirsch-vers-une-societe-moins-violente\/","og_site_name":"Pressenza","article_publisher":"https:\/\/www.facebook.com\/PressenzaItalia","article_author":"https:\/\/www.facebook.com\/pia.figueroa?ref=tn_tnmn","article_published_time":"2018-07-27T05:13:24+00:00","article_modified_time":"2018-07-27T05:14:57+00:00","og_image":[{"width":2048,"height":1536,"url":"https:\/\/www.pressenza.com\/wp-content\/uploads\/2018\/07\/20180724_131159.jpg","type":"image\/jpeg"}],"author":"P\u00eda Figueroa","twitter_card":"summary_large_image","twitter_creator":"@piafigueroa","twitter_site":"@PressenzaIPA","twitter_misc":{"\u00c9crit par":"P\u00eda Figueroa","Dur\u00e9e de lecture estim\u00e9e":"9 minutes"},"schema":{"@context":"https:\/\/schema.org","@graph":[{"@type":"Article","@id":"https:\/\/www.pressenza.com\/fr\/2018\/07\/tomas-hirsch-vers-une-societe-moins-violente\/#article","isPartOf":{"@id":"https:\/\/www.pressenza.com\/fr\/2018\/07\/tomas-hirsch-vers-une-societe-moins-violente\/"},"author":{"name":"P\u00eda Figueroa","@id":"https:\/\/www.pressenza.com\/fr\/#\/schema\/person\/8bb53ec73ef39ceec36ca0128a0ccd41"},"headline":"Tomas Hirsch, vers une soci\u00e9t\u00e9 moins violente","datePublished":"2018-07-27T05:13:24+00:00","dateModified":"2018-07-27T05:14:57+00:00","mainEntityOfPage":{"@id":"https:\/\/www.pressenza.com\/fr\/2018\/07\/tomas-hirsch-vers-une-societe-moins-violente\/"},"wordCount":1939,"publisher":{"@id":"https:\/\/www.pressenza.com\/fr\/#organization"},"image":{"@id":"https:\/\/www.pressenza.com\/fr\/2018\/07\/tomas-hirsch-vers-une-societe-moins-violente\/#primaryimage"},"thumbnailUrl":"https:\/\/www.pressenza.com\/wp-content\/uploads\/2018\/07\/20180724_131159.jpg","keywords":["Chili","haine","n\u00e9gationnisme","non-violence","nonviolence","Tomas Hirsch"],"articleSection":["Am\u00e9rique du Sud","Contenu Original","Interviews","Non-violence","Politique"],"inLanguage":"fr-FR"},{"@type":"WebPage","@id":"https:\/\/www.pressenza.com\/fr\/2018\/07\/tomas-hirsch-vers-une-societe-moins-violente\/","url":"https:\/\/www.pressenza.com\/fr\/2018\/07\/tomas-hirsch-vers-une-societe-moins-violente\/","name":"Tomas Hirsch, vers une soci\u00e9t\u00e9 moins violente","isPartOf":{"@id":"https:\/\/www.pressenza.com\/fr\/#website"},"primaryImageOfPage":{"@id":"https:\/\/www.pressenza.com\/fr\/2018\/07\/tomas-hirsch-vers-une-societe-moins-violente\/#primaryimage"},"image":{"@id":"https:\/\/www.pressenza.com\/fr\/2018\/07\/tomas-hirsch-vers-une-societe-moins-violente\/#primaryimage"},"thumbnailUrl":"https:\/\/www.pressenza.com\/wp-content\/uploads\/2018\/07\/20180724_131159.jpg","datePublished":"2018-07-27T05:13:24+00:00","dateModified":"2018-07-27T05:14:57+00:00","description":"Nous avons interview\u00e9 Tom\u00e1s Hirsch, d\u00e9put\u00e9 humaniste du Frente Amplio, pour lui demander son avis sur le nouveau projet de loi r\u00e9cemment pr\u00e9sent\u00e9 au","breadcrumb":{"@id":"https:\/\/www.pressenza.com\/fr\/2018\/07\/tomas-hirsch-vers-une-societe-moins-violente\/#breadcrumb"},"inLanguage":"fr-FR","potentialAction":[{"@type":"ReadAction","target":["https:\/\/www.pressenza.com\/fr\/2018\/07\/tomas-hirsch-vers-une-societe-moins-violente\/"]}]},{"@type":"ImageObject","inLanguage":"fr-FR","@id":"https:\/\/www.pressenza.com\/fr\/2018\/07\/tomas-hirsch-vers-une-societe-moins-violente\/#primaryimage","url":"https:\/\/www.pressenza.com\/wp-content\/uploads\/2018\/07\/20180724_131159.jpg","contentUrl":"https:\/\/www.pressenza.com\/wp-content\/uploads\/2018\/07\/20180724_131159.jpg","width":2048,"height":1536},{"@type":"BreadcrumbList","@id":"https:\/\/www.pressenza.com\/fr\/2018\/07\/tomas-hirsch-vers-une-societe-moins-violente\/#breadcrumb","itemListElement":[{"@type":"ListItem","position":1,"name":"Accueil","item":"https:\/\/www.pressenza.com\/fr\/"},{"@type":"ListItem","position":2,"name":"Tomas Hirsch, vers une soci\u00e9t\u00e9 moins violente"}]},{"@type":"WebSite","@id":"https:\/\/www.pressenza.com\/fr\/#website","url":"https:\/\/www.pressenza.com\/fr\/","name":"Pressenza","description":"International Press Agency","publisher":{"@id":"https:\/\/www.pressenza.com\/fr\/#organization"},"potentialAction":[{"@type":"SearchAction","target":{"@type":"EntryPoint","urlTemplate":"https:\/\/www.pressenza.com\/fr\/?s={search_term_string}"},"query-input":{"@type":"PropertyValueSpecification","valueRequired":true,"valueName":"search_term_string"}}],"inLanguage":"fr-FR"},{"@type":"Organization","@id":"https:\/\/www.pressenza.com\/fr\/#organization","name":"Pressenza","url":"https:\/\/www.pressenza.com\/fr\/","logo":{"@type":"ImageObject","inLanguage":"fr-FR","@id":"https:\/\/www.pressenza.com\/fr\/#\/schema\/logo\/image\/","url":"https:\/\/www.pressenza.com\/wp-content\/uploads\/2022\/10\/pressenza_logo_200x200.jpg","contentUrl":"https:\/\/www.pressenza.com\/wp-content\/uploads\/2022\/10\/pressenza_logo_200x200.jpg","width":200,"height":200,"caption":"Pressenza"},"image":{"@id":"https:\/\/www.pressenza.com\/fr\/#\/schema\/logo\/image\/"},"sameAs":["https:\/\/www.facebook.com\/PressenzaItalia","https:\/\/x.com\/PressenzaIPA"]},{"@type":"Person","@id":"https:\/\/www.pressenza.com\/fr\/#\/schema\/person\/8bb53ec73ef39ceec36ca0128a0ccd41","name":"P\u00eda Figueroa","description":"Founder of Pressenza, life-long humanist, author of several monographs and books.","sameAs":["https:\/\/www.facebook.com\/pia.figueroa?ref=tn_tnmn","https:\/\/x.com\/piafigueroa"],"url":"https:\/\/www.pressenza.com\/fr\/author\/pia-figueroa\/"}]}},"place":"Santiago du Chili","original_article_url":"","_links":{"self":[{"href":"https:\/\/www.pressenza.com\/fr\/wp-json\/wp\/v2\/posts\/683280","targetHints":{"allow":["GET"]}}],"collection":[{"href":"https:\/\/www.pressenza.com\/fr\/wp-json\/wp\/v2\/posts"}],"about":[{"href":"https:\/\/www.pressenza.com\/fr\/wp-json\/wp\/v2\/types\/post"}],"author":[{"embeddable":true,"href":"https:\/\/www.pressenza.com\/fr\/wp-json\/wp\/v2\/users\/22"}],"replies":[{"embeddable":true,"href":"https:\/\/www.pressenza.com\/fr\/wp-json\/wp\/v2\/comments?post=683280"}],"version-history":[{"count":0,"href":"https:\/\/www.pressenza.com\/fr\/wp-json\/wp\/v2\/posts\/683280\/revisions"}],"wp:featuredmedia":[{"embeddable":true,"href":"https:\/\/www.pressenza.com\/fr\/wp-json\/wp\/v2\/media\/682659"}],"wp:attachment":[{"href":"https:\/\/www.pressenza.com\/fr\/wp-json\/wp\/v2\/media?parent=683280"}],"wp:term":[{"taxonomy":"category","embeddable":true,"href":"https:\/\/www.pressenza.com\/fr\/wp-json\/wp\/v2\/categories?post=683280"},{"taxonomy":"post_tag","embeddable":true,"href":"https:\/\/www.pressenza.com\/fr\/wp-json\/wp\/v2\/tags?post=683280"}],"curies":[{"name":"wp","href":"https:\/\/api.w.org\/{rel}","templated":true}]}}