{"id":68323,"date":"2013-09-11T05:59:44","date_gmt":"2013-09-11T04:59:44","guid":{"rendered":"http:\/\/www.pressenza.com\/?p=68323"},"modified":"2013-09-11T06:20:37","modified_gmt":"2013-09-11T05:20:37","slug":"belgique-campagne-on-veut-savoir-nominee-prix-solidaire","status":"publish","type":"post","link":"https:\/\/www.pressenza.com\/fr\/2013\/09\/belgique-campagne-on-veut-savoir-nominee-prix-solidaire\/","title":{"rendered":"Belgique. La campagne \u00ab On veut savoir ! \u00bb nomin\u00e9e pour le Prix Solidaire"},"content":{"rendered":"<p>Chaque ann\u00e9e, le prix Solidaire r\u00e9compense une ou des personnes ou une organisation qui ont pos\u00e9 un acte de solidarit\u00e9 au cours des douze mois \u00e9coul\u00e9s. Les candidats au prix sont des habitants de la Belgique ou des associations \u00e9tablies en Belgique. Ils sont r\u00e9compens\u00e9s pour une action qui a \u00e9t\u00e9 men\u00e9e \u00e0 partir de notre pays.<br \/>\nCette ann\u00e9e, la campagne \u00ab\u00a0On veut savoir\u00a0!\u00a0\u00bb est nomin\u00e9e pour le Prix Solidaire. Place au vote\u00a0!<\/p>\n<div>\n<p>La crise, c\u2019est dur. Vous le savez probablement. C\u2019est surtout difficile quand l\u2019\u00c9tat accumule une dette \u00e9norme qu\u2019il doit rembourser. Car \u00ab\u00a0rembourser la dette publique\u00a0\u00bb revient pour beaucoup \u00e0 dire \u00ab\u00a0appliquer une politique d\u2019aust\u00e9rit\u00e9\u00a0\u00bb.<\/p>\n<p>En effet, on entend souvent que la dette viendrait des d\u00e9penses publiques trop importantes, d\u2019une s\u00e9curit\u00e9 sociale trop ch\u00e8re, de services publics trop\u2026 publics, etc. Et donc les ch\u00f4meurs, les pensionn\u00e9s, les jeunes, les fonctionnaires, et les travailleurs en g\u00e9n\u00e9ral doivent payer. Et voil\u00e0, c\u2019est simple\u00a0! Il suffit de serrer la ceinture. Si \u00e7a ne tenait qu\u2019au patronat et au gouvernement, l\u2019histoire s\u2019arr\u00eaterait l\u00e0.<\/p>\n<p>Cependant, c\u2019\u00e9tait sans compter sur l\u2019esprit critique du CEPAG (Centre d\u2019\u00e9ducation populaire Andr\u00e9 Genot), de la FGTB wallonne et bruxelloise et du Comit\u00e9 pour l\u2019Annulation de la Dette du Tiers Monde. Ceux-ci ont voulu creuser cette histoire de dette, et ont lanc\u00e9 la campagne On veut savoir\u00a0! Celle-ci se veut \u00e0 la fois un outil d\u2019\u00e9ducation et d\u2019explication du m\u00e9canisme de la dette et de son origine (sauvetage des banques, fiscalit\u00e9 socialement injuste et m\u00e9canismes fiscaux et mon\u00e9taires au service des grandes banques et des grandes entreprise), et une d\u00e9marche de mobilisation pour exiger un audit ind\u00e9pendant de la dette. Le but est de proposer des solutions socialement justes, qui font payer les responsables et pas les victimes.<\/p>\n<p>Cette initiative est donc plus que salutaire, puisqu\u2019elle a le m\u00e9rite de remettre les pendules \u00e0 l\u2019heure et de rendre accessible et compr\u00e9hensible \u00e0 tout un chacun la question de la dette, mais aussi de d\u00e9fendre les int\u00e9r\u00eats des travailleurs en ces temps de crise. D\u2019ailleurs, si vous voulez en savoir plus, vous pouvez visionner l\u2019excellent dessin anim\u00e9\u00a0<a href=\"http:\/\/www.youtube.com\/watch?v=V28vk6DVE1k\" rel=\"external\">\u00c0 qui profite la dette\u00a0?<\/a>\u00a0qui, en 4 minutes, r\u00e9sume bien les enjeux de cette campagne. Le tout, avec les voix de Fr\u00e9d\u00e9ric Jannin et Stefan Liberski.<\/p>\n<p>D\u00e9couvrez la campagne \u00ab\u00a0On veut savoir\u00a0!\u00a0\u00bb sur\u00a0<a href=\"http:\/\/www.onveutsavoir.be\/\" rel=\"external\">www.onveutsavoir.be<\/a><\/p>\n<p>Pour d\u00e9couvrir la liste des nomin\u00e9s, suivez\u00a0<a href=\"http:\/\/manifiesta.be\/fr\/prix-solidaire\" rel=\"external\">ce lien<\/a><\/p>\n<p>Pour voter, suivez\u00a0<a href=\"http:\/\/manifiesta.be\/fr\/bulletin-de-vote-prix-solidaire\" rel=\"external\">ce lien<\/a>\u00a0!<\/p>\n<\/div>\n","protected":false},"excerpt":{"rendered":"<p>Chaque ann\u00e9e, le prix Solidaire r\u00e9compense une ou des personnes ou une organisation qui ont pos\u00e9 un acte de solidarit\u00e9 au cours des douze mois \u00e9coul\u00e9s. Les candidats au prix sont des habitants de la Belgique ou des associations \u00e9tablies&hellip;<\/p>\n","protected":false},"author":848,"featured_media":68332,"comment_status":"closed","ping_status":"open","sticky":false,"template":"","format":"standard","meta":{"footnotes":""},"categories":[151,98,100,85,40],"tags":[3233,842],"class_list":["post-68323","post","type-post","status-publish","format-standard","has-post-thumbnail","hentry","category-communique-de-presse","category-droits-de-lhomme","category-economie","category-europe-fr","category-international-fr","tag-belgique","tag-dette"],"yoast_head":"<!-- This site is optimized with the Yoast SEO plugin v27.1.1 - https:\/\/yoast.com\/product\/yoast-seo-wordpress\/ -->\n<title>Belgique. La campagne \u00ab On veut savoir ! \u00bb nomin\u00e9e pour le Prix Solidaire<\/title>\n<meta name=\"description\" content=\"Chaque ann\u00e9e, le prix Solidaire r\u00e9compense une ou des personnes ou une organisation qui ont pos\u00e9 un acte de solidarit\u00e9 au cours des douze mois \u00e9coul\u00e9s.\" \/>\n<meta name=\"robots\" content=\"index, follow, max-snippet:-1, max-image-preview:large, max-video-preview:-1\" \/>\n<link rel=\"canonical\" href=\"https:\/\/www.pressenza.com\/fr\/2013\/09\/belgique-campagne-on-veut-savoir-nominee-prix-solidaire\/\" \/>\n<meta property=\"og:locale\" content=\"fr_FR\" \/>\n<meta property=\"og:type\" content=\"article\" \/>\n<meta property=\"og:title\" content=\"Belgique. La campagne \u00ab On veut savoir ! \u00bb nomin\u00e9e pour le Prix Solidaire\" \/>\n<meta property=\"og:description\" content=\"Chaque ann\u00e9e, le prix Solidaire r\u00e9compense une ou des personnes ou une organisation qui ont pos\u00e9 un acte de solidarit\u00e9 au cours des douze mois \u00e9coul\u00e9s.\" \/>\n<meta property=\"og:url\" content=\"https:\/\/www.pressenza.com\/fr\/2013\/09\/belgique-campagne-on-veut-savoir-nominee-prix-solidaire\/\" \/>\n<meta property=\"og:site_name\" content=\"Pressenza\" \/>\n<meta property=\"article:publisher\" content=\"https:\/\/www.facebook.com\/PressenzaItalia\" \/>\n<meta property=\"article:author\" content=\"https:\/\/www.facebook.com\/CADTMNETWORK\/\" \/>\n<meta property=\"article:published_time\" content=\"2013-09-11T04:59:44+00:00\" \/>\n<meta property=\"article:modified_time\" content=\"2013-09-11T05:20:37+00:00\" \/>\n<meta property=\"og:image\" content=\"https:\/\/www.pressenza.com\/wp-content\/uploads\/2013\/09\/a-qui-profite-la-dette.jpg\" \/>\n\t<meta property=\"og:image:width\" content=\"990\" \/>\n\t<meta property=\"og:image:height\" content=\"1400\" \/>\n\t<meta property=\"og:image:type\" content=\"image\/jpeg\" \/>\n<meta name=\"author\" content=\"Comit\u00e9 pour l\u2019abolition des dettes ill\u00e9gitimes (CADTM)\" \/>\n<meta name=\"twitter:card\" content=\"summary_large_image\" \/>\n<meta name=\"twitter:creator\" content=\"@CADTM_int\" \/>\n<meta name=\"twitter:site\" content=\"@PressenzaIPA\" \/>\n<meta name=\"twitter:label1\" content=\"\u00c9crit par\" \/>\n\t<meta name=\"twitter:data1\" content=\"Comit\u00e9 pour l\u2019abolition des dettes ill\u00e9gitimes (CADTM)\" \/>\n\t<meta name=\"twitter:label2\" content=\"Dur\u00e9e de lecture estim\u00e9e\" \/>\n\t<meta name=\"twitter:data2\" content=\"2 minutes\" \/>\n<script type=\"application\/ld+json\" class=\"yoast-schema-graph\">{\"@context\":\"https:\/\/schema.org\",\"@graph\":[{\"@type\":\"Article\",\"@id\":\"https:\/\/www.pressenza.com\/fr\/2013\/09\/belgique-campagne-on-veut-savoir-nominee-prix-solidaire\/#article\",\"isPartOf\":{\"@id\":\"https:\/\/www.pressenza.com\/fr\/2013\/09\/belgique-campagne-on-veut-savoir-nominee-prix-solidaire\/\"},\"author\":{\"name\":\"Comit\u00e9 pour l\u2019abolition des dettes ill\u00e9gitimes (CADTM)\",\"@id\":\"https:\/\/www.pressenza.com\/fr\/#\/schema\/person\/1f570f1450b3d76e0dd919130d5851af\"},\"headline\":\"Belgique. La campagne \u00ab On veut savoir ! \u00bb nomin\u00e9e pour le Prix Solidaire\",\"datePublished\":\"2013-09-11T04:59:44+00:00\",\"dateModified\":\"2013-09-11T05:20:37+00:00\",\"mainEntityOfPage\":{\"@id\":\"https:\/\/www.pressenza.com\/fr\/2013\/09\/belgique-campagne-on-veut-savoir-nominee-prix-solidaire\/\"},\"wordCount\":456,\"publisher\":{\"@id\":\"https:\/\/www.pressenza.com\/fr\/#organization\"},\"image\":{\"@id\":\"https:\/\/www.pressenza.com\/fr\/2013\/09\/belgique-campagne-on-veut-savoir-nominee-prix-solidaire\/#primaryimage\"},\"thumbnailUrl\":\"https:\/\/www.pressenza.com\/wp-content\/uploads\/2013\/09\/a-qui-profite-la-dette.jpg\",\"keywords\":[\"Belgique\",\"dette\"],\"articleSection\":[\"Communiqu\u00e9s de Presse\",\"Droits humains\",\"Economie\",\"Europe\",\"International\"],\"inLanguage\":\"fr-FR\"},{\"@type\":\"WebPage\",\"@id\":\"https:\/\/www.pressenza.com\/fr\/2013\/09\/belgique-campagne-on-veut-savoir-nominee-prix-solidaire\/\",\"url\":\"https:\/\/www.pressenza.com\/fr\/2013\/09\/belgique-campagne-on-veut-savoir-nominee-prix-solidaire\/\",\"name\":\"Belgique. La campagne \u00ab On veut savoir ! \u00bb nomin\u00e9e pour le Prix Solidaire\",\"isPartOf\":{\"@id\":\"https:\/\/www.pressenza.com\/fr\/#website\"},\"primaryImageOfPage\":{\"@id\":\"https:\/\/www.pressenza.com\/fr\/2013\/09\/belgique-campagne-on-veut-savoir-nominee-prix-solidaire\/#primaryimage\"},\"image\":{\"@id\":\"https:\/\/www.pressenza.com\/fr\/2013\/09\/belgique-campagne-on-veut-savoir-nominee-prix-solidaire\/#primaryimage\"},\"thumbnailUrl\":\"https:\/\/www.pressenza.com\/wp-content\/uploads\/2013\/09\/a-qui-profite-la-dette.jpg\",\"datePublished\":\"2013-09-11T04:59:44+00:00\",\"dateModified\":\"2013-09-11T05:20:37+00:00\",\"description\":\"Chaque ann\u00e9e, le prix Solidaire r\u00e9compense une ou des personnes ou une organisation qui ont pos\u00e9 un acte de solidarit\u00e9 au cours des douze mois \u00e9coul\u00e9s.\",\"breadcrumb\":{\"@id\":\"https:\/\/www.pressenza.com\/fr\/2013\/09\/belgique-campagne-on-veut-savoir-nominee-prix-solidaire\/#breadcrumb\"},\"inLanguage\":\"fr-FR\",\"potentialAction\":[{\"@type\":\"ReadAction\",\"target\":[\"https:\/\/www.pressenza.com\/fr\/2013\/09\/belgique-campagne-on-veut-savoir-nominee-prix-solidaire\/\"]}]},{\"@type\":\"ImageObject\",\"inLanguage\":\"fr-FR\",\"@id\":\"https:\/\/www.pressenza.com\/fr\/2013\/09\/belgique-campagne-on-veut-savoir-nominee-prix-solidaire\/#primaryimage\",\"url\":\"https:\/\/www.pressenza.com\/wp-content\/uploads\/2013\/09\/a-qui-profite-la-dette.jpg\",\"contentUrl\":\"https:\/\/www.pressenza.com\/wp-content\/uploads\/2013\/09\/a-qui-profite-la-dette.jpg\",\"width\":990,\"height\":1400},{\"@type\":\"BreadcrumbList\",\"@id\":\"https:\/\/www.pressenza.com\/fr\/2013\/09\/belgique-campagne-on-veut-savoir-nominee-prix-solidaire\/#breadcrumb\",\"itemListElement\":[{\"@type\":\"ListItem\",\"position\":1,\"name\":\"Accueil\",\"item\":\"https:\/\/www.pressenza.com\/fr\/\"},{\"@type\":\"ListItem\",\"position\":2,\"name\":\"Belgique. La campagne \u00ab On veut savoir ! \u00bb nomin\u00e9e pour le Prix Solidaire\"}]},{\"@type\":\"WebSite\",\"@id\":\"https:\/\/www.pressenza.com\/fr\/#website\",\"url\":\"https:\/\/www.pressenza.com\/fr\/\",\"name\":\"Pressenza\",\"description\":\"International Press Agency\",\"publisher\":{\"@id\":\"https:\/\/www.pressenza.com\/fr\/#organization\"},\"potentialAction\":[{\"@type\":\"SearchAction\",\"target\":{\"@type\":\"EntryPoint\",\"urlTemplate\":\"https:\/\/www.pressenza.com\/fr\/?s={search_term_string}\"},\"query-input\":{\"@type\":\"PropertyValueSpecification\",\"valueRequired\":true,\"valueName\":\"search_term_string\"}}],\"inLanguage\":\"fr-FR\"},{\"@type\":\"Organization\",\"@id\":\"https:\/\/www.pressenza.com\/fr\/#organization\",\"name\":\"Pressenza\",\"url\":\"https:\/\/www.pressenza.com\/fr\/\",\"logo\":{\"@type\":\"ImageObject\",\"inLanguage\":\"fr-FR\",\"@id\":\"https:\/\/www.pressenza.com\/fr\/#\/schema\/logo\/image\/\",\"url\":\"https:\/\/www.pressenza.com\/wp-content\/uploads\/2022\/10\/pressenza_logo_200x200.jpg\",\"contentUrl\":\"https:\/\/www.pressenza.com\/wp-content\/uploads\/2022\/10\/pressenza_logo_200x200.jpg\",\"width\":200,\"height\":200,\"caption\":\"Pressenza\"},\"image\":{\"@id\":\"https:\/\/www.pressenza.com\/fr\/#\/schema\/logo\/image\/\"},\"sameAs\":[\"https:\/\/www.facebook.com\/PressenzaItalia\",\"https:\/\/x.com\/PressenzaIPA\"]},{\"@type\":\"Person\",\"@id\":\"https:\/\/www.pressenza.com\/fr\/#\/schema\/person\/1f570f1450b3d76e0dd919130d5851af\",\"name\":\"Comit\u00e9 pour l\u2019abolition des dettes ill\u00e9gitimes (CADTM)\",\"sameAs\":[\"http:\/\/www.cadtm.org\/\",\"https:\/\/www.facebook.com\/CADTMNETWORK\/\",\"https:\/\/x.com\/CADTM_int\"],\"url\":\"https:\/\/www.pressenza.com\/fr\/author\/comite-pour-annulation-de-la-dette-du-tiers-mond\/\"}]}<\/script>\n<!-- \/ Yoast SEO plugin. -->","yoast_head_json":{"title":"Belgique. La campagne \u00ab On veut savoir ! \u00bb nomin\u00e9e pour le Prix Solidaire","description":"Chaque ann\u00e9e, le prix Solidaire r\u00e9compense une ou des personnes ou une organisation qui ont pos\u00e9 un acte de solidarit\u00e9 au cours des douze mois \u00e9coul\u00e9s.","robots":{"index":"index","follow":"follow","max-snippet":"max-snippet:-1","max-image-preview":"max-image-preview:large","max-video-preview":"max-video-preview:-1"},"canonical":"https:\/\/www.pressenza.com\/fr\/2013\/09\/belgique-campagne-on-veut-savoir-nominee-prix-solidaire\/","og_locale":"fr_FR","og_type":"article","og_title":"Belgique. La campagne \u00ab On veut savoir ! \u00bb nomin\u00e9e pour le Prix Solidaire","og_description":"Chaque ann\u00e9e, le prix Solidaire r\u00e9compense une ou des personnes ou une organisation qui ont pos\u00e9 un acte de solidarit\u00e9 au cours des douze mois \u00e9coul\u00e9s.","og_url":"https:\/\/www.pressenza.com\/fr\/2013\/09\/belgique-campagne-on-veut-savoir-nominee-prix-solidaire\/","og_site_name":"Pressenza","article_publisher":"https:\/\/www.facebook.com\/PressenzaItalia","article_author":"https:\/\/www.facebook.com\/CADTMNETWORK\/","article_published_time":"2013-09-11T04:59:44+00:00","article_modified_time":"2013-09-11T05:20:37+00:00","og_image":[{"width":990,"height":1400,"url":"https:\/\/www.pressenza.com\/wp-content\/uploads\/2013\/09\/a-qui-profite-la-dette.jpg","type":"image\/jpeg"}],"author":"Comit\u00e9 pour l\u2019abolition des dettes ill\u00e9gitimes (CADTM)","twitter_card":"summary_large_image","twitter_creator":"@CADTM_int","twitter_site":"@PressenzaIPA","twitter_misc":{"\u00c9crit par":"Comit\u00e9 pour l\u2019abolition des dettes ill\u00e9gitimes (CADTM)","Dur\u00e9e de lecture estim\u00e9e":"2 minutes"},"schema":{"@context":"https:\/\/schema.org","@graph":[{"@type":"Article","@id":"https:\/\/www.pressenza.com\/fr\/2013\/09\/belgique-campagne-on-veut-savoir-nominee-prix-solidaire\/#article","isPartOf":{"@id":"https:\/\/www.pressenza.com\/fr\/2013\/09\/belgique-campagne-on-veut-savoir-nominee-prix-solidaire\/"},"author":{"name":"Comit\u00e9 pour l\u2019abolition des dettes ill\u00e9gitimes (CADTM)","@id":"https:\/\/www.pressenza.com\/fr\/#\/schema\/person\/1f570f1450b3d76e0dd919130d5851af"},"headline":"Belgique. La campagne \u00ab On veut savoir ! \u00bb nomin\u00e9e pour le Prix Solidaire","datePublished":"2013-09-11T04:59:44+00:00","dateModified":"2013-09-11T05:20:37+00:00","mainEntityOfPage":{"@id":"https:\/\/www.pressenza.com\/fr\/2013\/09\/belgique-campagne-on-veut-savoir-nominee-prix-solidaire\/"},"wordCount":456,"publisher":{"@id":"https:\/\/www.pressenza.com\/fr\/#organization"},"image":{"@id":"https:\/\/www.pressenza.com\/fr\/2013\/09\/belgique-campagne-on-veut-savoir-nominee-prix-solidaire\/#primaryimage"},"thumbnailUrl":"https:\/\/www.pressenza.com\/wp-content\/uploads\/2013\/09\/a-qui-profite-la-dette.jpg","keywords":["Belgique","dette"],"articleSection":["Communiqu\u00e9s de Presse","Droits humains","Economie","Europe","International"],"inLanguage":"fr-FR"},{"@type":"WebPage","@id":"https:\/\/www.pressenza.com\/fr\/2013\/09\/belgique-campagne-on-veut-savoir-nominee-prix-solidaire\/","url":"https:\/\/www.pressenza.com\/fr\/2013\/09\/belgique-campagne-on-veut-savoir-nominee-prix-solidaire\/","name":"Belgique. La campagne \u00ab On veut savoir ! \u00bb nomin\u00e9e pour le Prix Solidaire","isPartOf":{"@id":"https:\/\/www.pressenza.com\/fr\/#website"},"primaryImageOfPage":{"@id":"https:\/\/www.pressenza.com\/fr\/2013\/09\/belgique-campagne-on-veut-savoir-nominee-prix-solidaire\/#primaryimage"},"image":{"@id":"https:\/\/www.pressenza.com\/fr\/2013\/09\/belgique-campagne-on-veut-savoir-nominee-prix-solidaire\/#primaryimage"},"thumbnailUrl":"https:\/\/www.pressenza.com\/wp-content\/uploads\/2013\/09\/a-qui-profite-la-dette.jpg","datePublished":"2013-09-11T04:59:44+00:00","dateModified":"2013-09-11T05:20:37+00:00","description":"Chaque ann\u00e9e, le prix Solidaire r\u00e9compense une ou des personnes ou une organisation qui ont pos\u00e9 un acte de solidarit\u00e9 au cours des douze mois \u00e9coul\u00e9s.","breadcrumb":{"@id":"https:\/\/www.pressenza.com\/fr\/2013\/09\/belgique-campagne-on-veut-savoir-nominee-prix-solidaire\/#breadcrumb"},"inLanguage":"fr-FR","potentialAction":[{"@type":"ReadAction","target":["https:\/\/www.pressenza.com\/fr\/2013\/09\/belgique-campagne-on-veut-savoir-nominee-prix-solidaire\/"]}]},{"@type":"ImageObject","inLanguage":"fr-FR","@id":"https:\/\/www.pressenza.com\/fr\/2013\/09\/belgique-campagne-on-veut-savoir-nominee-prix-solidaire\/#primaryimage","url":"https:\/\/www.pressenza.com\/wp-content\/uploads\/2013\/09\/a-qui-profite-la-dette.jpg","contentUrl":"https:\/\/www.pressenza.com\/wp-content\/uploads\/2013\/09\/a-qui-profite-la-dette.jpg","width":990,"height":1400},{"@type":"BreadcrumbList","@id":"https:\/\/www.pressenza.com\/fr\/2013\/09\/belgique-campagne-on-veut-savoir-nominee-prix-solidaire\/#breadcrumb","itemListElement":[{"@type":"ListItem","position":1,"name":"Accueil","item":"https:\/\/www.pressenza.com\/fr\/"},{"@type":"ListItem","position":2,"name":"Belgique. La campagne \u00ab On veut savoir ! \u00bb nomin\u00e9e pour le Prix Solidaire"}]},{"@type":"WebSite","@id":"https:\/\/www.pressenza.com\/fr\/#website","url":"https:\/\/www.pressenza.com\/fr\/","name":"Pressenza","description":"International Press Agency","publisher":{"@id":"https:\/\/www.pressenza.com\/fr\/#organization"},"potentialAction":[{"@type":"SearchAction","target":{"@type":"EntryPoint","urlTemplate":"https:\/\/www.pressenza.com\/fr\/?s={search_term_string}"},"query-input":{"@type":"PropertyValueSpecification","valueRequired":true,"valueName":"search_term_string"}}],"inLanguage":"fr-FR"},{"@type":"Organization","@id":"https:\/\/www.pressenza.com\/fr\/#organization","name":"Pressenza","url":"https:\/\/www.pressenza.com\/fr\/","logo":{"@type":"ImageObject","inLanguage":"fr-FR","@id":"https:\/\/www.pressenza.com\/fr\/#\/schema\/logo\/image\/","url":"https:\/\/www.pressenza.com\/wp-content\/uploads\/2022\/10\/pressenza_logo_200x200.jpg","contentUrl":"https:\/\/www.pressenza.com\/wp-content\/uploads\/2022\/10\/pressenza_logo_200x200.jpg","width":200,"height":200,"caption":"Pressenza"},"image":{"@id":"https:\/\/www.pressenza.com\/fr\/#\/schema\/logo\/image\/"},"sameAs":["https:\/\/www.facebook.com\/PressenzaItalia","https:\/\/x.com\/PressenzaIPA"]},{"@type":"Person","@id":"https:\/\/www.pressenza.com\/fr\/#\/schema\/person\/1f570f1450b3d76e0dd919130d5851af","name":"Comit\u00e9 pour l\u2019abolition des dettes ill\u00e9gitimes (CADTM)","sameAs":["http:\/\/www.cadtm.org\/","https:\/\/www.facebook.com\/CADTMNETWORK\/","https:\/\/x.com\/CADTM_int"],"url":"https:\/\/www.pressenza.com\/fr\/author\/comite-pour-annulation-de-la-dette-du-tiers-mond\/"}]}},"place":"","original_article_url":"","_links":{"self":[{"href":"https:\/\/www.pressenza.com\/fr\/wp-json\/wp\/v2\/posts\/68323","targetHints":{"allow":["GET"]}}],"collection":[{"href":"https:\/\/www.pressenza.com\/fr\/wp-json\/wp\/v2\/posts"}],"about":[{"href":"https:\/\/www.pressenza.com\/fr\/wp-json\/wp\/v2\/types\/post"}],"author":[{"embeddable":true,"href":"https:\/\/www.pressenza.com\/fr\/wp-json\/wp\/v2\/users\/848"}],"replies":[{"embeddable":true,"href":"https:\/\/www.pressenza.com\/fr\/wp-json\/wp\/v2\/comments?post=68323"}],"version-history":[{"count":0,"href":"https:\/\/www.pressenza.com\/fr\/wp-json\/wp\/v2\/posts\/68323\/revisions"}],"wp:featuredmedia":[{"embeddable":true,"href":"https:\/\/www.pressenza.com\/fr\/wp-json\/wp\/v2\/media\/68332"}],"wp:attachment":[{"href":"https:\/\/www.pressenza.com\/fr\/wp-json\/wp\/v2\/media?parent=68323"}],"wp:term":[{"taxonomy":"category","embeddable":true,"href":"https:\/\/www.pressenza.com\/fr\/wp-json\/wp\/v2\/categories?post=68323"},{"taxonomy":"post_tag","embeddable":true,"href":"https:\/\/www.pressenza.com\/fr\/wp-json\/wp\/v2\/tags?post=68323"}],"curies":[{"name":"wp","href":"https:\/\/api.w.org\/{rel}","templated":true}]}}