{"id":67379,"date":"2013-09-06T00:50:23","date_gmt":"2013-09-05T23:50:23","guid":{"rendered":"http:\/\/www.pressenza.com\/?p=67379"},"modified":"2013-09-06T00:50:23","modified_gmt":"2013-09-05T23:50:23","slug":"colombie-congres-international-autre-monde-ouvre-nouvelles-voies-reflechir-vie-bonheur","status":"publish","type":"post","link":"https:\/\/www.pressenza.com\/fr\/2013\/09\/colombie-congres-international-autre-monde-ouvre-nouvelles-voies-reflechir-vie-bonheur\/","title":{"rendered":"Colombie : le congr\u00e8s international Un Autre Monde ouvre de nouvelles voies pour r\u00e9fl\u00e9chir sur la vie et le bonheur"},"content":{"rendered":"<p><img loading=\"lazy\" decoding=\"async\" class=\"alignnone\" alt=\"\" src=\"http:\/\/www.pressenza.com\/wp-content\/uploads\/2013\/08\/Colegiatura-Colombiana1-600x401.jpg\" width=\"600\" height=\"401\" \/><\/p>\n<p>Photo de \u00c9cole Colegiatura Colombiana<\/p>\n<p>Le 1er congr\u00e8s \u2018Un Autre Monde, Bonheur et Cr\u00e9ativit\u00e9 pour la Diversit\u00e9 Durable de l&rsquo;\u00eatre humain\u2019 s&rsquo;est termin\u00e9. Des sp\u00e9cialistes de diverses domaines de la connaissance, comme la psychologie, le design, l&rsquo;art et l&rsquo;\u00e9conomie et venus de tous pays comme l&rsquo;Espagne, l&rsquo;Inde, le Bhoutan, ainsi que les autres participants ont reconnu le succ\u00e8s des \u00e9changes r\u00e9alis\u00e9s tout au long de ces trois jours \u00e0 Medell\u00edn en Colombie.<\/p>\n<p>Liliana D\u00edaz Santamar\u00eda, la Directrice de la section universitaire de l&rsquo;\u00c9cole Colegiatura de Colombia nous a indiqu\u00e9 que 1700 personnes ont particip\u00e9 \u00e0 cet \u00e9v\u00e9nement. Selon ses mots \u00ab\u00a0<i>nous sommes en train de rompre avec un ancien mod\u00e8le. D\u00e9sormais, il existe de nouvelles fa\u00e7ons de nous voir nous-m\u00eames, d&rsquo;autres modes de relations. De nombreuses personnes qui \u00e9taient ici consid\u00e8rent que cet espace leur est propre et depuis leur point de vue d&rsquo;\u00eatre humain, \u00e7a leur a permis de commencer \u00e0 ouvrir de nouvelles possibilit\u00e9s dans leurs vies.<\/i>\u00a0\u00bb<\/p>\n<p>Selon son point de vue, Liliana Diaz Santamaria a comment\u00e9 que \u00ab\u00a0<i>le Congr\u00e8s a g\u00e9n\u00e9r\u00e9 une conscience entre les \u00eatres humains qui se rendent responsables d&rsquo;eux m\u00eames et de leurs entourage. \u00c0 partir de \u00e7a, on peut commencer \u00e0 changer la fa\u00e7on dont nous construisons nos vies quotidiennes.<\/i>\u00a0\u00bb<\/p>\n<p>Au cours de ce Congr\u00e8s, un accompagnement cr\u00e9atif commun plus rapproch\u00e9 avec les organisations gouvernementales et non-gouvernementales a \u00e9t\u00e9 conclu. En commentant ses propres attentes de transformations, Madame Diaz Santamaria a ajout\u00e9 que, pendant ce Congr\u00e8s, \u00ab<i>\u00a0nous nous sommes rendus compte que nous sommes responsables de ce que nous faisons et non seulement du r\u00e9sultat. Tous les param\u00e8tres sont donn\u00e9s pour que ces relations se fassent mais ce que feront les autres aussi sera d\u00e9cisif.\u00a0<\/i>\u00bb<\/p>\n<p>En attendant le 2\u00e8me Congr\u00e8s International Un Autre Monde, pr\u00e9vu en 2015, nous nous sommes engag\u00e9s \u00e0 maintenir activement cette dynamique de r\u00e9flexion et d&rsquo;\u00e9changes afin que ce premier congr\u00e8s soit la premi\u00e8re \u00e9tape d&rsquo;un processus sur le long terme.<\/p>\n<p>Source audio tir\u00e9e de la radio \u00ab\u00a0La Esquina\u00a0\u00bb.<\/p>\n<p><em>Traduction de l\u2019espagnol\u00a0: Marie Le Berrigo<\/em><\/p>\n","protected":false},"excerpt":{"rendered":"<p>Photo de \u00c9cole Colegiatura Colombiana Le 1er congr\u00e8s \u2018Un Autre Monde, Bonheur et Cr\u00e9ativit\u00e9 pour la Diversit\u00e9 Durable de l&rsquo;\u00eatre humain\u2019 s&rsquo;est termin\u00e9. Des sp\u00e9cialistes de diverses domaines de la connaissance, comme la psychologie, le design, l&rsquo;art et l&rsquo;\u00e9conomie et&hellip;<\/p>\n","protected":false},"author":454,"featured_media":0,"comment_status":"closed","ping_status":"open","sticky":false,"template":"","format":"standard","meta":{"footnotes":""},"categories":[86,1246,40],"tags":[6657,1016,2905],"class_list":["post-67379","post","type-post","status-publish","format-standard","hentry","category-amerique-du-sud","category-humanisme-spiritualite","category-international-fr","tag-bonheur","tag-colombie","tag-vie"],"yoast_head":"<!-- This site is optimized with the Yoast SEO plugin v27.1.1 - https:\/\/yoast.com\/product\/yoast-seo-wordpress\/ -->\n<title>Colombie : le congr\u00e8s international Un Autre Monde ouvre de nouvelles voies pour r\u00e9fl\u00e9chir sur la vie et le bonheur<\/title>\n<meta name=\"description\" content=\"Photo de \u00c9cole Colegiatura Colombiana Le 1er congr\u00e8s \u2018Un Autre Monde, Bonheur et Cr\u00e9ativit\u00e9 pour la Diversit\u00e9 Durable de l&#039;\u00eatre humain\u2019 s&#039;est termin\u00e9. Des\" \/>\n<meta name=\"robots\" content=\"index, follow, max-snippet:-1, max-image-preview:large, max-video-preview:-1\" \/>\n<link rel=\"canonical\" href=\"https:\/\/www.pressenza.com\/fr\/2013\/09\/colombie-congres-international-autre-monde-ouvre-nouvelles-voies-reflechir-vie-bonheur\/\" \/>\n<meta property=\"og:locale\" content=\"fr_FR\" \/>\n<meta property=\"og:type\" content=\"article\" \/>\n<meta property=\"og:title\" content=\"Colombie : le congr\u00e8s international Un Autre Monde ouvre de nouvelles voies pour r\u00e9fl\u00e9chir sur la vie et le bonheur\" \/>\n<meta property=\"og:description\" content=\"Photo de \u00c9cole Colegiatura Colombiana Le 1er congr\u00e8s \u2018Un Autre Monde, Bonheur et Cr\u00e9ativit\u00e9 pour la Diversit\u00e9 Durable de l&#039;\u00eatre humain\u2019 s&#039;est termin\u00e9. Des\" \/>\n<meta property=\"og:url\" content=\"https:\/\/www.pressenza.com\/fr\/2013\/09\/colombie-congres-international-autre-monde-ouvre-nouvelles-voies-reflechir-vie-bonheur\/\" \/>\n<meta property=\"og:site_name\" content=\"Pressenza\" \/>\n<meta property=\"article:publisher\" content=\"https:\/\/www.facebook.com\/PressenzaItalia\" \/>\n<meta property=\"article:published_time\" content=\"2013-09-05T23:50:23+00:00\" \/>\n<meta property=\"og:image\" content=\"http:\/\/www.pressenza.com\/wp-content\/uploads\/2013\/08\/Colegiatura-Colombiana1-600x401.jpg\" \/>\n<meta name=\"author\" content=\"Nelsy Lizarazo\" \/>\n<meta name=\"twitter:card\" content=\"summary_large_image\" \/>\n<meta name=\"twitter:creator\" content=\"@PressenzaIPA\" \/>\n<meta name=\"twitter:site\" content=\"@PressenzaIPA\" \/>\n<meta name=\"twitter:label1\" content=\"\u00c9crit par\" \/>\n\t<meta name=\"twitter:data1\" content=\"Nelsy Lizarazo\" \/>\n\t<meta name=\"twitter:label2\" content=\"Dur\u00e9e de lecture estim\u00e9e\" \/>\n\t<meta name=\"twitter:data2\" content=\"2 minutes\" \/>\n<script type=\"application\/ld+json\" class=\"yoast-schema-graph\">{\"@context\":\"https:\/\/schema.org\",\"@graph\":[{\"@type\":\"Article\",\"@id\":\"https:\/\/www.pressenza.com\/fr\/2013\/09\/colombie-congres-international-autre-monde-ouvre-nouvelles-voies-reflechir-vie-bonheur\/#article\",\"isPartOf\":{\"@id\":\"https:\/\/www.pressenza.com\/fr\/2013\/09\/colombie-congres-international-autre-monde-ouvre-nouvelles-voies-reflechir-vie-bonheur\/\"},\"author\":{\"name\":\"Nelsy Lizarazo\",\"@id\":\"https:\/\/www.pressenza.com\/fr\/#\/schema\/person\/25aa5b5c387ba3badce63b165da09f9c\"},\"headline\":\"Colombie : le congr\u00e8s international Un Autre Monde ouvre de nouvelles voies pour r\u00e9fl\u00e9chir sur la vie et le bonheur\",\"datePublished\":\"2013-09-05T23:50:23+00:00\",\"mainEntityOfPage\":{\"@id\":\"https:\/\/www.pressenza.com\/fr\/2013\/09\/colombie-congres-international-autre-monde-ouvre-nouvelles-voies-reflechir-vie-bonheur\/\"},\"wordCount\":398,\"publisher\":{\"@id\":\"https:\/\/www.pressenza.com\/fr\/#organization\"},\"image\":{\"@id\":\"https:\/\/www.pressenza.com\/fr\/2013\/09\/colombie-congres-international-autre-monde-ouvre-nouvelles-voies-reflechir-vie-bonheur\/#primaryimage\"},\"thumbnailUrl\":\"http:\/\/www.pressenza.com\/wp-content\/uploads\/2013\/08\/Colegiatura-Colombiana1-600x401.jpg\",\"keywords\":[\"bonheur\",\"Colombie\",\"vie\"],\"articleSection\":[\"Am\u00e9rique du Sud\",\"Humanisme et Spiritualit\u00e9\",\"International\"],\"inLanguage\":\"fr-FR\"},{\"@type\":\"WebPage\",\"@id\":\"https:\/\/www.pressenza.com\/fr\/2013\/09\/colombie-congres-international-autre-monde-ouvre-nouvelles-voies-reflechir-vie-bonheur\/\",\"url\":\"https:\/\/www.pressenza.com\/fr\/2013\/09\/colombie-congres-international-autre-monde-ouvre-nouvelles-voies-reflechir-vie-bonheur\/\",\"name\":\"Colombie : le congr\u00e8s international Un Autre Monde ouvre de nouvelles voies pour r\u00e9fl\u00e9chir sur la vie et le bonheur\",\"isPartOf\":{\"@id\":\"https:\/\/www.pressenza.com\/fr\/#website\"},\"primaryImageOfPage\":{\"@id\":\"https:\/\/www.pressenza.com\/fr\/2013\/09\/colombie-congres-international-autre-monde-ouvre-nouvelles-voies-reflechir-vie-bonheur\/#primaryimage\"},\"image\":{\"@id\":\"https:\/\/www.pressenza.com\/fr\/2013\/09\/colombie-congres-international-autre-monde-ouvre-nouvelles-voies-reflechir-vie-bonheur\/#primaryimage\"},\"thumbnailUrl\":\"http:\/\/www.pressenza.com\/wp-content\/uploads\/2013\/08\/Colegiatura-Colombiana1-600x401.jpg\",\"datePublished\":\"2013-09-05T23:50:23+00:00\",\"description\":\"Photo de \u00c9cole Colegiatura Colombiana Le 1er congr\u00e8s \u2018Un Autre Monde, Bonheur et Cr\u00e9ativit\u00e9 pour la Diversit\u00e9 Durable de l'\u00eatre humain\u2019 s'est termin\u00e9. Des\",\"breadcrumb\":{\"@id\":\"https:\/\/www.pressenza.com\/fr\/2013\/09\/colombie-congres-international-autre-monde-ouvre-nouvelles-voies-reflechir-vie-bonheur\/#breadcrumb\"},\"inLanguage\":\"fr-FR\",\"potentialAction\":[{\"@type\":\"ReadAction\",\"target\":[\"https:\/\/www.pressenza.com\/fr\/2013\/09\/colombie-congres-international-autre-monde-ouvre-nouvelles-voies-reflechir-vie-bonheur\/\"]}]},{\"@type\":\"ImageObject\",\"inLanguage\":\"fr-FR\",\"@id\":\"https:\/\/www.pressenza.com\/fr\/2013\/09\/colombie-congres-international-autre-monde-ouvre-nouvelles-voies-reflechir-vie-bonheur\/#primaryimage\",\"url\":\"http:\/\/www.pressenza.com\/wp-content\/uploads\/2013\/08\/Colegiatura-Colombiana1-600x401.jpg\",\"contentUrl\":\"http:\/\/www.pressenza.com\/wp-content\/uploads\/2013\/08\/Colegiatura-Colombiana1-600x401.jpg\"},{\"@type\":\"BreadcrumbList\",\"@id\":\"https:\/\/www.pressenza.com\/fr\/2013\/09\/colombie-congres-international-autre-monde-ouvre-nouvelles-voies-reflechir-vie-bonheur\/#breadcrumb\",\"itemListElement\":[{\"@type\":\"ListItem\",\"position\":1,\"name\":\"Accueil\",\"item\":\"https:\/\/www.pressenza.com\/fr\/\"},{\"@type\":\"ListItem\",\"position\":2,\"name\":\"Colombie : le congr\u00e8s international Un Autre Monde ouvre de nouvelles voies pour r\u00e9fl\u00e9chir sur la vie et le bonheur\"}]},{\"@type\":\"WebSite\",\"@id\":\"https:\/\/www.pressenza.com\/fr\/#website\",\"url\":\"https:\/\/www.pressenza.com\/fr\/\",\"name\":\"Pressenza\",\"description\":\"International Press Agency\",\"publisher\":{\"@id\":\"https:\/\/www.pressenza.com\/fr\/#organization\"},\"potentialAction\":[{\"@type\":\"SearchAction\",\"target\":{\"@type\":\"EntryPoint\",\"urlTemplate\":\"https:\/\/www.pressenza.com\/fr\/?s={search_term_string}\"},\"query-input\":{\"@type\":\"PropertyValueSpecification\",\"valueRequired\":true,\"valueName\":\"search_term_string\"}}],\"inLanguage\":\"fr-FR\"},{\"@type\":\"Organization\",\"@id\":\"https:\/\/www.pressenza.com\/fr\/#organization\",\"name\":\"Pressenza\",\"url\":\"https:\/\/www.pressenza.com\/fr\/\",\"logo\":{\"@type\":\"ImageObject\",\"inLanguage\":\"fr-FR\",\"@id\":\"https:\/\/www.pressenza.com\/fr\/#\/schema\/logo\/image\/\",\"url\":\"https:\/\/www.pressenza.com\/wp-content\/uploads\/2022\/10\/pressenza_logo_200x200.jpg\",\"contentUrl\":\"https:\/\/www.pressenza.com\/wp-content\/uploads\/2022\/10\/pressenza_logo_200x200.jpg\",\"width\":200,\"height\":200,\"caption\":\"Pressenza\"},\"image\":{\"@id\":\"https:\/\/www.pressenza.com\/fr\/#\/schema\/logo\/image\/\"},\"sameAs\":[\"https:\/\/www.facebook.com\/PressenzaItalia\",\"https:\/\/x.com\/PressenzaIPA\"]},{\"@type\":\"Person\",\"@id\":\"https:\/\/www.pressenza.com\/fr\/#\/schema\/person\/25aa5b5c387ba3badce63b165da09f9c\",\"name\":\"Nelsy Lizarazo\",\"description\":\"Nelsy Lizarazo, Colombian, living in Quito, Ecuador. Professional background in philosophy, literature, political sciences and international relations.\",\"url\":\"https:\/\/www.pressenza.com\/fr\/author\/nelsy-lizarazo\/\"}]}<\/script>\n<!-- \/ Yoast SEO plugin. -->","yoast_head_json":{"title":"Colombie : le congr\u00e8s international Un Autre Monde ouvre de nouvelles voies pour r\u00e9fl\u00e9chir sur la vie et le bonheur","description":"Photo de \u00c9cole Colegiatura Colombiana Le 1er congr\u00e8s \u2018Un Autre Monde, Bonheur et Cr\u00e9ativit\u00e9 pour la Diversit\u00e9 Durable de l'\u00eatre humain\u2019 s'est termin\u00e9. Des","robots":{"index":"index","follow":"follow","max-snippet":"max-snippet:-1","max-image-preview":"max-image-preview:large","max-video-preview":"max-video-preview:-1"},"canonical":"https:\/\/www.pressenza.com\/fr\/2013\/09\/colombie-congres-international-autre-monde-ouvre-nouvelles-voies-reflechir-vie-bonheur\/","og_locale":"fr_FR","og_type":"article","og_title":"Colombie : le congr\u00e8s international Un Autre Monde ouvre de nouvelles voies pour r\u00e9fl\u00e9chir sur la vie et le bonheur","og_description":"Photo de \u00c9cole Colegiatura Colombiana Le 1er congr\u00e8s \u2018Un Autre Monde, Bonheur et Cr\u00e9ativit\u00e9 pour la Diversit\u00e9 Durable de l'\u00eatre humain\u2019 s'est termin\u00e9. Des","og_url":"https:\/\/www.pressenza.com\/fr\/2013\/09\/colombie-congres-international-autre-monde-ouvre-nouvelles-voies-reflechir-vie-bonheur\/","og_site_name":"Pressenza","article_publisher":"https:\/\/www.facebook.com\/PressenzaItalia","article_published_time":"2013-09-05T23:50:23+00:00","og_image":[{"url":"http:\/\/www.pressenza.com\/wp-content\/uploads\/2013\/08\/Colegiatura-Colombiana1-600x401.jpg","type":"","width":"","height":""}],"author":"Nelsy Lizarazo","twitter_card":"summary_large_image","twitter_creator":"@PressenzaIPA","twitter_site":"@PressenzaIPA","twitter_misc":{"\u00c9crit par":"Nelsy Lizarazo","Dur\u00e9e de lecture estim\u00e9e":"2 minutes"},"schema":{"@context":"https:\/\/schema.org","@graph":[{"@type":"Article","@id":"https:\/\/www.pressenza.com\/fr\/2013\/09\/colombie-congres-international-autre-monde-ouvre-nouvelles-voies-reflechir-vie-bonheur\/#article","isPartOf":{"@id":"https:\/\/www.pressenza.com\/fr\/2013\/09\/colombie-congres-international-autre-monde-ouvre-nouvelles-voies-reflechir-vie-bonheur\/"},"author":{"name":"Nelsy Lizarazo","@id":"https:\/\/www.pressenza.com\/fr\/#\/schema\/person\/25aa5b5c387ba3badce63b165da09f9c"},"headline":"Colombie : le congr\u00e8s international Un Autre Monde ouvre de nouvelles voies pour r\u00e9fl\u00e9chir sur la vie et le bonheur","datePublished":"2013-09-05T23:50:23+00:00","mainEntityOfPage":{"@id":"https:\/\/www.pressenza.com\/fr\/2013\/09\/colombie-congres-international-autre-monde-ouvre-nouvelles-voies-reflechir-vie-bonheur\/"},"wordCount":398,"publisher":{"@id":"https:\/\/www.pressenza.com\/fr\/#organization"},"image":{"@id":"https:\/\/www.pressenza.com\/fr\/2013\/09\/colombie-congres-international-autre-monde-ouvre-nouvelles-voies-reflechir-vie-bonheur\/#primaryimage"},"thumbnailUrl":"http:\/\/www.pressenza.com\/wp-content\/uploads\/2013\/08\/Colegiatura-Colombiana1-600x401.jpg","keywords":["bonheur","Colombie","vie"],"articleSection":["Am\u00e9rique du Sud","Humanisme et Spiritualit\u00e9","International"],"inLanguage":"fr-FR"},{"@type":"WebPage","@id":"https:\/\/www.pressenza.com\/fr\/2013\/09\/colombie-congres-international-autre-monde-ouvre-nouvelles-voies-reflechir-vie-bonheur\/","url":"https:\/\/www.pressenza.com\/fr\/2013\/09\/colombie-congres-international-autre-monde-ouvre-nouvelles-voies-reflechir-vie-bonheur\/","name":"Colombie : le congr\u00e8s international Un Autre Monde ouvre de nouvelles voies pour r\u00e9fl\u00e9chir sur la vie et le bonheur","isPartOf":{"@id":"https:\/\/www.pressenza.com\/fr\/#website"},"primaryImageOfPage":{"@id":"https:\/\/www.pressenza.com\/fr\/2013\/09\/colombie-congres-international-autre-monde-ouvre-nouvelles-voies-reflechir-vie-bonheur\/#primaryimage"},"image":{"@id":"https:\/\/www.pressenza.com\/fr\/2013\/09\/colombie-congres-international-autre-monde-ouvre-nouvelles-voies-reflechir-vie-bonheur\/#primaryimage"},"thumbnailUrl":"http:\/\/www.pressenza.com\/wp-content\/uploads\/2013\/08\/Colegiatura-Colombiana1-600x401.jpg","datePublished":"2013-09-05T23:50:23+00:00","description":"Photo de \u00c9cole Colegiatura Colombiana Le 1er congr\u00e8s \u2018Un Autre Monde, Bonheur et Cr\u00e9ativit\u00e9 pour la Diversit\u00e9 Durable de l'\u00eatre humain\u2019 s'est termin\u00e9. Des","breadcrumb":{"@id":"https:\/\/www.pressenza.com\/fr\/2013\/09\/colombie-congres-international-autre-monde-ouvre-nouvelles-voies-reflechir-vie-bonheur\/#breadcrumb"},"inLanguage":"fr-FR","potentialAction":[{"@type":"ReadAction","target":["https:\/\/www.pressenza.com\/fr\/2013\/09\/colombie-congres-international-autre-monde-ouvre-nouvelles-voies-reflechir-vie-bonheur\/"]}]},{"@type":"ImageObject","inLanguage":"fr-FR","@id":"https:\/\/www.pressenza.com\/fr\/2013\/09\/colombie-congres-international-autre-monde-ouvre-nouvelles-voies-reflechir-vie-bonheur\/#primaryimage","url":"http:\/\/www.pressenza.com\/wp-content\/uploads\/2013\/08\/Colegiatura-Colombiana1-600x401.jpg","contentUrl":"http:\/\/www.pressenza.com\/wp-content\/uploads\/2013\/08\/Colegiatura-Colombiana1-600x401.jpg"},{"@type":"BreadcrumbList","@id":"https:\/\/www.pressenza.com\/fr\/2013\/09\/colombie-congres-international-autre-monde-ouvre-nouvelles-voies-reflechir-vie-bonheur\/#breadcrumb","itemListElement":[{"@type":"ListItem","position":1,"name":"Accueil","item":"https:\/\/www.pressenza.com\/fr\/"},{"@type":"ListItem","position":2,"name":"Colombie : le congr\u00e8s international Un Autre Monde ouvre de nouvelles voies pour r\u00e9fl\u00e9chir sur la vie et le bonheur"}]},{"@type":"WebSite","@id":"https:\/\/www.pressenza.com\/fr\/#website","url":"https:\/\/www.pressenza.com\/fr\/","name":"Pressenza","description":"International Press Agency","publisher":{"@id":"https:\/\/www.pressenza.com\/fr\/#organization"},"potentialAction":[{"@type":"SearchAction","target":{"@type":"EntryPoint","urlTemplate":"https:\/\/www.pressenza.com\/fr\/?s={search_term_string}"},"query-input":{"@type":"PropertyValueSpecification","valueRequired":true,"valueName":"search_term_string"}}],"inLanguage":"fr-FR"},{"@type":"Organization","@id":"https:\/\/www.pressenza.com\/fr\/#organization","name":"Pressenza","url":"https:\/\/www.pressenza.com\/fr\/","logo":{"@type":"ImageObject","inLanguage":"fr-FR","@id":"https:\/\/www.pressenza.com\/fr\/#\/schema\/logo\/image\/","url":"https:\/\/www.pressenza.com\/wp-content\/uploads\/2022\/10\/pressenza_logo_200x200.jpg","contentUrl":"https:\/\/www.pressenza.com\/wp-content\/uploads\/2022\/10\/pressenza_logo_200x200.jpg","width":200,"height":200,"caption":"Pressenza"},"image":{"@id":"https:\/\/www.pressenza.com\/fr\/#\/schema\/logo\/image\/"},"sameAs":["https:\/\/www.facebook.com\/PressenzaItalia","https:\/\/x.com\/PressenzaIPA"]},{"@type":"Person","@id":"https:\/\/www.pressenza.com\/fr\/#\/schema\/person\/25aa5b5c387ba3badce63b165da09f9c","name":"Nelsy Lizarazo","description":"Nelsy Lizarazo, Colombian, living in Quito, Ecuador. Professional background in philosophy, literature, political sciences and international relations.","url":"https:\/\/www.pressenza.com\/fr\/author\/nelsy-lizarazo\/"}]}},"place":"Medellin","original_article_url":"","_links":{"self":[{"href":"https:\/\/www.pressenza.com\/fr\/wp-json\/wp\/v2\/posts\/67379","targetHints":{"allow":["GET"]}}],"collection":[{"href":"https:\/\/www.pressenza.com\/fr\/wp-json\/wp\/v2\/posts"}],"about":[{"href":"https:\/\/www.pressenza.com\/fr\/wp-json\/wp\/v2\/types\/post"}],"author":[{"embeddable":true,"href":"https:\/\/www.pressenza.com\/fr\/wp-json\/wp\/v2\/users\/454"}],"replies":[{"embeddable":true,"href":"https:\/\/www.pressenza.com\/fr\/wp-json\/wp\/v2\/comments?post=67379"}],"version-history":[{"count":0,"href":"https:\/\/www.pressenza.com\/fr\/wp-json\/wp\/v2\/posts\/67379\/revisions"}],"wp:attachment":[{"href":"https:\/\/www.pressenza.com\/fr\/wp-json\/wp\/v2\/media?parent=67379"}],"wp:term":[{"taxonomy":"category","embeddable":true,"href":"https:\/\/www.pressenza.com\/fr\/wp-json\/wp\/v2\/categories?post=67379"},{"taxonomy":"post_tag","embeddable":true,"href":"https:\/\/www.pressenza.com\/fr\/wp-json\/wp\/v2\/tags?post=67379"}],"curies":[{"name":"wp","href":"https:\/\/api.w.org\/{rel}","templated":true}]}}