{"id":67355,"date":"2013-09-05T23:05:40","date_gmt":"2013-09-05T22:05:40","guid":{"rendered":"http:\/\/www.pressenza.com\/?p=67355"},"modified":"2013-09-06T07:04:56","modified_gmt":"2013-09-06T06:04:56","slug":"bruxelles-chile-1973-2013-repression-trois-generations","status":"publish","type":"post","link":"https:\/\/www.pressenza.com\/fr\/2013\/09\/bruxelles-chile-1973-2013-repression-trois-generations\/","title":{"rendered":"Bruxelles : Chile 1973-2013&#8230; de la r\u00e9pression de trois g\u00e9n\u00e9rations"},"content":{"rendered":"<p><strong>Du 11 au 13 septembre 2013, Curro Hall, 7 rue Ropsy Chaudron, 1070 Anderlecht<\/strong><\/p>\n<p><a href=\"http:\/\/fewla.be\/\">Fewla<\/a>, avec le soutien des sections bruxelloises du PSL\/LSP et le Parti Humaniste, organisent un \u00e9v\u00e8nement culturel \u00e0 l\u2019occasion des comm\u00e9morations des 40 ans du coup d\u2019Etat au Chili. Cependant, il ne s\u2019agit pas simplement de se rem\u00e9morer une \u00e9ni\u00e8me fois le putsch et les atrocit\u00e9s commises sous la dictature en oubliant la r\u00e9pression \u00e0 laquelle est soumise la population depuis le retour \u00e0 la \u00a0\u00bbd\u00e9mocratie\u00a0\u00bb. Il s\u2019agit de se rappeler le pass\u00e9 pour agir sur le pr\u00e9sent. Une conf\u00e9rence-d\u00e9bat ouvrira l\u2019\u00e9v\u00e8nement, o\u00f9 il sera question de l\u2019exp\u00e9rience que fut la p\u00e9riode de l\u2019Unit\u00e9 Populaire, des \u00e9lections pr\u00e9sidentielles chiliennes qui prendront place en novembre et enfin des luttes actuelles men\u00e9es au Chili (\u00e9tudiants, Mapuche, p\u00e9cheurs,\u2026).<\/p>\n<p>40 ans apr\u00e8s le coup d&rsquo;\u00e9tat au Chili, Fewla (un comit\u00e9 de soutien actif \u00e0 la lutte du peuple Mapuche) organise une exposition photo du 11 au 13 septembre.<\/p>\n<p>Le 11 septembre, l&rsquo;exposition s&rsquo;ouvrira officiellement par une conf\u00e9rence d\u00e9bat avec Pablo Nyns (PSL). L&rsquo;ouverture des portes se fera \u00e0 19h et la conf\u00e9rence\/d\u00e9bat commencera \u00e0 19h30.<\/p>\n<p>Le 12 septembre, l&rsquo;exposition sera ouverte entre 12h et 17h.<\/p>\n<p>Le 13 septembre, l&rsquo;exposition sera ouverte \u00e0 partir de 12h et se prolongera par une soir\u00e9e culturelle. La soir\u00e9e commencera par des musiques autour d&rsquo;une m\u00e9moire obstin\u00e9e des peuples, le peuple chilien, le peuple Mapuche, les peuples du monde. La musique d\u00e9crira la lutte men\u00e9e pour se lib\u00e9rer et cr\u00e9er une soci\u00e9t\u00e9 dont l&rsquo;objectif est la satisfaction pleine de tous les besoins n\u00e9cessaires au bonheur. Le parcours se poursuivra par une visite de l&rsquo;exposition photo et la d\u00e9couverte de fresques r\u00e9alis\u00e9es par des participants de diff\u00e9rentes manifestations. En r\u00e9ponse \u00e0 celles-ci, le public sera invit\u00e9 \u00e0 cr\u00e9er une nouvelle fresque avec la participation d&rsquo;artistes peintres dont Caliban Ramirez. Une petite restauration est pr\u00e9vue (empanadas), ainsi qu&rsquo;un bar \u00e0 prix d\u00e9mocratique.<\/p>\n<p>Plus de renseignements :<\/p>\n<p><a href=\"http:\/\/fewla.be\/\" target=\"_blank\">Fewla Lutte Mapuche<\/a><\/p>\n<p><a href=\"https:\/\/www.facebook.com\/events\/188357728011914\/\" target=\"_blank\">Ev\u00e9nement sur facebook<\/a><\/p>\n","protected":false},"excerpt":{"rendered":"<p>Du 11 au 13 septembre 2013, Curro Hall, 7 rue Ropsy Chaudron, 1070 Anderlecht Fewla, avec le soutien des sections bruxelloises du PSL\/LSP et le Parti Humaniste, organisent un \u00e9v\u00e8nement culturel \u00e0 l\u2019occasion des comm\u00e9morations des 40 ans du coup&hellip;<\/p>\n","protected":false},"author":807,"featured_media":67361,"comment_status":"closed","ping_status":"open","sticky":false,"template":"","format":"standard","meta":{"footnotes":""},"categories":[151,98,85,1248,99],"tags":[573,246,3102],"class_list":["post-67355","post","type-post","status-publish","format-standard","has-post-thumbnail","hentry","category-communique-de-presse","category-droits-de-lhomme","category-europe-fr","category-nonviolence-sujet","category-peuples-autochtones","tag-chili","tag-coup-detat","tag-parti-humaniste"],"yoast_head":"<!-- This site is optimized with the Yoast SEO plugin v27.1.1 - https:\/\/yoast.com\/product\/yoast-seo-wordpress\/ -->\n<title>Bruxelles : Chile 1973-2013... de la r\u00e9pression de trois g\u00e9n\u00e9rations<\/title>\n<meta name=\"description\" content=\"Du 11 au 13 septembre 2013, Curro Hall, 7 rue Ropsy Chaudron, 1070 Anderlecht Fewla, avec le soutien des sections bruxelloises du PSL\/LSP et le Parti\" \/>\n<meta name=\"robots\" content=\"index, follow, max-snippet:-1, max-image-preview:large, max-video-preview:-1\" \/>\n<link rel=\"canonical\" href=\"https:\/\/www.pressenza.com\/fr\/2013\/09\/bruxelles-chile-1973-2013-repression-trois-generations\/\" \/>\n<meta property=\"og:locale\" content=\"fr_FR\" \/>\n<meta property=\"og:type\" content=\"article\" \/>\n<meta property=\"og:title\" content=\"Bruxelles : Chile 1973-2013... de la r\u00e9pression de trois g\u00e9n\u00e9rations\" \/>\n<meta property=\"og:description\" content=\"Du 11 au 13 septembre 2013, Curro Hall, 7 rue Ropsy Chaudron, 1070 Anderlecht Fewla, avec le soutien des sections bruxelloises du PSL\/LSP et le Parti\" \/>\n<meta property=\"og:url\" content=\"https:\/\/www.pressenza.com\/fr\/2013\/09\/bruxelles-chile-1973-2013-repression-trois-generations\/\" \/>\n<meta property=\"og:site_name\" content=\"Pressenza\" \/>\n<meta property=\"article:publisher\" content=\"https:\/\/www.facebook.com\/PressenzaItalia\" \/>\n<meta property=\"article:published_time\" content=\"2013-09-05T22:05:40+00:00\" \/>\n<meta property=\"article:modified_time\" content=\"2013-09-06T06:04:56+00:00\" \/>\n<meta property=\"og:image\" content=\"https:\/\/www.pressenza.com\/wp-content\/uploads\/2013\/09\/Bruxelles-Chile-1973-2013-de-la-r\u00e9pression-de-trois-g\u00e9n\u00e9rations.jpg\" \/>\n\t<meta property=\"og:image:width\" content=\"651\" \/>\n\t<meta property=\"og:image:height\" content=\"720\" \/>\n\t<meta property=\"og:image:type\" content=\"image\/jpeg\" \/>\n<meta name=\"author\" content=\"R\u00e9daction Belgique\" \/>\n<meta name=\"twitter:card\" content=\"summary_large_image\" \/>\n<meta name=\"twitter:creator\" content=\"@PressenzaIPA\" \/>\n<meta name=\"twitter:site\" content=\"@PressenzaIPA\" \/>\n<meta name=\"twitter:label1\" content=\"\u00c9crit par\" \/>\n\t<meta name=\"twitter:data1\" content=\"R\u00e9daction Belgique\" \/>\n\t<meta name=\"twitter:label2\" content=\"Dur\u00e9e de lecture estim\u00e9e\" \/>\n\t<meta name=\"twitter:data2\" content=\"2 minutes\" \/>\n<script type=\"application\/ld+json\" class=\"yoast-schema-graph\">{\"@context\":\"https:\/\/schema.org\",\"@graph\":[{\"@type\":\"Article\",\"@id\":\"https:\/\/www.pressenza.com\/fr\/2013\/09\/bruxelles-chile-1973-2013-repression-trois-generations\/#article\",\"isPartOf\":{\"@id\":\"https:\/\/www.pressenza.com\/fr\/2013\/09\/bruxelles-chile-1973-2013-repression-trois-generations\/\"},\"author\":{\"name\":\"R\u00e9daction Belgique\",\"@id\":\"https:\/\/www.pressenza.com\/fr\/#\/schema\/person\/86412bf1f68934d02d03035e031f781f\"},\"headline\":\"Bruxelles : Chile 1973-2013&#8230; de la r\u00e9pression de trois g\u00e9n\u00e9rations\",\"datePublished\":\"2013-09-05T22:05:40+00:00\",\"dateModified\":\"2013-09-06T06:04:56+00:00\",\"mainEntityOfPage\":{\"@id\":\"https:\/\/www.pressenza.com\/fr\/2013\/09\/bruxelles-chile-1973-2013-repression-trois-generations\/\"},\"wordCount\":374,\"publisher\":{\"@id\":\"https:\/\/www.pressenza.com\/fr\/#organization\"},\"image\":{\"@id\":\"https:\/\/www.pressenza.com\/fr\/2013\/09\/bruxelles-chile-1973-2013-repression-trois-generations\/#primaryimage\"},\"thumbnailUrl\":\"https:\/\/www.pressenza.com\/wp-content\/uploads\/2013\/09\/Bruxelles-Chile-1973-2013-de-la-r\u00e9pression-de-trois-g\u00e9n\u00e9rations.jpg\",\"keywords\":[\"Chili\",\"coup d'\u00e9tat\",\"Parti Humaniste\"],\"articleSection\":[\"Communiqu\u00e9s de Presse\",\"Droits humains\",\"Europe\",\"Non-violence\",\"Peuples originaires\"],\"inLanguage\":\"fr-FR\"},{\"@type\":\"WebPage\",\"@id\":\"https:\/\/www.pressenza.com\/fr\/2013\/09\/bruxelles-chile-1973-2013-repression-trois-generations\/\",\"url\":\"https:\/\/www.pressenza.com\/fr\/2013\/09\/bruxelles-chile-1973-2013-repression-trois-generations\/\",\"name\":\"Bruxelles : Chile 1973-2013... de la r\u00e9pression de trois g\u00e9n\u00e9rations\",\"isPartOf\":{\"@id\":\"https:\/\/www.pressenza.com\/fr\/#website\"},\"primaryImageOfPage\":{\"@id\":\"https:\/\/www.pressenza.com\/fr\/2013\/09\/bruxelles-chile-1973-2013-repression-trois-generations\/#primaryimage\"},\"image\":{\"@id\":\"https:\/\/www.pressenza.com\/fr\/2013\/09\/bruxelles-chile-1973-2013-repression-trois-generations\/#primaryimage\"},\"thumbnailUrl\":\"https:\/\/www.pressenza.com\/wp-content\/uploads\/2013\/09\/Bruxelles-Chile-1973-2013-de-la-r\u00e9pression-de-trois-g\u00e9n\u00e9rations.jpg\",\"datePublished\":\"2013-09-05T22:05:40+00:00\",\"dateModified\":\"2013-09-06T06:04:56+00:00\",\"description\":\"Du 11 au 13 septembre 2013, Curro Hall, 7 rue Ropsy Chaudron, 1070 Anderlecht Fewla, avec le soutien des sections bruxelloises du PSL\/LSP et le Parti\",\"breadcrumb\":{\"@id\":\"https:\/\/www.pressenza.com\/fr\/2013\/09\/bruxelles-chile-1973-2013-repression-trois-generations\/#breadcrumb\"},\"inLanguage\":\"fr-FR\",\"potentialAction\":[{\"@type\":\"ReadAction\",\"target\":[\"https:\/\/www.pressenza.com\/fr\/2013\/09\/bruxelles-chile-1973-2013-repression-trois-generations\/\"]}]},{\"@type\":\"ImageObject\",\"inLanguage\":\"fr-FR\",\"@id\":\"https:\/\/www.pressenza.com\/fr\/2013\/09\/bruxelles-chile-1973-2013-repression-trois-generations\/#primaryimage\",\"url\":\"https:\/\/www.pressenza.com\/wp-content\/uploads\/2013\/09\/Bruxelles-Chile-1973-2013-de-la-r\u00e9pression-de-trois-g\u00e9n\u00e9rations.jpg\",\"contentUrl\":\"https:\/\/www.pressenza.com\/wp-content\/uploads\/2013\/09\/Bruxelles-Chile-1973-2013-de-la-r\u00e9pression-de-trois-g\u00e9n\u00e9rations.jpg\",\"width\":651,\"height\":720},{\"@type\":\"BreadcrumbList\",\"@id\":\"https:\/\/www.pressenza.com\/fr\/2013\/09\/bruxelles-chile-1973-2013-repression-trois-generations\/#breadcrumb\",\"itemListElement\":[{\"@type\":\"ListItem\",\"position\":1,\"name\":\"Accueil\",\"item\":\"https:\/\/www.pressenza.com\/fr\/\"},{\"@type\":\"ListItem\",\"position\":2,\"name\":\"Bruxelles : Chile 1973-2013&#8230; de la r\u00e9pression de trois g\u00e9n\u00e9rations\"}]},{\"@type\":\"WebSite\",\"@id\":\"https:\/\/www.pressenza.com\/fr\/#website\",\"url\":\"https:\/\/www.pressenza.com\/fr\/\",\"name\":\"Pressenza\",\"description\":\"International Press Agency\",\"publisher\":{\"@id\":\"https:\/\/www.pressenza.com\/fr\/#organization\"},\"potentialAction\":[{\"@type\":\"SearchAction\",\"target\":{\"@type\":\"EntryPoint\",\"urlTemplate\":\"https:\/\/www.pressenza.com\/fr\/?s={search_term_string}\"},\"query-input\":{\"@type\":\"PropertyValueSpecification\",\"valueRequired\":true,\"valueName\":\"search_term_string\"}}],\"inLanguage\":\"fr-FR\"},{\"@type\":\"Organization\",\"@id\":\"https:\/\/www.pressenza.com\/fr\/#organization\",\"name\":\"Pressenza\",\"url\":\"https:\/\/www.pressenza.com\/fr\/\",\"logo\":{\"@type\":\"ImageObject\",\"inLanguage\":\"fr-FR\",\"@id\":\"https:\/\/www.pressenza.com\/fr\/#\/schema\/logo\/image\/\",\"url\":\"https:\/\/www.pressenza.com\/wp-content\/uploads\/2022\/10\/pressenza_logo_200x200.jpg\",\"contentUrl\":\"https:\/\/www.pressenza.com\/wp-content\/uploads\/2022\/10\/pressenza_logo_200x200.jpg\",\"width\":200,\"height\":200,\"caption\":\"Pressenza\"},\"image\":{\"@id\":\"https:\/\/www.pressenza.com\/fr\/#\/schema\/logo\/image\/\"},\"sameAs\":[\"https:\/\/www.facebook.com\/PressenzaItalia\",\"https:\/\/x.com\/PressenzaIPA\"]},{\"@type\":\"Person\",\"@id\":\"https:\/\/www.pressenza.com\/fr\/#\/schema\/person\/86412bf1f68934d02d03035e031f781f\",\"name\":\"R\u00e9daction Belgique\",\"description\":\"News published by the Pressenza bureau in Belgium\",\"url\":\"https:\/\/www.pressenza.com\/fr\/author\/redaction-belgique\/\"}]}<\/script>\n<!-- \/ Yoast SEO plugin. -->","yoast_head_json":{"title":"Bruxelles : Chile 1973-2013... de la r\u00e9pression de trois g\u00e9n\u00e9rations","description":"Du 11 au 13 septembre 2013, Curro Hall, 7 rue Ropsy Chaudron, 1070 Anderlecht Fewla, avec le soutien des sections bruxelloises du PSL\/LSP et le Parti","robots":{"index":"index","follow":"follow","max-snippet":"max-snippet:-1","max-image-preview":"max-image-preview:large","max-video-preview":"max-video-preview:-1"},"canonical":"https:\/\/www.pressenza.com\/fr\/2013\/09\/bruxelles-chile-1973-2013-repression-trois-generations\/","og_locale":"fr_FR","og_type":"article","og_title":"Bruxelles : Chile 1973-2013... de la r\u00e9pression de trois g\u00e9n\u00e9rations","og_description":"Du 11 au 13 septembre 2013, Curro Hall, 7 rue Ropsy Chaudron, 1070 Anderlecht Fewla, avec le soutien des sections bruxelloises du PSL\/LSP et le Parti","og_url":"https:\/\/www.pressenza.com\/fr\/2013\/09\/bruxelles-chile-1973-2013-repression-trois-generations\/","og_site_name":"Pressenza","article_publisher":"https:\/\/www.facebook.com\/PressenzaItalia","article_published_time":"2013-09-05T22:05:40+00:00","article_modified_time":"2013-09-06T06:04:56+00:00","og_image":[{"width":651,"height":720,"url":"https:\/\/www.pressenza.com\/wp-content\/uploads\/2013\/09\/Bruxelles-Chile-1973-2013-de-la-r\u00e9pression-de-trois-g\u00e9n\u00e9rations.jpg","type":"image\/jpeg"}],"author":"R\u00e9daction Belgique","twitter_card":"summary_large_image","twitter_creator":"@PressenzaIPA","twitter_site":"@PressenzaIPA","twitter_misc":{"\u00c9crit par":"R\u00e9daction Belgique","Dur\u00e9e de lecture estim\u00e9e":"2 minutes"},"schema":{"@context":"https:\/\/schema.org","@graph":[{"@type":"Article","@id":"https:\/\/www.pressenza.com\/fr\/2013\/09\/bruxelles-chile-1973-2013-repression-trois-generations\/#article","isPartOf":{"@id":"https:\/\/www.pressenza.com\/fr\/2013\/09\/bruxelles-chile-1973-2013-repression-trois-generations\/"},"author":{"name":"R\u00e9daction Belgique","@id":"https:\/\/www.pressenza.com\/fr\/#\/schema\/person\/86412bf1f68934d02d03035e031f781f"},"headline":"Bruxelles : Chile 1973-2013&#8230; de la r\u00e9pression de trois g\u00e9n\u00e9rations","datePublished":"2013-09-05T22:05:40+00:00","dateModified":"2013-09-06T06:04:56+00:00","mainEntityOfPage":{"@id":"https:\/\/www.pressenza.com\/fr\/2013\/09\/bruxelles-chile-1973-2013-repression-trois-generations\/"},"wordCount":374,"publisher":{"@id":"https:\/\/www.pressenza.com\/fr\/#organization"},"image":{"@id":"https:\/\/www.pressenza.com\/fr\/2013\/09\/bruxelles-chile-1973-2013-repression-trois-generations\/#primaryimage"},"thumbnailUrl":"https:\/\/www.pressenza.com\/wp-content\/uploads\/2013\/09\/Bruxelles-Chile-1973-2013-de-la-r\u00e9pression-de-trois-g\u00e9n\u00e9rations.jpg","keywords":["Chili","coup d'\u00e9tat","Parti Humaniste"],"articleSection":["Communiqu\u00e9s de Presse","Droits humains","Europe","Non-violence","Peuples originaires"],"inLanguage":"fr-FR"},{"@type":"WebPage","@id":"https:\/\/www.pressenza.com\/fr\/2013\/09\/bruxelles-chile-1973-2013-repression-trois-generations\/","url":"https:\/\/www.pressenza.com\/fr\/2013\/09\/bruxelles-chile-1973-2013-repression-trois-generations\/","name":"Bruxelles : Chile 1973-2013... de la r\u00e9pression de trois g\u00e9n\u00e9rations","isPartOf":{"@id":"https:\/\/www.pressenza.com\/fr\/#website"},"primaryImageOfPage":{"@id":"https:\/\/www.pressenza.com\/fr\/2013\/09\/bruxelles-chile-1973-2013-repression-trois-generations\/#primaryimage"},"image":{"@id":"https:\/\/www.pressenza.com\/fr\/2013\/09\/bruxelles-chile-1973-2013-repression-trois-generations\/#primaryimage"},"thumbnailUrl":"https:\/\/www.pressenza.com\/wp-content\/uploads\/2013\/09\/Bruxelles-Chile-1973-2013-de-la-r\u00e9pression-de-trois-g\u00e9n\u00e9rations.jpg","datePublished":"2013-09-05T22:05:40+00:00","dateModified":"2013-09-06T06:04:56+00:00","description":"Du 11 au 13 septembre 2013, Curro Hall, 7 rue Ropsy Chaudron, 1070 Anderlecht Fewla, avec le soutien des sections bruxelloises du PSL\/LSP et le Parti","breadcrumb":{"@id":"https:\/\/www.pressenza.com\/fr\/2013\/09\/bruxelles-chile-1973-2013-repression-trois-generations\/#breadcrumb"},"inLanguage":"fr-FR","potentialAction":[{"@type":"ReadAction","target":["https:\/\/www.pressenza.com\/fr\/2013\/09\/bruxelles-chile-1973-2013-repression-trois-generations\/"]}]},{"@type":"ImageObject","inLanguage":"fr-FR","@id":"https:\/\/www.pressenza.com\/fr\/2013\/09\/bruxelles-chile-1973-2013-repression-trois-generations\/#primaryimage","url":"https:\/\/www.pressenza.com\/wp-content\/uploads\/2013\/09\/Bruxelles-Chile-1973-2013-de-la-r\u00e9pression-de-trois-g\u00e9n\u00e9rations.jpg","contentUrl":"https:\/\/www.pressenza.com\/wp-content\/uploads\/2013\/09\/Bruxelles-Chile-1973-2013-de-la-r\u00e9pression-de-trois-g\u00e9n\u00e9rations.jpg","width":651,"height":720},{"@type":"BreadcrumbList","@id":"https:\/\/www.pressenza.com\/fr\/2013\/09\/bruxelles-chile-1973-2013-repression-trois-generations\/#breadcrumb","itemListElement":[{"@type":"ListItem","position":1,"name":"Accueil","item":"https:\/\/www.pressenza.com\/fr\/"},{"@type":"ListItem","position":2,"name":"Bruxelles : Chile 1973-2013&#8230; de la r\u00e9pression de trois g\u00e9n\u00e9rations"}]},{"@type":"WebSite","@id":"https:\/\/www.pressenza.com\/fr\/#website","url":"https:\/\/www.pressenza.com\/fr\/","name":"Pressenza","description":"International Press Agency","publisher":{"@id":"https:\/\/www.pressenza.com\/fr\/#organization"},"potentialAction":[{"@type":"SearchAction","target":{"@type":"EntryPoint","urlTemplate":"https:\/\/www.pressenza.com\/fr\/?s={search_term_string}"},"query-input":{"@type":"PropertyValueSpecification","valueRequired":true,"valueName":"search_term_string"}}],"inLanguage":"fr-FR"},{"@type":"Organization","@id":"https:\/\/www.pressenza.com\/fr\/#organization","name":"Pressenza","url":"https:\/\/www.pressenza.com\/fr\/","logo":{"@type":"ImageObject","inLanguage":"fr-FR","@id":"https:\/\/www.pressenza.com\/fr\/#\/schema\/logo\/image\/","url":"https:\/\/www.pressenza.com\/wp-content\/uploads\/2022\/10\/pressenza_logo_200x200.jpg","contentUrl":"https:\/\/www.pressenza.com\/wp-content\/uploads\/2022\/10\/pressenza_logo_200x200.jpg","width":200,"height":200,"caption":"Pressenza"},"image":{"@id":"https:\/\/www.pressenza.com\/fr\/#\/schema\/logo\/image\/"},"sameAs":["https:\/\/www.facebook.com\/PressenzaItalia","https:\/\/x.com\/PressenzaIPA"]},{"@type":"Person","@id":"https:\/\/www.pressenza.com\/fr\/#\/schema\/person\/86412bf1f68934d02d03035e031f781f","name":"R\u00e9daction Belgique","description":"News published by the Pressenza bureau in Belgium","url":"https:\/\/www.pressenza.com\/fr\/author\/redaction-belgique\/"}]}},"place":"Anderlecht","original_article_url":"","_links":{"self":[{"href":"https:\/\/www.pressenza.com\/fr\/wp-json\/wp\/v2\/posts\/67355","targetHints":{"allow":["GET"]}}],"collection":[{"href":"https:\/\/www.pressenza.com\/fr\/wp-json\/wp\/v2\/posts"}],"about":[{"href":"https:\/\/www.pressenza.com\/fr\/wp-json\/wp\/v2\/types\/post"}],"author":[{"embeddable":true,"href":"https:\/\/www.pressenza.com\/fr\/wp-json\/wp\/v2\/users\/807"}],"replies":[{"embeddable":true,"href":"https:\/\/www.pressenza.com\/fr\/wp-json\/wp\/v2\/comments?post=67355"}],"version-history":[{"count":0,"href":"https:\/\/www.pressenza.com\/fr\/wp-json\/wp\/v2\/posts\/67355\/revisions"}],"wp:featuredmedia":[{"embeddable":true,"href":"https:\/\/www.pressenza.com\/fr\/wp-json\/wp\/v2\/media\/67361"}],"wp:attachment":[{"href":"https:\/\/www.pressenza.com\/fr\/wp-json\/wp\/v2\/media?parent=67355"}],"wp:term":[{"taxonomy":"category","embeddable":true,"href":"https:\/\/www.pressenza.com\/fr\/wp-json\/wp\/v2\/categories?post=67355"},{"taxonomy":"post_tag","embeddable":true,"href":"https:\/\/www.pressenza.com\/fr\/wp-json\/wp\/v2\/tags?post=67355"}],"curies":[{"name":"wp","href":"https:\/\/api.w.org\/{rel}","templated":true}]}}