{"id":668151,"date":"2018-07-02T00:49:37","date_gmt":"2018-07-01T23:49:37","guid":{"rendered":"https:\/\/www.pressenza.com\/?p=668151"},"modified":"2019-07-28T22:15:50","modified_gmt":"2019-07-28T21:15:50","slug":"pedro-arrojo-nous-devons-delegitimer-ceux-qui-possedent-des-armes-nucleaires","status":"publish","type":"post","link":"https:\/\/www.pressenza.com\/fr\/2018\/07\/pedro-arrojo-nous-devons-delegitimer-ceux-qui-possedent-des-armes-nucleaires\/","title":{"rendered":"Pedro Arrojo : \u00ab\u00a0Nous devons d\u00e9l\u00e9gitimer ceux qui poss\u00e8dent des armes nucl\u00e9aires\u00a0\u00bb"},"content":{"rendered":"<p>Ce sont les mots de <a href=\"https:\/\/es.wikipedia.org\/wiki\/Pedro_Arrojo\">Pedro Arrojo Agudo<\/a>, d\u00e9put\u00e9 du groupe parlementaire Unidos Podemos au Congr\u00e8s des D\u00e9put\u00e9s, qui invite dans cet entretien les institutions et les mouvements sociaux \u00e0 faire pression pour que le gouvernement espagnol ratifie le <a href=\"https:\/\/www.un.org\/disarmament\/fr\/amd\/armas-nucleares\/\">Trait\u00e9 sur l&rsquo;interdiction des armes nucl\u00e9aires<\/a> (2017), ce qu&rsquo;il consid\u00e8re comme possible.<\/p>\n<p><em><strong>Video: \u00c1lvaro Or\u00fas<\/strong><\/em><\/p>\n<p><iframe loading=\"lazy\" title=\"Pedro Arrojo Agudo\" width=\"500\" height=\"281\" src=\"https:\/\/www.youtube.com\/embed\/d9fIWKNCgGE?feature=oembed\" frameborder=\"0\" allow=\"accelerometer; autoplay; clipboard-write; encrypted-media; gyroscope; picture-in-picture; web-share\" referrerpolicy=\"strict-origin-when-cross-origin\" allowfullscreen><\/iframe><\/p>\n<p>Plusieurs membres d&rsquo;<a href=\"http:\/\/www.icanw.org\/\">ICAN<\/a> &#8211; Prix Nobel de la paix 2017 pour la promotion de ce Trait\u00e9 &#8211; avec <a href=\"http:\/\/www.icanw.org\/beatrice-fihn\/\">Beatrice Fihn<\/a> en t\u00eate, ont visit\u00e9 Madrid et particip\u00e9 \u00e0 diverses manifestations au Congr\u00e8s des D\u00e9put\u00e9s, \u00e0 l&rsquo;Universit\u00e9 Complutense et \u00e0 la Mairie de Madrid pour faire conna\u00eetre le Trait\u00e9 et le soutenir, afin que le Gouvernement espagnol puisse le ratifier.<\/p>\n<p>Pedro Arrojo coordonne la collecte de soutien parmi les parlementaires et les \u00e9lus espagnols qui se sont engag\u00e9s \u00e0 promouvoir ce trait\u00e9 et a promu ces actes institutionnels, avec l&rsquo;organisation humaniste <a href=\"http:\/\/www.mundosinguerras.org\/fr\">Monde sans Guerres<\/a>.<\/p>\n<p>Le Trait\u00e9 sur l&rsquo;interdiction des armes nucl\u00e9aires a \u00e9t\u00e9 approuv\u00e9 par les Nations Unies en juillet 2017, 122 pays ayant vot\u00e9 pour, sans compter l&rsquo;Espagne. Pour que ce trait\u00e9 devienne effectif, il doit \u00eatre ratifi\u00e9 par les diff\u00e9rents \u00c9tats et l&rsquo;Espagne peut jouer un r\u00f4le tr\u00e8s important \u00e0 cet \u00e9gard si elle cesse d&rsquo;accepter la \u00ab\u00a0pression\u00a0\u00bb de l&rsquo;OTAN.<\/p>\n<p>Ces derniers jours, Beatrice Fihn, porte-parole et directrice ex\u00e9cutive de l&rsquo;ICAN, a insist\u00e9 sur le d\u00e9tachement de l&rsquo;adh\u00e9sion \u00e0 l&rsquo;OTAN. \u00c0 cette fin, il a rappel\u00e9 au Congr\u00e8s des D\u00e9put\u00e9s que le gouvernement espagnol devra choisir entre Trump et le peuple espagnol, qui a vot\u00e9 pour adh\u00e9rer \u00e0 l&rsquo;OTAN en se d\u00e9sengageant des armes nucl\u00e9aires.<\/p>\n","protected":false},"excerpt":{"rendered":"<p>Ce sont les mots de Pedro Arrojo Agudo, d\u00e9put\u00e9 du groupe parlementaire Unidos Podemos au Congr\u00e8s des D\u00e9put\u00e9s, qui invite dans cet entretien les institutions et les mouvements sociaux \u00e0 faire pression pour que le gouvernement espagnol ratifie le Trait\u00e9&hellip;<\/p>\n","protected":false},"author":188,"featured_media":666039,"comment_status":"closed","ping_status":"closed","sticky":false,"template":"","format":"standard","meta":{"footnotes":""},"categories":[11386,40,156,1248,1250,27989],"tags":[47575,42371,3785,27471,3007,46791,27899],"class_list":["post-668151","post","type-post","status-publish","format-standard","has-post-thumbnail","hentry","category-contenu-original","category-international-fr","category-interview-fr","category-nonviolence-sujet","category-paix-desarmement","category-video-fr","tag-ahora-en-comu","tag-beatrice-fihn-fr","tag-ican-fr","tag-monde-sans-guerre-et-sans-violence","tag-parlement","tag-traite-sur-linterdiction-des-armes-nucleaires","tag-unidos-podemos"],"yoast_head":"<!-- This site is optimized with the Yoast SEO plugin v27.1.1 - https:\/\/yoast.com\/product\/yoast-seo-wordpress\/ -->\n<title>Pedro Arrojo : &quot;Nous devons d\u00e9l\u00e9gitimer ceux qui poss\u00e8dent des armes nucl\u00e9aires&quot;<\/title>\n<meta name=\"description\" content=\"Ce sont les mots de Pedro Arrojo Agudo, d\u00e9put\u00e9 du groupe parlementaire Unidos Podemos au Congr\u00e8s des D\u00e9put\u00e9s, qui invite dans cet entretien les\" \/>\n<meta name=\"robots\" content=\"index, follow, max-snippet:-1, max-image-preview:large, max-video-preview:-1\" \/>\n<link rel=\"canonical\" href=\"https:\/\/www.pressenza.com\/fr\/2018\/07\/pedro-arrojo-nous-devons-delegitimer-ceux-qui-possedent-des-armes-nucleaires\/\" \/>\n<meta property=\"og:locale\" content=\"fr_FR\" \/>\n<meta property=\"og:type\" content=\"article\" \/>\n<meta property=\"og:title\" content=\"Pedro Arrojo : &quot;Nous devons d\u00e9l\u00e9gitimer ceux qui poss\u00e8dent des armes nucl\u00e9aires&quot;\" \/>\n<meta property=\"og:description\" content=\"Ce sont les mots de Pedro Arrojo Agudo, d\u00e9put\u00e9 du groupe parlementaire Unidos Podemos au Congr\u00e8s des D\u00e9put\u00e9s, qui invite dans cet entretien les\" \/>\n<meta property=\"og:url\" content=\"https:\/\/www.pressenza.com\/fr\/2018\/07\/pedro-arrojo-nous-devons-delegitimer-ceux-qui-possedent-des-armes-nucleaires\/\" \/>\n<meta property=\"og:site_name\" content=\"Pressenza\" \/>\n<meta property=\"article:publisher\" content=\"https:\/\/www.facebook.com\/PressenzaItalia\" \/>\n<meta property=\"article:published_time\" content=\"2018-07-01T23:49:37+00:00\" \/>\n<meta property=\"article:modified_time\" content=\"2019-07-28T21:15:50+00:00\" \/>\n<meta property=\"og:image\" content=\"https:\/\/www.pressenza.com\/wp-content\/uploads\/2018\/06\/Beatrice-Fihn-y-Pedro-Arrojo_entrega-firmas-de-diputados.png\" \/>\n\t<meta property=\"og:image:width\" content=\"874\" \/>\n\t<meta property=\"og:image:height\" content=\"550\" \/>\n\t<meta property=\"og:image:type\" content=\"image\/png\" \/>\n<meta name=\"author\" content=\"Gabriela Amaya\" \/>\n<meta name=\"twitter:card\" content=\"summary_large_image\" \/>\n<meta name=\"twitter:creator\" content=\"@PressenzaIPA\" \/>\n<meta name=\"twitter:site\" content=\"@PressenzaIPA\" \/>\n<meta name=\"twitter:label1\" content=\"\u00c9crit par\" \/>\n\t<meta name=\"twitter:data1\" content=\"Gabriela Amaya\" \/>\n\t<meta name=\"twitter:label2\" content=\"Dur\u00e9e de lecture estim\u00e9e\" \/>\n\t<meta name=\"twitter:data2\" content=\"1 minute\" \/>\n<script type=\"application\/ld+json\" class=\"yoast-schema-graph\">{\"@context\":\"https:\/\/schema.org\",\"@graph\":[{\"@type\":\"Article\",\"@id\":\"https:\/\/www.pressenza.com\/fr\/2018\/07\/pedro-arrojo-nous-devons-delegitimer-ceux-qui-possedent-des-armes-nucleaires\/#article\",\"isPartOf\":{\"@id\":\"https:\/\/www.pressenza.com\/fr\/2018\/07\/pedro-arrojo-nous-devons-delegitimer-ceux-qui-possedent-des-armes-nucleaires\/\"},\"author\":{\"name\":\"Gabriela Amaya\",\"@id\":\"https:\/\/www.pressenza.com\/fr\/#\/schema\/person\/725d47ccbea4c7854f7dd4011b6670b9\"},\"headline\":\"Pedro Arrojo : \u00ab\u00a0Nous devons d\u00e9l\u00e9gitimer ceux qui poss\u00e8dent des armes nucl\u00e9aires\u00a0\u00bb\",\"datePublished\":\"2018-07-01T23:49:37+00:00\",\"dateModified\":\"2019-07-28T21:15:50+00:00\",\"mainEntityOfPage\":{\"@id\":\"https:\/\/www.pressenza.com\/fr\/2018\/07\/pedro-arrojo-nous-devons-delegitimer-ceux-qui-possedent-des-armes-nucleaires\/\"},\"wordCount\":309,\"publisher\":{\"@id\":\"https:\/\/www.pressenza.com\/fr\/#organization\"},\"image\":{\"@id\":\"https:\/\/www.pressenza.com\/fr\/2018\/07\/pedro-arrojo-nous-devons-delegitimer-ceux-qui-possedent-des-armes-nucleaires\/#primaryimage\"},\"thumbnailUrl\":\"https:\/\/www.pressenza.com\/wp-content\/uploads\/2018\/06\/Beatrice-Fihn-y-Pedro-Arrojo_entrega-firmas-de-diputados.png\",\"keywords\":[\"Ahora en Comu\",\"Beatrice Fihn\",\"ICAN\",\"Monde sans guerre et sans violence\",\"parlement\",\"trait\u00e9 sur l'interdiction des armes nucl\u00e9aires\",\"Unidos Podemos\"],\"articleSection\":[\"Contenu Original\",\"International\",\"Interviews\",\"Non-violence\",\"Paix et D\u00e9sarmement\",\"Video\"],\"inLanguage\":\"fr-FR\"},{\"@type\":\"WebPage\",\"@id\":\"https:\/\/www.pressenza.com\/fr\/2018\/07\/pedro-arrojo-nous-devons-delegitimer-ceux-qui-possedent-des-armes-nucleaires\/\",\"url\":\"https:\/\/www.pressenza.com\/fr\/2018\/07\/pedro-arrojo-nous-devons-delegitimer-ceux-qui-possedent-des-armes-nucleaires\/\",\"name\":\"Pedro Arrojo : \\\"Nous devons d\u00e9l\u00e9gitimer ceux qui poss\u00e8dent des armes nucl\u00e9aires\\\"\",\"isPartOf\":{\"@id\":\"https:\/\/www.pressenza.com\/fr\/#website\"},\"primaryImageOfPage\":{\"@id\":\"https:\/\/www.pressenza.com\/fr\/2018\/07\/pedro-arrojo-nous-devons-delegitimer-ceux-qui-possedent-des-armes-nucleaires\/#primaryimage\"},\"image\":{\"@id\":\"https:\/\/www.pressenza.com\/fr\/2018\/07\/pedro-arrojo-nous-devons-delegitimer-ceux-qui-possedent-des-armes-nucleaires\/#primaryimage\"},\"thumbnailUrl\":\"https:\/\/www.pressenza.com\/wp-content\/uploads\/2018\/06\/Beatrice-Fihn-y-Pedro-Arrojo_entrega-firmas-de-diputados.png\",\"datePublished\":\"2018-07-01T23:49:37+00:00\",\"dateModified\":\"2019-07-28T21:15:50+00:00\",\"description\":\"Ce sont les mots de Pedro Arrojo Agudo, d\u00e9put\u00e9 du groupe parlementaire Unidos Podemos au Congr\u00e8s des D\u00e9put\u00e9s, qui invite dans cet entretien les\",\"breadcrumb\":{\"@id\":\"https:\/\/www.pressenza.com\/fr\/2018\/07\/pedro-arrojo-nous-devons-delegitimer-ceux-qui-possedent-des-armes-nucleaires\/#breadcrumb\"},\"inLanguage\":\"fr-FR\",\"potentialAction\":[{\"@type\":\"ReadAction\",\"target\":[\"https:\/\/www.pressenza.com\/fr\/2018\/07\/pedro-arrojo-nous-devons-delegitimer-ceux-qui-possedent-des-armes-nucleaires\/\"]}]},{\"@type\":\"ImageObject\",\"inLanguage\":\"fr-FR\",\"@id\":\"https:\/\/www.pressenza.com\/fr\/2018\/07\/pedro-arrojo-nous-devons-delegitimer-ceux-qui-possedent-des-armes-nucleaires\/#primaryimage\",\"url\":\"https:\/\/www.pressenza.com\/wp-content\/uploads\/2018\/06\/Beatrice-Fihn-y-Pedro-Arrojo_entrega-firmas-de-diputados.png\",\"contentUrl\":\"https:\/\/www.pressenza.com\/wp-content\/uploads\/2018\/06\/Beatrice-Fihn-y-Pedro-Arrojo_entrega-firmas-de-diputados.png\",\"width\":874,\"height\":550},{\"@type\":\"BreadcrumbList\",\"@id\":\"https:\/\/www.pressenza.com\/fr\/2018\/07\/pedro-arrojo-nous-devons-delegitimer-ceux-qui-possedent-des-armes-nucleaires\/#breadcrumb\",\"itemListElement\":[{\"@type\":\"ListItem\",\"position\":1,\"name\":\"Accueil\",\"item\":\"https:\/\/www.pressenza.com\/fr\/\"},{\"@type\":\"ListItem\",\"position\":2,\"name\":\"Pedro Arrojo : \u00ab\u00a0Nous devons d\u00e9l\u00e9gitimer ceux qui poss\u00e8dent des armes nucl\u00e9aires\u00a0\u00bb\"}]},{\"@type\":\"WebSite\",\"@id\":\"https:\/\/www.pressenza.com\/fr\/#website\",\"url\":\"https:\/\/www.pressenza.com\/fr\/\",\"name\":\"Pressenza\",\"description\":\"International Press Agency\",\"publisher\":{\"@id\":\"https:\/\/www.pressenza.com\/fr\/#organization\"},\"potentialAction\":[{\"@type\":\"SearchAction\",\"target\":{\"@type\":\"EntryPoint\",\"urlTemplate\":\"https:\/\/www.pressenza.com\/fr\/?s={search_term_string}\"},\"query-input\":{\"@type\":\"PropertyValueSpecification\",\"valueRequired\":true,\"valueName\":\"search_term_string\"}}],\"inLanguage\":\"fr-FR\"},{\"@type\":\"Organization\",\"@id\":\"https:\/\/www.pressenza.com\/fr\/#organization\",\"name\":\"Pressenza\",\"url\":\"https:\/\/www.pressenza.com\/fr\/\",\"logo\":{\"@type\":\"ImageObject\",\"inLanguage\":\"fr-FR\",\"@id\":\"https:\/\/www.pressenza.com\/fr\/#\/schema\/logo\/image\/\",\"url\":\"https:\/\/www.pressenza.com\/wp-content\/uploads\/2022\/10\/pressenza_logo_200x200.jpg\",\"contentUrl\":\"https:\/\/www.pressenza.com\/wp-content\/uploads\/2022\/10\/pressenza_logo_200x200.jpg\",\"width\":200,\"height\":200,\"caption\":\"Pressenza\"},\"image\":{\"@id\":\"https:\/\/www.pressenza.com\/fr\/#\/schema\/logo\/image\/\"},\"sameAs\":[\"https:\/\/www.facebook.com\/PressenzaItalia\",\"https:\/\/x.com\/PressenzaIPA\"]},{\"@type\":\"Person\",\"@id\":\"https:\/\/www.pressenza.com\/fr\/#\/schema\/person\/725d47ccbea4c7854f7dd4011b6670b9\",\"name\":\"Gabriela Amaya\",\"description\":\"Editor in Spanish, Gabriel Amaya has worked in radio and written press and years ago decided to develop her journalistic work as a professional volunteer at the service of peace and nonviolence. She is also involved with different collectives and platforms which she supports with her journalism.\",\"url\":\"https:\/\/www.pressenza.com\/fr\/author\/gabriela-amaya\/\"}]}<\/script>\n<!-- \/ Yoast SEO plugin. -->","yoast_head_json":{"title":"Pedro Arrojo : \"Nous devons d\u00e9l\u00e9gitimer ceux qui poss\u00e8dent des armes nucl\u00e9aires\"","description":"Ce sont les mots de Pedro Arrojo Agudo, d\u00e9put\u00e9 du groupe parlementaire Unidos Podemos au Congr\u00e8s des D\u00e9put\u00e9s, qui invite dans cet entretien les","robots":{"index":"index","follow":"follow","max-snippet":"max-snippet:-1","max-image-preview":"max-image-preview:large","max-video-preview":"max-video-preview:-1"},"canonical":"https:\/\/www.pressenza.com\/fr\/2018\/07\/pedro-arrojo-nous-devons-delegitimer-ceux-qui-possedent-des-armes-nucleaires\/","og_locale":"fr_FR","og_type":"article","og_title":"Pedro Arrojo : \"Nous devons d\u00e9l\u00e9gitimer ceux qui poss\u00e8dent des armes nucl\u00e9aires\"","og_description":"Ce sont les mots de Pedro Arrojo Agudo, d\u00e9put\u00e9 du groupe parlementaire Unidos Podemos au Congr\u00e8s des D\u00e9put\u00e9s, qui invite dans cet entretien les","og_url":"https:\/\/www.pressenza.com\/fr\/2018\/07\/pedro-arrojo-nous-devons-delegitimer-ceux-qui-possedent-des-armes-nucleaires\/","og_site_name":"Pressenza","article_publisher":"https:\/\/www.facebook.com\/PressenzaItalia","article_published_time":"2018-07-01T23:49:37+00:00","article_modified_time":"2019-07-28T21:15:50+00:00","og_image":[{"width":874,"height":550,"url":"https:\/\/www.pressenza.com\/wp-content\/uploads\/2018\/06\/Beatrice-Fihn-y-Pedro-Arrojo_entrega-firmas-de-diputados.png","type":"image\/png"}],"author":"Gabriela Amaya","twitter_card":"summary_large_image","twitter_creator":"@PressenzaIPA","twitter_site":"@PressenzaIPA","twitter_misc":{"\u00c9crit par":"Gabriela Amaya","Dur\u00e9e de lecture estim\u00e9e":"1 minute"},"schema":{"@context":"https:\/\/schema.org","@graph":[{"@type":"Article","@id":"https:\/\/www.pressenza.com\/fr\/2018\/07\/pedro-arrojo-nous-devons-delegitimer-ceux-qui-possedent-des-armes-nucleaires\/#article","isPartOf":{"@id":"https:\/\/www.pressenza.com\/fr\/2018\/07\/pedro-arrojo-nous-devons-delegitimer-ceux-qui-possedent-des-armes-nucleaires\/"},"author":{"name":"Gabriela Amaya","@id":"https:\/\/www.pressenza.com\/fr\/#\/schema\/person\/725d47ccbea4c7854f7dd4011b6670b9"},"headline":"Pedro Arrojo : \u00ab\u00a0Nous devons d\u00e9l\u00e9gitimer ceux qui poss\u00e8dent des armes nucl\u00e9aires\u00a0\u00bb","datePublished":"2018-07-01T23:49:37+00:00","dateModified":"2019-07-28T21:15:50+00:00","mainEntityOfPage":{"@id":"https:\/\/www.pressenza.com\/fr\/2018\/07\/pedro-arrojo-nous-devons-delegitimer-ceux-qui-possedent-des-armes-nucleaires\/"},"wordCount":309,"publisher":{"@id":"https:\/\/www.pressenza.com\/fr\/#organization"},"image":{"@id":"https:\/\/www.pressenza.com\/fr\/2018\/07\/pedro-arrojo-nous-devons-delegitimer-ceux-qui-possedent-des-armes-nucleaires\/#primaryimage"},"thumbnailUrl":"https:\/\/www.pressenza.com\/wp-content\/uploads\/2018\/06\/Beatrice-Fihn-y-Pedro-Arrojo_entrega-firmas-de-diputados.png","keywords":["Ahora en Comu","Beatrice Fihn","ICAN","Monde sans guerre et sans violence","parlement","trait\u00e9 sur l'interdiction des armes nucl\u00e9aires","Unidos Podemos"],"articleSection":["Contenu Original","International","Interviews","Non-violence","Paix et D\u00e9sarmement","Video"],"inLanguage":"fr-FR"},{"@type":"WebPage","@id":"https:\/\/www.pressenza.com\/fr\/2018\/07\/pedro-arrojo-nous-devons-delegitimer-ceux-qui-possedent-des-armes-nucleaires\/","url":"https:\/\/www.pressenza.com\/fr\/2018\/07\/pedro-arrojo-nous-devons-delegitimer-ceux-qui-possedent-des-armes-nucleaires\/","name":"Pedro Arrojo : \"Nous devons d\u00e9l\u00e9gitimer ceux qui poss\u00e8dent des armes nucl\u00e9aires\"","isPartOf":{"@id":"https:\/\/www.pressenza.com\/fr\/#website"},"primaryImageOfPage":{"@id":"https:\/\/www.pressenza.com\/fr\/2018\/07\/pedro-arrojo-nous-devons-delegitimer-ceux-qui-possedent-des-armes-nucleaires\/#primaryimage"},"image":{"@id":"https:\/\/www.pressenza.com\/fr\/2018\/07\/pedro-arrojo-nous-devons-delegitimer-ceux-qui-possedent-des-armes-nucleaires\/#primaryimage"},"thumbnailUrl":"https:\/\/www.pressenza.com\/wp-content\/uploads\/2018\/06\/Beatrice-Fihn-y-Pedro-Arrojo_entrega-firmas-de-diputados.png","datePublished":"2018-07-01T23:49:37+00:00","dateModified":"2019-07-28T21:15:50+00:00","description":"Ce sont les mots de Pedro Arrojo Agudo, d\u00e9put\u00e9 du groupe parlementaire Unidos Podemos au Congr\u00e8s des D\u00e9put\u00e9s, qui invite dans cet entretien les","breadcrumb":{"@id":"https:\/\/www.pressenza.com\/fr\/2018\/07\/pedro-arrojo-nous-devons-delegitimer-ceux-qui-possedent-des-armes-nucleaires\/#breadcrumb"},"inLanguage":"fr-FR","potentialAction":[{"@type":"ReadAction","target":["https:\/\/www.pressenza.com\/fr\/2018\/07\/pedro-arrojo-nous-devons-delegitimer-ceux-qui-possedent-des-armes-nucleaires\/"]}]},{"@type":"ImageObject","inLanguage":"fr-FR","@id":"https:\/\/www.pressenza.com\/fr\/2018\/07\/pedro-arrojo-nous-devons-delegitimer-ceux-qui-possedent-des-armes-nucleaires\/#primaryimage","url":"https:\/\/www.pressenza.com\/wp-content\/uploads\/2018\/06\/Beatrice-Fihn-y-Pedro-Arrojo_entrega-firmas-de-diputados.png","contentUrl":"https:\/\/www.pressenza.com\/wp-content\/uploads\/2018\/06\/Beatrice-Fihn-y-Pedro-Arrojo_entrega-firmas-de-diputados.png","width":874,"height":550},{"@type":"BreadcrumbList","@id":"https:\/\/www.pressenza.com\/fr\/2018\/07\/pedro-arrojo-nous-devons-delegitimer-ceux-qui-possedent-des-armes-nucleaires\/#breadcrumb","itemListElement":[{"@type":"ListItem","position":1,"name":"Accueil","item":"https:\/\/www.pressenza.com\/fr\/"},{"@type":"ListItem","position":2,"name":"Pedro Arrojo : \u00ab\u00a0Nous devons d\u00e9l\u00e9gitimer ceux qui poss\u00e8dent des armes nucl\u00e9aires\u00a0\u00bb"}]},{"@type":"WebSite","@id":"https:\/\/www.pressenza.com\/fr\/#website","url":"https:\/\/www.pressenza.com\/fr\/","name":"Pressenza","description":"International Press Agency","publisher":{"@id":"https:\/\/www.pressenza.com\/fr\/#organization"},"potentialAction":[{"@type":"SearchAction","target":{"@type":"EntryPoint","urlTemplate":"https:\/\/www.pressenza.com\/fr\/?s={search_term_string}"},"query-input":{"@type":"PropertyValueSpecification","valueRequired":true,"valueName":"search_term_string"}}],"inLanguage":"fr-FR"},{"@type":"Organization","@id":"https:\/\/www.pressenza.com\/fr\/#organization","name":"Pressenza","url":"https:\/\/www.pressenza.com\/fr\/","logo":{"@type":"ImageObject","inLanguage":"fr-FR","@id":"https:\/\/www.pressenza.com\/fr\/#\/schema\/logo\/image\/","url":"https:\/\/www.pressenza.com\/wp-content\/uploads\/2022\/10\/pressenza_logo_200x200.jpg","contentUrl":"https:\/\/www.pressenza.com\/wp-content\/uploads\/2022\/10\/pressenza_logo_200x200.jpg","width":200,"height":200,"caption":"Pressenza"},"image":{"@id":"https:\/\/www.pressenza.com\/fr\/#\/schema\/logo\/image\/"},"sameAs":["https:\/\/www.facebook.com\/PressenzaItalia","https:\/\/x.com\/PressenzaIPA"]},{"@type":"Person","@id":"https:\/\/www.pressenza.com\/fr\/#\/schema\/person\/725d47ccbea4c7854f7dd4011b6670b9","name":"Gabriela Amaya","description":"Editor in Spanish, Gabriel Amaya has worked in radio and written press and years ago decided to develop her journalistic work as a professional volunteer at the service of peace and nonviolence. She is also involved with different collectives and platforms which she supports with her journalism.","url":"https:\/\/www.pressenza.com\/fr\/author\/gabriela-amaya\/"}]}},"place":"Madrid-Espagne","original_article_url":"","_links":{"self":[{"href":"https:\/\/www.pressenza.com\/fr\/wp-json\/wp\/v2\/posts\/668151","targetHints":{"allow":["GET"]}}],"collection":[{"href":"https:\/\/www.pressenza.com\/fr\/wp-json\/wp\/v2\/posts"}],"about":[{"href":"https:\/\/www.pressenza.com\/fr\/wp-json\/wp\/v2\/types\/post"}],"author":[{"embeddable":true,"href":"https:\/\/www.pressenza.com\/fr\/wp-json\/wp\/v2\/users\/188"}],"replies":[{"embeddable":true,"href":"https:\/\/www.pressenza.com\/fr\/wp-json\/wp\/v2\/comments?post=668151"}],"version-history":[{"count":0,"href":"https:\/\/www.pressenza.com\/fr\/wp-json\/wp\/v2\/posts\/668151\/revisions"}],"wp:featuredmedia":[{"embeddable":true,"href":"https:\/\/www.pressenza.com\/fr\/wp-json\/wp\/v2\/media\/666039"}],"wp:attachment":[{"href":"https:\/\/www.pressenza.com\/fr\/wp-json\/wp\/v2\/media?parent=668151"}],"wp:term":[{"taxonomy":"category","embeddable":true,"href":"https:\/\/www.pressenza.com\/fr\/wp-json\/wp\/v2\/categories?post=668151"},{"taxonomy":"post_tag","embeddable":true,"href":"https:\/\/www.pressenza.com\/fr\/wp-json\/wp\/v2\/tags?post=668151"}],"curies":[{"name":"wp","href":"https:\/\/api.w.org\/{rel}","templated":true}]}}