{"id":664365,"date":"2018-06-27T05:56:34","date_gmt":"2018-06-27T04:56:34","guid":{"rendered":"https:\/\/www.pressenza.com\/?p=664365"},"modified":"2023-01-15T09:31:12","modified_gmt":"2023-01-15T09:31:12","slug":"afrique-une-histoire-a-redecouvrir-2-les-pharaons-noirs-et-les-reines-de-meroe","status":"publish","type":"post","link":"https:\/\/www.pressenza.com\/fr\/2018\/06\/afrique-une-histoire-a-redecouvrir-2-les-pharaons-noirs-et-les-reines-de-meroe\/","title":{"rendered":"Afrique, une histoire \u00e0 red\u00e9couvrir. 2- Les pharaons noirs et les reines de M\u00e9ro\u00e9"},"content":{"rendered":"<p>Lorsqu\u2019en l\u2019an 3000 av. J.-C., Narmer, unanimement identifi\u00e9 comme Mennes, partit du Sud du Liban, pour rassembler la Haute et la Basse Egypte et devint pharaon, il r\u00e9ussit de ce fait, \u00e0 r\u00e9unir le destin de deux peuples. Il y a quelques 10.000 ans, le Sahara \u00e9tait alors richement peupl\u00e9 d\u2019animaux et de v\u00e9g\u00e9tation : une \u00e9quipe d\u2019arch\u00e9ologues a retrouv\u00e9 des repr\u00e9sentations de vaches et de gazelles dans le d\u00e9sert soudanais. Ensuite, un peuple d\u2019agriculteurs s\u2019est install\u00e9 sur les rivages du Nil, et a donn\u00e9 lieu aux premi\u00e8res formes de civilisation \u00e9gypto-nubiennes.<\/p>\n<p>L\u2019historien et anthropologue Cheik Anta Diop a affirm\u00e9 dans les ann\u00e9es 1950 et 1960 que les premiers \u00e9gyptiens avaient la peau noire, mais la pens\u00e9e colonialiste de cette \u00e9poque niait que les populations africaines aient eu un pass\u00e9 historique significatif. On \u00e9tudia uniquement l\u2019\u00c9gypte et le royaume de Koush, aussi appel\u00e9 Nubie ; cela n\u2019int\u00e9ressait personne : lorsque l\u2019arch\u00e9ologue am\u00e9ricain George Reisner vit le site de El-Kourrou, avec ses imposantes statues de pharaons noirs et leurs tr\u00e9sors, il cacha ses d\u00e9couvertes.<\/p>\n<p>Au d\u00e9but, ami et alli\u00e9 de l\u2019\u00c9gypte, le<strong> royaume de Koush<\/strong> devint peu \u00e0 peu son ennemi \u00e0 cause de l\u2019or qu\u2019il poss\u00e9dait en abondance et \u00e9tait utilis\u00e9 pour cr\u00e9er les bijoux que l\u2019on consid\u00e9rait indispensables au voyage dans l\u2019au-del\u00e0 des pharaons. A un moment donn\u00e9, les koushites furent esclaves des \u00e9gyptiens mais firent \u00e9galement des incursions sur leur territoire, dans une alternance de guerres et de paix. L\u2019apparition de pharaons \u00e0 la peau plus claire fit de la population noire une minorit\u00e9.<\/p>\n<p>Le plus grand dirigeant koushite fut Piankhy, qui succ\u00e9da \u00e0 son fr\u00e8re Shabaka et \u00e0 d\u2019autres souverains de la XXV dynastie -entre autres Taharka- ; il est d\u00e9crit comme un roi bienveillant et un grand constructeur. Les kushites adoraient le dieu Amon et avaient une montagne sacr\u00e9e en forme de cobra. Les pyramides \u00e9taient plus nombreuses et plus petites que les \u00e9gyptiennes. En 700 av. J.-C., la capitale, du fait d\u2019une grande famine, fut d\u00e9plac\u00e9e de Kerma \u00e0 <strong>M\u00e9ro\u00e9<\/strong>.<\/p>\n<p><img loading=\"lazy\" decoding=\"async\" class=\"alignnone size-full wp-image-657459\" src=\"https:\/\/www.pressenza.com\/wp-content\/uploads\/2018\/06\/xNubia_pyramids1_jpg_pagespeed_ic_GFDiZCzooc-1.jpg\" alt=\"\" width=\"640\" height=\"480\" srcset=\"https:\/\/www.pressenza.com\/wp-content\/uploads\/2018\/06\/xNubia_pyramids1_jpg_pagespeed_ic_GFDiZCzooc-1.jpg 640w, https:\/\/www.pressenza.com\/wp-content\/uploads\/2018\/06\/xNubia_pyramids1_jpg_pagespeed_ic_GFDiZCzooc-1-300x225.jpg 300w\" sizes=\"auto, (max-width: 640px) 100vw, 640px\" \/><\/p>\n<p>L\u2019alphabet meroetique \u00e9tait diff\u00e9rent des hi\u00e9roglyphes et la langue n\u2019a pas encore \u00e9t\u00e9 compl\u00e8tement d\u00e9chiffr\u00e9e. Au r\u00e8gne des pharaons, succ\u00e9da celui des reines, guerriers qui conduisirent leurs troupes sur les champs de batailles, grands constructeurs de pyramides, habiles diplomates et souverains qui choisirent leurs \u00e9pouses. Le plus c\u00e9l\u00e8bre fut Amanishakheto qui signa un trait\u00e9 de paix avec les romains apr\u00e8s avoir effectu\u00e9 de nombreuses invasions. Son fabuleux tr\u00e9sor a \u00e9t\u00e9 d\u00e9couvert en 1834 par l\u2019italien Giuseppe Ferlini ; la pyramide qui le contenait a \u00e9t\u00e9 d\u00e9truite et les objets vendus \u00e0 diff\u00e9rents mus\u00e9es, parmi eux, celui de Munich et du Caire.<\/p>\n<p>&nbsp;<\/p>\n<p><strong>Voir toutes les parties de la s\u00e9rie \u00ab\u00a0L\u2019Afrique, une histoire \u00e0 red\u00e9couvrir\u00a0\u00bb <\/strong><a href=\"https:\/\/www.pressenza.com\/fr\/author\/valentin-mufila\/\"><strong>ICI<\/strong><\/a><\/p>\n","protected":false},"excerpt":{"rendered":"<p>Lorsqu\u2019en l\u2019an 3000 av. J.-C., Narmer, unanimement identifi\u00e9 comme Mennes, partit du Sud du Liban, pour rassembler la Haute et la Basse Egypte et devint pharaon, il r\u00e9ussit de ce fait, \u00e0 r\u00e9unir le destin de deux peuples. Il y&hellip;<\/p>\n","protected":false},"author":1519,"featured_media":656991,"comment_status":"closed","ping_status":"closed","sticky":false,"template":"","format":"standard","meta":{"footnotes":""},"categories":[83,11386,94,99],"tags":[321,47421,47422,47423],"class_list":["post-664365","post","type-post","status-publish","format-standard","has-post-thumbnail","hentry","category-africa-fr","category-contenu-original","category-culture-fr","category-peuples-autochtones","tag-egypte","tag-pharaons-noirs","tag-reines-de-meroe","tag-royaume-de-kush"],"yoast_head":"<!-- This site is optimized with the Yoast SEO plugin v27.1.1 - https:\/\/yoast.com\/product\/yoast-seo-wordpress\/ -->\n<title>Afrique, une histoire \u00e0 red\u00e9couvrir. 2- Les pharaons noirs et les reines de M\u00e9ro\u00e9<\/title>\n<meta name=\"description\" content=\"Lorsqu\u2019en l\u2019an 3000 av. J.-C., Narmer, unanimement identifi\u00e9 comme Mennes, partit du Sud du Liban, pour rassembler la Haute et la Basse Egypte et devint\" \/>\n<meta name=\"robots\" content=\"index, follow, max-snippet:-1, max-image-preview:large, max-video-preview:-1\" \/>\n<link rel=\"canonical\" href=\"https:\/\/www.pressenza.com\/fr\/2018\/06\/afrique-une-histoire-a-redecouvrir-2-les-pharaons-noirs-et-les-reines-de-meroe\/\" \/>\n<meta property=\"og:locale\" content=\"fr_FR\" \/>\n<meta property=\"og:type\" content=\"article\" \/>\n<meta property=\"og:title\" content=\"Afrique, une histoire \u00e0 red\u00e9couvrir. 2- Les pharaons noirs et les reines de M\u00e9ro\u00e9\" \/>\n<meta property=\"og:description\" content=\"Lorsqu\u2019en l\u2019an 3000 av. J.-C., Narmer, unanimement identifi\u00e9 comme Mennes, partit du Sud du Liban, pour rassembler la Haute et la Basse Egypte et devint\" \/>\n<meta property=\"og:url\" content=\"https:\/\/www.pressenza.com\/fr\/2018\/06\/afrique-une-histoire-a-redecouvrir-2-les-pharaons-noirs-et-les-reines-de-meroe\/\" \/>\n<meta property=\"og:site_name\" content=\"Pressenza\" \/>\n<meta property=\"article:publisher\" content=\"https:\/\/www.facebook.com\/PressenzaItalia\" \/>\n<meta property=\"article:published_time\" content=\"2018-06-27T04:56:34+00:00\" \/>\n<meta property=\"article:modified_time\" content=\"2023-01-15T09:31:12+00:00\" \/>\n<meta property=\"og:image\" content=\"https:\/\/www.pressenza.com\/wp-content\/uploads\/2018\/06\/faraone-nubiano-1.jpg\" \/>\n\t<meta property=\"og:image:width\" content=\"900\" \/>\n\t<meta property=\"og:image:height\" content=\"600\" \/>\n\t<meta property=\"og:image:type\" content=\"image\/jpeg\" \/>\n<meta name=\"author\" content=\"Valentin Mufila\" \/>\n<meta name=\"twitter:card\" content=\"summary_large_image\" \/>\n<meta name=\"twitter:creator\" content=\"@PressenzaIPA\" \/>\n<meta name=\"twitter:site\" content=\"@PressenzaIPA\" \/>\n<meta name=\"twitter:label1\" content=\"\u00c9crit par\" \/>\n\t<meta name=\"twitter:data1\" content=\"Valentin Mufila\" \/>\n\t<meta name=\"twitter:label2\" content=\"Dur\u00e9e de lecture estim\u00e9e\" \/>\n\t<meta name=\"twitter:data2\" content=\"3 minutes\" \/>\n<script type=\"application\/ld+json\" class=\"yoast-schema-graph\">{\"@context\":\"https:\/\/schema.org\",\"@graph\":[{\"@type\":\"Article\",\"@id\":\"https:\/\/www.pressenza.com\/fr\/2018\/06\/afrique-une-histoire-a-redecouvrir-2-les-pharaons-noirs-et-les-reines-de-meroe\/#article\",\"isPartOf\":{\"@id\":\"https:\/\/www.pressenza.com\/fr\/2018\/06\/afrique-une-histoire-a-redecouvrir-2-les-pharaons-noirs-et-les-reines-de-meroe\/\"},\"author\":{\"name\":\"Valentin Mufila\",\"@id\":\"https:\/\/www.pressenza.com\/fr\/#\/schema\/person\/6717f34d660e55abd622032732fe9482\"},\"headline\":\"Afrique, une histoire \u00e0 red\u00e9couvrir. 2- Les pharaons noirs et les reines de M\u00e9ro\u00e9\",\"datePublished\":\"2018-06-27T04:56:34+00:00\",\"dateModified\":\"2023-01-15T09:31:12+00:00\",\"mainEntityOfPage\":{\"@id\":\"https:\/\/www.pressenza.com\/fr\/2018\/06\/afrique-une-histoire-a-redecouvrir-2-les-pharaons-noirs-et-les-reines-de-meroe\/\"},\"wordCount\":512,\"publisher\":{\"@id\":\"https:\/\/www.pressenza.com\/fr\/#organization\"},\"image\":{\"@id\":\"https:\/\/www.pressenza.com\/fr\/2018\/06\/afrique-une-histoire-a-redecouvrir-2-les-pharaons-noirs-et-les-reines-de-meroe\/#primaryimage\"},\"thumbnailUrl\":\"https:\/\/www.pressenza.com\/wp-content\/uploads\/2018\/06\/faraone-nubiano-1.jpg\",\"keywords\":[\"Egypte\",\"pharaons noirs\",\"reines de M\u00e9ro\u00e9\",\"royaume de Kush\"],\"articleSection\":[\"Afrique\",\"Contenu Original\",\"Culture et M\u00e9dias\",\"Peuples originaires\"],\"inLanguage\":\"fr-FR\"},{\"@type\":\"WebPage\",\"@id\":\"https:\/\/www.pressenza.com\/fr\/2018\/06\/afrique-une-histoire-a-redecouvrir-2-les-pharaons-noirs-et-les-reines-de-meroe\/\",\"url\":\"https:\/\/www.pressenza.com\/fr\/2018\/06\/afrique-une-histoire-a-redecouvrir-2-les-pharaons-noirs-et-les-reines-de-meroe\/\",\"name\":\"Afrique, une histoire \u00e0 red\u00e9couvrir. 2- Les pharaons noirs et les reines de M\u00e9ro\u00e9\",\"isPartOf\":{\"@id\":\"https:\/\/www.pressenza.com\/fr\/#website\"},\"primaryImageOfPage\":{\"@id\":\"https:\/\/www.pressenza.com\/fr\/2018\/06\/afrique-une-histoire-a-redecouvrir-2-les-pharaons-noirs-et-les-reines-de-meroe\/#primaryimage\"},\"image\":{\"@id\":\"https:\/\/www.pressenza.com\/fr\/2018\/06\/afrique-une-histoire-a-redecouvrir-2-les-pharaons-noirs-et-les-reines-de-meroe\/#primaryimage\"},\"thumbnailUrl\":\"https:\/\/www.pressenza.com\/wp-content\/uploads\/2018\/06\/faraone-nubiano-1.jpg\",\"datePublished\":\"2018-06-27T04:56:34+00:00\",\"dateModified\":\"2023-01-15T09:31:12+00:00\",\"description\":\"Lorsqu\u2019en l\u2019an 3000 av. J.-C., Narmer, unanimement identifi\u00e9 comme Mennes, partit du Sud du Liban, pour rassembler la Haute et la Basse Egypte et devint\",\"breadcrumb\":{\"@id\":\"https:\/\/www.pressenza.com\/fr\/2018\/06\/afrique-une-histoire-a-redecouvrir-2-les-pharaons-noirs-et-les-reines-de-meroe\/#breadcrumb\"},\"inLanguage\":\"fr-FR\",\"potentialAction\":[{\"@type\":\"ReadAction\",\"target\":[\"https:\/\/www.pressenza.com\/fr\/2018\/06\/afrique-une-histoire-a-redecouvrir-2-les-pharaons-noirs-et-les-reines-de-meroe\/\"]}]},{\"@type\":\"ImageObject\",\"inLanguage\":\"fr-FR\",\"@id\":\"https:\/\/www.pressenza.com\/fr\/2018\/06\/afrique-une-histoire-a-redecouvrir-2-les-pharaons-noirs-et-les-reines-de-meroe\/#primaryimage\",\"url\":\"https:\/\/www.pressenza.com\/wp-content\/uploads\/2018\/06\/faraone-nubiano-1.jpg\",\"contentUrl\":\"https:\/\/www.pressenza.com\/wp-content\/uploads\/2018\/06\/faraone-nubiano-1.jpg\",\"width\":900,\"height\":600},{\"@type\":\"BreadcrumbList\",\"@id\":\"https:\/\/www.pressenza.com\/fr\/2018\/06\/afrique-une-histoire-a-redecouvrir-2-les-pharaons-noirs-et-les-reines-de-meroe\/#breadcrumb\",\"itemListElement\":[{\"@type\":\"ListItem\",\"position\":1,\"name\":\"Accueil\",\"item\":\"https:\/\/www.pressenza.com\/fr\/\"},{\"@type\":\"ListItem\",\"position\":2,\"name\":\"Afrique, une histoire \u00e0 red\u00e9couvrir. 2- Les pharaons noirs et les reines de M\u00e9ro\u00e9\"}]},{\"@type\":\"WebSite\",\"@id\":\"https:\/\/www.pressenza.com\/fr\/#website\",\"url\":\"https:\/\/www.pressenza.com\/fr\/\",\"name\":\"Pressenza\",\"description\":\"International Press Agency\",\"publisher\":{\"@id\":\"https:\/\/www.pressenza.com\/fr\/#organization\"},\"potentialAction\":[{\"@type\":\"SearchAction\",\"target\":{\"@type\":\"EntryPoint\",\"urlTemplate\":\"https:\/\/www.pressenza.com\/fr\/?s={search_term_string}\"},\"query-input\":{\"@type\":\"PropertyValueSpecification\",\"valueRequired\":true,\"valueName\":\"search_term_string\"}}],\"inLanguage\":\"fr-FR\"},{\"@type\":\"Organization\",\"@id\":\"https:\/\/www.pressenza.com\/fr\/#organization\",\"name\":\"Pressenza\",\"url\":\"https:\/\/www.pressenza.com\/fr\/\",\"logo\":{\"@type\":\"ImageObject\",\"inLanguage\":\"fr-FR\",\"@id\":\"https:\/\/www.pressenza.com\/fr\/#\/schema\/logo\/image\/\",\"url\":\"https:\/\/www.pressenza.com\/wp-content\/uploads\/2022\/10\/pressenza_logo_200x200.jpg\",\"contentUrl\":\"https:\/\/www.pressenza.com\/wp-content\/uploads\/2022\/10\/pressenza_logo_200x200.jpg\",\"width\":200,\"height\":200,\"caption\":\"Pressenza\"},\"image\":{\"@id\":\"https:\/\/www.pressenza.com\/fr\/#\/schema\/logo\/image\/\"},\"sameAs\":[\"https:\/\/www.facebook.com\/PressenzaItalia\",\"https:\/\/x.com\/PressenzaIPA\"]},{\"@type\":\"Person\",\"@id\":\"https:\/\/www.pressenza.com\/fr\/#\/schema\/person\/6717f34d660e55abd622032732fe9482\",\"name\":\"Valentin Mufila\",\"description\":\"Originario del Congo, musicista, cantante e direttore artistico. Ha iniziato la sua carriera musicale nel 2004 e nel 2015 \u00e8 uscito il suo primo album,\u201dTelema\\\" (in piedi), dedicato ai bambini sfruttati nelle miniere di coltan e realizzato con la sua band Mapendo Africa Sound. Nel 2014 ha tenuto corsi di balli e fiabe africane nelle scuole italiane. Ha creato insieme a ragazzi rifugiati il musical \\\"Siamo tutti sulla stessa barca\\\". Nel 2018 \u00e8 stato tra i finalisti della prima edizione del Festival Doremifasud di Milano e il 2 giugno si \u00e8 esibito insieme a molti artisti internazionali alla Porta di Brandeburgo a Berlino, durante una marcia per la pace. Nel 2023 \u00e8 stato corista nel World Wide tour di Zucchero e ha realizzato l'album Il Faut Vivre nel progetto SanzaMamu. Appassionato conoscitore della storia africana cancellata dal colonialismo, si dedica a ricostruirla per comprendere meglio il passato e il futuro del suo continente. Facebook: https:\/\/www.facebook.com\/valentin.mufila YouTube: https:\/\/www.youtube.com\/@ValentinMufila_Official81 Email: valmuf@gmail.com\",\"sameAs\":[\"https:\/\/www.youtube.com\/@ValentinMufila_Official81\"],\"url\":\"https:\/\/www.pressenza.com\/fr\/author\/valentin-mufila\/\"}]}<\/script>\n<!-- \/ Yoast SEO plugin. -->","yoast_head_json":{"title":"Afrique, une histoire \u00e0 red\u00e9couvrir. 2- Les pharaons noirs et les reines de M\u00e9ro\u00e9","description":"Lorsqu\u2019en l\u2019an 3000 av. J.-C., Narmer, unanimement identifi\u00e9 comme Mennes, partit du Sud du Liban, pour rassembler la Haute et la Basse Egypte et devint","robots":{"index":"index","follow":"follow","max-snippet":"max-snippet:-1","max-image-preview":"max-image-preview:large","max-video-preview":"max-video-preview:-1"},"canonical":"https:\/\/www.pressenza.com\/fr\/2018\/06\/afrique-une-histoire-a-redecouvrir-2-les-pharaons-noirs-et-les-reines-de-meroe\/","og_locale":"fr_FR","og_type":"article","og_title":"Afrique, une histoire \u00e0 red\u00e9couvrir. 2- Les pharaons noirs et les reines de M\u00e9ro\u00e9","og_description":"Lorsqu\u2019en l\u2019an 3000 av. J.-C., Narmer, unanimement identifi\u00e9 comme Mennes, partit du Sud du Liban, pour rassembler la Haute et la Basse Egypte et devint","og_url":"https:\/\/www.pressenza.com\/fr\/2018\/06\/afrique-une-histoire-a-redecouvrir-2-les-pharaons-noirs-et-les-reines-de-meroe\/","og_site_name":"Pressenza","article_publisher":"https:\/\/www.facebook.com\/PressenzaItalia","article_published_time":"2018-06-27T04:56:34+00:00","article_modified_time":"2023-01-15T09:31:12+00:00","og_image":[{"width":900,"height":600,"url":"https:\/\/www.pressenza.com\/wp-content\/uploads\/2018\/06\/faraone-nubiano-1.jpg","type":"image\/jpeg"}],"author":"Valentin Mufila","twitter_card":"summary_large_image","twitter_creator":"@PressenzaIPA","twitter_site":"@PressenzaIPA","twitter_misc":{"\u00c9crit par":"Valentin Mufila","Dur\u00e9e de lecture estim\u00e9e":"3 minutes"},"schema":{"@context":"https:\/\/schema.org","@graph":[{"@type":"Article","@id":"https:\/\/www.pressenza.com\/fr\/2018\/06\/afrique-une-histoire-a-redecouvrir-2-les-pharaons-noirs-et-les-reines-de-meroe\/#article","isPartOf":{"@id":"https:\/\/www.pressenza.com\/fr\/2018\/06\/afrique-une-histoire-a-redecouvrir-2-les-pharaons-noirs-et-les-reines-de-meroe\/"},"author":{"name":"Valentin Mufila","@id":"https:\/\/www.pressenza.com\/fr\/#\/schema\/person\/6717f34d660e55abd622032732fe9482"},"headline":"Afrique, une histoire \u00e0 red\u00e9couvrir. 2- Les pharaons noirs et les reines de M\u00e9ro\u00e9","datePublished":"2018-06-27T04:56:34+00:00","dateModified":"2023-01-15T09:31:12+00:00","mainEntityOfPage":{"@id":"https:\/\/www.pressenza.com\/fr\/2018\/06\/afrique-une-histoire-a-redecouvrir-2-les-pharaons-noirs-et-les-reines-de-meroe\/"},"wordCount":512,"publisher":{"@id":"https:\/\/www.pressenza.com\/fr\/#organization"},"image":{"@id":"https:\/\/www.pressenza.com\/fr\/2018\/06\/afrique-une-histoire-a-redecouvrir-2-les-pharaons-noirs-et-les-reines-de-meroe\/#primaryimage"},"thumbnailUrl":"https:\/\/www.pressenza.com\/wp-content\/uploads\/2018\/06\/faraone-nubiano-1.jpg","keywords":["Egypte","pharaons noirs","reines de M\u00e9ro\u00e9","royaume de Kush"],"articleSection":["Afrique","Contenu Original","Culture et M\u00e9dias","Peuples originaires"],"inLanguage":"fr-FR"},{"@type":"WebPage","@id":"https:\/\/www.pressenza.com\/fr\/2018\/06\/afrique-une-histoire-a-redecouvrir-2-les-pharaons-noirs-et-les-reines-de-meroe\/","url":"https:\/\/www.pressenza.com\/fr\/2018\/06\/afrique-une-histoire-a-redecouvrir-2-les-pharaons-noirs-et-les-reines-de-meroe\/","name":"Afrique, une histoire \u00e0 red\u00e9couvrir. 2- Les pharaons noirs et les reines de M\u00e9ro\u00e9","isPartOf":{"@id":"https:\/\/www.pressenza.com\/fr\/#website"},"primaryImageOfPage":{"@id":"https:\/\/www.pressenza.com\/fr\/2018\/06\/afrique-une-histoire-a-redecouvrir-2-les-pharaons-noirs-et-les-reines-de-meroe\/#primaryimage"},"image":{"@id":"https:\/\/www.pressenza.com\/fr\/2018\/06\/afrique-une-histoire-a-redecouvrir-2-les-pharaons-noirs-et-les-reines-de-meroe\/#primaryimage"},"thumbnailUrl":"https:\/\/www.pressenza.com\/wp-content\/uploads\/2018\/06\/faraone-nubiano-1.jpg","datePublished":"2018-06-27T04:56:34+00:00","dateModified":"2023-01-15T09:31:12+00:00","description":"Lorsqu\u2019en l\u2019an 3000 av. J.-C., Narmer, unanimement identifi\u00e9 comme Mennes, partit du Sud du Liban, pour rassembler la Haute et la Basse Egypte et devint","breadcrumb":{"@id":"https:\/\/www.pressenza.com\/fr\/2018\/06\/afrique-une-histoire-a-redecouvrir-2-les-pharaons-noirs-et-les-reines-de-meroe\/#breadcrumb"},"inLanguage":"fr-FR","potentialAction":[{"@type":"ReadAction","target":["https:\/\/www.pressenza.com\/fr\/2018\/06\/afrique-une-histoire-a-redecouvrir-2-les-pharaons-noirs-et-les-reines-de-meroe\/"]}]},{"@type":"ImageObject","inLanguage":"fr-FR","@id":"https:\/\/www.pressenza.com\/fr\/2018\/06\/afrique-une-histoire-a-redecouvrir-2-les-pharaons-noirs-et-les-reines-de-meroe\/#primaryimage","url":"https:\/\/www.pressenza.com\/wp-content\/uploads\/2018\/06\/faraone-nubiano-1.jpg","contentUrl":"https:\/\/www.pressenza.com\/wp-content\/uploads\/2018\/06\/faraone-nubiano-1.jpg","width":900,"height":600},{"@type":"BreadcrumbList","@id":"https:\/\/www.pressenza.com\/fr\/2018\/06\/afrique-une-histoire-a-redecouvrir-2-les-pharaons-noirs-et-les-reines-de-meroe\/#breadcrumb","itemListElement":[{"@type":"ListItem","position":1,"name":"Accueil","item":"https:\/\/www.pressenza.com\/fr\/"},{"@type":"ListItem","position":2,"name":"Afrique, une histoire \u00e0 red\u00e9couvrir. 2- Les pharaons noirs et les reines de M\u00e9ro\u00e9"}]},{"@type":"WebSite","@id":"https:\/\/www.pressenza.com\/fr\/#website","url":"https:\/\/www.pressenza.com\/fr\/","name":"Pressenza","description":"International Press Agency","publisher":{"@id":"https:\/\/www.pressenza.com\/fr\/#organization"},"potentialAction":[{"@type":"SearchAction","target":{"@type":"EntryPoint","urlTemplate":"https:\/\/www.pressenza.com\/fr\/?s={search_term_string}"},"query-input":{"@type":"PropertyValueSpecification","valueRequired":true,"valueName":"search_term_string"}}],"inLanguage":"fr-FR"},{"@type":"Organization","@id":"https:\/\/www.pressenza.com\/fr\/#organization","name":"Pressenza","url":"https:\/\/www.pressenza.com\/fr\/","logo":{"@type":"ImageObject","inLanguage":"fr-FR","@id":"https:\/\/www.pressenza.com\/fr\/#\/schema\/logo\/image\/","url":"https:\/\/www.pressenza.com\/wp-content\/uploads\/2022\/10\/pressenza_logo_200x200.jpg","contentUrl":"https:\/\/www.pressenza.com\/wp-content\/uploads\/2022\/10\/pressenza_logo_200x200.jpg","width":200,"height":200,"caption":"Pressenza"},"image":{"@id":"https:\/\/www.pressenza.com\/fr\/#\/schema\/logo\/image\/"},"sameAs":["https:\/\/www.facebook.com\/PressenzaItalia","https:\/\/x.com\/PressenzaIPA"]},{"@type":"Person","@id":"https:\/\/www.pressenza.com\/fr\/#\/schema\/person\/6717f34d660e55abd622032732fe9482","name":"Valentin Mufila","description":"Originario del Congo, musicista, cantante e direttore artistico. Ha iniziato la sua carriera musicale nel 2004 e nel 2015 \u00e8 uscito il suo primo album,\u201dTelema\" (in piedi), dedicato ai bambini sfruttati nelle miniere di coltan e realizzato con la sua band Mapendo Africa Sound. Nel 2014 ha tenuto corsi di balli e fiabe africane nelle scuole italiane. Ha creato insieme a ragazzi rifugiati il musical \"Siamo tutti sulla stessa barca\". Nel 2018 \u00e8 stato tra i finalisti della prima edizione del Festival Doremifasud di Milano e il 2 giugno si \u00e8 esibito insieme a molti artisti internazionali alla Porta di Brandeburgo a Berlino, durante una marcia per la pace. Nel 2023 \u00e8 stato corista nel World Wide tour di Zucchero e ha realizzato l'album Il Faut Vivre nel progetto SanzaMamu. Appassionato conoscitore della storia africana cancellata dal colonialismo, si dedica a ricostruirla per comprendere meglio il passato e il futuro del suo continente. Facebook: https:\/\/www.facebook.com\/valentin.mufila YouTube: https:\/\/www.youtube.com\/@ValentinMufila_Official81 Email: valmuf@gmail.com","sameAs":["https:\/\/www.youtube.com\/@ValentinMufila_Official81"],"url":"https:\/\/www.pressenza.com\/fr\/author\/valentin-mufila\/"}]}},"place":"","original_article_url":"","_links":{"self":[{"href":"https:\/\/www.pressenza.com\/fr\/wp-json\/wp\/v2\/posts\/664365","targetHints":{"allow":["GET"]}}],"collection":[{"href":"https:\/\/www.pressenza.com\/fr\/wp-json\/wp\/v2\/posts"}],"about":[{"href":"https:\/\/www.pressenza.com\/fr\/wp-json\/wp\/v2\/types\/post"}],"author":[{"embeddable":true,"href":"https:\/\/www.pressenza.com\/fr\/wp-json\/wp\/v2\/users\/1519"}],"replies":[{"embeddable":true,"href":"https:\/\/www.pressenza.com\/fr\/wp-json\/wp\/v2\/comments?post=664365"}],"version-history":[{"count":0,"href":"https:\/\/www.pressenza.com\/fr\/wp-json\/wp\/v2\/posts\/664365\/revisions"}],"wp:featuredmedia":[{"embeddable":true,"href":"https:\/\/www.pressenza.com\/fr\/wp-json\/wp\/v2\/media\/656991"}],"wp:attachment":[{"href":"https:\/\/www.pressenza.com\/fr\/wp-json\/wp\/v2\/media?parent=664365"}],"wp:term":[{"taxonomy":"category","embeddable":true,"href":"https:\/\/www.pressenza.com\/fr\/wp-json\/wp\/v2\/categories?post=664365"},{"taxonomy":"post_tag","embeddable":true,"href":"https:\/\/www.pressenza.com\/fr\/wp-json\/wp\/v2\/tags?post=664365"}],"curies":[{"name":"wp","href":"https:\/\/api.w.org\/{rel}","templated":true}]}}