{"id":66419,"date":"2013-08-29T09:58:42","date_gmt":"2013-08-29T08:58:42","guid":{"rendered":"http:\/\/www.pressenza.com\/?p=66419"},"modified":"2013-09-02T06:30:24","modified_gmt":"2013-09-02T05:30:24","slug":"paix-construction-collective","status":"publish","type":"post","link":"https:\/\/www.pressenza.com\/fr\/2013\/08\/paix-construction-collective\/","title":{"rendered":"La paix est une construction collective"},"content":{"rendered":"<p><strong style=\"font-size: 13px; line-height: 19px;\">Communiqu\u00e9 du Parti Humaniste International\u00a0\u00a0(F\u00e9d\u00e9ration Mondiale des\u00a0Partis Humanistes)<\/strong><\/p>\n<p>Les humanistes condamnent la menace d&rsquo;une attaque sur la Syrie par l&rsquo;Organisation du Trait\u00e9 de l&rsquo;Atlantique Nord (OTAN) \u00e0 la demande des \u00c9tats-Unis d&rsquo;Am\u00e9rique. C&rsquo;est une attitude m\u00e9prisable que des Etats tiers pr\u00e9tendent r\u00e9soudre une confrontation politique \u00e0 l&rsquo;int\u00e9rieur d&rsquo;un autre pays, d&rsquo;autant plus quand on tente de le faire en\u00a0 bombardant sa population.<\/p>\n<p>La seule ing\u00e9rence dans les affaires internes d&rsquo;un \u00c9tat souverain implique une violation des r\u00e8gles internationales qui s&rsquo;aggrave lorsque la vie des civils est mise en danger et devient irrationnelle quand on utilise une puissance militaire excessive pour atteindre un tel but.<\/p>\n<p>Il n&rsquo;y a aucun doute que les \u00c9tats-Unis et le Royaume-Uni de Grande-Bretagne ont livr\u00e9 des armes aux mercenaires de signes diff\u00e9rents pour renverser le pr\u00e9sident d&rsquo;un gouvernement qui leur est id\u00e9ologiquement oppos\u00e9, et le pr\u00e9texte pour intervenir directement &#8211; l&rsquo;utilisation d&rsquo;armes chimiques &#8211;\u00a0\u00a0a \u00e9t\u00e9 expos\u00e9 depuis le d\u00e9but de hostilit\u00e9s. Deux ans et demi apr\u00e8s, et face au faible r\u00e9sultat obtenu par les forces mercenaires, ils utilisent le pr\u00e9texte pr\u00e9vu et annonc\u00e9. Il s&rsquo;agit d&rsquo;un cas similaire \u00e0 celui de l&rsquo;Irak, o\u00f9 l&rsquo;ing\u00e9rence a caus\u00e9 un million de morts et la destruction de l&rsquo;\u00e9conomie pour s&rsquo;approprier du p\u00e9trole irakien. Nous ne devons pas perdre de vue, en outre, que les pouvoirs qui veulent attaquer la Syrie, sont des puissances nucl\u00e9aires, ce qui met gravement en danger la paix mondiale.<\/p>\n<p>Nous d\u00e9non\u00e7ons \u00e9galement l&rsquo;inefficacit\u00e9 de l&rsquo;Organisation des Nations Unies (ONU) pour arr\u00eater l&rsquo;intervention militaire \u00e9trang\u00e8re et de s&rsquo;\u00eatre marginalis\u00e9e alors qu&rsquo;il est encore possible de trouver une solution pacifique \u00e0 travers cette organisation ou par l&rsquo;intervention de pays tiers.<\/p>\n<p>Nous, les humanistes, rejetons l&rsquo;intervention du pays imp\u00e9rialiste et de ses complices, nous d\u00e9plorons qu&rsquo;on ne cherche pas la contribution des pays \u00e9pris de paix, et nous lan\u00e7ons un appel au bon sens\u00a0\u00a0afin d&rsquo;\u00e9viter que de nouvelles victimes rejoignent les dizaines de milliers de vies d\u00e9j\u00e0 sacrifi\u00e9es.<\/p>\n<p>Il est temps d&rsquo;arr\u00eater le char de la guerre et du crime contre les peuples. L&rsquo;humanit\u00e9 d&rsquo;une seule voix doit crier \u00ab\u00a0ASSEZ !\u00a0\u00bb, et se lever mondialement, ensemble, sur tous les continents, avec la force humanisante de la non-violence pour vaincre l&rsquo;intimidation g\u00e9n\u00e9ralis\u00e9e de l&rsquo;imp\u00e9rialisme. C&rsquo;est de cette fa\u00e7on que Gandhi, Martin Luther King, Nelson Mandela, Desmond Tutu, Silo l&rsquo;ont fait, et l&rsquo;on voit maintenant un esprit similaire dans l&rsquo;attitude courageuse des jeunes, Edward Snowden et Bradley Manning.<\/p>\n<p>Une conscience non-violente se d\u00e9veloppe dans ce monde interconnect\u00e9, une conscience qui rejette la violence sous toutes ses formes et qui finira par s&rsquo;installer, si on r\u00e9ussit \u00e0 obtenir des gouvernements qu&rsquo;ils\u00a0\u00a0renoncent d\u00e9finitivement \u00e0 la guerre comme moyen de r\u00e9soudre les conflits, qu&rsquo;ils d\u00e9mant\u00e8lent les arsenaux nucl\u00e9aires, qu&rsquo;ils retirent les troupes \u00e9trang\u00e8res occupant des territoires, et qu&rsquo;ils lancent un processus de d\u00e9sarmement progressif et proportionnel de l&rsquo;armement conventionnel.<\/p>\n<p>Cette conscience non-violente est dans des millions de personnes sur toute la plan\u00e8te, mais il est urgent qu&rsquo;elle se renforce et se canalise en un mouvement social organis\u00e9 qui doit s&rsquo;opposer \u00e0 toutes les formes de violence, et r\u00e9volutionner ce syst\u00e8me d\u00e9shumanisant et violent.<\/p>\n<p>Nous nous dirigeons vers tous ceux qui ressentent \u00e0 l&rsquo;int\u00e9rieur d&rsquo;eux\u00a0\u00a0la n\u00e9cessit\u00e9 de r\u00e9sister la violence pour leur demander de s&rsquo;opposer \u00e0 la barbarie annonc\u00e9e et de s&rsquo;exprimer sans crainte: Non \u00e0 la guerre! Oui \u00e0 la paix!<\/p>\n<p>&nbsp;<\/p>\n<p>&nbsp;<\/p>\n","protected":false},"excerpt":{"rendered":"<p>Communiqu\u00e9 du Parti Humaniste International\u00a0\u00a0(F\u00e9d\u00e9ration Mondiale des\u00a0Partis Humanistes) Les humanistes condamnent la menace d&rsquo;une attaque sur la Syrie par l&rsquo;Organisation du Trait\u00e9 de l&rsquo;Atlantique Nord (OTAN) \u00e0 la demande des \u00c9tats-Unis d&rsquo;Am\u00e9rique. C&rsquo;est une attitude m\u00e9prisable que des Etats tiers&hellip;<\/p>\n","protected":false},"author":926,"featured_media":66420,"comment_status":"closed","ping_status":"open","sticky":false,"template":"","format":"standard","meta":{"footnotes":""},"categories":[151,40,1248,90,95],"tags":[4866,1034,265,298,3102,239],"class_list":["post-66419","post","type-post","status-publish","format-standard","has-post-thumbnail","hentry","category-communique-de-presse","category-international-fr","category-nonviolence-sujet","category-moyen-orient","category-affaires-etrangeres","tag-angleterre","tag-france-fr","tag-nonviolence","tag-paix","tag-parti-humaniste","tag-syrie"],"yoast_head":"<!-- This site is optimized with the Yoast SEO plugin v27.1.1 - https:\/\/yoast.com\/product\/yoast-seo-wordpress\/ -->\n<title>La paix est une construction collective<\/title>\n<meta name=\"description\" content=\"Communiqu\u00e9 du Parti Humaniste International\u00a0\u00a0(F\u00e9d\u00e9ration Mondiale des\u00a0Partis Humanistes) Les humanistes condamnent la menace d&#039;une attaque sur la Syrie\" \/>\n<meta name=\"robots\" content=\"index, follow, max-snippet:-1, max-image-preview:large, max-video-preview:-1\" \/>\n<link rel=\"canonical\" href=\"https:\/\/www.pressenza.com\/fr\/2013\/08\/paix-construction-collective\/\" \/>\n<meta property=\"og:locale\" content=\"fr_FR\" \/>\n<meta property=\"og:type\" content=\"article\" \/>\n<meta property=\"og:title\" content=\"La paix est une construction collective\" \/>\n<meta property=\"og:description\" content=\"Communiqu\u00e9 du Parti Humaniste International\u00a0\u00a0(F\u00e9d\u00e9ration Mondiale des\u00a0Partis Humanistes) Les humanistes condamnent la menace d&#039;une attaque sur la Syrie\" \/>\n<meta property=\"og:url\" content=\"https:\/\/www.pressenza.com\/fr\/2013\/08\/paix-construction-collective\/\" \/>\n<meta property=\"og:site_name\" content=\"Pressenza\" \/>\n<meta property=\"article:publisher\" content=\"https:\/\/www.facebook.com\/PressenzaItalia\" \/>\n<meta property=\"article:published_time\" content=\"2013-08-29T08:58:42+00:00\" \/>\n<meta property=\"article:modified_time\" content=\"2013-09-02T05:30:24+00:00\" \/>\n<meta property=\"og:image\" content=\"https:\/\/www.pressenza.com\/wp-content\/uploads\/2013\/08\/Symbole-nonviolence-non-violence.gif\" \/>\n\t<meta property=\"og:image:width\" content=\"315\" \/>\n\t<meta property=\"og:image:height\" content=\"315\" \/>\n\t<meta property=\"og:image:type\" content=\"image\/gif\" \/>\n<meta name=\"author\" content=\"R\u00e9daction France\" \/>\n<meta name=\"twitter:card\" content=\"summary_large_image\" \/>\n<meta name=\"twitter:creator\" content=\"@PressenzaIPA\" \/>\n<meta name=\"twitter:site\" content=\"@PressenzaIPA\" \/>\n<meta name=\"twitter:label1\" content=\"\u00c9crit par\" \/>\n\t<meta name=\"twitter:data1\" content=\"R\u00e9daction France\" \/>\n\t<meta name=\"twitter:label2\" content=\"Dur\u00e9e de lecture estim\u00e9e\" \/>\n\t<meta name=\"twitter:data2\" content=\"3 minutes\" \/>\n<script type=\"application\/ld+json\" class=\"yoast-schema-graph\">{\"@context\":\"https:\/\/schema.org\",\"@graph\":[{\"@type\":\"Article\",\"@id\":\"https:\/\/www.pressenza.com\/fr\/2013\/08\/paix-construction-collective\/#article\",\"isPartOf\":{\"@id\":\"https:\/\/www.pressenza.com\/fr\/2013\/08\/paix-construction-collective\/\"},\"author\":{\"name\":\"R\u00e9daction France\",\"@id\":\"https:\/\/www.pressenza.com\/fr\/#\/schema\/person\/3c9fe6670cc2cffbd37562f87b98e869\"},\"headline\":\"La paix est une construction collective\",\"datePublished\":\"2013-08-29T08:58:42+00:00\",\"dateModified\":\"2013-09-02T05:30:24+00:00\",\"mainEntityOfPage\":{\"@id\":\"https:\/\/www.pressenza.com\/fr\/2013\/08\/paix-construction-collective\/\"},\"wordCount\":655,\"publisher\":{\"@id\":\"https:\/\/www.pressenza.com\/fr\/#organization\"},\"image\":{\"@id\":\"https:\/\/www.pressenza.com\/fr\/2013\/08\/paix-construction-collective\/#primaryimage\"},\"thumbnailUrl\":\"https:\/\/www.pressenza.com\/wp-content\/uploads\/2013\/08\/Symbole-nonviolence-non-violence.gif\",\"keywords\":[\"Angleterre\",\"France\",\"nonviolence\",\"Paix\",\"Parti Humaniste\",\"Syrie\"],\"articleSection\":[\"Communiqu\u00e9s de Presse\",\"International\",\"Non-violence\",\"Proche et Moyen-Orient\",\"Relations internationales\"],\"inLanguage\":\"fr-FR\"},{\"@type\":\"WebPage\",\"@id\":\"https:\/\/www.pressenza.com\/fr\/2013\/08\/paix-construction-collective\/\",\"url\":\"https:\/\/www.pressenza.com\/fr\/2013\/08\/paix-construction-collective\/\",\"name\":\"La paix est une construction collective\",\"isPartOf\":{\"@id\":\"https:\/\/www.pressenza.com\/fr\/#website\"},\"primaryImageOfPage\":{\"@id\":\"https:\/\/www.pressenza.com\/fr\/2013\/08\/paix-construction-collective\/#primaryimage\"},\"image\":{\"@id\":\"https:\/\/www.pressenza.com\/fr\/2013\/08\/paix-construction-collective\/#primaryimage\"},\"thumbnailUrl\":\"https:\/\/www.pressenza.com\/wp-content\/uploads\/2013\/08\/Symbole-nonviolence-non-violence.gif\",\"datePublished\":\"2013-08-29T08:58:42+00:00\",\"dateModified\":\"2013-09-02T05:30:24+00:00\",\"description\":\"Communiqu\u00e9 du Parti Humaniste International\u00a0\u00a0(F\u00e9d\u00e9ration Mondiale des\u00a0Partis Humanistes) Les humanistes condamnent la menace d'une attaque sur la Syrie\",\"breadcrumb\":{\"@id\":\"https:\/\/www.pressenza.com\/fr\/2013\/08\/paix-construction-collective\/#breadcrumb\"},\"inLanguage\":\"fr-FR\",\"potentialAction\":[{\"@type\":\"ReadAction\",\"target\":[\"https:\/\/www.pressenza.com\/fr\/2013\/08\/paix-construction-collective\/\"]}]},{\"@type\":\"ImageObject\",\"inLanguage\":\"fr-FR\",\"@id\":\"https:\/\/www.pressenza.com\/fr\/2013\/08\/paix-construction-collective\/#primaryimage\",\"url\":\"https:\/\/www.pressenza.com\/wp-content\/uploads\/2013\/08\/Symbole-nonviolence-non-violence.gif\",\"contentUrl\":\"https:\/\/www.pressenza.com\/wp-content\/uploads\/2013\/08\/Symbole-nonviolence-non-violence.gif\",\"width\":315,\"height\":315},{\"@type\":\"BreadcrumbList\",\"@id\":\"https:\/\/www.pressenza.com\/fr\/2013\/08\/paix-construction-collective\/#breadcrumb\",\"itemListElement\":[{\"@type\":\"ListItem\",\"position\":1,\"name\":\"Accueil\",\"item\":\"https:\/\/www.pressenza.com\/fr\/\"},{\"@type\":\"ListItem\",\"position\":2,\"name\":\"La paix est une construction collective\"}]},{\"@type\":\"WebSite\",\"@id\":\"https:\/\/www.pressenza.com\/fr\/#website\",\"url\":\"https:\/\/www.pressenza.com\/fr\/\",\"name\":\"Pressenza\",\"description\":\"International Press Agency\",\"publisher\":{\"@id\":\"https:\/\/www.pressenza.com\/fr\/#organization\"},\"potentialAction\":[{\"@type\":\"SearchAction\",\"target\":{\"@type\":\"EntryPoint\",\"urlTemplate\":\"https:\/\/www.pressenza.com\/fr\/?s={search_term_string}\"},\"query-input\":{\"@type\":\"PropertyValueSpecification\",\"valueRequired\":true,\"valueName\":\"search_term_string\"}}],\"inLanguage\":\"fr-FR\"},{\"@type\":\"Organization\",\"@id\":\"https:\/\/www.pressenza.com\/fr\/#organization\",\"name\":\"Pressenza\",\"url\":\"https:\/\/www.pressenza.com\/fr\/\",\"logo\":{\"@type\":\"ImageObject\",\"inLanguage\":\"fr-FR\",\"@id\":\"https:\/\/www.pressenza.com\/fr\/#\/schema\/logo\/image\/\",\"url\":\"https:\/\/www.pressenza.com\/wp-content\/uploads\/2022\/10\/pressenza_logo_200x200.jpg\",\"contentUrl\":\"https:\/\/www.pressenza.com\/wp-content\/uploads\/2022\/10\/pressenza_logo_200x200.jpg\",\"width\":200,\"height\":200,\"caption\":\"Pressenza\"},\"image\":{\"@id\":\"https:\/\/www.pressenza.com\/fr\/#\/schema\/logo\/image\/\"},\"sameAs\":[\"https:\/\/www.facebook.com\/PressenzaItalia\",\"https:\/\/x.com\/PressenzaIPA\"]},{\"@type\":\"Person\",\"@id\":\"https:\/\/www.pressenza.com\/fr\/#\/schema\/person\/3c9fe6670cc2cffbd37562f87b98e869\",\"name\":\"R\u00e9daction France\",\"description\":\"News published by the Pressenza bureau in France\",\"sameAs\":[\"http:\/\/www.pressenza.com\/fr\"],\"url\":\"https:\/\/www.pressenza.com\/fr\/author\/redactionfrance\/\"}]}<\/script>\n<!-- \/ Yoast SEO plugin. -->","yoast_head_json":{"title":"La paix est une construction collective","description":"Communiqu\u00e9 du Parti Humaniste International\u00a0\u00a0(F\u00e9d\u00e9ration Mondiale des\u00a0Partis Humanistes) Les humanistes condamnent la menace d'une attaque sur la Syrie","robots":{"index":"index","follow":"follow","max-snippet":"max-snippet:-1","max-image-preview":"max-image-preview:large","max-video-preview":"max-video-preview:-1"},"canonical":"https:\/\/www.pressenza.com\/fr\/2013\/08\/paix-construction-collective\/","og_locale":"fr_FR","og_type":"article","og_title":"La paix est une construction collective","og_description":"Communiqu\u00e9 du Parti Humaniste International\u00a0\u00a0(F\u00e9d\u00e9ration Mondiale des\u00a0Partis Humanistes) Les humanistes condamnent la menace d'une attaque sur la Syrie","og_url":"https:\/\/www.pressenza.com\/fr\/2013\/08\/paix-construction-collective\/","og_site_name":"Pressenza","article_publisher":"https:\/\/www.facebook.com\/PressenzaItalia","article_published_time":"2013-08-29T08:58:42+00:00","article_modified_time":"2013-09-02T05:30:24+00:00","og_image":[{"width":315,"height":315,"url":"https:\/\/www.pressenza.com\/wp-content\/uploads\/2013\/08\/Symbole-nonviolence-non-violence.gif","type":"image\/gif"}],"author":"R\u00e9daction France","twitter_card":"summary_large_image","twitter_creator":"@PressenzaIPA","twitter_site":"@PressenzaIPA","twitter_misc":{"\u00c9crit par":"R\u00e9daction France","Dur\u00e9e de lecture estim\u00e9e":"3 minutes"},"schema":{"@context":"https:\/\/schema.org","@graph":[{"@type":"Article","@id":"https:\/\/www.pressenza.com\/fr\/2013\/08\/paix-construction-collective\/#article","isPartOf":{"@id":"https:\/\/www.pressenza.com\/fr\/2013\/08\/paix-construction-collective\/"},"author":{"name":"R\u00e9daction France","@id":"https:\/\/www.pressenza.com\/fr\/#\/schema\/person\/3c9fe6670cc2cffbd37562f87b98e869"},"headline":"La paix est une construction collective","datePublished":"2013-08-29T08:58:42+00:00","dateModified":"2013-09-02T05:30:24+00:00","mainEntityOfPage":{"@id":"https:\/\/www.pressenza.com\/fr\/2013\/08\/paix-construction-collective\/"},"wordCount":655,"publisher":{"@id":"https:\/\/www.pressenza.com\/fr\/#organization"},"image":{"@id":"https:\/\/www.pressenza.com\/fr\/2013\/08\/paix-construction-collective\/#primaryimage"},"thumbnailUrl":"https:\/\/www.pressenza.com\/wp-content\/uploads\/2013\/08\/Symbole-nonviolence-non-violence.gif","keywords":["Angleterre","France","nonviolence","Paix","Parti Humaniste","Syrie"],"articleSection":["Communiqu\u00e9s de Presse","International","Non-violence","Proche et Moyen-Orient","Relations internationales"],"inLanguage":"fr-FR"},{"@type":"WebPage","@id":"https:\/\/www.pressenza.com\/fr\/2013\/08\/paix-construction-collective\/","url":"https:\/\/www.pressenza.com\/fr\/2013\/08\/paix-construction-collective\/","name":"La paix est une construction collective","isPartOf":{"@id":"https:\/\/www.pressenza.com\/fr\/#website"},"primaryImageOfPage":{"@id":"https:\/\/www.pressenza.com\/fr\/2013\/08\/paix-construction-collective\/#primaryimage"},"image":{"@id":"https:\/\/www.pressenza.com\/fr\/2013\/08\/paix-construction-collective\/#primaryimage"},"thumbnailUrl":"https:\/\/www.pressenza.com\/wp-content\/uploads\/2013\/08\/Symbole-nonviolence-non-violence.gif","datePublished":"2013-08-29T08:58:42+00:00","dateModified":"2013-09-02T05:30:24+00:00","description":"Communiqu\u00e9 du Parti Humaniste International\u00a0\u00a0(F\u00e9d\u00e9ration Mondiale des\u00a0Partis Humanistes) Les humanistes condamnent la menace d'une attaque sur la Syrie","breadcrumb":{"@id":"https:\/\/www.pressenza.com\/fr\/2013\/08\/paix-construction-collective\/#breadcrumb"},"inLanguage":"fr-FR","potentialAction":[{"@type":"ReadAction","target":["https:\/\/www.pressenza.com\/fr\/2013\/08\/paix-construction-collective\/"]}]},{"@type":"ImageObject","inLanguage":"fr-FR","@id":"https:\/\/www.pressenza.com\/fr\/2013\/08\/paix-construction-collective\/#primaryimage","url":"https:\/\/www.pressenza.com\/wp-content\/uploads\/2013\/08\/Symbole-nonviolence-non-violence.gif","contentUrl":"https:\/\/www.pressenza.com\/wp-content\/uploads\/2013\/08\/Symbole-nonviolence-non-violence.gif","width":315,"height":315},{"@type":"BreadcrumbList","@id":"https:\/\/www.pressenza.com\/fr\/2013\/08\/paix-construction-collective\/#breadcrumb","itemListElement":[{"@type":"ListItem","position":1,"name":"Accueil","item":"https:\/\/www.pressenza.com\/fr\/"},{"@type":"ListItem","position":2,"name":"La paix est une construction collective"}]},{"@type":"WebSite","@id":"https:\/\/www.pressenza.com\/fr\/#website","url":"https:\/\/www.pressenza.com\/fr\/","name":"Pressenza","description":"International Press Agency","publisher":{"@id":"https:\/\/www.pressenza.com\/fr\/#organization"},"potentialAction":[{"@type":"SearchAction","target":{"@type":"EntryPoint","urlTemplate":"https:\/\/www.pressenza.com\/fr\/?s={search_term_string}"},"query-input":{"@type":"PropertyValueSpecification","valueRequired":true,"valueName":"search_term_string"}}],"inLanguage":"fr-FR"},{"@type":"Organization","@id":"https:\/\/www.pressenza.com\/fr\/#organization","name":"Pressenza","url":"https:\/\/www.pressenza.com\/fr\/","logo":{"@type":"ImageObject","inLanguage":"fr-FR","@id":"https:\/\/www.pressenza.com\/fr\/#\/schema\/logo\/image\/","url":"https:\/\/www.pressenza.com\/wp-content\/uploads\/2022\/10\/pressenza_logo_200x200.jpg","contentUrl":"https:\/\/www.pressenza.com\/wp-content\/uploads\/2022\/10\/pressenza_logo_200x200.jpg","width":200,"height":200,"caption":"Pressenza"},"image":{"@id":"https:\/\/www.pressenza.com\/fr\/#\/schema\/logo\/image\/"},"sameAs":["https:\/\/www.facebook.com\/PressenzaItalia","https:\/\/x.com\/PressenzaIPA"]},{"@type":"Person","@id":"https:\/\/www.pressenza.com\/fr\/#\/schema\/person\/3c9fe6670cc2cffbd37562f87b98e869","name":"R\u00e9daction France","description":"News published by the Pressenza bureau in France","sameAs":["http:\/\/www.pressenza.com\/fr"],"url":"https:\/\/www.pressenza.com\/fr\/author\/redactionfrance\/"}]}},"place":"","original_article_url":"","_links":{"self":[{"href":"https:\/\/www.pressenza.com\/fr\/wp-json\/wp\/v2\/posts\/66419","targetHints":{"allow":["GET"]}}],"collection":[{"href":"https:\/\/www.pressenza.com\/fr\/wp-json\/wp\/v2\/posts"}],"about":[{"href":"https:\/\/www.pressenza.com\/fr\/wp-json\/wp\/v2\/types\/post"}],"author":[{"embeddable":true,"href":"https:\/\/www.pressenza.com\/fr\/wp-json\/wp\/v2\/users\/926"}],"replies":[{"embeddable":true,"href":"https:\/\/www.pressenza.com\/fr\/wp-json\/wp\/v2\/comments?post=66419"}],"version-history":[{"count":0,"href":"https:\/\/www.pressenza.com\/fr\/wp-json\/wp\/v2\/posts\/66419\/revisions"}],"wp:featuredmedia":[{"embeddable":true,"href":"https:\/\/www.pressenza.com\/fr\/wp-json\/wp\/v2\/media\/66420"}],"wp:attachment":[{"href":"https:\/\/www.pressenza.com\/fr\/wp-json\/wp\/v2\/media?parent=66419"}],"wp:term":[{"taxonomy":"category","embeddable":true,"href":"https:\/\/www.pressenza.com\/fr\/wp-json\/wp\/v2\/categories?post=66419"},{"taxonomy":"post_tag","embeddable":true,"href":"https:\/\/www.pressenza.com\/fr\/wp-json\/wp\/v2\/tags?post=66419"}],"curies":[{"name":"wp","href":"https:\/\/api.w.org\/{rel}","templated":true}]}}