{"id":659928,"date":"2018-06-18T22:30:57","date_gmt":"2018-06-18T21:30:57","guid":{"rendered":"https:\/\/www.pressenza.com\/?p=659928"},"modified":"2018-06-18T23:12:35","modified_gmt":"2018-06-18T22:12:35","slug":"conquete-a-temps-historique","status":"publish","type":"post","link":"https:\/\/www.pressenza.com\/fr\/2018\/06\/conquete-a-temps-historique\/","title":{"rendered":"Chaque conqu\u00eate a son temps historique"},"content":{"rendered":"<p>Et le temps historique est venu de l&rsquo;avortement l\u00e9gal, s\u00fbr et gratuit, afin qu&rsquo;\u00e0 l&rsquo;avenir, des milliers de jeunes filles et de femmes ne meurent plus d&rsquo;avortements clandestins qui n&rsquo;ont pas \u00e9t\u00e9 pratiqu\u00e9s correctement. C&rsquo;est devenu une loi en Argentine, ce fut une longue conqu\u00eate.<\/p>\n<p>Il en va de m\u00eame pour le suffrage des femmes, les lois du divorce, de l&rsquo;\u00e9galit\u00e9 du mariage et de l&rsquo;identit\u00e9 de genre. Ce sont des conqu\u00eates sociales et culturelles, tout comme il y a eu des conqu\u00eates \u00e9conomiques avec la nationalisation des ressources souveraines, avec l&rsquo;allocation universelle par enfant, avec la nationalisation des pensions et avec la retraite des femmes au foyer. Il y a eu tant et tant d&rsquo;autres droits acquis par la lutte au cours de l&rsquo;histoire.<\/p>\n<p>Ce sont des conqu\u00eates qui prennent du temps, mais qui finissent par se mat\u00e9rialiser. Le moment historique viendra aussi o\u00f9 nous ne pourrons plus tol\u00e9rer le n\u00e9olib\u00e9ralisme d\u00e9brid\u00e9, le capitalisme oppressif, la sp\u00e9culation financi\u00e8re angoiss\u00e9e, qui pr\u00e9tend aujourd&rsquo;hui retirer ces droits acquis.<\/p>\n<p>Le moment historique viendra o\u00f9 nous rejetterons visc\u00e9ralement la violence et l&rsquo;injustice dont souffre tout \u00eatre humain. Malgr\u00e9 l&rsquo;injustice, notre esp\u00e8ce humaine sera le protagoniste de ce moment.<\/p>\n<p>Il y aura aussi le temps historique de renaissance spirituelle qui nous exaltera moralement, quand nous comprendrons que pour une nouvelle soci\u00e9t\u00e9 avec une D\u00e9mocratie R\u00e9elle, un changement mental essentiel est n\u00e9cessaire. Ce temps, sans plus tarder, viendra. Et ce sera apr\u00e8s la chute des institutions et des syst\u00e8mes formels suppos\u00e9s d\u00e9mocratiques, qui ne servent plus le peuple aujourd&rsquo;hui.<\/p>\n<p>Beaucoup d&rsquo;autres conqu\u00eates viendront, j&rsquo;esp\u00e8re que nous pourrons \u00eatre \u00e0 la hauteur de l&rsquo;\u00e9poque. De ces temps historiques, qui sont v\u00e9cus \u00e0 la hauteur de leur c\u0153ur, comme la veill\u00e9e du Congr\u00e8s a \u00e9t\u00e9 v\u00e9cue par ces milliers de femmes, par ce peuple avec sensibilit\u00e9 et solidarit\u00e9.<\/p>\n<p>Avec de la patience, avec de l&rsquo;action, en renfor\u00e7ant cette force \u00e9volutive en soi et dans le peuple, les conqu\u00eates tant attendues viendront plus t\u00f4t que tard.<\/p>\n<p>&nbsp;<\/p>\n<p><em>Traduction de l&rsquo;espagnol, Claudie Baudoin<\/em><\/p>\n","protected":false},"excerpt":{"rendered":"<p>Et le temps historique est venu de l&rsquo;avortement l\u00e9gal, s\u00fbr et gratuit, afin qu&rsquo;\u00e0 l&rsquo;avenir, des milliers de jeunes filles et de femmes ne meurent plus d&rsquo;avortements clandestins qui n&rsquo;ont pas \u00e9t\u00e9 pratiqu\u00e9s correctement. C&rsquo;est devenu une loi en Argentine,&hellip;<\/p>\n","protected":false},"author":20,"featured_media":660071,"comment_status":"closed","ping_status":"closed","sticky":false,"template":"","format":"standard","meta":{"footnotes":""},"categories":[86,11386,98,163],"tags":[1180,47164,47165,1816,47166,2925],"class_list":["post-659928","post","type-post","status-publish","format-standard","has-post-thumbnail","hentry","category-amerique-du-sud","category-contenu-original","category-droits-de-lhomme","category-opinion-fr","tag-argentine","tag-avortement-legal","tag-conquetes","tag-droits","tag-interruption-volontaire-de-grossesse","tag-peuples"],"yoast_head":"<!-- This site is optimized with the Yoast SEO plugin v27.1.1 - https:\/\/yoast.com\/product\/yoast-seo-wordpress\/ -->\n<title>Chaque conqu\u00eate a son temps historique<\/title>\n<meta name=\"description\" content=\"Et le temps historique est venu de l&#039;avortement l\u00e9gal, s\u00fbr et gratuit, afin qu&#039;\u00e0 l&#039;avenir, des milliers de jeunes filles et de femmes ne meurent plus\" \/>\n<meta name=\"robots\" content=\"index, follow, max-snippet:-1, max-image-preview:large, max-video-preview:-1\" \/>\n<link rel=\"canonical\" href=\"https:\/\/www.pressenza.com\/fr\/2018\/06\/conquete-a-temps-historique\/\" \/>\n<meta property=\"og:locale\" content=\"fr_FR\" \/>\n<meta property=\"og:type\" content=\"article\" \/>\n<meta property=\"og:title\" content=\"Chaque conqu\u00eate a son temps historique\" \/>\n<meta property=\"og:description\" content=\"Et le temps historique est venu de l&#039;avortement l\u00e9gal, s\u00fbr et gratuit, afin qu&#039;\u00e0 l&#039;avenir, des milliers de jeunes filles et de femmes ne meurent plus\" \/>\n<meta property=\"og:url\" content=\"https:\/\/www.pressenza.com\/fr\/2018\/06\/conquete-a-temps-historique\/\" \/>\n<meta property=\"og:site_name\" content=\"Pressenza\" \/>\n<meta property=\"article:publisher\" content=\"https:\/\/www.facebook.com\/PressenzaItalia\" \/>\n<meta property=\"article:published_time\" content=\"2018-06-18T21:30:57+00:00\" \/>\n<meta property=\"article:modified_time\" content=\"2018-06-18T22:12:35+00:00\" \/>\n<meta property=\"og:image\" content=\"https:\/\/www.pressenza.com\/wp-content\/uploads\/2018\/06\/conquista-tiempo-historico.jpg\" \/>\n\t<meta property=\"og:image:width\" content=\"750\" \/>\n\t<meta property=\"og:image:height\" content=\"500\" \/>\n\t<meta property=\"og:image:type\" content=\"image\/jpeg\" \/>\n<meta name=\"author\" content=\"ivan novotny\" \/>\n<meta name=\"twitter:card\" content=\"summary_large_image\" \/>\n<meta name=\"twitter:creator\" content=\"@ivanovotny\" \/>\n<meta name=\"twitter:site\" content=\"@PressenzaIPA\" \/>\n<meta name=\"twitter:label1\" content=\"\u00c9crit par\" \/>\n\t<meta name=\"twitter:data1\" content=\"ivan novotny\" \/>\n\t<meta name=\"twitter:label2\" content=\"Dur\u00e9e de lecture estim\u00e9e\" \/>\n\t<meta name=\"twitter:data2\" content=\"2 minutes\" \/>\n<script type=\"application\/ld+json\" class=\"yoast-schema-graph\">{\"@context\":\"https:\/\/schema.org\",\"@graph\":[{\"@type\":\"Article\",\"@id\":\"https:\/\/www.pressenza.com\/fr\/2018\/06\/conquete-a-temps-historique\/#article\",\"isPartOf\":{\"@id\":\"https:\/\/www.pressenza.com\/fr\/2018\/06\/conquete-a-temps-historique\/\"},\"author\":{\"name\":\"ivan novotny\",\"@id\":\"https:\/\/www.pressenza.com\/fr\/#\/schema\/person\/074b2cdde387af1b7a93f788a03ec37a\"},\"headline\":\"Chaque conqu\u00eate a son temps historique\",\"datePublished\":\"2018-06-18T21:30:57+00:00\",\"dateModified\":\"2018-06-18T22:12:35+00:00\",\"mainEntityOfPage\":{\"@id\":\"https:\/\/www.pressenza.com\/fr\/2018\/06\/conquete-a-temps-historique\/\"},\"wordCount\":395,\"publisher\":{\"@id\":\"https:\/\/www.pressenza.com\/fr\/#organization\"},\"image\":{\"@id\":\"https:\/\/www.pressenza.com\/fr\/2018\/06\/conquete-a-temps-historique\/#primaryimage\"},\"thumbnailUrl\":\"https:\/\/www.pressenza.com\/wp-content\/uploads\/2018\/06\/conquista-tiempo-historico.jpg\",\"keywords\":[\"Argentine\",\"avortement l\u00e9gal\",\"conqu\u00eates\",\"droits\",\"interruption volontaire de grossesse\",\"peuples\"],\"articleSection\":[\"Am\u00e9rique du Sud\",\"Contenu Original\",\"Droits humains\",\"Opinion\"],\"inLanguage\":\"fr-FR\"},{\"@type\":\"WebPage\",\"@id\":\"https:\/\/www.pressenza.com\/fr\/2018\/06\/conquete-a-temps-historique\/\",\"url\":\"https:\/\/www.pressenza.com\/fr\/2018\/06\/conquete-a-temps-historique\/\",\"name\":\"Chaque conqu\u00eate a son temps historique\",\"isPartOf\":{\"@id\":\"https:\/\/www.pressenza.com\/fr\/#website\"},\"primaryImageOfPage\":{\"@id\":\"https:\/\/www.pressenza.com\/fr\/2018\/06\/conquete-a-temps-historique\/#primaryimage\"},\"image\":{\"@id\":\"https:\/\/www.pressenza.com\/fr\/2018\/06\/conquete-a-temps-historique\/#primaryimage\"},\"thumbnailUrl\":\"https:\/\/www.pressenza.com\/wp-content\/uploads\/2018\/06\/conquista-tiempo-historico.jpg\",\"datePublished\":\"2018-06-18T21:30:57+00:00\",\"dateModified\":\"2018-06-18T22:12:35+00:00\",\"description\":\"Et le temps historique est venu de l'avortement l\u00e9gal, s\u00fbr et gratuit, afin qu'\u00e0 l'avenir, des milliers de jeunes filles et de femmes ne meurent plus\",\"breadcrumb\":{\"@id\":\"https:\/\/www.pressenza.com\/fr\/2018\/06\/conquete-a-temps-historique\/#breadcrumb\"},\"inLanguage\":\"fr-FR\",\"potentialAction\":[{\"@type\":\"ReadAction\",\"target\":[\"https:\/\/www.pressenza.com\/fr\/2018\/06\/conquete-a-temps-historique\/\"]}]},{\"@type\":\"ImageObject\",\"inLanguage\":\"fr-FR\",\"@id\":\"https:\/\/www.pressenza.com\/fr\/2018\/06\/conquete-a-temps-historique\/#primaryimage\",\"url\":\"https:\/\/www.pressenza.com\/wp-content\/uploads\/2018\/06\/conquista-tiempo-historico.jpg\",\"contentUrl\":\"https:\/\/www.pressenza.com\/wp-content\/uploads\/2018\/06\/conquista-tiempo-historico.jpg\",\"width\":750,\"height\":500},{\"@type\":\"BreadcrumbList\",\"@id\":\"https:\/\/www.pressenza.com\/fr\/2018\/06\/conquete-a-temps-historique\/#breadcrumb\",\"itemListElement\":[{\"@type\":\"ListItem\",\"position\":1,\"name\":\"Accueil\",\"item\":\"https:\/\/www.pressenza.com\/fr\/\"},{\"@type\":\"ListItem\",\"position\":2,\"name\":\"Chaque conqu\u00eate a son temps historique\"}]},{\"@type\":\"WebSite\",\"@id\":\"https:\/\/www.pressenza.com\/fr\/#website\",\"url\":\"https:\/\/www.pressenza.com\/fr\/\",\"name\":\"Pressenza\",\"description\":\"International Press Agency\",\"publisher\":{\"@id\":\"https:\/\/www.pressenza.com\/fr\/#organization\"},\"potentialAction\":[{\"@type\":\"SearchAction\",\"target\":{\"@type\":\"EntryPoint\",\"urlTemplate\":\"https:\/\/www.pressenza.com\/fr\/?s={search_term_string}\"},\"query-input\":{\"@type\":\"PropertyValueSpecification\",\"valueRequired\":true,\"valueName\":\"search_term_string\"}}],\"inLanguage\":\"fr-FR\"},{\"@type\":\"Organization\",\"@id\":\"https:\/\/www.pressenza.com\/fr\/#organization\",\"name\":\"Pressenza\",\"url\":\"https:\/\/www.pressenza.com\/fr\/\",\"logo\":{\"@type\":\"ImageObject\",\"inLanguage\":\"fr-FR\",\"@id\":\"https:\/\/www.pressenza.com\/fr\/#\/schema\/logo\/image\/\",\"url\":\"https:\/\/www.pressenza.com\/wp-content\/uploads\/2022\/10\/pressenza_logo_200x200.jpg\",\"contentUrl\":\"https:\/\/www.pressenza.com\/wp-content\/uploads\/2022\/10\/pressenza_logo_200x200.jpg\",\"width\":200,\"height\":200,\"caption\":\"Pressenza\"},\"image\":{\"@id\":\"https:\/\/www.pressenza.com\/fr\/#\/schema\/logo\/image\/\"},\"sameAs\":[\"https:\/\/www.facebook.com\/PressenzaItalia\",\"https:\/\/x.com\/PressenzaIPA\"]},{\"@type\":\"Person\",\"@id\":\"https:\/\/www.pressenza.com\/fr\/#\/schema\/person\/074b2cdde387af1b7a93f788a03ec37a\",\"name\":\"ivan novotny\",\"description\":\"A graduate in Communication Science from the University of Buenos Aires.\",\"sameAs\":[\"https:\/\/www.instagram.com\/inovotny\",\"https:\/\/x.com\/ivanovotny\"],\"url\":\"https:\/\/www.pressenza.com\/fr\/author\/ivan-novotny\/\"}]}<\/script>\n<!-- \/ Yoast SEO plugin. -->","yoast_head_json":{"title":"Chaque conqu\u00eate a son temps historique","description":"Et le temps historique est venu de l'avortement l\u00e9gal, s\u00fbr et gratuit, afin qu'\u00e0 l'avenir, des milliers de jeunes filles et de femmes ne meurent plus","robots":{"index":"index","follow":"follow","max-snippet":"max-snippet:-1","max-image-preview":"max-image-preview:large","max-video-preview":"max-video-preview:-1"},"canonical":"https:\/\/www.pressenza.com\/fr\/2018\/06\/conquete-a-temps-historique\/","og_locale":"fr_FR","og_type":"article","og_title":"Chaque conqu\u00eate a son temps historique","og_description":"Et le temps historique est venu de l'avortement l\u00e9gal, s\u00fbr et gratuit, afin qu'\u00e0 l'avenir, des milliers de jeunes filles et de femmes ne meurent plus","og_url":"https:\/\/www.pressenza.com\/fr\/2018\/06\/conquete-a-temps-historique\/","og_site_name":"Pressenza","article_publisher":"https:\/\/www.facebook.com\/PressenzaItalia","article_published_time":"2018-06-18T21:30:57+00:00","article_modified_time":"2018-06-18T22:12:35+00:00","og_image":[{"width":750,"height":500,"url":"https:\/\/www.pressenza.com\/wp-content\/uploads\/2018\/06\/conquista-tiempo-historico.jpg","type":"image\/jpeg"}],"author":"ivan novotny","twitter_card":"summary_large_image","twitter_creator":"@ivanovotny","twitter_site":"@PressenzaIPA","twitter_misc":{"\u00c9crit par":"ivan novotny","Dur\u00e9e de lecture estim\u00e9e":"2 minutes"},"schema":{"@context":"https:\/\/schema.org","@graph":[{"@type":"Article","@id":"https:\/\/www.pressenza.com\/fr\/2018\/06\/conquete-a-temps-historique\/#article","isPartOf":{"@id":"https:\/\/www.pressenza.com\/fr\/2018\/06\/conquete-a-temps-historique\/"},"author":{"name":"ivan novotny","@id":"https:\/\/www.pressenza.com\/fr\/#\/schema\/person\/074b2cdde387af1b7a93f788a03ec37a"},"headline":"Chaque conqu\u00eate a son temps historique","datePublished":"2018-06-18T21:30:57+00:00","dateModified":"2018-06-18T22:12:35+00:00","mainEntityOfPage":{"@id":"https:\/\/www.pressenza.com\/fr\/2018\/06\/conquete-a-temps-historique\/"},"wordCount":395,"publisher":{"@id":"https:\/\/www.pressenza.com\/fr\/#organization"},"image":{"@id":"https:\/\/www.pressenza.com\/fr\/2018\/06\/conquete-a-temps-historique\/#primaryimage"},"thumbnailUrl":"https:\/\/www.pressenza.com\/wp-content\/uploads\/2018\/06\/conquista-tiempo-historico.jpg","keywords":["Argentine","avortement l\u00e9gal","conqu\u00eates","droits","interruption volontaire de grossesse","peuples"],"articleSection":["Am\u00e9rique du Sud","Contenu Original","Droits humains","Opinion"],"inLanguage":"fr-FR"},{"@type":"WebPage","@id":"https:\/\/www.pressenza.com\/fr\/2018\/06\/conquete-a-temps-historique\/","url":"https:\/\/www.pressenza.com\/fr\/2018\/06\/conquete-a-temps-historique\/","name":"Chaque conqu\u00eate a son temps historique","isPartOf":{"@id":"https:\/\/www.pressenza.com\/fr\/#website"},"primaryImageOfPage":{"@id":"https:\/\/www.pressenza.com\/fr\/2018\/06\/conquete-a-temps-historique\/#primaryimage"},"image":{"@id":"https:\/\/www.pressenza.com\/fr\/2018\/06\/conquete-a-temps-historique\/#primaryimage"},"thumbnailUrl":"https:\/\/www.pressenza.com\/wp-content\/uploads\/2018\/06\/conquista-tiempo-historico.jpg","datePublished":"2018-06-18T21:30:57+00:00","dateModified":"2018-06-18T22:12:35+00:00","description":"Et le temps historique est venu de l'avortement l\u00e9gal, s\u00fbr et gratuit, afin qu'\u00e0 l'avenir, des milliers de jeunes filles et de femmes ne meurent plus","breadcrumb":{"@id":"https:\/\/www.pressenza.com\/fr\/2018\/06\/conquete-a-temps-historique\/#breadcrumb"},"inLanguage":"fr-FR","potentialAction":[{"@type":"ReadAction","target":["https:\/\/www.pressenza.com\/fr\/2018\/06\/conquete-a-temps-historique\/"]}]},{"@type":"ImageObject","inLanguage":"fr-FR","@id":"https:\/\/www.pressenza.com\/fr\/2018\/06\/conquete-a-temps-historique\/#primaryimage","url":"https:\/\/www.pressenza.com\/wp-content\/uploads\/2018\/06\/conquista-tiempo-historico.jpg","contentUrl":"https:\/\/www.pressenza.com\/wp-content\/uploads\/2018\/06\/conquista-tiempo-historico.jpg","width":750,"height":500},{"@type":"BreadcrumbList","@id":"https:\/\/www.pressenza.com\/fr\/2018\/06\/conquete-a-temps-historique\/#breadcrumb","itemListElement":[{"@type":"ListItem","position":1,"name":"Accueil","item":"https:\/\/www.pressenza.com\/fr\/"},{"@type":"ListItem","position":2,"name":"Chaque conqu\u00eate a son temps historique"}]},{"@type":"WebSite","@id":"https:\/\/www.pressenza.com\/fr\/#website","url":"https:\/\/www.pressenza.com\/fr\/","name":"Pressenza","description":"International Press Agency","publisher":{"@id":"https:\/\/www.pressenza.com\/fr\/#organization"},"potentialAction":[{"@type":"SearchAction","target":{"@type":"EntryPoint","urlTemplate":"https:\/\/www.pressenza.com\/fr\/?s={search_term_string}"},"query-input":{"@type":"PropertyValueSpecification","valueRequired":true,"valueName":"search_term_string"}}],"inLanguage":"fr-FR"},{"@type":"Organization","@id":"https:\/\/www.pressenza.com\/fr\/#organization","name":"Pressenza","url":"https:\/\/www.pressenza.com\/fr\/","logo":{"@type":"ImageObject","inLanguage":"fr-FR","@id":"https:\/\/www.pressenza.com\/fr\/#\/schema\/logo\/image\/","url":"https:\/\/www.pressenza.com\/wp-content\/uploads\/2022\/10\/pressenza_logo_200x200.jpg","contentUrl":"https:\/\/www.pressenza.com\/wp-content\/uploads\/2022\/10\/pressenza_logo_200x200.jpg","width":200,"height":200,"caption":"Pressenza"},"image":{"@id":"https:\/\/www.pressenza.com\/fr\/#\/schema\/logo\/image\/"},"sameAs":["https:\/\/www.facebook.com\/PressenzaItalia","https:\/\/x.com\/PressenzaIPA"]},{"@type":"Person","@id":"https:\/\/www.pressenza.com\/fr\/#\/schema\/person\/074b2cdde387af1b7a93f788a03ec37a","name":"ivan novotny","description":"A graduate in Communication Science from the University of Buenos Aires.","sameAs":["https:\/\/www.instagram.com\/inovotny","https:\/\/x.com\/ivanovotny"],"url":"https:\/\/www.pressenza.com\/fr\/author\/ivan-novotny\/"}]}},"place":"Buenos Aires, Argentine","original_article_url":"","_links":{"self":[{"href":"https:\/\/www.pressenza.com\/fr\/wp-json\/wp\/v2\/posts\/659928","targetHints":{"allow":["GET"]}}],"collection":[{"href":"https:\/\/www.pressenza.com\/fr\/wp-json\/wp\/v2\/posts"}],"about":[{"href":"https:\/\/www.pressenza.com\/fr\/wp-json\/wp\/v2\/types\/post"}],"author":[{"embeddable":true,"href":"https:\/\/www.pressenza.com\/fr\/wp-json\/wp\/v2\/users\/20"}],"replies":[{"embeddable":true,"href":"https:\/\/www.pressenza.com\/fr\/wp-json\/wp\/v2\/comments?post=659928"}],"version-history":[{"count":0,"href":"https:\/\/www.pressenza.com\/fr\/wp-json\/wp\/v2\/posts\/659928\/revisions"}],"wp:featuredmedia":[{"embeddable":true,"href":"https:\/\/www.pressenza.com\/fr\/wp-json\/wp\/v2\/media\/660071"}],"wp:attachment":[{"href":"https:\/\/www.pressenza.com\/fr\/wp-json\/wp\/v2\/media?parent=659928"}],"wp:term":[{"taxonomy":"category","embeddable":true,"href":"https:\/\/www.pressenza.com\/fr\/wp-json\/wp\/v2\/categories?post=659928"},{"taxonomy":"post_tag","embeddable":true,"href":"https:\/\/www.pressenza.com\/fr\/wp-json\/wp\/v2\/tags?post=659928"}],"curies":[{"name":"wp","href":"https:\/\/api.w.org\/{rel}","templated":true}]}}