{"id":658823,"date":"2018-06-16T23:19:23","date_gmt":"2018-06-16T22:19:23","guid":{"rendered":"https:\/\/www.pressenza.com\/?p=658823"},"modified":"2018-09-02T14:12:21","modified_gmt":"2018-09-02T13:12:21","slug":"temoignage-bateau-aquarius","status":"publish","type":"post","link":"https:\/\/www.pressenza.com\/fr\/2018\/06\/temoignage-bateau-aquarius\/","title":{"rendered":"T\u00e9moignage depuis le bateau Aquarius"},"content":{"rendered":"<p>Voici l&rsquo;histoire d&rsquo;Alessandro Porro, un volontaire de l&rsquo;\u00e9quipe SAR (Search and Rescue) \u00e0 bord du bateau Aquarius\u00a0 (NDT. Navire de recherche et de sauvetage) de <a href=\"https:\/\/www.facebook.com\/sosmeditalia\/?fref=mentions\">SOS MEDITERRANEE Italia<\/a>.<\/p>\n<p>L&rsquo;Aquarius se trouve face au Golfe d&rsquo;Orosei. La mer est calme et le vent est faible. Beaucoup de gens sur le pont regardent la Sardaigne. Au fond, il y a ceux qui dorment, ceux qui lavent les v\u00eatements et ceux qui jouent aux dames sur un \u00e9chiquier construit par eux-m\u00eames. La situation semble plus calme que ces derniers jours, m\u00eame si les personnes touch\u00e9es sont \u00e9puis\u00e9es. Beaucoup de gens n&rsquo;arr\u00eatent pas de demander \u00ab\u00a0quand est-ce qu&rsquo;on y arrivera ?\u00a0\u00bb Je suis en mer depuis 6 jours. Un en bateau pneumatique et 5 dans l&rsquo;Aquarius. Et d&rsquo;abord, pendant des mois dans des centres de d\u00e9tention en Libye. Les m\u00e9diateurs culturels essaient de comprendre ce qu&rsquo;ils ont v\u00e9cu. Ces gens parlent d&rsquo;enl\u00e8vements, de viols et de torture. L&rsquo;un d&rsquo;entre eux, \u00e2g\u00e9 de 18 ans, nous a racont\u00e9 la nuit o\u00f9 nous l&rsquo;avons aid\u00e9 samedi dernier.<\/p>\n<p>\u00ab\u00a0Nous \u00e9tions 135 dans le bateau pneumatique. Il faisait compl\u00e8tement obscur quand nous sommes partis. Aucun d&rsquo;entre nous n&rsquo;avait un gilet de sauvetage. Ils voulaient beaucoup d&rsquo;argent de notre part, personne n&rsquo;en avait assez. Nous avons pass\u00e9 au moins 24 heures en mer avant d&rsquo;\u00eatre secourus par vous. Avant leur arriv\u00e9e, le bateau \u00e9tait presque plein d&rsquo;eau, j&rsquo;ai eu peur. Quand j&rsquo;ai fini dans l&rsquo;eau, il faisait froid et j&rsquo;\u00e9tais compl\u00e8tement nu. Les gens autour de moi s&rsquo;accrocheraient \u00e0 n&rsquo;importe quoi. J&rsquo;ai d\u00fb me battre pour obtenir un gilet de sauvetage lorsqu&rsquo;ils ont \u00e9t\u00e9 jet\u00e9s \u00e0 l&rsquo;eau. Apr\u00e8s un certain temps, j&rsquo;ai r\u00e9ussi \u00e0 en obtenir un. Puis ils m&rsquo;ont sorti de l&rsquo;eau et m&rsquo;ont emmen\u00e9 chez le m\u00e9decin. Je suis reconnaissant \u00e0 tout le monde sur ce bateau.\u00a0\u00bb<\/p>\n<p><strong>NDE :<\/strong><\/p>\n<p>N\u00e9e le 21 mars 2017 \u00e0 bord de l\u2019Aquarius, l&rsquo;histoire de la petite Mercy a inspir\u00e9 le groupe Madame Monsieur.\u00a0 (Source : <a href=\"https:\/\/www.youtube.com\/channel\/UC99KX8SnBjm7TAkmBd3JO3w\">SOS M\u00e9diterran\u00e9e France)<\/a><\/p>\n<p><iframe loading=\"lazy\" title=\"#Eurovision Clip &quot;Mercy&quot; de #MadameMonsieur\" width=\"500\" height=\"281\" src=\"https:\/\/www.youtube.com\/embed\/kngRqMhmi2c?feature=oembed\" frameborder=\"0\" allow=\"accelerometer; autoplay; clipboard-write; encrypted-media; gyroscope; picture-in-picture; web-share\" referrerpolicy=\"strict-origin-when-cross-origin\" allowfullscreen><\/iframe><\/p>\n","protected":false},"excerpt":{"rendered":"<p>Voici l&rsquo;histoire d&rsquo;Alessandro Porro, un volontaire de l&rsquo;\u00e9quipe SAR (Search and Rescue) \u00e0 bord du bateau Aquarius\u00a0 (NDT. Navire de recherche et de sauvetage) de SOS MEDITERRANEE Italia. L&rsquo;Aquarius se trouve face au Golfe d&rsquo;Orosei. La mer est calme et&hellip;<\/p>\n","protected":false},"author":594,"featured_media":658176,"comment_status":"closed","ping_status":"closed","sticky":false,"template":"","format":"standard","meta":{"footnotes":""},"categories":[83,98,85],"tags":[47104,49476,1527,1202,7833,49475,49477],"class_list":["post-658823","post","type-post","status-publish","format-standard","has-post-thumbnail","hentry","category-africa-fr","category-droits-de-lhomme","category-europe-fr","tag-bateau-aquarius","tag-groupe-madame-monsieu","tag-italie","tag-libye","tag-migrants-fr","tag-petite-mercy","tag-sos-mediterranee-france"],"yoast_head":"<!-- This site is optimized with the Yoast SEO plugin v27.1.1 - https:\/\/yoast.com\/product\/yoast-seo-wordpress\/ -->\n<title>T\u00e9moignage depuis le bateau Aquarius<\/title>\n<meta name=\"description\" content=\"Voici l&#039;histoire d&#039;Alessandro Porro, un volontaire de l&#039;\u00e9quipe SAR (Search and Rescue) \u00e0 bord du bateau Aquarius\u00a0 (NDT. Navire de recherche et de\" \/>\n<meta name=\"robots\" content=\"index, follow, max-snippet:-1, max-image-preview:large, max-video-preview:-1\" \/>\n<link rel=\"canonical\" href=\"https:\/\/www.pressenza.com\/fr\/2018\/06\/temoignage-bateau-aquarius\/\" \/>\n<meta property=\"og:locale\" content=\"fr_FR\" \/>\n<meta property=\"og:type\" content=\"article\" \/>\n<meta property=\"og:title\" content=\"T\u00e9moignage depuis le bateau Aquarius\" \/>\n<meta property=\"og:description\" content=\"Voici l&#039;histoire d&#039;Alessandro Porro, un volontaire de l&#039;\u00e9quipe SAR (Search and Rescue) \u00e0 bord du bateau Aquarius\u00a0 (NDT. Navire de recherche et de\" \/>\n<meta property=\"og:url\" content=\"https:\/\/www.pressenza.com\/fr\/2018\/06\/temoignage-bateau-aquarius\/\" \/>\n<meta property=\"og:site_name\" content=\"Pressenza\" \/>\n<meta property=\"article:publisher\" content=\"https:\/\/www.facebook.com\/PressenzaItalia\" \/>\n<meta property=\"article:author\" content=\"https:\/\/www.facebook.com\/PressenzaItalia\" \/>\n<meta property=\"article:published_time\" content=\"2018-06-16T22:19:23+00:00\" \/>\n<meta property=\"article:modified_time\" content=\"2018-09-02T13:12:21+00:00\" \/>\n<meta property=\"og:image\" content=\"https:\/\/www.pressenza.com\/wp-content\/uploads\/2018\/06\/Aquarius-1.jpg\" \/>\n\t<meta property=\"og:image:width\" content=\"2048\" \/>\n\t<meta property=\"og:image:height\" content=\"1365\" \/>\n\t<meta property=\"og:image:type\" content=\"image\/jpeg\" \/>\n<meta name=\"author\" content=\"Redazione Italia\" \/>\n<meta name=\"twitter:card\" content=\"summary_large_image\" \/>\n<meta name=\"twitter:creator\" content=\"@pressenza_it\" \/>\n<meta name=\"twitter:site\" content=\"@PressenzaIPA\" \/>\n<meta name=\"twitter:label1\" content=\"\u00c9crit par\" \/>\n\t<meta name=\"twitter:data1\" content=\"Redazione Italia\" \/>\n\t<meta name=\"twitter:label2\" content=\"Dur\u00e9e de lecture estim\u00e9e\" \/>\n\t<meta name=\"twitter:data2\" content=\"2 minutes\" \/>\n<script type=\"application\/ld+json\" class=\"yoast-schema-graph\">{\"@context\":\"https:\/\/schema.org\",\"@graph\":[{\"@type\":\"Article\",\"@id\":\"https:\/\/www.pressenza.com\/fr\/2018\/06\/temoignage-bateau-aquarius\/#article\",\"isPartOf\":{\"@id\":\"https:\/\/www.pressenza.com\/fr\/2018\/06\/temoignage-bateau-aquarius\/\"},\"author\":{\"name\":\"Redazione Italia\",\"@id\":\"https:\/\/www.pressenza.com\/fr\/#\/schema\/person\/d983e81827ae24f2c7b1a2123d197f8d\"},\"headline\":\"T\u00e9moignage depuis le bateau Aquarius\",\"datePublished\":\"2018-06-16T22:19:23+00:00\",\"dateModified\":\"2018-09-02T13:12:21+00:00\",\"mainEntityOfPage\":{\"@id\":\"https:\/\/www.pressenza.com\/fr\/2018\/06\/temoignage-bateau-aquarius\/\"},\"wordCount\":380,\"publisher\":{\"@id\":\"https:\/\/www.pressenza.com\/fr\/#organization\"},\"image\":{\"@id\":\"https:\/\/www.pressenza.com\/fr\/2018\/06\/temoignage-bateau-aquarius\/#primaryimage\"},\"thumbnailUrl\":\"https:\/\/www.pressenza.com\/wp-content\/uploads\/2018\/06\/Aquarius-1.jpg\",\"keywords\":[\"bateau Aquarius\",\"groupe Madame Monsieu\",\"Italie\",\"Libye\",\"Migrants\",\"petite Mercy\",\"SOS M\u00e9diterran\u00e9e France\"],\"articleSection\":[\"Afrique\",\"Droits humains\",\"Europe\"],\"inLanguage\":\"fr-FR\"},{\"@type\":\"WebPage\",\"@id\":\"https:\/\/www.pressenza.com\/fr\/2018\/06\/temoignage-bateau-aquarius\/\",\"url\":\"https:\/\/www.pressenza.com\/fr\/2018\/06\/temoignage-bateau-aquarius\/\",\"name\":\"T\u00e9moignage depuis le bateau Aquarius\",\"isPartOf\":{\"@id\":\"https:\/\/www.pressenza.com\/fr\/#website\"},\"primaryImageOfPage\":{\"@id\":\"https:\/\/www.pressenza.com\/fr\/2018\/06\/temoignage-bateau-aquarius\/#primaryimage\"},\"image\":{\"@id\":\"https:\/\/www.pressenza.com\/fr\/2018\/06\/temoignage-bateau-aquarius\/#primaryimage\"},\"thumbnailUrl\":\"https:\/\/www.pressenza.com\/wp-content\/uploads\/2018\/06\/Aquarius-1.jpg\",\"datePublished\":\"2018-06-16T22:19:23+00:00\",\"dateModified\":\"2018-09-02T13:12:21+00:00\",\"description\":\"Voici l'histoire d'Alessandro Porro, un volontaire de l'\u00e9quipe SAR (Search and Rescue) \u00e0 bord du bateau Aquarius\u00a0 (NDT. Navire de recherche et de\",\"breadcrumb\":{\"@id\":\"https:\/\/www.pressenza.com\/fr\/2018\/06\/temoignage-bateau-aquarius\/#breadcrumb\"},\"inLanguage\":\"fr-FR\",\"potentialAction\":[{\"@type\":\"ReadAction\",\"target\":[\"https:\/\/www.pressenza.com\/fr\/2018\/06\/temoignage-bateau-aquarius\/\"]}]},{\"@type\":\"ImageObject\",\"inLanguage\":\"fr-FR\",\"@id\":\"https:\/\/www.pressenza.com\/fr\/2018\/06\/temoignage-bateau-aquarius\/#primaryimage\",\"url\":\"https:\/\/www.pressenza.com\/wp-content\/uploads\/2018\/06\/Aquarius-1.jpg\",\"contentUrl\":\"https:\/\/www.pressenza.com\/wp-content\/uploads\/2018\/06\/Aquarius-1.jpg\",\"width\":2048,\"height\":1365},{\"@type\":\"BreadcrumbList\",\"@id\":\"https:\/\/www.pressenza.com\/fr\/2018\/06\/temoignage-bateau-aquarius\/#breadcrumb\",\"itemListElement\":[{\"@type\":\"ListItem\",\"position\":1,\"name\":\"Accueil\",\"item\":\"https:\/\/www.pressenza.com\/fr\/\"},{\"@type\":\"ListItem\",\"position\":2,\"name\":\"T\u00e9moignage depuis le bateau Aquarius\"}]},{\"@type\":\"WebSite\",\"@id\":\"https:\/\/www.pressenza.com\/fr\/#website\",\"url\":\"https:\/\/www.pressenza.com\/fr\/\",\"name\":\"Pressenza\",\"description\":\"International Press Agency\",\"publisher\":{\"@id\":\"https:\/\/www.pressenza.com\/fr\/#organization\"},\"potentialAction\":[{\"@type\":\"SearchAction\",\"target\":{\"@type\":\"EntryPoint\",\"urlTemplate\":\"https:\/\/www.pressenza.com\/fr\/?s={search_term_string}\"},\"query-input\":{\"@type\":\"PropertyValueSpecification\",\"valueRequired\":true,\"valueName\":\"search_term_string\"}}],\"inLanguage\":\"fr-FR\"},{\"@type\":\"Organization\",\"@id\":\"https:\/\/www.pressenza.com\/fr\/#organization\",\"name\":\"Pressenza\",\"url\":\"https:\/\/www.pressenza.com\/fr\/\",\"logo\":{\"@type\":\"ImageObject\",\"inLanguage\":\"fr-FR\",\"@id\":\"https:\/\/www.pressenza.com\/fr\/#\/schema\/logo\/image\/\",\"url\":\"https:\/\/www.pressenza.com\/wp-content\/uploads\/2022\/10\/pressenza_logo_200x200.jpg\",\"contentUrl\":\"https:\/\/www.pressenza.com\/wp-content\/uploads\/2022\/10\/pressenza_logo_200x200.jpg\",\"width\":200,\"height\":200,\"caption\":\"Pressenza\"},\"image\":{\"@id\":\"https:\/\/www.pressenza.com\/fr\/#\/schema\/logo\/image\/\"},\"sameAs\":[\"https:\/\/www.facebook.com\/PressenzaItalia\",\"https:\/\/x.com\/PressenzaIPA\"]},{\"@type\":\"Person\",\"@id\":\"https:\/\/www.pressenza.com\/fr\/#\/schema\/person\/d983e81827ae24f2c7b1a2123d197f8d\",\"name\":\"Redazione Italia\",\"description\":\"News from the Pressenza Bureau in Italy\",\"sameAs\":[\"https:\/\/www.pressenza.com\/it\/author\/redazione-italia\/\",\"https:\/\/www.facebook.com\/PressenzaItalia\",\"https:\/\/www.instagram.com\/pressenza_italia\/\",\"https:\/\/x.com\/pressenza_it\",\"https:\/\/www.youtube.com\/channel\/UCSalEIWjE1RSxkwjfftFuqg\"],\"url\":\"https:\/\/www.pressenza.com\/fr\/author\/redazione-italia\/\"}]}<\/script>\n<!-- \/ Yoast SEO plugin. -->","yoast_head_json":{"title":"T\u00e9moignage depuis le bateau Aquarius","description":"Voici l'histoire d'Alessandro Porro, un volontaire de l'\u00e9quipe SAR (Search and Rescue) \u00e0 bord du bateau Aquarius\u00a0 (NDT. Navire de recherche et de","robots":{"index":"index","follow":"follow","max-snippet":"max-snippet:-1","max-image-preview":"max-image-preview:large","max-video-preview":"max-video-preview:-1"},"canonical":"https:\/\/www.pressenza.com\/fr\/2018\/06\/temoignage-bateau-aquarius\/","og_locale":"fr_FR","og_type":"article","og_title":"T\u00e9moignage depuis le bateau Aquarius","og_description":"Voici l'histoire d'Alessandro Porro, un volontaire de l'\u00e9quipe SAR (Search and Rescue) \u00e0 bord du bateau Aquarius\u00a0 (NDT. Navire de recherche et de","og_url":"https:\/\/www.pressenza.com\/fr\/2018\/06\/temoignage-bateau-aquarius\/","og_site_name":"Pressenza","article_publisher":"https:\/\/www.facebook.com\/PressenzaItalia","article_author":"https:\/\/www.facebook.com\/PressenzaItalia","article_published_time":"2018-06-16T22:19:23+00:00","article_modified_time":"2018-09-02T13:12:21+00:00","og_image":[{"width":2048,"height":1365,"url":"https:\/\/www.pressenza.com\/wp-content\/uploads\/2018\/06\/Aquarius-1.jpg","type":"image\/jpeg"}],"author":"Redazione Italia","twitter_card":"summary_large_image","twitter_creator":"@pressenza_it","twitter_site":"@PressenzaIPA","twitter_misc":{"\u00c9crit par":"Redazione Italia","Dur\u00e9e de lecture estim\u00e9e":"2 minutes"},"schema":{"@context":"https:\/\/schema.org","@graph":[{"@type":"Article","@id":"https:\/\/www.pressenza.com\/fr\/2018\/06\/temoignage-bateau-aquarius\/#article","isPartOf":{"@id":"https:\/\/www.pressenza.com\/fr\/2018\/06\/temoignage-bateau-aquarius\/"},"author":{"name":"Redazione Italia","@id":"https:\/\/www.pressenza.com\/fr\/#\/schema\/person\/d983e81827ae24f2c7b1a2123d197f8d"},"headline":"T\u00e9moignage depuis le bateau Aquarius","datePublished":"2018-06-16T22:19:23+00:00","dateModified":"2018-09-02T13:12:21+00:00","mainEntityOfPage":{"@id":"https:\/\/www.pressenza.com\/fr\/2018\/06\/temoignage-bateau-aquarius\/"},"wordCount":380,"publisher":{"@id":"https:\/\/www.pressenza.com\/fr\/#organization"},"image":{"@id":"https:\/\/www.pressenza.com\/fr\/2018\/06\/temoignage-bateau-aquarius\/#primaryimage"},"thumbnailUrl":"https:\/\/www.pressenza.com\/wp-content\/uploads\/2018\/06\/Aquarius-1.jpg","keywords":["bateau Aquarius","groupe Madame Monsieu","Italie","Libye","Migrants","petite Mercy","SOS M\u00e9diterran\u00e9e France"],"articleSection":["Afrique","Droits humains","Europe"],"inLanguage":"fr-FR"},{"@type":"WebPage","@id":"https:\/\/www.pressenza.com\/fr\/2018\/06\/temoignage-bateau-aquarius\/","url":"https:\/\/www.pressenza.com\/fr\/2018\/06\/temoignage-bateau-aquarius\/","name":"T\u00e9moignage depuis le bateau Aquarius","isPartOf":{"@id":"https:\/\/www.pressenza.com\/fr\/#website"},"primaryImageOfPage":{"@id":"https:\/\/www.pressenza.com\/fr\/2018\/06\/temoignage-bateau-aquarius\/#primaryimage"},"image":{"@id":"https:\/\/www.pressenza.com\/fr\/2018\/06\/temoignage-bateau-aquarius\/#primaryimage"},"thumbnailUrl":"https:\/\/www.pressenza.com\/wp-content\/uploads\/2018\/06\/Aquarius-1.jpg","datePublished":"2018-06-16T22:19:23+00:00","dateModified":"2018-09-02T13:12:21+00:00","description":"Voici l'histoire d'Alessandro Porro, un volontaire de l'\u00e9quipe SAR (Search and Rescue) \u00e0 bord du bateau Aquarius\u00a0 (NDT. Navire de recherche et de","breadcrumb":{"@id":"https:\/\/www.pressenza.com\/fr\/2018\/06\/temoignage-bateau-aquarius\/#breadcrumb"},"inLanguage":"fr-FR","potentialAction":[{"@type":"ReadAction","target":["https:\/\/www.pressenza.com\/fr\/2018\/06\/temoignage-bateau-aquarius\/"]}]},{"@type":"ImageObject","inLanguage":"fr-FR","@id":"https:\/\/www.pressenza.com\/fr\/2018\/06\/temoignage-bateau-aquarius\/#primaryimage","url":"https:\/\/www.pressenza.com\/wp-content\/uploads\/2018\/06\/Aquarius-1.jpg","contentUrl":"https:\/\/www.pressenza.com\/wp-content\/uploads\/2018\/06\/Aquarius-1.jpg","width":2048,"height":1365},{"@type":"BreadcrumbList","@id":"https:\/\/www.pressenza.com\/fr\/2018\/06\/temoignage-bateau-aquarius\/#breadcrumb","itemListElement":[{"@type":"ListItem","position":1,"name":"Accueil","item":"https:\/\/www.pressenza.com\/fr\/"},{"@type":"ListItem","position":2,"name":"T\u00e9moignage depuis le bateau Aquarius"}]},{"@type":"WebSite","@id":"https:\/\/www.pressenza.com\/fr\/#website","url":"https:\/\/www.pressenza.com\/fr\/","name":"Pressenza","description":"International Press Agency","publisher":{"@id":"https:\/\/www.pressenza.com\/fr\/#organization"},"potentialAction":[{"@type":"SearchAction","target":{"@type":"EntryPoint","urlTemplate":"https:\/\/www.pressenza.com\/fr\/?s={search_term_string}"},"query-input":{"@type":"PropertyValueSpecification","valueRequired":true,"valueName":"search_term_string"}}],"inLanguage":"fr-FR"},{"@type":"Organization","@id":"https:\/\/www.pressenza.com\/fr\/#organization","name":"Pressenza","url":"https:\/\/www.pressenza.com\/fr\/","logo":{"@type":"ImageObject","inLanguage":"fr-FR","@id":"https:\/\/www.pressenza.com\/fr\/#\/schema\/logo\/image\/","url":"https:\/\/www.pressenza.com\/wp-content\/uploads\/2022\/10\/pressenza_logo_200x200.jpg","contentUrl":"https:\/\/www.pressenza.com\/wp-content\/uploads\/2022\/10\/pressenza_logo_200x200.jpg","width":200,"height":200,"caption":"Pressenza"},"image":{"@id":"https:\/\/www.pressenza.com\/fr\/#\/schema\/logo\/image\/"},"sameAs":["https:\/\/www.facebook.com\/PressenzaItalia","https:\/\/x.com\/PressenzaIPA"]},{"@type":"Person","@id":"https:\/\/www.pressenza.com\/fr\/#\/schema\/person\/d983e81827ae24f2c7b1a2123d197f8d","name":"Redazione Italia","description":"News from the Pressenza Bureau in Italy","sameAs":["https:\/\/www.pressenza.com\/it\/author\/redazione-italia\/","https:\/\/www.facebook.com\/PressenzaItalia","https:\/\/www.instagram.com\/pressenza_italia\/","https:\/\/x.com\/pressenza_it","https:\/\/www.youtube.com\/channel\/UCSalEIWjE1RSxkwjfftFuqg"],"url":"https:\/\/www.pressenza.com\/fr\/author\/redazione-italia\/"}]}},"place":"Golfe d'Orosei, Italie","original_article_url":"","_links":{"self":[{"href":"https:\/\/www.pressenza.com\/fr\/wp-json\/wp\/v2\/posts\/658823","targetHints":{"allow":["GET"]}}],"collection":[{"href":"https:\/\/www.pressenza.com\/fr\/wp-json\/wp\/v2\/posts"}],"about":[{"href":"https:\/\/www.pressenza.com\/fr\/wp-json\/wp\/v2\/types\/post"}],"author":[{"embeddable":true,"href":"https:\/\/www.pressenza.com\/fr\/wp-json\/wp\/v2\/users\/594"}],"replies":[{"embeddable":true,"href":"https:\/\/www.pressenza.com\/fr\/wp-json\/wp\/v2\/comments?post=658823"}],"version-history":[{"count":0,"href":"https:\/\/www.pressenza.com\/fr\/wp-json\/wp\/v2\/posts\/658823\/revisions"}],"wp:featuredmedia":[{"embeddable":true,"href":"https:\/\/www.pressenza.com\/fr\/wp-json\/wp\/v2\/media\/658176"}],"wp:attachment":[{"href":"https:\/\/www.pressenza.com\/fr\/wp-json\/wp\/v2\/media?parent=658823"}],"wp:term":[{"taxonomy":"category","embeddable":true,"href":"https:\/\/www.pressenza.com\/fr\/wp-json\/wp\/v2\/categories?post=658823"},{"taxonomy":"post_tag","embeddable":true,"href":"https:\/\/www.pressenza.com\/fr\/wp-json\/wp\/v2\/tags?post=658823"}],"curies":[{"name":"wp","href":"https:\/\/api.w.org\/{rel}","templated":true}]}}