{"id":652856,"date":"2018-06-06T00:27:09","date_gmt":"2018-06-05T23:27:09","guid":{"rendered":"https:\/\/www.pressenza.com\/?p=652856"},"modified":"2018-06-06T00:27:09","modified_gmt":"2018-06-05T23:27:09","slug":"marche-paix-a-berlin","status":"publish","type":"post","link":"https:\/\/www.pressenza.com\/fr\/2018\/06\/marche-paix-a-berlin\/","title":{"rendered":"Marche pour la paix \u00e0 Berlin"},"content":{"rendered":"<p><strong>Deuxi\u00e8me marche pour la paix \u00e0 Berlin \u00ab\u00a0Pri\u00e8res des m\u00e8res\u00a0\u00bb avec Yael Deckelbaum.<\/strong><\/p>\n<p>Le mouvement mondial \u00ab\u00a0Women Wage Peace\u00a0\u00bb a d\u00e9but\u00e9 en 2016 dans le but de cr\u00e9er la paix au Moyen-Orient. 4 000 femmes y ont particip\u00e9, dont des Isra\u00e9liennes et des Palestiniennes. Depuis, Yael Deckelbaum a particip\u00e9 \u00e0 de multiples marches pour la paix. Sa chanson \u00ab\u00a0Pri\u00e8re des m\u00e8res\u00a0\u00bb est devenue un hymne \u00e0 la paix.<\/p>\n<p>Des milliers de femmes ont march\u00e9 pour la paix \u00e0 Berlin, de la fontaine Neptune sur Alexanderplatz \u00e0 la Porte de Brandebourg, avec Yael Deckebaum et son groupe international. Le mouvement \u00ab\u00a0Not One Less\u00a0\u00bb \u00e9tait \u00e9galement pr\u00e9sent. La marche a culmin\u00e9 dans la c\u00e9l\u00e8bre Porte de Branderburg.<\/p>\n<p>Texte et photos : Maga Navarrete<\/p>\n<p><a href=\"https:\/\/www.pressenza.com\/wp-content\/uploads\/2018\/06\/marchamaga1.jpg\"><img loading=\"lazy\" decoding=\"async\" class=\"alignleft size-large wp-image-651448\" src=\"https:\/\/www.pressenza.com\/wp-content\/uploads\/2018\/06\/marchamaga1-720x480.jpg\" alt=\"\" width=\"720\" height=\"480\" srcset=\"https:\/\/www.pressenza.com\/wp-content\/uploads\/2018\/06\/marchamaga1-720x480.jpg 720w, https:\/\/www.pressenza.com\/wp-content\/uploads\/2018\/06\/marchamaga1-300x200.jpg 300w, https:\/\/www.pressenza.com\/wp-content\/uploads\/2018\/06\/marchamaga1.jpg 750w\" sizes=\"auto, (max-width: 720px) 100vw, 720px\" \/><\/a><br \/>\n<a href=\"https:\/\/www.pressenza.com\/wp-content\/uploads\/2018\/06\/ferhturmmaga.jpg\"><img loading=\"lazy\" decoding=\"async\" class=\"alignleft size-large wp-image-651457\" src=\"https:\/\/www.pressenza.com\/wp-content\/uploads\/2018\/06\/ferhturmmaga-683x1024.jpg\" alt=\"\" width=\"683\" height=\"1024\" srcset=\"https:\/\/www.pressenza.com\/wp-content\/uploads\/2018\/06\/ferhturmmaga-683x1024.jpg 683w, https:\/\/www.pressenza.com\/wp-content\/uploads\/2018\/06\/ferhturmmaga-200x300.jpg 200w, https:\/\/www.pressenza.com\/wp-content\/uploads\/2018\/06\/ferhturmmaga-768x1152.jpg 768w, https:\/\/www.pressenza.com\/wp-content\/uploads\/2018\/06\/ferhturmmaga.jpg 1365w\" sizes=\"auto, (max-width: 683px) 100vw, 683px\" \/><\/a><\/p>\n<p><a href=\"https:\/\/www.pressenza.com\/wp-content\/uploads\/2018\/06\/IMG_9290.jpg\"><img loading=\"lazy\" decoding=\"async\" class=\"alignleft size-large wp-image-651466\" src=\"https:\/\/www.pressenza.com\/wp-content\/uploads\/2018\/06\/IMG_9290-720x466.jpg\" alt=\"\" width=\"720\" height=\"466\" srcset=\"https:\/\/www.pressenza.com\/wp-content\/uploads\/2018\/06\/IMG_9290-720x466.jpg 720w, https:\/\/www.pressenza.com\/wp-content\/uploads\/2018\/06\/IMG_9290-300x194.jpg 300w, https:\/\/www.pressenza.com\/wp-content\/uploads\/2018\/06\/IMG_9290.jpg 750w\" sizes=\"auto, (max-width: 720px) 100vw, 720px\" \/><\/a><\/p>\n<p>&nbsp;<\/p>\n<p>&nbsp;<\/p>\n<p><a href=\"https:\/\/www.pressenza.com\/wp-content\/uploads\/2018\/06\/marchamaga3.jpg\"><img loading=\"lazy\" decoding=\"async\" class=\"alignleft size-large wp-image-651493\" src=\"https:\/\/www.pressenza.com\/wp-content\/uploads\/2018\/06\/marchamaga3-720x465.jpg\" alt=\"\" width=\"720\" height=\"465\" srcset=\"https:\/\/www.pressenza.com\/wp-content\/uploads\/2018\/06\/marchamaga3-720x465.jpg 720w, https:\/\/www.pressenza.com\/wp-content\/uploads\/2018\/06\/marchamaga3-300x194.jpg 300w, https:\/\/www.pressenza.com\/wp-content\/uploads\/2018\/06\/marchamaga3.jpg 750w\" sizes=\"auto, (max-width: 720px) 100vw, 720px\" \/><\/a><\/p>\n<p><a href=\"https:\/\/www.pressenza.com\/wp-content\/uploads\/2018\/06\/marchamaga10.jpg\"><img loading=\"lazy\" decoding=\"async\" class=\"alignleft size-large wp-image-651502\" src=\"https:\/\/www.pressenza.com\/wp-content\/uploads\/2018\/06\/marchamaga10-720x480.jpg\" alt=\"\" width=\"720\" height=\"480\" srcset=\"https:\/\/www.pressenza.com\/wp-content\/uploads\/2018\/06\/marchamaga10-720x480.jpg 720w, https:\/\/www.pressenza.com\/wp-content\/uploads\/2018\/06\/marchamaga10-300x200.jpg 300w, https:\/\/www.pressenza.com\/wp-content\/uploads\/2018\/06\/marchamaga10.jpg 750w\" sizes=\"auto, (max-width: 720px) 100vw, 720px\" \/><\/a><\/p>\n<p>&nbsp;<\/p>\n<p><a href=\"https:\/\/www.pressenza.com\/wp-content\/uploads\/2018\/06\/marchmaga.jpg\"><img loading=\"lazy\" decoding=\"async\" class=\"alignleft size-large wp-image-651520\" src=\"https:\/\/www.pressenza.com\/wp-content\/uploads\/2018\/06\/marchmaga-720x430.jpg\" alt=\"\" width=\"720\" height=\"430\" srcset=\"https:\/\/www.pressenza.com\/wp-content\/uploads\/2018\/06\/marchmaga-720x430.jpg 720w, https:\/\/www.pressenza.com\/wp-content\/uploads\/2018\/06\/marchmaga-300x179.jpg 300w, https:\/\/www.pressenza.com\/wp-content\/uploads\/2018\/06\/marchmaga-768x459.jpg 768w, https:\/\/www.pressenza.com\/wp-content\/uploads\/2018\/06\/marchmaga.jpg 770w\" sizes=\"auto, (max-width: 720px) 100vw, 720px\" \/><\/a><\/p>\n<p><a href=\"https:\/\/www.pressenza.com\/wp-content\/uploads\/2018\/06\/marchmaga2.jpg\"><img loading=\"lazy\" decoding=\"async\" class=\"alignleft size-large wp-image-651529\" src=\"https:\/\/www.pressenza.com\/wp-content\/uploads\/2018\/06\/marchmaga2-720x423.jpg\" alt=\"\" width=\"720\" height=\"423\" srcset=\"https:\/\/www.pressenza.com\/wp-content\/uploads\/2018\/06\/marchmaga2-720x423.jpg 720w, https:\/\/www.pressenza.com\/wp-content\/uploads\/2018\/06\/marchmaga2-300x176.jpg 300w, https:\/\/www.pressenza.com\/wp-content\/uploads\/2018\/06\/marchmaga2.jpg 750w\" sizes=\"auto, (max-width: 720px) 100vw, 720px\" \/><\/a><\/p>\n<p><a href=\"https:\/\/www.pressenza.com\/wp-content\/uploads\/2018\/06\/marchmaga4.jpg\"><img loading=\"lazy\" decoding=\"async\" class=\"alignleft size-large wp-image-651538\" src=\"https:\/\/www.pressenza.com\/wp-content\/uploads\/2018\/06\/marchmaga4-720x520.jpg\" alt=\"\" width=\"720\" height=\"520\" srcset=\"https:\/\/www.pressenza.com\/wp-content\/uploads\/2018\/06\/marchmaga4-720x520.jpg 720w, https:\/\/www.pressenza.com\/wp-content\/uploads\/2018\/06\/marchmaga4-300x217.jpg 300w, https:\/\/www.pressenza.com\/wp-content\/uploads\/2018\/06\/marchmaga4.jpg 750w\" sizes=\"auto, (max-width: 720px) 100vw, 720px\" \/><\/a><\/p>\n<p><a href=\"https:\/\/www.pressenza.com\/wp-content\/uploads\/2018\/06\/marchmaga5.jpg\"><img loading=\"lazy\" decoding=\"async\" class=\"alignleft size-large wp-image-651547\" src=\"https:\/\/www.pressenza.com\/wp-content\/uploads\/2018\/06\/marchmaga5-720x408.jpg\" alt=\"\" width=\"720\" height=\"408\" srcset=\"https:\/\/www.pressenza.com\/wp-content\/uploads\/2018\/06\/marchmaga5-720x408.jpg 720w, https:\/\/www.pressenza.com\/wp-content\/uploads\/2018\/06\/marchmaga5-300x170.jpg 300w, https:\/\/www.pressenza.com\/wp-content\/uploads\/2018\/06\/marchmaga5.jpg 750w\" sizes=\"auto, (max-width: 720px) 100vw, 720px\" \/><\/a><\/p>\n<p><a href=\"https:\/\/www.pressenza.com\/wp-content\/uploads\/2018\/06\/marchmaga6.jpg\"><img loading=\"lazy\" decoding=\"async\" class=\"alignleft size-large wp-image-651556\" src=\"https:\/\/www.pressenza.com\/wp-content\/uploads\/2018\/06\/marchmaga6-720x480.jpg\" alt=\"\" width=\"720\" height=\"480\" srcset=\"https:\/\/www.pressenza.com\/wp-content\/uploads\/2018\/06\/marchmaga6-720x480.jpg 720w, https:\/\/www.pressenza.com\/wp-content\/uploads\/2018\/06\/marchmaga6-300x200.jpg 300w, https:\/\/www.pressenza.com\/wp-content\/uploads\/2018\/06\/marchmaga6.jpg 750w\" sizes=\"auto, (max-width: 720px) 100vw, 720px\" \/><\/a><\/p>\n<p><a href=\"https:\/\/www.pressenza.com\/wp-content\/uploads\/2018\/06\/marchmaga7.jpg\"><img loading=\"lazy\" decoding=\"async\" class=\"alignleft size-large wp-image-651565\" src=\"https:\/\/www.pressenza.com\/wp-content\/uploads\/2018\/06\/marchmaga7-720x480.jpg\" alt=\"\" width=\"720\" height=\"480\" srcset=\"https:\/\/www.pressenza.com\/wp-content\/uploads\/2018\/06\/marchmaga7-720x480.jpg 720w, https:\/\/www.pressenza.com\/wp-content\/uploads\/2018\/06\/marchmaga7-300x200.jpg 300w, https:\/\/www.pressenza.com\/wp-content\/uploads\/2018\/06\/marchmaga7.jpg 750w\" sizes=\"auto, (max-width: 720px) 100vw, 720px\" \/><\/a><\/p>\n<p><a href=\"https:\/\/www.pressenza.com\/wp-content\/uploads\/2018\/06\/marchmaga9.jpg\"><img loading=\"lazy\" decoding=\"async\" class=\"alignleft size-large wp-image-651574\" src=\"https:\/\/www.pressenza.com\/wp-content\/uploads\/2018\/06\/marchmaga9-720x466.jpg\" alt=\"\" width=\"720\" height=\"466\" srcset=\"https:\/\/www.pressenza.com\/wp-content\/uploads\/2018\/06\/marchmaga9-720x466.jpg 720w, https:\/\/www.pressenza.com\/wp-content\/uploads\/2018\/06\/marchmaga9-300x194.jpg 300w, https:\/\/www.pressenza.com\/wp-content\/uploads\/2018\/06\/marchmaga9.jpg 750w\" sizes=\"auto, (max-width: 720px) 100vw, 720px\" \/><\/a><\/p>\n<p>&nbsp;<\/p>\n<p><a href=\"https:\/\/www.pressenza.com\/wp-content\/uploads\/2018\/06\/marchmaga14.jpg\"><img loading=\"lazy\" decoding=\"async\" class=\"alignleft size-large wp-image-651592\" src=\"https:\/\/www.pressenza.com\/wp-content\/uploads\/2018\/06\/marchmaga14-720x468.jpg\" alt=\"\" width=\"720\" height=\"468\" srcset=\"https:\/\/www.pressenza.com\/wp-content\/uploads\/2018\/06\/marchmaga14-720x468.jpg 720w, https:\/\/www.pressenza.com\/wp-content\/uploads\/2018\/06\/marchmaga14-300x195.jpg 300w, https:\/\/www.pressenza.com\/wp-content\/uploads\/2018\/06\/marchmaga14.jpg 750w\" sizes=\"auto, (max-width: 720px) 100vw, 720px\" \/><\/a><\/p>\n<p><a href=\"https:\/\/www.pressenza.com\/wp-content\/uploads\/2018\/06\/marschmaga11.jpg\"><img loading=\"lazy\" decoding=\"async\" class=\"alignleft size-large wp-image-651601\" src=\"https:\/\/www.pressenza.com\/wp-content\/uploads\/2018\/06\/marschmaga11-720x437.jpg\" alt=\"\" width=\"720\" height=\"437\" srcset=\"https:\/\/www.pressenza.com\/wp-content\/uploads\/2018\/06\/marschmaga11-720x437.jpg 720w, https:\/\/www.pressenza.com\/wp-content\/uploads\/2018\/06\/marschmaga11-300x182.jpg 300w, https:\/\/www.pressenza.com\/wp-content\/uploads\/2018\/06\/marschmaga11.jpg 750w\" sizes=\"auto, (max-width: 720px) 100vw, 720px\" \/><\/a><\/p>\n","protected":false},"excerpt":{"rendered":"<p>Deuxi\u00e8me marche pour la paix \u00e0 Berlin \u00ab\u00a0Pri\u00e8res des m\u00e8res\u00a0\u00bb avec Yael Deckelbaum. Le mouvement mondial \u00ab\u00a0Women Wage Peace\u00a0\u00bb a d\u00e9but\u00e9 en 2016 dans le but de cr\u00e9er la paix au Moyen-Orient. 4 000 femmes y ont particip\u00e9, dont des&hellip;<\/p>\n","protected":false},"author":1095,"featured_media":651442,"comment_status":"closed","ping_status":"closed","sticky":false,"template":"","format":"standard","meta":{"footnotes":""},"categories":[11386,98,85,1246,1250,5700],"tags":[2638,7119,38674,46749,31789,33656],"class_list":["post-652856","post","type-post","status-publish","format-standard","has-post-thumbnail","hentry","category-contenu-original","category-droits-de-lhomme","category-europe-fr","category-humanisme-spiritualite","category-paix-desarmement","category-reportages-photo","tag-allemagne","tag-berlin","tag-marche-pour-la-paix","tag-prieres-des-meres","tag-women-wage-peace","tag-yael-deckelbaum"],"yoast_head":"<!-- This site is optimized with the Yoast SEO plugin v27.1.1 - https:\/\/yoast.com\/product\/yoast-seo-wordpress\/ -->\n<title>Marche pour la paix \u00e0 Berlin<\/title>\n<meta name=\"description\" content=\"Deuxi\u00e8me marche pour la paix \u00e0 Berlin &quot;Pri\u00e8res des m\u00e8res&quot; avec Yael Deckelbaum. Le mouvement mondial &quot;Women Wage Peace&quot; a d\u00e9but\u00e9 en 2016 dans le but de\" \/>\n<meta name=\"robots\" content=\"index, follow, max-snippet:-1, max-image-preview:large, max-video-preview:-1\" \/>\n<link rel=\"canonical\" href=\"https:\/\/www.pressenza.com\/fr\/2018\/06\/marche-paix-a-berlin\/\" \/>\n<meta property=\"og:locale\" content=\"fr_FR\" \/>\n<meta property=\"og:type\" content=\"article\" \/>\n<meta property=\"og:title\" content=\"Marche pour la paix \u00e0 Berlin\" \/>\n<meta property=\"og:description\" content=\"Deuxi\u00e8me marche pour la paix \u00e0 Berlin &quot;Pri\u00e8res des m\u00e8res&quot; avec Yael Deckelbaum. Le mouvement mondial &quot;Women Wage Peace&quot; a d\u00e9but\u00e9 en 2016 dans le but de\" \/>\n<meta property=\"og:url\" content=\"https:\/\/www.pressenza.com\/fr\/2018\/06\/marche-paix-a-berlin\/\" \/>\n<meta property=\"og:site_name\" content=\"Pressenza\" \/>\n<meta property=\"article:publisher\" content=\"https:\/\/www.facebook.com\/PressenzaItalia\" \/>\n<meta property=\"article:author\" content=\"https:\/\/www.facebook.com\/Pressenza-Deutschland-sterreich-Schweiz-281675388658060\/timeline\/\" \/>\n<meta property=\"article:published_time\" content=\"2018-06-05T23:27:09+00:00\" \/>\n<meta property=\"og:image\" content=\"https:\/\/www.pressenza.com\/wp-content\/uploads\/2018\/06\/marchmaga13.jpg\" \/>\n\t<meta property=\"og:image:width\" content=\"750\" \/>\n\t<meta property=\"og:image:height\" content=\"579\" \/>\n\t<meta property=\"og:image:type\" content=\"image\/jpeg\" \/>\n<meta name=\"author\" content=\"Pressenza Berlin\" \/>\n<meta name=\"twitter:card\" content=\"summary_large_image\" \/>\n<meta name=\"twitter:creator\" content=\"@pressenza_ger\" \/>\n<meta name=\"twitter:site\" content=\"@PressenzaIPA\" \/>\n<meta name=\"twitter:label1\" content=\"\u00c9crit par\" \/>\n\t<meta name=\"twitter:data1\" content=\"Pressenza Berlin\" \/>\n\t<meta name=\"twitter:label2\" content=\"Dur\u00e9e de lecture estim\u00e9e\" \/>\n\t<meta name=\"twitter:data2\" content=\"1 minute\" \/>\n<script type=\"application\/ld+json\" class=\"yoast-schema-graph\">{\"@context\":\"https:\/\/schema.org\",\"@graph\":[{\"@type\":\"Article\",\"@id\":\"https:\/\/www.pressenza.com\/fr\/2018\/06\/marche-paix-a-berlin\/#article\",\"isPartOf\":{\"@id\":\"https:\/\/www.pressenza.com\/fr\/2018\/06\/marche-paix-a-berlin\/\"},\"author\":{\"name\":\"Pressenza Berlin\",\"@id\":\"https:\/\/www.pressenza.com\/fr\/#\/schema\/person\/57bb5480943a496a7722b0248e4b658a\"},\"headline\":\"Marche pour la paix \u00e0 Berlin\",\"datePublished\":\"2018-06-05T23:27:09+00:00\",\"mainEntityOfPage\":{\"@id\":\"https:\/\/www.pressenza.com\/fr\/2018\/06\/marche-paix-a-berlin\/\"},\"wordCount\":132,\"publisher\":{\"@id\":\"https:\/\/www.pressenza.com\/fr\/#organization\"},\"image\":{\"@id\":\"https:\/\/www.pressenza.com\/fr\/2018\/06\/marche-paix-a-berlin\/#primaryimage\"},\"thumbnailUrl\":\"https:\/\/www.pressenza.com\/wp-content\/uploads\/2018\/06\/marchmaga13.jpg\",\"keywords\":[\"Allemagne\",\"Berlin\",\"Marche pour la paix\",\"Pri\u00e8res des m\u00e8res\",\"Women Wage Peace\",\"Yael Deckelbaum\"],\"articleSection\":[\"Contenu Original\",\"Droits humains\",\"Europe\",\"Humanisme et Spiritualit\u00e9\",\"Paix et D\u00e9sarmement\",\"Reportages photo\"],\"inLanguage\":\"fr-FR\"},{\"@type\":\"WebPage\",\"@id\":\"https:\/\/www.pressenza.com\/fr\/2018\/06\/marche-paix-a-berlin\/\",\"url\":\"https:\/\/www.pressenza.com\/fr\/2018\/06\/marche-paix-a-berlin\/\",\"name\":\"Marche pour la paix \u00e0 Berlin\",\"isPartOf\":{\"@id\":\"https:\/\/www.pressenza.com\/fr\/#website\"},\"primaryImageOfPage\":{\"@id\":\"https:\/\/www.pressenza.com\/fr\/2018\/06\/marche-paix-a-berlin\/#primaryimage\"},\"image\":{\"@id\":\"https:\/\/www.pressenza.com\/fr\/2018\/06\/marche-paix-a-berlin\/#primaryimage\"},\"thumbnailUrl\":\"https:\/\/www.pressenza.com\/wp-content\/uploads\/2018\/06\/marchmaga13.jpg\",\"datePublished\":\"2018-06-05T23:27:09+00:00\",\"description\":\"Deuxi\u00e8me marche pour la paix \u00e0 Berlin \\\"Pri\u00e8res des m\u00e8res\\\" avec Yael Deckelbaum. Le mouvement mondial \\\"Women Wage Peace\\\" a d\u00e9but\u00e9 en 2016 dans le but de\",\"breadcrumb\":{\"@id\":\"https:\/\/www.pressenza.com\/fr\/2018\/06\/marche-paix-a-berlin\/#breadcrumb\"},\"inLanguage\":\"fr-FR\",\"potentialAction\":[{\"@type\":\"ReadAction\",\"target\":[\"https:\/\/www.pressenza.com\/fr\/2018\/06\/marche-paix-a-berlin\/\"]}]},{\"@type\":\"ImageObject\",\"inLanguage\":\"fr-FR\",\"@id\":\"https:\/\/www.pressenza.com\/fr\/2018\/06\/marche-paix-a-berlin\/#primaryimage\",\"url\":\"https:\/\/www.pressenza.com\/wp-content\/uploads\/2018\/06\/marchmaga13.jpg\",\"contentUrl\":\"https:\/\/www.pressenza.com\/wp-content\/uploads\/2018\/06\/marchmaga13.jpg\",\"width\":750,\"height\":579,\"caption\":\"Segunda Marcha por la Paz en Berl\u00edn\"},{\"@type\":\"BreadcrumbList\",\"@id\":\"https:\/\/www.pressenza.com\/fr\/2018\/06\/marche-paix-a-berlin\/#breadcrumb\",\"itemListElement\":[{\"@type\":\"ListItem\",\"position\":1,\"name\":\"Accueil\",\"item\":\"https:\/\/www.pressenza.com\/fr\/\"},{\"@type\":\"ListItem\",\"position\":2,\"name\":\"Marche pour la paix \u00e0 Berlin\"}]},{\"@type\":\"WebSite\",\"@id\":\"https:\/\/www.pressenza.com\/fr\/#website\",\"url\":\"https:\/\/www.pressenza.com\/fr\/\",\"name\":\"Pressenza\",\"description\":\"International Press Agency\",\"publisher\":{\"@id\":\"https:\/\/www.pressenza.com\/fr\/#organization\"},\"potentialAction\":[{\"@type\":\"SearchAction\",\"target\":{\"@type\":\"EntryPoint\",\"urlTemplate\":\"https:\/\/www.pressenza.com\/fr\/?s={search_term_string}\"},\"query-input\":{\"@type\":\"PropertyValueSpecification\",\"valueRequired\":true,\"valueName\":\"search_term_string\"}}],\"inLanguage\":\"fr-FR\"},{\"@type\":\"Organization\",\"@id\":\"https:\/\/www.pressenza.com\/fr\/#organization\",\"name\":\"Pressenza\",\"url\":\"https:\/\/www.pressenza.com\/fr\/\",\"logo\":{\"@type\":\"ImageObject\",\"inLanguage\":\"fr-FR\",\"@id\":\"https:\/\/www.pressenza.com\/fr\/#\/schema\/logo\/image\/\",\"url\":\"https:\/\/www.pressenza.com\/wp-content\/uploads\/2022\/10\/pressenza_logo_200x200.jpg\",\"contentUrl\":\"https:\/\/www.pressenza.com\/wp-content\/uploads\/2022\/10\/pressenza_logo_200x200.jpg\",\"width\":200,\"height\":200,\"caption\":\"Pressenza\"},\"image\":{\"@id\":\"https:\/\/www.pressenza.com\/fr\/#\/schema\/logo\/image\/\"},\"sameAs\":[\"https:\/\/www.facebook.com\/PressenzaItalia\",\"https:\/\/x.com\/PressenzaIPA\"]},{\"@type\":\"Person\",\"@id\":\"https:\/\/www.pressenza.com\/fr\/#\/schema\/person\/57bb5480943a496a7722b0248e4b658a\",\"name\":\"Pressenza Berlin\",\"description\":\"News from the Pressenza Bureau in Berlin, Germany\",\"sameAs\":[\"https:\/\/www.facebook.com\/Pressenza-Deutschland-sterreich-Schweiz-281675388658060\/timeline\/\",\"https:\/\/x.com\/pressenza_ger\"],\"url\":\"https:\/\/www.pressenza.com\/fr\/author\/pressenza-berlin\/\"}]}<\/script>\n<!-- \/ Yoast SEO plugin. -->","yoast_head_json":{"title":"Marche pour la paix \u00e0 Berlin","description":"Deuxi\u00e8me marche pour la paix \u00e0 Berlin \"Pri\u00e8res des m\u00e8res\" avec Yael Deckelbaum. Le mouvement mondial \"Women Wage Peace\" a d\u00e9but\u00e9 en 2016 dans le but de","robots":{"index":"index","follow":"follow","max-snippet":"max-snippet:-1","max-image-preview":"max-image-preview:large","max-video-preview":"max-video-preview:-1"},"canonical":"https:\/\/www.pressenza.com\/fr\/2018\/06\/marche-paix-a-berlin\/","og_locale":"fr_FR","og_type":"article","og_title":"Marche pour la paix \u00e0 Berlin","og_description":"Deuxi\u00e8me marche pour la paix \u00e0 Berlin \"Pri\u00e8res des m\u00e8res\" avec Yael Deckelbaum. Le mouvement mondial \"Women Wage Peace\" a d\u00e9but\u00e9 en 2016 dans le but de","og_url":"https:\/\/www.pressenza.com\/fr\/2018\/06\/marche-paix-a-berlin\/","og_site_name":"Pressenza","article_publisher":"https:\/\/www.facebook.com\/PressenzaItalia","article_author":"https:\/\/www.facebook.com\/Pressenza-Deutschland-sterreich-Schweiz-281675388658060\/timeline\/","article_published_time":"2018-06-05T23:27:09+00:00","og_image":[{"width":750,"height":579,"url":"https:\/\/www.pressenza.com\/wp-content\/uploads\/2018\/06\/marchmaga13.jpg","type":"image\/jpeg"}],"author":"Pressenza Berlin","twitter_card":"summary_large_image","twitter_creator":"@pressenza_ger","twitter_site":"@PressenzaIPA","twitter_misc":{"\u00c9crit par":"Pressenza Berlin","Dur\u00e9e de lecture estim\u00e9e":"1 minute"},"schema":{"@context":"https:\/\/schema.org","@graph":[{"@type":"Article","@id":"https:\/\/www.pressenza.com\/fr\/2018\/06\/marche-paix-a-berlin\/#article","isPartOf":{"@id":"https:\/\/www.pressenza.com\/fr\/2018\/06\/marche-paix-a-berlin\/"},"author":{"name":"Pressenza Berlin","@id":"https:\/\/www.pressenza.com\/fr\/#\/schema\/person\/57bb5480943a496a7722b0248e4b658a"},"headline":"Marche pour la paix \u00e0 Berlin","datePublished":"2018-06-05T23:27:09+00:00","mainEntityOfPage":{"@id":"https:\/\/www.pressenza.com\/fr\/2018\/06\/marche-paix-a-berlin\/"},"wordCount":132,"publisher":{"@id":"https:\/\/www.pressenza.com\/fr\/#organization"},"image":{"@id":"https:\/\/www.pressenza.com\/fr\/2018\/06\/marche-paix-a-berlin\/#primaryimage"},"thumbnailUrl":"https:\/\/www.pressenza.com\/wp-content\/uploads\/2018\/06\/marchmaga13.jpg","keywords":["Allemagne","Berlin","Marche pour la paix","Pri\u00e8res des m\u00e8res","Women Wage Peace","Yael Deckelbaum"],"articleSection":["Contenu Original","Droits humains","Europe","Humanisme et Spiritualit\u00e9","Paix et D\u00e9sarmement","Reportages photo"],"inLanguage":"fr-FR"},{"@type":"WebPage","@id":"https:\/\/www.pressenza.com\/fr\/2018\/06\/marche-paix-a-berlin\/","url":"https:\/\/www.pressenza.com\/fr\/2018\/06\/marche-paix-a-berlin\/","name":"Marche pour la paix \u00e0 Berlin","isPartOf":{"@id":"https:\/\/www.pressenza.com\/fr\/#website"},"primaryImageOfPage":{"@id":"https:\/\/www.pressenza.com\/fr\/2018\/06\/marche-paix-a-berlin\/#primaryimage"},"image":{"@id":"https:\/\/www.pressenza.com\/fr\/2018\/06\/marche-paix-a-berlin\/#primaryimage"},"thumbnailUrl":"https:\/\/www.pressenza.com\/wp-content\/uploads\/2018\/06\/marchmaga13.jpg","datePublished":"2018-06-05T23:27:09+00:00","description":"Deuxi\u00e8me marche pour la paix \u00e0 Berlin \"Pri\u00e8res des m\u00e8res\" avec Yael Deckelbaum. Le mouvement mondial \"Women Wage Peace\" a d\u00e9but\u00e9 en 2016 dans le but de","breadcrumb":{"@id":"https:\/\/www.pressenza.com\/fr\/2018\/06\/marche-paix-a-berlin\/#breadcrumb"},"inLanguage":"fr-FR","potentialAction":[{"@type":"ReadAction","target":["https:\/\/www.pressenza.com\/fr\/2018\/06\/marche-paix-a-berlin\/"]}]},{"@type":"ImageObject","inLanguage":"fr-FR","@id":"https:\/\/www.pressenza.com\/fr\/2018\/06\/marche-paix-a-berlin\/#primaryimage","url":"https:\/\/www.pressenza.com\/wp-content\/uploads\/2018\/06\/marchmaga13.jpg","contentUrl":"https:\/\/www.pressenza.com\/wp-content\/uploads\/2018\/06\/marchmaga13.jpg","width":750,"height":579,"caption":"Segunda Marcha por la Paz en Berl\u00edn"},{"@type":"BreadcrumbList","@id":"https:\/\/www.pressenza.com\/fr\/2018\/06\/marche-paix-a-berlin\/#breadcrumb","itemListElement":[{"@type":"ListItem","position":1,"name":"Accueil","item":"https:\/\/www.pressenza.com\/fr\/"},{"@type":"ListItem","position":2,"name":"Marche pour la paix \u00e0 Berlin"}]},{"@type":"WebSite","@id":"https:\/\/www.pressenza.com\/fr\/#website","url":"https:\/\/www.pressenza.com\/fr\/","name":"Pressenza","description":"International Press Agency","publisher":{"@id":"https:\/\/www.pressenza.com\/fr\/#organization"},"potentialAction":[{"@type":"SearchAction","target":{"@type":"EntryPoint","urlTemplate":"https:\/\/www.pressenza.com\/fr\/?s={search_term_string}"},"query-input":{"@type":"PropertyValueSpecification","valueRequired":true,"valueName":"search_term_string"}}],"inLanguage":"fr-FR"},{"@type":"Organization","@id":"https:\/\/www.pressenza.com\/fr\/#organization","name":"Pressenza","url":"https:\/\/www.pressenza.com\/fr\/","logo":{"@type":"ImageObject","inLanguage":"fr-FR","@id":"https:\/\/www.pressenza.com\/fr\/#\/schema\/logo\/image\/","url":"https:\/\/www.pressenza.com\/wp-content\/uploads\/2022\/10\/pressenza_logo_200x200.jpg","contentUrl":"https:\/\/www.pressenza.com\/wp-content\/uploads\/2022\/10\/pressenza_logo_200x200.jpg","width":200,"height":200,"caption":"Pressenza"},"image":{"@id":"https:\/\/www.pressenza.com\/fr\/#\/schema\/logo\/image\/"},"sameAs":["https:\/\/www.facebook.com\/PressenzaItalia","https:\/\/x.com\/PressenzaIPA"]},{"@type":"Person","@id":"https:\/\/www.pressenza.com\/fr\/#\/schema\/person\/57bb5480943a496a7722b0248e4b658a","name":"Pressenza Berlin","description":"News from the Pressenza Bureau in Berlin, Germany","sameAs":["https:\/\/www.facebook.com\/Pressenza-Deutschland-sterreich-Schweiz-281675388658060\/timeline\/","https:\/\/x.com\/pressenza_ger"],"url":"https:\/\/www.pressenza.com\/fr\/author\/pressenza-berlin\/"}]}},"place":"Berlin","original_article_url":"","_links":{"self":[{"href":"https:\/\/www.pressenza.com\/fr\/wp-json\/wp\/v2\/posts\/652856","targetHints":{"allow":["GET"]}}],"collection":[{"href":"https:\/\/www.pressenza.com\/fr\/wp-json\/wp\/v2\/posts"}],"about":[{"href":"https:\/\/www.pressenza.com\/fr\/wp-json\/wp\/v2\/types\/post"}],"author":[{"embeddable":true,"href":"https:\/\/www.pressenza.com\/fr\/wp-json\/wp\/v2\/users\/1095"}],"replies":[{"embeddable":true,"href":"https:\/\/www.pressenza.com\/fr\/wp-json\/wp\/v2\/comments?post=652856"}],"version-history":[{"count":0,"href":"https:\/\/www.pressenza.com\/fr\/wp-json\/wp\/v2\/posts\/652856\/revisions"}],"wp:featuredmedia":[{"embeddable":true,"href":"https:\/\/www.pressenza.com\/fr\/wp-json\/wp\/v2\/media\/651442"}],"wp:attachment":[{"href":"https:\/\/www.pressenza.com\/fr\/wp-json\/wp\/v2\/media?parent=652856"}],"wp:term":[{"taxonomy":"category","embeddable":true,"href":"https:\/\/www.pressenza.com\/fr\/wp-json\/wp\/v2\/categories?post=652856"},{"taxonomy":"post_tag","embeddable":true,"href":"https:\/\/www.pressenza.com\/fr\/wp-json\/wp\/v2\/tags?post=652856"}],"curies":[{"name":"wp","href":"https:\/\/api.w.org\/{rel}","templated":true}]}}