{"id":649726,"date":"2018-06-01T21:50:41","date_gmt":"2018-06-01T20:50:41","guid":{"rendered":"https:\/\/www.pressenza.com\/?p=649726"},"modified":"2018-06-01T21:50:41","modified_gmt":"2018-06-01T20:50:41","slug":"marche-sud-americaine-paix-nonviolence-active","status":"publish","type":"post","link":"https:\/\/www.pressenza.com\/fr\/2018\/06\/marche-sud-americaine-paix-nonviolence-active\/","title":{"rendered":"Marche sud-am\u00e9ricaine pour la paix et la Nonviolence active"},"content":{"rendered":"<p>La Marche sud-am\u00e9ricaine pour la paix et la Nonviolence active est une initiative de l&rsquo;organisation <em>Monde sans Guerres et sans Violence<\/em>, qui compte des volontaires dans plusieurs pays du monde, et qui a organis\u00e9 en 2009 la Marche mondiale pour la paix et la nonviolence active, parcourant plusieurs pays des 5 continents : elle a commenc\u00e9 le 12 octobre 2009 en Nouvelle-Z\u00e9lande pour culminer le 2 janvier 2010 \u00e0 Punta de Vacas, dans la province de Mendoza en Argentine au pied du Mont Aconcagua, tr\u00e8s pr\u00e8s de la fronti\u00e8re avec le Chili.<\/p>\n<p>Cette nouvelle initiative a \u00e9t\u00e9 propos\u00e9e par la d\u00e9l\u00e9gation de l&rsquo;\u00c9quateur lors de la Marche Centram\u00e9ricaine qui a eu lieu en 2017, unissant les pays d&rsquo;Am\u00e9rique Centrale et qui s&rsquo;est termin\u00e9e au Costa Rica. Cette initiative vise la participation d&rsquo;individus, de groupes, d&rsquo;organisations sociales et d&rsquo;institutions qui co\u00efncident avec les id\u00e9aux de Paix et de Non-violence active.<\/p>\n<p>La Marche aura lieu entre le 19 septembre et le 12 octobre de cette ann\u00e9e, et inclura tous les pays d&rsquo;Am\u00e9rique du Sud, elle se terminera le 12 octobre \u00e0 Santiago du Chili. Dans les diff\u00e9rents pays d&rsquo;Am\u00e9rique du Sud, les \u00e9quipes promoteurs de cette nouvelle Marche sont d\u00e9j\u00e0 en cours de constitution et se r\u00e9unissent, comme ce fut le cas lors de la rencontre du mercredi 30 mai au soir \u00e0 Santiago du Chili.<\/p>\n<p>Texte : Sergio Bast\u00edas.<\/p>\n","protected":false},"excerpt":{"rendered":"<p>La Marche sud-am\u00e9ricaine pour la paix et la Nonviolence active est une initiative de l&rsquo;organisation Monde sans Guerres et sans Violence, qui compte des volontaires dans plusieurs pays du monde, et qui a organis\u00e9 en 2009 la Marche mondiale pour&hellip;<\/p>\n","protected":false},"author":43,"featured_media":649039,"comment_status":"closed","ping_status":"closed","sticky":false,"template":"","format":"standard","meta":{"footnotes":""},"categories":[86,11386,40,1248],"tags":[573,299,18466,46634,28903,265,298],"class_list":["post-649726","post","type-post","status-publish","format-standard","has-post-thumbnail","hentry","category-amerique-du-sud","category-contenu-original","category-international-fr","category-nonviolence-sujet","tag-chili","tag-humanisme","tag-marche-mondiale","tag-marche-sudamericaine","tag-non-violence","tag-nonviolence","tag-paix"],"yoast_head":"<!-- This site is optimized with the Yoast SEO plugin v27.1.1 - https:\/\/yoast.com\/product\/yoast-seo-wordpress\/ -->\n<title>Marche sud-am\u00e9ricaine pour la paix et la Nonviolence active<\/title>\n<meta name=\"description\" content=\"La Marche sud-am\u00e9ricaine pour la paix et la Nonviolence active est une initiative de l&#039;organisation Monde sans Guerres et sans Violence, qui compte des\" \/>\n<meta name=\"robots\" content=\"index, follow, max-snippet:-1, max-image-preview:large, max-video-preview:-1\" \/>\n<link rel=\"canonical\" href=\"https:\/\/www.pressenza.com\/fr\/2018\/06\/marche-sud-americaine-paix-nonviolence-active\/\" \/>\n<meta property=\"og:locale\" content=\"fr_FR\" \/>\n<meta property=\"og:type\" content=\"article\" \/>\n<meta property=\"og:title\" content=\"Marche sud-am\u00e9ricaine pour la paix et la Nonviolence active\" \/>\n<meta property=\"og:description\" content=\"La Marche sud-am\u00e9ricaine pour la paix et la Nonviolence active est une initiative de l&#039;organisation Monde sans Guerres et sans Violence, qui compte des\" \/>\n<meta property=\"og:url\" content=\"https:\/\/www.pressenza.com\/fr\/2018\/06\/marche-sud-americaine-paix-nonviolence-active\/\" \/>\n<meta property=\"og:site_name\" content=\"Pressenza\" \/>\n<meta property=\"article:publisher\" content=\"https:\/\/www.facebook.com\/PressenzaItalia\" \/>\n<meta property=\"article:author\" content=\"https:\/\/www.facebook.com\/pressenza\" \/>\n<meta property=\"article:published_time\" content=\"2018-06-01T20:50:41+00:00\" \/>\n<meta property=\"og:image\" content=\"https:\/\/www.pressenza.com\/wp-content\/uploads\/2018\/05\/Marcha-mundial-2018-foto-de-cecilia-tormen-1.jpg\" \/>\n\t<meta property=\"og:image:width\" content=\"2048\" \/>\n\t<meta property=\"og:image:height\" content=\"1189\" \/>\n\t<meta property=\"og:image:type\" content=\"image\/jpeg\" \/>\n<meta name=\"author\" content=\"Redacci\u00f3n Chile\" \/>\n<meta name=\"twitter:card\" content=\"summary_large_image\" \/>\n<meta name=\"twitter:creator\" content=\"@pressenza\" \/>\n<meta name=\"twitter:site\" content=\"@PressenzaIPA\" \/>\n<meta name=\"twitter:label1\" content=\"\u00c9crit par\" \/>\n\t<meta name=\"twitter:data1\" content=\"Redacci\u00f3n Chile\" \/>\n\t<meta name=\"twitter:label2\" content=\"Dur\u00e9e de lecture estim\u00e9e\" \/>\n\t<meta name=\"twitter:data2\" content=\"1 minute\" \/>\n<script type=\"application\/ld+json\" class=\"yoast-schema-graph\">{\"@context\":\"https:\/\/schema.org\",\"@graph\":[{\"@type\":\"Article\",\"@id\":\"https:\/\/www.pressenza.com\/fr\/2018\/06\/marche-sud-americaine-paix-nonviolence-active\/#article\",\"isPartOf\":{\"@id\":\"https:\/\/www.pressenza.com\/fr\/2018\/06\/marche-sud-americaine-paix-nonviolence-active\/\"},\"author\":{\"name\":\"Redacci\u00f3n Chile\",\"@id\":\"https:\/\/www.pressenza.com\/fr\/#\/schema\/person\/d7db40df35d6698ba69ba9ee260944ed\"},\"headline\":\"Marche sud-am\u00e9ricaine pour la paix et la Nonviolence active\",\"datePublished\":\"2018-06-01T20:50:41+00:00\",\"mainEntityOfPage\":{\"@id\":\"https:\/\/www.pressenza.com\/fr\/2018\/06\/marche-sud-americaine-paix-nonviolence-active\/\"},\"wordCount\":251,\"publisher\":{\"@id\":\"https:\/\/www.pressenza.com\/fr\/#organization\"},\"image\":{\"@id\":\"https:\/\/www.pressenza.com\/fr\/2018\/06\/marche-sud-americaine-paix-nonviolence-active\/#primaryimage\"},\"thumbnailUrl\":\"https:\/\/www.pressenza.com\/wp-content\/uploads\/2018\/05\/Marcha-mundial-2018-foto-de-cecilia-tormen-1.jpg\",\"keywords\":[\"Chili\",\"humanisme\",\"marche mondiale\",\"marche sudam\u00e9ricaine\",\"non-violence\",\"nonviolence\",\"Paix\"],\"articleSection\":[\"Am\u00e9rique du Sud\",\"Contenu Original\",\"International\",\"Non-violence\"],\"inLanguage\":\"fr-FR\"},{\"@type\":\"WebPage\",\"@id\":\"https:\/\/www.pressenza.com\/fr\/2018\/06\/marche-sud-americaine-paix-nonviolence-active\/\",\"url\":\"https:\/\/www.pressenza.com\/fr\/2018\/06\/marche-sud-americaine-paix-nonviolence-active\/\",\"name\":\"Marche sud-am\u00e9ricaine pour la paix et la Nonviolence active\",\"isPartOf\":{\"@id\":\"https:\/\/www.pressenza.com\/fr\/#website\"},\"primaryImageOfPage\":{\"@id\":\"https:\/\/www.pressenza.com\/fr\/2018\/06\/marche-sud-americaine-paix-nonviolence-active\/#primaryimage\"},\"image\":{\"@id\":\"https:\/\/www.pressenza.com\/fr\/2018\/06\/marche-sud-americaine-paix-nonviolence-active\/#primaryimage\"},\"thumbnailUrl\":\"https:\/\/www.pressenza.com\/wp-content\/uploads\/2018\/05\/Marcha-mundial-2018-foto-de-cecilia-tormen-1.jpg\",\"datePublished\":\"2018-06-01T20:50:41+00:00\",\"description\":\"La Marche sud-am\u00e9ricaine pour la paix et la Nonviolence active est une initiative de l'organisation Monde sans Guerres et sans Violence, qui compte des\",\"breadcrumb\":{\"@id\":\"https:\/\/www.pressenza.com\/fr\/2018\/06\/marche-sud-americaine-paix-nonviolence-active\/#breadcrumb\"},\"inLanguage\":\"fr-FR\",\"potentialAction\":[{\"@type\":\"ReadAction\",\"target\":[\"https:\/\/www.pressenza.com\/fr\/2018\/06\/marche-sud-americaine-paix-nonviolence-active\/\"]}]},{\"@type\":\"ImageObject\",\"inLanguage\":\"fr-FR\",\"@id\":\"https:\/\/www.pressenza.com\/fr\/2018\/06\/marche-sud-americaine-paix-nonviolence-active\/#primaryimage\",\"url\":\"https:\/\/www.pressenza.com\/wp-content\/uploads\/2018\/05\/Marcha-mundial-2018-foto-de-cecilia-tormen-1.jpg\",\"contentUrl\":\"https:\/\/www.pressenza.com\/wp-content\/uploads\/2018\/05\/Marcha-mundial-2018-foto-de-cecilia-tormen-1.jpg\",\"width\":2048,\"height\":1189},{\"@type\":\"BreadcrumbList\",\"@id\":\"https:\/\/www.pressenza.com\/fr\/2018\/06\/marche-sud-americaine-paix-nonviolence-active\/#breadcrumb\",\"itemListElement\":[{\"@type\":\"ListItem\",\"position\":1,\"name\":\"Accueil\",\"item\":\"https:\/\/www.pressenza.com\/fr\/\"},{\"@type\":\"ListItem\",\"position\":2,\"name\":\"Marche sud-am\u00e9ricaine pour la paix et la Nonviolence active\"}]},{\"@type\":\"WebSite\",\"@id\":\"https:\/\/www.pressenza.com\/fr\/#website\",\"url\":\"https:\/\/www.pressenza.com\/fr\/\",\"name\":\"Pressenza\",\"description\":\"International Press Agency\",\"publisher\":{\"@id\":\"https:\/\/www.pressenza.com\/fr\/#organization\"},\"potentialAction\":[{\"@type\":\"SearchAction\",\"target\":{\"@type\":\"EntryPoint\",\"urlTemplate\":\"https:\/\/www.pressenza.com\/fr\/?s={search_term_string}\"},\"query-input\":{\"@type\":\"PropertyValueSpecification\",\"valueRequired\":true,\"valueName\":\"search_term_string\"}}],\"inLanguage\":\"fr-FR\"},{\"@type\":\"Organization\",\"@id\":\"https:\/\/www.pressenza.com\/fr\/#organization\",\"name\":\"Pressenza\",\"url\":\"https:\/\/www.pressenza.com\/fr\/\",\"logo\":{\"@type\":\"ImageObject\",\"inLanguage\":\"fr-FR\",\"@id\":\"https:\/\/www.pressenza.com\/fr\/#\/schema\/logo\/image\/\",\"url\":\"https:\/\/www.pressenza.com\/wp-content\/uploads\/2022\/10\/pressenza_logo_200x200.jpg\",\"contentUrl\":\"https:\/\/www.pressenza.com\/wp-content\/uploads\/2022\/10\/pressenza_logo_200x200.jpg\",\"width\":200,\"height\":200,\"caption\":\"Pressenza\"},\"image\":{\"@id\":\"https:\/\/www.pressenza.com\/fr\/#\/schema\/logo\/image\/\"},\"sameAs\":[\"https:\/\/www.facebook.com\/PressenzaItalia\",\"https:\/\/x.com\/PressenzaIPA\"]},{\"@type\":\"Person\",\"@id\":\"https:\/\/www.pressenza.com\/fr\/#\/schema\/person\/d7db40df35d6698ba69ba9ee260944ed\",\"name\":\"Redacci\u00f3n Chile\",\"description\":\"News from the Pressenza Bureau in Chile\",\"sameAs\":[\"https:\/\/www.facebook.com\/pressenza\",\"https:\/\/x.com\/pressenza\"],\"url\":\"https:\/\/www.pressenza.com\/fr\/author\/redaccion-chile\/\"}]}<\/script>\n<!-- \/ Yoast SEO plugin. -->","yoast_head_json":{"title":"Marche sud-am\u00e9ricaine pour la paix et la Nonviolence active","description":"La Marche sud-am\u00e9ricaine pour la paix et la Nonviolence active est une initiative de l'organisation Monde sans Guerres et sans Violence, qui compte des","robots":{"index":"index","follow":"follow","max-snippet":"max-snippet:-1","max-image-preview":"max-image-preview:large","max-video-preview":"max-video-preview:-1"},"canonical":"https:\/\/www.pressenza.com\/fr\/2018\/06\/marche-sud-americaine-paix-nonviolence-active\/","og_locale":"fr_FR","og_type":"article","og_title":"Marche sud-am\u00e9ricaine pour la paix et la Nonviolence active","og_description":"La Marche sud-am\u00e9ricaine pour la paix et la Nonviolence active est une initiative de l'organisation Monde sans Guerres et sans Violence, qui compte des","og_url":"https:\/\/www.pressenza.com\/fr\/2018\/06\/marche-sud-americaine-paix-nonviolence-active\/","og_site_name":"Pressenza","article_publisher":"https:\/\/www.facebook.com\/PressenzaItalia","article_author":"https:\/\/www.facebook.com\/pressenza","article_published_time":"2018-06-01T20:50:41+00:00","og_image":[{"width":2048,"height":1189,"url":"https:\/\/www.pressenza.com\/wp-content\/uploads\/2018\/05\/Marcha-mundial-2018-foto-de-cecilia-tormen-1.jpg","type":"image\/jpeg"}],"author":"Redacci\u00f3n Chile","twitter_card":"summary_large_image","twitter_creator":"@pressenza","twitter_site":"@PressenzaIPA","twitter_misc":{"\u00c9crit par":"Redacci\u00f3n Chile","Dur\u00e9e de lecture estim\u00e9e":"1 minute"},"schema":{"@context":"https:\/\/schema.org","@graph":[{"@type":"Article","@id":"https:\/\/www.pressenza.com\/fr\/2018\/06\/marche-sud-americaine-paix-nonviolence-active\/#article","isPartOf":{"@id":"https:\/\/www.pressenza.com\/fr\/2018\/06\/marche-sud-americaine-paix-nonviolence-active\/"},"author":{"name":"Redacci\u00f3n Chile","@id":"https:\/\/www.pressenza.com\/fr\/#\/schema\/person\/d7db40df35d6698ba69ba9ee260944ed"},"headline":"Marche sud-am\u00e9ricaine pour la paix et la Nonviolence active","datePublished":"2018-06-01T20:50:41+00:00","mainEntityOfPage":{"@id":"https:\/\/www.pressenza.com\/fr\/2018\/06\/marche-sud-americaine-paix-nonviolence-active\/"},"wordCount":251,"publisher":{"@id":"https:\/\/www.pressenza.com\/fr\/#organization"},"image":{"@id":"https:\/\/www.pressenza.com\/fr\/2018\/06\/marche-sud-americaine-paix-nonviolence-active\/#primaryimage"},"thumbnailUrl":"https:\/\/www.pressenza.com\/wp-content\/uploads\/2018\/05\/Marcha-mundial-2018-foto-de-cecilia-tormen-1.jpg","keywords":["Chili","humanisme","marche mondiale","marche sudam\u00e9ricaine","non-violence","nonviolence","Paix"],"articleSection":["Am\u00e9rique du Sud","Contenu Original","International","Non-violence"],"inLanguage":"fr-FR"},{"@type":"WebPage","@id":"https:\/\/www.pressenza.com\/fr\/2018\/06\/marche-sud-americaine-paix-nonviolence-active\/","url":"https:\/\/www.pressenza.com\/fr\/2018\/06\/marche-sud-americaine-paix-nonviolence-active\/","name":"Marche sud-am\u00e9ricaine pour la paix et la Nonviolence active","isPartOf":{"@id":"https:\/\/www.pressenza.com\/fr\/#website"},"primaryImageOfPage":{"@id":"https:\/\/www.pressenza.com\/fr\/2018\/06\/marche-sud-americaine-paix-nonviolence-active\/#primaryimage"},"image":{"@id":"https:\/\/www.pressenza.com\/fr\/2018\/06\/marche-sud-americaine-paix-nonviolence-active\/#primaryimage"},"thumbnailUrl":"https:\/\/www.pressenza.com\/wp-content\/uploads\/2018\/05\/Marcha-mundial-2018-foto-de-cecilia-tormen-1.jpg","datePublished":"2018-06-01T20:50:41+00:00","description":"La Marche sud-am\u00e9ricaine pour la paix et la Nonviolence active est une initiative de l'organisation Monde sans Guerres et sans Violence, qui compte des","breadcrumb":{"@id":"https:\/\/www.pressenza.com\/fr\/2018\/06\/marche-sud-americaine-paix-nonviolence-active\/#breadcrumb"},"inLanguage":"fr-FR","potentialAction":[{"@type":"ReadAction","target":["https:\/\/www.pressenza.com\/fr\/2018\/06\/marche-sud-americaine-paix-nonviolence-active\/"]}]},{"@type":"ImageObject","inLanguage":"fr-FR","@id":"https:\/\/www.pressenza.com\/fr\/2018\/06\/marche-sud-americaine-paix-nonviolence-active\/#primaryimage","url":"https:\/\/www.pressenza.com\/wp-content\/uploads\/2018\/05\/Marcha-mundial-2018-foto-de-cecilia-tormen-1.jpg","contentUrl":"https:\/\/www.pressenza.com\/wp-content\/uploads\/2018\/05\/Marcha-mundial-2018-foto-de-cecilia-tormen-1.jpg","width":2048,"height":1189},{"@type":"BreadcrumbList","@id":"https:\/\/www.pressenza.com\/fr\/2018\/06\/marche-sud-americaine-paix-nonviolence-active\/#breadcrumb","itemListElement":[{"@type":"ListItem","position":1,"name":"Accueil","item":"https:\/\/www.pressenza.com\/fr\/"},{"@type":"ListItem","position":2,"name":"Marche sud-am\u00e9ricaine pour la paix et la Nonviolence active"}]},{"@type":"WebSite","@id":"https:\/\/www.pressenza.com\/fr\/#website","url":"https:\/\/www.pressenza.com\/fr\/","name":"Pressenza","description":"International Press Agency","publisher":{"@id":"https:\/\/www.pressenza.com\/fr\/#organization"},"potentialAction":[{"@type":"SearchAction","target":{"@type":"EntryPoint","urlTemplate":"https:\/\/www.pressenza.com\/fr\/?s={search_term_string}"},"query-input":{"@type":"PropertyValueSpecification","valueRequired":true,"valueName":"search_term_string"}}],"inLanguage":"fr-FR"},{"@type":"Organization","@id":"https:\/\/www.pressenza.com\/fr\/#organization","name":"Pressenza","url":"https:\/\/www.pressenza.com\/fr\/","logo":{"@type":"ImageObject","inLanguage":"fr-FR","@id":"https:\/\/www.pressenza.com\/fr\/#\/schema\/logo\/image\/","url":"https:\/\/www.pressenza.com\/wp-content\/uploads\/2022\/10\/pressenza_logo_200x200.jpg","contentUrl":"https:\/\/www.pressenza.com\/wp-content\/uploads\/2022\/10\/pressenza_logo_200x200.jpg","width":200,"height":200,"caption":"Pressenza"},"image":{"@id":"https:\/\/www.pressenza.com\/fr\/#\/schema\/logo\/image\/"},"sameAs":["https:\/\/www.facebook.com\/PressenzaItalia","https:\/\/x.com\/PressenzaIPA"]},{"@type":"Person","@id":"https:\/\/www.pressenza.com\/fr\/#\/schema\/person\/d7db40df35d6698ba69ba9ee260944ed","name":"Redacci\u00f3n Chile","description":"News from the Pressenza Bureau in Chile","sameAs":["https:\/\/www.facebook.com\/pressenza","https:\/\/x.com\/pressenza"],"url":"https:\/\/www.pressenza.com\/fr\/author\/redaccion-chile\/"}]}},"place":"","original_article_url":"","_links":{"self":[{"href":"https:\/\/www.pressenza.com\/fr\/wp-json\/wp\/v2\/posts\/649726","targetHints":{"allow":["GET"]}}],"collection":[{"href":"https:\/\/www.pressenza.com\/fr\/wp-json\/wp\/v2\/posts"}],"about":[{"href":"https:\/\/www.pressenza.com\/fr\/wp-json\/wp\/v2\/types\/post"}],"author":[{"embeddable":true,"href":"https:\/\/www.pressenza.com\/fr\/wp-json\/wp\/v2\/users\/43"}],"replies":[{"embeddable":true,"href":"https:\/\/www.pressenza.com\/fr\/wp-json\/wp\/v2\/comments?post=649726"}],"version-history":[{"count":0,"href":"https:\/\/www.pressenza.com\/fr\/wp-json\/wp\/v2\/posts\/649726\/revisions"}],"wp:featuredmedia":[{"embeddable":true,"href":"https:\/\/www.pressenza.com\/fr\/wp-json\/wp\/v2\/media\/649039"}],"wp:attachment":[{"href":"https:\/\/www.pressenza.com\/fr\/wp-json\/wp\/v2\/media?parent=649726"}],"wp:term":[{"taxonomy":"category","embeddable":true,"href":"https:\/\/www.pressenza.com\/fr\/wp-json\/wp\/v2\/categories?post=649726"},{"taxonomy":"post_tag","embeddable":true,"href":"https:\/\/www.pressenza.com\/fr\/wp-json\/wp\/v2\/tags?post=649726"}],"curies":[{"name":"wp","href":"https:\/\/api.w.org\/{rel}","templated":true}]}}