{"id":649491,"date":"2018-06-01T20:43:15","date_gmt":"2018-06-01T19:43:15","guid":{"rendered":"https:\/\/www.pressenza.com\/?p=649491"},"modified":"2018-06-01T20:43:15","modified_gmt":"2018-06-01T19:43:15","slug":"les-medias-ont-oublie-les-refugies-et-migrants","status":"publish","type":"post","link":"https:\/\/www.pressenza.com\/fr\/2018\/06\/les-medias-ont-oublie-les-refugies-et-migrants\/","title":{"rendered":"Les m\u00e9dias ont oubli\u00e9 les r\u00e9fugi\u00e9s et migrants"},"content":{"rendered":"<blockquote><p>\u00ab\u00a0Je viens du pays des reporters, du pays des arnaqueurs, l\u00e0 o\u00f9 malheureusement d\u00e9cident les conseils d\u2019administration. Depuis que les conseils d\u2019administration se sont joints aux comit\u00e9s de r\u00e9daction, c\u2019en est fini du journalisme. J\u2019ai honte de devoir dire cela, j\u2019ai honte de devoir aller dans la rue pour essayer de donner une voix \u00e0 ceux qui n\u2019en ont pas et de les rendre visibles, dans mon cas les personnes aux fronti\u00e8res de l\u2019Europe. Cette Europe qui parle des droits humains mais ne les garantit pas.\u00a0\u00bb<\/p><\/blockquote>\n<p><strong>Antonio Sempere<\/strong>. Photojournaliste, connu pour son \u0153uvre sur les migrations. Il t\u00e9moigne du drame des migrations transfrontali\u00e8res depuis plusieurs ann\u00e9es. Il a photographi\u00e9 l\u2019arriv\u00e9e et les tentatives de sauter les barbel\u00e9s par des sub-sahariens parvenus \u00e0 la fronti\u00e8re entre le Maroc et Ceuta. Et aussi la terrible situation de milliers de r\u00e9fugi\u00e9s coinc\u00e9s en Serbie apr\u00e8s avoir travers\u00e9 la mer depuis la Turquie.<\/p>\n<p>Il a particip\u00e9 au Forum humaniste europ\u00e9en, dans la table ronde \u00ab\u00a0Journalisme ind\u00e9pendant et engagement \u00a0social\u00a0\u00bb et pr\u00e9sent\u00e9 une partie de ses expositions \u00ab\u00a0Au pied des grillages\u00a0\u00bb et \u00ab\u00a0L\u2019enfer serbe\u00a0\u00bb.<\/p>\n<p><strong><em>Forum Humaniste Europ\u00e9en 2018: Quel est le r\u00f4le des m\u00e9dias ind\u00e9pendants dans la transformation sociale\u00a0?<\/em><\/strong><\/p>\n<p><strong>AS<\/strong>: Nous devons transformer la soci\u00e9t\u00e9, nous sommes les porte-parole, mais nous ne devons pas sombrer dans ce que nous appelons le \u00ab\u00a0Moi-isme\u00a0\u00bb. Malheureusement, la profession de journaliste est remplie de \u00ab\u00a0Moi-istes\u00a0\u00bb, c\u2019est une nouvelle tendance. Nous journalistes devons sortir et vendre nos histoires, nous devons gagner de quoi vivre avec nos familles, puis constater que d\u2019autres modifient nos titres et commentaires et m\u00eame ce que nous voulions transmettre. Nous devons combattre cela de l\u2019int\u00e9rieur. J\u2019appelle tous mes coll\u00e8gues \u00e0 s\u2019unir et descendre dans la rue pour exiger un journalisme juste, comme celui de Pressenza. J\u2019ai publi\u00e9 dans Pressenza durant trois ann\u00e9es et ils n\u2019ont pas chang\u00e9 une virgule de mes articles. Pour moi, il est tr\u00e8s important de travailler dans ces m\u00e9dias ind\u00e9pendants ayant une grande visibilit\u00e9 dans des r\u00e9seaux de par le monde.<\/p>\n<p><strong><em>Comment les mouvements sociaux peuvent-ils mettre \u00e0 l\u2019ordre du jour des m\u00e9dias les sujets qui int\u00e9ressent les citoyens\u00a0?<\/em><\/strong><\/p>\n<p>Dans le monde des mouvements sociaux, il existe de nombreuses formes de militantisme\u00a0: on peut militer au pied de barbel\u00e9s, il s\u2019agit de gens pr\u00e9sents \u00e0 la base du conflit et tentant de retirer des informations de ce qui se passe dans diff\u00e9rentes parties du monde. Il existe aussi des mouvements comme les d\u00e9fenseurs des syst\u00e8mes de sant\u00e9 publics et les camarades luttant contre les expulsions par les banques, qui sont l\u00e0 jour apr\u00e8s jour pour essayer d\u2019obtenir de meilleures conditions de vie pour tous. D\u2019autres se trouvent dans des lieux o\u00f9 la vie n\u2019a pas de valeur, comme vous pouvez le voir sur ces photos de l\u2019exposition \u00ab\u00a0Au pied des grillages\u00a0\u00bb, et les journalistes qui se trouvent en ces lieux sortent pour exiger des droits pour ces personnes dont personne ne veut.<\/p>\n<p>Apr\u00e8s 5 ou 6 ann\u00e9es durant lesquelles ces gens ont travers\u00e9 les fronti\u00e8res, les m\u00e9dias les ont oubli\u00e9s, ils ont oubli\u00e9 les r\u00e9fugi\u00e9s et les migrants. C\u2019est malheureusement le cas et c\u2019est nous qui leur donnons la parole et mettons des visages sur les histoires de barri\u00e8res et de fronti\u00e8res. Nous sommes un tr\u00e8s important \u00e9l\u00e9ment pour le changement, parfois nous mettons notre int\u00e9grit\u00e9 en danger, notre vie ou notre avenir professionnel lorsque nous publions ces photos qu\u2019ils veulent censurer, mais nous devons \u00eatre les transmetteurs de cette r\u00e9alit\u00e9 dont personne ne parle, montrer du doigt ces r\u00e9dacteurs en chef qui pensent plus aux r\u00e9sultats financiers de la fin d\u2019ann\u00e9e qu\u2019aux vies humaines perdues aux fronti\u00e8res de nos pays.<\/p>\n<div class=\"post-gallery\">\n\t\t\t<figure class=\"post-gallery-item\">\n\t\t\t\t<img decoding=\"async\" src=\"https:\/\/www.pressenza.com\/wp-content\/uploads\/2018\/05\/1-2-720x353.jpg\" loading=\"lazy\">\n\t\t\t\t<figcaption>\n\t\t\t\t\t\n\t\t\t\t<\/figcaption>\n\t\t\t<\/figure>\n\t\t\t<figure class=\"post-gallery-item\">\n\t\t\t\t<img decoding=\"async\" src=\"https:\/\/www.pressenza.com\/wp-content\/uploads\/2018\/05\/2-1-720x515.jpg\" loading=\"lazy\">\n\t\t\t\t<figcaption>\n\t\t\t\t\t\n\t\t\t\t<\/figcaption>\n\t\t\t<\/figure>\n\t\t\t<figure class=\"post-gallery-item\">\n\t\t\t\t<img decoding=\"async\" src=\"https:\/\/www.pressenza.com\/wp-content\/uploads\/2018\/05\/3-720x435.jpg\" loading=\"lazy\">\n\t\t\t\t<figcaption>\n\t\t\t\t\t\n\t\t\t\t<\/figcaption>\n\t\t\t<\/figure><\/div>\n<p>&nbsp;<\/p>\n<p><em>Traduit de l\u2019anglais par Serge Delonville<\/em><\/p>\n","protected":false},"excerpt":{"rendered":"<p>\u00ab\u00a0Je viens du pays des reporters, du pays des arnaqueurs, l\u00e0 o\u00f9 malheureusement d\u00e9cident les conseils d\u2019administration. Depuis que les conseils d\u2019administration se sont joints aux comit\u00e9s de r\u00e9daction, c\u2019en est fini du journalisme. J\u2019ai honte de devoir dire cela,&hellip;<\/p>\n","protected":false},"author":1508,"featured_media":645519,"comment_status":"closed","ping_status":"closed","sticky":false,"template":"","format":"standard","meta":{"footnotes":""},"categories":[11386,1247,98,85,156],"tags":[46387,34975,46534,43481,1492],"class_list":["post-649491","post","type-post","status-publish","format-standard","has-post-thumbnail","hentry","category-contenu-original","category-diversite","category-droits-de-lhomme","category-europe-fr","category-interview-fr","tag-a-pie-de-valla","tag-antonio-sempere","tag-el-infierno-serbio","tag-forum-humaniste-europeen-2018","tag-union-europeenne"],"yoast_head":"<!-- This site is optimized with the Yoast SEO plugin v27.1.1 - https:\/\/yoast.com\/product\/yoast-seo-wordpress\/ -->\n<title>Les m\u00e9dias ont oubli\u00e9 les r\u00e9fugi\u00e9s et migrants<\/title>\n<meta name=\"description\" content=\"\u00ab\u00a0Je viens du pays des reporters, du pays des arnaqueurs, l\u00e0 o\u00f9 malheureusement d\u00e9cident les conseils d\u2019administration. Depuis que les conseils\" \/>\n<meta name=\"robots\" content=\"index, follow, max-snippet:-1, max-image-preview:large, max-video-preview:-1\" \/>\n<link rel=\"canonical\" href=\"https:\/\/www.pressenza.com\/fr\/2018\/06\/les-medias-ont-oublie-les-refugies-et-migrants\/\" \/>\n<meta property=\"og:locale\" content=\"fr_FR\" \/>\n<meta property=\"og:type\" content=\"article\" \/>\n<meta property=\"og:title\" content=\"Les m\u00e9dias ont oubli\u00e9 les r\u00e9fugi\u00e9s et migrants\" \/>\n<meta property=\"og:description\" content=\"\u00ab\u00a0Je viens du pays des reporters, du pays des arnaqueurs, l\u00e0 o\u00f9 malheureusement d\u00e9cident les conseils d\u2019administration. Depuis que les conseils\" \/>\n<meta property=\"og:url\" content=\"https:\/\/www.pressenza.com\/fr\/2018\/06\/les-medias-ont-oublie-les-refugies-et-migrants\/\" \/>\n<meta property=\"og:site_name\" content=\"Pressenza\" \/>\n<meta property=\"article:publisher\" content=\"https:\/\/www.facebook.com\/PressenzaItalia\" \/>\n<meta property=\"article:published_time\" content=\"2018-06-01T19:43:15+00:00\" \/>\n<meta property=\"og:image\" content=\"https:\/\/www.pressenza.com\/wp-content\/uploads\/2018\/05\/1-2.jpg\" \/>\n\t<meta property=\"og:image:width\" content=\"1853\" \/>\n\t<meta property=\"og:image:height\" content=\"909\" \/>\n\t<meta property=\"og:image:type\" content=\"image\/jpeg\" \/>\n<meta name=\"author\" content=\"European Humanist Forum\" \/>\n<meta name=\"twitter:card\" content=\"summary_large_image\" \/>\n<meta name=\"twitter:creator\" content=\"@PressenzaIPA\" \/>\n<meta name=\"twitter:site\" content=\"@PressenzaIPA\" \/>\n<meta name=\"twitter:label1\" content=\"\u00c9crit par\" \/>\n\t<meta name=\"twitter:data1\" content=\"European Humanist Forum\" \/>\n\t<meta name=\"twitter:label2\" content=\"Dur\u00e9e de lecture estim\u00e9e\" \/>\n\t<meta name=\"twitter:data2\" content=\"3 minutes\" \/>\n<script type=\"application\/ld+json\" class=\"yoast-schema-graph\">{\"@context\":\"https:\/\/schema.org\",\"@graph\":[{\"@type\":\"Article\",\"@id\":\"https:\/\/www.pressenza.com\/fr\/2018\/06\/les-medias-ont-oublie-les-refugies-et-migrants\/#article\",\"isPartOf\":{\"@id\":\"https:\/\/www.pressenza.com\/fr\/2018\/06\/les-medias-ont-oublie-les-refugies-et-migrants\/\"},\"author\":{\"name\":\"European Humanist Forum\",\"@id\":\"https:\/\/www.pressenza.com\/fr\/#\/schema\/person\/0b103aa2cc3460da3ad453ade8a7ef24\"},\"headline\":\"Les m\u00e9dias ont oubli\u00e9 les r\u00e9fugi\u00e9s et migrants\",\"datePublished\":\"2018-06-01T19:43:15+00:00\",\"mainEntityOfPage\":{\"@id\":\"https:\/\/www.pressenza.com\/fr\/2018\/06\/les-medias-ont-oublie-les-refugies-et-migrants\/\"},\"wordCount\":694,\"publisher\":{\"@id\":\"https:\/\/www.pressenza.com\/fr\/#organization\"},\"image\":{\"@id\":\"https:\/\/www.pressenza.com\/fr\/2018\/06\/les-medias-ont-oublie-les-refugies-et-migrants\/#primaryimage\"},\"thumbnailUrl\":\"https:\/\/www.pressenza.com\/wp-content\/uploads\/2018\/05\/1-2.jpg\",\"keywords\":[\"#A pie de valla\",\"Antonio Sempere\",\"El Infierno Serbio\",\"Forum humaniste europ\u00e9en 2018\",\"Union europ\u00e9enne\"],\"articleSection\":[\"Contenu Original\",\"Diversit\u00e9\",\"Droits humains\",\"Europe\",\"Interviews\"],\"inLanguage\":\"fr-FR\"},{\"@type\":\"WebPage\",\"@id\":\"https:\/\/www.pressenza.com\/fr\/2018\/06\/les-medias-ont-oublie-les-refugies-et-migrants\/\",\"url\":\"https:\/\/www.pressenza.com\/fr\/2018\/06\/les-medias-ont-oublie-les-refugies-et-migrants\/\",\"name\":\"Les m\u00e9dias ont oubli\u00e9 les r\u00e9fugi\u00e9s et migrants\",\"isPartOf\":{\"@id\":\"https:\/\/www.pressenza.com\/fr\/#website\"},\"primaryImageOfPage\":{\"@id\":\"https:\/\/www.pressenza.com\/fr\/2018\/06\/les-medias-ont-oublie-les-refugies-et-migrants\/#primaryimage\"},\"image\":{\"@id\":\"https:\/\/www.pressenza.com\/fr\/2018\/06\/les-medias-ont-oublie-les-refugies-et-migrants\/#primaryimage\"},\"thumbnailUrl\":\"https:\/\/www.pressenza.com\/wp-content\/uploads\/2018\/05\/1-2.jpg\",\"datePublished\":\"2018-06-01T19:43:15+00:00\",\"description\":\"\u00ab\u00a0Je viens du pays des reporters, du pays des arnaqueurs, l\u00e0 o\u00f9 malheureusement d\u00e9cident les conseils d\u2019administration. Depuis que les conseils\",\"breadcrumb\":{\"@id\":\"https:\/\/www.pressenza.com\/fr\/2018\/06\/les-medias-ont-oublie-les-refugies-et-migrants\/#breadcrumb\"},\"inLanguage\":\"fr-FR\",\"potentialAction\":[{\"@type\":\"ReadAction\",\"target\":[\"https:\/\/www.pressenza.com\/fr\/2018\/06\/les-medias-ont-oublie-les-refugies-et-migrants\/\"]}]},{\"@type\":\"ImageObject\",\"inLanguage\":\"fr-FR\",\"@id\":\"https:\/\/www.pressenza.com\/fr\/2018\/06\/les-medias-ont-oublie-les-refugies-et-migrants\/#primaryimage\",\"url\":\"https:\/\/www.pressenza.com\/wp-content\/uploads\/2018\/05\/1-2.jpg\",\"contentUrl\":\"https:\/\/www.pressenza.com\/wp-content\/uploads\/2018\/05\/1-2.jpg\",\"width\":1853,\"height\":909},{\"@type\":\"BreadcrumbList\",\"@id\":\"https:\/\/www.pressenza.com\/fr\/2018\/06\/les-medias-ont-oublie-les-refugies-et-migrants\/#breadcrumb\",\"itemListElement\":[{\"@type\":\"ListItem\",\"position\":1,\"name\":\"Accueil\",\"item\":\"https:\/\/www.pressenza.com\/fr\/\"},{\"@type\":\"ListItem\",\"position\":2,\"name\":\"Les m\u00e9dias ont oubli\u00e9 les r\u00e9fugi\u00e9s et migrants\"}]},{\"@type\":\"WebSite\",\"@id\":\"https:\/\/www.pressenza.com\/fr\/#website\",\"url\":\"https:\/\/www.pressenza.com\/fr\/\",\"name\":\"Pressenza\",\"description\":\"International Press Agency\",\"publisher\":{\"@id\":\"https:\/\/www.pressenza.com\/fr\/#organization\"},\"potentialAction\":[{\"@type\":\"SearchAction\",\"target\":{\"@type\":\"EntryPoint\",\"urlTemplate\":\"https:\/\/www.pressenza.com\/fr\/?s={search_term_string}\"},\"query-input\":{\"@type\":\"PropertyValueSpecification\",\"valueRequired\":true,\"valueName\":\"search_term_string\"}}],\"inLanguage\":\"fr-FR\"},{\"@type\":\"Organization\",\"@id\":\"https:\/\/www.pressenza.com\/fr\/#organization\",\"name\":\"Pressenza\",\"url\":\"https:\/\/www.pressenza.com\/fr\/\",\"logo\":{\"@type\":\"ImageObject\",\"inLanguage\":\"fr-FR\",\"@id\":\"https:\/\/www.pressenza.com\/fr\/#\/schema\/logo\/image\/\",\"url\":\"https:\/\/www.pressenza.com\/wp-content\/uploads\/2022\/10\/pressenza_logo_200x200.jpg\",\"contentUrl\":\"https:\/\/www.pressenza.com\/wp-content\/uploads\/2022\/10\/pressenza_logo_200x200.jpg\",\"width\":200,\"height\":200,\"caption\":\"Pressenza\"},\"image\":{\"@id\":\"https:\/\/www.pressenza.com\/fr\/#\/schema\/logo\/image\/\"},\"sameAs\":[\"https:\/\/www.facebook.com\/PressenzaItalia\",\"https:\/\/x.com\/PressenzaIPA\"]},{\"@type\":\"Person\",\"@id\":\"https:\/\/www.pressenza.com\/fr\/#\/schema\/person\/0b103aa2cc3460da3ad453ade8a7ef24\",\"name\":\"European Humanist Forum\",\"url\":\"https:\/\/www.pressenza.com\/fr\/author\/european-humanist-forum-2018\/\"}]}<\/script>\n<!-- \/ Yoast SEO plugin. -->","yoast_head_json":{"title":"Les m\u00e9dias ont oubli\u00e9 les r\u00e9fugi\u00e9s et migrants","description":"\u00ab\u00a0Je viens du pays des reporters, du pays des arnaqueurs, l\u00e0 o\u00f9 malheureusement d\u00e9cident les conseils d\u2019administration. Depuis que les conseils","robots":{"index":"index","follow":"follow","max-snippet":"max-snippet:-1","max-image-preview":"max-image-preview:large","max-video-preview":"max-video-preview:-1"},"canonical":"https:\/\/www.pressenza.com\/fr\/2018\/06\/les-medias-ont-oublie-les-refugies-et-migrants\/","og_locale":"fr_FR","og_type":"article","og_title":"Les m\u00e9dias ont oubli\u00e9 les r\u00e9fugi\u00e9s et migrants","og_description":"\u00ab\u00a0Je viens du pays des reporters, du pays des arnaqueurs, l\u00e0 o\u00f9 malheureusement d\u00e9cident les conseils d\u2019administration. Depuis que les conseils","og_url":"https:\/\/www.pressenza.com\/fr\/2018\/06\/les-medias-ont-oublie-les-refugies-et-migrants\/","og_site_name":"Pressenza","article_publisher":"https:\/\/www.facebook.com\/PressenzaItalia","article_published_time":"2018-06-01T19:43:15+00:00","og_image":[{"width":1853,"height":909,"url":"https:\/\/www.pressenza.com\/wp-content\/uploads\/2018\/05\/1-2.jpg","type":"image\/jpeg"}],"author":"European Humanist Forum","twitter_card":"summary_large_image","twitter_creator":"@PressenzaIPA","twitter_site":"@PressenzaIPA","twitter_misc":{"\u00c9crit par":"European Humanist Forum","Dur\u00e9e de lecture estim\u00e9e":"3 minutes"},"schema":{"@context":"https:\/\/schema.org","@graph":[{"@type":"Article","@id":"https:\/\/www.pressenza.com\/fr\/2018\/06\/les-medias-ont-oublie-les-refugies-et-migrants\/#article","isPartOf":{"@id":"https:\/\/www.pressenza.com\/fr\/2018\/06\/les-medias-ont-oublie-les-refugies-et-migrants\/"},"author":{"name":"European Humanist Forum","@id":"https:\/\/www.pressenza.com\/fr\/#\/schema\/person\/0b103aa2cc3460da3ad453ade8a7ef24"},"headline":"Les m\u00e9dias ont oubli\u00e9 les r\u00e9fugi\u00e9s et migrants","datePublished":"2018-06-01T19:43:15+00:00","mainEntityOfPage":{"@id":"https:\/\/www.pressenza.com\/fr\/2018\/06\/les-medias-ont-oublie-les-refugies-et-migrants\/"},"wordCount":694,"publisher":{"@id":"https:\/\/www.pressenza.com\/fr\/#organization"},"image":{"@id":"https:\/\/www.pressenza.com\/fr\/2018\/06\/les-medias-ont-oublie-les-refugies-et-migrants\/#primaryimage"},"thumbnailUrl":"https:\/\/www.pressenza.com\/wp-content\/uploads\/2018\/05\/1-2.jpg","keywords":["#A pie de valla","Antonio Sempere","El Infierno Serbio","Forum humaniste europ\u00e9en 2018","Union europ\u00e9enne"],"articleSection":["Contenu Original","Diversit\u00e9","Droits humains","Europe","Interviews"],"inLanguage":"fr-FR"},{"@type":"WebPage","@id":"https:\/\/www.pressenza.com\/fr\/2018\/06\/les-medias-ont-oublie-les-refugies-et-migrants\/","url":"https:\/\/www.pressenza.com\/fr\/2018\/06\/les-medias-ont-oublie-les-refugies-et-migrants\/","name":"Les m\u00e9dias ont oubli\u00e9 les r\u00e9fugi\u00e9s et migrants","isPartOf":{"@id":"https:\/\/www.pressenza.com\/fr\/#website"},"primaryImageOfPage":{"@id":"https:\/\/www.pressenza.com\/fr\/2018\/06\/les-medias-ont-oublie-les-refugies-et-migrants\/#primaryimage"},"image":{"@id":"https:\/\/www.pressenza.com\/fr\/2018\/06\/les-medias-ont-oublie-les-refugies-et-migrants\/#primaryimage"},"thumbnailUrl":"https:\/\/www.pressenza.com\/wp-content\/uploads\/2018\/05\/1-2.jpg","datePublished":"2018-06-01T19:43:15+00:00","description":"\u00ab\u00a0Je viens du pays des reporters, du pays des arnaqueurs, l\u00e0 o\u00f9 malheureusement d\u00e9cident les conseils d\u2019administration. Depuis que les conseils","breadcrumb":{"@id":"https:\/\/www.pressenza.com\/fr\/2018\/06\/les-medias-ont-oublie-les-refugies-et-migrants\/#breadcrumb"},"inLanguage":"fr-FR","potentialAction":[{"@type":"ReadAction","target":["https:\/\/www.pressenza.com\/fr\/2018\/06\/les-medias-ont-oublie-les-refugies-et-migrants\/"]}]},{"@type":"ImageObject","inLanguage":"fr-FR","@id":"https:\/\/www.pressenza.com\/fr\/2018\/06\/les-medias-ont-oublie-les-refugies-et-migrants\/#primaryimage","url":"https:\/\/www.pressenza.com\/wp-content\/uploads\/2018\/05\/1-2.jpg","contentUrl":"https:\/\/www.pressenza.com\/wp-content\/uploads\/2018\/05\/1-2.jpg","width":1853,"height":909},{"@type":"BreadcrumbList","@id":"https:\/\/www.pressenza.com\/fr\/2018\/06\/les-medias-ont-oublie-les-refugies-et-migrants\/#breadcrumb","itemListElement":[{"@type":"ListItem","position":1,"name":"Accueil","item":"https:\/\/www.pressenza.com\/fr\/"},{"@type":"ListItem","position":2,"name":"Les m\u00e9dias ont oubli\u00e9 les r\u00e9fugi\u00e9s et migrants"}]},{"@type":"WebSite","@id":"https:\/\/www.pressenza.com\/fr\/#website","url":"https:\/\/www.pressenza.com\/fr\/","name":"Pressenza","description":"International Press Agency","publisher":{"@id":"https:\/\/www.pressenza.com\/fr\/#organization"},"potentialAction":[{"@type":"SearchAction","target":{"@type":"EntryPoint","urlTemplate":"https:\/\/www.pressenza.com\/fr\/?s={search_term_string}"},"query-input":{"@type":"PropertyValueSpecification","valueRequired":true,"valueName":"search_term_string"}}],"inLanguage":"fr-FR"},{"@type":"Organization","@id":"https:\/\/www.pressenza.com\/fr\/#organization","name":"Pressenza","url":"https:\/\/www.pressenza.com\/fr\/","logo":{"@type":"ImageObject","inLanguage":"fr-FR","@id":"https:\/\/www.pressenza.com\/fr\/#\/schema\/logo\/image\/","url":"https:\/\/www.pressenza.com\/wp-content\/uploads\/2022\/10\/pressenza_logo_200x200.jpg","contentUrl":"https:\/\/www.pressenza.com\/wp-content\/uploads\/2022\/10\/pressenza_logo_200x200.jpg","width":200,"height":200,"caption":"Pressenza"},"image":{"@id":"https:\/\/www.pressenza.com\/fr\/#\/schema\/logo\/image\/"},"sameAs":["https:\/\/www.facebook.com\/PressenzaItalia","https:\/\/x.com\/PressenzaIPA"]},{"@type":"Person","@id":"https:\/\/www.pressenza.com\/fr\/#\/schema\/person\/0b103aa2cc3460da3ad453ade8a7ef24","name":"European Humanist Forum","url":"https:\/\/www.pressenza.com\/fr\/author\/european-humanist-forum-2018\/"}]}},"place":"Madrid, Espagne","original_article_url":"","_links":{"self":[{"href":"https:\/\/www.pressenza.com\/fr\/wp-json\/wp\/v2\/posts\/649491","targetHints":{"allow":["GET"]}}],"collection":[{"href":"https:\/\/www.pressenza.com\/fr\/wp-json\/wp\/v2\/posts"}],"about":[{"href":"https:\/\/www.pressenza.com\/fr\/wp-json\/wp\/v2\/types\/post"}],"author":[{"embeddable":true,"href":"https:\/\/www.pressenza.com\/fr\/wp-json\/wp\/v2\/users\/1508"}],"replies":[{"embeddable":true,"href":"https:\/\/www.pressenza.com\/fr\/wp-json\/wp\/v2\/comments?post=649491"}],"version-history":[{"count":0,"href":"https:\/\/www.pressenza.com\/fr\/wp-json\/wp\/v2\/posts\/649491\/revisions"}],"wp:featuredmedia":[{"embeddable":true,"href":"https:\/\/www.pressenza.com\/fr\/wp-json\/wp\/v2\/media\/645519"}],"wp:attachment":[{"href":"https:\/\/www.pressenza.com\/fr\/wp-json\/wp\/v2\/media?parent=649491"}],"wp:term":[{"taxonomy":"category","embeddable":true,"href":"https:\/\/www.pressenza.com\/fr\/wp-json\/wp\/v2\/categories?post=649491"},{"taxonomy":"post_tag","embeddable":true,"href":"https:\/\/www.pressenza.com\/fr\/wp-json\/wp\/v2\/tags?post=649491"}],"curies":[{"name":"wp","href":"https:\/\/api.w.org\/{rel}","templated":true}]}}