{"id":643867,"date":"2018-05-22T02:02:11","date_gmt":"2018-05-22T01:02:11","guid":{"rendered":"https:\/\/www.pressenza.com\/?p=643867"},"modified":"2018-05-29T22:00:49","modified_gmt":"2018-05-29T21:00:49","slug":"mario-aguilar-president-de-lassociation-professeurs-chili-lors-veme-forum-humaniste-europeen","status":"publish","type":"post","link":"https:\/\/www.pressenza.com\/fr\/2018\/05\/mario-aguilar-president-de-lassociation-professeurs-chili-lors-veme-forum-humaniste-europeen\/","title":{"rendered":"Mario Aguilar, Pr\u00e9sident de l&rsquo;Association des professeurs du Chili au V\u00e8me Forum Humaniste Europ\u00e9en"},"content":{"rendered":"<p>Professeur, \u00e9crivain et pr\u00e9sident de l&rsquo;Association des professeurs du Chili, le plus grand syndicat du pays andin, Mario Aguilar r\u00e9pond \u00e0 Pressenza sur la mani\u00e8re dont il est arriv\u00e9 \u00e0 la t\u00eate de cette organisation syndicale et les cons\u00e9quences qui en d\u00e9coulent. Il met l&rsquo;accent sur le travail avec les gens et face aux gens.<\/p>\n<p><em>Pour voir la vid\u00e9o ( 3\u2032 24\u2032\u2032 ) avec les sous titres en fran\u00e7ais\u00a0:\u00a0<strong>1.<\/strong>\u00a0Cliquez sur l\u2019ic\u00f4ne\u00a0<strong>Sous-titres\u00a0<\/strong>(rectangle blanc en bas a droite de la fen\u00eatre du lecteur vid\u00e9o<\/em><em>).\u00a0 \u00a0<strong>2.<\/strong>\u00a0<\/em><em>Cliquez sur l\u2019ic\u00f4ne\u00a0<strong>Param\u00e8tres\u00a0<\/strong>(roue dent\u00e9e\u00a0en bas \u00e0 droite<\/em><em>), puis cliquez\u00a0<\/em><em>successivement sur\u00a0<strong>Sous-titres<\/strong>, puis sur\u00a0<strong>Traduire automatiquement<\/strong>.\u00a0\u00a0\u00a0\u00a0<strong>3.<\/strong>\u00a0Dans la fen\u00eatre qui s\u2019ouvre, faites d\u00e9filer la liste des langues et cliquer sur\u00a0<strong>Fran\u00e7ais<\/strong>.<\/em><\/p>\n<p><iframe loading=\"lazy\" title=\"Entrevista con Mario Aguilar en el Foro Humanista Europeo\" width=\"500\" height=\"281\" src=\"https:\/\/www.youtube.com\/embed\/M4VciTFVnKQ?feature=oembed\" frameborder=\"0\" allow=\"accelerometer; autoplay; clipboard-write; encrypted-media; gyroscope; picture-in-picture; web-share\" referrerpolicy=\"strict-origin-when-cross-origin\" allowfullscreen><\/iframe><\/p>\n","protected":false},"excerpt":{"rendered":"<p>Professeur, \u00e9crivain et pr\u00e9sident de l&rsquo;Association des professeurs du Chili, le plus grand syndicat du pays andin, Mario Aguilar r\u00e9pond \u00e0 Pressenza sur la mani\u00e8re dont il est arriv\u00e9 \u00e0 la t\u00eate de cette organisation syndicale et les cons\u00e9quences qui&hellip;<\/p>\n","protected":false},"author":19,"featured_media":640057,"comment_status":"closed","ping_status":"closed","sticky":false,"template":"","format":"standard","meta":{"footnotes":""},"categories":[11386,1249,40,156],"tags":[46301,45285,45286,45287,45586,43785,31339,43429,261,43160,7784,5699,46302],"class_list":["post-643867","post","type-post","status-publish","format-standard","has-post-thumbnail","hentry","category-contenu-original","category-education-sujet","category-international-fr","category-interview-fr","tag-europeanhumanistforum","tag-fhe2018","tag-fue2018","tag-loquenosune","tag-whatunitesus","tag-ce-qui-nous-unit","tag-colegio-de-profesores-de-chile","tag-ehf2018","tag-espagne","tag-forum-humaniste-europeen","tag-mario-aguilar","tag-nation-humaine-universelle","tag-pedagogie-de-lintentionnalite"],"yoast_head":"<!-- This site is optimized with the Yoast SEO plugin v27.1.1 - https:\/\/yoast.com\/product\/yoast-seo-wordpress\/ -->\n<title>Mario Aguilar, Pr\u00e9sident de l&#039;Association des professeurs du Chili au V\u00e8me Forum Humaniste Europ\u00e9en<\/title>\n<meta name=\"description\" content=\"Professeur, \u00e9crivain et pr\u00e9sident de l&#039;Association des professeurs du Chili, le plus grand syndicat du pays andin, Mario Aguilar r\u00e9pond \u00e0 Pressenza sur la\" \/>\n<meta name=\"robots\" content=\"index, follow, max-snippet:-1, max-image-preview:large, max-video-preview:-1\" \/>\n<link rel=\"canonical\" href=\"https:\/\/www.pressenza.com\/fr\/2018\/05\/mario-aguilar-president-de-lassociation-professeurs-chili-lors-veme-forum-humaniste-europeen\/\" \/>\n<meta property=\"og:locale\" content=\"fr_FR\" \/>\n<meta property=\"og:type\" content=\"article\" \/>\n<meta property=\"og:title\" content=\"Mario Aguilar, Pr\u00e9sident de l&#039;Association des professeurs du Chili au V\u00e8me Forum Humaniste Europ\u00e9en\" \/>\n<meta property=\"og:description\" content=\"Professeur, \u00e9crivain et pr\u00e9sident de l&#039;Association des professeurs du Chili, le plus grand syndicat du pays andin, Mario Aguilar r\u00e9pond \u00e0 Pressenza sur la\" \/>\n<meta property=\"og:url\" content=\"https:\/\/www.pressenza.com\/fr\/2018\/05\/mario-aguilar-president-de-lassociation-professeurs-chili-lors-veme-forum-humaniste-europeen\/\" \/>\n<meta property=\"og:site_name\" content=\"Pressenza\" \/>\n<meta property=\"article:publisher\" content=\"https:\/\/www.facebook.com\/PressenzaItalia\" \/>\n<meta property=\"article:author\" content=\"https:\/\/www.facebook.com\/pressenza\" \/>\n<meta property=\"article:published_time\" content=\"2018-05-22T01:02:11+00:00\" \/>\n<meta property=\"article:modified_time\" content=\"2018-05-29T21:00:49+00:00\" \/>\n<meta property=\"og:image\" content=\"https:\/\/www.pressenza.com\/wp-content\/uploads\/2018\/05\/DSC_0328.jpg\" \/>\n\t<meta property=\"og:image:width\" content=\"2048\" \/>\n\t<meta property=\"og:image:height\" content=\"1485\" \/>\n\t<meta property=\"og:image:type\" content=\"image\/jpeg\" \/>\n<meta name=\"author\" content=\"Pressenza IPA\" \/>\n<meta name=\"twitter:card\" content=\"summary_large_image\" \/>\n<meta name=\"twitter:creator\" content=\"@PressenzaIPA\" \/>\n<meta name=\"twitter:site\" content=\"@PressenzaIPA\" \/>\n<meta name=\"twitter:label1\" content=\"\u00c9crit par\" \/>\n\t<meta name=\"twitter:data1\" content=\"Pressenza IPA\" \/>\n\t<meta name=\"twitter:label2\" content=\"Dur\u00e9e de lecture estim\u00e9e\" \/>\n\t<meta name=\"twitter:data2\" content=\"1 minute\" \/>\n<script type=\"application\/ld+json\" class=\"yoast-schema-graph\">{\"@context\":\"https:\/\/schema.org\",\"@graph\":[{\"@type\":\"Article\",\"@id\":\"https:\/\/www.pressenza.com\/fr\/2018\/05\/mario-aguilar-president-de-lassociation-professeurs-chili-lors-veme-forum-humaniste-europeen\/#article\",\"isPartOf\":{\"@id\":\"https:\/\/www.pressenza.com\/fr\/2018\/05\/mario-aguilar-president-de-lassociation-professeurs-chili-lors-veme-forum-humaniste-europeen\/\"},\"author\":{\"name\":\"Pressenza IPA\",\"@id\":\"https:\/\/www.pressenza.com\/fr\/#\/schema\/person\/010e5d02bcf40965427a1289a4cc8d75\"},\"headline\":\"Mario Aguilar, Pr\u00e9sident de l&rsquo;Association des professeurs du Chili au V\u00e8me Forum Humaniste Europ\u00e9en\",\"datePublished\":\"2018-05-22T01:02:11+00:00\",\"dateModified\":\"2018-05-29T21:00:49+00:00\",\"mainEntityOfPage\":{\"@id\":\"https:\/\/www.pressenza.com\/fr\/2018\/05\/mario-aguilar-president-de-lassociation-professeurs-chili-lors-veme-forum-humaniste-europeen\/\"},\"wordCount\":159,\"publisher\":{\"@id\":\"https:\/\/www.pressenza.com\/fr\/#organization\"},\"image\":{\"@id\":\"https:\/\/www.pressenza.com\/fr\/2018\/05\/mario-aguilar-president-de-lassociation-professeurs-chili-lors-veme-forum-humaniste-europeen\/#primaryimage\"},\"thumbnailUrl\":\"https:\/\/www.pressenza.com\/wp-content\/uploads\/2018\/05\/DSC_0328.jpg\",\"keywords\":[\"#EuropeanHumanistForum\",\"#FHE2018\",\"#FUE2018\",\"#LoQueNosUne\",\"#WhatUnitesUs\",\"ce qui nous unit\",\"Colegio de Profesores de Chile\",\"EHF2018\",\"Espagne\",\"Forum Humaniste Europ\u00e9en\",\"Mario Aguilar\",\"Nation humaine universelle\",\"P\u00e9dagogie de l'Intentionnalit\u00e9\"],\"articleSection\":[\"Contenu Original\",\"Education\",\"International\",\"Interviews\"],\"inLanguage\":\"fr-FR\"},{\"@type\":\"WebPage\",\"@id\":\"https:\/\/www.pressenza.com\/fr\/2018\/05\/mario-aguilar-president-de-lassociation-professeurs-chili-lors-veme-forum-humaniste-europeen\/\",\"url\":\"https:\/\/www.pressenza.com\/fr\/2018\/05\/mario-aguilar-president-de-lassociation-professeurs-chili-lors-veme-forum-humaniste-europeen\/\",\"name\":\"Mario Aguilar, Pr\u00e9sident de l'Association des professeurs du Chili au V\u00e8me Forum Humaniste Europ\u00e9en\",\"isPartOf\":{\"@id\":\"https:\/\/www.pressenza.com\/fr\/#website\"},\"primaryImageOfPage\":{\"@id\":\"https:\/\/www.pressenza.com\/fr\/2018\/05\/mario-aguilar-president-de-lassociation-professeurs-chili-lors-veme-forum-humaniste-europeen\/#primaryimage\"},\"image\":{\"@id\":\"https:\/\/www.pressenza.com\/fr\/2018\/05\/mario-aguilar-president-de-lassociation-professeurs-chili-lors-veme-forum-humaniste-europeen\/#primaryimage\"},\"thumbnailUrl\":\"https:\/\/www.pressenza.com\/wp-content\/uploads\/2018\/05\/DSC_0328.jpg\",\"datePublished\":\"2018-05-22T01:02:11+00:00\",\"dateModified\":\"2018-05-29T21:00:49+00:00\",\"description\":\"Professeur, \u00e9crivain et pr\u00e9sident de l'Association des professeurs du Chili, le plus grand syndicat du pays andin, Mario Aguilar r\u00e9pond \u00e0 Pressenza sur la\",\"breadcrumb\":{\"@id\":\"https:\/\/www.pressenza.com\/fr\/2018\/05\/mario-aguilar-president-de-lassociation-professeurs-chili-lors-veme-forum-humaniste-europeen\/#breadcrumb\"},\"inLanguage\":\"fr-FR\",\"potentialAction\":[{\"@type\":\"ReadAction\",\"target\":[\"https:\/\/www.pressenza.com\/fr\/2018\/05\/mario-aguilar-president-de-lassociation-professeurs-chili-lors-veme-forum-humaniste-europeen\/\"]}]},{\"@type\":\"ImageObject\",\"inLanguage\":\"fr-FR\",\"@id\":\"https:\/\/www.pressenza.com\/fr\/2018\/05\/mario-aguilar-president-de-lassociation-professeurs-chili-lors-veme-forum-humaniste-europeen\/#primaryimage\",\"url\":\"https:\/\/www.pressenza.com\/wp-content\/uploads\/2018\/05\/DSC_0328.jpg\",\"contentUrl\":\"https:\/\/www.pressenza.com\/wp-content\/uploads\/2018\/05\/DSC_0328.jpg\",\"width\":2048,\"height\":1485},{\"@type\":\"BreadcrumbList\",\"@id\":\"https:\/\/www.pressenza.com\/fr\/2018\/05\/mario-aguilar-president-de-lassociation-professeurs-chili-lors-veme-forum-humaniste-europeen\/#breadcrumb\",\"itemListElement\":[{\"@type\":\"ListItem\",\"position\":1,\"name\":\"Accueil\",\"item\":\"https:\/\/www.pressenza.com\/fr\/\"},{\"@type\":\"ListItem\",\"position\":2,\"name\":\"Mario Aguilar, Pr\u00e9sident de l&rsquo;Association des professeurs du Chili au V\u00e8me Forum Humaniste Europ\u00e9en\"}]},{\"@type\":\"WebSite\",\"@id\":\"https:\/\/www.pressenza.com\/fr\/#website\",\"url\":\"https:\/\/www.pressenza.com\/fr\/\",\"name\":\"Pressenza\",\"description\":\"International Press Agency\",\"publisher\":{\"@id\":\"https:\/\/www.pressenza.com\/fr\/#organization\"},\"potentialAction\":[{\"@type\":\"SearchAction\",\"target\":{\"@type\":\"EntryPoint\",\"urlTemplate\":\"https:\/\/www.pressenza.com\/fr\/?s={search_term_string}\"},\"query-input\":{\"@type\":\"PropertyValueSpecification\",\"valueRequired\":true,\"valueName\":\"search_term_string\"}}],\"inLanguage\":\"fr-FR\"},{\"@type\":\"Organization\",\"@id\":\"https:\/\/www.pressenza.com\/fr\/#organization\",\"name\":\"Pressenza\",\"url\":\"https:\/\/www.pressenza.com\/fr\/\",\"logo\":{\"@type\":\"ImageObject\",\"inLanguage\":\"fr-FR\",\"@id\":\"https:\/\/www.pressenza.com\/fr\/#\/schema\/logo\/image\/\",\"url\":\"https:\/\/www.pressenza.com\/wp-content\/uploads\/2022\/10\/pressenza_logo_200x200.jpg\",\"contentUrl\":\"https:\/\/www.pressenza.com\/wp-content\/uploads\/2022\/10\/pressenza_logo_200x200.jpg\",\"width\":200,\"height\":200,\"caption\":\"Pressenza\"},\"image\":{\"@id\":\"https:\/\/www.pressenza.com\/fr\/#\/schema\/logo\/image\/\"},\"sameAs\":[\"https:\/\/www.facebook.com\/PressenzaItalia\",\"https:\/\/x.com\/PressenzaIPA\"]},{\"@type\":\"Person\",\"@id\":\"https:\/\/www.pressenza.com\/fr\/#\/schema\/person\/010e5d02bcf40965427a1289a4cc8d75\",\"name\":\"Pressenza IPA\",\"description\":\"News from Pressenza IPA correspondents\",\"sameAs\":[\"https:\/\/www.facebook.com\/pressenza\",\"https:\/\/x.com\/PressenzaIPA\"],\"url\":\"https:\/\/www.pressenza.com\/fr\/author\/pressenza-ipa\/\"}]}<\/script>\n<!-- \/ Yoast SEO plugin. -->","yoast_head_json":{"title":"Mario Aguilar, Pr\u00e9sident de l'Association des professeurs du Chili au V\u00e8me Forum Humaniste Europ\u00e9en","description":"Professeur, \u00e9crivain et pr\u00e9sident de l'Association des professeurs du Chili, le plus grand syndicat du pays andin, Mario Aguilar r\u00e9pond \u00e0 Pressenza sur la","robots":{"index":"index","follow":"follow","max-snippet":"max-snippet:-1","max-image-preview":"max-image-preview:large","max-video-preview":"max-video-preview:-1"},"canonical":"https:\/\/www.pressenza.com\/fr\/2018\/05\/mario-aguilar-president-de-lassociation-professeurs-chili-lors-veme-forum-humaniste-europeen\/","og_locale":"fr_FR","og_type":"article","og_title":"Mario Aguilar, Pr\u00e9sident de l'Association des professeurs du Chili au V\u00e8me Forum Humaniste Europ\u00e9en","og_description":"Professeur, \u00e9crivain et pr\u00e9sident de l'Association des professeurs du Chili, le plus grand syndicat du pays andin, Mario Aguilar r\u00e9pond \u00e0 Pressenza sur la","og_url":"https:\/\/www.pressenza.com\/fr\/2018\/05\/mario-aguilar-president-de-lassociation-professeurs-chili-lors-veme-forum-humaniste-europeen\/","og_site_name":"Pressenza","article_publisher":"https:\/\/www.facebook.com\/PressenzaItalia","article_author":"https:\/\/www.facebook.com\/pressenza","article_published_time":"2018-05-22T01:02:11+00:00","article_modified_time":"2018-05-29T21:00:49+00:00","og_image":[{"width":2048,"height":1485,"url":"https:\/\/www.pressenza.com\/wp-content\/uploads\/2018\/05\/DSC_0328.jpg","type":"image\/jpeg"}],"author":"Pressenza IPA","twitter_card":"summary_large_image","twitter_creator":"@PressenzaIPA","twitter_site":"@PressenzaIPA","twitter_misc":{"\u00c9crit par":"Pressenza IPA","Dur\u00e9e de lecture estim\u00e9e":"1 minute"},"schema":{"@context":"https:\/\/schema.org","@graph":[{"@type":"Article","@id":"https:\/\/www.pressenza.com\/fr\/2018\/05\/mario-aguilar-president-de-lassociation-professeurs-chili-lors-veme-forum-humaniste-europeen\/#article","isPartOf":{"@id":"https:\/\/www.pressenza.com\/fr\/2018\/05\/mario-aguilar-president-de-lassociation-professeurs-chili-lors-veme-forum-humaniste-europeen\/"},"author":{"name":"Pressenza IPA","@id":"https:\/\/www.pressenza.com\/fr\/#\/schema\/person\/010e5d02bcf40965427a1289a4cc8d75"},"headline":"Mario Aguilar, Pr\u00e9sident de l&rsquo;Association des professeurs du Chili au V\u00e8me Forum Humaniste Europ\u00e9en","datePublished":"2018-05-22T01:02:11+00:00","dateModified":"2018-05-29T21:00:49+00:00","mainEntityOfPage":{"@id":"https:\/\/www.pressenza.com\/fr\/2018\/05\/mario-aguilar-president-de-lassociation-professeurs-chili-lors-veme-forum-humaniste-europeen\/"},"wordCount":159,"publisher":{"@id":"https:\/\/www.pressenza.com\/fr\/#organization"},"image":{"@id":"https:\/\/www.pressenza.com\/fr\/2018\/05\/mario-aguilar-president-de-lassociation-professeurs-chili-lors-veme-forum-humaniste-europeen\/#primaryimage"},"thumbnailUrl":"https:\/\/www.pressenza.com\/wp-content\/uploads\/2018\/05\/DSC_0328.jpg","keywords":["#EuropeanHumanistForum","#FHE2018","#FUE2018","#LoQueNosUne","#WhatUnitesUs","ce qui nous unit","Colegio de Profesores de Chile","EHF2018","Espagne","Forum Humaniste Europ\u00e9en","Mario Aguilar","Nation humaine universelle","P\u00e9dagogie de l'Intentionnalit\u00e9"],"articleSection":["Contenu Original","Education","International","Interviews"],"inLanguage":"fr-FR"},{"@type":"WebPage","@id":"https:\/\/www.pressenza.com\/fr\/2018\/05\/mario-aguilar-president-de-lassociation-professeurs-chili-lors-veme-forum-humaniste-europeen\/","url":"https:\/\/www.pressenza.com\/fr\/2018\/05\/mario-aguilar-president-de-lassociation-professeurs-chili-lors-veme-forum-humaniste-europeen\/","name":"Mario Aguilar, Pr\u00e9sident de l'Association des professeurs du Chili au V\u00e8me Forum Humaniste Europ\u00e9en","isPartOf":{"@id":"https:\/\/www.pressenza.com\/fr\/#website"},"primaryImageOfPage":{"@id":"https:\/\/www.pressenza.com\/fr\/2018\/05\/mario-aguilar-president-de-lassociation-professeurs-chili-lors-veme-forum-humaniste-europeen\/#primaryimage"},"image":{"@id":"https:\/\/www.pressenza.com\/fr\/2018\/05\/mario-aguilar-president-de-lassociation-professeurs-chili-lors-veme-forum-humaniste-europeen\/#primaryimage"},"thumbnailUrl":"https:\/\/www.pressenza.com\/wp-content\/uploads\/2018\/05\/DSC_0328.jpg","datePublished":"2018-05-22T01:02:11+00:00","dateModified":"2018-05-29T21:00:49+00:00","description":"Professeur, \u00e9crivain et pr\u00e9sident de l'Association des professeurs du Chili, le plus grand syndicat du pays andin, Mario Aguilar r\u00e9pond \u00e0 Pressenza sur la","breadcrumb":{"@id":"https:\/\/www.pressenza.com\/fr\/2018\/05\/mario-aguilar-president-de-lassociation-professeurs-chili-lors-veme-forum-humaniste-europeen\/#breadcrumb"},"inLanguage":"fr-FR","potentialAction":[{"@type":"ReadAction","target":["https:\/\/www.pressenza.com\/fr\/2018\/05\/mario-aguilar-president-de-lassociation-professeurs-chili-lors-veme-forum-humaniste-europeen\/"]}]},{"@type":"ImageObject","inLanguage":"fr-FR","@id":"https:\/\/www.pressenza.com\/fr\/2018\/05\/mario-aguilar-president-de-lassociation-professeurs-chili-lors-veme-forum-humaniste-europeen\/#primaryimage","url":"https:\/\/www.pressenza.com\/wp-content\/uploads\/2018\/05\/DSC_0328.jpg","contentUrl":"https:\/\/www.pressenza.com\/wp-content\/uploads\/2018\/05\/DSC_0328.jpg","width":2048,"height":1485},{"@type":"BreadcrumbList","@id":"https:\/\/www.pressenza.com\/fr\/2018\/05\/mario-aguilar-president-de-lassociation-professeurs-chili-lors-veme-forum-humaniste-europeen\/#breadcrumb","itemListElement":[{"@type":"ListItem","position":1,"name":"Accueil","item":"https:\/\/www.pressenza.com\/fr\/"},{"@type":"ListItem","position":2,"name":"Mario Aguilar, Pr\u00e9sident de l&rsquo;Association des professeurs du Chili au V\u00e8me Forum Humaniste Europ\u00e9en"}]},{"@type":"WebSite","@id":"https:\/\/www.pressenza.com\/fr\/#website","url":"https:\/\/www.pressenza.com\/fr\/","name":"Pressenza","description":"International Press Agency","publisher":{"@id":"https:\/\/www.pressenza.com\/fr\/#organization"},"potentialAction":[{"@type":"SearchAction","target":{"@type":"EntryPoint","urlTemplate":"https:\/\/www.pressenza.com\/fr\/?s={search_term_string}"},"query-input":{"@type":"PropertyValueSpecification","valueRequired":true,"valueName":"search_term_string"}}],"inLanguage":"fr-FR"},{"@type":"Organization","@id":"https:\/\/www.pressenza.com\/fr\/#organization","name":"Pressenza","url":"https:\/\/www.pressenza.com\/fr\/","logo":{"@type":"ImageObject","inLanguage":"fr-FR","@id":"https:\/\/www.pressenza.com\/fr\/#\/schema\/logo\/image\/","url":"https:\/\/www.pressenza.com\/wp-content\/uploads\/2022\/10\/pressenza_logo_200x200.jpg","contentUrl":"https:\/\/www.pressenza.com\/wp-content\/uploads\/2022\/10\/pressenza_logo_200x200.jpg","width":200,"height":200,"caption":"Pressenza"},"image":{"@id":"https:\/\/www.pressenza.com\/fr\/#\/schema\/logo\/image\/"},"sameAs":["https:\/\/www.facebook.com\/PressenzaItalia","https:\/\/x.com\/PressenzaIPA"]},{"@type":"Person","@id":"https:\/\/www.pressenza.com\/fr\/#\/schema\/person\/010e5d02bcf40965427a1289a4cc8d75","name":"Pressenza IPA","description":"News from Pressenza IPA correspondents","sameAs":["https:\/\/www.facebook.com\/pressenza","https:\/\/x.com\/PressenzaIPA"],"url":"https:\/\/www.pressenza.com\/fr\/author\/pressenza-ipa\/"}]}},"place":"Madrid, Espagne","original_article_url":"","_links":{"self":[{"href":"https:\/\/www.pressenza.com\/fr\/wp-json\/wp\/v2\/posts\/643867","targetHints":{"allow":["GET"]}}],"collection":[{"href":"https:\/\/www.pressenza.com\/fr\/wp-json\/wp\/v2\/posts"}],"about":[{"href":"https:\/\/www.pressenza.com\/fr\/wp-json\/wp\/v2\/types\/post"}],"author":[{"embeddable":true,"href":"https:\/\/www.pressenza.com\/fr\/wp-json\/wp\/v2\/users\/19"}],"replies":[{"embeddable":true,"href":"https:\/\/www.pressenza.com\/fr\/wp-json\/wp\/v2\/comments?post=643867"}],"version-history":[{"count":0,"href":"https:\/\/www.pressenza.com\/fr\/wp-json\/wp\/v2\/posts\/643867\/revisions"}],"wp:featuredmedia":[{"embeddable":true,"href":"https:\/\/www.pressenza.com\/fr\/wp-json\/wp\/v2\/media\/640057"}],"wp:attachment":[{"href":"https:\/\/www.pressenza.com\/fr\/wp-json\/wp\/v2\/media?parent=643867"}],"wp:term":[{"taxonomy":"category","embeddable":true,"href":"https:\/\/www.pressenza.com\/fr\/wp-json\/wp\/v2\/categories?post=643867"},{"taxonomy":"post_tag","embeddable":true,"href":"https:\/\/www.pressenza.com\/fr\/wp-json\/wp\/v2\/tags?post=643867"}],"curies":[{"name":"wp","href":"https:\/\/api.w.org\/{rel}","templated":true}]}}