{"id":642257,"date":"2018-05-20T20:44:27","date_gmt":"2018-05-20T19:44:27","guid":{"rendered":"https:\/\/www.pressenza.com\/?p=642257"},"modified":"2019-01-20T20:29:12","modified_gmt":"2019-01-20T20:29:12","slug":"declaration-finale-5eme-forum-humaniste-europeen-2018","status":"publish","type":"post","link":"https:\/\/www.pressenza.com\/fr\/2018\/05\/declaration-finale-5eme-forum-humaniste-europeen-2018\/","title":{"rendered":"D\u00e9claration finale &#8211; 5\u00e8me Forum Humaniste Europ\u00e9en 2018"},"content":{"rendered":"<p>Nous reproduisons ici la D\u00e9claration finale du Forum Humaniste Europ\u00e9en 2018, qui a cl\u00f4tur\u00e9 l&rsquo;\u00e9v\u00e9nement le 13 mai 2018.<\/p>\n<p>\u00ab\u00a0Chers amis, ch\u00e8res amies,<\/p>\n<p>Nous nous sommes r\u00e9unis ici \u00e0 Madrid les 11, 12 et 13 mai 2018 \u00e0 une \u00e9poque extr\u00eamement pr\u00e9occupante, tant pour la situation sociale dans laquelle la violence augmente et o\u00f9 la vie devient de plus en plus difficile chaque jour, que pour la situation interne des \u00eatres humains. Le manque de sens et de foi qu&rsquo;il est possible de changer les choses conduit au d\u00e9sespoir, \u00e0 l&rsquo;intol\u00e9rance, au nihilisme, \u00e0 la violence int\u00e9rieure et au suicide dans de nombreux cas.<\/p>\n<p>Mais face \u00e0 cette situation, dans ce Forum, nous avons pu confirmer qu&rsquo;une autre r\u00e9alit\u00e9 se construit en parall\u00e8le, r\u00e9alit\u00e9 que le discours \u00ab\u00a0officiel\u00a0\u00bb dissimule : nous avons pu voir des exemples, des \u00e9chantillons, de cette Nation Humaine Universelle, qui n&rsquo;est pas seulement dans le futur mais qui devient une r\u00e9alit\u00e9 et que nous avons pu exp\u00e9rimenter ces jours-ci entre nous.<\/p>\n<p>Dans les 21 groupes de travail, auxquels ont particip\u00e9 plus de 600 personnes de 40 pays, nous avons \u00e9chang\u00e9 sur un \u00e9ventail de sujets qu&rsquo;il est presque impossible de synth\u00e9tiser, m\u00eame si nous tenterons de le faire dans les semaines \u00e0 venir, en le publiant sur le web et dans un livre que nous pr\u00e9parerons d\u00e8s que possible.<\/p>\n<p>Au cours de ce Forum, nous avons toujours cherch\u00e9 ce qui nous unit dans la diversit\u00e9, en comprenant que les probl\u00e8mes ne peuvent \u00eatre r\u00e9solus de mani\u00e8re isol\u00e9e, mais par les efforts d\u00e9lib\u00e9r\u00e9s et convergents de tous les peuples du monde qui se sentent humanistes.<\/p>\n<p>Mais qu&rsquo;est-ce qui nous a unis en ces jours intenses ? Et comment l&rsquo;exp\u00e9rience de ce Forum rayonnera-t-elle dans l&rsquo;avenir ?<\/p>\n<p>Nous avons vu que l&rsquo;essence de \u00ab\u00a0ce qui nous unit\u00a0\u00bb est de consid\u00e9rer l&rsquo;\u00eatre humain comme la plus haute valeur, au-dessus de l&rsquo;argent, de l&rsquo;\u00c9tat, de la religion, des mod\u00e8les et des syst\u00e8mes sociaux. Il s&rsquo;agit de promouvoir la libert\u00e9 de pens\u00e9e. Il s&rsquo;agit de promouvoir l&rsquo;\u00e9galit\u00e9 des droits et l&rsquo;\u00e9galit\u00e9 des chances pour tous. Il s&rsquo;agit de reconna\u00eetre et d&rsquo;encourager la diversit\u00e9 des coutumes et des cultures. C&rsquo;est s&rsquo;opposer \u00e0 toute discrimination et consacrer une juste r\u00e9sistance \u00e0 toute forme de violence physique, \u00e9conomique, raciale, religieuse, sexuelle, psychologique et morale.<\/p>\n<p>Le monde dans lequel nous vivons aujourd&rsquo;hui se trouve \u00e0 un carrefour qui exige de nouvelles r\u00e9ponses et une nouvelle conscience. Aujourd&rsquo;hui, il est n\u00e9cessaire de rechercher la Bonne Connaissance. Quand elle avance, la douleur et la souffrance que nous, les \u00eatres humains, ressentons reculent. La Bonne Connaissance conduit \u00e0 la justice, elle conduit \u00e0 la r\u00e9conciliation. La Bonne Connaissance conduit aussi \u00e0 la reconnaissance du sacr\u00e9 dans la profondeur de la conscience humaine.<\/p>\n<p>Nous sommes unis par la non-discrimination des autres en raison de leur religion ou de leur irr\u00e9ligiosit\u00e9 ; nous sommes \u00e9galement unis par la libert\u00e9 de proclamer ou pas notre propre spiritualit\u00e9 et notre croyance en l&rsquo;immortalit\u00e9 et le sacr\u00e9, et par la revendication de la R\u00e8gle d&rsquo;Or mill\u00e9naire, qui a accompagn\u00e9 l&rsquo;\u00eatre humain dans les meilleurs moments de son histoire et qui proclame\u00a0: \u00ab\u00a0traite les autres comme tu voudrais \u00eatre trait\u00e9\u00a0\u00bb. Enfin, nous sommes unis par l&rsquo;aspiration \u00e0 une nouvelle culture de r\u00e9conciliation et de non-violence.<\/p>\n<p>Chers amis, le travail de ce Forum ne se termine pas aujourd&rsquo;hui par cet acte de cl\u00f4ture, c&rsquo;\u00e9tait simplement un moment de synth\u00e8se. Les diff\u00e9rentes initiatives et propositions que nous venons d&rsquo;entendre se poursuivent dans la direction indiqu\u00e9e lors de ce Forum et nous am\u00e8nent \u00e0 projeter un autre moment de synth\u00e8se dans un avenir pas si lointain.<\/p>\n<p>C&rsquo;est donc avec une grande joie que nous pouvons annoncer d\u00e8s aujourd&rsquo;hui que ce Forum se r\u00e9unira \u00e0 nouveau dans deux ans.<\/p>\n<p>\u00c0 cette fin, nous proposons qu\u2019il ait lieu \u00e0 Rome les 12, 13 et 14 juin 2020.<\/p>\n<p>Pour tous, paix, force et joie !<\/p>\n<p>Madrid, le 13 mai 2018\u00a0\u00bb<\/p>\n<p>&nbsp;<\/p>\n<p><em>Pour voir la vid\u00e9o ( 4\u2032 09\u2032\u2032 ) avec les sous titres en fran\u00e7ais\u00a0:\u00a0<strong>1.<\/strong>\u00a0Cliquez sur l\u2019ic\u00f4ne\u00a0<strong>Sous-titres\u00a0<\/strong>(rectangle blanc en bas \u00e0 droite de la fen\u00eatre du lecteur vid\u00e9o<\/em><em>).\u00a0 \u00a0<strong>2.<\/strong>\u00a0<\/em><em>Cliquez sur l\u2019ic\u00f4ne\u00a0<strong>Param\u00e8tres\u00a0<\/strong>(roue dent\u00e9e\u00a0en bas \u00e0 droite<\/em><em>), puis cliquez\u00a0<\/em><em>successivement sur\u00a0<strong>Sous-titres<\/strong>, puis sur\u00a0<strong>Traduire automatiquement<\/strong>.\u00a0\u00a0\u00a0\u00a0<strong>3.<\/strong>\u00a0Dans la fen\u00eatre qui s\u2019ouvre, faites d\u00e9filer la liste des langues et cliquer sur\u00a0<strong>Fran\u00e7ais<\/strong>.<\/em><\/p>\n<p><iframe loading=\"lazy\" title=\"Final Declaration \u2013 5th European Humanist Forum 2018\" width=\"500\" height=\"281\" src=\"https:\/\/www.youtube.com\/embed\/hZ5pPdp8dKY?feature=oembed\" frameborder=\"0\" allow=\"accelerometer; autoplay; clipboard-write; encrypted-media; gyroscope; picture-in-picture; web-share\" referrerpolicy=\"strict-origin-when-cross-origin\" allowfullscreen><\/iframe><\/p>\n","protected":false},"excerpt":{"rendered":"<p>Nous reproduisons ici la D\u00e9claration finale du Forum Humaniste Europ\u00e9en 2018, qui a cl\u00f4tur\u00e9 l&rsquo;\u00e9v\u00e9nement le 13 mai 2018. \u00ab\u00a0Chers amis, ch\u00e8res amies, Nous nous sommes r\u00e9unis ici \u00e0 Madrid les 11, 12 et 13 mai 2018 \u00e0 une \u00e9poque&hellip;<\/p>\n","protected":false},"author":1508,"featured_media":641178,"comment_status":"closed","ping_status":"closed","sticky":false,"template":"","format":"standard","meta":{"footnotes":""},"categories":[11386,85,1246,40],"tags":[8810,23855,22198,43160,43481,299,965],"class_list":["post-642257","post","type-post","status-publish","format-standard","has-post-thumbnail","hentry","category-contenu-original","category-europe-fr","category-humanisme-spiritualite","category-international-fr","tag-bonne-connaissance","tag-europa-es-2-fr","tag-europe","tag-forum-humaniste-europeen","tag-forum-humaniste-europeen-2018","tag-humanisme","tag-madrid"],"yoast_head":"<!-- This site is optimized with the Yoast SEO plugin v27.1.1 - https:\/\/yoast.com\/product\/yoast-seo-wordpress\/ -->\n<title>D\u00e9claration finale - 5\u00e8me Forum Humaniste Europ\u00e9en 2018<\/title>\n<meta name=\"description\" content=\"Nous reproduisons ici la D\u00e9claration finale du Forum Humaniste Europ\u00e9en 2018, qui a cl\u00f4tur\u00e9 l&#039;\u00e9v\u00e9nement le 13 mai 2018. \u00ab\u00a0Chers amis, ch\u00e8res amies, Nous\" \/>\n<meta name=\"robots\" content=\"index, follow, max-snippet:-1, max-image-preview:large, max-video-preview:-1\" \/>\n<link rel=\"canonical\" href=\"https:\/\/www.pressenza.com\/fr\/2018\/05\/declaration-finale-5eme-forum-humaniste-europeen-2018\/\" \/>\n<meta property=\"og:locale\" content=\"fr_FR\" \/>\n<meta property=\"og:type\" content=\"article\" \/>\n<meta property=\"og:title\" content=\"D\u00e9claration finale - 5\u00e8me Forum Humaniste Europ\u00e9en 2018\" \/>\n<meta property=\"og:description\" content=\"Nous reproduisons ici la D\u00e9claration finale du Forum Humaniste Europ\u00e9en 2018, qui a cl\u00f4tur\u00e9 l&#039;\u00e9v\u00e9nement le 13 mai 2018. \u00ab\u00a0Chers amis, ch\u00e8res amies, Nous\" \/>\n<meta property=\"og:url\" content=\"https:\/\/www.pressenza.com\/fr\/2018\/05\/declaration-finale-5eme-forum-humaniste-europeen-2018\/\" \/>\n<meta property=\"og:site_name\" content=\"Pressenza\" \/>\n<meta property=\"article:publisher\" content=\"https:\/\/www.facebook.com\/PressenzaItalia\" \/>\n<meta property=\"article:published_time\" content=\"2018-05-20T19:44:27+00:00\" \/>\n<meta property=\"article:modified_time\" content=\"2019-01-20T20:29:12+00:00\" \/>\n<meta property=\"og:image\" content=\"https:\/\/www.pressenza.com\/wp-content\/uploads\/2018\/05\/declaracion-final-EHF-2018-720x415.png\" \/>\n\t<meta property=\"og:image:width\" content=\"720\" \/>\n\t<meta property=\"og:image:height\" content=\"415\" \/>\n\t<meta property=\"og:image:type\" content=\"image\/png\" \/>\n<meta name=\"author\" content=\"European Humanist Forum\" \/>\n<meta name=\"twitter:card\" content=\"summary_large_image\" \/>\n<meta name=\"twitter:creator\" content=\"@PressenzaIPA\" \/>\n<meta name=\"twitter:site\" content=\"@PressenzaIPA\" \/>\n<meta name=\"twitter:label1\" content=\"\u00c9crit par\" \/>\n\t<meta name=\"twitter:data1\" content=\"European Humanist Forum\" \/>\n\t<meta name=\"twitter:label2\" content=\"Dur\u00e9e de lecture estim\u00e9e\" \/>\n\t<meta name=\"twitter:data2\" content=\"4 minutes\" \/>\n<script type=\"application\/ld+json\" class=\"yoast-schema-graph\">{\"@context\":\"https:\/\/schema.org\",\"@graph\":[{\"@type\":\"Article\",\"@id\":\"https:\/\/www.pressenza.com\/fr\/2018\/05\/declaration-finale-5eme-forum-humaniste-europeen-2018\/#article\",\"isPartOf\":{\"@id\":\"https:\/\/www.pressenza.com\/fr\/2018\/05\/declaration-finale-5eme-forum-humaniste-europeen-2018\/\"},\"author\":{\"name\":\"European Humanist Forum\",\"@id\":\"https:\/\/www.pressenza.com\/fr\/#\/schema\/person\/0b103aa2cc3460da3ad453ade8a7ef24\"},\"headline\":\"D\u00e9claration finale &#8211; 5\u00e8me Forum Humaniste Europ\u00e9en 2018\",\"datePublished\":\"2018-05-20T19:44:27+00:00\",\"dateModified\":\"2019-01-20T20:29:12+00:00\",\"mainEntityOfPage\":{\"@id\":\"https:\/\/www.pressenza.com\/fr\/2018\/05\/declaration-finale-5eme-forum-humaniste-europeen-2018\/\"},\"wordCount\":782,\"publisher\":{\"@id\":\"https:\/\/www.pressenza.com\/fr\/#organization\"},\"image\":{\"@id\":\"https:\/\/www.pressenza.com\/fr\/2018\/05\/declaration-finale-5eme-forum-humaniste-europeen-2018\/#primaryimage\"},\"thumbnailUrl\":\"https:\/\/www.pressenza.com\/wp-content\/uploads\/2018\/05\/declaracion-final-EHF-2018.png\",\"keywords\":[\"bonne connaissance\",\"Europa\",\"Europe\",\"Forum Humaniste Europ\u00e9en\",\"Forum humaniste europ\u00e9en 2018\",\"humanisme\",\"Madrid\"],\"articleSection\":[\"Contenu Original\",\"Europe\",\"Humanisme et Spiritualit\u00e9\",\"International\"],\"inLanguage\":\"fr-FR\"},{\"@type\":\"WebPage\",\"@id\":\"https:\/\/www.pressenza.com\/fr\/2018\/05\/declaration-finale-5eme-forum-humaniste-europeen-2018\/\",\"url\":\"https:\/\/www.pressenza.com\/fr\/2018\/05\/declaration-finale-5eme-forum-humaniste-europeen-2018\/\",\"name\":\"D\u00e9claration finale - 5\u00e8me Forum Humaniste Europ\u00e9en 2018\",\"isPartOf\":{\"@id\":\"https:\/\/www.pressenza.com\/fr\/#website\"},\"primaryImageOfPage\":{\"@id\":\"https:\/\/www.pressenza.com\/fr\/2018\/05\/declaration-finale-5eme-forum-humaniste-europeen-2018\/#primaryimage\"},\"image\":{\"@id\":\"https:\/\/www.pressenza.com\/fr\/2018\/05\/declaration-finale-5eme-forum-humaniste-europeen-2018\/#primaryimage\"},\"thumbnailUrl\":\"https:\/\/www.pressenza.com\/wp-content\/uploads\/2018\/05\/declaracion-final-EHF-2018.png\",\"datePublished\":\"2018-05-20T19:44:27+00:00\",\"dateModified\":\"2019-01-20T20:29:12+00:00\",\"description\":\"Nous reproduisons ici la D\u00e9claration finale du Forum Humaniste Europ\u00e9en 2018, qui a cl\u00f4tur\u00e9 l'\u00e9v\u00e9nement le 13 mai 2018. \u00ab\u00a0Chers amis, ch\u00e8res amies, Nous\",\"breadcrumb\":{\"@id\":\"https:\/\/www.pressenza.com\/fr\/2018\/05\/declaration-finale-5eme-forum-humaniste-europeen-2018\/#breadcrumb\"},\"inLanguage\":\"fr-FR\",\"potentialAction\":[{\"@type\":\"ReadAction\",\"target\":[\"https:\/\/www.pressenza.com\/fr\/2018\/05\/declaration-finale-5eme-forum-humaniste-europeen-2018\/\"]}]},{\"@type\":\"ImageObject\",\"inLanguage\":\"fr-FR\",\"@id\":\"https:\/\/www.pressenza.com\/fr\/2018\/05\/declaration-finale-5eme-forum-humaniste-europeen-2018\/#primaryimage\",\"url\":\"https:\/\/www.pressenza.com\/wp-content\/uploads\/2018\/05\/declaracion-final-EHF-2018.png\",\"contentUrl\":\"https:\/\/www.pressenza.com\/wp-content\/uploads\/2018\/05\/declaracion-final-EHF-2018.png\",\"width\":2048,\"height\":1180,\"caption\":\"foro humanista europeo\"},{\"@type\":\"BreadcrumbList\",\"@id\":\"https:\/\/www.pressenza.com\/fr\/2018\/05\/declaration-finale-5eme-forum-humaniste-europeen-2018\/#breadcrumb\",\"itemListElement\":[{\"@type\":\"ListItem\",\"position\":1,\"name\":\"Accueil\",\"item\":\"https:\/\/www.pressenza.com\/fr\/\"},{\"@type\":\"ListItem\",\"position\":2,\"name\":\"D\u00e9claration finale &#8211; 5\u00e8me Forum Humaniste Europ\u00e9en 2018\"}]},{\"@type\":\"WebSite\",\"@id\":\"https:\/\/www.pressenza.com\/fr\/#website\",\"url\":\"https:\/\/www.pressenza.com\/fr\/\",\"name\":\"Pressenza\",\"description\":\"International Press Agency\",\"publisher\":{\"@id\":\"https:\/\/www.pressenza.com\/fr\/#organization\"},\"potentialAction\":[{\"@type\":\"SearchAction\",\"target\":{\"@type\":\"EntryPoint\",\"urlTemplate\":\"https:\/\/www.pressenza.com\/fr\/?s={search_term_string}\"},\"query-input\":{\"@type\":\"PropertyValueSpecification\",\"valueRequired\":true,\"valueName\":\"search_term_string\"}}],\"inLanguage\":\"fr-FR\"},{\"@type\":\"Organization\",\"@id\":\"https:\/\/www.pressenza.com\/fr\/#organization\",\"name\":\"Pressenza\",\"url\":\"https:\/\/www.pressenza.com\/fr\/\",\"logo\":{\"@type\":\"ImageObject\",\"inLanguage\":\"fr-FR\",\"@id\":\"https:\/\/www.pressenza.com\/fr\/#\/schema\/logo\/image\/\",\"url\":\"https:\/\/www.pressenza.com\/wp-content\/uploads\/2022\/10\/pressenza_logo_200x200.jpg\",\"contentUrl\":\"https:\/\/www.pressenza.com\/wp-content\/uploads\/2022\/10\/pressenza_logo_200x200.jpg\",\"width\":200,\"height\":200,\"caption\":\"Pressenza\"},\"image\":{\"@id\":\"https:\/\/www.pressenza.com\/fr\/#\/schema\/logo\/image\/\"},\"sameAs\":[\"https:\/\/www.facebook.com\/PressenzaItalia\",\"https:\/\/x.com\/PressenzaIPA\"]},{\"@type\":\"Person\",\"@id\":\"https:\/\/www.pressenza.com\/fr\/#\/schema\/person\/0b103aa2cc3460da3ad453ade8a7ef24\",\"name\":\"European Humanist Forum\",\"url\":\"https:\/\/www.pressenza.com\/fr\/author\/european-humanist-forum-2018\/\"}]}<\/script>\n<!-- \/ Yoast SEO plugin. -->","yoast_head_json":{"title":"D\u00e9claration finale - 5\u00e8me Forum Humaniste Europ\u00e9en 2018","description":"Nous reproduisons ici la D\u00e9claration finale du Forum Humaniste Europ\u00e9en 2018, qui a cl\u00f4tur\u00e9 l'\u00e9v\u00e9nement le 13 mai 2018. \u00ab\u00a0Chers amis, ch\u00e8res amies, Nous","robots":{"index":"index","follow":"follow","max-snippet":"max-snippet:-1","max-image-preview":"max-image-preview:large","max-video-preview":"max-video-preview:-1"},"canonical":"https:\/\/www.pressenza.com\/fr\/2018\/05\/declaration-finale-5eme-forum-humaniste-europeen-2018\/","og_locale":"fr_FR","og_type":"article","og_title":"D\u00e9claration finale - 5\u00e8me Forum Humaniste Europ\u00e9en 2018","og_description":"Nous reproduisons ici la D\u00e9claration finale du Forum Humaniste Europ\u00e9en 2018, qui a cl\u00f4tur\u00e9 l'\u00e9v\u00e9nement le 13 mai 2018. \u00ab\u00a0Chers amis, ch\u00e8res amies, Nous","og_url":"https:\/\/www.pressenza.com\/fr\/2018\/05\/declaration-finale-5eme-forum-humaniste-europeen-2018\/","og_site_name":"Pressenza","article_publisher":"https:\/\/www.facebook.com\/PressenzaItalia","article_published_time":"2018-05-20T19:44:27+00:00","article_modified_time":"2019-01-20T20:29:12+00:00","og_image":[{"width":720,"height":415,"url":"https:\/\/www.pressenza.com\/wp-content\/uploads\/2018\/05\/declaracion-final-EHF-2018-720x415.png","type":"image\/png"}],"author":"European Humanist Forum","twitter_card":"summary_large_image","twitter_creator":"@PressenzaIPA","twitter_site":"@PressenzaIPA","twitter_misc":{"\u00c9crit par":"European Humanist Forum","Dur\u00e9e de lecture estim\u00e9e":"4 minutes"},"schema":{"@context":"https:\/\/schema.org","@graph":[{"@type":"Article","@id":"https:\/\/www.pressenza.com\/fr\/2018\/05\/declaration-finale-5eme-forum-humaniste-europeen-2018\/#article","isPartOf":{"@id":"https:\/\/www.pressenza.com\/fr\/2018\/05\/declaration-finale-5eme-forum-humaniste-europeen-2018\/"},"author":{"name":"European Humanist Forum","@id":"https:\/\/www.pressenza.com\/fr\/#\/schema\/person\/0b103aa2cc3460da3ad453ade8a7ef24"},"headline":"D\u00e9claration finale &#8211; 5\u00e8me Forum Humaniste Europ\u00e9en 2018","datePublished":"2018-05-20T19:44:27+00:00","dateModified":"2019-01-20T20:29:12+00:00","mainEntityOfPage":{"@id":"https:\/\/www.pressenza.com\/fr\/2018\/05\/declaration-finale-5eme-forum-humaniste-europeen-2018\/"},"wordCount":782,"publisher":{"@id":"https:\/\/www.pressenza.com\/fr\/#organization"},"image":{"@id":"https:\/\/www.pressenza.com\/fr\/2018\/05\/declaration-finale-5eme-forum-humaniste-europeen-2018\/#primaryimage"},"thumbnailUrl":"https:\/\/www.pressenza.com\/wp-content\/uploads\/2018\/05\/declaracion-final-EHF-2018.png","keywords":["bonne connaissance","Europa","Europe","Forum Humaniste Europ\u00e9en","Forum humaniste europ\u00e9en 2018","humanisme","Madrid"],"articleSection":["Contenu Original","Europe","Humanisme et Spiritualit\u00e9","International"],"inLanguage":"fr-FR"},{"@type":"WebPage","@id":"https:\/\/www.pressenza.com\/fr\/2018\/05\/declaration-finale-5eme-forum-humaniste-europeen-2018\/","url":"https:\/\/www.pressenza.com\/fr\/2018\/05\/declaration-finale-5eme-forum-humaniste-europeen-2018\/","name":"D\u00e9claration finale - 5\u00e8me Forum Humaniste Europ\u00e9en 2018","isPartOf":{"@id":"https:\/\/www.pressenza.com\/fr\/#website"},"primaryImageOfPage":{"@id":"https:\/\/www.pressenza.com\/fr\/2018\/05\/declaration-finale-5eme-forum-humaniste-europeen-2018\/#primaryimage"},"image":{"@id":"https:\/\/www.pressenza.com\/fr\/2018\/05\/declaration-finale-5eme-forum-humaniste-europeen-2018\/#primaryimage"},"thumbnailUrl":"https:\/\/www.pressenza.com\/wp-content\/uploads\/2018\/05\/declaracion-final-EHF-2018.png","datePublished":"2018-05-20T19:44:27+00:00","dateModified":"2019-01-20T20:29:12+00:00","description":"Nous reproduisons ici la D\u00e9claration finale du Forum Humaniste Europ\u00e9en 2018, qui a cl\u00f4tur\u00e9 l'\u00e9v\u00e9nement le 13 mai 2018. \u00ab\u00a0Chers amis, ch\u00e8res amies, Nous","breadcrumb":{"@id":"https:\/\/www.pressenza.com\/fr\/2018\/05\/declaration-finale-5eme-forum-humaniste-europeen-2018\/#breadcrumb"},"inLanguage":"fr-FR","potentialAction":[{"@type":"ReadAction","target":["https:\/\/www.pressenza.com\/fr\/2018\/05\/declaration-finale-5eme-forum-humaniste-europeen-2018\/"]}]},{"@type":"ImageObject","inLanguage":"fr-FR","@id":"https:\/\/www.pressenza.com\/fr\/2018\/05\/declaration-finale-5eme-forum-humaniste-europeen-2018\/#primaryimage","url":"https:\/\/www.pressenza.com\/wp-content\/uploads\/2018\/05\/declaracion-final-EHF-2018.png","contentUrl":"https:\/\/www.pressenza.com\/wp-content\/uploads\/2018\/05\/declaracion-final-EHF-2018.png","width":2048,"height":1180,"caption":"foro humanista europeo"},{"@type":"BreadcrumbList","@id":"https:\/\/www.pressenza.com\/fr\/2018\/05\/declaration-finale-5eme-forum-humaniste-europeen-2018\/#breadcrumb","itemListElement":[{"@type":"ListItem","position":1,"name":"Accueil","item":"https:\/\/www.pressenza.com\/fr\/"},{"@type":"ListItem","position":2,"name":"D\u00e9claration finale &#8211; 5\u00e8me Forum Humaniste Europ\u00e9en 2018"}]},{"@type":"WebSite","@id":"https:\/\/www.pressenza.com\/fr\/#website","url":"https:\/\/www.pressenza.com\/fr\/","name":"Pressenza","description":"International Press Agency","publisher":{"@id":"https:\/\/www.pressenza.com\/fr\/#organization"},"potentialAction":[{"@type":"SearchAction","target":{"@type":"EntryPoint","urlTemplate":"https:\/\/www.pressenza.com\/fr\/?s={search_term_string}"},"query-input":{"@type":"PropertyValueSpecification","valueRequired":true,"valueName":"search_term_string"}}],"inLanguage":"fr-FR"},{"@type":"Organization","@id":"https:\/\/www.pressenza.com\/fr\/#organization","name":"Pressenza","url":"https:\/\/www.pressenza.com\/fr\/","logo":{"@type":"ImageObject","inLanguage":"fr-FR","@id":"https:\/\/www.pressenza.com\/fr\/#\/schema\/logo\/image\/","url":"https:\/\/www.pressenza.com\/wp-content\/uploads\/2022\/10\/pressenza_logo_200x200.jpg","contentUrl":"https:\/\/www.pressenza.com\/wp-content\/uploads\/2022\/10\/pressenza_logo_200x200.jpg","width":200,"height":200,"caption":"Pressenza"},"image":{"@id":"https:\/\/www.pressenza.com\/fr\/#\/schema\/logo\/image\/"},"sameAs":["https:\/\/www.facebook.com\/PressenzaItalia","https:\/\/x.com\/PressenzaIPA"]},{"@type":"Person","@id":"https:\/\/www.pressenza.com\/fr\/#\/schema\/person\/0b103aa2cc3460da3ad453ade8a7ef24","name":"European Humanist Forum","url":"https:\/\/www.pressenza.com\/fr\/author\/european-humanist-forum-2018\/"}]}},"place":"Madrid, Espagne","original_article_url":"","_links":{"self":[{"href":"https:\/\/www.pressenza.com\/fr\/wp-json\/wp\/v2\/posts\/642257","targetHints":{"allow":["GET"]}}],"collection":[{"href":"https:\/\/www.pressenza.com\/fr\/wp-json\/wp\/v2\/posts"}],"about":[{"href":"https:\/\/www.pressenza.com\/fr\/wp-json\/wp\/v2\/types\/post"}],"author":[{"embeddable":true,"href":"https:\/\/www.pressenza.com\/fr\/wp-json\/wp\/v2\/users\/1508"}],"replies":[{"embeddable":true,"href":"https:\/\/www.pressenza.com\/fr\/wp-json\/wp\/v2\/comments?post=642257"}],"version-history":[{"count":0,"href":"https:\/\/www.pressenza.com\/fr\/wp-json\/wp\/v2\/posts\/642257\/revisions"}],"wp:featuredmedia":[{"embeddable":true,"href":"https:\/\/www.pressenza.com\/fr\/wp-json\/wp\/v2\/media\/641178"}],"wp:attachment":[{"href":"https:\/\/www.pressenza.com\/fr\/wp-json\/wp\/v2\/media?parent=642257"}],"wp:term":[{"taxonomy":"category","embeddable":true,"href":"https:\/\/www.pressenza.com\/fr\/wp-json\/wp\/v2\/categories?post=642257"},{"taxonomy":"post_tag","embeddable":true,"href":"https:\/\/www.pressenza.com\/fr\/wp-json\/wp\/v2\/tags?post=642257"}],"curies":[{"name":"wp","href":"https:\/\/api.w.org\/{rel}","templated":true}]}}