{"id":642198,"date":"2018-05-17T20:24:58","date_gmt":"2018-05-17T19:24:58","guid":{"rendered":"https:\/\/www.pressenza.com\/?p=642198"},"modified":"2018-05-17T20:28:35","modified_gmt":"2018-05-17T19:28:35","slug":"halte-service-national-universel-militaire","status":"publish","type":"post","link":"https:\/\/www.pressenza.com\/fr\/2018\/05\/halte-service-national-universel-militaire\/","title":{"rendered":"Halte au service national universel militaire"},"content":{"rendered":"<p><em><strong>Communiqu\u00e9 de presse du MAN : Mouvement pour une Alternative Non-violente<\/strong><\/em><\/p>\n<p>Le MAN s\u2019oppose au projet d\u2019un service national universel (SNU). Durant la campagne des pr\u00e9sidentielles, Emmanuel Macron avait agit\u00e9 l\u2019id\u00e9e d\u2019un service national obligatoire de 9 mois pour tous les jeunes gar\u00e7ons et filles, encadr\u00e9 par l\u2019Arm\u00e9e. Les militaires ont manifest\u00e9 l\u2019automne dernier qu\u2019ils n\u2019en voulaient pas, pr\u00e9cisant que cela co\u00fbterait aux alentours de 30 milliards.<\/p>\n<p>Le Journal du Dimanche (JDD) a d\u00e9voil\u00e9 le 29 avril que le rapport d\u2019un groupe de travail charg\u00e9 de d\u00e9finir les contours d\u2019un service national universel (SNU) a \u00e9t\u00e9 remis au chef de l\u2019\u00c9tat. Cette annonce au milieu des vacances de printemps a-t-elle \u00e9t\u00e9 lanc\u00e9e pour passer le plus discr\u00e8tement possible ? L\u2019arbitrage pr\u00e9sidentiel devrait \u00eatre connu \u00ab\u00a0courant mai\u00a0\u00bb, d\u2019apr\u00e8s le JDD du 29 avril.<\/p>\n<p>Ce rapport propose un dispositif obligatoire \u00e0 plusieurs \u00e9tages. On y trouve une premi\u00e8re phase de deux fois quinze jours apr\u00e8s la classe de troisi\u00e8me qui serait un \u00ab prolongement \u00bb de l&rsquo;enseignement moral et civique re\u00e7u \u00e0 l&rsquo;\u00e9cole, puis un apprentissage de \u00ab comp\u00e9tences \u00e9l\u00e9mentaires \u00bb : secourisme, capacit\u00e9 \u00e0 s&rsquo;orienter avec une carte&#8230; et prise de conscience \u00ab des enjeux de la d\u00e9fense et de la s\u00e9curit\u00e9 nationale \u00bb. Viendrait ensuite \u00ab un mois en internat \u00bb pour tous les jeunes entre leurs 16 et 21 ans. Cette p\u00e9riode serait consacr\u00e9e \u00ab \u00e0 des activit\u00e9s sportives, \u00e0 l\u2019enseignement des gestes de premiers secours et \u00e0 l\u2019acquisition de r\u00e9flexes en cas de situation de crise, ainsi qu\u2019\u00e0 la transmission des valeurs civiques et r\u00e9publicaines \u00bb. Cela concernerait 800.000 \u00e0 900.000 jeunes appel\u00e9s par an. Le rapport envisage \u00ab des difficult\u00e9s non n\u00e9gligeables \u00bb et plaide pour un d\u00e9ploiement sur sept ans, afin de \u00ab garantir la qualit\u00e9 (et la s\u00e9curit\u00e9) de l&rsquo;h\u00e9bergement offert \u00bb. L\u2019Arm\u00e9e aurait la charge de ce mois d\u2019internat, lequel n\u00e9cessiterait \u00ab des h\u00e9bergements et des dizaines de milliers d&rsquo;encadrants. \u00bb Le co\u00fbt de cet internat est \u00e9valu\u00e9 entre 2,4 et 3,1 milliards d\u2019euros par an. L\u2019objectif du SNU, avec ce mois en internat, est de \u00ab favoriser un brassage social et territorial \u00bb, pr\u00e9cise le rapport.<\/p>\n<p>Le MAN s\u2019insurge contre deux aspects majeurs du SNU. Nous pensons que c\u2019est \u00e0 l\u2019\u00c9ducation nationale et aux associations que revient le r\u00f4le de former les jeunes \u00e0 la citoyennet\u00e9, pas \u00e0 l\u2019Arm\u00e9e. Si l\u2019\u00c9cole a du mal \u00e0 y parvenir, ne faudrait-il pas plut\u00f4t examiner les am\u00e9liorations \u00e0 apporter en termes de moyens et de formation ? D\u2019autre part, nous estimons parfaitement illusoire de penser qu\u2019un mois en internat permettrait un brassage social. Et l\u2019on ne devient pas citoyen en un mois !<\/p>\n<p>C\u2019est pourquoi le MAN propose l\u2019abandon pur et simple du SNU militaire, et \u00e9voque d\u2019autres pistes plus pertinentes et plus attractives pour d\u00e9velopper la solidarit\u00e9, l\u2019ouverture aux personnes d\u2019autres classes sociales, et la formation \u00e0 une citoyennet\u00e9 active digne de ce nom.<br \/>\nPar exemple :<\/p>\n<p>&#8211; R\u00e9nover et encourager l\u2019\u00e9ducation civique au coll\u00e8ge et au lyc\u00e9e. Aborder les questions de la D\u00e9fense nationale, et donc aussi de la D\u00e9fense civile non-violente, uniquement par des enseignants et des organisations ayant r\u00e9fl\u00e9chi sur les questions de D\u00e9fense et d\u2019engagement citoyen.<\/p>\n<p>&#8211; R\u00e9attribuer des subventions cons\u00e9quentes aux associations d\u2019\u00e9ducation populaire, car celles-ci permettent un r\u00e9el brassage social bas\u00e9 sur la participation volontaire.<\/p>\n<p>&#8211; R\u00e9tablir les emplois-aid\u00e9s, mais \u00e0 la seule condition que des moyens importants d\u00e9di\u00e9s \u00e0 l\u2019encadrement et \u00e0 la formation en fassent de vrais marchepieds vers l\u2019insertion dans la vie active.<\/p>\n<p>&#8211; D\u00e9velopper et am\u00e9liorer le Service civique actuel, en augmentant l\u2019allocation et en offrant aux jeunes volontaires un v\u00e9ritable accompagnement professionnel. En effet, le Service civique doit cesser d\u2019\u00eatre une main-d\u2019\u0153uvre \u00e0 bon march\u00e9 &#8211; comment payer un loyer avec entre 500 et 600 \u20ac par mois ?<\/p>\n<p>&#8211; Valoriser le Service Volontaire Europ\u00e9en (SVE) qui permet \u00e0 de jeunes volontaires de participer \u00e0 un projet d\u2019int\u00e9r\u00eat g\u00e9n\u00e9ral \u00e0 l\u2019\u00e9tranger, de vivre une exp\u00e9rience formatrice de citoyennet\u00e9 active et de solidarit\u00e9, de d\u00e9couvrir une autre culture, une autre langue, une autre vie associative et sociale.<\/p>\n<p><em>Le Comit\u00e9 d\u2019Animation du MAN<\/em><\/p>\n","protected":false},"excerpt":{"rendered":"<p>Communiqu\u00e9 de presse du MAN : Mouvement pour une Alternative Non-violente Le MAN s\u2019oppose au projet d\u2019un service national universel (SNU). Durant la campagne des pr\u00e9sidentielles, Emmanuel Macron avait agit\u00e9 l\u2019id\u00e9e d\u2019un service national obligatoire de 9 mois pour tous&hellip;<\/p>\n","protected":false},"author":926,"featured_media":642248,"comment_status":"closed","ping_status":"closed","sticky":false,"template":"","format":"standard","meta":{"footnotes":""},"categories":[151,85,1248],"tags":[40528,46186,46185],"class_list":["post-642198","post","type-post","status-publish","format-standard","has-post-thumbnail","hentry","category-communique-de-presse","category-europe-fr","category-nonviolence-sujet","tag-man","tag-service-national","tag-snu"],"yoast_head":"<!-- This site is optimized with the Yoast SEO plugin v27.1.1 - https:\/\/yoast.com\/product\/yoast-seo-wordpress\/ -->\n<title>Halte au service national universel militaire<\/title>\n<meta name=\"description\" content=\"Communiqu\u00e9 de presse du MAN : Mouvement pour une Alternative Non-violente Le MAN s\u2019oppose au projet d\u2019un service national universel (SNU). Durant la\" \/>\n<meta name=\"robots\" content=\"index, follow, max-snippet:-1, max-image-preview:large, max-video-preview:-1\" \/>\n<link rel=\"canonical\" href=\"https:\/\/www.pressenza.com\/fr\/2018\/05\/halte-service-national-universel-militaire\/\" \/>\n<meta property=\"og:locale\" content=\"fr_FR\" \/>\n<meta property=\"og:type\" content=\"article\" \/>\n<meta property=\"og:title\" content=\"Halte au service national universel militaire\" \/>\n<meta property=\"og:description\" content=\"Communiqu\u00e9 de presse du MAN : Mouvement pour une Alternative Non-violente Le MAN s\u2019oppose au projet d\u2019un service national universel (SNU). Durant la\" \/>\n<meta property=\"og:url\" content=\"https:\/\/www.pressenza.com\/fr\/2018\/05\/halte-service-national-universel-militaire\/\" \/>\n<meta property=\"og:site_name\" content=\"Pressenza\" \/>\n<meta property=\"article:publisher\" content=\"https:\/\/www.facebook.com\/PressenzaItalia\" \/>\n<meta property=\"article:published_time\" content=\"2018-05-17T19:24:58+00:00\" \/>\n<meta property=\"article:modified_time\" content=\"2018-05-17T19:28:35+00:00\" \/>\n<meta property=\"og:image\" content=\"https:\/\/www.pressenza.com\/wp-content\/uploads\/2018\/05\/MAN.jpg\" \/>\n\t<meta property=\"og:image:width\" content=\"750\" \/>\n\t<meta property=\"og:image:height\" content=\"415\" \/>\n\t<meta property=\"og:image:type\" content=\"image\/jpeg\" \/>\n<meta name=\"author\" content=\"R\u00e9daction France\" \/>\n<meta name=\"twitter:card\" content=\"summary_large_image\" \/>\n<meta name=\"twitter:creator\" content=\"@PressenzaIPA\" \/>\n<meta name=\"twitter:site\" content=\"@PressenzaIPA\" \/>\n<meta name=\"twitter:label1\" content=\"\u00c9crit par\" \/>\n\t<meta name=\"twitter:data1\" content=\"R\u00e9daction France\" \/>\n\t<meta name=\"twitter:label2\" content=\"Dur\u00e9e de lecture estim\u00e9e\" \/>\n\t<meta name=\"twitter:data2\" content=\"4 minutes\" \/>\n<script type=\"application\/ld+json\" class=\"yoast-schema-graph\">{\"@context\":\"https:\/\/schema.org\",\"@graph\":[{\"@type\":\"Article\",\"@id\":\"https:\/\/www.pressenza.com\/fr\/2018\/05\/halte-service-national-universel-militaire\/#article\",\"isPartOf\":{\"@id\":\"https:\/\/www.pressenza.com\/fr\/2018\/05\/halte-service-national-universel-militaire\/\"},\"author\":{\"name\":\"R\u00e9daction France\",\"@id\":\"https:\/\/www.pressenza.com\/fr\/#\/schema\/person\/3c9fe6670cc2cffbd37562f87b98e869\"},\"headline\":\"Halte au service national universel militaire\",\"datePublished\":\"2018-05-17T19:24:58+00:00\",\"dateModified\":\"2018-05-17T19:28:35+00:00\",\"mainEntityOfPage\":{\"@id\":\"https:\/\/www.pressenza.com\/fr\/2018\/05\/halte-service-national-universel-militaire\/\"},\"wordCount\":739,\"publisher\":{\"@id\":\"https:\/\/www.pressenza.com\/fr\/#organization\"},\"image\":{\"@id\":\"https:\/\/www.pressenza.com\/fr\/2018\/05\/halte-service-national-universel-militaire\/#primaryimage\"},\"thumbnailUrl\":\"https:\/\/www.pressenza.com\/wp-content\/uploads\/2018\/05\/MAN.jpg\",\"keywords\":[\"MAN\",\"service national\",\"SNU\"],\"articleSection\":[\"Communiqu\u00e9s de Presse\",\"Europe\",\"Non-violence\"],\"inLanguage\":\"fr-FR\"},{\"@type\":\"WebPage\",\"@id\":\"https:\/\/www.pressenza.com\/fr\/2018\/05\/halte-service-national-universel-militaire\/\",\"url\":\"https:\/\/www.pressenza.com\/fr\/2018\/05\/halte-service-national-universel-militaire\/\",\"name\":\"Halte au service national universel militaire\",\"isPartOf\":{\"@id\":\"https:\/\/www.pressenza.com\/fr\/#website\"},\"primaryImageOfPage\":{\"@id\":\"https:\/\/www.pressenza.com\/fr\/2018\/05\/halte-service-national-universel-militaire\/#primaryimage\"},\"image\":{\"@id\":\"https:\/\/www.pressenza.com\/fr\/2018\/05\/halte-service-national-universel-militaire\/#primaryimage\"},\"thumbnailUrl\":\"https:\/\/www.pressenza.com\/wp-content\/uploads\/2018\/05\/MAN.jpg\",\"datePublished\":\"2018-05-17T19:24:58+00:00\",\"dateModified\":\"2018-05-17T19:28:35+00:00\",\"description\":\"Communiqu\u00e9 de presse du MAN : Mouvement pour une Alternative Non-violente Le MAN s\u2019oppose au projet d\u2019un service national universel (SNU). Durant la\",\"breadcrumb\":{\"@id\":\"https:\/\/www.pressenza.com\/fr\/2018\/05\/halte-service-national-universel-militaire\/#breadcrumb\"},\"inLanguage\":\"fr-FR\",\"potentialAction\":[{\"@type\":\"ReadAction\",\"target\":[\"https:\/\/www.pressenza.com\/fr\/2018\/05\/halte-service-national-universel-militaire\/\"]}]},{\"@type\":\"ImageObject\",\"inLanguage\":\"fr-FR\",\"@id\":\"https:\/\/www.pressenza.com\/fr\/2018\/05\/halte-service-national-universel-militaire\/#primaryimage\",\"url\":\"https:\/\/www.pressenza.com\/wp-content\/uploads\/2018\/05\/MAN.jpg\",\"contentUrl\":\"https:\/\/www.pressenza.com\/wp-content\/uploads\/2018\/05\/MAN.jpg\",\"width\":750,\"height\":415},{\"@type\":\"BreadcrumbList\",\"@id\":\"https:\/\/www.pressenza.com\/fr\/2018\/05\/halte-service-national-universel-militaire\/#breadcrumb\",\"itemListElement\":[{\"@type\":\"ListItem\",\"position\":1,\"name\":\"Accueil\",\"item\":\"https:\/\/www.pressenza.com\/fr\/\"},{\"@type\":\"ListItem\",\"position\":2,\"name\":\"Halte au service national universel militaire\"}]},{\"@type\":\"WebSite\",\"@id\":\"https:\/\/www.pressenza.com\/fr\/#website\",\"url\":\"https:\/\/www.pressenza.com\/fr\/\",\"name\":\"Pressenza\",\"description\":\"International Press Agency\",\"publisher\":{\"@id\":\"https:\/\/www.pressenza.com\/fr\/#organization\"},\"potentialAction\":[{\"@type\":\"SearchAction\",\"target\":{\"@type\":\"EntryPoint\",\"urlTemplate\":\"https:\/\/www.pressenza.com\/fr\/?s={search_term_string}\"},\"query-input\":{\"@type\":\"PropertyValueSpecification\",\"valueRequired\":true,\"valueName\":\"search_term_string\"}}],\"inLanguage\":\"fr-FR\"},{\"@type\":\"Organization\",\"@id\":\"https:\/\/www.pressenza.com\/fr\/#organization\",\"name\":\"Pressenza\",\"url\":\"https:\/\/www.pressenza.com\/fr\/\",\"logo\":{\"@type\":\"ImageObject\",\"inLanguage\":\"fr-FR\",\"@id\":\"https:\/\/www.pressenza.com\/fr\/#\/schema\/logo\/image\/\",\"url\":\"https:\/\/www.pressenza.com\/wp-content\/uploads\/2022\/10\/pressenza_logo_200x200.jpg\",\"contentUrl\":\"https:\/\/www.pressenza.com\/wp-content\/uploads\/2022\/10\/pressenza_logo_200x200.jpg\",\"width\":200,\"height\":200,\"caption\":\"Pressenza\"},\"image\":{\"@id\":\"https:\/\/www.pressenza.com\/fr\/#\/schema\/logo\/image\/\"},\"sameAs\":[\"https:\/\/www.facebook.com\/PressenzaItalia\",\"https:\/\/x.com\/PressenzaIPA\"]},{\"@type\":\"Person\",\"@id\":\"https:\/\/www.pressenza.com\/fr\/#\/schema\/person\/3c9fe6670cc2cffbd37562f87b98e869\",\"name\":\"R\u00e9daction France\",\"description\":\"News published by the Pressenza bureau in France\",\"sameAs\":[\"http:\/\/www.pressenza.com\/fr\"],\"url\":\"https:\/\/www.pressenza.com\/fr\/author\/redactionfrance\/\"}]}<\/script>\n<!-- \/ Yoast SEO plugin. -->","yoast_head_json":{"title":"Halte au service national universel militaire","description":"Communiqu\u00e9 de presse du MAN : Mouvement pour une Alternative Non-violente Le MAN s\u2019oppose au projet d\u2019un service national universel (SNU). Durant la","robots":{"index":"index","follow":"follow","max-snippet":"max-snippet:-1","max-image-preview":"max-image-preview:large","max-video-preview":"max-video-preview:-1"},"canonical":"https:\/\/www.pressenza.com\/fr\/2018\/05\/halte-service-national-universel-militaire\/","og_locale":"fr_FR","og_type":"article","og_title":"Halte au service national universel militaire","og_description":"Communiqu\u00e9 de presse du MAN : Mouvement pour une Alternative Non-violente Le MAN s\u2019oppose au projet d\u2019un service national universel (SNU). Durant la","og_url":"https:\/\/www.pressenza.com\/fr\/2018\/05\/halte-service-national-universel-militaire\/","og_site_name":"Pressenza","article_publisher":"https:\/\/www.facebook.com\/PressenzaItalia","article_published_time":"2018-05-17T19:24:58+00:00","article_modified_time":"2018-05-17T19:28:35+00:00","og_image":[{"width":750,"height":415,"url":"https:\/\/www.pressenza.com\/wp-content\/uploads\/2018\/05\/MAN.jpg","type":"image\/jpeg"}],"author":"R\u00e9daction France","twitter_card":"summary_large_image","twitter_creator":"@PressenzaIPA","twitter_site":"@PressenzaIPA","twitter_misc":{"\u00c9crit par":"R\u00e9daction France","Dur\u00e9e de lecture estim\u00e9e":"4 minutes"},"schema":{"@context":"https:\/\/schema.org","@graph":[{"@type":"Article","@id":"https:\/\/www.pressenza.com\/fr\/2018\/05\/halte-service-national-universel-militaire\/#article","isPartOf":{"@id":"https:\/\/www.pressenza.com\/fr\/2018\/05\/halte-service-national-universel-militaire\/"},"author":{"name":"R\u00e9daction France","@id":"https:\/\/www.pressenza.com\/fr\/#\/schema\/person\/3c9fe6670cc2cffbd37562f87b98e869"},"headline":"Halte au service national universel militaire","datePublished":"2018-05-17T19:24:58+00:00","dateModified":"2018-05-17T19:28:35+00:00","mainEntityOfPage":{"@id":"https:\/\/www.pressenza.com\/fr\/2018\/05\/halte-service-national-universel-militaire\/"},"wordCount":739,"publisher":{"@id":"https:\/\/www.pressenza.com\/fr\/#organization"},"image":{"@id":"https:\/\/www.pressenza.com\/fr\/2018\/05\/halte-service-national-universel-militaire\/#primaryimage"},"thumbnailUrl":"https:\/\/www.pressenza.com\/wp-content\/uploads\/2018\/05\/MAN.jpg","keywords":["MAN","service national","SNU"],"articleSection":["Communiqu\u00e9s de Presse","Europe","Non-violence"],"inLanguage":"fr-FR"},{"@type":"WebPage","@id":"https:\/\/www.pressenza.com\/fr\/2018\/05\/halte-service-national-universel-militaire\/","url":"https:\/\/www.pressenza.com\/fr\/2018\/05\/halte-service-national-universel-militaire\/","name":"Halte au service national universel militaire","isPartOf":{"@id":"https:\/\/www.pressenza.com\/fr\/#website"},"primaryImageOfPage":{"@id":"https:\/\/www.pressenza.com\/fr\/2018\/05\/halte-service-national-universel-militaire\/#primaryimage"},"image":{"@id":"https:\/\/www.pressenza.com\/fr\/2018\/05\/halte-service-national-universel-militaire\/#primaryimage"},"thumbnailUrl":"https:\/\/www.pressenza.com\/wp-content\/uploads\/2018\/05\/MAN.jpg","datePublished":"2018-05-17T19:24:58+00:00","dateModified":"2018-05-17T19:28:35+00:00","description":"Communiqu\u00e9 de presse du MAN : Mouvement pour une Alternative Non-violente Le MAN s\u2019oppose au projet d\u2019un service national universel (SNU). Durant la","breadcrumb":{"@id":"https:\/\/www.pressenza.com\/fr\/2018\/05\/halte-service-national-universel-militaire\/#breadcrumb"},"inLanguage":"fr-FR","potentialAction":[{"@type":"ReadAction","target":["https:\/\/www.pressenza.com\/fr\/2018\/05\/halte-service-national-universel-militaire\/"]}]},{"@type":"ImageObject","inLanguage":"fr-FR","@id":"https:\/\/www.pressenza.com\/fr\/2018\/05\/halte-service-national-universel-militaire\/#primaryimage","url":"https:\/\/www.pressenza.com\/wp-content\/uploads\/2018\/05\/MAN.jpg","contentUrl":"https:\/\/www.pressenza.com\/wp-content\/uploads\/2018\/05\/MAN.jpg","width":750,"height":415},{"@type":"BreadcrumbList","@id":"https:\/\/www.pressenza.com\/fr\/2018\/05\/halte-service-national-universel-militaire\/#breadcrumb","itemListElement":[{"@type":"ListItem","position":1,"name":"Accueil","item":"https:\/\/www.pressenza.com\/fr\/"},{"@type":"ListItem","position":2,"name":"Halte au service national universel militaire"}]},{"@type":"WebSite","@id":"https:\/\/www.pressenza.com\/fr\/#website","url":"https:\/\/www.pressenza.com\/fr\/","name":"Pressenza","description":"International Press Agency","publisher":{"@id":"https:\/\/www.pressenza.com\/fr\/#organization"},"potentialAction":[{"@type":"SearchAction","target":{"@type":"EntryPoint","urlTemplate":"https:\/\/www.pressenza.com\/fr\/?s={search_term_string}"},"query-input":{"@type":"PropertyValueSpecification","valueRequired":true,"valueName":"search_term_string"}}],"inLanguage":"fr-FR"},{"@type":"Organization","@id":"https:\/\/www.pressenza.com\/fr\/#organization","name":"Pressenza","url":"https:\/\/www.pressenza.com\/fr\/","logo":{"@type":"ImageObject","inLanguage":"fr-FR","@id":"https:\/\/www.pressenza.com\/fr\/#\/schema\/logo\/image\/","url":"https:\/\/www.pressenza.com\/wp-content\/uploads\/2022\/10\/pressenza_logo_200x200.jpg","contentUrl":"https:\/\/www.pressenza.com\/wp-content\/uploads\/2022\/10\/pressenza_logo_200x200.jpg","width":200,"height":200,"caption":"Pressenza"},"image":{"@id":"https:\/\/www.pressenza.com\/fr\/#\/schema\/logo\/image\/"},"sameAs":["https:\/\/www.facebook.com\/PressenzaItalia","https:\/\/x.com\/PressenzaIPA"]},{"@type":"Person","@id":"https:\/\/www.pressenza.com\/fr\/#\/schema\/person\/3c9fe6670cc2cffbd37562f87b98e869","name":"R\u00e9daction France","description":"News published by the Pressenza bureau in France","sameAs":["http:\/\/www.pressenza.com\/fr"],"url":"https:\/\/www.pressenza.com\/fr\/author\/redactionfrance\/"}]}},"place":"France","original_article_url":"https:\/\/nonviolence.fr\/Halte-au-service-national-universel-militaire","_links":{"self":[{"href":"https:\/\/www.pressenza.com\/fr\/wp-json\/wp\/v2\/posts\/642198","targetHints":{"allow":["GET"]}}],"collection":[{"href":"https:\/\/www.pressenza.com\/fr\/wp-json\/wp\/v2\/posts"}],"about":[{"href":"https:\/\/www.pressenza.com\/fr\/wp-json\/wp\/v2\/types\/post"}],"author":[{"embeddable":true,"href":"https:\/\/www.pressenza.com\/fr\/wp-json\/wp\/v2\/users\/926"}],"replies":[{"embeddable":true,"href":"https:\/\/www.pressenza.com\/fr\/wp-json\/wp\/v2\/comments?post=642198"}],"version-history":[{"count":0,"href":"https:\/\/www.pressenza.com\/fr\/wp-json\/wp\/v2\/posts\/642198\/revisions"}],"wp:featuredmedia":[{"embeddable":true,"href":"https:\/\/www.pressenza.com\/fr\/wp-json\/wp\/v2\/media\/642248"}],"wp:attachment":[{"href":"https:\/\/www.pressenza.com\/fr\/wp-json\/wp\/v2\/media?parent=642198"}],"wp:term":[{"taxonomy":"category","embeddable":true,"href":"https:\/\/www.pressenza.com\/fr\/wp-json\/wp\/v2\/categories?post=642198"},{"taxonomy":"post_tag","embeddable":true,"href":"https:\/\/www.pressenza.com\/fr\/wp-json\/wp\/v2\/tags?post=642198"}],"curies":[{"name":"wp","href":"https:\/\/api.w.org\/{rel}","templated":true}]}}