{"id":641523,"date":"2018-05-16T23:07:29","date_gmt":"2018-05-16T22:07:29","guid":{"rendered":"https:\/\/www.pressenza.com\/?p=641523"},"modified":"2018-05-17T04:02:50","modified_gmt":"2018-05-17T03:02:50","slug":"7-ans-apres-fondation-mouvement-15m","status":"publish","type":"post","link":"https:\/\/www.pressenza.com\/fr\/2018\/05\/7-ans-apres-fondation-mouvement-15m\/","title":{"rendered":"7 ans apr\u00e8s la fondation du Mouvement 15M"},"content":{"rendered":"<p>Aujourd&rsquo;hui, l&rsquo;Espagne a c\u00e9l\u00e9br\u00e9 le 7\u00e8me anniversaire de la cr\u00e9ation spontan\u00e9e du mouvement 15M \u00e0 Madrid.<\/p>\n<p>Le mouvement a \u00e9t\u00e9 cr\u00e9\u00e9 par une n\u00e9cessit\u00e9: celle d&rsquo;appeler \u00e0 la cessation des mesures d&rsquo;aust\u00e9rit\u00e9 et \u00e0 travers la propagation d&rsquo;une action de d\u00e9sob\u00e9issance civile qui a amen\u00e9 des milliers de personnes sur les places. Ce mouvement \u00ab occupe \u00bb les places les plus importantes en Europe.<\/p>\n<p>En Gr\u00e8ce, il a chang\u00e9 le comportement des manifestants. Il a donn\u00e9 un souffle nouveau \u00e0 ce que l&rsquo;on appelle &lsquo;l&rsquo;organisation horizontale&rsquo;, il a fait converger diff\u00e9rents drapeaux et des personnes ayant des parcours tr\u00e8s divers en mati\u00e8re d&rsquo;activisme. Ce mouvement a aussi produit un grand nombre de livres et de manuels. N&rsquo;oublions pas que ce mouvement touche aussi les jeunes. Les jeunes et les gens qui le regardaient de loin au d\u00e9but. L&rsquo;\u00e9quipe fran\u00e7aise de Pressenza salue et envoie ses meilleurs v\u0153ux \u00e0 tous ceux qui, \u00e0\u00a0 travers l&rsquo;Europe, sont all\u00e9s sur les places du 15M.<\/p>\n<hr \/>\n<p>Vid\u00e9o de la manifestation de ce 15 mai pour la Palestine, \u00e0 Barcelone, \u00e0 l&rsquo;occasion des 7 ans du 15M.<\/p>\n<blockquote class=\"twitter-tweet\" data-width=\"500\" data-dnt=\"true\">\n<p lang=\"en\" dir=\"ltr\">Gathering in solidarity with Palestinians, now in Barcelona <a href=\"https:\/\/twitter.com\/hashtag\/nakba70?src=hash&amp;ref_src=twsrc%5Etfw\">#nakba70<\/a> <a href=\"https:\/\/t.co\/wock4AkcZ9\">https:\/\/t.co\/wock4AkcZ9<\/a><\/p>\n<p>&mdash; 15MBcn_int (@15MBcn_int) <a href=\"https:\/\/twitter.com\/15MBcn_int\/status\/996459599883579392?ref_src=twsrc%5Etfw\">May 15, 2018<\/a><\/p><\/blockquote>\n<p><script async src=\"https:\/\/platform.twitter.com\/widgets.js\" charset=\"utf-8\"><\/script><\/p>\n","protected":false},"excerpt":{"rendered":"<p>Aujourd&rsquo;hui, l&rsquo;Espagne a c\u00e9l\u00e9br\u00e9 le 7\u00e8me anniversaire de la cr\u00e9ation spontan\u00e9e du mouvement 15M \u00e0 Madrid. Le mouvement a \u00e9t\u00e9 cr\u00e9\u00e9 par une n\u00e9cessit\u00e9: celle d&rsquo;appeler \u00e0 la cessation des mesures d&rsquo;aust\u00e9rit\u00e9 et \u00e0 travers la propagation d&rsquo;une action de&hellip;<\/p>\n","protected":false},"author":1220,"featured_media":641285,"comment_status":"closed","ping_status":"closed","sticky":false,"template":"","format":"standard","meta":{"footnotes":""},"categories":[11386,98,1248],"tags":[262,1351,261,5383,46170,33022,46171],"class_list":["post-641523","post","type-post","status-publish","format-standard","has-post-thumbnail","hentry","category-contenu-original","category-droits-de-lhomme","category-nonviolence-sujet","tag-democratie","tag-desobeissance-civile","tag-espagne","tag-gouvernance-horizontale","tag-places","tag-protestation","tag-squares"],"yoast_head":"<!-- This site is optimized with the Yoast SEO plugin v27.1.1 - https:\/\/yoast.com\/product\/yoast-seo-wordpress\/ -->\n<title>7 ans apr\u00e8s la fondation du Mouvement 15M<\/title>\n<meta name=\"description\" content=\"Aujourd&#039;hui, l&#039;Espagne a c\u00e9l\u00e9br\u00e9 le 7\u00e8me anniversaire de la cr\u00e9ation spontan\u00e9e du mouvement 15M \u00e0 Madrid. Le mouvement a \u00e9t\u00e9 cr\u00e9\u00e9 par une n\u00e9cessit\u00e9: celle\" \/>\n<meta name=\"robots\" content=\"index, follow, max-snippet:-1, max-image-preview:large, max-video-preview:-1\" \/>\n<link rel=\"canonical\" href=\"https:\/\/www.pressenza.com\/fr\/2018\/05\/7-ans-apres-fondation-mouvement-15m\/\" \/>\n<meta property=\"og:locale\" content=\"fr_FR\" \/>\n<meta property=\"og:type\" content=\"article\" \/>\n<meta property=\"og:title\" content=\"7 ans apr\u00e8s la fondation du Mouvement 15M\" \/>\n<meta property=\"og:description\" content=\"Aujourd&#039;hui, l&#039;Espagne a c\u00e9l\u00e9br\u00e9 le 7\u00e8me anniversaire de la cr\u00e9ation spontan\u00e9e du mouvement 15M \u00e0 Madrid. Le mouvement a \u00e9t\u00e9 cr\u00e9\u00e9 par une n\u00e9cessit\u00e9: celle\" \/>\n<meta property=\"og:url\" content=\"https:\/\/www.pressenza.com\/fr\/2018\/05\/7-ans-apres-fondation-mouvement-15m\/\" \/>\n<meta property=\"og:site_name\" content=\"Pressenza\" \/>\n<meta property=\"article:publisher\" content=\"https:\/\/www.facebook.com\/PressenzaItalia\" \/>\n<meta property=\"article:author\" content=\"https:\/\/www.facebook.com\/pressenzagr\/\" \/>\n<meta property=\"article:published_time\" content=\"2018-05-16T22:07:29+00:00\" \/>\n<meta property=\"article:modified_time\" content=\"2018-05-17T03:02:50+00:00\" \/>\n<meta property=\"og:image\" content=\"https:\/\/www.pressenza.com\/wp-content\/uploads\/2018\/05\/DdOk8f0XcAAOlD5.jpg\" \/>\n\t<meta property=\"og:image:width\" content=\"864\" \/>\n\t<meta property=\"og:image:height\" content=\"577\" \/>\n\t<meta property=\"og:image:type\" content=\"image\/jpeg\" \/>\n<meta name=\"author\" content=\"Pressenza Athens\" \/>\n<meta name=\"twitter:card\" content=\"summary_large_image\" \/>\n<meta name=\"twitter:creator\" content=\"@Pressenza_ath\" \/>\n<meta name=\"twitter:site\" content=\"@PressenzaIPA\" \/>\n<meta name=\"twitter:label1\" content=\"\u00c9crit par\" \/>\n\t<meta name=\"twitter:data1\" content=\"Pressenza Athens\" \/>\n\t<meta name=\"twitter:label2\" content=\"Dur\u00e9e de lecture estim\u00e9e\" \/>\n\t<meta name=\"twitter:data2\" content=\"1 minute\" \/>\n<script type=\"application\/ld+json\" class=\"yoast-schema-graph\">{\"@context\":\"https:\/\/schema.org\",\"@graph\":[{\"@type\":\"Article\",\"@id\":\"https:\/\/www.pressenza.com\/fr\/2018\/05\/7-ans-apres-fondation-mouvement-15m\/#article\",\"isPartOf\":{\"@id\":\"https:\/\/www.pressenza.com\/fr\/2018\/05\/7-ans-apres-fondation-mouvement-15m\/\"},\"author\":{\"name\":\"Pressenza Athens\",\"@id\":\"https:\/\/www.pressenza.com\/fr\/#\/schema\/person\/9eae8d7f0aad5ec6a7f6f21ec94480fb\"},\"headline\":\"7 ans apr\u00e8s la fondation du Mouvement 15M\",\"datePublished\":\"2018-05-16T22:07:29+00:00\",\"dateModified\":\"2018-05-17T03:02:50+00:00\",\"mainEntityOfPage\":{\"@id\":\"https:\/\/www.pressenza.com\/fr\/2018\/05\/7-ans-apres-fondation-mouvement-15m\/\"},\"wordCount\":213,\"publisher\":{\"@id\":\"https:\/\/www.pressenza.com\/fr\/#organization\"},\"image\":{\"@id\":\"https:\/\/www.pressenza.com\/fr\/2018\/05\/7-ans-apres-fondation-mouvement-15m\/#primaryimage\"},\"thumbnailUrl\":\"https:\/\/www.pressenza.com\/wp-content\/uploads\/2018\/05\/DdOk8f0XcAAOlD5.jpg\",\"keywords\":[\"D\u00e9mocratie\",\"D\u00e9sob\u00e9issance civile\",\"Espagne\",\"Gouvernance Horizontale\",\"places\",\"protestation\",\"squares\"],\"articleSection\":[\"Contenu Original\",\"Droits humains\",\"Non-violence\"],\"inLanguage\":\"fr-FR\"},{\"@type\":\"WebPage\",\"@id\":\"https:\/\/www.pressenza.com\/fr\/2018\/05\/7-ans-apres-fondation-mouvement-15m\/\",\"url\":\"https:\/\/www.pressenza.com\/fr\/2018\/05\/7-ans-apres-fondation-mouvement-15m\/\",\"name\":\"7 ans apr\u00e8s la fondation du Mouvement 15M\",\"isPartOf\":{\"@id\":\"https:\/\/www.pressenza.com\/fr\/#website\"},\"primaryImageOfPage\":{\"@id\":\"https:\/\/www.pressenza.com\/fr\/2018\/05\/7-ans-apres-fondation-mouvement-15m\/#primaryimage\"},\"image\":{\"@id\":\"https:\/\/www.pressenza.com\/fr\/2018\/05\/7-ans-apres-fondation-mouvement-15m\/#primaryimage\"},\"thumbnailUrl\":\"https:\/\/www.pressenza.com\/wp-content\/uploads\/2018\/05\/DdOk8f0XcAAOlD5.jpg\",\"datePublished\":\"2018-05-16T22:07:29+00:00\",\"dateModified\":\"2018-05-17T03:02:50+00:00\",\"description\":\"Aujourd'hui, l'Espagne a c\u00e9l\u00e9br\u00e9 le 7\u00e8me anniversaire de la cr\u00e9ation spontan\u00e9e du mouvement 15M \u00e0 Madrid. Le mouvement a \u00e9t\u00e9 cr\u00e9\u00e9 par une n\u00e9cessit\u00e9: celle\",\"breadcrumb\":{\"@id\":\"https:\/\/www.pressenza.com\/fr\/2018\/05\/7-ans-apres-fondation-mouvement-15m\/#breadcrumb\"},\"inLanguage\":\"fr-FR\",\"potentialAction\":[{\"@type\":\"ReadAction\",\"target\":[\"https:\/\/www.pressenza.com\/fr\/2018\/05\/7-ans-apres-fondation-mouvement-15m\/\"]}]},{\"@type\":\"ImageObject\",\"inLanguage\":\"fr-FR\",\"@id\":\"https:\/\/www.pressenza.com\/fr\/2018\/05\/7-ans-apres-fondation-mouvement-15m\/#primaryimage\",\"url\":\"https:\/\/www.pressenza.com\/wp-content\/uploads\/2018\/05\/DdOk8f0XcAAOlD5.jpg\",\"contentUrl\":\"https:\/\/www.pressenza.com\/wp-content\/uploads\/2018\/05\/DdOk8f0XcAAOlD5.jpg\",\"width\":864,\"height\":577,\"caption\":\"15M\"},{\"@type\":\"BreadcrumbList\",\"@id\":\"https:\/\/www.pressenza.com\/fr\/2018\/05\/7-ans-apres-fondation-mouvement-15m\/#breadcrumb\",\"itemListElement\":[{\"@type\":\"ListItem\",\"position\":1,\"name\":\"Accueil\",\"item\":\"https:\/\/www.pressenza.com\/fr\/\"},{\"@type\":\"ListItem\",\"position\":2,\"name\":\"7 ans apr\u00e8s la fondation du Mouvement 15M\"}]},{\"@type\":\"WebSite\",\"@id\":\"https:\/\/www.pressenza.com\/fr\/#website\",\"url\":\"https:\/\/www.pressenza.com\/fr\/\",\"name\":\"Pressenza\",\"description\":\"International Press Agency\",\"publisher\":{\"@id\":\"https:\/\/www.pressenza.com\/fr\/#organization\"},\"potentialAction\":[{\"@type\":\"SearchAction\",\"target\":{\"@type\":\"EntryPoint\",\"urlTemplate\":\"https:\/\/www.pressenza.com\/fr\/?s={search_term_string}\"},\"query-input\":{\"@type\":\"PropertyValueSpecification\",\"valueRequired\":true,\"valueName\":\"search_term_string\"}}],\"inLanguage\":\"fr-FR\"},{\"@type\":\"Organization\",\"@id\":\"https:\/\/www.pressenza.com\/fr\/#organization\",\"name\":\"Pressenza\",\"url\":\"https:\/\/www.pressenza.com\/fr\/\",\"logo\":{\"@type\":\"ImageObject\",\"inLanguage\":\"fr-FR\",\"@id\":\"https:\/\/www.pressenza.com\/fr\/#\/schema\/logo\/image\/\",\"url\":\"https:\/\/www.pressenza.com\/wp-content\/uploads\/2022\/10\/pressenza_logo_200x200.jpg\",\"contentUrl\":\"https:\/\/www.pressenza.com\/wp-content\/uploads\/2022\/10\/pressenza_logo_200x200.jpg\",\"width\":200,\"height\":200,\"caption\":\"Pressenza\"},\"image\":{\"@id\":\"https:\/\/www.pressenza.com\/fr\/#\/schema\/logo\/image\/\"},\"sameAs\":[\"https:\/\/www.facebook.com\/PressenzaItalia\",\"https:\/\/x.com\/PressenzaIPA\"]},{\"@type\":\"Person\",\"@id\":\"https:\/\/www.pressenza.com\/fr\/#\/schema\/person\/9eae8d7f0aad5ec6a7f6f21ec94480fb\",\"name\":\"Pressenza Athens\",\"description\":\"News from the Pressenza Bureau in Athens, Greece\",\"sameAs\":[\"https:\/\/www.facebook.com\/pressenzagr\/\",\"https:\/\/x.com\/Pressenza_ath\"],\"url\":\"https:\/\/www.pressenza.com\/fr\/author\/pressenza-athens\/\"}]}<\/script>\n<!-- \/ Yoast SEO plugin. -->","yoast_head_json":{"title":"7 ans apr\u00e8s la fondation du Mouvement 15M","description":"Aujourd'hui, l'Espagne a c\u00e9l\u00e9br\u00e9 le 7\u00e8me anniversaire de la cr\u00e9ation spontan\u00e9e du mouvement 15M \u00e0 Madrid. Le mouvement a \u00e9t\u00e9 cr\u00e9\u00e9 par une n\u00e9cessit\u00e9: celle","robots":{"index":"index","follow":"follow","max-snippet":"max-snippet:-1","max-image-preview":"max-image-preview:large","max-video-preview":"max-video-preview:-1"},"canonical":"https:\/\/www.pressenza.com\/fr\/2018\/05\/7-ans-apres-fondation-mouvement-15m\/","og_locale":"fr_FR","og_type":"article","og_title":"7 ans apr\u00e8s la fondation du Mouvement 15M","og_description":"Aujourd'hui, l'Espagne a c\u00e9l\u00e9br\u00e9 le 7\u00e8me anniversaire de la cr\u00e9ation spontan\u00e9e du mouvement 15M \u00e0 Madrid. Le mouvement a \u00e9t\u00e9 cr\u00e9\u00e9 par une n\u00e9cessit\u00e9: celle","og_url":"https:\/\/www.pressenza.com\/fr\/2018\/05\/7-ans-apres-fondation-mouvement-15m\/","og_site_name":"Pressenza","article_publisher":"https:\/\/www.facebook.com\/PressenzaItalia","article_author":"https:\/\/www.facebook.com\/pressenzagr\/","article_published_time":"2018-05-16T22:07:29+00:00","article_modified_time":"2018-05-17T03:02:50+00:00","og_image":[{"width":864,"height":577,"url":"https:\/\/www.pressenza.com\/wp-content\/uploads\/2018\/05\/DdOk8f0XcAAOlD5.jpg","type":"image\/jpeg"}],"author":"Pressenza Athens","twitter_card":"summary_large_image","twitter_creator":"@Pressenza_ath","twitter_site":"@PressenzaIPA","twitter_misc":{"\u00c9crit par":"Pressenza Athens","Dur\u00e9e de lecture estim\u00e9e":"1 minute"},"schema":{"@context":"https:\/\/schema.org","@graph":[{"@type":"Article","@id":"https:\/\/www.pressenza.com\/fr\/2018\/05\/7-ans-apres-fondation-mouvement-15m\/#article","isPartOf":{"@id":"https:\/\/www.pressenza.com\/fr\/2018\/05\/7-ans-apres-fondation-mouvement-15m\/"},"author":{"name":"Pressenza Athens","@id":"https:\/\/www.pressenza.com\/fr\/#\/schema\/person\/9eae8d7f0aad5ec6a7f6f21ec94480fb"},"headline":"7 ans apr\u00e8s la fondation du Mouvement 15M","datePublished":"2018-05-16T22:07:29+00:00","dateModified":"2018-05-17T03:02:50+00:00","mainEntityOfPage":{"@id":"https:\/\/www.pressenza.com\/fr\/2018\/05\/7-ans-apres-fondation-mouvement-15m\/"},"wordCount":213,"publisher":{"@id":"https:\/\/www.pressenza.com\/fr\/#organization"},"image":{"@id":"https:\/\/www.pressenza.com\/fr\/2018\/05\/7-ans-apres-fondation-mouvement-15m\/#primaryimage"},"thumbnailUrl":"https:\/\/www.pressenza.com\/wp-content\/uploads\/2018\/05\/DdOk8f0XcAAOlD5.jpg","keywords":["D\u00e9mocratie","D\u00e9sob\u00e9issance civile","Espagne","Gouvernance Horizontale","places","protestation","squares"],"articleSection":["Contenu Original","Droits humains","Non-violence"],"inLanguage":"fr-FR"},{"@type":"WebPage","@id":"https:\/\/www.pressenza.com\/fr\/2018\/05\/7-ans-apres-fondation-mouvement-15m\/","url":"https:\/\/www.pressenza.com\/fr\/2018\/05\/7-ans-apres-fondation-mouvement-15m\/","name":"7 ans apr\u00e8s la fondation du Mouvement 15M","isPartOf":{"@id":"https:\/\/www.pressenza.com\/fr\/#website"},"primaryImageOfPage":{"@id":"https:\/\/www.pressenza.com\/fr\/2018\/05\/7-ans-apres-fondation-mouvement-15m\/#primaryimage"},"image":{"@id":"https:\/\/www.pressenza.com\/fr\/2018\/05\/7-ans-apres-fondation-mouvement-15m\/#primaryimage"},"thumbnailUrl":"https:\/\/www.pressenza.com\/wp-content\/uploads\/2018\/05\/DdOk8f0XcAAOlD5.jpg","datePublished":"2018-05-16T22:07:29+00:00","dateModified":"2018-05-17T03:02:50+00:00","description":"Aujourd'hui, l'Espagne a c\u00e9l\u00e9br\u00e9 le 7\u00e8me anniversaire de la cr\u00e9ation spontan\u00e9e du mouvement 15M \u00e0 Madrid. Le mouvement a \u00e9t\u00e9 cr\u00e9\u00e9 par une n\u00e9cessit\u00e9: celle","breadcrumb":{"@id":"https:\/\/www.pressenza.com\/fr\/2018\/05\/7-ans-apres-fondation-mouvement-15m\/#breadcrumb"},"inLanguage":"fr-FR","potentialAction":[{"@type":"ReadAction","target":["https:\/\/www.pressenza.com\/fr\/2018\/05\/7-ans-apres-fondation-mouvement-15m\/"]}]},{"@type":"ImageObject","inLanguage":"fr-FR","@id":"https:\/\/www.pressenza.com\/fr\/2018\/05\/7-ans-apres-fondation-mouvement-15m\/#primaryimage","url":"https:\/\/www.pressenza.com\/wp-content\/uploads\/2018\/05\/DdOk8f0XcAAOlD5.jpg","contentUrl":"https:\/\/www.pressenza.com\/wp-content\/uploads\/2018\/05\/DdOk8f0XcAAOlD5.jpg","width":864,"height":577,"caption":"15M"},{"@type":"BreadcrumbList","@id":"https:\/\/www.pressenza.com\/fr\/2018\/05\/7-ans-apres-fondation-mouvement-15m\/#breadcrumb","itemListElement":[{"@type":"ListItem","position":1,"name":"Accueil","item":"https:\/\/www.pressenza.com\/fr\/"},{"@type":"ListItem","position":2,"name":"7 ans apr\u00e8s la fondation du Mouvement 15M"}]},{"@type":"WebSite","@id":"https:\/\/www.pressenza.com\/fr\/#website","url":"https:\/\/www.pressenza.com\/fr\/","name":"Pressenza","description":"International Press Agency","publisher":{"@id":"https:\/\/www.pressenza.com\/fr\/#organization"},"potentialAction":[{"@type":"SearchAction","target":{"@type":"EntryPoint","urlTemplate":"https:\/\/www.pressenza.com\/fr\/?s={search_term_string}"},"query-input":{"@type":"PropertyValueSpecification","valueRequired":true,"valueName":"search_term_string"}}],"inLanguage":"fr-FR"},{"@type":"Organization","@id":"https:\/\/www.pressenza.com\/fr\/#organization","name":"Pressenza","url":"https:\/\/www.pressenza.com\/fr\/","logo":{"@type":"ImageObject","inLanguage":"fr-FR","@id":"https:\/\/www.pressenza.com\/fr\/#\/schema\/logo\/image\/","url":"https:\/\/www.pressenza.com\/wp-content\/uploads\/2022\/10\/pressenza_logo_200x200.jpg","contentUrl":"https:\/\/www.pressenza.com\/wp-content\/uploads\/2022\/10\/pressenza_logo_200x200.jpg","width":200,"height":200,"caption":"Pressenza"},"image":{"@id":"https:\/\/www.pressenza.com\/fr\/#\/schema\/logo\/image\/"},"sameAs":["https:\/\/www.facebook.com\/PressenzaItalia","https:\/\/x.com\/PressenzaIPA"]},{"@type":"Person","@id":"https:\/\/www.pressenza.com\/fr\/#\/schema\/person\/9eae8d7f0aad5ec6a7f6f21ec94480fb","name":"Pressenza Athens","description":"News from the Pressenza Bureau in Athens, Greece","sameAs":["https:\/\/www.facebook.com\/pressenzagr\/","https:\/\/x.com\/Pressenza_ath"],"url":"https:\/\/www.pressenza.com\/fr\/author\/pressenza-athens\/"}]}},"place":"Madrid, Espagne","original_article_url":"","_links":{"self":[{"href":"https:\/\/www.pressenza.com\/fr\/wp-json\/wp\/v2\/posts\/641523","targetHints":{"allow":["GET"]}}],"collection":[{"href":"https:\/\/www.pressenza.com\/fr\/wp-json\/wp\/v2\/posts"}],"about":[{"href":"https:\/\/www.pressenza.com\/fr\/wp-json\/wp\/v2\/types\/post"}],"author":[{"embeddable":true,"href":"https:\/\/www.pressenza.com\/fr\/wp-json\/wp\/v2\/users\/1220"}],"replies":[{"embeddable":true,"href":"https:\/\/www.pressenza.com\/fr\/wp-json\/wp\/v2\/comments?post=641523"}],"version-history":[{"count":0,"href":"https:\/\/www.pressenza.com\/fr\/wp-json\/wp\/v2\/posts\/641523\/revisions"}],"wp:featuredmedia":[{"embeddable":true,"href":"https:\/\/www.pressenza.com\/fr\/wp-json\/wp\/v2\/media\/641285"}],"wp:attachment":[{"href":"https:\/\/www.pressenza.com\/fr\/wp-json\/wp\/v2\/media?parent=641523"}],"wp:term":[{"taxonomy":"category","embeddable":true,"href":"https:\/\/www.pressenza.com\/fr\/wp-json\/wp\/v2\/categories?post=641523"},{"taxonomy":"post_tag","embeddable":true,"href":"https:\/\/www.pressenza.com\/fr\/wp-json\/wp\/v2\/tags?post=641523"}],"curies":[{"name":"wp","href":"https:\/\/api.w.org\/{rel}","templated":true}]}}