{"id":63652,"date":"2013-08-05T00:01:20","date_gmt":"2013-08-04T23:01:20","guid":{"rendered":"http:\/\/www.pressenza.com\/?p=63652"},"modified":"2013-08-06T05:52:04","modified_gmt":"2013-08-06T04:52:04","slug":"rafael-correa-avertit-dactions-deliberees-visant-a-affaiblir-lintegration-en-amerique-latine-la-informacion-y-el-contenido-multimedia-publicados-por-la-agencia-de-noticias-andes-son-de-ca","status":"publish","type":"post","link":"https:\/\/www.pressenza.com\/fr\/2013\/08\/rafael-correa-avertit-dactions-deliberees-visant-a-affaiblir-lintegration-en-amerique-latine-la-informacion-y-el-contenido-multimedia-publicados-por-la-agencia-de-noticias-andes-son-de-ca\/","title":{"rendered":"Rafael Correa avertit d\u2019actions d\u00e9lib\u00e9r\u00e9es visant \u00e0 affaiblir l&rsquo;int\u00e9gration en Am\u00e9rique latine"},"content":{"rendered":"<p>Le pr\u00e9sident de l\u2019\u00c9quateur, Rafael Correa, a mis en garde ce lundi contre des actions qui chercheraient \u00e0 saper l&rsquo;int\u00e9gration des pays d&rsquo;Am\u00e9rique latine, actions qui inclueraient des mouvements internes de d\u00e9stabilisation dans chaque nation.<\/p>\n<p>\u00ab\u00a0Je pense qu&rsquo;il y a des actions d\u00e9lib\u00e9r\u00e9es visant \u00e0 affaiblir cette int\u00e9gration et m\u00eame, nous conduire \u00e0 ces int\u00e9grations &#8211; entre guillemets &#8211; qui ne cherchent pas \u00e0 construire la grande nation, mais le grand march\u00e9\u00a0\u00bb, a d\u00e9clar\u00e9 le pr\u00e9sident \u00e9quatorien lors d&rsquo;une interview pour Telesur.<\/p>\n<p>En rappelant la mort du pr\u00e9sident v\u00e9n\u00e9zu\u00e9lien Hugo Ch\u00e1vez, et de l&rsquo;ancien pr\u00e9sident argentin Nestor Kirchner, Rafael Correa a soutenu que la droite \u00e9tait en train de se recomposer sur le continent.<\/p>\n<p>Le pr\u00e9sident \u00e9quatorien a d\u00e9clar\u00e9 que l&rsquo;int\u00e9gration dans la r\u00e9gion avait ralenti, en partie, du fait d&rsquo;actions d\u00e9lib\u00e9r\u00e9es pour freiner ce processus.<\/p>\n<p>Rafael Correa a dit qu&rsquo;un moyen d&rsquo;inverser l&rsquo;assaut de la droite \u00e9tait la volont\u00e9 politique des gouvernements qui favorisent l&rsquo;int\u00e9gration, tout en regrettant qu&rsquo;ils soient submerg\u00e9s par des probl\u00e8mes internes qui les d\u00e9tournent de l&rsquo;objectif.<\/p>\n<p>\u00ab\u00a0Regardez ce qu&rsquo;ils ont fait pour Dilma (Rousseff, pr\u00e9sidente du Br\u00e9sil), avec une telle instabilit\u00e9, de tels probl\u00e8mes internes, comment penser \u00e0 l&rsquo;int\u00e9gration, aux questions ext\u00e9rieures\u00bb, a-t-il dit.<\/p>\n<p>Et il a mis en garde &#8211; au sujet des manifestations nationales &#8211; , que celles-ci \u00absont des tactiques, attention, ce ne sont pas des choses spontan\u00e9es\u00bb.<\/p>\n<p>Le pr\u00e9sident \u00e9quatorien a \u00e9galement averti que d&rsquo;autres mouvements commen\u00e7aient \u00e0 se d\u00e9velopper, \u00abd&rsquo;autres formes d&rsquo;int\u00e9gration\u00a0\u00bb comme l&rsquo;Alliance du Pacifique. \u00ab\u00a0C&rsquo;est-\u00e0-dire, tout simplement plus de n\u00e9olib\u00e9ralisme, plus de lib\u00e9ralisation des \u00e9changes, une ouverture na\u00efve, fa\u00e7onner des march\u00e9s et non des soci\u00e9t\u00e9s, former des consommateurs et non des citoyens, et tout cela distrait, affaiblit et supprime l&rsquo;\u00e9lan.\u00a0\u00bb<\/p>\n<p>Il a dit que nous devions \u00eatre tr\u00e8s conscients de cette menace pour donner un nouvel \u00e9lan, en particulier \u00e0 l&rsquo;Unasur, qui \u00ab\u00a0a clairement ralenti\u00a0\u00bb.<\/p>\n<p>C&rsquo;est l&rsquo;un des sujets qui seront \u00e0 l&rsquo;ordre du jour de la r\u00e9union bilat\u00e9rale que les gouvernements de l&rsquo;\u00c9quateur et du Venezuela avaient l&rsquo;intention de tenir \u00e0 Caracas.<\/p>\n<p>Correa a ajout\u00e9 que bien que ce soit une question de gouvernements, les mouvements sociaux doivent faire tr\u00e8s attention parce que \u00abla droite n&rsquo;est pas stupide, les pouvoirs de toujours ne sont pas stupides\u00a0\u00bb. \u00abIls se sont rendus compte que les mouvements sociaux et les organisations de la soci\u00e9t\u00e9 civile avaient beaucoup de l\u00e9gitimit\u00e9 et ils ont cr\u00e9\u00e9 les leurs. Et partout, ils financent des mouvements de la soci\u00e9t\u00e9 civile qui passent leur temps \u00e0 attaquer et diffamer les gouvernements progressistes \u00bb, a-t-il conclu.<\/p>\n<p><b>Source :\u00a0<\/b><a href=\"http:\/\/www.andes.info.ec\/fr\/politica\/rafael-correa-avertit-dactions-deliberees-visant-affaiblir-lintegration-amerique-latine\">http:\/\/www.andes.info.ec\/fr\/politica\/rafael-correa-avertit-dactions-deliberees-visant-affaiblir-lintegration-amerique-latine<\/a><\/p>\n","protected":false},"excerpt":{"rendered":"<p>Le pr\u00e9sident de l\u2019\u00c9quateur, Rafael Correa, a mis en garde ce lundi contre des actions qui chercheraient \u00e0 saper l&rsquo;int\u00e9gration des pays d&rsquo;Am\u00e9rique latine, actions qui inclueraient des mouvements internes de d\u00e9stabilisation dans chaque nation. \u00ab\u00a0Je pense qu&rsquo;il y a&hellip;<\/p>\n","protected":false},"author":926,"featured_media":63737,"comment_status":"closed","ping_status":"open","sticky":false,"template":"","format":"standard","meta":{"footnotes":""},"categories":[86,40,93,95],"tags":[958,1637,6218,3063],"class_list":["post-63652","post","type-post","status-publish","format-standard","has-post-thumbnail","hentry","category-amerique-du-sud","category-international-fr","category-politique","category-affaires-etrangeres","tag-amerique-latine","tag-equateur","tag-integration","tag-rafael-correa-fr"],"yoast_head":"<!-- This site is optimized with the Yoast SEO plugin v27.1.1 - https:\/\/yoast.com\/product\/yoast-seo-wordpress\/ -->\n<title>Rafael Correa avertit d\u2019actions d\u00e9lib\u00e9r\u00e9es visant \u00e0 affaiblir l&#039;int\u00e9gration en Am\u00e9rique latine<\/title>\n<meta name=\"description\" content=\"Le pr\u00e9sident de l\u2019\u00c9quateur, Rafael Correa, a mis en garde ce lundi contre des actions qui chercheraient \u00e0 saper l&#039;int\u00e9gration des pays d&#039;Am\u00e9rique latine,\" \/>\n<meta name=\"robots\" content=\"index, follow, max-snippet:-1, max-image-preview:large, max-video-preview:-1\" \/>\n<link rel=\"canonical\" href=\"https:\/\/www.pressenza.com\/fr\/2013\/08\/rafael-correa-avertit-dactions-deliberees-visant-a-affaiblir-lintegration-en-amerique-latine-la-informacion-y-el-contenido-multimedia-publicados-por-la-agencia-de-noticias-andes-son-de-ca\/\" \/>\n<meta property=\"og:locale\" content=\"fr_FR\" \/>\n<meta property=\"og:type\" content=\"article\" \/>\n<meta property=\"og:title\" content=\"Rafael Correa avertit d\u2019actions d\u00e9lib\u00e9r\u00e9es visant \u00e0 affaiblir l&#039;int\u00e9gration en Am\u00e9rique latine\" \/>\n<meta property=\"og:description\" content=\"Le pr\u00e9sident de l\u2019\u00c9quateur, Rafael Correa, a mis en garde ce lundi contre des actions qui chercheraient \u00e0 saper l&#039;int\u00e9gration des pays d&#039;Am\u00e9rique latine,\" \/>\n<meta property=\"og:url\" content=\"https:\/\/www.pressenza.com\/fr\/2013\/08\/rafael-correa-avertit-dactions-deliberees-visant-a-affaiblir-lintegration-en-amerique-latine-la-informacion-y-el-contenido-multimedia-publicados-por-la-agencia-de-noticias-andes-son-de-ca\/\" \/>\n<meta property=\"og:site_name\" content=\"Pressenza\" \/>\n<meta property=\"article:publisher\" content=\"https:\/\/www.facebook.com\/PressenzaItalia\" \/>\n<meta property=\"article:published_time\" content=\"2013-08-04T23:01:20+00:00\" \/>\n<meta property=\"article:modified_time\" content=\"2013-08-06T04:52:04+00:00\" \/>\n<meta property=\"og:image\" content=\"https:\/\/www.pressenza.com\/wp-content\/uploads\/2013\/08\/rafael_correa_entrevista_telesur.jpg\" \/>\n\t<meta property=\"og:image:width\" content=\"580\" \/>\n\t<meta property=\"og:image:height\" content=\"388\" \/>\n\t<meta property=\"og:image:type\" content=\"image\/jpeg\" \/>\n<meta name=\"author\" content=\"R\u00e9daction France\" \/>\n<meta name=\"twitter:card\" content=\"summary_large_image\" \/>\n<meta name=\"twitter:creator\" content=\"@PressenzaIPA\" \/>\n<meta name=\"twitter:site\" content=\"@PressenzaIPA\" \/>\n<meta name=\"twitter:label1\" content=\"\u00c9crit par\" \/>\n\t<meta name=\"twitter:data1\" content=\"R\u00e9daction France\" \/>\n\t<meta name=\"twitter:label2\" content=\"Dur\u00e9e de lecture estim\u00e9e\" \/>\n\t<meta name=\"twitter:data2\" content=\"2 minutes\" \/>\n<script type=\"application\/ld+json\" class=\"yoast-schema-graph\">{\"@context\":\"https:\/\/schema.org\",\"@graph\":[{\"@type\":\"Article\",\"@id\":\"https:\/\/www.pressenza.com\/fr\/2013\/08\/rafael-correa-avertit-dactions-deliberees-visant-a-affaiblir-lintegration-en-amerique-latine-la-informacion-y-el-contenido-multimedia-publicados-por-la-agencia-de-noticias-andes-son-de-ca\/#article\",\"isPartOf\":{\"@id\":\"https:\/\/www.pressenza.com\/fr\/2013\/08\/rafael-correa-avertit-dactions-deliberees-visant-a-affaiblir-lintegration-en-amerique-latine-la-informacion-y-el-contenido-multimedia-publicados-por-la-agencia-de-noticias-andes-son-de-ca\/\"},\"author\":{\"name\":\"R\u00e9daction France\",\"@id\":\"https:\/\/www.pressenza.com\/fr\/#\/schema\/person\/3c9fe6670cc2cffbd37562f87b98e869\"},\"headline\":\"Rafael Correa avertit d\u2019actions d\u00e9lib\u00e9r\u00e9es visant \u00e0 affaiblir l&rsquo;int\u00e9gration en Am\u00e9rique latine\",\"datePublished\":\"2013-08-04T23:01:20+00:00\",\"dateModified\":\"2013-08-06T04:52:04+00:00\",\"mainEntityOfPage\":{\"@id\":\"https:\/\/www.pressenza.com\/fr\/2013\/08\/rafael-correa-avertit-dactions-deliberees-visant-a-affaiblir-lintegration-en-amerique-latine-la-informacion-y-el-contenido-multimedia-publicados-por-la-agencia-de-noticias-andes-son-de-ca\/\"},\"wordCount\":518,\"publisher\":{\"@id\":\"https:\/\/www.pressenza.com\/fr\/#organization\"},\"image\":{\"@id\":\"https:\/\/www.pressenza.com\/fr\/2013\/08\/rafael-correa-avertit-dactions-deliberees-visant-a-affaiblir-lintegration-en-amerique-latine-la-informacion-y-el-contenido-multimedia-publicados-por-la-agencia-de-noticias-andes-son-de-ca\/#primaryimage\"},\"thumbnailUrl\":\"https:\/\/www.pressenza.com\/wp-content\/uploads\/2013\/08\/rafael_correa_entrevista_telesur.jpg\",\"keywords\":[\"Am\u00e9rique latine\",\"Equateur\",\"int\u00e9gration\",\"Rafael Correa\"],\"articleSection\":[\"Am\u00e9rique du Sud\",\"International\",\"Politique\",\"Relations internationales\"],\"inLanguage\":\"fr-FR\"},{\"@type\":\"WebPage\",\"@id\":\"https:\/\/www.pressenza.com\/fr\/2013\/08\/rafael-correa-avertit-dactions-deliberees-visant-a-affaiblir-lintegration-en-amerique-latine-la-informacion-y-el-contenido-multimedia-publicados-por-la-agencia-de-noticias-andes-son-de-ca\/\",\"url\":\"https:\/\/www.pressenza.com\/fr\/2013\/08\/rafael-correa-avertit-dactions-deliberees-visant-a-affaiblir-lintegration-en-amerique-latine-la-informacion-y-el-contenido-multimedia-publicados-por-la-agencia-de-noticias-andes-son-de-ca\/\",\"name\":\"Rafael Correa avertit d\u2019actions d\u00e9lib\u00e9r\u00e9es visant \u00e0 affaiblir l'int\u00e9gration en Am\u00e9rique latine\",\"isPartOf\":{\"@id\":\"https:\/\/www.pressenza.com\/fr\/#website\"},\"primaryImageOfPage\":{\"@id\":\"https:\/\/www.pressenza.com\/fr\/2013\/08\/rafael-correa-avertit-dactions-deliberees-visant-a-affaiblir-lintegration-en-amerique-latine-la-informacion-y-el-contenido-multimedia-publicados-por-la-agencia-de-noticias-andes-son-de-ca\/#primaryimage\"},\"image\":{\"@id\":\"https:\/\/www.pressenza.com\/fr\/2013\/08\/rafael-correa-avertit-dactions-deliberees-visant-a-affaiblir-lintegration-en-amerique-latine-la-informacion-y-el-contenido-multimedia-publicados-por-la-agencia-de-noticias-andes-son-de-ca\/#primaryimage\"},\"thumbnailUrl\":\"https:\/\/www.pressenza.com\/wp-content\/uploads\/2013\/08\/rafael_correa_entrevista_telesur.jpg\",\"datePublished\":\"2013-08-04T23:01:20+00:00\",\"dateModified\":\"2013-08-06T04:52:04+00:00\",\"description\":\"Le pr\u00e9sident de l\u2019\u00c9quateur, Rafael Correa, a mis en garde ce lundi contre des actions qui chercheraient \u00e0 saper l'int\u00e9gration des pays d'Am\u00e9rique latine,\",\"breadcrumb\":{\"@id\":\"https:\/\/www.pressenza.com\/fr\/2013\/08\/rafael-correa-avertit-dactions-deliberees-visant-a-affaiblir-lintegration-en-amerique-latine-la-informacion-y-el-contenido-multimedia-publicados-por-la-agencia-de-noticias-andes-son-de-ca\/#breadcrumb\"},\"inLanguage\":\"fr-FR\",\"potentialAction\":[{\"@type\":\"ReadAction\",\"target\":[\"https:\/\/www.pressenza.com\/fr\/2013\/08\/rafael-correa-avertit-dactions-deliberees-visant-a-affaiblir-lintegration-en-amerique-latine-la-informacion-y-el-contenido-multimedia-publicados-por-la-agencia-de-noticias-andes-son-de-ca\/\"]}]},{\"@type\":\"ImageObject\",\"inLanguage\":\"fr-FR\",\"@id\":\"https:\/\/www.pressenza.com\/fr\/2013\/08\/rafael-correa-avertit-dactions-deliberees-visant-a-affaiblir-lintegration-en-amerique-latine-la-informacion-y-el-contenido-multimedia-publicados-por-la-agencia-de-noticias-andes-son-de-ca\/#primaryimage\",\"url\":\"https:\/\/www.pressenza.com\/wp-content\/uploads\/2013\/08\/rafael_correa_entrevista_telesur.jpg\",\"contentUrl\":\"https:\/\/www.pressenza.com\/wp-content\/uploads\/2013\/08\/rafael_correa_entrevista_telesur.jpg\",\"width\":580,\"height\":388},{\"@type\":\"BreadcrumbList\",\"@id\":\"https:\/\/www.pressenza.com\/fr\/2013\/08\/rafael-correa-avertit-dactions-deliberees-visant-a-affaiblir-lintegration-en-amerique-latine-la-informacion-y-el-contenido-multimedia-publicados-por-la-agencia-de-noticias-andes-son-de-ca\/#breadcrumb\",\"itemListElement\":[{\"@type\":\"ListItem\",\"position\":1,\"name\":\"Accueil\",\"item\":\"https:\/\/www.pressenza.com\/fr\/\"},{\"@type\":\"ListItem\",\"position\":2,\"name\":\"Rafael Correa avertit d\u2019actions d\u00e9lib\u00e9r\u00e9es visant \u00e0 affaiblir l&rsquo;int\u00e9gration en Am\u00e9rique latine\"}]},{\"@type\":\"WebSite\",\"@id\":\"https:\/\/www.pressenza.com\/fr\/#website\",\"url\":\"https:\/\/www.pressenza.com\/fr\/\",\"name\":\"Pressenza\",\"description\":\"International Press Agency\",\"publisher\":{\"@id\":\"https:\/\/www.pressenza.com\/fr\/#organization\"},\"potentialAction\":[{\"@type\":\"SearchAction\",\"target\":{\"@type\":\"EntryPoint\",\"urlTemplate\":\"https:\/\/www.pressenza.com\/fr\/?s={search_term_string}\"},\"query-input\":{\"@type\":\"PropertyValueSpecification\",\"valueRequired\":true,\"valueName\":\"search_term_string\"}}],\"inLanguage\":\"fr-FR\"},{\"@type\":\"Organization\",\"@id\":\"https:\/\/www.pressenza.com\/fr\/#organization\",\"name\":\"Pressenza\",\"url\":\"https:\/\/www.pressenza.com\/fr\/\",\"logo\":{\"@type\":\"ImageObject\",\"inLanguage\":\"fr-FR\",\"@id\":\"https:\/\/www.pressenza.com\/fr\/#\/schema\/logo\/image\/\",\"url\":\"https:\/\/www.pressenza.com\/wp-content\/uploads\/2022\/10\/pressenza_logo_200x200.jpg\",\"contentUrl\":\"https:\/\/www.pressenza.com\/wp-content\/uploads\/2022\/10\/pressenza_logo_200x200.jpg\",\"width\":200,\"height\":200,\"caption\":\"Pressenza\"},\"image\":{\"@id\":\"https:\/\/www.pressenza.com\/fr\/#\/schema\/logo\/image\/\"},\"sameAs\":[\"https:\/\/www.facebook.com\/PressenzaItalia\",\"https:\/\/x.com\/PressenzaIPA\"]},{\"@type\":\"Person\",\"@id\":\"https:\/\/www.pressenza.com\/fr\/#\/schema\/person\/3c9fe6670cc2cffbd37562f87b98e869\",\"name\":\"R\u00e9daction France\",\"description\":\"News published by the Pressenza bureau in France\",\"sameAs\":[\"http:\/\/www.pressenza.com\/fr\"],\"url\":\"https:\/\/www.pressenza.com\/fr\/author\/redactionfrance\/\"}]}<\/script>\n<!-- \/ Yoast SEO plugin. -->","yoast_head_json":{"title":"Rafael Correa avertit d\u2019actions d\u00e9lib\u00e9r\u00e9es visant \u00e0 affaiblir l'int\u00e9gration en Am\u00e9rique latine","description":"Le pr\u00e9sident de l\u2019\u00c9quateur, Rafael Correa, a mis en garde ce lundi contre des actions qui chercheraient \u00e0 saper l'int\u00e9gration des pays d'Am\u00e9rique latine,","robots":{"index":"index","follow":"follow","max-snippet":"max-snippet:-1","max-image-preview":"max-image-preview:large","max-video-preview":"max-video-preview:-1"},"canonical":"https:\/\/www.pressenza.com\/fr\/2013\/08\/rafael-correa-avertit-dactions-deliberees-visant-a-affaiblir-lintegration-en-amerique-latine-la-informacion-y-el-contenido-multimedia-publicados-por-la-agencia-de-noticias-andes-son-de-ca\/","og_locale":"fr_FR","og_type":"article","og_title":"Rafael Correa avertit d\u2019actions d\u00e9lib\u00e9r\u00e9es visant \u00e0 affaiblir l'int\u00e9gration en Am\u00e9rique latine","og_description":"Le pr\u00e9sident de l\u2019\u00c9quateur, Rafael Correa, a mis en garde ce lundi contre des actions qui chercheraient \u00e0 saper l'int\u00e9gration des pays d'Am\u00e9rique latine,","og_url":"https:\/\/www.pressenza.com\/fr\/2013\/08\/rafael-correa-avertit-dactions-deliberees-visant-a-affaiblir-lintegration-en-amerique-latine-la-informacion-y-el-contenido-multimedia-publicados-por-la-agencia-de-noticias-andes-son-de-ca\/","og_site_name":"Pressenza","article_publisher":"https:\/\/www.facebook.com\/PressenzaItalia","article_published_time":"2013-08-04T23:01:20+00:00","article_modified_time":"2013-08-06T04:52:04+00:00","og_image":[{"width":580,"height":388,"url":"https:\/\/www.pressenza.com\/wp-content\/uploads\/2013\/08\/rafael_correa_entrevista_telesur.jpg","type":"image\/jpeg"}],"author":"R\u00e9daction France","twitter_card":"summary_large_image","twitter_creator":"@PressenzaIPA","twitter_site":"@PressenzaIPA","twitter_misc":{"\u00c9crit par":"R\u00e9daction France","Dur\u00e9e de lecture estim\u00e9e":"2 minutes"},"schema":{"@context":"https:\/\/schema.org","@graph":[{"@type":"Article","@id":"https:\/\/www.pressenza.com\/fr\/2013\/08\/rafael-correa-avertit-dactions-deliberees-visant-a-affaiblir-lintegration-en-amerique-latine-la-informacion-y-el-contenido-multimedia-publicados-por-la-agencia-de-noticias-andes-son-de-ca\/#article","isPartOf":{"@id":"https:\/\/www.pressenza.com\/fr\/2013\/08\/rafael-correa-avertit-dactions-deliberees-visant-a-affaiblir-lintegration-en-amerique-latine-la-informacion-y-el-contenido-multimedia-publicados-por-la-agencia-de-noticias-andes-son-de-ca\/"},"author":{"name":"R\u00e9daction France","@id":"https:\/\/www.pressenza.com\/fr\/#\/schema\/person\/3c9fe6670cc2cffbd37562f87b98e869"},"headline":"Rafael Correa avertit d\u2019actions d\u00e9lib\u00e9r\u00e9es visant \u00e0 affaiblir l&rsquo;int\u00e9gration en Am\u00e9rique latine","datePublished":"2013-08-04T23:01:20+00:00","dateModified":"2013-08-06T04:52:04+00:00","mainEntityOfPage":{"@id":"https:\/\/www.pressenza.com\/fr\/2013\/08\/rafael-correa-avertit-dactions-deliberees-visant-a-affaiblir-lintegration-en-amerique-latine-la-informacion-y-el-contenido-multimedia-publicados-por-la-agencia-de-noticias-andes-son-de-ca\/"},"wordCount":518,"publisher":{"@id":"https:\/\/www.pressenza.com\/fr\/#organization"},"image":{"@id":"https:\/\/www.pressenza.com\/fr\/2013\/08\/rafael-correa-avertit-dactions-deliberees-visant-a-affaiblir-lintegration-en-amerique-latine-la-informacion-y-el-contenido-multimedia-publicados-por-la-agencia-de-noticias-andes-son-de-ca\/#primaryimage"},"thumbnailUrl":"https:\/\/www.pressenza.com\/wp-content\/uploads\/2013\/08\/rafael_correa_entrevista_telesur.jpg","keywords":["Am\u00e9rique latine","Equateur","int\u00e9gration","Rafael Correa"],"articleSection":["Am\u00e9rique du Sud","International","Politique","Relations internationales"],"inLanguage":"fr-FR"},{"@type":"WebPage","@id":"https:\/\/www.pressenza.com\/fr\/2013\/08\/rafael-correa-avertit-dactions-deliberees-visant-a-affaiblir-lintegration-en-amerique-latine-la-informacion-y-el-contenido-multimedia-publicados-por-la-agencia-de-noticias-andes-son-de-ca\/","url":"https:\/\/www.pressenza.com\/fr\/2013\/08\/rafael-correa-avertit-dactions-deliberees-visant-a-affaiblir-lintegration-en-amerique-latine-la-informacion-y-el-contenido-multimedia-publicados-por-la-agencia-de-noticias-andes-son-de-ca\/","name":"Rafael Correa avertit d\u2019actions d\u00e9lib\u00e9r\u00e9es visant \u00e0 affaiblir l'int\u00e9gration en Am\u00e9rique latine","isPartOf":{"@id":"https:\/\/www.pressenza.com\/fr\/#website"},"primaryImageOfPage":{"@id":"https:\/\/www.pressenza.com\/fr\/2013\/08\/rafael-correa-avertit-dactions-deliberees-visant-a-affaiblir-lintegration-en-amerique-latine-la-informacion-y-el-contenido-multimedia-publicados-por-la-agencia-de-noticias-andes-son-de-ca\/#primaryimage"},"image":{"@id":"https:\/\/www.pressenza.com\/fr\/2013\/08\/rafael-correa-avertit-dactions-deliberees-visant-a-affaiblir-lintegration-en-amerique-latine-la-informacion-y-el-contenido-multimedia-publicados-por-la-agencia-de-noticias-andes-son-de-ca\/#primaryimage"},"thumbnailUrl":"https:\/\/www.pressenza.com\/wp-content\/uploads\/2013\/08\/rafael_correa_entrevista_telesur.jpg","datePublished":"2013-08-04T23:01:20+00:00","dateModified":"2013-08-06T04:52:04+00:00","description":"Le pr\u00e9sident de l\u2019\u00c9quateur, Rafael Correa, a mis en garde ce lundi contre des actions qui chercheraient \u00e0 saper l'int\u00e9gration des pays d'Am\u00e9rique latine,","breadcrumb":{"@id":"https:\/\/www.pressenza.com\/fr\/2013\/08\/rafael-correa-avertit-dactions-deliberees-visant-a-affaiblir-lintegration-en-amerique-latine-la-informacion-y-el-contenido-multimedia-publicados-por-la-agencia-de-noticias-andes-son-de-ca\/#breadcrumb"},"inLanguage":"fr-FR","potentialAction":[{"@type":"ReadAction","target":["https:\/\/www.pressenza.com\/fr\/2013\/08\/rafael-correa-avertit-dactions-deliberees-visant-a-affaiblir-lintegration-en-amerique-latine-la-informacion-y-el-contenido-multimedia-publicados-por-la-agencia-de-noticias-andes-son-de-ca\/"]}]},{"@type":"ImageObject","inLanguage":"fr-FR","@id":"https:\/\/www.pressenza.com\/fr\/2013\/08\/rafael-correa-avertit-dactions-deliberees-visant-a-affaiblir-lintegration-en-amerique-latine-la-informacion-y-el-contenido-multimedia-publicados-por-la-agencia-de-noticias-andes-son-de-ca\/#primaryimage","url":"https:\/\/www.pressenza.com\/wp-content\/uploads\/2013\/08\/rafael_correa_entrevista_telesur.jpg","contentUrl":"https:\/\/www.pressenza.com\/wp-content\/uploads\/2013\/08\/rafael_correa_entrevista_telesur.jpg","width":580,"height":388},{"@type":"BreadcrumbList","@id":"https:\/\/www.pressenza.com\/fr\/2013\/08\/rafael-correa-avertit-dactions-deliberees-visant-a-affaiblir-lintegration-en-amerique-latine-la-informacion-y-el-contenido-multimedia-publicados-por-la-agencia-de-noticias-andes-son-de-ca\/#breadcrumb","itemListElement":[{"@type":"ListItem","position":1,"name":"Accueil","item":"https:\/\/www.pressenza.com\/fr\/"},{"@type":"ListItem","position":2,"name":"Rafael Correa avertit d\u2019actions d\u00e9lib\u00e9r\u00e9es visant \u00e0 affaiblir l&rsquo;int\u00e9gration en Am\u00e9rique latine"}]},{"@type":"WebSite","@id":"https:\/\/www.pressenza.com\/fr\/#website","url":"https:\/\/www.pressenza.com\/fr\/","name":"Pressenza","description":"International Press Agency","publisher":{"@id":"https:\/\/www.pressenza.com\/fr\/#organization"},"potentialAction":[{"@type":"SearchAction","target":{"@type":"EntryPoint","urlTemplate":"https:\/\/www.pressenza.com\/fr\/?s={search_term_string}"},"query-input":{"@type":"PropertyValueSpecification","valueRequired":true,"valueName":"search_term_string"}}],"inLanguage":"fr-FR"},{"@type":"Organization","@id":"https:\/\/www.pressenza.com\/fr\/#organization","name":"Pressenza","url":"https:\/\/www.pressenza.com\/fr\/","logo":{"@type":"ImageObject","inLanguage":"fr-FR","@id":"https:\/\/www.pressenza.com\/fr\/#\/schema\/logo\/image\/","url":"https:\/\/www.pressenza.com\/wp-content\/uploads\/2022\/10\/pressenza_logo_200x200.jpg","contentUrl":"https:\/\/www.pressenza.com\/wp-content\/uploads\/2022\/10\/pressenza_logo_200x200.jpg","width":200,"height":200,"caption":"Pressenza"},"image":{"@id":"https:\/\/www.pressenza.com\/fr\/#\/schema\/logo\/image\/"},"sameAs":["https:\/\/www.facebook.com\/PressenzaItalia","https:\/\/x.com\/PressenzaIPA"]},{"@type":"Person","@id":"https:\/\/www.pressenza.com\/fr\/#\/schema\/person\/3c9fe6670cc2cffbd37562f87b98e869","name":"R\u00e9daction France","description":"News published by the Pressenza bureau in France","sameAs":["http:\/\/www.pressenza.com\/fr"],"url":"https:\/\/www.pressenza.com\/fr\/author\/redactionfrance\/"}]}},"place":"","original_article_url":"","_links":{"self":[{"href":"https:\/\/www.pressenza.com\/fr\/wp-json\/wp\/v2\/posts\/63652","targetHints":{"allow":["GET"]}}],"collection":[{"href":"https:\/\/www.pressenza.com\/fr\/wp-json\/wp\/v2\/posts"}],"about":[{"href":"https:\/\/www.pressenza.com\/fr\/wp-json\/wp\/v2\/types\/post"}],"author":[{"embeddable":true,"href":"https:\/\/www.pressenza.com\/fr\/wp-json\/wp\/v2\/users\/926"}],"replies":[{"embeddable":true,"href":"https:\/\/www.pressenza.com\/fr\/wp-json\/wp\/v2\/comments?post=63652"}],"version-history":[{"count":0,"href":"https:\/\/www.pressenza.com\/fr\/wp-json\/wp\/v2\/posts\/63652\/revisions"}],"wp:featuredmedia":[{"embeddable":true,"href":"https:\/\/www.pressenza.com\/fr\/wp-json\/wp\/v2\/media\/63737"}],"wp:attachment":[{"href":"https:\/\/www.pressenza.com\/fr\/wp-json\/wp\/v2\/media?parent=63652"}],"wp:term":[{"taxonomy":"category","embeddable":true,"href":"https:\/\/www.pressenza.com\/fr\/wp-json\/wp\/v2\/categories?post=63652"},{"taxonomy":"post_tag","embeddable":true,"href":"https:\/\/www.pressenza.com\/fr\/wp-json\/wp\/v2\/tags?post=63652"}],"curies":[{"name":"wp","href":"https:\/\/api.w.org\/{rel}","templated":true}]}}