{"id":634791,"date":"2018-05-03T19:40:01","date_gmt":"2018-05-03T18:40:01","guid":{"rendered":"https:\/\/www.pressenza.com\/?p=634791"},"modified":"2018-05-03T19:40:01","modified_gmt":"2018-05-03T18:40:01","slug":"femmes-paix-nonviolence-expo-collective-de-photos","status":"publish","type":"post","link":"https:\/\/www.pressenza.com\/fr\/2018\/05\/femmes-paix-nonviolence-expo-collective-de-photos\/","title":{"rendered":"Femmes, paix et nonviolence: expo collective de photos"},"content":{"rendered":"<p>L&rsquo;histoire de l&rsquo;\u00eatre humain est l&rsquo;histoire de la transformation, de la croissance, de l&rsquo;intentionnalit\u00e9 qui le caract\u00e9rise et qui ouvre la voie \u00e0 la transformation et \u00e0 la transformation du monde.<\/p>\n<p>Dans cette construction commune de longue date, les femmes ont toujours \u00e9t\u00e9 une partie active et n\u00e9cessaire. Malgr\u00e9 la violence particuli\u00e8re dont elles ont \u00e9t\u00e9 victimes \u00e0 tout moment, sous toutes les latitudes et dans toutes les cultures, les femmes ont toujours \u00e9t\u00e9 des militantes infatigables, non seulement dans la lutte pour leurs propres droits, mais aussi pour les droits de tous.<\/p>\n<p>Aujourd&rsquo;hui, en ces temps de mondialisation croissante, l&rsquo;action transformatrice que la femme promeut prend de l&rsquo;importance, s&rsquo;approfondit, se multiplie et s&rsquo;exprime globalement et solidairement dans le monde entier.<\/p>\n<p>Si chaque jour elle lutte davantage et partout pour surmonter l&rsquo;exclusion, la soumission, les f\u00e9minicides brutaux et l&rsquo;ent\u00eatement des autres \u00e0 d\u00e9cider de son corps et de sa libert\u00e9, il est aussi vrai qu&rsquo;elle lutte contre la guerre, la discrimination, le ch\u00f4mage, la violation de tous les droits humains.<\/p>\n<p>Cette exposition photographique vise \u00e0 mettre en lumi\u00e8re et \u00e0 rendre hommage \u00e0 cette action inlassable, celle des femmes du monde entier qui contribuent \u00e0 d\u00e9passer toutes les formes de violence.<\/p>\n<p>Le photoreportage est issu du collectif \u00ab\u00a0GEA\u00a0\u00bb Culture, Paix et Nonviolence.<\/p>\n<div class=\"post-gallery\">\n\t\t\t<figure class=\"post-gallery-item\">\n\t\t\t\t<img decoding=\"async\" src=\"https:\/\/www.pressenza.com\/wp-content\/uploads\/2018\/05\/claraweb1-720x480.jpg\" loading=\"lazy\">\n\t\t\t\t<figcaption>\n\t\t\t\t\t\n\t\t\t\t<\/figcaption>\n\t\t\t<\/figure>\n\t\t\t<figure class=\"post-gallery-item\">\n\t\t\t\t<img decoding=\"async\" src=\"https:\/\/www.pressenza.com\/wp-content\/uploads\/2018\/05\/1magaweb-720x480.jpg\" loading=\"lazy\">\n\t\t\t\t<figcaption>\n\t\t\t\t\t\n\t\t\t\t<\/figcaption>\n\t\t\t<\/figure>\n\t\t\t<figure class=\"post-gallery-item\">\n\t\t\t\t<img decoding=\"async\" src=\"https:\/\/www.pressenza.com\/wp-content\/uploads\/2018\/05\/m3-720x480.jpg\" loading=\"lazy\">\n\t\t\t\t<figcaption>\n\t\t\t\t\t\n\t\t\t\t<\/figcaption>\n\t\t\t<\/figure>\n\t\t\t<figure class=\"post-gallery-item\">\n\t\t\t\t<img decoding=\"async\" src=\"https:\/\/www.pressenza.com\/wp-content\/uploads\/2018\/05\/magaweb2-720x455.jpg\" loading=\"lazy\">\n\t\t\t\t<figcaption>\n\t\t\t\t\t\n\t\t\t\t<\/figcaption>\n\t\t\t<\/figure>\n\t\t\t<figure class=\"post-gallery-item\">\n\t\t\t\t<img decoding=\"async\" src=\"https:\/\/www.pressenza.com\/wp-content\/uploads\/2018\/05\/magaweb3-720x480.jpg\" loading=\"lazy\">\n\t\t\t\t<figcaption>\n\t\t\t\t\t\n\t\t\t\t<\/figcaption>\n\t\t\t<\/figure>\n\t\t\t<figure class=\"post-gallery-item\">\n\t\t\t\t<img decoding=\"async\" src=\"https:\/\/www.pressenza.com\/wp-content\/uploads\/2018\/05\/magaweb4-683x1024.jpg\" loading=\"lazy\">\n\t\t\t\t<figcaption>\n\t\t\t\t\t\n\t\t\t\t<\/figcaption>\n\t\t\t<\/figure>\n\t\t\t<figure class=\"post-gallery-item\">\n\t\t\t\t<img decoding=\"async\" src=\"https:\/\/www.pressenza.com\/wp-content\/uploads\/2018\/05\/marceweb1-720x480.jpg\" loading=\"lazy\">\n\t\t\t\t<figcaption>\n\t\t\t\t\t\n\t\t\t\t<\/figcaption>\n\t\t\t<\/figure>\n\t\t\t<figure class=\"post-gallery-item\">\n\t\t\t\t<img decoding=\"async\" src=\"https:\/\/www.pressenza.com\/wp-content\/uploads\/2018\/05\/marceweb3-720x480.jpg\" loading=\"lazy\">\n\t\t\t\t<figcaption>\n\t\t\t\t\t\n\t\t\t\t<\/figcaption>\n\t\t\t<\/figure>\n\t\t\t<figure class=\"post-gallery-item\">\n\t\t\t\t<img decoding=\"async\" src=\"https:\/\/www.pressenza.com\/wp-content\/uploads\/2018\/05\/poolweb1-720x481.jpg\" loading=\"lazy\">\n\t\t\t\t<figcaption>\n\t\t\t\t\t\n\t\t\t\t<\/figcaption>\n\t\t\t<\/figure><\/div>\n<p align=\"justify\">\n","protected":false},"excerpt":{"rendered":"<p>L&rsquo;histoire de l&rsquo;\u00eatre humain est l&rsquo;histoire de la transformation, de la croissance, de l&rsquo;intentionnalit\u00e9 qui le caract\u00e9rise et qui ouvre la voie \u00e0 la transformation et \u00e0 la transformation du monde. Dans cette construction commune de longue date, les femmes&hellip;<\/p>\n","protected":false},"author":1095,"featured_media":634201,"comment_status":"closed","ping_status":"closed","sticky":false,"template":"","format":"standard","meta":{"footnotes":""},"categories":[11386,1247,85,54509,5700],"tags":[45765,38322,28871,1371,265],"class_list":["post-634791","post","type-post","status-publish","format-standard","has-post-thumbnail","hentry","category-contenu-original","category-diversite","category-europe-fr","category-genre-et-feminismes","category-reportages-photo","tag-expo-photos","tag-femmes-du-monde","tag-no-violencia-fr","tag-non-discrimination-2","tag-nonviolence"],"yoast_head":"<!-- This site is optimized with the Yoast SEO plugin v27.1.1 - https:\/\/yoast.com\/product\/yoast-seo-wordpress\/ -->\n<title>Femmes, paix et nonviolence: expo collective de photos<\/title>\n<meta name=\"description\" content=\"L&#039;histoire de l&#039;\u00eatre humain est l&#039;histoire de la transformation, de la croissance, de l&#039;intentionnalit\u00e9 qui le caract\u00e9rise et qui ouvre la voie \u00e0 la\" \/>\n<meta name=\"robots\" content=\"index, follow, max-snippet:-1, max-image-preview:large, max-video-preview:-1\" \/>\n<link rel=\"canonical\" href=\"https:\/\/www.pressenza.com\/fr\/2018\/05\/femmes-paix-nonviolence-expo-collective-de-photos\/\" \/>\n<meta property=\"og:locale\" content=\"fr_FR\" \/>\n<meta property=\"og:type\" content=\"article\" \/>\n<meta property=\"og:title\" content=\"Femmes, paix et nonviolence: expo collective de photos\" \/>\n<meta property=\"og:description\" content=\"L&#039;histoire de l&#039;\u00eatre humain est l&#039;histoire de la transformation, de la croissance, de l&#039;intentionnalit\u00e9 qui le caract\u00e9rise et qui ouvre la voie \u00e0 la\" \/>\n<meta property=\"og:url\" content=\"https:\/\/www.pressenza.com\/fr\/2018\/05\/femmes-paix-nonviolence-expo-collective-de-photos\/\" \/>\n<meta property=\"og:site_name\" content=\"Pressenza\" \/>\n<meta property=\"article:publisher\" content=\"https:\/\/www.facebook.com\/PressenzaItalia\" \/>\n<meta property=\"article:author\" content=\"https:\/\/www.facebook.com\/Pressenza-Deutschland-sterreich-Schweiz-281675388658060\/timeline\/\" \/>\n<meta property=\"article:published_time\" content=\"2018-05-03T18:40:01+00:00\" \/>\n<meta property=\"og:image\" content=\"https:\/\/www.pressenza.com\/wp-content\/uploads\/2018\/05\/magaweb5.jpg\" \/>\n\t<meta property=\"og:image:width\" content=\"1200\" \/>\n\t<meta property=\"og:image:height\" content=\"883\" \/>\n\t<meta property=\"og:image:type\" content=\"image\/jpeg\" \/>\n<meta name=\"author\" content=\"Pressenza Berlin\" \/>\n<meta name=\"twitter:card\" content=\"summary_large_image\" \/>\n<meta name=\"twitter:creator\" content=\"@pressenza_ger\" \/>\n<meta name=\"twitter:site\" content=\"@PressenzaIPA\" \/>\n<meta name=\"twitter:label1\" content=\"\u00c9crit par\" \/>\n\t<meta name=\"twitter:data1\" content=\"Pressenza Berlin\" \/>\n\t<meta name=\"twitter:label2\" content=\"Dur\u00e9e de lecture estim\u00e9e\" \/>\n\t<meta name=\"twitter:data2\" content=\"1 minute\" \/>\n<script type=\"application\/ld+json\" class=\"yoast-schema-graph\">{\"@context\":\"https:\/\/schema.org\",\"@graph\":[{\"@type\":\"Article\",\"@id\":\"https:\/\/www.pressenza.com\/fr\/2018\/05\/femmes-paix-nonviolence-expo-collective-de-photos\/#article\",\"isPartOf\":{\"@id\":\"https:\/\/www.pressenza.com\/fr\/2018\/05\/femmes-paix-nonviolence-expo-collective-de-photos\/\"},\"author\":{\"name\":\"Pressenza Berlin\",\"@id\":\"https:\/\/www.pressenza.com\/fr\/#\/schema\/person\/57bb5480943a496a7722b0248e4b658a\"},\"headline\":\"Femmes, paix et nonviolence: expo collective de photos\",\"datePublished\":\"2018-05-03T18:40:01+00:00\",\"mainEntityOfPage\":{\"@id\":\"https:\/\/www.pressenza.com\/fr\/2018\/05\/femmes-paix-nonviolence-expo-collective-de-photos\/\"},\"wordCount\":235,\"publisher\":{\"@id\":\"https:\/\/www.pressenza.com\/fr\/#organization\"},\"image\":{\"@id\":\"https:\/\/www.pressenza.com\/fr\/2018\/05\/femmes-paix-nonviolence-expo-collective-de-photos\/#primaryimage\"},\"thumbnailUrl\":\"https:\/\/www.pressenza.com\/wp-content\/uploads\/2018\/05\/magaweb5.jpg\",\"keywords\":[\"expo photos\",\"femmes du monde\",\"No violencia\",\"non-discrimination\",\"nonviolence\"],\"articleSection\":[\"Contenu Original\",\"Diversit\u00e9\",\"Europe\",\"Genre et f\u00e9minismes\",\"Reportages photo\"],\"inLanguage\":\"fr-FR\"},{\"@type\":\"WebPage\",\"@id\":\"https:\/\/www.pressenza.com\/fr\/2018\/05\/femmes-paix-nonviolence-expo-collective-de-photos\/\",\"url\":\"https:\/\/www.pressenza.com\/fr\/2018\/05\/femmes-paix-nonviolence-expo-collective-de-photos\/\",\"name\":\"Femmes, paix et nonviolence: expo collective de photos\",\"isPartOf\":{\"@id\":\"https:\/\/www.pressenza.com\/fr\/#website\"},\"primaryImageOfPage\":{\"@id\":\"https:\/\/www.pressenza.com\/fr\/2018\/05\/femmes-paix-nonviolence-expo-collective-de-photos\/#primaryimage\"},\"image\":{\"@id\":\"https:\/\/www.pressenza.com\/fr\/2018\/05\/femmes-paix-nonviolence-expo-collective-de-photos\/#primaryimage\"},\"thumbnailUrl\":\"https:\/\/www.pressenza.com\/wp-content\/uploads\/2018\/05\/magaweb5.jpg\",\"datePublished\":\"2018-05-03T18:40:01+00:00\",\"description\":\"L'histoire de l'\u00eatre humain est l'histoire de la transformation, de la croissance, de l'intentionnalit\u00e9 qui le caract\u00e9rise et qui ouvre la voie \u00e0 la\",\"breadcrumb\":{\"@id\":\"https:\/\/www.pressenza.com\/fr\/2018\/05\/femmes-paix-nonviolence-expo-collective-de-photos\/#breadcrumb\"},\"inLanguage\":\"fr-FR\",\"potentialAction\":[{\"@type\":\"ReadAction\",\"target\":[\"https:\/\/www.pressenza.com\/fr\/2018\/05\/femmes-paix-nonviolence-expo-collective-de-photos\/\"]}]},{\"@type\":\"ImageObject\",\"inLanguage\":\"fr-FR\",\"@id\":\"https:\/\/www.pressenza.com\/fr\/2018\/05\/femmes-paix-nonviolence-expo-collective-de-photos\/#primaryimage\",\"url\":\"https:\/\/www.pressenza.com\/wp-content\/uploads\/2018\/05\/magaweb5.jpg\",\"contentUrl\":\"https:\/\/www.pressenza.com\/wp-content\/uploads\/2018\/05\/magaweb5.jpg\",\"width\":1200,\"height\":883},{\"@type\":\"BreadcrumbList\",\"@id\":\"https:\/\/www.pressenza.com\/fr\/2018\/05\/femmes-paix-nonviolence-expo-collective-de-photos\/#breadcrumb\",\"itemListElement\":[{\"@type\":\"ListItem\",\"position\":1,\"name\":\"Accueil\",\"item\":\"https:\/\/www.pressenza.com\/fr\/\"},{\"@type\":\"ListItem\",\"position\":2,\"name\":\"Femmes, paix et nonviolence: expo collective de photos\"}]},{\"@type\":\"WebSite\",\"@id\":\"https:\/\/www.pressenza.com\/fr\/#website\",\"url\":\"https:\/\/www.pressenza.com\/fr\/\",\"name\":\"Pressenza\",\"description\":\"International Press Agency\",\"publisher\":{\"@id\":\"https:\/\/www.pressenza.com\/fr\/#organization\"},\"potentialAction\":[{\"@type\":\"SearchAction\",\"target\":{\"@type\":\"EntryPoint\",\"urlTemplate\":\"https:\/\/www.pressenza.com\/fr\/?s={search_term_string}\"},\"query-input\":{\"@type\":\"PropertyValueSpecification\",\"valueRequired\":true,\"valueName\":\"search_term_string\"}}],\"inLanguage\":\"fr-FR\"},{\"@type\":\"Organization\",\"@id\":\"https:\/\/www.pressenza.com\/fr\/#organization\",\"name\":\"Pressenza\",\"url\":\"https:\/\/www.pressenza.com\/fr\/\",\"logo\":{\"@type\":\"ImageObject\",\"inLanguage\":\"fr-FR\",\"@id\":\"https:\/\/www.pressenza.com\/fr\/#\/schema\/logo\/image\/\",\"url\":\"https:\/\/www.pressenza.com\/wp-content\/uploads\/2022\/10\/pressenza_logo_200x200.jpg\",\"contentUrl\":\"https:\/\/www.pressenza.com\/wp-content\/uploads\/2022\/10\/pressenza_logo_200x200.jpg\",\"width\":200,\"height\":200,\"caption\":\"Pressenza\"},\"image\":{\"@id\":\"https:\/\/www.pressenza.com\/fr\/#\/schema\/logo\/image\/\"},\"sameAs\":[\"https:\/\/www.facebook.com\/PressenzaItalia\",\"https:\/\/x.com\/PressenzaIPA\"]},{\"@type\":\"Person\",\"@id\":\"https:\/\/www.pressenza.com\/fr\/#\/schema\/person\/57bb5480943a496a7722b0248e4b658a\",\"name\":\"Pressenza Berlin\",\"description\":\"News from the Pressenza Bureau in Berlin, Germany\",\"sameAs\":[\"https:\/\/www.facebook.com\/Pressenza-Deutschland-sterreich-Schweiz-281675388658060\/timeline\/\",\"https:\/\/x.com\/pressenza_ger\"],\"url\":\"https:\/\/www.pressenza.com\/fr\/author\/pressenza-berlin\/\"}]}<\/script>\n<!-- \/ Yoast SEO plugin. -->","yoast_head_json":{"title":"Femmes, paix et nonviolence: expo collective de photos","description":"L'histoire de l'\u00eatre humain est l'histoire de la transformation, de la croissance, de l'intentionnalit\u00e9 qui le caract\u00e9rise et qui ouvre la voie \u00e0 la","robots":{"index":"index","follow":"follow","max-snippet":"max-snippet:-1","max-image-preview":"max-image-preview:large","max-video-preview":"max-video-preview:-1"},"canonical":"https:\/\/www.pressenza.com\/fr\/2018\/05\/femmes-paix-nonviolence-expo-collective-de-photos\/","og_locale":"fr_FR","og_type":"article","og_title":"Femmes, paix et nonviolence: expo collective de photos","og_description":"L'histoire de l'\u00eatre humain est l'histoire de la transformation, de la croissance, de l'intentionnalit\u00e9 qui le caract\u00e9rise et qui ouvre la voie \u00e0 la","og_url":"https:\/\/www.pressenza.com\/fr\/2018\/05\/femmes-paix-nonviolence-expo-collective-de-photos\/","og_site_name":"Pressenza","article_publisher":"https:\/\/www.facebook.com\/PressenzaItalia","article_author":"https:\/\/www.facebook.com\/Pressenza-Deutschland-sterreich-Schweiz-281675388658060\/timeline\/","article_published_time":"2018-05-03T18:40:01+00:00","og_image":[{"width":1200,"height":883,"url":"https:\/\/www.pressenza.com\/wp-content\/uploads\/2018\/05\/magaweb5.jpg","type":"image\/jpeg"}],"author":"Pressenza Berlin","twitter_card":"summary_large_image","twitter_creator":"@pressenza_ger","twitter_site":"@PressenzaIPA","twitter_misc":{"\u00c9crit par":"Pressenza Berlin","Dur\u00e9e de lecture estim\u00e9e":"1 minute"},"schema":{"@context":"https:\/\/schema.org","@graph":[{"@type":"Article","@id":"https:\/\/www.pressenza.com\/fr\/2018\/05\/femmes-paix-nonviolence-expo-collective-de-photos\/#article","isPartOf":{"@id":"https:\/\/www.pressenza.com\/fr\/2018\/05\/femmes-paix-nonviolence-expo-collective-de-photos\/"},"author":{"name":"Pressenza Berlin","@id":"https:\/\/www.pressenza.com\/fr\/#\/schema\/person\/57bb5480943a496a7722b0248e4b658a"},"headline":"Femmes, paix et nonviolence: expo collective de photos","datePublished":"2018-05-03T18:40:01+00:00","mainEntityOfPage":{"@id":"https:\/\/www.pressenza.com\/fr\/2018\/05\/femmes-paix-nonviolence-expo-collective-de-photos\/"},"wordCount":235,"publisher":{"@id":"https:\/\/www.pressenza.com\/fr\/#organization"},"image":{"@id":"https:\/\/www.pressenza.com\/fr\/2018\/05\/femmes-paix-nonviolence-expo-collective-de-photos\/#primaryimage"},"thumbnailUrl":"https:\/\/www.pressenza.com\/wp-content\/uploads\/2018\/05\/magaweb5.jpg","keywords":["expo photos","femmes du monde","No violencia","non-discrimination","nonviolence"],"articleSection":["Contenu Original","Diversit\u00e9","Europe","Genre et f\u00e9minismes","Reportages photo"],"inLanguage":"fr-FR"},{"@type":"WebPage","@id":"https:\/\/www.pressenza.com\/fr\/2018\/05\/femmes-paix-nonviolence-expo-collective-de-photos\/","url":"https:\/\/www.pressenza.com\/fr\/2018\/05\/femmes-paix-nonviolence-expo-collective-de-photos\/","name":"Femmes, paix et nonviolence: expo collective de photos","isPartOf":{"@id":"https:\/\/www.pressenza.com\/fr\/#website"},"primaryImageOfPage":{"@id":"https:\/\/www.pressenza.com\/fr\/2018\/05\/femmes-paix-nonviolence-expo-collective-de-photos\/#primaryimage"},"image":{"@id":"https:\/\/www.pressenza.com\/fr\/2018\/05\/femmes-paix-nonviolence-expo-collective-de-photos\/#primaryimage"},"thumbnailUrl":"https:\/\/www.pressenza.com\/wp-content\/uploads\/2018\/05\/magaweb5.jpg","datePublished":"2018-05-03T18:40:01+00:00","description":"L'histoire de l'\u00eatre humain est l'histoire de la transformation, de la croissance, de l'intentionnalit\u00e9 qui le caract\u00e9rise et qui ouvre la voie \u00e0 la","breadcrumb":{"@id":"https:\/\/www.pressenza.com\/fr\/2018\/05\/femmes-paix-nonviolence-expo-collective-de-photos\/#breadcrumb"},"inLanguage":"fr-FR","potentialAction":[{"@type":"ReadAction","target":["https:\/\/www.pressenza.com\/fr\/2018\/05\/femmes-paix-nonviolence-expo-collective-de-photos\/"]}]},{"@type":"ImageObject","inLanguage":"fr-FR","@id":"https:\/\/www.pressenza.com\/fr\/2018\/05\/femmes-paix-nonviolence-expo-collective-de-photos\/#primaryimage","url":"https:\/\/www.pressenza.com\/wp-content\/uploads\/2018\/05\/magaweb5.jpg","contentUrl":"https:\/\/www.pressenza.com\/wp-content\/uploads\/2018\/05\/magaweb5.jpg","width":1200,"height":883},{"@type":"BreadcrumbList","@id":"https:\/\/www.pressenza.com\/fr\/2018\/05\/femmes-paix-nonviolence-expo-collective-de-photos\/#breadcrumb","itemListElement":[{"@type":"ListItem","position":1,"name":"Accueil","item":"https:\/\/www.pressenza.com\/fr\/"},{"@type":"ListItem","position":2,"name":"Femmes, paix et nonviolence: expo collective de photos"}]},{"@type":"WebSite","@id":"https:\/\/www.pressenza.com\/fr\/#website","url":"https:\/\/www.pressenza.com\/fr\/","name":"Pressenza","description":"International Press Agency","publisher":{"@id":"https:\/\/www.pressenza.com\/fr\/#organization"},"potentialAction":[{"@type":"SearchAction","target":{"@type":"EntryPoint","urlTemplate":"https:\/\/www.pressenza.com\/fr\/?s={search_term_string}"},"query-input":{"@type":"PropertyValueSpecification","valueRequired":true,"valueName":"search_term_string"}}],"inLanguage":"fr-FR"},{"@type":"Organization","@id":"https:\/\/www.pressenza.com\/fr\/#organization","name":"Pressenza","url":"https:\/\/www.pressenza.com\/fr\/","logo":{"@type":"ImageObject","inLanguage":"fr-FR","@id":"https:\/\/www.pressenza.com\/fr\/#\/schema\/logo\/image\/","url":"https:\/\/www.pressenza.com\/wp-content\/uploads\/2022\/10\/pressenza_logo_200x200.jpg","contentUrl":"https:\/\/www.pressenza.com\/wp-content\/uploads\/2022\/10\/pressenza_logo_200x200.jpg","width":200,"height":200,"caption":"Pressenza"},"image":{"@id":"https:\/\/www.pressenza.com\/fr\/#\/schema\/logo\/image\/"},"sameAs":["https:\/\/www.facebook.com\/PressenzaItalia","https:\/\/x.com\/PressenzaIPA"]},{"@type":"Person","@id":"https:\/\/www.pressenza.com\/fr\/#\/schema\/person\/57bb5480943a496a7722b0248e4b658a","name":"Pressenza Berlin","description":"News from the Pressenza Bureau in Berlin, Germany","sameAs":["https:\/\/www.facebook.com\/Pressenza-Deutschland-sterreich-Schweiz-281675388658060\/timeline\/","https:\/\/x.com\/pressenza_ger"],"url":"https:\/\/www.pressenza.com\/fr\/author\/pressenza-berlin\/"}]}},"place":"Berlin, Allemagne","original_article_url":"","_links":{"self":[{"href":"https:\/\/www.pressenza.com\/fr\/wp-json\/wp\/v2\/posts\/634791","targetHints":{"allow":["GET"]}}],"collection":[{"href":"https:\/\/www.pressenza.com\/fr\/wp-json\/wp\/v2\/posts"}],"about":[{"href":"https:\/\/www.pressenza.com\/fr\/wp-json\/wp\/v2\/types\/post"}],"author":[{"embeddable":true,"href":"https:\/\/www.pressenza.com\/fr\/wp-json\/wp\/v2\/users\/1095"}],"replies":[{"embeddable":true,"href":"https:\/\/www.pressenza.com\/fr\/wp-json\/wp\/v2\/comments?post=634791"}],"version-history":[{"count":0,"href":"https:\/\/www.pressenza.com\/fr\/wp-json\/wp\/v2\/posts\/634791\/revisions"}],"wp:featuredmedia":[{"embeddable":true,"href":"https:\/\/www.pressenza.com\/fr\/wp-json\/wp\/v2\/media\/634201"}],"wp:attachment":[{"href":"https:\/\/www.pressenza.com\/fr\/wp-json\/wp\/v2\/media?parent=634791"}],"wp:term":[{"taxonomy":"category","embeddable":true,"href":"https:\/\/www.pressenza.com\/fr\/wp-json\/wp\/v2\/categories?post=634791"},{"taxonomy":"post_tag","embeddable":true,"href":"https:\/\/www.pressenza.com\/fr\/wp-json\/wp\/v2\/tags?post=634791"}],"curies":[{"name":"wp","href":"https:\/\/api.w.org\/{rel}","templated":true}]}}