{"id":633282,"date":"2018-04-30T05:47:14","date_gmt":"2018-04-30T04:47:14","guid":{"rendered":"https:\/\/www.pressenza.com\/?p=633282"},"modified":"2018-04-30T05:47:14","modified_gmt":"2018-04-30T04:47:14","slug":"suisse-banque-nationale-a-oublie-raison-detre","status":"publish","type":"post","link":"https:\/\/www.pressenza.com\/fr\/2018\/04\/suisse-banque-nationale-a-oublie-raison-detre\/","title":{"rendered":"Suisse : La Banque nationale a oubli\u00e9 sa raison d\u2019\u00eatre"},"content":{"rendered":"<div class=\"teaser-text\">\n<p class=\"bodytext\"><strong>La Banque nationale suisse a \u00e9t\u00e9 fond\u00e9e en 1907, suite \u00e0 un vote populaire, dans l\u2019objectif d\u2019\u00e9mettre le franc suisse. Aujourd\u2019hui, la Banque nationale a oubli\u00e9 sa raison d\u2019\u00eatre initiale et soutient la privatisation du franc suisse par les banques commerciales. Aujourd\u2019hui, lors son Assembl\u00e9e g\u00e9n\u00e9rale, les initiants de la monnaie pleine ont rappel\u00e9 \u00e0 la Banque nationale pour quoi elle a \u00e9t\u00e9 fond\u00e9e.<\/strong><\/p>\n<\/div>\n<div class=\"news-text-wrap\">\n<p class=\"bodytext\">Les initiants font une action pour rappeler \u00e0 la Banque nationale qu\u2019elle avait \u00e9t\u00e9 fond\u00e9e \u00ab\u00a0pour \u00e9mettre le franc suisse\u00a0\u00bb. Une militante avait tagu\u00e9 un slogan analogue sur la cl\u00f4ture de la Banque nationale \u00e0 la Place f\u00e9d\u00e9rale \u00e0 Berne. Les figures de Tell et Helvetia avaient aussi rem\u00e9mor\u00e9 le but de la Banque nationale \u00e0 sa direction.<\/p>\n<p><strong>Les billets de banques priv\u00e9s posent des probl\u00e8mes<\/strong><br \/>\nJusqu\u2019en 1891, pr\u00e8s de 40 banques commerciales imprimaient leurs propres billets. La prolif\u00e9ration sauvage de ces billets priv\u00e9s commen\u00e7a \u00e0 poser des probl\u00e8mes. Les citoyens ont r\u00e9agi sagement en d\u00e9cidant par une votation populaire de cr\u00e9er la Banque nationale. En 1907, elle a pris ses fonctions de banque souveraine. Dans son message, le Conseil f\u00e9d\u00e9ral \u00e9crivait en des termes quelque peu lourds, mais clairs, pourquoi il ne voulait plus laisser la cr\u00e9ation mon\u00e9taire aux banques :<\/p>\n<blockquote><p>\u00ab\u00a0Il a toujours \u00e9t\u00e9 reconnu qu&rsquo;il serait souverainement imprudent de mettre dans les mains d\u2019une oligarchie financi\u00e8re un instrument de cr\u00e9dit tel que celui d\u2019une banque d\u2019\u00e9mission, de lui en abandonner les ressources et de permettre ainsi que l\u2019int\u00e9r\u00eat public puisse \u00eatre asservi et sacrifi\u00e9 \u00e0 des int\u00e9r\u00eats priv\u00e9s\u201d.<\/p><\/blockquote>\n<p>Les lib\u00e9raux avaient \u00e9galement recommand\u00e9 \u00e0 l&rsquo;\u00e9poque de c\u00e9der le droit exclusif de cr\u00e9er de l&rsquo;argent au souverain.<\/p>\n<p><strong>Que la Banque nationale se souvienne\u00a0!<\/strong><br \/>\nDepuis, les banques produisent \u00e0 nouveau la plus grande partie de notre argent, c\u2019est-\u00e0-dire toute la monnaie \u00e9lectronique de nos comptes. Celle-ci est cr\u00e9e pratiquement \u00e0 partir de rien par les banques et repr\u00e9sente aujourd\u2019hui 90% de la masse mon\u00e9taire en Suisse. Seul 10% est de l\u2019argent liquide de la Banque nationale. Les banques commerciales produisent elles-m\u00eames de l\u2019argent avec lequel elles ach\u00e8tent des produits financiers, des biens immobiliers et octroient des cr\u00e9dits. En rejetant l\u2019initiative Monnaie pleine, la Banque nationale suisse soutient cette privatisation de l\u2019argent. \u201dLa Banque nationale semble avoir oubli\u00e9 son objectif fondamental, \u00e0 savoir que la cr\u00e9ation mon\u00e9taire n&rsquo;appartient pas \u00e0 une oligarchie financi\u00e8re\u00a0\u00bb, a d\u00e9clar\u00e9 le Dr Reinhold Harringer, porte-parole de l\u2019initiative.<\/p>\n<p><strong>Tromper les citoyens<\/strong><br \/>\nLa Banque nationale contribue, et m\u00eame activement, \u00e0 diffuser de fausses informations sur l&rsquo;initiative Monnaie pleine. Elle pr\u00e9tend que cette derni\u00e8re la limiterait dans sa t\u00e2che. En fait, l\u2019initiative donnerait \u00e0 la Banque nationale d\u2019avantage d\u2019instruments pour r\u00e9aliser sa mission. Aucun des moyens dont elle dispose aujourd\u2019hui ne lui serait enlev\u00e9. En r\u00e9action \u00e0 ces fausses repr\u00e9sentations, un recours a \u00e9t\u00e9 d\u00e9pos\u00e9 contre la Banque nationale.<\/p>\n<p><strong>La BNS en r\u00e9gime de monnaie pleine<\/strong><br \/>\nLes initiants n\u2019ont aucun doute qu\u2019avec une information objective l\u2019initiative Monnaie pleine obtiendrait une majorit\u00e9 au scrutin du 10 juin. La BNS assumerait alors rapidement et efficacement son r\u00f4le ainsi r\u00e9affirm\u00e9 par le souverain.<\/p>\n<\/div>\n<div id=\"attachment_632301\" class=\"wp-caption aligncenter\"><img loading=\"lazy\" decoding=\"async\" aria-describedby=\"caption-attachment-632301\" class=\"wp-image-632301 size-large\" src=\"https:\/\/www.pressenza.com\/wp-content\/uploads\/2018\/04\/39160672630_a6dd14f23a_b-720x960.jpg\" alt=\"\" width=\"720\" height=\"960\" srcset=\"https:\/\/www.pressenza.com\/wp-content\/uploads\/2018\/04\/39160672630_a6dd14f23a_b-720x960.jpg 720w, https:\/\/www.pressenza.com\/wp-content\/uploads\/2018\/04\/39160672630_a6dd14f23a_b-225x300.jpg 225w, https:\/\/www.pressenza.com\/wp-content\/uploads\/2018\/04\/39160672630_a6dd14f23a_b.jpg 768w\" sizes=\"auto, (max-width: 720px) 100vw, 720px\" \/><p id=\"caption-attachment-632301\" class=\"wp-caption-text\">Conf\u00e9rence de presse lors du lancement de la campagne le 22.3.2018 (Photo de vollgeld-initiative.ch | CC BY 2.0)<\/p><\/div>\n","protected":false},"excerpt":{"rendered":"<p>La Banque nationale suisse a \u00e9t\u00e9 fond\u00e9e en 1907, suite \u00e0 un vote populaire, dans l\u2019objectif d\u2019\u00e9mettre le franc suisse. Aujourd\u2019hui, la Banque nationale a oubli\u00e9 sa raison d\u2019\u00eatre initiale et soutient la privatisation du franc suisse par les banques&hellip;<\/p>\n","protected":false},"author":1095,"featured_media":632295,"comment_status":"closed","ping_status":"closed","sticky":false,"template":"","format":"standard","meta":{"footnotes":""},"categories":[151,100,93],"tags":[45664,45662,45663,45661,45660,45659,45665,6669],"class_list":["post-633282","post","type-post","status-publish","format-standard","has-post-thumbnail","hentry","category-communique-de-presse","category-economie","category-politique","tag-argent-integral","tag-bankroll","tag-banque-nationale-suisse","tag-banques-commerciales","tag-creation-de-monnaie","tag-crise-bancaire","tag-initiative-de-la-monnaie-pleine","tag-suisse"],"yoast_head":"<!-- This site is optimized with the Yoast SEO plugin v27.1.1 - https:\/\/yoast.com\/product\/yoast-seo-wordpress\/ -->\n<title>Suisse : La Banque nationale a oubli\u00e9 sa raison d\u2019\u00eatre<\/title>\n<meta name=\"description\" content=\"La Banque nationale suisse a \u00e9t\u00e9 fond\u00e9e en 1907, suite \u00e0 un vote populaire, dans l\u2019objectif d\u2019\u00e9mettre le franc suisse. Aujourd\u2019hui, la Banque nationale a\" \/>\n<meta name=\"robots\" content=\"index, follow, max-snippet:-1, max-image-preview:large, max-video-preview:-1\" \/>\n<link rel=\"canonical\" href=\"https:\/\/www.pressenza.com\/fr\/2018\/04\/suisse-banque-nationale-a-oublie-raison-detre\/\" \/>\n<meta property=\"og:locale\" content=\"fr_FR\" \/>\n<meta property=\"og:type\" content=\"article\" \/>\n<meta property=\"og:title\" content=\"Suisse : La Banque nationale a oubli\u00e9 sa raison d\u2019\u00eatre\" \/>\n<meta property=\"og:description\" content=\"La Banque nationale suisse a \u00e9t\u00e9 fond\u00e9e en 1907, suite \u00e0 un vote populaire, dans l\u2019objectif d\u2019\u00e9mettre le franc suisse. Aujourd\u2019hui, la Banque nationale a\" \/>\n<meta property=\"og:url\" content=\"https:\/\/www.pressenza.com\/fr\/2018\/04\/suisse-banque-nationale-a-oublie-raison-detre\/\" \/>\n<meta property=\"og:site_name\" content=\"Pressenza\" \/>\n<meta property=\"article:publisher\" content=\"https:\/\/www.facebook.com\/PressenzaItalia\" \/>\n<meta property=\"article:author\" content=\"https:\/\/www.facebook.com\/Pressenza-Deutschland-sterreich-Schweiz-281675388658060\/timeline\/\" \/>\n<meta property=\"article:published_time\" content=\"2018-04-30T04:47:14+00:00\" \/>\n<meta property=\"og:image\" content=\"https:\/\/www.pressenza.com\/wp-content\/uploads\/2018\/04\/Nationalbank.jpg\" \/>\n\t<meta property=\"og:image:width\" content=\"1500\" \/>\n\t<meta property=\"og:image:height\" content=\"1125\" \/>\n\t<meta property=\"og:image:type\" content=\"image\/jpeg\" \/>\n<meta name=\"author\" content=\"Pressenza Berlin\" \/>\n<meta name=\"twitter:card\" content=\"summary_large_image\" \/>\n<meta name=\"twitter:creator\" content=\"@pressenza_ger\" \/>\n<meta name=\"twitter:site\" content=\"@PressenzaIPA\" \/>\n<meta name=\"twitter:label1\" content=\"\u00c9crit par\" \/>\n\t<meta name=\"twitter:data1\" content=\"Pressenza Berlin\" \/>\n\t<meta name=\"twitter:label2\" content=\"Dur\u00e9e de lecture estim\u00e9e\" \/>\n\t<meta name=\"twitter:data2\" content=\"3 minutes\" \/>\n<script type=\"application\/ld+json\" class=\"yoast-schema-graph\">{\"@context\":\"https:\/\/schema.org\",\"@graph\":[{\"@type\":\"Article\",\"@id\":\"https:\/\/www.pressenza.com\/fr\/2018\/04\/suisse-banque-nationale-a-oublie-raison-detre\/#article\",\"isPartOf\":{\"@id\":\"https:\/\/www.pressenza.com\/fr\/2018\/04\/suisse-banque-nationale-a-oublie-raison-detre\/\"},\"author\":{\"name\":\"Pressenza Berlin\",\"@id\":\"https:\/\/www.pressenza.com\/fr\/#\/schema\/person\/57bb5480943a496a7722b0248e4b658a\"},\"headline\":\"Suisse : La Banque nationale a oubli\u00e9 sa raison d\u2019\u00eatre\",\"datePublished\":\"2018-04-30T04:47:14+00:00\",\"mainEntityOfPage\":{\"@id\":\"https:\/\/www.pressenza.com\/fr\/2018\/04\/suisse-banque-nationale-a-oublie-raison-detre\/\"},\"wordCount\":602,\"publisher\":{\"@id\":\"https:\/\/www.pressenza.com\/fr\/#organization\"},\"image\":{\"@id\":\"https:\/\/www.pressenza.com\/fr\/2018\/04\/suisse-banque-nationale-a-oublie-raison-detre\/#primaryimage\"},\"thumbnailUrl\":\"https:\/\/www.pressenza.com\/wp-content\/uploads\/2018\/04\/Nationalbank.jpg\",\"keywords\":[\"argent int\u00e9gral\",\"bankroll\",\"Banque nationale suisse\",\"banques commerciales\",\"cr\u00e9ation de monnaie\",\"crise bancaire\",\"initiative de la monnaie pleine\",\"Suisse\"],\"articleSection\":[\"Communiqu\u00e9s de Presse\",\"Economie\",\"Politique\"],\"inLanguage\":\"fr-FR\"},{\"@type\":\"WebPage\",\"@id\":\"https:\/\/www.pressenza.com\/fr\/2018\/04\/suisse-banque-nationale-a-oublie-raison-detre\/\",\"url\":\"https:\/\/www.pressenza.com\/fr\/2018\/04\/suisse-banque-nationale-a-oublie-raison-detre\/\",\"name\":\"Suisse : La Banque nationale a oubli\u00e9 sa raison d\u2019\u00eatre\",\"isPartOf\":{\"@id\":\"https:\/\/www.pressenza.com\/fr\/#website\"},\"primaryImageOfPage\":{\"@id\":\"https:\/\/www.pressenza.com\/fr\/2018\/04\/suisse-banque-nationale-a-oublie-raison-detre\/#primaryimage\"},\"image\":{\"@id\":\"https:\/\/www.pressenza.com\/fr\/2018\/04\/suisse-banque-nationale-a-oublie-raison-detre\/#primaryimage\"},\"thumbnailUrl\":\"https:\/\/www.pressenza.com\/wp-content\/uploads\/2018\/04\/Nationalbank.jpg\",\"datePublished\":\"2018-04-30T04:47:14+00:00\",\"description\":\"La Banque nationale suisse a \u00e9t\u00e9 fond\u00e9e en 1907, suite \u00e0 un vote populaire, dans l\u2019objectif d\u2019\u00e9mettre le franc suisse. Aujourd\u2019hui, la Banque nationale a\",\"breadcrumb\":{\"@id\":\"https:\/\/www.pressenza.com\/fr\/2018\/04\/suisse-banque-nationale-a-oublie-raison-detre\/#breadcrumb\"},\"inLanguage\":\"fr-FR\",\"potentialAction\":[{\"@type\":\"ReadAction\",\"target\":[\"https:\/\/www.pressenza.com\/fr\/2018\/04\/suisse-banque-nationale-a-oublie-raison-detre\/\"]}]},{\"@type\":\"ImageObject\",\"inLanguage\":\"fr-FR\",\"@id\":\"https:\/\/www.pressenza.com\/fr\/2018\/04\/suisse-banque-nationale-a-oublie-raison-detre\/#primaryimage\",\"url\":\"https:\/\/www.pressenza.com\/wp-content\/uploads\/2018\/04\/Nationalbank.jpg\",\"contentUrl\":\"https:\/\/www.pressenza.com\/wp-content\/uploads\/2018\/04\/Nationalbank.jpg\",\"width\":1500,\"height\":1125},{\"@type\":\"BreadcrumbList\",\"@id\":\"https:\/\/www.pressenza.com\/fr\/2018\/04\/suisse-banque-nationale-a-oublie-raison-detre\/#breadcrumb\",\"itemListElement\":[{\"@type\":\"ListItem\",\"position\":1,\"name\":\"Accueil\",\"item\":\"https:\/\/www.pressenza.com\/fr\/\"},{\"@type\":\"ListItem\",\"position\":2,\"name\":\"Suisse : La Banque nationale a oubli\u00e9 sa raison d\u2019\u00eatre\"}]},{\"@type\":\"WebSite\",\"@id\":\"https:\/\/www.pressenza.com\/fr\/#website\",\"url\":\"https:\/\/www.pressenza.com\/fr\/\",\"name\":\"Pressenza\",\"description\":\"International Press Agency\",\"publisher\":{\"@id\":\"https:\/\/www.pressenza.com\/fr\/#organization\"},\"potentialAction\":[{\"@type\":\"SearchAction\",\"target\":{\"@type\":\"EntryPoint\",\"urlTemplate\":\"https:\/\/www.pressenza.com\/fr\/?s={search_term_string}\"},\"query-input\":{\"@type\":\"PropertyValueSpecification\",\"valueRequired\":true,\"valueName\":\"search_term_string\"}}],\"inLanguage\":\"fr-FR\"},{\"@type\":\"Organization\",\"@id\":\"https:\/\/www.pressenza.com\/fr\/#organization\",\"name\":\"Pressenza\",\"url\":\"https:\/\/www.pressenza.com\/fr\/\",\"logo\":{\"@type\":\"ImageObject\",\"inLanguage\":\"fr-FR\",\"@id\":\"https:\/\/www.pressenza.com\/fr\/#\/schema\/logo\/image\/\",\"url\":\"https:\/\/www.pressenza.com\/wp-content\/uploads\/2022\/10\/pressenza_logo_200x200.jpg\",\"contentUrl\":\"https:\/\/www.pressenza.com\/wp-content\/uploads\/2022\/10\/pressenza_logo_200x200.jpg\",\"width\":200,\"height\":200,\"caption\":\"Pressenza\"},\"image\":{\"@id\":\"https:\/\/www.pressenza.com\/fr\/#\/schema\/logo\/image\/\"},\"sameAs\":[\"https:\/\/www.facebook.com\/PressenzaItalia\",\"https:\/\/x.com\/PressenzaIPA\"]},{\"@type\":\"Person\",\"@id\":\"https:\/\/www.pressenza.com\/fr\/#\/schema\/person\/57bb5480943a496a7722b0248e4b658a\",\"name\":\"Pressenza Berlin\",\"description\":\"News from the Pressenza Bureau in Berlin, Germany\",\"sameAs\":[\"https:\/\/www.facebook.com\/Pressenza-Deutschland-sterreich-Schweiz-281675388658060\/timeline\/\",\"https:\/\/x.com\/pressenza_ger\"],\"url\":\"https:\/\/www.pressenza.com\/fr\/author\/pressenza-berlin\/\"}]}<\/script>\n<!-- \/ Yoast SEO plugin. -->","yoast_head_json":{"title":"Suisse : La Banque nationale a oubli\u00e9 sa raison d\u2019\u00eatre","description":"La Banque nationale suisse a \u00e9t\u00e9 fond\u00e9e en 1907, suite \u00e0 un vote populaire, dans l\u2019objectif d\u2019\u00e9mettre le franc suisse. Aujourd\u2019hui, la Banque nationale a","robots":{"index":"index","follow":"follow","max-snippet":"max-snippet:-1","max-image-preview":"max-image-preview:large","max-video-preview":"max-video-preview:-1"},"canonical":"https:\/\/www.pressenza.com\/fr\/2018\/04\/suisse-banque-nationale-a-oublie-raison-detre\/","og_locale":"fr_FR","og_type":"article","og_title":"Suisse : La Banque nationale a oubli\u00e9 sa raison d\u2019\u00eatre","og_description":"La Banque nationale suisse a \u00e9t\u00e9 fond\u00e9e en 1907, suite \u00e0 un vote populaire, dans l\u2019objectif d\u2019\u00e9mettre le franc suisse. Aujourd\u2019hui, la Banque nationale a","og_url":"https:\/\/www.pressenza.com\/fr\/2018\/04\/suisse-banque-nationale-a-oublie-raison-detre\/","og_site_name":"Pressenza","article_publisher":"https:\/\/www.facebook.com\/PressenzaItalia","article_author":"https:\/\/www.facebook.com\/Pressenza-Deutschland-sterreich-Schweiz-281675388658060\/timeline\/","article_published_time":"2018-04-30T04:47:14+00:00","og_image":[{"width":1500,"height":1125,"url":"https:\/\/www.pressenza.com\/wp-content\/uploads\/2018\/04\/Nationalbank.jpg","type":"image\/jpeg"}],"author":"Pressenza Berlin","twitter_card":"summary_large_image","twitter_creator":"@pressenza_ger","twitter_site":"@PressenzaIPA","twitter_misc":{"\u00c9crit par":"Pressenza Berlin","Dur\u00e9e de lecture estim\u00e9e":"3 minutes"},"schema":{"@context":"https:\/\/schema.org","@graph":[{"@type":"Article","@id":"https:\/\/www.pressenza.com\/fr\/2018\/04\/suisse-banque-nationale-a-oublie-raison-detre\/#article","isPartOf":{"@id":"https:\/\/www.pressenza.com\/fr\/2018\/04\/suisse-banque-nationale-a-oublie-raison-detre\/"},"author":{"name":"Pressenza Berlin","@id":"https:\/\/www.pressenza.com\/fr\/#\/schema\/person\/57bb5480943a496a7722b0248e4b658a"},"headline":"Suisse : La Banque nationale a oubli\u00e9 sa raison d\u2019\u00eatre","datePublished":"2018-04-30T04:47:14+00:00","mainEntityOfPage":{"@id":"https:\/\/www.pressenza.com\/fr\/2018\/04\/suisse-banque-nationale-a-oublie-raison-detre\/"},"wordCount":602,"publisher":{"@id":"https:\/\/www.pressenza.com\/fr\/#organization"},"image":{"@id":"https:\/\/www.pressenza.com\/fr\/2018\/04\/suisse-banque-nationale-a-oublie-raison-detre\/#primaryimage"},"thumbnailUrl":"https:\/\/www.pressenza.com\/wp-content\/uploads\/2018\/04\/Nationalbank.jpg","keywords":["argent int\u00e9gral","bankroll","Banque nationale suisse","banques commerciales","cr\u00e9ation de monnaie","crise bancaire","initiative de la monnaie pleine","Suisse"],"articleSection":["Communiqu\u00e9s de Presse","Economie","Politique"],"inLanguage":"fr-FR"},{"@type":"WebPage","@id":"https:\/\/www.pressenza.com\/fr\/2018\/04\/suisse-banque-nationale-a-oublie-raison-detre\/","url":"https:\/\/www.pressenza.com\/fr\/2018\/04\/suisse-banque-nationale-a-oublie-raison-detre\/","name":"Suisse : La Banque nationale a oubli\u00e9 sa raison d\u2019\u00eatre","isPartOf":{"@id":"https:\/\/www.pressenza.com\/fr\/#website"},"primaryImageOfPage":{"@id":"https:\/\/www.pressenza.com\/fr\/2018\/04\/suisse-banque-nationale-a-oublie-raison-detre\/#primaryimage"},"image":{"@id":"https:\/\/www.pressenza.com\/fr\/2018\/04\/suisse-banque-nationale-a-oublie-raison-detre\/#primaryimage"},"thumbnailUrl":"https:\/\/www.pressenza.com\/wp-content\/uploads\/2018\/04\/Nationalbank.jpg","datePublished":"2018-04-30T04:47:14+00:00","description":"La Banque nationale suisse a \u00e9t\u00e9 fond\u00e9e en 1907, suite \u00e0 un vote populaire, dans l\u2019objectif d\u2019\u00e9mettre le franc suisse. Aujourd\u2019hui, la Banque nationale a","breadcrumb":{"@id":"https:\/\/www.pressenza.com\/fr\/2018\/04\/suisse-banque-nationale-a-oublie-raison-detre\/#breadcrumb"},"inLanguage":"fr-FR","potentialAction":[{"@type":"ReadAction","target":["https:\/\/www.pressenza.com\/fr\/2018\/04\/suisse-banque-nationale-a-oublie-raison-detre\/"]}]},{"@type":"ImageObject","inLanguage":"fr-FR","@id":"https:\/\/www.pressenza.com\/fr\/2018\/04\/suisse-banque-nationale-a-oublie-raison-detre\/#primaryimage","url":"https:\/\/www.pressenza.com\/wp-content\/uploads\/2018\/04\/Nationalbank.jpg","contentUrl":"https:\/\/www.pressenza.com\/wp-content\/uploads\/2018\/04\/Nationalbank.jpg","width":1500,"height":1125},{"@type":"BreadcrumbList","@id":"https:\/\/www.pressenza.com\/fr\/2018\/04\/suisse-banque-nationale-a-oublie-raison-detre\/#breadcrumb","itemListElement":[{"@type":"ListItem","position":1,"name":"Accueil","item":"https:\/\/www.pressenza.com\/fr\/"},{"@type":"ListItem","position":2,"name":"Suisse : La Banque nationale a oubli\u00e9 sa raison d\u2019\u00eatre"}]},{"@type":"WebSite","@id":"https:\/\/www.pressenza.com\/fr\/#website","url":"https:\/\/www.pressenza.com\/fr\/","name":"Pressenza","description":"International Press Agency","publisher":{"@id":"https:\/\/www.pressenza.com\/fr\/#organization"},"potentialAction":[{"@type":"SearchAction","target":{"@type":"EntryPoint","urlTemplate":"https:\/\/www.pressenza.com\/fr\/?s={search_term_string}"},"query-input":{"@type":"PropertyValueSpecification","valueRequired":true,"valueName":"search_term_string"}}],"inLanguage":"fr-FR"},{"@type":"Organization","@id":"https:\/\/www.pressenza.com\/fr\/#organization","name":"Pressenza","url":"https:\/\/www.pressenza.com\/fr\/","logo":{"@type":"ImageObject","inLanguage":"fr-FR","@id":"https:\/\/www.pressenza.com\/fr\/#\/schema\/logo\/image\/","url":"https:\/\/www.pressenza.com\/wp-content\/uploads\/2022\/10\/pressenza_logo_200x200.jpg","contentUrl":"https:\/\/www.pressenza.com\/wp-content\/uploads\/2022\/10\/pressenza_logo_200x200.jpg","width":200,"height":200,"caption":"Pressenza"},"image":{"@id":"https:\/\/www.pressenza.com\/fr\/#\/schema\/logo\/image\/"},"sameAs":["https:\/\/www.facebook.com\/PressenzaItalia","https:\/\/x.com\/PressenzaIPA"]},{"@type":"Person","@id":"https:\/\/www.pressenza.com\/fr\/#\/schema\/person\/57bb5480943a496a7722b0248e4b658a","name":"Pressenza Berlin","description":"News from the Pressenza Bureau in Berlin, Germany","sameAs":["https:\/\/www.facebook.com\/Pressenza-Deutschland-sterreich-Schweiz-281675388658060\/timeline\/","https:\/\/x.com\/pressenza_ger"],"url":"https:\/\/www.pressenza.com\/fr\/author\/pressenza-berlin\/"}]}},"place":"Berne, Suisse","original_article_url":"http:\/\/www.initiative-monnaie-pleine.ch\/communiques-de-presse\/detail\/la-banque-nationale-a-oublie-sa-raison-detre\/","_links":{"self":[{"href":"https:\/\/www.pressenza.com\/fr\/wp-json\/wp\/v2\/posts\/633282","targetHints":{"allow":["GET"]}}],"collection":[{"href":"https:\/\/www.pressenza.com\/fr\/wp-json\/wp\/v2\/posts"}],"about":[{"href":"https:\/\/www.pressenza.com\/fr\/wp-json\/wp\/v2\/types\/post"}],"author":[{"embeddable":true,"href":"https:\/\/www.pressenza.com\/fr\/wp-json\/wp\/v2\/users\/1095"}],"replies":[{"embeddable":true,"href":"https:\/\/www.pressenza.com\/fr\/wp-json\/wp\/v2\/comments?post=633282"}],"version-history":[{"count":0,"href":"https:\/\/www.pressenza.com\/fr\/wp-json\/wp\/v2\/posts\/633282\/revisions"}],"wp:featuredmedia":[{"embeddable":true,"href":"https:\/\/www.pressenza.com\/fr\/wp-json\/wp\/v2\/media\/632295"}],"wp:attachment":[{"href":"https:\/\/www.pressenza.com\/fr\/wp-json\/wp\/v2\/media?parent=633282"}],"wp:term":[{"taxonomy":"category","embeddable":true,"href":"https:\/\/www.pressenza.com\/fr\/wp-json\/wp\/v2\/categories?post=633282"},{"taxonomy":"post_tag","embeddable":true,"href":"https:\/\/www.pressenza.com\/fr\/wp-json\/wp\/v2\/tags?post=633282"}],"curies":[{"name":"wp","href":"https:\/\/api.w.org\/{rel}","templated":true}]}}