{"id":627589,"date":"2018-04-18T17:19:53","date_gmt":"2018-04-18T16:19:53","guid":{"rendered":"https:\/\/www.pressenza.com\/?p=627589"},"modified":"2018-04-21T03:42:18","modified_gmt":"2018-04-21T02:42:18","slug":"parlons-de-moralite","status":"publish","type":"post","link":"https:\/\/www.pressenza.com\/fr\/2018\/04\/parlons-de-moralite\/","title":{"rendered":"Parlons de moralit\u00e9"},"content":{"rendered":"<p>Le Pr\u00e9sident Trump est connu pour son caract\u00e8re antipathique et pour le rejet qu&rsquo;il suscite. Mais il est important de comprendre que la politique \u00e9trang\u00e8re des \u00c9tats-Unis r\u00e9pond \u00e0 la strat\u00e9gie de domination que ce pays entretient depuis plus de 200 ans. Con\u00e7ue pour dominer politiquement et \u00e9conomiquement la plan\u00e8te, cette politique touche aujourd&rsquo;hui la Syrie, a touch\u00e9 hier l&rsquo;Irak et l&rsquo;Afghanistan, avant-hier la R\u00e9publique Dominicaine, Cuba, le Guatemala, le Chili, l&rsquo;Argentine, les nations africaines, le Japon, et on pourrait continuer \u00e0 \u00e9num\u00e9rer les multiples \u00ab interventions \u00bb d\u00e9clar\u00e9es ou clandestines men\u00e9es par ce pays pour imposer des dictateurs dociles et sanguinaires.<\/p>\n<p>La Syrie n&rsquo;est qu&rsquo;une \u00e9tape dans la domination recherch\u00e9e par cette n\u00e9buleuse administration am\u00e9ricaine &#8211; Trump ne fait que suivre une ligne d\u00e9j\u00e0 trac\u00e9e d\u00e9montrant que toute opposition sera combattue avec violence. Il est important de noter que les \u00c9tats-Unis ont la facult\u00e9 de conduire leurs plans avec un halo de l\u00e9gitimit\u00e9 gr\u00e2ce \u00e0 une presse qui se plie \u00e0 leurs int\u00e9r\u00eats, et au soutien de pays comme la France et la Grande-Bretagne, avides de pouvoir.<\/p>\n<p>Si nous pensons que la Syrie ne nous concerne pas, en raison de son \u00e9loignement, par m\u00e9connaissance de la g\u00e9opolitique actuelle ou parce que nous sommes plus occup\u00e9s par nos propres bouleversements, il est important de regarder la situation dans sa globalit\u00e9 et de comprendre que l&rsquo;agression dans n&rsquo;importe quel point de la plan\u00e8te est un avertissement de ce qui pourrait nous arriver si nous essayons, comme Cuba et d&rsquo;autres pays proches, de nous affranchir du cercle d&rsquo;influence du g\u00e9ant du nord. Nous devons comprendre la politique mondiale de mani\u00e8re globale, cette r\u00e9alit\u00e9 o\u00f9 nul n&rsquo;est \u00e0 l&rsquo;abri d&rsquo;un renversement de l&rsquo;autorit\u00e9 face \u00e0 la tentative de subversion la plus timide, surtout si nos pays pr\u00e9tendent devenir des mod\u00e8les de d\u00e9mocratie.<\/p>\n<p>La pr\u00e9sence de la Russie et de la Chine sur la sc\u00e8ne du conflit \u00e0 Damas repr\u00e9sente la seule d\u00e9fense de ce pays d\u00e9chir\u00e9 par la guerre. Les tentatives de transformer le conflit actuel en un instrument pour s&#8217;emparer de la richesse de la Syrie, comme ce fut le cas avec d&rsquo;autres pays de la r\u00e9gion, se heurtent \u00e0 deux g\u00e9ants oppos\u00e9s aux ambitions du D\u00e9partement d&rsquo;\u00c9tat et de ses grandes entreprises, des g\u00e9ants qui ont aussi leurs vues sur ce territoire. En fin de compte, les pays les moins d\u00e9velopp\u00e9s et affaiblis par l&rsquo;interventionnisme des grandes puissances, nous sommes comme une bouch\u00e9e app\u00e9tissante et nous pouvons difficilement \u00e9viter d\u2019\u00eatre d\u00e9vor\u00e9s t\u00f4t ou tard.<\/p>\n<p>Ces jours-ci, alors que les \u00c9tats-Unis bombardent la Syrie, se tient le sommet des Am\u00e9riques, dont le th\u00e8me central est la corruption et la gouvernance. Dans ce contexte, Luis Almagro, Secr\u00e9taire g\u00e9n\u00e9ral de l&rsquo;OEA*, n&rsquo;a pas h\u00e9sit\u00e9 \u00e0 lancer ses missiles verbaux contre Cuba et, dans un paradoxe manifeste, \u00e0 justifier l&rsquo;agression am\u00e9ricaine contre Damas, d\u00e9montrant \u00e0 quel point cet organisme r\u00e9pond aux politiques de la Maison-Blanche en contradiction avec ses principes en tant qu&rsquo;entit\u00e9 r\u00e9gionale. Cela nous oblige \u00e0 repenser la grande vuln\u00e9rabilit\u00e9 de l&rsquo;Am\u00e9rique latine et des Cara\u00efbes face \u00e0 la pression exerc\u00e9e par les \u00c9tats-Unis sur leurs gouvernements pour qu&rsquo;ils restent align\u00e9s et soumis, car la corruption et l\u2019incontr\u00f4labilit\u00e9 &#8211; les th\u00e8mes centraux du forum &#8211; sont quelques-uns des \u00ab effets collat\u00e9raux \u00bb de l&rsquo;ing\u00e9rence am\u00e9ricaine dans tous nos pays.<\/p>\n<p>Pour revendiquer la solvabilit\u00e9 morale, comme elle le pr\u00e9tend, la Maison-Blanche devrait accepter et respecter la volont\u00e9 des populations, abandonner les tactiques interventionnistes dans les pays moins d\u00e9velopp\u00e9s, s&rsquo;abstenir de d\u00e9truire leurs territoires par l&rsquo;exploitation ill\u00e9gitime et irrationnelle de leurs ressources et se retirer de l\u00e0 o\u00f9 elle n&rsquo;a pas sa place. Cela, pour commencer.<\/p>\n<p>&nbsp;<\/p>\n<p>*OEA : Organisation des \u00c9tats Am\u00e9ricains<\/p>\n<p>&nbsp;<\/p>\n<p><em>Traduit de l&rsquo;espagnol par Jean-Marc Dunet<\/em><\/p>\n<p>&nbsp;<\/p>\n","protected":false},"excerpt":{"rendered":"<p>Le Pr\u00e9sident Trump est connu pour son caract\u00e8re antipathique et pour le rejet qu&rsquo;il suscite. Mais il est important de comprendre que la politique \u00e9trang\u00e8re des \u00c9tats-Unis r\u00e9pond \u00e0 la strat\u00e9gie de domination que ce pays entretient depuis plus de&hellip;<\/p>\n","protected":false},"author":1296,"featured_media":626450,"comment_status":"closed","ping_status":"closed","sticky":false,"template":"","format":"standard","meta":{"footnotes":""},"categories":[11386,40,163,1250],"tags":[45320,34637,5286,13570],"class_list":["post-627589","post","type-post","status-publish","format-standard","has-post-thumbnail","hentry","category-contenu-original","category-international-fr","category-opinion-fr","category-paix-desarmement","tag-bombardements-en-syrie","tag-donald-trump-fr","tag-oea","tag-sommet-des-ameriques"],"yoast_head":"<!-- This site is optimized with the Yoast SEO plugin v27.1.1 - https:\/\/yoast.com\/product\/yoast-seo-wordpress\/ -->\n<title>Parlons de moralit\u00e9<\/title>\n<meta name=\"description\" content=\"Le Pr\u00e9sident Trump est connu pour son caract\u00e8re antipathique et pour le rejet qu&#039;il suscite. Mais il est important de comprendre que la politique\" \/>\n<meta name=\"robots\" content=\"index, follow, max-snippet:-1, max-image-preview:large, max-video-preview:-1\" \/>\n<link rel=\"canonical\" href=\"https:\/\/www.pressenza.com\/fr\/2018\/04\/parlons-de-moralite\/\" \/>\n<meta property=\"og:locale\" content=\"fr_FR\" \/>\n<meta property=\"og:type\" content=\"article\" \/>\n<meta property=\"og:title\" content=\"Parlons de moralit\u00e9\" \/>\n<meta property=\"og:description\" content=\"Le Pr\u00e9sident Trump est connu pour son caract\u00e8re antipathique et pour le rejet qu&#039;il suscite. Mais il est important de comprendre que la politique\" \/>\n<meta property=\"og:url\" content=\"https:\/\/www.pressenza.com\/fr\/2018\/04\/parlons-de-moralite\/\" \/>\n<meta property=\"og:site_name\" content=\"Pressenza\" \/>\n<meta property=\"article:publisher\" content=\"https:\/\/www.facebook.com\/PressenzaItalia\" \/>\n<meta property=\"article:author\" content=\"https:\/\/www.facebook.com\/pages\/Carolina-V\u00e1squez-Araya\/241844515845237?fref=ts\" \/>\n<meta property=\"article:published_time\" content=\"2018-04-18T16:19:53+00:00\" \/>\n<meta property=\"article:modified_time\" content=\"2018-04-21T02:42:18+00:00\" \/>\n<meta property=\"og:image\" content=\"https:\/\/www.pressenza.com\/wp-content\/uploads\/2018\/04\/16291109_xl.jpg\" \/>\n\t<meta property=\"og:image:width\" content=\"880\" \/>\n\t<meta property=\"og:image:height\" content=\"495\" \/>\n\t<meta property=\"og:image:type\" content=\"image\/jpeg\" \/>\n<meta name=\"author\" content=\"Carolina V\u00e1squez Araya\" \/>\n<meta name=\"twitter:card\" content=\"summary_large_image\" \/>\n<meta name=\"twitter:creator\" content=\"@carvasar\" \/>\n<meta name=\"twitter:site\" content=\"@PressenzaIPA\" \/>\n<meta name=\"twitter:label1\" content=\"\u00c9crit par\" \/>\n\t<meta name=\"twitter:data1\" content=\"Carolina V\u00e1squez Araya\" \/>\n\t<meta name=\"twitter:label2\" content=\"Dur\u00e9e de lecture estim\u00e9e\" \/>\n\t<meta name=\"twitter:data2\" content=\"3 minutes\" \/>\n<script type=\"application\/ld+json\" class=\"yoast-schema-graph\">{\"@context\":\"https:\/\/schema.org\",\"@graph\":[{\"@type\":\"Article\",\"@id\":\"https:\/\/www.pressenza.com\/fr\/2018\/04\/parlons-de-moralite\/#article\",\"isPartOf\":{\"@id\":\"https:\/\/www.pressenza.com\/fr\/2018\/04\/parlons-de-moralite\/\"},\"author\":{\"name\":\"Carolina V\u00e1squez Araya\",\"@id\":\"https:\/\/www.pressenza.com\/fr\/#\/schema\/person\/6936ca3bb8dee618b5cdfd0e4427cdd6\"},\"headline\":\"Parlons de moralit\u00e9\",\"datePublished\":\"2018-04-18T16:19:53+00:00\",\"dateModified\":\"2018-04-21T02:42:18+00:00\",\"mainEntityOfPage\":{\"@id\":\"https:\/\/www.pressenza.com\/fr\/2018\/04\/parlons-de-moralite\/\"},\"wordCount\":707,\"publisher\":{\"@id\":\"https:\/\/www.pressenza.com\/fr\/#organization\"},\"image\":{\"@id\":\"https:\/\/www.pressenza.com\/fr\/2018\/04\/parlons-de-moralite\/#primaryimage\"},\"thumbnailUrl\":\"https:\/\/www.pressenza.com\/wp-content\/uploads\/2018\/04\/16291109_xl.jpg\",\"keywords\":[\"bombardements en Syrie\",\"Donald Trump\",\"OEA\",\"Sommet des Am\u00e9riques\"],\"articleSection\":[\"Contenu Original\",\"International\",\"Opinion\",\"Paix et D\u00e9sarmement\"],\"inLanguage\":\"fr-FR\"},{\"@type\":\"WebPage\",\"@id\":\"https:\/\/www.pressenza.com\/fr\/2018\/04\/parlons-de-moralite\/\",\"url\":\"https:\/\/www.pressenza.com\/fr\/2018\/04\/parlons-de-moralite\/\",\"name\":\"Parlons de moralit\u00e9\",\"isPartOf\":{\"@id\":\"https:\/\/www.pressenza.com\/fr\/#website\"},\"primaryImageOfPage\":{\"@id\":\"https:\/\/www.pressenza.com\/fr\/2018\/04\/parlons-de-moralite\/#primaryimage\"},\"image\":{\"@id\":\"https:\/\/www.pressenza.com\/fr\/2018\/04\/parlons-de-moralite\/#primaryimage\"},\"thumbnailUrl\":\"https:\/\/www.pressenza.com\/wp-content\/uploads\/2018\/04\/16291109_xl.jpg\",\"datePublished\":\"2018-04-18T16:19:53+00:00\",\"dateModified\":\"2018-04-21T02:42:18+00:00\",\"description\":\"Le Pr\u00e9sident Trump est connu pour son caract\u00e8re antipathique et pour le rejet qu'il suscite. Mais il est important de comprendre que la politique\",\"breadcrumb\":{\"@id\":\"https:\/\/www.pressenza.com\/fr\/2018\/04\/parlons-de-moralite\/#breadcrumb\"},\"inLanguage\":\"fr-FR\",\"potentialAction\":[{\"@type\":\"ReadAction\",\"target\":[\"https:\/\/www.pressenza.com\/fr\/2018\/04\/parlons-de-moralite\/\"]}]},{\"@type\":\"ImageObject\",\"inLanguage\":\"fr-FR\",\"@id\":\"https:\/\/www.pressenza.com\/fr\/2018\/04\/parlons-de-moralite\/#primaryimage\",\"url\":\"https:\/\/www.pressenza.com\/wp-content\/uploads\/2018\/04\/16291109_xl.jpg\",\"contentUrl\":\"https:\/\/www.pressenza.com\/wp-content\/uploads\/2018\/04\/16291109_xl.jpg\",\"width\":880,\"height\":495},{\"@type\":\"BreadcrumbList\",\"@id\":\"https:\/\/www.pressenza.com\/fr\/2018\/04\/parlons-de-moralite\/#breadcrumb\",\"itemListElement\":[{\"@type\":\"ListItem\",\"position\":1,\"name\":\"Accueil\",\"item\":\"https:\/\/www.pressenza.com\/fr\/\"},{\"@type\":\"ListItem\",\"position\":2,\"name\":\"Parlons de moralit\u00e9\"}]},{\"@type\":\"WebSite\",\"@id\":\"https:\/\/www.pressenza.com\/fr\/#website\",\"url\":\"https:\/\/www.pressenza.com\/fr\/\",\"name\":\"Pressenza\",\"description\":\"International Press Agency\",\"publisher\":{\"@id\":\"https:\/\/www.pressenza.com\/fr\/#organization\"},\"potentialAction\":[{\"@type\":\"SearchAction\",\"target\":{\"@type\":\"EntryPoint\",\"urlTemplate\":\"https:\/\/www.pressenza.com\/fr\/?s={search_term_string}\"},\"query-input\":{\"@type\":\"PropertyValueSpecification\",\"valueRequired\":true,\"valueName\":\"search_term_string\"}}],\"inLanguage\":\"fr-FR\"},{\"@type\":\"Organization\",\"@id\":\"https:\/\/www.pressenza.com\/fr\/#organization\",\"name\":\"Pressenza\",\"url\":\"https:\/\/www.pressenza.com\/fr\/\",\"logo\":{\"@type\":\"ImageObject\",\"inLanguage\":\"fr-FR\",\"@id\":\"https:\/\/www.pressenza.com\/fr\/#\/schema\/logo\/image\/\",\"url\":\"https:\/\/www.pressenza.com\/wp-content\/uploads\/2022\/10\/pressenza_logo_200x200.jpg\",\"contentUrl\":\"https:\/\/www.pressenza.com\/wp-content\/uploads\/2022\/10\/pressenza_logo_200x200.jpg\",\"width\":200,\"height\":200,\"caption\":\"Pressenza\"},\"image\":{\"@id\":\"https:\/\/www.pressenza.com\/fr\/#\/schema\/logo\/image\/\"},\"sameAs\":[\"https:\/\/www.facebook.com\/PressenzaItalia\",\"https:\/\/x.com\/PressenzaIPA\"]},{\"@type\":\"Person\",\"@id\":\"https:\/\/www.pressenza.com\/fr\/#\/schema\/person\/6936ca3bb8dee618b5cdfd0e4427cdd6\",\"name\":\"Carolina V\u00e1squez Araya\",\"description\":\"Periodista y editora con m\u00e1s de 30 a\u00f1os de experiencia, cuyos logros profesionales en el desarrollo de proyectos de gran \u00e9xito avalan sus cualidades de liderazgo, creatividad y relaciones p\u00fablicas. Ha aportado sus conocimientos en proyectos de organizaciones con intereses orientados al desarrollo social, cultural y econ\u00f3mico del pa\u00eds, con especial \u00e9nfasis en el sector de cultura y educaci\u00f3n, emprendimiento, derechos humanos, justicia, ambiente, mujeres y ni\u00f1ez. Chilena en Guatemala. elquintopatio.wordpress.com\",\"sameAs\":[\"https:\/\/www.facebook.com\/pages\/Carolina-V\u00e1squez-Araya\/241844515845237?fref=ts\",\"https:\/\/x.com\/carvasar\"],\"url\":\"https:\/\/www.pressenza.com\/fr\/author\/carolina-vasquez-araya\/\"}]}<\/script>\n<!-- \/ Yoast SEO plugin. -->","yoast_head_json":{"title":"Parlons de moralit\u00e9","description":"Le Pr\u00e9sident Trump est connu pour son caract\u00e8re antipathique et pour le rejet qu'il suscite. Mais il est important de comprendre que la politique","robots":{"index":"index","follow":"follow","max-snippet":"max-snippet:-1","max-image-preview":"max-image-preview:large","max-video-preview":"max-video-preview:-1"},"canonical":"https:\/\/www.pressenza.com\/fr\/2018\/04\/parlons-de-moralite\/","og_locale":"fr_FR","og_type":"article","og_title":"Parlons de moralit\u00e9","og_description":"Le Pr\u00e9sident Trump est connu pour son caract\u00e8re antipathique et pour le rejet qu'il suscite. Mais il est important de comprendre que la politique","og_url":"https:\/\/www.pressenza.com\/fr\/2018\/04\/parlons-de-moralite\/","og_site_name":"Pressenza","article_publisher":"https:\/\/www.facebook.com\/PressenzaItalia","article_author":"https:\/\/www.facebook.com\/pages\/Carolina-V\u00e1squez-Araya\/241844515845237?fref=ts","article_published_time":"2018-04-18T16:19:53+00:00","article_modified_time":"2018-04-21T02:42:18+00:00","og_image":[{"width":880,"height":495,"url":"https:\/\/www.pressenza.com\/wp-content\/uploads\/2018\/04\/16291109_xl.jpg","type":"image\/jpeg"}],"author":"Carolina V\u00e1squez Araya","twitter_card":"summary_large_image","twitter_creator":"@carvasar","twitter_site":"@PressenzaIPA","twitter_misc":{"\u00c9crit par":"Carolina V\u00e1squez Araya","Dur\u00e9e de lecture estim\u00e9e":"3 minutes"},"schema":{"@context":"https:\/\/schema.org","@graph":[{"@type":"Article","@id":"https:\/\/www.pressenza.com\/fr\/2018\/04\/parlons-de-moralite\/#article","isPartOf":{"@id":"https:\/\/www.pressenza.com\/fr\/2018\/04\/parlons-de-moralite\/"},"author":{"name":"Carolina V\u00e1squez Araya","@id":"https:\/\/www.pressenza.com\/fr\/#\/schema\/person\/6936ca3bb8dee618b5cdfd0e4427cdd6"},"headline":"Parlons de moralit\u00e9","datePublished":"2018-04-18T16:19:53+00:00","dateModified":"2018-04-21T02:42:18+00:00","mainEntityOfPage":{"@id":"https:\/\/www.pressenza.com\/fr\/2018\/04\/parlons-de-moralite\/"},"wordCount":707,"publisher":{"@id":"https:\/\/www.pressenza.com\/fr\/#organization"},"image":{"@id":"https:\/\/www.pressenza.com\/fr\/2018\/04\/parlons-de-moralite\/#primaryimage"},"thumbnailUrl":"https:\/\/www.pressenza.com\/wp-content\/uploads\/2018\/04\/16291109_xl.jpg","keywords":["bombardements en Syrie","Donald Trump","OEA","Sommet des Am\u00e9riques"],"articleSection":["Contenu Original","International","Opinion","Paix et D\u00e9sarmement"],"inLanguage":"fr-FR"},{"@type":"WebPage","@id":"https:\/\/www.pressenza.com\/fr\/2018\/04\/parlons-de-moralite\/","url":"https:\/\/www.pressenza.com\/fr\/2018\/04\/parlons-de-moralite\/","name":"Parlons de moralit\u00e9","isPartOf":{"@id":"https:\/\/www.pressenza.com\/fr\/#website"},"primaryImageOfPage":{"@id":"https:\/\/www.pressenza.com\/fr\/2018\/04\/parlons-de-moralite\/#primaryimage"},"image":{"@id":"https:\/\/www.pressenza.com\/fr\/2018\/04\/parlons-de-moralite\/#primaryimage"},"thumbnailUrl":"https:\/\/www.pressenza.com\/wp-content\/uploads\/2018\/04\/16291109_xl.jpg","datePublished":"2018-04-18T16:19:53+00:00","dateModified":"2018-04-21T02:42:18+00:00","description":"Le Pr\u00e9sident Trump est connu pour son caract\u00e8re antipathique et pour le rejet qu'il suscite. Mais il est important de comprendre que la politique","breadcrumb":{"@id":"https:\/\/www.pressenza.com\/fr\/2018\/04\/parlons-de-moralite\/#breadcrumb"},"inLanguage":"fr-FR","potentialAction":[{"@type":"ReadAction","target":["https:\/\/www.pressenza.com\/fr\/2018\/04\/parlons-de-moralite\/"]}]},{"@type":"ImageObject","inLanguage":"fr-FR","@id":"https:\/\/www.pressenza.com\/fr\/2018\/04\/parlons-de-moralite\/#primaryimage","url":"https:\/\/www.pressenza.com\/wp-content\/uploads\/2018\/04\/16291109_xl.jpg","contentUrl":"https:\/\/www.pressenza.com\/wp-content\/uploads\/2018\/04\/16291109_xl.jpg","width":880,"height":495},{"@type":"BreadcrumbList","@id":"https:\/\/www.pressenza.com\/fr\/2018\/04\/parlons-de-moralite\/#breadcrumb","itemListElement":[{"@type":"ListItem","position":1,"name":"Accueil","item":"https:\/\/www.pressenza.com\/fr\/"},{"@type":"ListItem","position":2,"name":"Parlons de moralit\u00e9"}]},{"@type":"WebSite","@id":"https:\/\/www.pressenza.com\/fr\/#website","url":"https:\/\/www.pressenza.com\/fr\/","name":"Pressenza","description":"International Press Agency","publisher":{"@id":"https:\/\/www.pressenza.com\/fr\/#organization"},"potentialAction":[{"@type":"SearchAction","target":{"@type":"EntryPoint","urlTemplate":"https:\/\/www.pressenza.com\/fr\/?s={search_term_string}"},"query-input":{"@type":"PropertyValueSpecification","valueRequired":true,"valueName":"search_term_string"}}],"inLanguage":"fr-FR"},{"@type":"Organization","@id":"https:\/\/www.pressenza.com\/fr\/#organization","name":"Pressenza","url":"https:\/\/www.pressenza.com\/fr\/","logo":{"@type":"ImageObject","inLanguage":"fr-FR","@id":"https:\/\/www.pressenza.com\/fr\/#\/schema\/logo\/image\/","url":"https:\/\/www.pressenza.com\/wp-content\/uploads\/2022\/10\/pressenza_logo_200x200.jpg","contentUrl":"https:\/\/www.pressenza.com\/wp-content\/uploads\/2022\/10\/pressenza_logo_200x200.jpg","width":200,"height":200,"caption":"Pressenza"},"image":{"@id":"https:\/\/www.pressenza.com\/fr\/#\/schema\/logo\/image\/"},"sameAs":["https:\/\/www.facebook.com\/PressenzaItalia","https:\/\/x.com\/PressenzaIPA"]},{"@type":"Person","@id":"https:\/\/www.pressenza.com\/fr\/#\/schema\/person\/6936ca3bb8dee618b5cdfd0e4427cdd6","name":"Carolina V\u00e1squez Araya","description":"Periodista y editora con m\u00e1s de 30 a\u00f1os de experiencia, cuyos logros profesionales en el desarrollo de proyectos de gran \u00e9xito avalan sus cualidades de liderazgo, creatividad y relaciones p\u00fablicas. Ha aportado sus conocimientos en proyectos de organizaciones con intereses orientados al desarrollo social, cultural y econ\u00f3mico del pa\u00eds, con especial \u00e9nfasis en el sector de cultura y educaci\u00f3n, emprendimiento, derechos humanos, justicia, ambiente, mujeres y ni\u00f1ez. Chilena en Guatemala. elquintopatio.wordpress.com","sameAs":["https:\/\/www.facebook.com\/pages\/Carolina-V\u00e1squez-Araya\/241844515845237?fref=ts","https:\/\/x.com\/carvasar"],"url":"https:\/\/www.pressenza.com\/fr\/author\/carolina-vasquez-araya\/"}]}},"place":"Cuenca, Equateur","original_article_url":"","_links":{"self":[{"href":"https:\/\/www.pressenza.com\/fr\/wp-json\/wp\/v2\/posts\/627589","targetHints":{"allow":["GET"]}}],"collection":[{"href":"https:\/\/www.pressenza.com\/fr\/wp-json\/wp\/v2\/posts"}],"about":[{"href":"https:\/\/www.pressenza.com\/fr\/wp-json\/wp\/v2\/types\/post"}],"author":[{"embeddable":true,"href":"https:\/\/www.pressenza.com\/fr\/wp-json\/wp\/v2\/users\/1296"}],"replies":[{"embeddable":true,"href":"https:\/\/www.pressenza.com\/fr\/wp-json\/wp\/v2\/comments?post=627589"}],"version-history":[{"count":0,"href":"https:\/\/www.pressenza.com\/fr\/wp-json\/wp\/v2\/posts\/627589\/revisions"}],"wp:featuredmedia":[{"embeddable":true,"href":"https:\/\/www.pressenza.com\/fr\/wp-json\/wp\/v2\/media\/626450"}],"wp:attachment":[{"href":"https:\/\/www.pressenza.com\/fr\/wp-json\/wp\/v2\/media?parent=627589"}],"wp:term":[{"taxonomy":"category","embeddable":true,"href":"https:\/\/www.pressenza.com\/fr\/wp-json\/wp\/v2\/categories?post=627589"},{"taxonomy":"post_tag","embeddable":true,"href":"https:\/\/www.pressenza.com\/fr\/wp-json\/wp\/v2\/tags?post=627589"}],"curies":[{"name":"wp","href":"https:\/\/api.w.org\/{rel}","templated":true}]}}