{"id":623881,"date":"2018-04-11T18:41:08","date_gmt":"2018-04-11T17:41:08","guid":{"rendered":"https:\/\/www.pressenza.com\/?p=623881"},"modified":"2018-04-12T08:11:04","modified_gmt":"2018-04-12T07:11:04","slug":"france-un-etat-repressif","status":"publish","type":"post","link":"https:\/\/www.pressenza.com\/fr\/2018\/04\/france-un-etat-repressif\/","title":{"rendered":"France : un \u00e9tat r\u00e9pressif"},"content":{"rendered":"<p>La France est un \u00c9tat qui r\u00e9prime ses concitoyens, consid\u00e8re la solidarit\u00e9 comme un d\u00e9lit <a href=\"https:\/\/www.amnesty.fr\/refugies-et-migrants\/actualites\/refugies-que-cache-le-mot-delit-de-solidarite\">en s&rsquo;appuyant sur une loi qui date de 1945<\/a>, condamne et pers\u00e9cute \u00e0 coup de convocations au commissariat, de comparutions devant les juges ceux qui aident, soutiennent, accompagnent les migrant-es r\u00e9fugi\u00e9-es pour qu&rsquo;ils ne meurent pas de froid, de faim ou d&rsquo;accident, ceux-l\u00e0 m\u00eames qui ont pris d&rsquo;immenses risques pour aller vers une libert\u00e9 qu&rsquo;ils esp\u00e8rent pouvoir vivre comme n&rsquo;importe lequel d\u2019entre nous. La France a un gouvernement qui envoie 2500 gendarmes\/militaires en op\u00e9ration \u00ab\u00a0militaire\u00a0\u00bb face \u00e0 un peu plus de 200 personnes \u00e0 la <a href=\"https:\/\/reporterre.net\/La-Zad-de-Notre-Dame-des-Landes-sous-le-choc-de-l-evacuation\">ZAD de Notre Dame des Landes<\/a> (une op\u00e9ration qui va durer plusieurs jours), un gouvernement qui envoie les CRS dans les facult\u00e9s pour d\u00e9loger des \u00e9tudiant-es en gr\u00e8ve contre la s\u00e9lection \u00e0 l&rsquo;universit\u00e9 et le <a href=\"http:\/\/emmaus-france.org\/calais-letat-en-flagrant-deni-de-solidarite\/\">23\/03\/2018<\/a> ce m\u00eame \u00e9tat qui organise \u00e0 Calais un petit-d\u00e9jeuner pour les r\u00e9fugi\u00e9-es pendant que la police d\u00e9truit leur campement et toutes leurs affaires.\u00a0 Le cynisme est \u00e0 son comble : il faut choisir entre manger ou garder ses affaires pour pouvoir dormir au chaud la nuit qui arrive. C&rsquo;est \u00e7a le gouvernement fran\u00e7ais? C&rsquo;est \u00e7a l&rsquo;\u00e9tat fran\u00e7ais? C&rsquo;est \u00e7a ce pays dans lequel je vis? Oui c&rsquo;est bien \u00e7a.<\/p>\n<p>Un pays o\u00f9 les m\u00e9dias t\u00e9l\u00e9visuels, presse \u00e9crite ou radios appartiennent \u00e0 10 milliardaires plus ou moins proches du pouvoir (plus que moins). Le Pr\u00e9sident de la R\u00e9publique fran\u00e7aise <a href=\"https:\/\/www.pressenza.com\/fr\/2017\/05\/france-elections-presidentielles-de-la-banque-a-lelysee-une-election-programmee\/\">M. Emmanuel Macron a \u00e9t\u00e9 banquier\u00a0d\u2019affaires<\/a> et associ\u00e9-g\u00e9rant chez Rothschild et Compagnie jusqu\u2019en 2012. Monsieur Macron est\u00a0\u00a0<a href=\"https:\/\/www.monde-diplomatique.fr\/2017\/05\/BENILDE\/57494\">un Pr\u00e9sident fabriqu\u00e9 par les m\u00e9dias<\/a>\u00a0et voulu par les grands industriels et les puissances financi\u00e8res.<\/p>\n<p>Le <a href=\"https:\/\/www.facebook.com\/lefildactuofficiel\/videos\/1916691971705971\/\">28\/03\/2018 l&rsquo;Assembl\u00e9e Nationale a vot\u00e9 une loi dite \u00ab\u00a0secret des affaires\u00a0\u00bb proposition de la R\u00e9publique en Marche (parti politique cr\u00e9\u00e9 par le Pr\u00e9sident Emmanuel Macron)<\/a>. Que dit cette loi : au d\u00e9but il est question de\u00a0 prot\u00e9ger les entreprises contre l&rsquo;espionnage industriel\/\u00e9conomique\/la concurrence d\u00e9loyale sauf qu&rsquo;au d\u00e9tour du texte, cette loi rend ill\u00e9gale l&rsquo;obtention, l&rsquo;utilisation ou la divulgation d&rsquo;informations avec une valeur commerciale et prot\u00e9g\u00e9e par l&rsquo;entreprise. Avec cette loi, le scandale du M\u00e9diator (m\u00e9dicaments qui a tu\u00e9 des milliers de gens) n&rsquo;aurait jamais vu le jour, ni toutes les affaires sur l&rsquo;optimisation fiscale. Bref, les lanceurs d&rsquo;alerte, les journalistes d&rsquo;investigation, les militants deviennent des hors-la-loi pouvant \u00eatre poursuivis en justice (c&rsquo;est d\u00e9j\u00e0 le cas pour certains) et condamner lourdement. Une petite exception cependant : il faut \u00eatre de bonne foi et d\u00e9noncer\/rendre public uniquement des activit\u00e9s ill\u00e9gales. Sauf que toutes ces affaires mises en lumi\u00e8re ne sont pas ill\u00e9gales ; ces multinationales\u00a0utilisent les lois existantes et faites pour cela, pour les prot\u00e9ger et leur garantir encore plus de profits m\u00eame au d\u00e9triment de la vie de milliers, de millions d&rsquo;\u00eatres humains. Avec cette loi, nous n&rsquo;aurons plus droit \u00e0 l&rsquo;information et toute action sera condamn\u00e9e.<\/p>\n<p>Parlons du CICE (cr\u00e9dit d\u2019imp\u00f4t pour la comp\u00e9titivit\u00e9 et l&#8217;emploi) entr\u00e9 en vigueur en 2013 pour aider les entreprises \u00e0 embaucher sans la moindre contrepartie ni obligation l\u00e9gale. Par la suite, l&rsquo;enveloppe allou\u00e9e au CICE a augment\u00e9 puis devrait diminuer cette ann\u00e9e. <a href=\"https:\/\/lafranceinsoumise.fr\/2018\/02\/08\/question-de-muriel-ressiguier-concernant-plan-de-licenciement-chez-carrefour\/\">Carrefour<\/a> qui a b\u00e9n\u00e9fici\u00e9 de 2 milliards d\u2019euros depuis 2013, en CICE et exon\u00e9rations de cotisations sociales va licencier des milliers de personnes. Le Groupe Carrefour sera-t-il dans l&rsquo;obligation de rembourser les aides publiques&#8230; j&rsquo;en doute. Cette ann\u00e9e le montant total vers\u00e9 aux entreprises devrait atteindre 21 milliards d\u2019euros sans que les parlementaires n&rsquo;aient la possibilit\u00e9 de tracer l&rsquo;utilisation de cet argent.\u00a0Cinq ans apr\u00e8s, les actionnaires se frottent les mains.\u00a0Pierre Gattaz pr\u00e9sident du MEDEF (organisation patronale, Mouvement des Entreprises de France) a pes\u00e9 de tout son poids pour que cette aide de l&rsquo;\u00e9tat aux entreprises voie le jour et miracle, <a href=\"https:\/\/www.humanite.fr\/comment-pierre-gattaz-se-sucre-sur-largent-public-546073\">son entreprise (RADIAL) en a b\u00e9n\u00e9fici\u00e9<\/a>. De l&rsquo;argent public offert par l&rsquo;\u00e9tat aux actionnaires!<\/p>\n<p>Le parti LREM, la r\u00e9publique en marche (parti de la majorit\u00e9 pr\u00e9sidentielle \u00e0 l&rsquo;Assembl\u00e9e Nationale) en choisissant ce nom a voulu donner l&rsquo;image du mouvement vers le futur, montrer que quelque chose se passe et avance&#8230; soyons clairs : il s&rsquo;agit d&rsquo;un simple slogan publicitaire. C&rsquo;est en fait tout le contraire. Nous sommes dans l\u2019acc\u00e9l\u00e9ration de la r\u00e9gression, de l&rsquo;injustice sociale et humaine, nous sommes avec un gouvernement qui encha\u00eene les r\u00e9formes au pas de course, sans que l&rsquo;on puisse en comprendre les cons\u00e9quences dans nos vies et les enjeux pour le futur, le tout en opposant les gens : d&rsquo;un c\u00f4t\u00e9 les productifs, ceux qui travaillent et de l&rsquo;autre les fain\u00e9ants, les potentiels fraudeurs, c&rsquo;est-\u00e0-dire les pauvres qui, eux, ne font pas gagner d&rsquo;argent aux plus riches. Les lois se votent \u00e0 coup d\u2019ordonnances pour passer en force et les r\u00e9formes veulent transformer nos droits en aide (l\u2019aum\u00f4ne du capitalisme qu&rsquo;ils nomment solidarit\u00e9) privatisant les services publics pour qu&rsquo;ils deviennent des marchandises. Les gouvernements se succ\u00e8dent et se ressemblent en laissant derri\u00e8re eux une odeur naus\u00e9abonde.<\/p>\n<p>Face \u00e0 cette violence d&rsquo;\u00e9tat, cet \u00e9tat dictatorial par ses m\u00e9thodes, des femmes et des hommes jeunes et moins jeunes ne s&rsquo;en laissent pas compter et c&rsquo;est tant mieux ; une de nos possibilit\u00e9s : se r\u00e9approprier l&rsquo;espace commun qu&rsquo;est la rue. Nous retrouver dans la rue, tous ensemble, encore et encore tant qu&rsquo;il le faudra, c&rsquo;est le minimum. Pourquoi est-ce si important : rompre avec l&rsquo;isolement, le sentiment que l&rsquo;on ne peut rien faire, avec la peur de l&rsquo;autre, rompre l&rsquo;individualisme, sentir l&rsquo;autre, parler avec l&rsquo;autre. Arr\u00eatons de croire que si nous restons dans nos maisons bien au chaud, la porte bien ferm\u00e9e rien ne nous arrivera, c&rsquo;est faux. Nous sommes tous (salari\u00e9-es, ch\u00f4meurs-euses, retrait\u00e9-es, etc) dans la ligne de mire. Apr\u00e8s l&rsquo;\u00e9tat de choc, le temps d&rsquo;agir semble arriver, un temps pour \u00eatre ensemble. Ce samedi 14\/04\/2018 beaucoup de marches vont avoir lieu partout en France pour d\u00e9noncer, s&rsquo;opposer et faire bloc. Un temps pour marcher derri\u00e8re un seul drapeau, celui de notre humanit\u00e9, sans violence, sans haine et avec d\u00e9termination pour le futur et le droit \u00e0 vivre d\u00e9cemment.<\/p>\n","protected":false},"excerpt":{"rendered":"<p>La France est un \u00c9tat qui r\u00e9prime ses concitoyens, consid\u00e8re la solidarit\u00e9 comme un d\u00e9lit en s&rsquo;appuyant sur une loi qui date de 1945, condamne et pers\u00e9cute \u00e0 coup de convocations au commissariat, de comparutions devant les juges ceux qui&hellip;<\/p>\n","protected":false},"author":1208,"featured_media":624032,"comment_status":"closed","ping_status":"closed","sticky":false,"template":"","format":"standard","meta":{"footnotes":""},"categories":[11386,163,93],"tags":[1034,604,7137],"class_list":["post-623881","post","type-post","status-publish","format-standard","has-post-thumbnail","hentry","category-contenu-original","category-opinion-fr","category-politique","tag-france-fr","tag-manifestations","tag-reforme"],"yoast_head":"<!-- This site is optimized with the Yoast SEO plugin v27.1.1 - https:\/\/yoast.com\/product\/yoast-seo-wordpress\/ -->\n<title>France : un \u00e9tat r\u00e9pressif<\/title>\n<meta name=\"description\" content=\"La France est un \u00c9tat qui r\u00e9prime ses concitoyens, consid\u00e8re la solidarit\u00e9 comme un d\u00e9lit en s&#039;appuyant sur une loi qui date de 1945, condamne et\" \/>\n<meta name=\"robots\" content=\"index, follow, max-snippet:-1, max-image-preview:large, max-video-preview:-1\" \/>\n<link rel=\"canonical\" href=\"https:\/\/www.pressenza.com\/fr\/2018\/04\/france-un-etat-repressif\/\" \/>\n<meta property=\"og:locale\" content=\"fr_FR\" \/>\n<meta property=\"og:type\" content=\"article\" \/>\n<meta property=\"og:title\" content=\"France : un \u00e9tat r\u00e9pressif\" \/>\n<meta property=\"og:description\" content=\"La France est un \u00c9tat qui r\u00e9prime ses concitoyens, consid\u00e8re la solidarit\u00e9 comme un d\u00e9lit en s&#039;appuyant sur une loi qui date de 1945, condamne et\" \/>\n<meta property=\"og:url\" content=\"https:\/\/www.pressenza.com\/fr\/2018\/04\/france-un-etat-repressif\/\" \/>\n<meta property=\"og:site_name\" content=\"Pressenza\" \/>\n<meta property=\"article:publisher\" content=\"https:\/\/www.facebook.com\/PressenzaItalia\" \/>\n<meta property=\"article:published_time\" content=\"2018-04-11T17:41:08+00:00\" \/>\n<meta property=\"article:modified_time\" content=\"2018-04-12T07:11:04+00:00\" \/>\n<meta property=\"og:image\" content=\"https:\/\/www.pressenza.com\/wp-content\/uploads\/2018\/04\/Franceunetatrepressif.jpg\" \/>\n\t<meta property=\"og:image:width\" content=\"750\" \/>\n\t<meta property=\"og:image:height\" content=\"464\" \/>\n\t<meta property=\"og:image:type\" content=\"image\/jpeg\" \/>\n<meta name=\"author\" content=\"Gabrielle Negrel\" \/>\n<meta name=\"twitter:card\" content=\"summary_large_image\" \/>\n<meta name=\"twitter:creator\" content=\"@PressenzaIPA\" \/>\n<meta name=\"twitter:site\" content=\"@PressenzaIPA\" \/>\n<meta name=\"twitter:label1\" content=\"\u00c9crit par\" \/>\n\t<meta name=\"twitter:data1\" content=\"Gabrielle Negrel\" \/>\n\t<meta name=\"twitter:label2\" content=\"Dur\u00e9e de lecture estim\u00e9e\" \/>\n\t<meta name=\"twitter:data2\" content=\"5 minutes\" \/>\n<script type=\"application\/ld+json\" class=\"yoast-schema-graph\">{\"@context\":\"https:\/\/schema.org\",\"@graph\":[{\"@type\":\"Article\",\"@id\":\"https:\/\/www.pressenza.com\/fr\/2018\/04\/france-un-etat-repressif\/#article\",\"isPartOf\":{\"@id\":\"https:\/\/www.pressenza.com\/fr\/2018\/04\/france-un-etat-repressif\/\"},\"author\":{\"name\":\"Gabrielle Negrel\",\"@id\":\"https:\/\/www.pressenza.com\/fr\/#\/schema\/person\/42a4129444c0e03559f6c139cf72f8cf\"},\"headline\":\"France : un \u00e9tat r\u00e9pressif\",\"datePublished\":\"2018-04-11T17:41:08+00:00\",\"dateModified\":\"2018-04-12T07:11:04+00:00\",\"mainEntityOfPage\":{\"@id\":\"https:\/\/www.pressenza.com\/fr\/2018\/04\/france-un-etat-repressif\/\"},\"wordCount\":1131,\"publisher\":{\"@id\":\"https:\/\/www.pressenza.com\/fr\/#organization\"},\"image\":{\"@id\":\"https:\/\/www.pressenza.com\/fr\/2018\/04\/france-un-etat-repressif\/#primaryimage\"},\"thumbnailUrl\":\"https:\/\/www.pressenza.com\/wp-content\/uploads\/2018\/04\/Franceunetatrepressif.jpg\",\"keywords\":[\"France\",\"Manifestations\",\"reforme\"],\"articleSection\":[\"Contenu Original\",\"Opinion\",\"Politique\"],\"inLanguage\":\"fr-FR\"},{\"@type\":\"WebPage\",\"@id\":\"https:\/\/www.pressenza.com\/fr\/2018\/04\/france-un-etat-repressif\/\",\"url\":\"https:\/\/www.pressenza.com\/fr\/2018\/04\/france-un-etat-repressif\/\",\"name\":\"France : un \u00e9tat r\u00e9pressif\",\"isPartOf\":{\"@id\":\"https:\/\/www.pressenza.com\/fr\/#website\"},\"primaryImageOfPage\":{\"@id\":\"https:\/\/www.pressenza.com\/fr\/2018\/04\/france-un-etat-repressif\/#primaryimage\"},\"image\":{\"@id\":\"https:\/\/www.pressenza.com\/fr\/2018\/04\/france-un-etat-repressif\/#primaryimage\"},\"thumbnailUrl\":\"https:\/\/www.pressenza.com\/wp-content\/uploads\/2018\/04\/Franceunetatrepressif.jpg\",\"datePublished\":\"2018-04-11T17:41:08+00:00\",\"dateModified\":\"2018-04-12T07:11:04+00:00\",\"description\":\"La France est un \u00c9tat qui r\u00e9prime ses concitoyens, consid\u00e8re la solidarit\u00e9 comme un d\u00e9lit en s'appuyant sur une loi qui date de 1945, condamne et\",\"breadcrumb\":{\"@id\":\"https:\/\/www.pressenza.com\/fr\/2018\/04\/france-un-etat-repressif\/#breadcrumb\"},\"inLanguage\":\"fr-FR\",\"potentialAction\":[{\"@type\":\"ReadAction\",\"target\":[\"https:\/\/www.pressenza.com\/fr\/2018\/04\/france-un-etat-repressif\/\"]}]},{\"@type\":\"ImageObject\",\"inLanguage\":\"fr-FR\",\"@id\":\"https:\/\/www.pressenza.com\/fr\/2018\/04\/france-un-etat-repressif\/#primaryimage\",\"url\":\"https:\/\/www.pressenza.com\/wp-content\/uploads\/2018\/04\/Franceunetatrepressif.jpg\",\"contentUrl\":\"https:\/\/www.pressenza.com\/wp-content\/uploads\/2018\/04\/Franceunetatrepressif.jpg\",\"width\":750,\"height\":464,\"caption\":\"La Foule en mouvement\"},{\"@type\":\"BreadcrumbList\",\"@id\":\"https:\/\/www.pressenza.com\/fr\/2018\/04\/france-un-etat-repressif\/#breadcrumb\",\"itemListElement\":[{\"@type\":\"ListItem\",\"position\":1,\"name\":\"Accueil\",\"item\":\"https:\/\/www.pressenza.com\/fr\/\"},{\"@type\":\"ListItem\",\"position\":2,\"name\":\"France : un \u00e9tat r\u00e9pressif\"}]},{\"@type\":\"WebSite\",\"@id\":\"https:\/\/www.pressenza.com\/fr\/#website\",\"url\":\"https:\/\/www.pressenza.com\/fr\/\",\"name\":\"Pressenza\",\"description\":\"International Press Agency\",\"publisher\":{\"@id\":\"https:\/\/www.pressenza.com\/fr\/#organization\"},\"potentialAction\":[{\"@type\":\"SearchAction\",\"target\":{\"@type\":\"EntryPoint\",\"urlTemplate\":\"https:\/\/www.pressenza.com\/fr\/?s={search_term_string}\"},\"query-input\":{\"@type\":\"PropertyValueSpecification\",\"valueRequired\":true,\"valueName\":\"search_term_string\"}}],\"inLanguage\":\"fr-FR\"},{\"@type\":\"Organization\",\"@id\":\"https:\/\/www.pressenza.com\/fr\/#organization\",\"name\":\"Pressenza\",\"url\":\"https:\/\/www.pressenza.com\/fr\/\",\"logo\":{\"@type\":\"ImageObject\",\"inLanguage\":\"fr-FR\",\"@id\":\"https:\/\/www.pressenza.com\/fr\/#\/schema\/logo\/image\/\",\"url\":\"https:\/\/www.pressenza.com\/wp-content\/uploads\/2022\/10\/pressenza_logo_200x200.jpg\",\"contentUrl\":\"https:\/\/www.pressenza.com\/wp-content\/uploads\/2022\/10\/pressenza_logo_200x200.jpg\",\"width\":200,\"height\":200,\"caption\":\"Pressenza\"},\"image\":{\"@id\":\"https:\/\/www.pressenza.com\/fr\/#\/schema\/logo\/image\/\"},\"sameAs\":[\"https:\/\/www.facebook.com\/PressenzaItalia\",\"https:\/\/x.com\/PressenzaIPA\"]},{\"@type\":\"Person\",\"@id\":\"https:\/\/www.pressenza.com\/fr\/#\/schema\/person\/42a4129444c0e03559f6c139cf72f8cf\",\"name\":\"Gabrielle Negrel\",\"description\":\"Activist for nonviolence and human rights, Gabrielle Negrel is a trained assistant nurse and was trade union activist before writing for Pressenza.\",\"url\":\"https:\/\/www.pressenza.com\/fr\/author\/gabrielle-negrel\/\"}]}<\/script>\n<!-- \/ Yoast SEO plugin. -->","yoast_head_json":{"title":"France : un \u00e9tat r\u00e9pressif","description":"La France est un \u00c9tat qui r\u00e9prime ses concitoyens, consid\u00e8re la solidarit\u00e9 comme un d\u00e9lit en s'appuyant sur une loi qui date de 1945, condamne et","robots":{"index":"index","follow":"follow","max-snippet":"max-snippet:-1","max-image-preview":"max-image-preview:large","max-video-preview":"max-video-preview:-1"},"canonical":"https:\/\/www.pressenza.com\/fr\/2018\/04\/france-un-etat-repressif\/","og_locale":"fr_FR","og_type":"article","og_title":"France : un \u00e9tat r\u00e9pressif","og_description":"La France est un \u00c9tat qui r\u00e9prime ses concitoyens, consid\u00e8re la solidarit\u00e9 comme un d\u00e9lit en s'appuyant sur une loi qui date de 1945, condamne et","og_url":"https:\/\/www.pressenza.com\/fr\/2018\/04\/france-un-etat-repressif\/","og_site_name":"Pressenza","article_publisher":"https:\/\/www.facebook.com\/PressenzaItalia","article_published_time":"2018-04-11T17:41:08+00:00","article_modified_time":"2018-04-12T07:11:04+00:00","og_image":[{"width":750,"height":464,"url":"https:\/\/www.pressenza.com\/wp-content\/uploads\/2018\/04\/Franceunetatrepressif.jpg","type":"image\/jpeg"}],"author":"Gabrielle Negrel","twitter_card":"summary_large_image","twitter_creator":"@PressenzaIPA","twitter_site":"@PressenzaIPA","twitter_misc":{"\u00c9crit par":"Gabrielle Negrel","Dur\u00e9e de lecture estim\u00e9e":"5 minutes"},"schema":{"@context":"https:\/\/schema.org","@graph":[{"@type":"Article","@id":"https:\/\/www.pressenza.com\/fr\/2018\/04\/france-un-etat-repressif\/#article","isPartOf":{"@id":"https:\/\/www.pressenza.com\/fr\/2018\/04\/france-un-etat-repressif\/"},"author":{"name":"Gabrielle Negrel","@id":"https:\/\/www.pressenza.com\/fr\/#\/schema\/person\/42a4129444c0e03559f6c139cf72f8cf"},"headline":"France : un \u00e9tat r\u00e9pressif","datePublished":"2018-04-11T17:41:08+00:00","dateModified":"2018-04-12T07:11:04+00:00","mainEntityOfPage":{"@id":"https:\/\/www.pressenza.com\/fr\/2018\/04\/france-un-etat-repressif\/"},"wordCount":1131,"publisher":{"@id":"https:\/\/www.pressenza.com\/fr\/#organization"},"image":{"@id":"https:\/\/www.pressenza.com\/fr\/2018\/04\/france-un-etat-repressif\/#primaryimage"},"thumbnailUrl":"https:\/\/www.pressenza.com\/wp-content\/uploads\/2018\/04\/Franceunetatrepressif.jpg","keywords":["France","Manifestations","reforme"],"articleSection":["Contenu Original","Opinion","Politique"],"inLanguage":"fr-FR"},{"@type":"WebPage","@id":"https:\/\/www.pressenza.com\/fr\/2018\/04\/france-un-etat-repressif\/","url":"https:\/\/www.pressenza.com\/fr\/2018\/04\/france-un-etat-repressif\/","name":"France : un \u00e9tat r\u00e9pressif","isPartOf":{"@id":"https:\/\/www.pressenza.com\/fr\/#website"},"primaryImageOfPage":{"@id":"https:\/\/www.pressenza.com\/fr\/2018\/04\/france-un-etat-repressif\/#primaryimage"},"image":{"@id":"https:\/\/www.pressenza.com\/fr\/2018\/04\/france-un-etat-repressif\/#primaryimage"},"thumbnailUrl":"https:\/\/www.pressenza.com\/wp-content\/uploads\/2018\/04\/Franceunetatrepressif.jpg","datePublished":"2018-04-11T17:41:08+00:00","dateModified":"2018-04-12T07:11:04+00:00","description":"La France est un \u00c9tat qui r\u00e9prime ses concitoyens, consid\u00e8re la solidarit\u00e9 comme un d\u00e9lit en s'appuyant sur une loi qui date de 1945, condamne et","breadcrumb":{"@id":"https:\/\/www.pressenza.com\/fr\/2018\/04\/france-un-etat-repressif\/#breadcrumb"},"inLanguage":"fr-FR","potentialAction":[{"@type":"ReadAction","target":["https:\/\/www.pressenza.com\/fr\/2018\/04\/france-un-etat-repressif\/"]}]},{"@type":"ImageObject","inLanguage":"fr-FR","@id":"https:\/\/www.pressenza.com\/fr\/2018\/04\/france-un-etat-repressif\/#primaryimage","url":"https:\/\/www.pressenza.com\/wp-content\/uploads\/2018\/04\/Franceunetatrepressif.jpg","contentUrl":"https:\/\/www.pressenza.com\/wp-content\/uploads\/2018\/04\/Franceunetatrepressif.jpg","width":750,"height":464,"caption":"La Foule en mouvement"},{"@type":"BreadcrumbList","@id":"https:\/\/www.pressenza.com\/fr\/2018\/04\/france-un-etat-repressif\/#breadcrumb","itemListElement":[{"@type":"ListItem","position":1,"name":"Accueil","item":"https:\/\/www.pressenza.com\/fr\/"},{"@type":"ListItem","position":2,"name":"France : un \u00e9tat r\u00e9pressif"}]},{"@type":"WebSite","@id":"https:\/\/www.pressenza.com\/fr\/#website","url":"https:\/\/www.pressenza.com\/fr\/","name":"Pressenza","description":"International Press Agency","publisher":{"@id":"https:\/\/www.pressenza.com\/fr\/#organization"},"potentialAction":[{"@type":"SearchAction","target":{"@type":"EntryPoint","urlTemplate":"https:\/\/www.pressenza.com\/fr\/?s={search_term_string}"},"query-input":{"@type":"PropertyValueSpecification","valueRequired":true,"valueName":"search_term_string"}}],"inLanguage":"fr-FR"},{"@type":"Organization","@id":"https:\/\/www.pressenza.com\/fr\/#organization","name":"Pressenza","url":"https:\/\/www.pressenza.com\/fr\/","logo":{"@type":"ImageObject","inLanguage":"fr-FR","@id":"https:\/\/www.pressenza.com\/fr\/#\/schema\/logo\/image\/","url":"https:\/\/www.pressenza.com\/wp-content\/uploads\/2022\/10\/pressenza_logo_200x200.jpg","contentUrl":"https:\/\/www.pressenza.com\/wp-content\/uploads\/2022\/10\/pressenza_logo_200x200.jpg","width":200,"height":200,"caption":"Pressenza"},"image":{"@id":"https:\/\/www.pressenza.com\/fr\/#\/schema\/logo\/image\/"},"sameAs":["https:\/\/www.facebook.com\/PressenzaItalia","https:\/\/x.com\/PressenzaIPA"]},{"@type":"Person","@id":"https:\/\/www.pressenza.com\/fr\/#\/schema\/person\/42a4129444c0e03559f6c139cf72f8cf","name":"Gabrielle Negrel","description":"Activist for nonviolence and human rights, Gabrielle Negrel is a trained assistant nurse and was trade union activist before writing for Pressenza.","url":"https:\/\/www.pressenza.com\/fr\/author\/gabrielle-negrel\/"}]}},"place":"","original_article_url":"","_links":{"self":[{"href":"https:\/\/www.pressenza.com\/fr\/wp-json\/wp\/v2\/posts\/623881","targetHints":{"allow":["GET"]}}],"collection":[{"href":"https:\/\/www.pressenza.com\/fr\/wp-json\/wp\/v2\/posts"}],"about":[{"href":"https:\/\/www.pressenza.com\/fr\/wp-json\/wp\/v2\/types\/post"}],"author":[{"embeddable":true,"href":"https:\/\/www.pressenza.com\/fr\/wp-json\/wp\/v2\/users\/1208"}],"replies":[{"embeddable":true,"href":"https:\/\/www.pressenza.com\/fr\/wp-json\/wp\/v2\/comments?post=623881"}],"version-history":[{"count":0,"href":"https:\/\/www.pressenza.com\/fr\/wp-json\/wp\/v2\/posts\/623881\/revisions"}],"wp:featuredmedia":[{"embeddable":true,"href":"https:\/\/www.pressenza.com\/fr\/wp-json\/wp\/v2\/media\/624032"}],"wp:attachment":[{"href":"https:\/\/www.pressenza.com\/fr\/wp-json\/wp\/v2\/media?parent=623881"}],"wp:term":[{"taxonomy":"category","embeddable":true,"href":"https:\/\/www.pressenza.com\/fr\/wp-json\/wp\/v2\/categories?post=623881"},{"taxonomy":"post_tag","embeddable":true,"href":"https:\/\/www.pressenza.com\/fr\/wp-json\/wp\/v2\/tags?post=623881"}],"curies":[{"name":"wp","href":"https:\/\/api.w.org\/{rel}","templated":true}]}}