{"id":623826,"date":"2018-04-11T05:43:23","date_gmt":"2018-04-11T04:43:23","guid":{"rendered":"https:\/\/www.pressenza.com\/?p=623826"},"modified":"2018-04-11T08:58:42","modified_gmt":"2018-04-11T07:58:42","slug":"lencyclopedie-humaniste-devoile-nouveau-logo","status":"publish","type":"post","link":"https:\/\/www.pressenza.com\/fr\/2018\/04\/lencyclopedie-humaniste-devoile-nouveau-logo\/","title":{"rendered":"L\u2019Encyclop\u00e9die Humaniste d\u00e9voile son nouveau logo"},"content":{"rendered":"<p>A partir d\u2019aujourd\u2019hui, sur le portail d\u2019Humanipedia, l\u2019Encyclop\u00e9die Humaniste, d\u00e9velopp\u00e9e avec le syst\u00e8me Wiki en cinq langues (fran\u00e7ais, anglais, italien, portugais et espagnol) pr\u00e9sente son nouveau logo original con\u00e7u par Emiliano Granatelli pour cette initiative de diffusion de la culture humaniste.<\/p>\n<p>L\u2019Encyclop\u00e9die, con\u00e7ue par Silo depuis la diffusion du Dictionnaire du Nouvel Humanisme, est cens\u00e9e \u00eatre un travail en cours de compilation de tous les mat\u00e9riels produits par l\u2019Humanisme Universel et d\u2019approfondissement de la doctrine humaniste. Elle est aussi\u00a0 un espace d\u2019\u00e9tude et d\u2019approfondissement pour toutes celles et ceux qui se retrouvent dans l\u2019Humanisme et dans la n\u00e9cessit\u00e9 de remettre l\u2019\u00eatre humain au centre.<\/p>\n<p>Humanipedia est enti\u00e8rement con\u00e7ue gr\u00e2ce \u00e0 l\u2019effort volontaire et participatif de nombreuses personnes sur toute la plan\u00e8te, toutes unies par l\u2019amour de la connaissance et l\u2019id\u00e9e d\u2019un apprentissage sans limite.<\/p>\n<p>Les premi\u00e8res pages des cinq \u00e9ditions ont d\u00e9pass\u00e9es les 100\u00a0000 contacts ces derniers mois.<\/p>\n<p><a href=\"http:\/\/fr.humanipedia.org\/\">http:\/\/fr.humanipedia.org\/<\/a><\/p>\n<p>&nbsp;<\/p>\n<p><em>Traduit de l&rsquo;espagnol par Romane Vilain<\/em><\/p>\n","protected":false},"excerpt":{"rendered":"<p>A partir d\u2019aujourd\u2019hui, sur le portail d\u2019Humanipedia, l\u2019Encyclop\u00e9die Humaniste, d\u00e9velopp\u00e9e avec le syst\u00e8me Wiki en cinq langues (fran\u00e7ais, anglais, italien, portugais et espagnol) pr\u00e9sente son nouveau logo original con\u00e7u par Emiliano Granatelli pour cette initiative de diffusion de la culture&hellip;<\/p>\n","protected":false},"author":594,"featured_media":621550,"comment_status":"closed","ping_status":"closed","sticky":false,"template":"","format":"standard","meta":{"footnotes":""},"categories":[11386,94,1246,40],"tags":[45105,45104,44924,299,237,4887,4886,44925],"class_list":["post-623826","post","type-post","status-publish","format-standard","has-post-thumbnail","hentry","category-contenu-original","category-culture-fr","category-humanisme-spiritualite","category-international-fr","tag-dictionnaire-du-nouvel-humanisme","tag-encyclopedie-humaniste","tag-humanipedia","tag-humanisme","tag-humanisme-universaliste","tag-mouvement-humaniste","tag-silo-fr","tag-wiki"],"yoast_head":"<!-- This site is optimized with the Yoast SEO plugin v27.1.1 - https:\/\/yoast.com\/product\/yoast-seo-wordpress\/ -->\n<title>L\u2019Encyclop\u00e9die Humaniste d\u00e9voile son nouveau logo<\/title>\n<meta name=\"description\" content=\"A partir d\u2019aujourd\u2019hui, sur le portail d\u2019Humanipedia, l\u2019Encyclop\u00e9die Humaniste, d\u00e9velopp\u00e9e avec le syst\u00e8me Wiki en cinq langues (fran\u00e7ais, anglais,\" \/>\n<meta name=\"robots\" content=\"index, follow, max-snippet:-1, max-image-preview:large, max-video-preview:-1\" \/>\n<link rel=\"canonical\" href=\"https:\/\/www.pressenza.com\/fr\/2018\/04\/lencyclopedie-humaniste-devoile-nouveau-logo\/\" \/>\n<meta property=\"og:locale\" content=\"fr_FR\" \/>\n<meta property=\"og:type\" content=\"article\" \/>\n<meta property=\"og:title\" content=\"L\u2019Encyclop\u00e9die Humaniste d\u00e9voile son nouveau logo\" \/>\n<meta property=\"og:description\" content=\"A partir d\u2019aujourd\u2019hui, sur le portail d\u2019Humanipedia, l\u2019Encyclop\u00e9die Humaniste, d\u00e9velopp\u00e9e avec le syst\u00e8me Wiki en cinq langues (fran\u00e7ais, anglais,\" \/>\n<meta property=\"og:url\" content=\"https:\/\/www.pressenza.com\/fr\/2018\/04\/lencyclopedie-humaniste-devoile-nouveau-logo\/\" \/>\n<meta property=\"og:site_name\" content=\"Pressenza\" \/>\n<meta property=\"article:publisher\" content=\"https:\/\/www.facebook.com\/PressenzaItalia\" \/>\n<meta property=\"article:author\" content=\"https:\/\/www.facebook.com\/PressenzaItalia\" \/>\n<meta property=\"article:published_time\" content=\"2018-04-11T04:43:23+00:00\" \/>\n<meta property=\"article:modified_time\" content=\"2018-04-11T07:58:42+00:00\" \/>\n<meta property=\"og:image\" content=\"https:\/\/www.pressenza.com\/wp-content\/uploads\/2018\/04\/EU_3-copia.jpg\" \/>\n\t<meta property=\"og:image:width\" content=\"758\" \/>\n\t<meta property=\"og:image:height\" content=\"548\" \/>\n\t<meta property=\"og:image:type\" content=\"image\/jpeg\" \/>\n<meta name=\"author\" content=\"Redazione Italia\" \/>\n<meta name=\"twitter:card\" content=\"summary_large_image\" \/>\n<meta name=\"twitter:creator\" content=\"@pressenza_it\" \/>\n<meta name=\"twitter:site\" content=\"@PressenzaIPA\" \/>\n<meta name=\"twitter:label1\" content=\"\u00c9crit par\" \/>\n\t<meta name=\"twitter:data1\" content=\"Redazione Italia\" \/>\n\t<meta name=\"twitter:label2\" content=\"Dur\u00e9e de lecture estim\u00e9e\" \/>\n\t<meta name=\"twitter:data2\" content=\"1 minute\" \/>\n<script type=\"application\/ld+json\" class=\"yoast-schema-graph\">{\"@context\":\"https:\/\/schema.org\",\"@graph\":[{\"@type\":\"Article\",\"@id\":\"https:\/\/www.pressenza.com\/fr\/2018\/04\/lencyclopedie-humaniste-devoile-nouveau-logo\/#article\",\"isPartOf\":{\"@id\":\"https:\/\/www.pressenza.com\/fr\/2018\/04\/lencyclopedie-humaniste-devoile-nouveau-logo\/\"},\"author\":{\"name\":\"Redazione Italia\",\"@id\":\"https:\/\/www.pressenza.com\/fr\/#\/schema\/person\/d983e81827ae24f2c7b1a2123d197f8d\"},\"headline\":\"L\u2019Encyclop\u00e9die Humaniste d\u00e9voile son nouveau logo\",\"datePublished\":\"2018-04-11T04:43:23+00:00\",\"dateModified\":\"2018-04-11T07:58:42+00:00\",\"mainEntityOfPage\":{\"@id\":\"https:\/\/www.pressenza.com\/fr\/2018\/04\/lencyclopedie-humaniste-devoile-nouveau-logo\/\"},\"wordCount\":202,\"publisher\":{\"@id\":\"https:\/\/www.pressenza.com\/fr\/#organization\"},\"image\":{\"@id\":\"https:\/\/www.pressenza.com\/fr\/2018\/04\/lencyclopedie-humaniste-devoile-nouveau-logo\/#primaryimage\"},\"thumbnailUrl\":\"https:\/\/www.pressenza.com\/wp-content\/uploads\/2018\/04\/EU_3-copia.jpg\",\"keywords\":[\"Dictionnaire du Nouvel Humanisme\",\"Encyclop\u00e9die Humaniste\",\"Humanipedia\",\"humanisme\",\"Humanisme Universaliste\",\"Mouvement humaniste\",\"Silo\",\"wiki\"],\"articleSection\":[\"Contenu Original\",\"Culture et M\u00e9dias\",\"Humanisme et Spiritualit\u00e9\",\"International\"],\"inLanguage\":\"fr-FR\"},{\"@type\":\"WebPage\",\"@id\":\"https:\/\/www.pressenza.com\/fr\/2018\/04\/lencyclopedie-humaniste-devoile-nouveau-logo\/\",\"url\":\"https:\/\/www.pressenza.com\/fr\/2018\/04\/lencyclopedie-humaniste-devoile-nouveau-logo\/\",\"name\":\"L\u2019Encyclop\u00e9die Humaniste d\u00e9voile son nouveau logo\",\"isPartOf\":{\"@id\":\"https:\/\/www.pressenza.com\/fr\/#website\"},\"primaryImageOfPage\":{\"@id\":\"https:\/\/www.pressenza.com\/fr\/2018\/04\/lencyclopedie-humaniste-devoile-nouveau-logo\/#primaryimage\"},\"image\":{\"@id\":\"https:\/\/www.pressenza.com\/fr\/2018\/04\/lencyclopedie-humaniste-devoile-nouveau-logo\/#primaryimage\"},\"thumbnailUrl\":\"https:\/\/www.pressenza.com\/wp-content\/uploads\/2018\/04\/EU_3-copia.jpg\",\"datePublished\":\"2018-04-11T04:43:23+00:00\",\"dateModified\":\"2018-04-11T07:58:42+00:00\",\"description\":\"A partir d\u2019aujourd\u2019hui, sur le portail d\u2019Humanipedia, l\u2019Encyclop\u00e9die Humaniste, d\u00e9velopp\u00e9e avec le syst\u00e8me Wiki en cinq langues (fran\u00e7ais, anglais,\",\"breadcrumb\":{\"@id\":\"https:\/\/www.pressenza.com\/fr\/2018\/04\/lencyclopedie-humaniste-devoile-nouveau-logo\/#breadcrumb\"},\"inLanguage\":\"fr-FR\",\"potentialAction\":[{\"@type\":\"ReadAction\",\"target\":[\"https:\/\/www.pressenza.com\/fr\/2018\/04\/lencyclopedie-humaniste-devoile-nouveau-logo\/\"]}]},{\"@type\":\"ImageObject\",\"inLanguage\":\"fr-FR\",\"@id\":\"https:\/\/www.pressenza.com\/fr\/2018\/04\/lencyclopedie-humaniste-devoile-nouveau-logo\/#primaryimage\",\"url\":\"https:\/\/www.pressenza.com\/wp-content\/uploads\/2018\/04\/EU_3-copia.jpg\",\"contentUrl\":\"https:\/\/www.pressenza.com\/wp-content\/uploads\/2018\/04\/EU_3-copia.jpg\",\"width\":758,\"height\":548},{\"@type\":\"BreadcrumbList\",\"@id\":\"https:\/\/www.pressenza.com\/fr\/2018\/04\/lencyclopedie-humaniste-devoile-nouveau-logo\/#breadcrumb\",\"itemListElement\":[{\"@type\":\"ListItem\",\"position\":1,\"name\":\"Accueil\",\"item\":\"https:\/\/www.pressenza.com\/fr\/\"},{\"@type\":\"ListItem\",\"position\":2,\"name\":\"L\u2019Encyclop\u00e9die Humaniste d\u00e9voile son nouveau logo\"}]},{\"@type\":\"WebSite\",\"@id\":\"https:\/\/www.pressenza.com\/fr\/#website\",\"url\":\"https:\/\/www.pressenza.com\/fr\/\",\"name\":\"Pressenza\",\"description\":\"International Press Agency\",\"publisher\":{\"@id\":\"https:\/\/www.pressenza.com\/fr\/#organization\"},\"potentialAction\":[{\"@type\":\"SearchAction\",\"target\":{\"@type\":\"EntryPoint\",\"urlTemplate\":\"https:\/\/www.pressenza.com\/fr\/?s={search_term_string}\"},\"query-input\":{\"@type\":\"PropertyValueSpecification\",\"valueRequired\":true,\"valueName\":\"search_term_string\"}}],\"inLanguage\":\"fr-FR\"},{\"@type\":\"Organization\",\"@id\":\"https:\/\/www.pressenza.com\/fr\/#organization\",\"name\":\"Pressenza\",\"url\":\"https:\/\/www.pressenza.com\/fr\/\",\"logo\":{\"@type\":\"ImageObject\",\"inLanguage\":\"fr-FR\",\"@id\":\"https:\/\/www.pressenza.com\/fr\/#\/schema\/logo\/image\/\",\"url\":\"https:\/\/www.pressenza.com\/wp-content\/uploads\/2022\/10\/pressenza_logo_200x200.jpg\",\"contentUrl\":\"https:\/\/www.pressenza.com\/wp-content\/uploads\/2022\/10\/pressenza_logo_200x200.jpg\",\"width\":200,\"height\":200,\"caption\":\"Pressenza\"},\"image\":{\"@id\":\"https:\/\/www.pressenza.com\/fr\/#\/schema\/logo\/image\/\"},\"sameAs\":[\"https:\/\/www.facebook.com\/PressenzaItalia\",\"https:\/\/x.com\/PressenzaIPA\"]},{\"@type\":\"Person\",\"@id\":\"https:\/\/www.pressenza.com\/fr\/#\/schema\/person\/d983e81827ae24f2c7b1a2123d197f8d\",\"name\":\"Redazione Italia\",\"description\":\"News from the Pressenza Bureau in Italy\",\"sameAs\":[\"https:\/\/www.pressenza.com\/it\/author\/redazione-italia\/\",\"https:\/\/www.facebook.com\/PressenzaItalia\",\"https:\/\/www.instagram.com\/pressenza_italia\/\",\"https:\/\/x.com\/pressenza_it\",\"https:\/\/www.youtube.com\/channel\/UCSalEIWjE1RSxkwjfftFuqg\"],\"url\":\"https:\/\/www.pressenza.com\/fr\/author\/redazione-italia\/\"}]}<\/script>\n<!-- \/ Yoast SEO plugin. -->","yoast_head_json":{"title":"L\u2019Encyclop\u00e9die Humaniste d\u00e9voile son nouveau logo","description":"A partir d\u2019aujourd\u2019hui, sur le portail d\u2019Humanipedia, l\u2019Encyclop\u00e9die Humaniste, d\u00e9velopp\u00e9e avec le syst\u00e8me Wiki en cinq langues (fran\u00e7ais, anglais,","robots":{"index":"index","follow":"follow","max-snippet":"max-snippet:-1","max-image-preview":"max-image-preview:large","max-video-preview":"max-video-preview:-1"},"canonical":"https:\/\/www.pressenza.com\/fr\/2018\/04\/lencyclopedie-humaniste-devoile-nouveau-logo\/","og_locale":"fr_FR","og_type":"article","og_title":"L\u2019Encyclop\u00e9die Humaniste d\u00e9voile son nouveau logo","og_description":"A partir d\u2019aujourd\u2019hui, sur le portail d\u2019Humanipedia, l\u2019Encyclop\u00e9die Humaniste, d\u00e9velopp\u00e9e avec le syst\u00e8me Wiki en cinq langues (fran\u00e7ais, anglais,","og_url":"https:\/\/www.pressenza.com\/fr\/2018\/04\/lencyclopedie-humaniste-devoile-nouveau-logo\/","og_site_name":"Pressenza","article_publisher":"https:\/\/www.facebook.com\/PressenzaItalia","article_author":"https:\/\/www.facebook.com\/PressenzaItalia","article_published_time":"2018-04-11T04:43:23+00:00","article_modified_time":"2018-04-11T07:58:42+00:00","og_image":[{"width":758,"height":548,"url":"https:\/\/www.pressenza.com\/wp-content\/uploads\/2018\/04\/EU_3-copia.jpg","type":"image\/jpeg"}],"author":"Redazione Italia","twitter_card":"summary_large_image","twitter_creator":"@pressenza_it","twitter_site":"@PressenzaIPA","twitter_misc":{"\u00c9crit par":"Redazione Italia","Dur\u00e9e de lecture estim\u00e9e":"1 minute"},"schema":{"@context":"https:\/\/schema.org","@graph":[{"@type":"Article","@id":"https:\/\/www.pressenza.com\/fr\/2018\/04\/lencyclopedie-humaniste-devoile-nouveau-logo\/#article","isPartOf":{"@id":"https:\/\/www.pressenza.com\/fr\/2018\/04\/lencyclopedie-humaniste-devoile-nouveau-logo\/"},"author":{"name":"Redazione Italia","@id":"https:\/\/www.pressenza.com\/fr\/#\/schema\/person\/d983e81827ae24f2c7b1a2123d197f8d"},"headline":"L\u2019Encyclop\u00e9die Humaniste d\u00e9voile son nouveau logo","datePublished":"2018-04-11T04:43:23+00:00","dateModified":"2018-04-11T07:58:42+00:00","mainEntityOfPage":{"@id":"https:\/\/www.pressenza.com\/fr\/2018\/04\/lencyclopedie-humaniste-devoile-nouveau-logo\/"},"wordCount":202,"publisher":{"@id":"https:\/\/www.pressenza.com\/fr\/#organization"},"image":{"@id":"https:\/\/www.pressenza.com\/fr\/2018\/04\/lencyclopedie-humaniste-devoile-nouveau-logo\/#primaryimage"},"thumbnailUrl":"https:\/\/www.pressenza.com\/wp-content\/uploads\/2018\/04\/EU_3-copia.jpg","keywords":["Dictionnaire du Nouvel Humanisme","Encyclop\u00e9die Humaniste","Humanipedia","humanisme","Humanisme Universaliste","Mouvement humaniste","Silo","wiki"],"articleSection":["Contenu Original","Culture et M\u00e9dias","Humanisme et Spiritualit\u00e9","International"],"inLanguage":"fr-FR"},{"@type":"WebPage","@id":"https:\/\/www.pressenza.com\/fr\/2018\/04\/lencyclopedie-humaniste-devoile-nouveau-logo\/","url":"https:\/\/www.pressenza.com\/fr\/2018\/04\/lencyclopedie-humaniste-devoile-nouveau-logo\/","name":"L\u2019Encyclop\u00e9die Humaniste d\u00e9voile son nouveau logo","isPartOf":{"@id":"https:\/\/www.pressenza.com\/fr\/#website"},"primaryImageOfPage":{"@id":"https:\/\/www.pressenza.com\/fr\/2018\/04\/lencyclopedie-humaniste-devoile-nouveau-logo\/#primaryimage"},"image":{"@id":"https:\/\/www.pressenza.com\/fr\/2018\/04\/lencyclopedie-humaniste-devoile-nouveau-logo\/#primaryimage"},"thumbnailUrl":"https:\/\/www.pressenza.com\/wp-content\/uploads\/2018\/04\/EU_3-copia.jpg","datePublished":"2018-04-11T04:43:23+00:00","dateModified":"2018-04-11T07:58:42+00:00","description":"A partir d\u2019aujourd\u2019hui, sur le portail d\u2019Humanipedia, l\u2019Encyclop\u00e9die Humaniste, d\u00e9velopp\u00e9e avec le syst\u00e8me Wiki en cinq langues (fran\u00e7ais, anglais,","breadcrumb":{"@id":"https:\/\/www.pressenza.com\/fr\/2018\/04\/lencyclopedie-humaniste-devoile-nouveau-logo\/#breadcrumb"},"inLanguage":"fr-FR","potentialAction":[{"@type":"ReadAction","target":["https:\/\/www.pressenza.com\/fr\/2018\/04\/lencyclopedie-humaniste-devoile-nouveau-logo\/"]}]},{"@type":"ImageObject","inLanguage":"fr-FR","@id":"https:\/\/www.pressenza.com\/fr\/2018\/04\/lencyclopedie-humaniste-devoile-nouveau-logo\/#primaryimage","url":"https:\/\/www.pressenza.com\/wp-content\/uploads\/2018\/04\/EU_3-copia.jpg","contentUrl":"https:\/\/www.pressenza.com\/wp-content\/uploads\/2018\/04\/EU_3-copia.jpg","width":758,"height":548},{"@type":"BreadcrumbList","@id":"https:\/\/www.pressenza.com\/fr\/2018\/04\/lencyclopedie-humaniste-devoile-nouveau-logo\/#breadcrumb","itemListElement":[{"@type":"ListItem","position":1,"name":"Accueil","item":"https:\/\/www.pressenza.com\/fr\/"},{"@type":"ListItem","position":2,"name":"L\u2019Encyclop\u00e9die Humaniste d\u00e9voile son nouveau logo"}]},{"@type":"WebSite","@id":"https:\/\/www.pressenza.com\/fr\/#website","url":"https:\/\/www.pressenza.com\/fr\/","name":"Pressenza","description":"International Press Agency","publisher":{"@id":"https:\/\/www.pressenza.com\/fr\/#organization"},"potentialAction":[{"@type":"SearchAction","target":{"@type":"EntryPoint","urlTemplate":"https:\/\/www.pressenza.com\/fr\/?s={search_term_string}"},"query-input":{"@type":"PropertyValueSpecification","valueRequired":true,"valueName":"search_term_string"}}],"inLanguage":"fr-FR"},{"@type":"Organization","@id":"https:\/\/www.pressenza.com\/fr\/#organization","name":"Pressenza","url":"https:\/\/www.pressenza.com\/fr\/","logo":{"@type":"ImageObject","inLanguage":"fr-FR","@id":"https:\/\/www.pressenza.com\/fr\/#\/schema\/logo\/image\/","url":"https:\/\/www.pressenza.com\/wp-content\/uploads\/2022\/10\/pressenza_logo_200x200.jpg","contentUrl":"https:\/\/www.pressenza.com\/wp-content\/uploads\/2022\/10\/pressenza_logo_200x200.jpg","width":200,"height":200,"caption":"Pressenza"},"image":{"@id":"https:\/\/www.pressenza.com\/fr\/#\/schema\/logo\/image\/"},"sameAs":["https:\/\/www.facebook.com\/PressenzaItalia","https:\/\/x.com\/PressenzaIPA"]},{"@type":"Person","@id":"https:\/\/www.pressenza.com\/fr\/#\/schema\/person\/d983e81827ae24f2c7b1a2123d197f8d","name":"Redazione Italia","description":"News from the Pressenza Bureau in Italy","sameAs":["https:\/\/www.pressenza.com\/it\/author\/redazione-italia\/","https:\/\/www.facebook.com\/PressenzaItalia","https:\/\/www.instagram.com\/pressenza_italia\/","https:\/\/x.com\/pressenza_it","https:\/\/www.youtube.com\/channel\/UCSalEIWjE1RSxkwjfftFuqg"],"url":"https:\/\/www.pressenza.com\/fr\/author\/redazione-italia\/"}]}},"place":"","original_article_url":"","_links":{"self":[{"href":"https:\/\/www.pressenza.com\/fr\/wp-json\/wp\/v2\/posts\/623826","targetHints":{"allow":["GET"]}}],"collection":[{"href":"https:\/\/www.pressenza.com\/fr\/wp-json\/wp\/v2\/posts"}],"about":[{"href":"https:\/\/www.pressenza.com\/fr\/wp-json\/wp\/v2\/types\/post"}],"author":[{"embeddable":true,"href":"https:\/\/www.pressenza.com\/fr\/wp-json\/wp\/v2\/users\/594"}],"replies":[{"embeddable":true,"href":"https:\/\/www.pressenza.com\/fr\/wp-json\/wp\/v2\/comments?post=623826"}],"version-history":[{"count":0,"href":"https:\/\/www.pressenza.com\/fr\/wp-json\/wp\/v2\/posts\/623826\/revisions"}],"wp:featuredmedia":[{"embeddable":true,"href":"https:\/\/www.pressenza.com\/fr\/wp-json\/wp\/v2\/media\/621550"}],"wp:attachment":[{"href":"https:\/\/www.pressenza.com\/fr\/wp-json\/wp\/v2\/media?parent=623826"}],"wp:term":[{"taxonomy":"category","embeddable":true,"href":"https:\/\/www.pressenza.com\/fr\/wp-json\/wp\/v2\/categories?post=623826"},{"taxonomy":"post_tag","embeddable":true,"href":"https:\/\/www.pressenza.com\/fr\/wp-json\/wp\/v2\/tags?post=623826"}],"curies":[{"name":"wp","href":"https:\/\/api.w.org\/{rel}","templated":true}]}}