{"id":617126,"date":"2018-03-25T11:50:09","date_gmt":"2018-03-25T10:50:09","guid":{"rendered":"https:\/\/www.pressenza.com\/?p=617126"},"modified":"2018-03-25T14:48:57","modified_gmt":"2018-03-25T13:48:57","slug":"humanistes-soutiennent-etudiants-marche-nos-vies","status":"publish","type":"post","link":"https:\/\/www.pressenza.com\/fr\/2018\/03\/humanistes-soutiennent-etudiants-marche-nos-vies\/","title":{"rendered":"Les humanistes soutiennent les \u00e9tudiants et la Marche pour Nos Vies"},"content":{"rendered":"<p>Alors que la <a href=\"https:\/\/marchforourlives.com\/\">Marche pour nos vies<\/a> a eu lieu \u00e0 Washington DC ce 24 mars, la question du contr\u00f4le des armes \u00e0 feu et de la s\u00e9curit\u00e9 dans les \u00e9coles demeure en t\u00eate du d\u00e9bat public. Un mois apr\u00e8s la fusillade de l&rsquo;\u00e9cole de Floride qui a tu\u00e9 17 personnes, il ne s&rsquo;est pas pass\u00e9 grand-chose. L&rsquo;establishment politique (d\u00e9mocrates et r\u00e9publicains) est du c\u00f4t\u00e9 de la National Rifle Association et fait tout ce qu&rsquo;il peut pour emp\u00eacher l&rsquo;adoption d&rsquo;une loi sur le contr\u00f4le des armes \u00e0 feu.<\/p>\n<p>Aux \u00c9tats-Unis, le contr\u00f4le des armes \u00e0 feu ne vise pas \u00e0 limiter la libert\u00e9 personnelle ou \u00e0 priver des droits constitutionnels ; il s&rsquo;agit de maintenir notre soci\u00e9t\u00e9 \u00e0 l&rsquo;\u00e9cart d&rsquo;une d\u00e9shumanisation totale. La culture de la violence se d\u00e9veloppe rapidement. Les offres de la police locale de porter des armes de type militaire sont maintenant la norme ; le nombre de sans-abri \u00e0 New York est \u00e0 son plus haut niveau depuis la Grande D\u00e9pression ; pr\u00e8s de 1,7 million de New-Yorkais ont v\u00e9cu sous le seuil de pauvret\u00e9 en 2011-2015 ; et bien s\u00fbr, l&rsquo;\u00e9cart entre riches et pauvres ne cesse de cro\u00eetre malgr\u00e9 la promesse de progr\u00e8s technologique pour tous.<\/p>\n<blockquote><p>\u00ab\u00a0L&rsquo;ultime faiblesse de la violence est qu&rsquo;elle est une spirale descendante, engendrant la chose m\u00eame qu&rsquo;elle cherche \u00e0 d\u00e9truire. Au lieu de diminuer le mal, elle le multiplie. Par la violence, vous pouvez assassiner le menteur, mais vous ne pouvez pas assassiner le mensonge, ni \u00e9tablir la v\u00e9rit\u00e9. Par la violence, vous pouvez assassiner le haineux, mais vous n&rsquo;assassinez pas la haine. En fait, la violence ne fait qu&rsquo;accro\u00eetre la haine. C&rsquo;est comme \u00e7a. Le retour de la violence par la violence multiplie la violence, ajoutant une obscurit\u00e9 plus profonde \u00e0 une nuit d\u00e9j\u00e0 d\u00e9pourvue d&rsquo;\u00e9toiles. Les t\u00e9n\u00e8bres ne peuvent pas chasser les t\u00e9n\u00e8bres : seule la lumi\u00e8re peut le faire. La haine ne peut pas chasser la haine : Seul l&rsquo;amour peut faire \u00e7a.\u00a0\u00bb<\/p>\n<p>Martin Luther King Jr. Et maintenant, o\u00f9 allons-nous ?\u00a0\u00bb (1967)<\/p><\/blockquote>\n<p>Les humanistes soutiennent et reconnaissent la grande contribution des \u00e9tudiants au cours des derniers mois pour faire entendre leur voix contre toutes les formes de violence arm\u00e9e. Sommes-nous en train d&rsquo;entrer dans un nouveau moment historique ?<\/p>\n<blockquote><p>Comme Silo l&rsquo;a dit en 2004 \u00ab\u00a0\u00c7a vaut la peine que les jeunes fassent grandir cette Force Morale comme une variante de l\u2019Histoire\u2026 que ce torrent soit irr\u00e9pressible et que l\u2019on \u00e9coute son grondement dans toutes les langues de la Terre. Alors, les nouvelles g\u00e9n\u00e9rations commenceront \u00e0 enseigner aux adultes avec une nouvelle affection et une nouvelle compr\u00e9hension.\u00a0\u00bb (4 mai 2004, Punta de Vacas Argentine).<\/p><\/blockquote>\n<p>Nous demandons \u00e0 chacun de faire tout ce qui est en son pouvoir pour soutenir le mouvement de la jeunesse et faire pression sur les d\u00e9cideurs, pour diffuser les id\u00e9aux de paix bas\u00e9s sur la m\u00e9thodologie de la nonviolence, afin de pr\u00e9parer le chemin pour les temps nouveaux. Nous vous invitons \u00e9galement \u00e0 nous rejoindre pendant la Marche pour la Nonviolence de New York, le 8 avril, en parcourant les rues de Manhattan, en passant \u00e0 c\u00f4t\u00e9 de quelques points cl\u00e9s de la nonviolence de notre ville (<a href=\"http:\/\/http\/newhumanist.us\/%E2%80%8B\">newhumanist.us\u200b)\u200b<\/a>\u00a0et en exprimant publiquement notre conviction que la nonviolence est la seule issue \u00e0 ces temps de confusion.<\/p>\n","protected":false},"excerpt":{"rendered":"<p>Alors que la Marche pour nos vies a eu lieu \u00e0 Washington DC ce 24 mars, la question du contr\u00f4le des armes \u00e0 feu et de la s\u00e9curit\u00e9 dans les \u00e9coles demeure en t\u00eate du d\u00e9bat public. Un mois apr\u00e8s&hellip;<\/p>\n","protected":false},"author":33,"featured_media":614820,"comment_status":"closed","ping_status":"closed","sticky":false,"template":"","format":"standard","meta":{"footnotes":""},"categories":[87,11386,1246,1248,163],"tags":[44542,44669],"class_list":["post-617126","post","type-post","status-publish","format-standard","has-post-thumbnail","hentry","category-amerique-du-nord","category-contenu-original","category-humanisme-spiritualite","category-nonviolence-sujet","category-opinion-fr","tag-hpnyc","tag-marche-pour-nos-vies"],"yoast_head":"<!-- This site is optimized with the Yoast SEO plugin v27.1.1 - https:\/\/yoast.com\/product\/yoast-seo-wordpress\/ -->\n<title>Les humanistes soutiennent les \u00e9tudiants et la Marche pour Nos Vies<\/title>\n<meta name=\"description\" content=\"Alors que la Marche pour nos vies a eu lieu \u00e0 Washington DC ce 24 mars, la question du contr\u00f4le des armes \u00e0 feu et de la s\u00e9curit\u00e9 dans les \u00e9coles demeure\" \/>\n<meta name=\"robots\" content=\"index, follow, max-snippet:-1, max-image-preview:large, max-video-preview:-1\" \/>\n<link rel=\"canonical\" href=\"https:\/\/www.pressenza.com\/fr\/2018\/03\/humanistes-soutiennent-etudiants-marche-nos-vies\/\" \/>\n<meta property=\"og:locale\" content=\"fr_FR\" \/>\n<meta property=\"og:type\" content=\"article\" \/>\n<meta property=\"og:title\" content=\"Les humanistes soutiennent les \u00e9tudiants et la Marche pour Nos Vies\" \/>\n<meta property=\"og:description\" content=\"Alors que la Marche pour nos vies a eu lieu \u00e0 Washington DC ce 24 mars, la question du contr\u00f4le des armes \u00e0 feu et de la s\u00e9curit\u00e9 dans les \u00e9coles demeure\" \/>\n<meta property=\"og:url\" content=\"https:\/\/www.pressenza.com\/fr\/2018\/03\/humanistes-soutiennent-etudiants-marche-nos-vies\/\" \/>\n<meta property=\"og:site_name\" content=\"Pressenza\" \/>\n<meta property=\"article:publisher\" content=\"https:\/\/www.facebook.com\/PressenzaItalia\" \/>\n<meta property=\"article:author\" content=\"https:\/\/www.facebook.com\/DavidAnderssonNYC\" \/>\n<meta property=\"article:published_time\" content=\"2018-03-25T10:50:09+00:00\" \/>\n<meta property=\"article:modified_time\" content=\"2018-03-25T13:48:57+00:00\" \/>\n<meta property=\"og:image\" content=\"https:\/\/www.pressenza.com\/wp-content\/uploads\/2018\/03\/HP-March-for-our-Lives.jpg\" \/>\n\t<meta property=\"og:image:width\" content=\"1440\" \/>\n\t<meta property=\"og:image:height\" content=\"795\" \/>\n\t<meta property=\"og:image:type\" content=\"image\/jpeg\" \/>\n<meta name=\"author\" content=\"David Andersson\" \/>\n<meta name=\"twitter:card\" content=\"summary_large_image\" \/>\n<meta name=\"twitter:creator\" content=\"@davidandersson\" \/>\n<meta name=\"twitter:site\" content=\"@PressenzaIPA\" \/>\n<meta name=\"twitter:label1\" content=\"\u00c9crit par\" \/>\n\t<meta name=\"twitter:data1\" content=\"David Andersson\" \/>\n\t<meta name=\"twitter:label2\" content=\"Dur\u00e9e de lecture estim\u00e9e\" \/>\n\t<meta name=\"twitter:data2\" content=\"3 minutes\" \/>\n<script type=\"application\/ld+json\" class=\"yoast-schema-graph\">{\"@context\":\"https:\/\/schema.org\",\"@graph\":[{\"@type\":\"Article\",\"@id\":\"https:\/\/www.pressenza.com\/fr\/2018\/03\/humanistes-soutiennent-etudiants-marche-nos-vies\/#article\",\"isPartOf\":{\"@id\":\"https:\/\/www.pressenza.com\/fr\/2018\/03\/humanistes-soutiennent-etudiants-marche-nos-vies\/\"},\"author\":{\"name\":\"David Andersson\",\"@id\":\"https:\/\/www.pressenza.com\/fr\/#\/schema\/person\/ab79c1a9145b1ddd71272b5a4c0816d1\"},\"headline\":\"Les humanistes soutiennent les \u00e9tudiants et la Marche pour Nos Vies\",\"datePublished\":\"2018-03-25T10:50:09+00:00\",\"dateModified\":\"2018-03-25T13:48:57+00:00\",\"mainEntityOfPage\":{\"@id\":\"https:\/\/www.pressenza.com\/fr\/2018\/03\/humanistes-soutiennent-etudiants-marche-nos-vies\/\"},\"wordCount\":590,\"publisher\":{\"@id\":\"https:\/\/www.pressenza.com\/fr\/#organization\"},\"image\":{\"@id\":\"https:\/\/www.pressenza.com\/fr\/2018\/03\/humanistes-soutiennent-etudiants-marche-nos-vies\/#primaryimage\"},\"thumbnailUrl\":\"https:\/\/www.pressenza.com\/wp-content\/uploads\/2018\/03\/HP-March-for-our-Lives.jpg\",\"keywords\":[\"HPNYC\",\"Marche pour Nos Vies\"],\"articleSection\":[\"Am\u00e9rique du Nord\",\"Contenu Original\",\"Humanisme et Spiritualit\u00e9\",\"Non-violence\",\"Opinion\"],\"inLanguage\":\"fr-FR\"},{\"@type\":\"WebPage\",\"@id\":\"https:\/\/www.pressenza.com\/fr\/2018\/03\/humanistes-soutiennent-etudiants-marche-nos-vies\/\",\"url\":\"https:\/\/www.pressenza.com\/fr\/2018\/03\/humanistes-soutiennent-etudiants-marche-nos-vies\/\",\"name\":\"Les humanistes soutiennent les \u00e9tudiants et la Marche pour Nos Vies\",\"isPartOf\":{\"@id\":\"https:\/\/www.pressenza.com\/fr\/#website\"},\"primaryImageOfPage\":{\"@id\":\"https:\/\/www.pressenza.com\/fr\/2018\/03\/humanistes-soutiennent-etudiants-marche-nos-vies\/#primaryimage\"},\"image\":{\"@id\":\"https:\/\/www.pressenza.com\/fr\/2018\/03\/humanistes-soutiennent-etudiants-marche-nos-vies\/#primaryimage\"},\"thumbnailUrl\":\"https:\/\/www.pressenza.com\/wp-content\/uploads\/2018\/03\/HP-March-for-our-Lives.jpg\",\"datePublished\":\"2018-03-25T10:50:09+00:00\",\"dateModified\":\"2018-03-25T13:48:57+00:00\",\"description\":\"Alors que la Marche pour nos vies a eu lieu \u00e0 Washington DC ce 24 mars, la question du contr\u00f4le des armes \u00e0 feu et de la s\u00e9curit\u00e9 dans les \u00e9coles demeure\",\"breadcrumb\":{\"@id\":\"https:\/\/www.pressenza.com\/fr\/2018\/03\/humanistes-soutiennent-etudiants-marche-nos-vies\/#breadcrumb\"},\"inLanguage\":\"fr-FR\",\"potentialAction\":[{\"@type\":\"ReadAction\",\"target\":[\"https:\/\/www.pressenza.com\/fr\/2018\/03\/humanistes-soutiennent-etudiants-marche-nos-vies\/\"]}]},{\"@type\":\"ImageObject\",\"inLanguage\":\"fr-FR\",\"@id\":\"https:\/\/www.pressenza.com\/fr\/2018\/03\/humanistes-soutiennent-etudiants-marche-nos-vies\/#primaryimage\",\"url\":\"https:\/\/www.pressenza.com\/wp-content\/uploads\/2018\/03\/HP-March-for-our-Lives.jpg\",\"contentUrl\":\"https:\/\/www.pressenza.com\/wp-content\/uploads\/2018\/03\/HP-March-for-our-Lives.jpg\",\"width\":1440,\"height\":795},{\"@type\":\"BreadcrumbList\",\"@id\":\"https:\/\/www.pressenza.com\/fr\/2018\/03\/humanistes-soutiennent-etudiants-marche-nos-vies\/#breadcrumb\",\"itemListElement\":[{\"@type\":\"ListItem\",\"position\":1,\"name\":\"Accueil\",\"item\":\"https:\/\/www.pressenza.com\/fr\/\"},{\"@type\":\"ListItem\",\"position\":2,\"name\":\"Les humanistes soutiennent les \u00e9tudiants et la Marche pour Nos Vies\"}]},{\"@type\":\"WebSite\",\"@id\":\"https:\/\/www.pressenza.com\/fr\/#website\",\"url\":\"https:\/\/www.pressenza.com\/fr\/\",\"name\":\"Pressenza\",\"description\":\"International Press Agency\",\"publisher\":{\"@id\":\"https:\/\/www.pressenza.com\/fr\/#organization\"},\"potentialAction\":[{\"@type\":\"SearchAction\",\"target\":{\"@type\":\"EntryPoint\",\"urlTemplate\":\"https:\/\/www.pressenza.com\/fr\/?s={search_term_string}\"},\"query-input\":{\"@type\":\"PropertyValueSpecification\",\"valueRequired\":true,\"valueName\":\"search_term_string\"}}],\"inLanguage\":\"fr-FR\"},{\"@type\":\"Organization\",\"@id\":\"https:\/\/www.pressenza.com\/fr\/#organization\",\"name\":\"Pressenza\",\"url\":\"https:\/\/www.pressenza.com\/fr\/\",\"logo\":{\"@type\":\"ImageObject\",\"inLanguage\":\"fr-FR\",\"@id\":\"https:\/\/www.pressenza.com\/fr\/#\/schema\/logo\/image\/\",\"url\":\"https:\/\/www.pressenza.com\/wp-content\/uploads\/2022\/10\/pressenza_logo_200x200.jpg\",\"contentUrl\":\"https:\/\/www.pressenza.com\/wp-content\/uploads\/2022\/10\/pressenza_logo_200x200.jpg\",\"width\":200,\"height\":200,\"caption\":\"Pressenza\"},\"image\":{\"@id\":\"https:\/\/www.pressenza.com\/fr\/#\/schema\/logo\/image\/\"},\"sameAs\":[\"https:\/\/www.facebook.com\/PressenzaItalia\",\"https:\/\/x.com\/PressenzaIPA\"]},{\"@type\":\"Person\",\"@id\":\"https:\/\/www.pressenza.com\/fr\/#\/schema\/person\/ab79c1a9145b1ddd71272b5a4c0816d1\",\"name\":\"David Andersson\",\"description\":\"David Andersson is a writer and humanist based in New York City. He focuses on issues of global justice, collective consciousness, and nonviolent transformation. English Editor with Pressenza International Press Agency and is the author of The White-West: A Look in the Mirror, a collection of op-eds examining the dynamics of Western identity and its global impact. CounterPunch, denikreferendum.cz, Mobilized News, Countercurrents, LA Progressive, and Dissident Voice have published his recent work. Many of his articles have been translated into more than five languages.\",\"sameAs\":[\"https:\/\/www.facebook.com\/DavidAnderssonNYC\",\"https:\/\/www.instagram.com\/davidanderssonnyc\/\",\"https:\/\/www.linkedin.com\/in\/david-andersson-269724232\/\",\"https:\/\/x.com\/davidandersson\"],\"url\":\"https:\/\/www.pressenza.com\/fr\/author\/david-andersson\/\"}]}<\/script>\n<!-- \/ Yoast SEO plugin. -->","yoast_head_json":{"title":"Les humanistes soutiennent les \u00e9tudiants et la Marche pour Nos Vies","description":"Alors que la Marche pour nos vies a eu lieu \u00e0 Washington DC ce 24 mars, la question du contr\u00f4le des armes \u00e0 feu et de la s\u00e9curit\u00e9 dans les \u00e9coles demeure","robots":{"index":"index","follow":"follow","max-snippet":"max-snippet:-1","max-image-preview":"max-image-preview:large","max-video-preview":"max-video-preview:-1"},"canonical":"https:\/\/www.pressenza.com\/fr\/2018\/03\/humanistes-soutiennent-etudiants-marche-nos-vies\/","og_locale":"fr_FR","og_type":"article","og_title":"Les humanistes soutiennent les \u00e9tudiants et la Marche pour Nos Vies","og_description":"Alors que la Marche pour nos vies a eu lieu \u00e0 Washington DC ce 24 mars, la question du contr\u00f4le des armes \u00e0 feu et de la s\u00e9curit\u00e9 dans les \u00e9coles demeure","og_url":"https:\/\/www.pressenza.com\/fr\/2018\/03\/humanistes-soutiennent-etudiants-marche-nos-vies\/","og_site_name":"Pressenza","article_publisher":"https:\/\/www.facebook.com\/PressenzaItalia","article_author":"https:\/\/www.facebook.com\/DavidAnderssonNYC","article_published_time":"2018-03-25T10:50:09+00:00","article_modified_time":"2018-03-25T13:48:57+00:00","og_image":[{"width":1440,"height":795,"url":"https:\/\/www.pressenza.com\/wp-content\/uploads\/2018\/03\/HP-March-for-our-Lives.jpg","type":"image\/jpeg"}],"author":"David Andersson","twitter_card":"summary_large_image","twitter_creator":"@davidandersson","twitter_site":"@PressenzaIPA","twitter_misc":{"\u00c9crit par":"David Andersson","Dur\u00e9e de lecture estim\u00e9e":"3 minutes"},"schema":{"@context":"https:\/\/schema.org","@graph":[{"@type":"Article","@id":"https:\/\/www.pressenza.com\/fr\/2018\/03\/humanistes-soutiennent-etudiants-marche-nos-vies\/#article","isPartOf":{"@id":"https:\/\/www.pressenza.com\/fr\/2018\/03\/humanistes-soutiennent-etudiants-marche-nos-vies\/"},"author":{"name":"David Andersson","@id":"https:\/\/www.pressenza.com\/fr\/#\/schema\/person\/ab79c1a9145b1ddd71272b5a4c0816d1"},"headline":"Les humanistes soutiennent les \u00e9tudiants et la Marche pour Nos Vies","datePublished":"2018-03-25T10:50:09+00:00","dateModified":"2018-03-25T13:48:57+00:00","mainEntityOfPage":{"@id":"https:\/\/www.pressenza.com\/fr\/2018\/03\/humanistes-soutiennent-etudiants-marche-nos-vies\/"},"wordCount":590,"publisher":{"@id":"https:\/\/www.pressenza.com\/fr\/#organization"},"image":{"@id":"https:\/\/www.pressenza.com\/fr\/2018\/03\/humanistes-soutiennent-etudiants-marche-nos-vies\/#primaryimage"},"thumbnailUrl":"https:\/\/www.pressenza.com\/wp-content\/uploads\/2018\/03\/HP-March-for-our-Lives.jpg","keywords":["HPNYC","Marche pour Nos Vies"],"articleSection":["Am\u00e9rique du Nord","Contenu Original","Humanisme et Spiritualit\u00e9","Non-violence","Opinion"],"inLanguage":"fr-FR"},{"@type":"WebPage","@id":"https:\/\/www.pressenza.com\/fr\/2018\/03\/humanistes-soutiennent-etudiants-marche-nos-vies\/","url":"https:\/\/www.pressenza.com\/fr\/2018\/03\/humanistes-soutiennent-etudiants-marche-nos-vies\/","name":"Les humanistes soutiennent les \u00e9tudiants et la Marche pour Nos Vies","isPartOf":{"@id":"https:\/\/www.pressenza.com\/fr\/#website"},"primaryImageOfPage":{"@id":"https:\/\/www.pressenza.com\/fr\/2018\/03\/humanistes-soutiennent-etudiants-marche-nos-vies\/#primaryimage"},"image":{"@id":"https:\/\/www.pressenza.com\/fr\/2018\/03\/humanistes-soutiennent-etudiants-marche-nos-vies\/#primaryimage"},"thumbnailUrl":"https:\/\/www.pressenza.com\/wp-content\/uploads\/2018\/03\/HP-March-for-our-Lives.jpg","datePublished":"2018-03-25T10:50:09+00:00","dateModified":"2018-03-25T13:48:57+00:00","description":"Alors que la Marche pour nos vies a eu lieu \u00e0 Washington DC ce 24 mars, la question du contr\u00f4le des armes \u00e0 feu et de la s\u00e9curit\u00e9 dans les \u00e9coles demeure","breadcrumb":{"@id":"https:\/\/www.pressenza.com\/fr\/2018\/03\/humanistes-soutiennent-etudiants-marche-nos-vies\/#breadcrumb"},"inLanguage":"fr-FR","potentialAction":[{"@type":"ReadAction","target":["https:\/\/www.pressenza.com\/fr\/2018\/03\/humanistes-soutiennent-etudiants-marche-nos-vies\/"]}]},{"@type":"ImageObject","inLanguage":"fr-FR","@id":"https:\/\/www.pressenza.com\/fr\/2018\/03\/humanistes-soutiennent-etudiants-marche-nos-vies\/#primaryimage","url":"https:\/\/www.pressenza.com\/wp-content\/uploads\/2018\/03\/HP-March-for-our-Lives.jpg","contentUrl":"https:\/\/www.pressenza.com\/wp-content\/uploads\/2018\/03\/HP-March-for-our-Lives.jpg","width":1440,"height":795},{"@type":"BreadcrumbList","@id":"https:\/\/www.pressenza.com\/fr\/2018\/03\/humanistes-soutiennent-etudiants-marche-nos-vies\/#breadcrumb","itemListElement":[{"@type":"ListItem","position":1,"name":"Accueil","item":"https:\/\/www.pressenza.com\/fr\/"},{"@type":"ListItem","position":2,"name":"Les humanistes soutiennent les \u00e9tudiants et la Marche pour Nos Vies"}]},{"@type":"WebSite","@id":"https:\/\/www.pressenza.com\/fr\/#website","url":"https:\/\/www.pressenza.com\/fr\/","name":"Pressenza","description":"International Press Agency","publisher":{"@id":"https:\/\/www.pressenza.com\/fr\/#organization"},"potentialAction":[{"@type":"SearchAction","target":{"@type":"EntryPoint","urlTemplate":"https:\/\/www.pressenza.com\/fr\/?s={search_term_string}"},"query-input":{"@type":"PropertyValueSpecification","valueRequired":true,"valueName":"search_term_string"}}],"inLanguage":"fr-FR"},{"@type":"Organization","@id":"https:\/\/www.pressenza.com\/fr\/#organization","name":"Pressenza","url":"https:\/\/www.pressenza.com\/fr\/","logo":{"@type":"ImageObject","inLanguage":"fr-FR","@id":"https:\/\/www.pressenza.com\/fr\/#\/schema\/logo\/image\/","url":"https:\/\/www.pressenza.com\/wp-content\/uploads\/2022\/10\/pressenza_logo_200x200.jpg","contentUrl":"https:\/\/www.pressenza.com\/wp-content\/uploads\/2022\/10\/pressenza_logo_200x200.jpg","width":200,"height":200,"caption":"Pressenza"},"image":{"@id":"https:\/\/www.pressenza.com\/fr\/#\/schema\/logo\/image\/"},"sameAs":["https:\/\/www.facebook.com\/PressenzaItalia","https:\/\/x.com\/PressenzaIPA"]},{"@type":"Person","@id":"https:\/\/www.pressenza.com\/fr\/#\/schema\/person\/ab79c1a9145b1ddd71272b5a4c0816d1","name":"David Andersson","description":"David Andersson is a writer and humanist based in New York City. He focuses on issues of global justice, collective consciousness, and nonviolent transformation. English Editor with Pressenza International Press Agency and is the author of The White-West: A Look in the Mirror, a collection of op-eds examining the dynamics of Western identity and its global impact. CounterPunch, denikreferendum.cz, Mobilized News, Countercurrents, LA Progressive, and Dissident Voice have published his recent work. Many of his articles have been translated into more than five languages.","sameAs":["https:\/\/www.facebook.com\/DavidAnderssonNYC","https:\/\/www.instagram.com\/davidanderssonnyc\/","https:\/\/www.linkedin.com\/in\/david-andersson-269724232\/","https:\/\/x.com\/davidandersson"],"url":"https:\/\/www.pressenza.com\/fr\/author\/david-andersson\/"}]}},"place":"New York","original_article_url":"","_links":{"self":[{"href":"https:\/\/www.pressenza.com\/fr\/wp-json\/wp\/v2\/posts\/617126","targetHints":{"allow":["GET"]}}],"collection":[{"href":"https:\/\/www.pressenza.com\/fr\/wp-json\/wp\/v2\/posts"}],"about":[{"href":"https:\/\/www.pressenza.com\/fr\/wp-json\/wp\/v2\/types\/post"}],"author":[{"embeddable":true,"href":"https:\/\/www.pressenza.com\/fr\/wp-json\/wp\/v2\/users\/33"}],"replies":[{"embeddable":true,"href":"https:\/\/www.pressenza.com\/fr\/wp-json\/wp\/v2\/comments?post=617126"}],"version-history":[{"count":0,"href":"https:\/\/www.pressenza.com\/fr\/wp-json\/wp\/v2\/posts\/617126\/revisions"}],"wp:featuredmedia":[{"embeddable":true,"href":"https:\/\/www.pressenza.com\/fr\/wp-json\/wp\/v2\/media\/614820"}],"wp:attachment":[{"href":"https:\/\/www.pressenza.com\/fr\/wp-json\/wp\/v2\/media?parent=617126"}],"wp:term":[{"taxonomy":"category","embeddable":true,"href":"https:\/\/www.pressenza.com\/fr\/wp-json\/wp\/v2\/categories?post=617126"},{"taxonomy":"post_tag","embeddable":true,"href":"https:\/\/www.pressenza.com\/fr\/wp-json\/wp\/v2\/tags?post=617126"}],"curies":[{"name":"wp","href":"https:\/\/api.w.org\/{rel}","templated":true}]}}