{"id":616910,"date":"2018-03-25T00:22:59","date_gmt":"2018-03-25T00:22:59","guid":{"rendered":"https:\/\/www.pressenza.com\/?p=616910"},"modified":"2018-03-25T15:43:39","modified_gmt":"2018-03-25T14:43:39","slug":"tomas-hirsch-participe-la-marche-pour-la-memoire-la-verite-et-la-justice-buenos-aires","status":"publish","type":"post","link":"https:\/\/www.pressenza.com\/fr\/2018\/03\/tomas-hirsch-participe-la-marche-pour-la-memoire-la-verite-et-la-justice-buenos-aires\/","title":{"rendered":"Tom\u00e1s Hirsch participe \u00e0 la marche pour la M\u00e9moire, la V\u00e9rit\u00e9 et la Justice \u00e0 Buenos Aires."},"content":{"rendered":"<p>Apr\u00e8s avoir rencontr\u00e9 hier \u00e0 l&rsquo;Instituto Patria, \u00e0 Buenos Aires, Cristina Fern\u00e1ndez de Kirchner, o\u00f9 ils ont eu l&rsquo;occasion d&rsquo;\u00e9changer des point de vue sur le moment politique, \u00e9conomique et social et d&rsquo;\u00e9couter son analyse du type d&rsquo;\u00c9tat qui devrait \u00eatre g\u00e9n\u00e9r\u00e9 \u00e0 l&rsquo;avenir et du pouvoir dangereux des para-\u00c9tats en Am\u00e9rique Latine, aujourd&rsquo;hui 24 mars, Tom\u00e1s Hirsch a particip\u00e9 \u00e0 la Marche pour la M\u00e9moire, la V\u00e9rit\u00e9 et la Justice qui se d\u00e9roule traditionnellement en comm\u00e9moration et rejet du dernier coup d&rsquo;\u00c9tat de 1976.<\/p>\n<p>Il s&rsquo;agit de l&rsquo;une des manifestations les plus massives et les plus significatives qui se d\u00e9roulent en Argentine et \u00e0 laquelle ont assist\u00e9, entre autres, les d\u00e9put\u00e9s de La Campora, M\u00e1ximo Kirchner et Marcos Cleri, les M\u00e8res et Grands-m\u00e8res de la Plaza de Mayo et le d\u00e9put\u00e9 espagnol de Podemos, Pablo Iglesias.<\/p>\n<div class=\"post-gallery\">\n\t\t\t<figure class=\"post-gallery-item\">\n\t\t\t\t<img decoding=\"async\" src=\"https:\/\/www.pressenza.com\/wp-content\/uploads\/2018\/03\/IMG-20180323-WA0003-720x479.jpg\" loading=\"lazy\">\n\t\t\t\t<figcaption>\n\t\t\t\t\t\n\t\t\t\t<\/figcaption>\n\t\t\t<\/figure>\n\t\t\t<figure class=\"post-gallery-item\">\n\t\t\t\t<img decoding=\"async\" src=\"https:\/\/www.pressenza.com\/wp-content\/uploads\/2018\/03\/IMG-20180324-WA0007-720x540.jpg\" loading=\"lazy\">\n\t\t\t\t<figcaption>\n\t\t\t\t\t\n\t\t\t\t<\/figcaption>\n\t\t\t<\/figure>\n\t\t\t<figure class=\"post-gallery-item\">\n\t\t\t\t<img decoding=\"async\" src=\"https:\/\/www.pressenza.com\/wp-content\/uploads\/2018\/03\/IMG-20180324-WA0005-720x540.jpg\" loading=\"lazy\">\n\t\t\t\t<figcaption>\n\t\t\t\t\t\n\t\t\t\t<\/figcaption>\n\t\t\t<\/figure>\n\t\t\t<figure class=\"post-gallery-item\">\n\t\t\t\t<img decoding=\"async\" src=\"https:\/\/www.pressenza.com\/wp-content\/uploads\/2018\/03\/IMG-20180324-WA0003-720x540.jpg\" loading=\"lazy\">\n\t\t\t\t<figcaption>\n\t\t\t\t\t\n\t\t\t\t<\/figcaption>\n\t\t\t<\/figure>\n\t\t\t<figure class=\"post-gallery-item\">\n\t\t\t\t<img decoding=\"async\" src=\"https:\/\/www.pressenza.com\/wp-content\/uploads\/2018\/03\/IMG-20180324-WA0006-720x960.jpg\" loading=\"lazy\">\n\t\t\t\t<figcaption>\n\t\t\t\t\t\n\t\t\t\t<\/figcaption>\n\t\t\t<\/figure>\n\t\t\t<figure class=\"post-gallery-item\">\n\t\t\t\t<img decoding=\"async\" src=\"https:\/\/www.pressenza.com\/wp-content\/uploads\/2018\/03\/IMG-20180324-WA0002-720x540.jpg\" loading=\"lazy\">\n\t\t\t\t<figcaption>\n\t\t\t\t\t\n\t\t\t\t<\/figcaption>\n\t\t\t<\/figure>\n\t\t\t<figure class=\"post-gallery-item\">\n\t\t\t\t<img decoding=\"async\" src=\"https:\/\/www.pressenza.com\/wp-content\/uploads\/2018\/03\/IMG-20180324-WA0014-720x540.jpg\" loading=\"lazy\">\n\t\t\t\t<figcaption>\n\t\t\t\t\t\n\t\t\t\t<\/figcaption>\n\t\t\t<\/figure>\n\t\t\t<figure class=\"post-gallery-item\">\n\t\t\t\t<img decoding=\"async\" src=\"https:\/\/www.pressenza.com\/wp-content\/uploads\/2018\/03\/IMG-20180324-WA0016-720x540.jpg\" loading=\"lazy\">\n\t\t\t\t<figcaption>\n\t\t\t\t\t\n\t\t\t\t<\/figcaption>\n\t\t\t<\/figure>\n\t\t\t<figure class=\"post-gallery-item\">\n\t\t\t\t<img decoding=\"async\" src=\"https:\/\/www.pressenza.com\/wp-content\/uploads\/2018\/03\/IMG-20180324-WA0026-720x540.jpg\" loading=\"lazy\">\n\t\t\t\t<figcaption>\n\t\t\t\t\t\n\t\t\t\t<\/figcaption>\n\t\t\t<\/figure>\n\t\t\t<figure class=\"post-gallery-item\">\n\t\t\t\t<img decoding=\"async\" src=\"https:\/\/www.pressenza.com\/wp-content\/uploads\/2018\/03\/IMG-20180324-WA0024-720x540.jpg\" loading=\"lazy\">\n\t\t\t\t<figcaption>\n\t\t\t\t\t\n\t\t\t\t<\/figcaption>\n\t\t\t<\/figure>\n\t\t\t<figure class=\"post-gallery-item\">\n\t\t\t\t<img decoding=\"async\" src=\"https:\/\/www.pressenza.com\/wp-content\/uploads\/2018\/03\/IMG-20180324-WA0032-720x540.jpg\" loading=\"lazy\">\n\t\t\t\t<figcaption>\n\t\t\t\t\t\n\t\t\t\t<\/figcaption>\n\t\t\t<\/figure>\n\t\t\t<figure class=\"post-gallery-item\">\n\t\t\t\t<img decoding=\"async\" src=\"https:\/\/www.pressenza.com\/wp-content\/uploads\/2018\/03\/IMG-20180324-WA0030-720x540.jpg\" loading=\"lazy\">\n\t\t\t\t<figcaption>\n\t\t\t\t\t\n\t\t\t\t<\/figcaption>\n\t\t\t<\/figure>\n\t\t\t<figure class=\"post-gallery-item\">\n\t\t\t\t<img decoding=\"async\" src=\"https:\/\/www.pressenza.com\/wp-content\/uploads\/2018\/03\/IMG-20180324-WA0028-720x540.jpg\" loading=\"lazy\">\n\t\t\t\t<figcaption>\n\t\t\t\t\t\n\t\t\t\t<\/figcaption>\n\t\t\t<\/figure><\/div>\n<p>&nbsp;<\/p>\n","protected":false},"excerpt":{"rendered":"<p>Apr\u00e8s avoir rencontr\u00e9 hier \u00e0 l&rsquo;Instituto Patria, \u00e0 Buenos Aires, Cristina Fern\u00e1ndez de Kirchner, o\u00f9 ils ont eu l&rsquo;occasion d&rsquo;\u00e9changer des point de vue sur le moment politique, \u00e9conomique et social et d&rsquo;\u00e9couter son analyse du type d&rsquo;\u00c9tat qui devrait&hellip;<\/p>\n","protected":false},"author":22,"featured_media":616899,"comment_status":"closed","ping_status":"closed","sticky":false,"template":"","format":"standard","meta":{"footnotes":""},"categories":[86,11386,93,5700],"tags":[1028,1185,44662,43868,12335,15176,3321],"class_list":["post-616910","post","type-post","status-publish","format-standard","has-post-thumbnail","hentry","category-amerique-du-sud","category-contenu-original","category-politique","category-reportages-photo","tag-abuelas-de-plaza-de-mayo","tag-cristina-fernandez-de-kirchner-fr","tag-estela-carloto","tag-marcos-cleri","tag-maximo-kirchner","tag-pablo-iglesias-fr","tag-tomas-hirsch-fr"],"yoast_head":"<!-- This site is optimized with the Yoast SEO plugin v27.1.1 - https:\/\/yoast.com\/product\/yoast-seo-wordpress\/ -->\n<title>Tom\u00e1s Hirsch participe \u00e0 la marche pour la M\u00e9moire, la V\u00e9rit\u00e9 et la Justice \u00e0 Buenos Aires.<\/title>\n<meta name=\"description\" content=\"Apr\u00e8s avoir rencontr\u00e9 hier \u00e0 l&#039;Instituto Patria, \u00e0 Buenos Aires, Cristina Fern\u00e1ndez de Kirchner, o\u00f9 ils ont eu l&#039;occasion d&#039;\u00e9changer des point de vue sur\" \/>\n<meta name=\"robots\" content=\"index, follow, max-snippet:-1, max-image-preview:large, max-video-preview:-1\" \/>\n<link rel=\"canonical\" href=\"https:\/\/www.pressenza.com\/fr\/2018\/03\/tomas-hirsch-participe-la-marche-pour-la-memoire-la-verite-et-la-justice-buenos-aires\/\" \/>\n<meta property=\"og:locale\" content=\"fr_FR\" \/>\n<meta property=\"og:type\" content=\"article\" \/>\n<meta property=\"og:title\" content=\"Tom\u00e1s Hirsch participe \u00e0 la marche pour la M\u00e9moire, la V\u00e9rit\u00e9 et la Justice \u00e0 Buenos Aires.\" \/>\n<meta property=\"og:description\" content=\"Apr\u00e8s avoir rencontr\u00e9 hier \u00e0 l&#039;Instituto Patria, \u00e0 Buenos Aires, Cristina Fern\u00e1ndez de Kirchner, o\u00f9 ils ont eu l&#039;occasion d&#039;\u00e9changer des point de vue sur\" \/>\n<meta property=\"og:url\" content=\"https:\/\/www.pressenza.com\/fr\/2018\/03\/tomas-hirsch-participe-la-marche-pour-la-memoire-la-verite-et-la-justice-buenos-aires\/\" \/>\n<meta property=\"og:site_name\" content=\"Pressenza\" \/>\n<meta property=\"article:publisher\" content=\"https:\/\/www.facebook.com\/PressenzaItalia\" \/>\n<meta property=\"article:author\" content=\"https:\/\/www.facebook.com\/pia.figueroa?ref=tn_tnmn\" \/>\n<meta property=\"article:published_time\" content=\"2018-03-25T00:22:59+00:00\" \/>\n<meta property=\"article:modified_time\" content=\"2018-03-25T14:43:39+00:00\" \/>\n<meta property=\"og:image\" content=\"https:\/\/www.pressenza.com\/wp-content\/uploads\/2018\/03\/IMG-20180324-WA0033.jpg\" \/>\n\t<meta property=\"og:image:width\" content=\"1280\" \/>\n\t<meta property=\"og:image:height\" content=\"853\" \/>\n\t<meta property=\"og:image:type\" content=\"image\/jpeg\" \/>\n<meta name=\"author\" content=\"P\u00eda Figueroa\" \/>\n<meta name=\"twitter:card\" content=\"summary_large_image\" \/>\n<meta name=\"twitter:creator\" content=\"@piafigueroa\" \/>\n<meta name=\"twitter:site\" content=\"@PressenzaIPA\" \/>\n<meta name=\"twitter:label1\" content=\"\u00c9crit par\" \/>\n\t<meta name=\"twitter:data1\" content=\"P\u00eda Figueroa\" \/>\n\t<meta name=\"twitter:label2\" content=\"Dur\u00e9e de lecture estim\u00e9e\" \/>\n\t<meta name=\"twitter:data2\" content=\"1 minute\" \/>\n<script type=\"application\/ld+json\" class=\"yoast-schema-graph\">{\"@context\":\"https:\/\/schema.org\",\"@graph\":[{\"@type\":\"Article\",\"@id\":\"https:\/\/www.pressenza.com\/fr\/2018\/03\/tomas-hirsch-participe-la-marche-pour-la-memoire-la-verite-et-la-justice-buenos-aires\/#article\",\"isPartOf\":{\"@id\":\"https:\/\/www.pressenza.com\/fr\/2018\/03\/tomas-hirsch-participe-la-marche-pour-la-memoire-la-verite-et-la-justice-buenos-aires\/\"},\"author\":{\"name\":\"P\u00eda Figueroa\",\"@id\":\"https:\/\/www.pressenza.com\/fr\/#\/schema\/person\/8bb53ec73ef39ceec36ca0128a0ccd41\"},\"headline\":\"Tom\u00e1s Hirsch participe \u00e0 la marche pour la M\u00e9moire, la V\u00e9rit\u00e9 et la Justice \u00e0 Buenos Aires.\",\"datePublished\":\"2018-03-25T00:22:59+00:00\",\"dateModified\":\"2018-03-25T14:43:39+00:00\",\"mainEntityOfPage\":{\"@id\":\"https:\/\/www.pressenza.com\/fr\/2018\/03\/tomas-hirsch-participe-la-marche-pour-la-memoire-la-verite-et-la-justice-buenos-aires\/\"},\"wordCount\":179,\"publisher\":{\"@id\":\"https:\/\/www.pressenza.com\/fr\/#organization\"},\"image\":{\"@id\":\"https:\/\/www.pressenza.com\/fr\/2018\/03\/tomas-hirsch-participe-la-marche-pour-la-memoire-la-verite-et-la-justice-buenos-aires\/#primaryimage\"},\"thumbnailUrl\":\"https:\/\/www.pressenza.com\/wp-content\/uploads\/2018\/03\/IMG-20180324-WA0033.jpg\",\"keywords\":[\"Abuelas de Plaza de Mayo\",\"Cristina Fernandez de Kirchner\",\"Estela Carloto\",\"Marcos Cleri\",\"M\u00e1ximo Kirchner\",\"Pablo Iglesias\",\"Tomas Hirsch\"],\"articleSection\":[\"Am\u00e9rique du Sud\",\"Contenu Original\",\"Politique\",\"Reportages photo\"],\"inLanguage\":\"fr-FR\"},{\"@type\":\"WebPage\",\"@id\":\"https:\/\/www.pressenza.com\/fr\/2018\/03\/tomas-hirsch-participe-la-marche-pour-la-memoire-la-verite-et-la-justice-buenos-aires\/\",\"url\":\"https:\/\/www.pressenza.com\/fr\/2018\/03\/tomas-hirsch-participe-la-marche-pour-la-memoire-la-verite-et-la-justice-buenos-aires\/\",\"name\":\"Tom\u00e1s Hirsch participe \u00e0 la marche pour la M\u00e9moire, la V\u00e9rit\u00e9 et la Justice \u00e0 Buenos Aires.\",\"isPartOf\":{\"@id\":\"https:\/\/www.pressenza.com\/fr\/#website\"},\"primaryImageOfPage\":{\"@id\":\"https:\/\/www.pressenza.com\/fr\/2018\/03\/tomas-hirsch-participe-la-marche-pour-la-memoire-la-verite-et-la-justice-buenos-aires\/#primaryimage\"},\"image\":{\"@id\":\"https:\/\/www.pressenza.com\/fr\/2018\/03\/tomas-hirsch-participe-la-marche-pour-la-memoire-la-verite-et-la-justice-buenos-aires\/#primaryimage\"},\"thumbnailUrl\":\"https:\/\/www.pressenza.com\/wp-content\/uploads\/2018\/03\/IMG-20180324-WA0033.jpg\",\"datePublished\":\"2018-03-25T00:22:59+00:00\",\"dateModified\":\"2018-03-25T14:43:39+00:00\",\"description\":\"Apr\u00e8s avoir rencontr\u00e9 hier \u00e0 l'Instituto Patria, \u00e0 Buenos Aires, Cristina Fern\u00e1ndez de Kirchner, o\u00f9 ils ont eu l'occasion d'\u00e9changer des point de vue sur\",\"breadcrumb\":{\"@id\":\"https:\/\/www.pressenza.com\/fr\/2018\/03\/tomas-hirsch-participe-la-marche-pour-la-memoire-la-verite-et-la-justice-buenos-aires\/#breadcrumb\"},\"inLanguage\":\"fr-FR\",\"potentialAction\":[{\"@type\":\"ReadAction\",\"target\":[\"https:\/\/www.pressenza.com\/fr\/2018\/03\/tomas-hirsch-participe-la-marche-pour-la-memoire-la-verite-et-la-justice-buenos-aires\/\"]}]},{\"@type\":\"ImageObject\",\"inLanguage\":\"fr-FR\",\"@id\":\"https:\/\/www.pressenza.com\/fr\/2018\/03\/tomas-hirsch-participe-la-marche-pour-la-memoire-la-verite-et-la-justice-buenos-aires\/#primaryimage\",\"url\":\"https:\/\/www.pressenza.com\/wp-content\/uploads\/2018\/03\/IMG-20180324-WA0033.jpg\",\"contentUrl\":\"https:\/\/www.pressenza.com\/wp-content\/uploads\/2018\/03\/IMG-20180324-WA0033.jpg\",\"width\":1280,\"height\":853},{\"@type\":\"BreadcrumbList\",\"@id\":\"https:\/\/www.pressenza.com\/fr\/2018\/03\/tomas-hirsch-participe-la-marche-pour-la-memoire-la-verite-et-la-justice-buenos-aires\/#breadcrumb\",\"itemListElement\":[{\"@type\":\"ListItem\",\"position\":1,\"name\":\"Accueil\",\"item\":\"https:\/\/www.pressenza.com\/fr\/\"},{\"@type\":\"ListItem\",\"position\":2,\"name\":\"Tom\u00e1s Hirsch participe \u00e0 la marche pour la M\u00e9moire, la V\u00e9rit\u00e9 et la Justice \u00e0 Buenos Aires.\"}]},{\"@type\":\"WebSite\",\"@id\":\"https:\/\/www.pressenza.com\/fr\/#website\",\"url\":\"https:\/\/www.pressenza.com\/fr\/\",\"name\":\"Pressenza\",\"description\":\"International Press Agency\",\"publisher\":{\"@id\":\"https:\/\/www.pressenza.com\/fr\/#organization\"},\"potentialAction\":[{\"@type\":\"SearchAction\",\"target\":{\"@type\":\"EntryPoint\",\"urlTemplate\":\"https:\/\/www.pressenza.com\/fr\/?s={search_term_string}\"},\"query-input\":{\"@type\":\"PropertyValueSpecification\",\"valueRequired\":true,\"valueName\":\"search_term_string\"}}],\"inLanguage\":\"fr-FR\"},{\"@type\":\"Organization\",\"@id\":\"https:\/\/www.pressenza.com\/fr\/#organization\",\"name\":\"Pressenza\",\"url\":\"https:\/\/www.pressenza.com\/fr\/\",\"logo\":{\"@type\":\"ImageObject\",\"inLanguage\":\"fr-FR\",\"@id\":\"https:\/\/www.pressenza.com\/fr\/#\/schema\/logo\/image\/\",\"url\":\"https:\/\/www.pressenza.com\/wp-content\/uploads\/2022\/10\/pressenza_logo_200x200.jpg\",\"contentUrl\":\"https:\/\/www.pressenza.com\/wp-content\/uploads\/2022\/10\/pressenza_logo_200x200.jpg\",\"width\":200,\"height\":200,\"caption\":\"Pressenza\"},\"image\":{\"@id\":\"https:\/\/www.pressenza.com\/fr\/#\/schema\/logo\/image\/\"},\"sameAs\":[\"https:\/\/www.facebook.com\/PressenzaItalia\",\"https:\/\/x.com\/PressenzaIPA\"]},{\"@type\":\"Person\",\"@id\":\"https:\/\/www.pressenza.com\/fr\/#\/schema\/person\/8bb53ec73ef39ceec36ca0128a0ccd41\",\"name\":\"P\u00eda Figueroa\",\"description\":\"Founder of Pressenza, life-long humanist, author of several monographs and books.\",\"sameAs\":[\"https:\/\/www.facebook.com\/pia.figueroa?ref=tn_tnmn\",\"https:\/\/x.com\/piafigueroa\"],\"url\":\"https:\/\/www.pressenza.com\/fr\/author\/pia-figueroa\/\"}]}<\/script>\n<!-- \/ Yoast SEO plugin. -->","yoast_head_json":{"title":"Tom\u00e1s Hirsch participe \u00e0 la marche pour la M\u00e9moire, la V\u00e9rit\u00e9 et la Justice \u00e0 Buenos Aires.","description":"Apr\u00e8s avoir rencontr\u00e9 hier \u00e0 l'Instituto Patria, \u00e0 Buenos Aires, Cristina Fern\u00e1ndez de Kirchner, o\u00f9 ils ont eu l'occasion d'\u00e9changer des point de vue sur","robots":{"index":"index","follow":"follow","max-snippet":"max-snippet:-1","max-image-preview":"max-image-preview:large","max-video-preview":"max-video-preview:-1"},"canonical":"https:\/\/www.pressenza.com\/fr\/2018\/03\/tomas-hirsch-participe-la-marche-pour-la-memoire-la-verite-et-la-justice-buenos-aires\/","og_locale":"fr_FR","og_type":"article","og_title":"Tom\u00e1s Hirsch participe \u00e0 la marche pour la M\u00e9moire, la V\u00e9rit\u00e9 et la Justice \u00e0 Buenos Aires.","og_description":"Apr\u00e8s avoir rencontr\u00e9 hier \u00e0 l'Instituto Patria, \u00e0 Buenos Aires, Cristina Fern\u00e1ndez de Kirchner, o\u00f9 ils ont eu l'occasion d'\u00e9changer des point de vue sur","og_url":"https:\/\/www.pressenza.com\/fr\/2018\/03\/tomas-hirsch-participe-la-marche-pour-la-memoire-la-verite-et-la-justice-buenos-aires\/","og_site_name":"Pressenza","article_publisher":"https:\/\/www.facebook.com\/PressenzaItalia","article_author":"https:\/\/www.facebook.com\/pia.figueroa?ref=tn_tnmn","article_published_time":"2018-03-25T00:22:59+00:00","article_modified_time":"2018-03-25T14:43:39+00:00","og_image":[{"width":1280,"height":853,"url":"https:\/\/www.pressenza.com\/wp-content\/uploads\/2018\/03\/IMG-20180324-WA0033.jpg","type":"image\/jpeg"}],"author":"P\u00eda Figueroa","twitter_card":"summary_large_image","twitter_creator":"@piafigueroa","twitter_site":"@PressenzaIPA","twitter_misc":{"\u00c9crit par":"P\u00eda Figueroa","Dur\u00e9e de lecture estim\u00e9e":"1 minute"},"schema":{"@context":"https:\/\/schema.org","@graph":[{"@type":"Article","@id":"https:\/\/www.pressenza.com\/fr\/2018\/03\/tomas-hirsch-participe-la-marche-pour-la-memoire-la-verite-et-la-justice-buenos-aires\/#article","isPartOf":{"@id":"https:\/\/www.pressenza.com\/fr\/2018\/03\/tomas-hirsch-participe-la-marche-pour-la-memoire-la-verite-et-la-justice-buenos-aires\/"},"author":{"name":"P\u00eda Figueroa","@id":"https:\/\/www.pressenza.com\/fr\/#\/schema\/person\/8bb53ec73ef39ceec36ca0128a0ccd41"},"headline":"Tom\u00e1s Hirsch participe \u00e0 la marche pour la M\u00e9moire, la V\u00e9rit\u00e9 et la Justice \u00e0 Buenos Aires.","datePublished":"2018-03-25T00:22:59+00:00","dateModified":"2018-03-25T14:43:39+00:00","mainEntityOfPage":{"@id":"https:\/\/www.pressenza.com\/fr\/2018\/03\/tomas-hirsch-participe-la-marche-pour-la-memoire-la-verite-et-la-justice-buenos-aires\/"},"wordCount":179,"publisher":{"@id":"https:\/\/www.pressenza.com\/fr\/#organization"},"image":{"@id":"https:\/\/www.pressenza.com\/fr\/2018\/03\/tomas-hirsch-participe-la-marche-pour-la-memoire-la-verite-et-la-justice-buenos-aires\/#primaryimage"},"thumbnailUrl":"https:\/\/www.pressenza.com\/wp-content\/uploads\/2018\/03\/IMG-20180324-WA0033.jpg","keywords":["Abuelas de Plaza de Mayo","Cristina Fernandez de Kirchner","Estela Carloto","Marcos Cleri","M\u00e1ximo Kirchner","Pablo Iglesias","Tomas Hirsch"],"articleSection":["Am\u00e9rique du Sud","Contenu Original","Politique","Reportages photo"],"inLanguage":"fr-FR"},{"@type":"WebPage","@id":"https:\/\/www.pressenza.com\/fr\/2018\/03\/tomas-hirsch-participe-la-marche-pour-la-memoire-la-verite-et-la-justice-buenos-aires\/","url":"https:\/\/www.pressenza.com\/fr\/2018\/03\/tomas-hirsch-participe-la-marche-pour-la-memoire-la-verite-et-la-justice-buenos-aires\/","name":"Tom\u00e1s Hirsch participe \u00e0 la marche pour la M\u00e9moire, la V\u00e9rit\u00e9 et la Justice \u00e0 Buenos Aires.","isPartOf":{"@id":"https:\/\/www.pressenza.com\/fr\/#website"},"primaryImageOfPage":{"@id":"https:\/\/www.pressenza.com\/fr\/2018\/03\/tomas-hirsch-participe-la-marche-pour-la-memoire-la-verite-et-la-justice-buenos-aires\/#primaryimage"},"image":{"@id":"https:\/\/www.pressenza.com\/fr\/2018\/03\/tomas-hirsch-participe-la-marche-pour-la-memoire-la-verite-et-la-justice-buenos-aires\/#primaryimage"},"thumbnailUrl":"https:\/\/www.pressenza.com\/wp-content\/uploads\/2018\/03\/IMG-20180324-WA0033.jpg","datePublished":"2018-03-25T00:22:59+00:00","dateModified":"2018-03-25T14:43:39+00:00","description":"Apr\u00e8s avoir rencontr\u00e9 hier \u00e0 l'Instituto Patria, \u00e0 Buenos Aires, Cristina Fern\u00e1ndez de Kirchner, o\u00f9 ils ont eu l'occasion d'\u00e9changer des point de vue sur","breadcrumb":{"@id":"https:\/\/www.pressenza.com\/fr\/2018\/03\/tomas-hirsch-participe-la-marche-pour-la-memoire-la-verite-et-la-justice-buenos-aires\/#breadcrumb"},"inLanguage":"fr-FR","potentialAction":[{"@type":"ReadAction","target":["https:\/\/www.pressenza.com\/fr\/2018\/03\/tomas-hirsch-participe-la-marche-pour-la-memoire-la-verite-et-la-justice-buenos-aires\/"]}]},{"@type":"ImageObject","inLanguage":"fr-FR","@id":"https:\/\/www.pressenza.com\/fr\/2018\/03\/tomas-hirsch-participe-la-marche-pour-la-memoire-la-verite-et-la-justice-buenos-aires\/#primaryimage","url":"https:\/\/www.pressenza.com\/wp-content\/uploads\/2018\/03\/IMG-20180324-WA0033.jpg","contentUrl":"https:\/\/www.pressenza.com\/wp-content\/uploads\/2018\/03\/IMG-20180324-WA0033.jpg","width":1280,"height":853},{"@type":"BreadcrumbList","@id":"https:\/\/www.pressenza.com\/fr\/2018\/03\/tomas-hirsch-participe-la-marche-pour-la-memoire-la-verite-et-la-justice-buenos-aires\/#breadcrumb","itemListElement":[{"@type":"ListItem","position":1,"name":"Accueil","item":"https:\/\/www.pressenza.com\/fr\/"},{"@type":"ListItem","position":2,"name":"Tom\u00e1s Hirsch participe \u00e0 la marche pour la M\u00e9moire, la V\u00e9rit\u00e9 et la Justice \u00e0 Buenos Aires."}]},{"@type":"WebSite","@id":"https:\/\/www.pressenza.com\/fr\/#website","url":"https:\/\/www.pressenza.com\/fr\/","name":"Pressenza","description":"International Press Agency","publisher":{"@id":"https:\/\/www.pressenza.com\/fr\/#organization"},"potentialAction":[{"@type":"SearchAction","target":{"@type":"EntryPoint","urlTemplate":"https:\/\/www.pressenza.com\/fr\/?s={search_term_string}"},"query-input":{"@type":"PropertyValueSpecification","valueRequired":true,"valueName":"search_term_string"}}],"inLanguage":"fr-FR"},{"@type":"Organization","@id":"https:\/\/www.pressenza.com\/fr\/#organization","name":"Pressenza","url":"https:\/\/www.pressenza.com\/fr\/","logo":{"@type":"ImageObject","inLanguage":"fr-FR","@id":"https:\/\/www.pressenza.com\/fr\/#\/schema\/logo\/image\/","url":"https:\/\/www.pressenza.com\/wp-content\/uploads\/2022\/10\/pressenza_logo_200x200.jpg","contentUrl":"https:\/\/www.pressenza.com\/wp-content\/uploads\/2022\/10\/pressenza_logo_200x200.jpg","width":200,"height":200,"caption":"Pressenza"},"image":{"@id":"https:\/\/www.pressenza.com\/fr\/#\/schema\/logo\/image\/"},"sameAs":["https:\/\/www.facebook.com\/PressenzaItalia","https:\/\/x.com\/PressenzaIPA"]},{"@type":"Person","@id":"https:\/\/www.pressenza.com\/fr\/#\/schema\/person\/8bb53ec73ef39ceec36ca0128a0ccd41","name":"P\u00eda Figueroa","description":"Founder of Pressenza, life-long humanist, author of several monographs and books.","sameAs":["https:\/\/www.facebook.com\/pia.figueroa?ref=tn_tnmn","https:\/\/x.com\/piafigueroa"],"url":"https:\/\/www.pressenza.com\/fr\/author\/pia-figueroa\/"}]}},"place":"Buenos Aires, Argentina","original_article_url":"","_links":{"self":[{"href":"https:\/\/www.pressenza.com\/fr\/wp-json\/wp\/v2\/posts\/616910","targetHints":{"allow":["GET"]}}],"collection":[{"href":"https:\/\/www.pressenza.com\/fr\/wp-json\/wp\/v2\/posts"}],"about":[{"href":"https:\/\/www.pressenza.com\/fr\/wp-json\/wp\/v2\/types\/post"}],"author":[{"embeddable":true,"href":"https:\/\/www.pressenza.com\/fr\/wp-json\/wp\/v2\/users\/22"}],"replies":[{"embeddable":true,"href":"https:\/\/www.pressenza.com\/fr\/wp-json\/wp\/v2\/comments?post=616910"}],"version-history":[{"count":0,"href":"https:\/\/www.pressenza.com\/fr\/wp-json\/wp\/v2\/posts\/616910\/revisions"}],"wp:featuredmedia":[{"embeddable":true,"href":"https:\/\/www.pressenza.com\/fr\/wp-json\/wp\/v2\/media\/616899"}],"wp:attachment":[{"href":"https:\/\/www.pressenza.com\/fr\/wp-json\/wp\/v2\/media?parent=616910"}],"wp:term":[{"taxonomy":"category","embeddable":true,"href":"https:\/\/www.pressenza.com\/fr\/wp-json\/wp\/v2\/categories?post=616910"},{"taxonomy":"post_tag","embeddable":true,"href":"https:\/\/www.pressenza.com\/fr\/wp-json\/wp\/v2\/tags?post=616910"}],"curies":[{"name":"wp","href":"https:\/\/api.w.org\/{rel}","templated":true}]}}