{"id":612848,"date":"2018-03-19T21:39:32","date_gmt":"2018-03-19T21:39:32","guid":{"rendered":"https:\/\/www.pressenza.com\/?p=612848"},"modified":"2018-04-03T23:50:07","modified_gmt":"2018-04-03T22:50:07","slug":"forum-humaniste-europeen-2018-unit-vers-nation-humaine-universelle","status":"publish","type":"post","link":"https:\/\/www.pressenza.com\/fr\/2018\/03\/forum-humaniste-europeen-2018-unit-vers-nation-humaine-universelle\/","title":{"rendered":"Forum Humaniste Europ\u00e9en 2018 : Ce qui nous unit vers la Nation Humaine Universelle"},"content":{"rendered":"<p>C\u2019est sous la devise \u00ab\u00a0 Ce qui nous unit vers la nation humaine universelle\u00a0\u00bb, que se tiendra \u00e0 Madrid le <a href=\"https:\/\/www.humanistforum.org\/fr\/\">V<sup>\u00e8me<\/sup> Forum Humaniste Europ\u00e9en<\/a> les 11, 12 et 13 mai prochains. La s\u00e9ance d\u2019ouverture aura lieu \u00e0 la <a href=\"http:\/\/portal.uned.es\/portal\/page?_pageid=93,25643844,93_25643845&amp;_dad=portal&amp;_schema=PORTAL\">Facult\u00e9 d\u2019Education de l\u2019UNED<\/a>, durant les journ\u00e9es de samedi et dimanche. Les activit\u00e9s se d\u00e9rouleront dans le Centre Culturel El Pozo.<\/p>\n<p><iframe loading=\"lazy\" title=\"Forum Humaniste 2018\" width=\"500\" height=\"281\" src=\"https:\/\/www.youtube.com\/embed\/pYIrwcQb5y0?feature=oembed\" frameborder=\"0\" allow=\"accelerometer; autoplay; clipboard-write; encrypted-media; gyroscope; picture-in-picture; web-share\" referrerpolicy=\"strict-origin-when-cross-origin\" allowfullscreen><\/iframe><\/p>\n<p>Dans le <a href=\"https:\/\/www.humanistforum.org\/fr\/manifeste\/\">Manifeste<\/a> qui explique le sens de cet \u00e9v\u00e9nement, les organisateurs posent clairement le cadre\u00a0: \u00ab\u00a0 <em>Nous nous trouvons \u00e0 un carrefour o\u00f9 s\u2019entrechoquent croyances du pass\u00e9 et images de l\u2019avenir, chacune cherchant \u00e0 s\u2019imposer. La plan\u00e8te s\u2019\u00e9tant mondialis\u00e9e, c\u2019est dans une intercommunication sans pr\u00e9c\u00e9dent des peuples et des cultures que s\u2019imbriquent traditions, croyances, valeurs, modes de vie et conceptions du monde. Simultan\u00e9ment, l\u2019avanc\u00e9e technologique provoque une ouverture vers de nouveaux horizons et r\u00e9veille des aspirations qui incitent l\u2019\u00eatre humain \u00e0 vouloir aller au-del\u00e0 du connu, au-del\u00e0 des limites spatio-temporelles admises.<\/em>\u00a0\u00bb<\/p>\n<p>Soulignant l\u2019\u00e9mergence d\u2019une nouvelle sensibilit\u00e9 parmi les g\u00e9n\u00e9rations les plus jeunes, le texte poursuit\u00a0: \u00ab\u00a0<em>Cependant, dans ce monde asphyxiant commence \u00e0 se manifester, avec force, une nouvelle sensibilit\u00e9, celle d\u2019une humanit\u00e9 ayant une vision plus \u00e9lev\u00e9e dans laquelle on peut observer quelques signes qui m\u00e9ritent d\u2019\u00eatre \u00e9tudi\u00e9s et approfondis \u00a0\u00e0 savoir: que l\u2019\u00eatre humain occupe une place centrale dans la soci\u00e9t\u00e9 en m\u00eame temps qu\u2019il prot\u00e8ge l\u2019environnement et ses esp\u00e8ces, que tous les \u00eatres humains doivent avoir les m\u00eames chances, que personne ne peut \u00eatre discrimin\u00e9 et que chacun est libre de s\u2019interroger sur le sens et la direction de sa vie&#8230;\u00a0<\/em>\u00bb<\/p>\n<p>Pour commencer \u00e0 approfondir ces th\u00e8mes, cette V<sup>\u00e8me<\/sup>\u00a0\u00e9dition du Forum Humaniste Europ\u00e9en s\u2019ouvrira avec\u00a0 un panel\u00a0 sur \u00ab\u00a0Le r\u00f4le de l\u2019Europe pour unir ses peuples et construire des ponts avec d\u2019autres peuples\u00a0\u00bb dans lequel diff\u00e9rents sp\u00e9cialistes apporteront leurs r\u00e9ponses \u00e0 ce d\u00e9fi depuis leurs champs de pens\u00e9e et d\u2019action. Participeront entre autres\u00a0: le coordinateur pour l\u2019Am\u00e9rique latine de l\u2019<a href=\"http:\/\/www.icanw.org\/\">ICAN<\/a>\u00a0 (prix Nobel de la Paix 2017 pour promouvoir le <a href=\"http:\/\/data.grip.org\/20170706_TIAN.pdf\">Trait\u00e9 d\u2019interdiction des armes nucl\u00e9aires<\/a>) Carlos Uma\u00f1a ; la d\u00e9put\u00e9e de la <a href=\"https:\/\/lafranceinsoumise.fr\/\">France Insoumise<\/a>, Sabine Rubin ;\u00a0 l\u2019\u00e9conomiste et sp\u00e9cialiste des \u00a0questions de pauvret\u00e9 et d\u2019eau en tant que bien commun, <a href=\"https:\/\/fr.wikipedia.org\/wiki\/Riccardo_Petrella\">Riccardo Petrella<\/a>\u00a0; l\u2019anthropologue et activiste Clara G\u00f3mez-Pl\u00e1cito ; le neuroscientifique et chercheur sur le th\u00e8me de la paix, <a href=\"http:\/\/www.pierogiorgi.org\/\">Piero Giorgi<\/a> ; l\u2019activiste pour le<a href=\"https:\/\/fr.wikipedia.org\/wiki\/Revenu_de_base\"> revenu de base universel<\/a>, Mayte Quintanilla ; ou bien encore l\u2019\u00e9conomiste argentin \u00a0<a href=\"http:\/\/es.humanipedia.org\/index.php\/Sullings,_Guillermo\">Guillermo Sullings<\/a>, auteur du livre \u00ab\u00a0A la crois\u00e9e des chemins, 120 pas vers la Nation Humaine Universelle\u00a0\u00bb.<\/p>\n<p>Durant les journ\u00e9es des 12 et 13 mai, auront lieu diff\u00e9rentes tables rondes, panels, conf\u00e9rences, projections de documentaires et manifestations artistiques dans des domaines aussi vari\u00e9s que le d\u00e9sarmement, les droits humains, l\u2019\u00e9cologie sociale, la politique, la spiritualit\u00e9, la technologie au service de la libert\u00e9, la nouvelle \u00e9conomie, la nonviolence, la force du f\u00e9minin, le tr\u00e9fonds psychosocial, l\u2019art, la mystique sociale, le journalisme, les mouvements sociaux, la convergence des cultures, etc&#8230;<\/p>\n<p>Ce forum s\u2019inscrit dans la lign\u00e9e de ceux qui se sont tenus \u00e0 <a href=\"https:\/\/www.humanistforum.org\/fr\/qui-sommes-nous\/historique\/moscou-1993-introduction\/\">Moscou<\/a> (1993), <a href=\"https:\/\/www.humanistforum.org\/fr\/qui-sommes-nous\/historique\/budapest-2004\/\">Budapest<\/a> (2004), <a href=\"https:\/\/www.humanistforum.org\/fr\/qui-sommes-nous\/historique\/lisbonne-2006\/\">Lisbonne<\/a> (2006) et <a href=\"https:\/\/www.humanistforum.org\/who-are-we\/background\/milan-2008-opening\/\">Milan<\/a> (2008), et \u00e9galement de ceux organis\u00e9s \u00e0 Mexico (2004), <a href=\"http:\/\/www.elmayordelospoetas.net\/?p=17134\">Santiago du Chili<\/a> (1995), <a href=\"https:\/\/www.youtube.com\/watch?v=b1RPOZ28bM8\">Quito<\/a> et\u00a0Dakar (2006) ou\u00a0<a href=\"http:\/\/www.newhumanistforum.org\/index2.php?lang=mx\">Nueva York<\/a>,\u00a0<a href=\"https:\/\/www.youtube.com\/watch?v=JSsEj16FaJ8&amp;t=0s\">Mumbai<\/a>\u00a0et\u00a0<a href=\"http:\/\/pazfuerzayalegria.net\/Declaracion-sobre-lo-acontecido-en\">La Paz<\/a>\u00a0(2007).<\/p>\n<p>Nous aspirons \u00e0 nous enrichir par des regards diff\u00e9rents, \u00e0 la recherche de ce qui nous unit pour construire de nouvelles r\u00e9alit\u00e9s. Pour cela, nous t\u2019invitons \u00e0 t\u2019inscrire <u><a href=\"https:\/\/www.humanistforum.org\/fr\/nous-rejoindre\/participer-a-madrid\/\">ici<\/a>.<\/u><\/p>\n<p>L\u2019inscription est gratuite. Les <a href=\"https:\/\/www.humanistforum.org\/fr\/faire-un-don\/\">apports<\/a> que nous recevons pour couvrir les frais de fonctionnement sont volontaires tout comme le travail de ceux qui lancent ce forum.<\/p>\n<h5>Contact avec la presse : Ricardo Arias\u00a0\u00a0<a href=\"mailto:press@humanistforum.org\">press@humanistforum.org<\/a>\u00a0 \/ +33 6 63 34 31 41<\/h5>\n","protected":false},"excerpt":{"rendered":"<p>C\u2019est sous la devise \u00ab\u00a0 Ce qui nous unit vers la nation humaine universelle\u00a0\u00bb, que se tiendra \u00e0 Madrid le V\u00e8me Forum Humaniste Europ\u00e9en les 11, 12 et 13 mai prochains. La s\u00e9ance d\u2019ouverture aura lieu \u00e0 la Facult\u00e9 d\u2019Education&hellip;<\/p>\n","protected":false},"author":94,"featured_media":617129,"comment_status":"closed","ping_status":"closed","sticky":false,"template":"","format":"standard","meta":{"footnotes":""},"categories":[151,11386,1247,98,1246,1248,95],"tags":[43785,261,23855,43160,5699],"class_list":["post-612848","post","type-post","status-publish","format-standard","has-post-thumbnail","hentry","category-communique-de-presse","category-contenu-original","category-diversite","category-droits-de-lhomme","category-humanisme-spiritualite","category-nonviolence-sujet","category-affaires-etrangeres","tag-ce-qui-nous-unit","tag-espagne","tag-europa-es-2-fr","tag-forum-humaniste-europeen","tag-nation-humaine-universelle"],"yoast_head":"<!-- This site is optimized with the Yoast SEO plugin v27.1.1 - https:\/\/yoast.com\/product\/yoast-seo-wordpress\/ -->\n<title>Forum Humaniste Europ\u00e9en 2018 : Ce qui nous unit vers la Nation Humaine Universelle<\/title>\n<meta name=\"description\" content=\"C\u2019est sous la devise \u00ab\u00a0 Ce qui nous unit vers la nation humaine universelle\u00a0\u00bb, que se tiendra \u00e0 Madrid le V\u00e8me Forum Humaniste Europ\u00e9en les 11, 12 et 13\" \/>\n<meta name=\"robots\" content=\"index, follow, max-snippet:-1, max-image-preview:large, max-video-preview:-1\" \/>\n<link rel=\"canonical\" href=\"https:\/\/www.pressenza.com\/fr\/2018\/03\/forum-humaniste-europeen-2018-unit-vers-nation-humaine-universelle\/\" \/>\n<meta property=\"og:locale\" content=\"fr_FR\" \/>\n<meta property=\"og:type\" content=\"article\" \/>\n<meta property=\"og:title\" content=\"Forum Humaniste Europ\u00e9en 2018 : Ce qui nous unit vers la Nation Humaine Universelle\" \/>\n<meta property=\"og:description\" content=\"C\u2019est sous la devise \u00ab\u00a0 Ce qui nous unit vers la nation humaine universelle\u00a0\u00bb, que se tiendra \u00e0 Madrid le V\u00e8me Forum Humaniste Europ\u00e9en les 11, 12 et 13\" \/>\n<meta property=\"og:url\" content=\"https:\/\/www.pressenza.com\/fr\/2018\/03\/forum-humaniste-europeen-2018-unit-vers-nation-humaine-universelle\/\" \/>\n<meta property=\"og:site_name\" content=\"Pressenza\" \/>\n<meta property=\"article:publisher\" content=\"https:\/\/www.facebook.com\/PressenzaItalia\" \/>\n<meta property=\"article:author\" content=\"https:\/\/www.facebook.com\/pressenza\" \/>\n<meta property=\"article:published_time\" content=\"2018-03-19T21:39:32+00:00\" \/>\n<meta property=\"article:modified_time\" content=\"2018-04-03T22:50:07+00:00\" \/>\n<meta property=\"og:image\" content=\"https:\/\/www.pressenza.com\/wp-content\/uploads\/2018\/03\/Forum-Humaniste-Europ--en-2018-Ce-qui-nous-unit.jpg\" \/>\n\t<meta property=\"og:image:width\" content=\"750\" \/>\n\t<meta property=\"og:image:height\" content=\"500\" \/>\n\t<meta property=\"og:image:type\" content=\"image\/jpeg\" \/>\n<meta name=\"author\" content=\"Redacci\u00f3n Madrid\" \/>\n<meta name=\"twitter:card\" content=\"summary_large_image\" \/>\n<meta name=\"twitter:creator\" content=\"@pressenza\" \/>\n<meta name=\"twitter:site\" content=\"@PressenzaIPA\" \/>\n<meta name=\"twitter:label1\" content=\"\u00c9crit par\" \/>\n\t<meta name=\"twitter:data1\" content=\"Redacci\u00f3n Madrid\" \/>\n\t<meta name=\"twitter:label2\" content=\"Dur\u00e9e de lecture estim\u00e9e\" \/>\n\t<meta name=\"twitter:data2\" content=\"3 minutes\" \/>\n<script type=\"application\/ld+json\" class=\"yoast-schema-graph\">{\"@context\":\"https:\/\/schema.org\",\"@graph\":[{\"@type\":\"Article\",\"@id\":\"https:\/\/www.pressenza.com\/fr\/2018\/03\/forum-humaniste-europeen-2018-unit-vers-nation-humaine-universelle\/#article\",\"isPartOf\":{\"@id\":\"https:\/\/www.pressenza.com\/fr\/2018\/03\/forum-humaniste-europeen-2018-unit-vers-nation-humaine-universelle\/\"},\"author\":{\"name\":\"Redacci\u00f3n Madrid\",\"@id\":\"https:\/\/www.pressenza.com\/fr\/#\/schema\/person\/828fc40eeca2ad7be3630e5a46adba94\"},\"headline\":\"Forum Humaniste Europ\u00e9en 2018 : Ce qui nous unit vers la Nation Humaine Universelle\",\"datePublished\":\"2018-03-19T21:39:32+00:00\",\"dateModified\":\"2018-04-03T22:50:07+00:00\",\"mainEntityOfPage\":{\"@id\":\"https:\/\/www.pressenza.com\/fr\/2018\/03\/forum-humaniste-europeen-2018-unit-vers-nation-humaine-universelle\/\"},\"wordCount\":662,\"publisher\":{\"@id\":\"https:\/\/www.pressenza.com\/fr\/#organization\"},\"image\":{\"@id\":\"https:\/\/www.pressenza.com\/fr\/2018\/03\/forum-humaniste-europeen-2018-unit-vers-nation-humaine-universelle\/#primaryimage\"},\"thumbnailUrl\":\"https:\/\/www.pressenza.com\/wp-content\/uploads\/2018\/03\/Forum-Humaniste-Europ--en-2018-Ce-qui-nous-unit.jpg\",\"keywords\":[\"ce qui nous unit\",\"Espagne\",\"Europa\",\"Forum Humaniste Europ\u00e9en\",\"Nation humaine universelle\"],\"articleSection\":[\"Communiqu\u00e9s de Presse\",\"Contenu Original\",\"Diversit\u00e9\",\"Droits humains\",\"Humanisme et Spiritualit\u00e9\",\"Non-violence\",\"Relations internationales\"],\"inLanguage\":\"fr-FR\"},{\"@type\":\"WebPage\",\"@id\":\"https:\/\/www.pressenza.com\/fr\/2018\/03\/forum-humaniste-europeen-2018-unit-vers-nation-humaine-universelle\/\",\"url\":\"https:\/\/www.pressenza.com\/fr\/2018\/03\/forum-humaniste-europeen-2018-unit-vers-nation-humaine-universelle\/\",\"name\":\"Forum Humaniste Europ\u00e9en 2018 : Ce qui nous unit vers la Nation Humaine Universelle\",\"isPartOf\":{\"@id\":\"https:\/\/www.pressenza.com\/fr\/#website\"},\"primaryImageOfPage\":{\"@id\":\"https:\/\/www.pressenza.com\/fr\/2018\/03\/forum-humaniste-europeen-2018-unit-vers-nation-humaine-universelle\/#primaryimage\"},\"image\":{\"@id\":\"https:\/\/www.pressenza.com\/fr\/2018\/03\/forum-humaniste-europeen-2018-unit-vers-nation-humaine-universelle\/#primaryimage\"},\"thumbnailUrl\":\"https:\/\/www.pressenza.com\/wp-content\/uploads\/2018\/03\/Forum-Humaniste-Europ--en-2018-Ce-qui-nous-unit.jpg\",\"datePublished\":\"2018-03-19T21:39:32+00:00\",\"dateModified\":\"2018-04-03T22:50:07+00:00\",\"description\":\"C\u2019est sous la devise \u00ab\u00a0 Ce qui nous unit vers la nation humaine universelle\u00a0\u00bb, que se tiendra \u00e0 Madrid le V\u00e8me Forum Humaniste Europ\u00e9en les 11, 12 et 13\",\"breadcrumb\":{\"@id\":\"https:\/\/www.pressenza.com\/fr\/2018\/03\/forum-humaniste-europeen-2018-unit-vers-nation-humaine-universelle\/#breadcrumb\"},\"inLanguage\":\"fr-FR\",\"potentialAction\":[{\"@type\":\"ReadAction\",\"target\":[\"https:\/\/www.pressenza.com\/fr\/2018\/03\/forum-humaniste-europeen-2018-unit-vers-nation-humaine-universelle\/\"]}]},{\"@type\":\"ImageObject\",\"inLanguage\":\"fr-FR\",\"@id\":\"https:\/\/www.pressenza.com\/fr\/2018\/03\/forum-humaniste-europeen-2018-unit-vers-nation-humaine-universelle\/#primaryimage\",\"url\":\"https:\/\/www.pressenza.com\/wp-content\/uploads\/2018\/03\/Forum-Humaniste-Europ--en-2018-Ce-qui-nous-unit.jpg\",\"contentUrl\":\"https:\/\/www.pressenza.com\/wp-content\/uploads\/2018\/03\/Forum-Humaniste-Europ--en-2018-Ce-qui-nous-unit.jpg\",\"width\":750,\"height\":500},{\"@type\":\"BreadcrumbList\",\"@id\":\"https:\/\/www.pressenza.com\/fr\/2018\/03\/forum-humaniste-europeen-2018-unit-vers-nation-humaine-universelle\/#breadcrumb\",\"itemListElement\":[{\"@type\":\"ListItem\",\"position\":1,\"name\":\"Accueil\",\"item\":\"https:\/\/www.pressenza.com\/fr\/\"},{\"@type\":\"ListItem\",\"position\":2,\"name\":\"Forum Humaniste Europ\u00e9en 2018 : Ce qui nous unit vers la Nation Humaine Universelle\"}]},{\"@type\":\"WebSite\",\"@id\":\"https:\/\/www.pressenza.com\/fr\/#website\",\"url\":\"https:\/\/www.pressenza.com\/fr\/\",\"name\":\"Pressenza\",\"description\":\"International Press Agency\",\"publisher\":{\"@id\":\"https:\/\/www.pressenza.com\/fr\/#organization\"},\"potentialAction\":[{\"@type\":\"SearchAction\",\"target\":{\"@type\":\"EntryPoint\",\"urlTemplate\":\"https:\/\/www.pressenza.com\/fr\/?s={search_term_string}\"},\"query-input\":{\"@type\":\"PropertyValueSpecification\",\"valueRequired\":true,\"valueName\":\"search_term_string\"}}],\"inLanguage\":\"fr-FR\"},{\"@type\":\"Organization\",\"@id\":\"https:\/\/www.pressenza.com\/fr\/#organization\",\"name\":\"Pressenza\",\"url\":\"https:\/\/www.pressenza.com\/fr\/\",\"logo\":{\"@type\":\"ImageObject\",\"inLanguage\":\"fr-FR\",\"@id\":\"https:\/\/www.pressenza.com\/fr\/#\/schema\/logo\/image\/\",\"url\":\"https:\/\/www.pressenza.com\/wp-content\/uploads\/2022\/10\/pressenza_logo_200x200.jpg\",\"contentUrl\":\"https:\/\/www.pressenza.com\/wp-content\/uploads\/2022\/10\/pressenza_logo_200x200.jpg\",\"width\":200,\"height\":200,\"caption\":\"Pressenza\"},\"image\":{\"@id\":\"https:\/\/www.pressenza.com\/fr\/#\/schema\/logo\/image\/\"},\"sameAs\":[\"https:\/\/www.facebook.com\/PressenzaItalia\",\"https:\/\/x.com\/PressenzaIPA\"]},{\"@type\":\"Person\",\"@id\":\"https:\/\/www.pressenza.com\/fr\/#\/schema\/person\/828fc40eeca2ad7be3630e5a46adba94\",\"name\":\"Redacci\u00f3n Madrid\",\"description\":\"News from the Pressenza Bureau in Madrid, Spain\",\"sameAs\":[\"https:\/\/www.facebook.com\/pressenza\",\"https:\/\/x.com\/pressenza\"],\"url\":\"https:\/\/www.pressenza.com\/fr\/author\/redaccion-madrid\/\"}]}<\/script>\n<!-- \/ Yoast SEO plugin. -->","yoast_head_json":{"title":"Forum Humaniste Europ\u00e9en 2018 : Ce qui nous unit vers la Nation Humaine Universelle","description":"C\u2019est sous la devise \u00ab\u00a0 Ce qui nous unit vers la nation humaine universelle\u00a0\u00bb, que se tiendra \u00e0 Madrid le V\u00e8me Forum Humaniste Europ\u00e9en les 11, 12 et 13","robots":{"index":"index","follow":"follow","max-snippet":"max-snippet:-1","max-image-preview":"max-image-preview:large","max-video-preview":"max-video-preview:-1"},"canonical":"https:\/\/www.pressenza.com\/fr\/2018\/03\/forum-humaniste-europeen-2018-unit-vers-nation-humaine-universelle\/","og_locale":"fr_FR","og_type":"article","og_title":"Forum Humaniste Europ\u00e9en 2018 : Ce qui nous unit vers la Nation Humaine Universelle","og_description":"C\u2019est sous la devise \u00ab\u00a0 Ce qui nous unit vers la nation humaine universelle\u00a0\u00bb, que se tiendra \u00e0 Madrid le V\u00e8me Forum Humaniste Europ\u00e9en les 11, 12 et 13","og_url":"https:\/\/www.pressenza.com\/fr\/2018\/03\/forum-humaniste-europeen-2018-unit-vers-nation-humaine-universelle\/","og_site_name":"Pressenza","article_publisher":"https:\/\/www.facebook.com\/PressenzaItalia","article_author":"https:\/\/www.facebook.com\/pressenza","article_published_time":"2018-03-19T21:39:32+00:00","article_modified_time":"2018-04-03T22:50:07+00:00","og_image":[{"width":750,"height":500,"url":"https:\/\/www.pressenza.com\/wp-content\/uploads\/2018\/03\/Forum-Humaniste-Europ--en-2018-Ce-qui-nous-unit.jpg","type":"image\/jpeg"}],"author":"Redacci\u00f3n Madrid","twitter_card":"summary_large_image","twitter_creator":"@pressenza","twitter_site":"@PressenzaIPA","twitter_misc":{"\u00c9crit par":"Redacci\u00f3n Madrid","Dur\u00e9e de lecture estim\u00e9e":"3 minutes"},"schema":{"@context":"https:\/\/schema.org","@graph":[{"@type":"Article","@id":"https:\/\/www.pressenza.com\/fr\/2018\/03\/forum-humaniste-europeen-2018-unit-vers-nation-humaine-universelle\/#article","isPartOf":{"@id":"https:\/\/www.pressenza.com\/fr\/2018\/03\/forum-humaniste-europeen-2018-unit-vers-nation-humaine-universelle\/"},"author":{"name":"Redacci\u00f3n Madrid","@id":"https:\/\/www.pressenza.com\/fr\/#\/schema\/person\/828fc40eeca2ad7be3630e5a46adba94"},"headline":"Forum Humaniste Europ\u00e9en 2018 : Ce qui nous unit vers la Nation Humaine Universelle","datePublished":"2018-03-19T21:39:32+00:00","dateModified":"2018-04-03T22:50:07+00:00","mainEntityOfPage":{"@id":"https:\/\/www.pressenza.com\/fr\/2018\/03\/forum-humaniste-europeen-2018-unit-vers-nation-humaine-universelle\/"},"wordCount":662,"publisher":{"@id":"https:\/\/www.pressenza.com\/fr\/#organization"},"image":{"@id":"https:\/\/www.pressenza.com\/fr\/2018\/03\/forum-humaniste-europeen-2018-unit-vers-nation-humaine-universelle\/#primaryimage"},"thumbnailUrl":"https:\/\/www.pressenza.com\/wp-content\/uploads\/2018\/03\/Forum-Humaniste-Europ--en-2018-Ce-qui-nous-unit.jpg","keywords":["ce qui nous unit","Espagne","Europa","Forum Humaniste Europ\u00e9en","Nation humaine universelle"],"articleSection":["Communiqu\u00e9s de Presse","Contenu Original","Diversit\u00e9","Droits humains","Humanisme et Spiritualit\u00e9","Non-violence","Relations internationales"],"inLanguage":"fr-FR"},{"@type":"WebPage","@id":"https:\/\/www.pressenza.com\/fr\/2018\/03\/forum-humaniste-europeen-2018-unit-vers-nation-humaine-universelle\/","url":"https:\/\/www.pressenza.com\/fr\/2018\/03\/forum-humaniste-europeen-2018-unit-vers-nation-humaine-universelle\/","name":"Forum Humaniste Europ\u00e9en 2018 : Ce qui nous unit vers la Nation Humaine Universelle","isPartOf":{"@id":"https:\/\/www.pressenza.com\/fr\/#website"},"primaryImageOfPage":{"@id":"https:\/\/www.pressenza.com\/fr\/2018\/03\/forum-humaniste-europeen-2018-unit-vers-nation-humaine-universelle\/#primaryimage"},"image":{"@id":"https:\/\/www.pressenza.com\/fr\/2018\/03\/forum-humaniste-europeen-2018-unit-vers-nation-humaine-universelle\/#primaryimage"},"thumbnailUrl":"https:\/\/www.pressenza.com\/wp-content\/uploads\/2018\/03\/Forum-Humaniste-Europ--en-2018-Ce-qui-nous-unit.jpg","datePublished":"2018-03-19T21:39:32+00:00","dateModified":"2018-04-03T22:50:07+00:00","description":"C\u2019est sous la devise \u00ab\u00a0 Ce qui nous unit vers la nation humaine universelle\u00a0\u00bb, que se tiendra \u00e0 Madrid le V\u00e8me Forum Humaniste Europ\u00e9en les 11, 12 et 13","breadcrumb":{"@id":"https:\/\/www.pressenza.com\/fr\/2018\/03\/forum-humaniste-europeen-2018-unit-vers-nation-humaine-universelle\/#breadcrumb"},"inLanguage":"fr-FR","potentialAction":[{"@type":"ReadAction","target":["https:\/\/www.pressenza.com\/fr\/2018\/03\/forum-humaniste-europeen-2018-unit-vers-nation-humaine-universelle\/"]}]},{"@type":"ImageObject","inLanguage":"fr-FR","@id":"https:\/\/www.pressenza.com\/fr\/2018\/03\/forum-humaniste-europeen-2018-unit-vers-nation-humaine-universelle\/#primaryimage","url":"https:\/\/www.pressenza.com\/wp-content\/uploads\/2018\/03\/Forum-Humaniste-Europ--en-2018-Ce-qui-nous-unit.jpg","contentUrl":"https:\/\/www.pressenza.com\/wp-content\/uploads\/2018\/03\/Forum-Humaniste-Europ--en-2018-Ce-qui-nous-unit.jpg","width":750,"height":500},{"@type":"BreadcrumbList","@id":"https:\/\/www.pressenza.com\/fr\/2018\/03\/forum-humaniste-europeen-2018-unit-vers-nation-humaine-universelle\/#breadcrumb","itemListElement":[{"@type":"ListItem","position":1,"name":"Accueil","item":"https:\/\/www.pressenza.com\/fr\/"},{"@type":"ListItem","position":2,"name":"Forum Humaniste Europ\u00e9en 2018 : Ce qui nous unit vers la Nation Humaine Universelle"}]},{"@type":"WebSite","@id":"https:\/\/www.pressenza.com\/fr\/#website","url":"https:\/\/www.pressenza.com\/fr\/","name":"Pressenza","description":"International Press Agency","publisher":{"@id":"https:\/\/www.pressenza.com\/fr\/#organization"},"potentialAction":[{"@type":"SearchAction","target":{"@type":"EntryPoint","urlTemplate":"https:\/\/www.pressenza.com\/fr\/?s={search_term_string}"},"query-input":{"@type":"PropertyValueSpecification","valueRequired":true,"valueName":"search_term_string"}}],"inLanguage":"fr-FR"},{"@type":"Organization","@id":"https:\/\/www.pressenza.com\/fr\/#organization","name":"Pressenza","url":"https:\/\/www.pressenza.com\/fr\/","logo":{"@type":"ImageObject","inLanguage":"fr-FR","@id":"https:\/\/www.pressenza.com\/fr\/#\/schema\/logo\/image\/","url":"https:\/\/www.pressenza.com\/wp-content\/uploads\/2022\/10\/pressenza_logo_200x200.jpg","contentUrl":"https:\/\/www.pressenza.com\/wp-content\/uploads\/2022\/10\/pressenza_logo_200x200.jpg","width":200,"height":200,"caption":"Pressenza"},"image":{"@id":"https:\/\/www.pressenza.com\/fr\/#\/schema\/logo\/image\/"},"sameAs":["https:\/\/www.facebook.com\/PressenzaItalia","https:\/\/x.com\/PressenzaIPA"]},{"@type":"Person","@id":"https:\/\/www.pressenza.com\/fr\/#\/schema\/person\/828fc40eeca2ad7be3630e5a46adba94","name":"Redacci\u00f3n Madrid","description":"News from the Pressenza Bureau in Madrid, Spain","sameAs":["https:\/\/www.facebook.com\/pressenza","https:\/\/x.com\/pressenza"],"url":"https:\/\/www.pressenza.com\/fr\/author\/redaccion-madrid\/"}]}},"place":"Madrid, Espagne","original_article_url":"","_links":{"self":[{"href":"https:\/\/www.pressenza.com\/fr\/wp-json\/wp\/v2\/posts\/612848","targetHints":{"allow":["GET"]}}],"collection":[{"href":"https:\/\/www.pressenza.com\/fr\/wp-json\/wp\/v2\/posts"}],"about":[{"href":"https:\/\/www.pressenza.com\/fr\/wp-json\/wp\/v2\/types\/post"}],"author":[{"embeddable":true,"href":"https:\/\/www.pressenza.com\/fr\/wp-json\/wp\/v2\/users\/94"}],"replies":[{"embeddable":true,"href":"https:\/\/www.pressenza.com\/fr\/wp-json\/wp\/v2\/comments?post=612848"}],"version-history":[{"count":0,"href":"https:\/\/www.pressenza.com\/fr\/wp-json\/wp\/v2\/posts\/612848\/revisions"}],"wp:featuredmedia":[{"embeddable":true,"href":"https:\/\/www.pressenza.com\/fr\/wp-json\/wp\/v2\/media\/617129"}],"wp:attachment":[{"href":"https:\/\/www.pressenza.com\/fr\/wp-json\/wp\/v2\/media?parent=612848"}],"wp:term":[{"taxonomy":"category","embeddable":true,"href":"https:\/\/www.pressenza.com\/fr\/wp-json\/wp\/v2\/categories?post=612848"},{"taxonomy":"post_tag","embeddable":true,"href":"https:\/\/www.pressenza.com\/fr\/wp-json\/wp\/v2\/tags?post=612848"}],"curies":[{"name":"wp","href":"https:\/\/api.w.org\/{rel}","templated":true}]}}