{"id":611269,"date":"2018-03-16T04:48:50","date_gmt":"2018-03-16T04:48:50","guid":{"rendered":"https:\/\/www.pressenza.com\/?p=611269"},"modified":"2018-03-16T04:49:58","modified_gmt":"2018-03-16T04:49:58","slug":"que-sest-il-passe-lors-de-la-journee-internationale-de-la-femme-2018","status":"publish","type":"post","link":"https:\/\/www.pressenza.com\/fr\/2018\/03\/que-sest-il-passe-lors-de-la-journee-internationale-de-la-femme-2018\/","title":{"rendered":"Que s&rsquo;est-il pass\u00e9 lors de la Journ\u00e9e internationale de la femme 2018 ?"},"content":{"rendered":"<p>Ceci est arriv\u00e9 !<\/p>\n<p>Dans le monde entier (diaporama) :<\/p>\n<div class=\"post-gallery\">\n\t\t\t<figure class=\"post-gallery-item\">\n\t\t\t\t<img decoding=\"async\" src=\"https:\/\/www.pressenza.com\/wp-content\/uploads\/2018\/03\/5532EA78-E409-4CF0-B72A-A216D5CF4E87-720x480.jpeg\" loading=\"lazy\">\n\t\t\t\t<figcaption>\n\t\t\t\t\t\n\t\t\t\t<\/figcaption>\n\t\t\t<\/figure>\n\t\t\t<figure class=\"post-gallery-item\">\n\t\t\t\t<img decoding=\"async\" src=\"https:\/\/www.pressenza.com\/wp-content\/uploads\/2018\/03\/83212037-C7D9-4640-85EE-A60A8157D4B2-720x405.jpeg\" loading=\"lazy\">\n\t\t\t\t<figcaption>\n\t\t\t\t\t\n\t\t\t\t<\/figcaption>\n\t\t\t<\/figure>\n\t\t\t<figure class=\"post-gallery-item\">\n\t\t\t\t<img decoding=\"async\" src=\"https:\/\/www.pressenza.com\/wp-content\/uploads\/2018\/03\/16737552-55FA-4E34-A74A-B08C906891DE-720x405.jpeg\" loading=\"lazy\">\n\t\t\t\t<figcaption>\n\t\t\t\t\t\n\t\t\t\t<\/figcaption>\n\t\t\t<\/figure>\n\t\t\t<figure class=\"post-gallery-item\">\n\t\t\t\t<img decoding=\"async\" src=\"https:\/\/www.pressenza.com\/wp-content\/uploads\/2018\/03\/BF298E7E-3519-4DEC-94E2-D334A20E60C4-720x405.jpeg\" loading=\"lazy\">\n\t\t\t\t<figcaption>\n\t\t\t\t\t\n\t\t\t\t<\/figcaption>\n\t\t\t<\/figure>\n\t\t\t<figure class=\"post-gallery-item\">\n\t\t\t\t<img decoding=\"async\" src=\"https:\/\/www.pressenza.com\/wp-content\/uploads\/2018\/03\/4A8DCC88-3E6B-46E6-AEAD-85380CCDB867-720x418.jpeg\" loading=\"lazy\">\n\t\t\t\t<figcaption>\n\t\t\t\t\t\n\t\t\t\t<\/figcaption>\n\t\t\t<\/figure>\n\t\t\t<figure class=\"post-gallery-item\">\n\t\t\t\t<img decoding=\"async\" src=\"https:\/\/www.pressenza.com\/wp-content\/uploads\/2018\/03\/49E98F75-D7FE-4E1C-92BF-06EAD9AB3085-720x479.jpeg\" loading=\"lazy\">\n\t\t\t\t<figcaption>\n\t\t\t\t\t\n\t\t\t\t<\/figcaption>\n\t\t\t<\/figure>\n\t\t\t<figure class=\"post-gallery-item\">\n\t\t\t\t<img decoding=\"async\" src=\"https:\/\/www.pressenza.com\/wp-content\/uploads\/2018\/03\/6113B8EC-FA94-4A31-AD95-7D1E34797F63-720x479.jpeg\" loading=\"lazy\">\n\t\t\t\t<figcaption>\n\t\t\t\t\t\n\t\t\t\t<\/figcaption>\n\t\t\t<\/figure>\n\t\t\t<figure class=\"post-gallery-item\">\n\t\t\t\t<img decoding=\"async\" src=\"https:\/\/www.pressenza.com\/wp-content\/uploads\/2018\/03\/venezolanas-3-720x480.jpg\" loading=\"lazy\">\n\t\t\t\t<figcaption>\n\t\t\t\t\t\n\t\t\t\t<\/figcaption>\n\t\t\t<\/figure>\n\t\t\t<figure class=\"post-gallery-item\">\n\t\t\t\t<img decoding=\"async\" src=\"https:\/\/www.pressenza.com\/wp-content\/uploads\/2018\/03\/3D64C824-4550-49A7-848C-BE2B22A0411E-683x1024.jpeg\" loading=\"lazy\">\n\t\t\t\t<figcaption>\n\t\t\t\t\t\n\t\t\t\t<\/figcaption>\n\t\t\t<\/figure>\n\t\t\t<figure class=\"post-gallery-item\">\n\t\t\t\t<img decoding=\"async\" src=\"https:\/\/www.pressenza.com\/wp-content\/uploads\/2018\/03\/DC939570-ADA4-4FCC-87E7-775226D6C6EE-720x540.jpeg\" loading=\"lazy\">\n\t\t\t\t<figcaption>\n\t\t\t\t\t\n\t\t\t\t<\/figcaption>\n\t\t\t<\/figure>\n\t\t\t<figure class=\"post-gallery-item\">\n\t\t\t\t<img decoding=\"async\" src=\"https:\/\/www.pressenza.com\/wp-content\/uploads\/2018\/03\/C24262B0-74F8-47AF-A813-480F4553B9E8-720x480.jpeg\" loading=\"lazy\">\n\t\t\t\t<figcaption>\n\t\t\t\t\t\n\t\t\t\t<\/figcaption>\n\t\t\t<\/figure>\n\t\t\t<figure class=\"post-gallery-item\">\n\t\t\t\t<img decoding=\"async\" src=\"https:\/\/www.pressenza.com\/wp-content\/uploads\/2018\/03\/EF30A229-7271-4A4E-9112-53032375BDE3-720x374.jpeg\" loading=\"lazy\">\n\t\t\t\t<figcaption>\n\t\t\t\t\t\n\t\t\t\t<\/figcaption>\n\t\t\t<\/figure>\n\t\t\t<figure class=\"post-gallery-item\">\n\t\t\t\t<img decoding=\"async\" src=\"https:\/\/www.pressenza.com\/wp-content\/uploads\/2018\/03\/D6B44800-FD11-46FC-8C32-DD80E3B96750-720x356.jpeg\" loading=\"lazy\">\n\t\t\t\t<figcaption>\n\t\t\t\t\t\n\t\t\t\t<\/figcaption>\n\t\t\t<\/figure>\n\t\t\t<figure class=\"post-gallery-item\">\n\t\t\t\t<img decoding=\"async\" src=\"https:\/\/www.pressenza.com\/wp-content\/uploads\/2018\/03\/4BF6A584-0BEE-44F5-8A4C-5A74C5B8E630-720x363.jpeg\" loading=\"lazy\">\n\t\t\t\t<figcaption>\n\t\t\t\t\t\n\t\t\t\t<\/figcaption>\n\t\t\t<\/figure><\/div>\n<p>&nbsp;<\/p>\n<p>&nbsp;<\/p>\n<p>&nbsp;<\/p>\n","protected":false},"excerpt":{"rendered":"<p>Ceci est arriv\u00e9 ! Dans le monde entier (diaporama) : &nbsp; &nbsp; &nbsp;<\/p>\n","protected":false},"author":66,"featured_media":608895,"comment_status":"closed","ping_status":"closed","sticky":false,"template":"","format":"standard","meta":{"footnotes":""},"categories":[11386,98,40,5700],"tags":[35455,3374,2680,9648],"class_list":["post-611269","post","type-post","status-publish","format-standard","has-post-thumbnail","hentry","category-contenu-original","category-droits-de-lhomme","category-international-fr","category-reportages-photo","tag-8m","tag-femme","tag-journee","tag-journee-internationale-de-la-femme"],"yoast_head":"<!-- This site is optimized with the Yoast SEO plugin v27.1.1 - https:\/\/yoast.com\/product\/yoast-seo-wordpress\/ -->\n<title>Que s&#039;est-il pass\u00e9 lors de la Journ\u00e9e internationale de la femme 2018 ?<\/title>\n<meta name=\"description\" content=\"Ceci est arriv\u00e9 !  Dans le monde entier (diaporama) :    &nbsp;  &nbsp;  &nbsp;\" \/>\n<meta name=\"robots\" content=\"index, follow, max-snippet:-1, max-image-preview:large, max-video-preview:-1\" \/>\n<link rel=\"canonical\" href=\"https:\/\/www.pressenza.com\/fr\/2018\/03\/que-sest-il-passe-lors-de-la-journee-internationale-de-la-femme-2018\/\" \/>\n<meta property=\"og:locale\" content=\"fr_FR\" \/>\n<meta property=\"og:type\" content=\"article\" \/>\n<meta property=\"og:title\" content=\"Que s&#039;est-il pass\u00e9 lors de la Journ\u00e9e internationale de la femme 2018 ?\" \/>\n<meta property=\"og:description\" content=\"Ceci est arriv\u00e9 !  Dans le monde entier (diaporama) :    &nbsp;  &nbsp;  &nbsp;\" \/>\n<meta property=\"og:url\" content=\"https:\/\/www.pressenza.com\/fr\/2018\/03\/que-sest-il-passe-lors-de-la-journee-internationale-de-la-femme-2018\/\" \/>\n<meta property=\"og:site_name\" content=\"Pressenza\" \/>\n<meta property=\"article:publisher\" content=\"https:\/\/www.facebook.com\/PressenzaItalia\" \/>\n<meta property=\"article:author\" content=\"https:\/\/www.facebook.com\/silvia.swinden\" \/>\n<meta property=\"article:published_time\" content=\"2018-03-16T04:48:50+00:00\" \/>\n<meta property=\"article:modified_time\" content=\"2018-03-16T04:49:58+00:00\" \/>\n<meta property=\"og:image\" content=\"https:\/\/www.pressenza.com\/wp-content\/uploads\/2018\/03\/56B2DB0B-326F-4C5B-BAE7-F681C1D0AAF4.jpeg\" \/>\n\t<meta property=\"og:image:width\" content=\"2048\" \/>\n\t<meta property=\"og:image:height\" content=\"936\" \/>\n\t<meta property=\"og:image:type\" content=\"image\/jpeg\" \/>\n<meta name=\"author\" content=\"Silvia Swinden\" \/>\n<meta name=\"twitter:card\" content=\"summary_large_image\" \/>\n<meta name=\"twitter:creator\" content=\"@PressenzaIPA\" \/>\n<meta name=\"twitter:site\" content=\"@PressenzaIPA\" \/>\n<meta name=\"twitter:label1\" content=\"\u00c9crit par\" \/>\n\t<meta name=\"twitter:data1\" content=\"Silvia Swinden\" \/>\n<script type=\"application\/ld+json\" class=\"yoast-schema-graph\">{\"@context\":\"https:\/\/schema.org\",\"@graph\":[{\"@type\":\"Article\",\"@id\":\"https:\/\/www.pressenza.com\/fr\/2018\/03\/que-sest-il-passe-lors-de-la-journee-internationale-de-la-femme-2018\/#article\",\"isPartOf\":{\"@id\":\"https:\/\/www.pressenza.com\/fr\/2018\/03\/que-sest-il-passe-lors-de-la-journee-internationale-de-la-femme-2018\/\"},\"author\":{\"name\":\"Silvia Swinden\",\"@id\":\"https:\/\/www.pressenza.com\/fr\/#\/schema\/person\/3e897a9ceda3579beea4bb9a93021e17\"},\"headline\":\"Que s&rsquo;est-il pass\u00e9 lors de la Journ\u00e9e internationale de la femme 2018 ?\",\"datePublished\":\"2018-03-16T04:48:50+00:00\",\"dateModified\":\"2018-03-16T04:49:58+00:00\",\"mainEntityOfPage\":{\"@id\":\"https:\/\/www.pressenza.com\/fr\/2018\/03\/que-sest-il-passe-lors-de-la-journee-internationale-de-la-femme-2018\/\"},\"wordCount\":26,\"publisher\":{\"@id\":\"https:\/\/www.pressenza.com\/fr\/#organization\"},\"image\":{\"@id\":\"https:\/\/www.pressenza.com\/fr\/2018\/03\/que-sest-il-passe-lors-de-la-journee-internationale-de-la-femme-2018\/#primaryimage\"},\"thumbnailUrl\":\"https:\/\/www.pressenza.com\/wp-content\/uploads\/2018\/03\/56B2DB0B-326F-4C5B-BAE7-F681C1D0AAF4.jpeg\",\"keywords\":[\"8M\",\"femme\",\"Journ\u00e9e\",\"Journ\u00e9e Internationale de la femme\"],\"articleSection\":[\"Contenu Original\",\"Droits humains\",\"International\",\"Reportages photo\"],\"inLanguage\":\"fr-FR\"},{\"@type\":\"WebPage\",\"@id\":\"https:\/\/www.pressenza.com\/fr\/2018\/03\/que-sest-il-passe-lors-de-la-journee-internationale-de-la-femme-2018\/\",\"url\":\"https:\/\/www.pressenza.com\/fr\/2018\/03\/que-sest-il-passe-lors-de-la-journee-internationale-de-la-femme-2018\/\",\"name\":\"Que s'est-il pass\u00e9 lors de la Journ\u00e9e internationale de la femme 2018 ?\",\"isPartOf\":{\"@id\":\"https:\/\/www.pressenza.com\/fr\/#website\"},\"primaryImageOfPage\":{\"@id\":\"https:\/\/www.pressenza.com\/fr\/2018\/03\/que-sest-il-passe-lors-de-la-journee-internationale-de-la-femme-2018\/#primaryimage\"},\"image\":{\"@id\":\"https:\/\/www.pressenza.com\/fr\/2018\/03\/que-sest-il-passe-lors-de-la-journee-internationale-de-la-femme-2018\/#primaryimage\"},\"thumbnailUrl\":\"https:\/\/www.pressenza.com\/wp-content\/uploads\/2018\/03\/56B2DB0B-326F-4C5B-BAE7-F681C1D0AAF4.jpeg\",\"datePublished\":\"2018-03-16T04:48:50+00:00\",\"dateModified\":\"2018-03-16T04:49:58+00:00\",\"description\":\"Ceci est arriv\u00e9 ! Dans le monde entier (diaporama) : &nbsp; &nbsp; &nbsp;\",\"breadcrumb\":{\"@id\":\"https:\/\/www.pressenza.com\/fr\/2018\/03\/que-sest-il-passe-lors-de-la-journee-internationale-de-la-femme-2018\/#breadcrumb\"},\"inLanguage\":\"fr-FR\",\"potentialAction\":[{\"@type\":\"ReadAction\",\"target\":[\"https:\/\/www.pressenza.com\/fr\/2018\/03\/que-sest-il-passe-lors-de-la-journee-internationale-de-la-femme-2018\/\"]}]},{\"@type\":\"ImageObject\",\"inLanguage\":\"fr-FR\",\"@id\":\"https:\/\/www.pressenza.com\/fr\/2018\/03\/que-sest-il-passe-lors-de-la-journee-internationale-de-la-femme-2018\/#primaryimage\",\"url\":\"https:\/\/www.pressenza.com\/wp-content\/uploads\/2018\/03\/56B2DB0B-326F-4C5B-BAE7-F681C1D0AAF4.jpeg\",\"contentUrl\":\"https:\/\/www.pressenza.com\/wp-content\/uploads\/2018\/03\/56B2DB0B-326F-4C5B-BAE7-F681C1D0AAF4.jpeg\",\"width\":2048,\"height\":936},{\"@type\":\"BreadcrumbList\",\"@id\":\"https:\/\/www.pressenza.com\/fr\/2018\/03\/que-sest-il-passe-lors-de-la-journee-internationale-de-la-femme-2018\/#breadcrumb\",\"itemListElement\":[{\"@type\":\"ListItem\",\"position\":1,\"name\":\"Accueil\",\"item\":\"https:\/\/www.pressenza.com\/fr\/\"},{\"@type\":\"ListItem\",\"position\":2,\"name\":\"Que s&rsquo;est-il pass\u00e9 lors de la Journ\u00e9e internationale de la femme 2018 ?\"}]},{\"@type\":\"WebSite\",\"@id\":\"https:\/\/www.pressenza.com\/fr\/#website\",\"url\":\"https:\/\/www.pressenza.com\/fr\/\",\"name\":\"Pressenza\",\"description\":\"International Press Agency\",\"publisher\":{\"@id\":\"https:\/\/www.pressenza.com\/fr\/#organization\"},\"potentialAction\":[{\"@type\":\"SearchAction\",\"target\":{\"@type\":\"EntryPoint\",\"urlTemplate\":\"https:\/\/www.pressenza.com\/fr\/?s={search_term_string}\"},\"query-input\":{\"@type\":\"PropertyValueSpecification\",\"valueRequired\":true,\"valueName\":\"search_term_string\"}}],\"inLanguage\":\"fr-FR\"},{\"@type\":\"Organization\",\"@id\":\"https:\/\/www.pressenza.com\/fr\/#organization\",\"name\":\"Pressenza\",\"url\":\"https:\/\/www.pressenza.com\/fr\/\",\"logo\":{\"@type\":\"ImageObject\",\"inLanguage\":\"fr-FR\",\"@id\":\"https:\/\/www.pressenza.com\/fr\/#\/schema\/logo\/image\/\",\"url\":\"https:\/\/www.pressenza.com\/wp-content\/uploads\/2022\/10\/pressenza_logo_200x200.jpg\",\"contentUrl\":\"https:\/\/www.pressenza.com\/wp-content\/uploads\/2022\/10\/pressenza_logo_200x200.jpg\",\"width\":200,\"height\":200,\"caption\":\"Pressenza\"},\"image\":{\"@id\":\"https:\/\/www.pressenza.com\/fr\/#\/schema\/logo\/image\/\"},\"sameAs\":[\"https:\/\/www.facebook.com\/PressenzaItalia\",\"https:\/\/x.com\/PressenzaIPA\"]},{\"@type\":\"Person\",\"@id\":\"https:\/\/www.pressenza.com\/fr\/#\/schema\/person\/3e897a9ceda3579beea4bb9a93021e17\",\"name\":\"Silvia Swinden\",\"description\":\"Silvia Swinden - Author of \u201cFrom Monkey Sapiens to Homo Intentional: The Phenomenology of the Nonviolent Revolution\u201d \u2013 Adonis &amp; Abbey, London 2006. Pressenza London Editor\",\"sameAs\":[\"https:\/\/www.facebook.com\/silvia.swinden\"],\"url\":\"https:\/\/www.pressenza.com\/fr\/author\/silvia-swinden\/\"}]}<\/script>\n<!-- \/ Yoast SEO plugin. -->","yoast_head_json":{"title":"Que s'est-il pass\u00e9 lors de la Journ\u00e9e internationale de la femme 2018 ?","description":"Ceci est arriv\u00e9 !  Dans le monde entier (diaporama) :    &nbsp;  &nbsp;  &nbsp;","robots":{"index":"index","follow":"follow","max-snippet":"max-snippet:-1","max-image-preview":"max-image-preview:large","max-video-preview":"max-video-preview:-1"},"canonical":"https:\/\/www.pressenza.com\/fr\/2018\/03\/que-sest-il-passe-lors-de-la-journee-internationale-de-la-femme-2018\/","og_locale":"fr_FR","og_type":"article","og_title":"Que s'est-il pass\u00e9 lors de la Journ\u00e9e internationale de la femme 2018 ?","og_description":"Ceci est arriv\u00e9 !  Dans le monde entier (diaporama) :    &nbsp;  &nbsp;  &nbsp;","og_url":"https:\/\/www.pressenza.com\/fr\/2018\/03\/que-sest-il-passe-lors-de-la-journee-internationale-de-la-femme-2018\/","og_site_name":"Pressenza","article_publisher":"https:\/\/www.facebook.com\/PressenzaItalia","article_author":"https:\/\/www.facebook.com\/silvia.swinden","article_published_time":"2018-03-16T04:48:50+00:00","article_modified_time":"2018-03-16T04:49:58+00:00","og_image":[{"width":2048,"height":936,"url":"https:\/\/www.pressenza.com\/wp-content\/uploads\/2018\/03\/56B2DB0B-326F-4C5B-BAE7-F681C1D0AAF4.jpeg","type":"image\/jpeg"}],"author":"Silvia Swinden","twitter_card":"summary_large_image","twitter_creator":"@PressenzaIPA","twitter_site":"@PressenzaIPA","twitter_misc":{"\u00c9crit par":"Silvia Swinden"},"schema":{"@context":"https:\/\/schema.org","@graph":[{"@type":"Article","@id":"https:\/\/www.pressenza.com\/fr\/2018\/03\/que-sest-il-passe-lors-de-la-journee-internationale-de-la-femme-2018\/#article","isPartOf":{"@id":"https:\/\/www.pressenza.com\/fr\/2018\/03\/que-sest-il-passe-lors-de-la-journee-internationale-de-la-femme-2018\/"},"author":{"name":"Silvia Swinden","@id":"https:\/\/www.pressenza.com\/fr\/#\/schema\/person\/3e897a9ceda3579beea4bb9a93021e17"},"headline":"Que s&rsquo;est-il pass\u00e9 lors de la Journ\u00e9e internationale de la femme 2018 ?","datePublished":"2018-03-16T04:48:50+00:00","dateModified":"2018-03-16T04:49:58+00:00","mainEntityOfPage":{"@id":"https:\/\/www.pressenza.com\/fr\/2018\/03\/que-sest-il-passe-lors-de-la-journee-internationale-de-la-femme-2018\/"},"wordCount":26,"publisher":{"@id":"https:\/\/www.pressenza.com\/fr\/#organization"},"image":{"@id":"https:\/\/www.pressenza.com\/fr\/2018\/03\/que-sest-il-passe-lors-de-la-journee-internationale-de-la-femme-2018\/#primaryimage"},"thumbnailUrl":"https:\/\/www.pressenza.com\/wp-content\/uploads\/2018\/03\/56B2DB0B-326F-4C5B-BAE7-F681C1D0AAF4.jpeg","keywords":["8M","femme","Journ\u00e9e","Journ\u00e9e Internationale de la femme"],"articleSection":["Contenu Original","Droits humains","International","Reportages photo"],"inLanguage":"fr-FR"},{"@type":"WebPage","@id":"https:\/\/www.pressenza.com\/fr\/2018\/03\/que-sest-il-passe-lors-de-la-journee-internationale-de-la-femme-2018\/","url":"https:\/\/www.pressenza.com\/fr\/2018\/03\/que-sest-il-passe-lors-de-la-journee-internationale-de-la-femme-2018\/","name":"Que s'est-il pass\u00e9 lors de la Journ\u00e9e internationale de la femme 2018 ?","isPartOf":{"@id":"https:\/\/www.pressenza.com\/fr\/#website"},"primaryImageOfPage":{"@id":"https:\/\/www.pressenza.com\/fr\/2018\/03\/que-sest-il-passe-lors-de-la-journee-internationale-de-la-femme-2018\/#primaryimage"},"image":{"@id":"https:\/\/www.pressenza.com\/fr\/2018\/03\/que-sest-il-passe-lors-de-la-journee-internationale-de-la-femme-2018\/#primaryimage"},"thumbnailUrl":"https:\/\/www.pressenza.com\/wp-content\/uploads\/2018\/03\/56B2DB0B-326F-4C5B-BAE7-F681C1D0AAF4.jpeg","datePublished":"2018-03-16T04:48:50+00:00","dateModified":"2018-03-16T04:49:58+00:00","description":"Ceci est arriv\u00e9 ! Dans le monde entier (diaporama) : &nbsp; &nbsp; &nbsp;","breadcrumb":{"@id":"https:\/\/www.pressenza.com\/fr\/2018\/03\/que-sest-il-passe-lors-de-la-journee-internationale-de-la-femme-2018\/#breadcrumb"},"inLanguage":"fr-FR","potentialAction":[{"@type":"ReadAction","target":["https:\/\/www.pressenza.com\/fr\/2018\/03\/que-sest-il-passe-lors-de-la-journee-internationale-de-la-femme-2018\/"]}]},{"@type":"ImageObject","inLanguage":"fr-FR","@id":"https:\/\/www.pressenza.com\/fr\/2018\/03\/que-sest-il-passe-lors-de-la-journee-internationale-de-la-femme-2018\/#primaryimage","url":"https:\/\/www.pressenza.com\/wp-content\/uploads\/2018\/03\/56B2DB0B-326F-4C5B-BAE7-F681C1D0AAF4.jpeg","contentUrl":"https:\/\/www.pressenza.com\/wp-content\/uploads\/2018\/03\/56B2DB0B-326F-4C5B-BAE7-F681C1D0AAF4.jpeg","width":2048,"height":936},{"@type":"BreadcrumbList","@id":"https:\/\/www.pressenza.com\/fr\/2018\/03\/que-sest-il-passe-lors-de-la-journee-internationale-de-la-femme-2018\/#breadcrumb","itemListElement":[{"@type":"ListItem","position":1,"name":"Accueil","item":"https:\/\/www.pressenza.com\/fr\/"},{"@type":"ListItem","position":2,"name":"Que s&rsquo;est-il pass\u00e9 lors de la Journ\u00e9e internationale de la femme 2018 ?"}]},{"@type":"WebSite","@id":"https:\/\/www.pressenza.com\/fr\/#website","url":"https:\/\/www.pressenza.com\/fr\/","name":"Pressenza","description":"International Press Agency","publisher":{"@id":"https:\/\/www.pressenza.com\/fr\/#organization"},"potentialAction":[{"@type":"SearchAction","target":{"@type":"EntryPoint","urlTemplate":"https:\/\/www.pressenza.com\/fr\/?s={search_term_string}"},"query-input":{"@type":"PropertyValueSpecification","valueRequired":true,"valueName":"search_term_string"}}],"inLanguage":"fr-FR"},{"@type":"Organization","@id":"https:\/\/www.pressenza.com\/fr\/#organization","name":"Pressenza","url":"https:\/\/www.pressenza.com\/fr\/","logo":{"@type":"ImageObject","inLanguage":"fr-FR","@id":"https:\/\/www.pressenza.com\/fr\/#\/schema\/logo\/image\/","url":"https:\/\/www.pressenza.com\/wp-content\/uploads\/2022\/10\/pressenza_logo_200x200.jpg","contentUrl":"https:\/\/www.pressenza.com\/wp-content\/uploads\/2022\/10\/pressenza_logo_200x200.jpg","width":200,"height":200,"caption":"Pressenza"},"image":{"@id":"https:\/\/www.pressenza.com\/fr\/#\/schema\/logo\/image\/"},"sameAs":["https:\/\/www.facebook.com\/PressenzaItalia","https:\/\/x.com\/PressenzaIPA"]},{"@type":"Person","@id":"https:\/\/www.pressenza.com\/fr\/#\/schema\/person\/3e897a9ceda3579beea4bb9a93021e17","name":"Silvia Swinden","description":"Silvia Swinden - Author of \u201cFrom Monkey Sapiens to Homo Intentional: The Phenomenology of the Nonviolent Revolution\u201d \u2013 Adonis &amp; Abbey, London 2006. Pressenza London Editor","sameAs":["https:\/\/www.facebook.com\/silvia.swinden"],"url":"https:\/\/www.pressenza.com\/fr\/author\/silvia-swinden\/"}]}},"place":"","original_article_url":"","_links":{"self":[{"href":"https:\/\/www.pressenza.com\/fr\/wp-json\/wp\/v2\/posts\/611269","targetHints":{"allow":["GET"]}}],"collection":[{"href":"https:\/\/www.pressenza.com\/fr\/wp-json\/wp\/v2\/posts"}],"about":[{"href":"https:\/\/www.pressenza.com\/fr\/wp-json\/wp\/v2\/types\/post"}],"author":[{"embeddable":true,"href":"https:\/\/www.pressenza.com\/fr\/wp-json\/wp\/v2\/users\/66"}],"replies":[{"embeddable":true,"href":"https:\/\/www.pressenza.com\/fr\/wp-json\/wp\/v2\/comments?post=611269"}],"version-history":[{"count":0,"href":"https:\/\/www.pressenza.com\/fr\/wp-json\/wp\/v2\/posts\/611269\/revisions"}],"wp:featuredmedia":[{"embeddable":true,"href":"https:\/\/www.pressenza.com\/fr\/wp-json\/wp\/v2\/media\/608895"}],"wp:attachment":[{"href":"https:\/\/www.pressenza.com\/fr\/wp-json\/wp\/v2\/media?parent=611269"}],"wp:term":[{"taxonomy":"category","embeddable":true,"href":"https:\/\/www.pressenza.com\/fr\/wp-json\/wp\/v2\/categories?post=611269"},{"taxonomy":"post_tag","embeddable":true,"href":"https:\/\/www.pressenza.com\/fr\/wp-json\/wp\/v2\/tags?post=611269"}],"curies":[{"name":"wp","href":"https:\/\/api.w.org\/{rel}","templated":true}]}}