{"id":605110,"date":"2018-03-06T22:53:19","date_gmt":"2018-03-06T22:53:19","guid":{"rendered":"https:\/\/www.pressenza.com\/?p=605110"},"modified":"2018-03-06T22:54:05","modified_gmt":"2018-03-06T22:54:05","slug":"evo-morales-propose-aux-indigenes-de-concevoir-citoyennete-internationale","status":"publish","type":"post","link":"https:\/\/www.pressenza.com\/fr\/2018\/03\/evo-morales-propose-aux-indigenes-de-concevoir-citoyennete-internationale\/","title":{"rendered":"Evo Morales propose aux indig\u00e8nes de concevoir la citoyennet\u00e9 internationale"},"content":{"rendered":"<p><strong>Morales incite les indig\u00e8nes de quatre continents \u00e0 demander la citoyennet\u00e9 internationale aupr\u00e8s de l\u2019ONU.<\/strong><\/p>\n<p>Le pr\u00e9sident Evo Morales a incit\u00e9 ce mardi les indig\u00e8nes de quatre continents du monde \u00e0 demander l\u2019approbation de la citoyennet\u00e9 universelle aupr\u00e8s de l\u2019Organisation des Nations Unies (ONU), en opposition \u00e0 la pr\u00e9tention de construire des murs physiques et politiques tel que celui promut par le mandataire nord-am\u00e9ricain Donald Trump.<\/p>\n<p>Durant l\u2019acte qui a inaugur\u00e9 la XVII session pr\u00e9paratoire du Forum Permanent des Questions Indig\u00e8nes de l\u2019ONU \u00e0 Sucre, Morales a soulign\u00e9 que \u00ab\u00a0<em>le milieu indig\u00e8ne n\u2019est pas discriminatoire\u00a0<\/em>\u00bb et qu\u2019il \u00ab\u00a0<em>n\u2019a jamais exclu <\/em>\u00bb.<\/p>\n<p><em>\u00ab\u00a0Pour cela nous avons d\u00e9cid\u00e9, en tant que mouvements sociaux depuis la Bolivie, de concevoir la citoyennet\u00e9 universelle. En tant que fils de la Terre M\u00e8re, nous pouvons tous demeurer l\u00e0 o\u00f9 nous pouvons vivre, sans murs, sans discrimination, sans racisme, c\u2019est l\u2019autre obligation que nous avons en tant que fr\u00e8res dirigeants du mouvement indig\u00e8ne aupr\u00e8s des Nations Unies<\/em>\u00a0\u00bb a \u2013t-il dit.<\/p>\n<p>Le mandataire bolivien a insist\u00e9 sur cet objectif \u00e0 travers son compte Twitter et a rappel\u00e9 que jusqu\u2019\u00e0 pr\u00e9sent <strong>seule la Bolivie a ratifi\u00e9 la r\u00e9solution de l\u2019ONU sur les droits des peuples autochtones et l\u2019a inclue dans sa Constitution.<\/strong><\/p>\n<p>En juin 2017, la Bolivie a organis\u00e9 la \u201cConf\u00e9rence Mondiale des Peuples pour un Monde sans Murs vers la Citoyennet\u00e9 Universelle\u201d qui a \u00e9tablit le chemin vers un pacte mondial sur les r\u00e9fugi\u00e9s et la migration apr\u00e8s que le pr\u00e9sident nord-am\u00e9ricain ait concr\u00e9tis\u00e9 l\u2019expulsion des migrants par une politique d\u2019Etat.<\/p>\n<p>Pour Morales, cette rencontre internationale place la Bolivie au premier rang de la d\u00e9fense des droits et de la vie de millions de personnes d\u00e9plac\u00e9es sur la plan\u00e8te, \u00e0 travers la culture de la fraternit\u00e9, sans races ni fronti\u00e8res.<\/p>\n<p>Lors de cette rencontre, Morales a demand\u00e9 de ne pas \u201c<em>criminaliser et faire chanter<\/em>\u201d les migrants et r\u00e9fugi\u00e9s de la plan\u00e8te.<\/p>\n<p>&nbsp;<\/p>\n<p><em>Traduction de l&rsquo;espagnol : Romane Vilain<\/em><\/p>\n","protected":false},"excerpt":{"rendered":"<p>Morales incite les indig\u00e8nes de quatre continents \u00e0 demander la citoyennet\u00e9 internationale aupr\u00e8s de l\u2019ONU. Le pr\u00e9sident Evo Morales a incit\u00e9 ce mardi les indig\u00e8nes de quatre continents du monde \u00e0 demander l\u2019approbation de la citoyennet\u00e9 universelle aupr\u00e8s de l\u2019Organisation&hellip;<\/p>\n","protected":false},"author":127,"featured_media":602910,"comment_status":"closed","ping_status":"closed","sticky":false,"template":"","format":"standard","meta":{"footnotes":""},"categories":[86,163,99],"tags":[1534,44180,1535,43261,7900],"class_list":["post-605110","post","type-post","status-publish","format-standard","has-post-thumbnail","hentry","category-amerique-du-sud","category-opinion-fr","category-peuples-autochtones","tag-bolivie","tag-citoyennete-internationale","tag-evo-morales-fr","tag-indigenes","tag-sucre"],"yoast_head":"<!-- This site is optimized with the Yoast SEO plugin v27.1.1 - https:\/\/yoast.com\/product\/yoast-seo-wordpress\/ -->\n<title>Evo Morales propose aux indig\u00e8nes de concevoir la citoyennet\u00e9 internationale<\/title>\n<meta name=\"description\" content=\"Morales incite les indig\u00e8nes de quatre continents \u00e0 demander la citoyennet\u00e9 internationale aupr\u00e8s de l\u2019ONU. Le pr\u00e9sident Evo Morales a incit\u00e9 ce mardi les\" \/>\n<meta name=\"robots\" content=\"index, follow, max-snippet:-1, max-image-preview:large, max-video-preview:-1\" \/>\n<link rel=\"canonical\" href=\"https:\/\/www.pressenza.com\/fr\/2018\/03\/evo-morales-propose-aux-indigenes-de-concevoir-citoyennete-internationale\/\" \/>\n<meta property=\"og:locale\" content=\"fr_FR\" \/>\n<meta property=\"og:type\" content=\"article\" \/>\n<meta property=\"og:title\" content=\"Evo Morales propose aux indig\u00e8nes de concevoir la citoyennet\u00e9 internationale\" \/>\n<meta property=\"og:description\" content=\"Morales incite les indig\u00e8nes de quatre continents \u00e0 demander la citoyennet\u00e9 internationale aupr\u00e8s de l\u2019ONU. Le pr\u00e9sident Evo Morales a incit\u00e9 ce mardi les\" \/>\n<meta property=\"og:url\" content=\"https:\/\/www.pressenza.com\/fr\/2018\/03\/evo-morales-propose-aux-indigenes-de-concevoir-citoyennete-internationale\/\" \/>\n<meta property=\"og:site_name\" content=\"Pressenza\" \/>\n<meta property=\"article:publisher\" content=\"https:\/\/www.facebook.com\/PressenzaItalia\" \/>\n<meta property=\"article:published_time\" content=\"2018-03-06T22:53:19+00:00\" \/>\n<meta property=\"article:modified_time\" content=\"2018-03-06T22:54:05+00:00\" \/>\n<meta property=\"og:image\" content=\"https:\/\/www.pressenza.com\/wp-content\/uploads\/2018\/03\/ABI.jpg\" \/>\n\t<meta property=\"og:image:width\" content=\"1024\" \/>\n\t<meta property=\"og:image:height\" content=\"683\" \/>\n\t<meta property=\"og:image:type\" content=\"image\/jpeg\" \/>\n<meta name=\"author\" content=\"Agencia Boliviana de Informaci\u00f3n - ABI\" \/>\n<meta name=\"twitter:card\" content=\"summary_large_image\" \/>\n<meta name=\"twitter:creator\" content=\"@mincombolivia\" \/>\n<meta name=\"twitter:site\" content=\"@PressenzaIPA\" \/>\n<meta name=\"twitter:label1\" content=\"\u00c9crit par\" \/>\n\t<meta name=\"twitter:data1\" content=\"Agencia Boliviana de Informaci\u00f3n - ABI\" \/>\n\t<meta name=\"twitter:label2\" content=\"Dur\u00e9e de lecture estim\u00e9e\" \/>\n\t<meta name=\"twitter:data2\" content=\"2 minutes\" \/>\n<script type=\"application\/ld+json\" class=\"yoast-schema-graph\">{\"@context\":\"https:\/\/schema.org\",\"@graph\":[{\"@type\":\"Article\",\"@id\":\"https:\/\/www.pressenza.com\/fr\/2018\/03\/evo-morales-propose-aux-indigenes-de-concevoir-citoyennete-internationale\/#article\",\"isPartOf\":{\"@id\":\"https:\/\/www.pressenza.com\/fr\/2018\/03\/evo-morales-propose-aux-indigenes-de-concevoir-citoyennete-internationale\/\"},\"author\":{\"name\":\"Agencia Boliviana de Informaci\u00f3n - ABI\",\"@id\":\"https:\/\/www.pressenza.com\/fr\/#\/schema\/person\/3fe2a62cf8f5fea54fc87abcec98dcb4\"},\"headline\":\"Evo Morales propose aux indig\u00e8nes de concevoir la citoyennet\u00e9 internationale\",\"datePublished\":\"2018-03-06T22:53:19+00:00\",\"dateModified\":\"2018-03-06T22:54:05+00:00\",\"mainEntityOfPage\":{\"@id\":\"https:\/\/www.pressenza.com\/fr\/2018\/03\/evo-morales-propose-aux-indigenes-de-concevoir-citoyennete-internationale\/\"},\"wordCount\":369,\"publisher\":{\"@id\":\"https:\/\/www.pressenza.com\/fr\/#organization\"},\"image\":{\"@id\":\"https:\/\/www.pressenza.com\/fr\/2018\/03\/evo-morales-propose-aux-indigenes-de-concevoir-citoyennete-internationale\/#primaryimage\"},\"thumbnailUrl\":\"https:\/\/www.pressenza.com\/wp-content\/uploads\/2018\/03\/ABI.jpg\",\"keywords\":[\"Bolivie\",\"citoyennet\u00e9 internationale\",\"Evo Morales\",\"indig\u00e8nes\",\"sucre\"],\"articleSection\":[\"Am\u00e9rique du Sud\",\"Opinion\",\"Peuples originaires\"],\"inLanguage\":\"fr-FR\"},{\"@type\":\"WebPage\",\"@id\":\"https:\/\/www.pressenza.com\/fr\/2018\/03\/evo-morales-propose-aux-indigenes-de-concevoir-citoyennete-internationale\/\",\"url\":\"https:\/\/www.pressenza.com\/fr\/2018\/03\/evo-morales-propose-aux-indigenes-de-concevoir-citoyennete-internationale\/\",\"name\":\"Evo Morales propose aux indig\u00e8nes de concevoir la citoyennet\u00e9 internationale\",\"isPartOf\":{\"@id\":\"https:\/\/www.pressenza.com\/fr\/#website\"},\"primaryImageOfPage\":{\"@id\":\"https:\/\/www.pressenza.com\/fr\/2018\/03\/evo-morales-propose-aux-indigenes-de-concevoir-citoyennete-internationale\/#primaryimage\"},\"image\":{\"@id\":\"https:\/\/www.pressenza.com\/fr\/2018\/03\/evo-morales-propose-aux-indigenes-de-concevoir-citoyennete-internationale\/#primaryimage\"},\"thumbnailUrl\":\"https:\/\/www.pressenza.com\/wp-content\/uploads\/2018\/03\/ABI.jpg\",\"datePublished\":\"2018-03-06T22:53:19+00:00\",\"dateModified\":\"2018-03-06T22:54:05+00:00\",\"description\":\"Morales incite les indig\u00e8nes de quatre continents \u00e0 demander la citoyennet\u00e9 internationale aupr\u00e8s de l\u2019ONU. Le pr\u00e9sident Evo Morales a incit\u00e9 ce mardi les\",\"breadcrumb\":{\"@id\":\"https:\/\/www.pressenza.com\/fr\/2018\/03\/evo-morales-propose-aux-indigenes-de-concevoir-citoyennete-internationale\/#breadcrumb\"},\"inLanguage\":\"fr-FR\",\"potentialAction\":[{\"@type\":\"ReadAction\",\"target\":[\"https:\/\/www.pressenza.com\/fr\/2018\/03\/evo-morales-propose-aux-indigenes-de-concevoir-citoyennete-internationale\/\"]}]},{\"@type\":\"ImageObject\",\"inLanguage\":\"fr-FR\",\"@id\":\"https:\/\/www.pressenza.com\/fr\/2018\/03\/evo-morales-propose-aux-indigenes-de-concevoir-citoyennete-internationale\/#primaryimage\",\"url\":\"https:\/\/www.pressenza.com\/wp-content\/uploads\/2018\/03\/ABI.jpg\",\"contentUrl\":\"https:\/\/www.pressenza.com\/wp-content\/uploads\/2018\/03\/ABI.jpg\",\"width\":1024,\"height\":683},{\"@type\":\"BreadcrumbList\",\"@id\":\"https:\/\/www.pressenza.com\/fr\/2018\/03\/evo-morales-propose-aux-indigenes-de-concevoir-citoyennete-internationale\/#breadcrumb\",\"itemListElement\":[{\"@type\":\"ListItem\",\"position\":1,\"name\":\"Accueil\",\"item\":\"https:\/\/www.pressenza.com\/fr\/\"},{\"@type\":\"ListItem\",\"position\":2,\"name\":\"Evo Morales propose aux indig\u00e8nes de concevoir la citoyennet\u00e9 internationale\"}]},{\"@type\":\"WebSite\",\"@id\":\"https:\/\/www.pressenza.com\/fr\/#website\",\"url\":\"https:\/\/www.pressenza.com\/fr\/\",\"name\":\"Pressenza\",\"description\":\"International Press Agency\",\"publisher\":{\"@id\":\"https:\/\/www.pressenza.com\/fr\/#organization\"},\"potentialAction\":[{\"@type\":\"SearchAction\",\"target\":{\"@type\":\"EntryPoint\",\"urlTemplate\":\"https:\/\/www.pressenza.com\/fr\/?s={search_term_string}\"},\"query-input\":{\"@type\":\"PropertyValueSpecification\",\"valueRequired\":true,\"valueName\":\"search_term_string\"}}],\"inLanguage\":\"fr-FR\"},{\"@type\":\"Organization\",\"@id\":\"https:\/\/www.pressenza.com\/fr\/#organization\",\"name\":\"Pressenza\",\"url\":\"https:\/\/www.pressenza.com\/fr\/\",\"logo\":{\"@type\":\"ImageObject\",\"inLanguage\":\"fr-FR\",\"@id\":\"https:\/\/www.pressenza.com\/fr\/#\/schema\/logo\/image\/\",\"url\":\"https:\/\/www.pressenza.com\/wp-content\/uploads\/2022\/10\/pressenza_logo_200x200.jpg\",\"contentUrl\":\"https:\/\/www.pressenza.com\/wp-content\/uploads\/2022\/10\/pressenza_logo_200x200.jpg\",\"width\":200,\"height\":200,\"caption\":\"Pressenza\"},\"image\":{\"@id\":\"https:\/\/www.pressenza.com\/fr\/#\/schema\/logo\/image\/\"},\"sameAs\":[\"https:\/\/www.facebook.com\/PressenzaItalia\",\"https:\/\/x.com\/PressenzaIPA\"]},{\"@type\":\"Person\",\"@id\":\"https:\/\/www.pressenza.com\/fr\/#\/schema\/person\/3fe2a62cf8f5fea54fc87abcec98dcb4\",\"name\":\"Agencia Boliviana de Informaci\u00f3n - ABI\",\"description\":\"www.abi.bo\",\"sameAs\":[\"https:\/\/x.com\/mincombolivia\"],\"url\":\"https:\/\/www.pressenza.com\/fr\/author\/agencia-boliviana-de-informacion-abi\/\"}]}<\/script>\n<!-- \/ Yoast SEO plugin. -->","yoast_head_json":{"title":"Evo Morales propose aux indig\u00e8nes de concevoir la citoyennet\u00e9 internationale","description":"Morales incite les indig\u00e8nes de quatre continents \u00e0 demander la citoyennet\u00e9 internationale aupr\u00e8s de l\u2019ONU. Le pr\u00e9sident Evo Morales a incit\u00e9 ce mardi les","robots":{"index":"index","follow":"follow","max-snippet":"max-snippet:-1","max-image-preview":"max-image-preview:large","max-video-preview":"max-video-preview:-1"},"canonical":"https:\/\/www.pressenza.com\/fr\/2018\/03\/evo-morales-propose-aux-indigenes-de-concevoir-citoyennete-internationale\/","og_locale":"fr_FR","og_type":"article","og_title":"Evo Morales propose aux indig\u00e8nes de concevoir la citoyennet\u00e9 internationale","og_description":"Morales incite les indig\u00e8nes de quatre continents \u00e0 demander la citoyennet\u00e9 internationale aupr\u00e8s de l\u2019ONU. Le pr\u00e9sident Evo Morales a incit\u00e9 ce mardi les","og_url":"https:\/\/www.pressenza.com\/fr\/2018\/03\/evo-morales-propose-aux-indigenes-de-concevoir-citoyennete-internationale\/","og_site_name":"Pressenza","article_publisher":"https:\/\/www.facebook.com\/PressenzaItalia","article_published_time":"2018-03-06T22:53:19+00:00","article_modified_time":"2018-03-06T22:54:05+00:00","og_image":[{"width":1024,"height":683,"url":"https:\/\/www.pressenza.com\/wp-content\/uploads\/2018\/03\/ABI.jpg","type":"image\/jpeg"}],"author":"Agencia Boliviana de Informaci\u00f3n - ABI","twitter_card":"summary_large_image","twitter_creator":"@mincombolivia","twitter_site":"@PressenzaIPA","twitter_misc":{"\u00c9crit par":"Agencia Boliviana de Informaci\u00f3n - ABI","Dur\u00e9e de lecture estim\u00e9e":"2 minutes"},"schema":{"@context":"https:\/\/schema.org","@graph":[{"@type":"Article","@id":"https:\/\/www.pressenza.com\/fr\/2018\/03\/evo-morales-propose-aux-indigenes-de-concevoir-citoyennete-internationale\/#article","isPartOf":{"@id":"https:\/\/www.pressenza.com\/fr\/2018\/03\/evo-morales-propose-aux-indigenes-de-concevoir-citoyennete-internationale\/"},"author":{"name":"Agencia Boliviana de Informaci\u00f3n - ABI","@id":"https:\/\/www.pressenza.com\/fr\/#\/schema\/person\/3fe2a62cf8f5fea54fc87abcec98dcb4"},"headline":"Evo Morales propose aux indig\u00e8nes de concevoir la citoyennet\u00e9 internationale","datePublished":"2018-03-06T22:53:19+00:00","dateModified":"2018-03-06T22:54:05+00:00","mainEntityOfPage":{"@id":"https:\/\/www.pressenza.com\/fr\/2018\/03\/evo-morales-propose-aux-indigenes-de-concevoir-citoyennete-internationale\/"},"wordCount":369,"publisher":{"@id":"https:\/\/www.pressenza.com\/fr\/#organization"},"image":{"@id":"https:\/\/www.pressenza.com\/fr\/2018\/03\/evo-morales-propose-aux-indigenes-de-concevoir-citoyennete-internationale\/#primaryimage"},"thumbnailUrl":"https:\/\/www.pressenza.com\/wp-content\/uploads\/2018\/03\/ABI.jpg","keywords":["Bolivie","citoyennet\u00e9 internationale","Evo Morales","indig\u00e8nes","sucre"],"articleSection":["Am\u00e9rique du Sud","Opinion","Peuples originaires"],"inLanguage":"fr-FR"},{"@type":"WebPage","@id":"https:\/\/www.pressenza.com\/fr\/2018\/03\/evo-morales-propose-aux-indigenes-de-concevoir-citoyennete-internationale\/","url":"https:\/\/www.pressenza.com\/fr\/2018\/03\/evo-morales-propose-aux-indigenes-de-concevoir-citoyennete-internationale\/","name":"Evo Morales propose aux indig\u00e8nes de concevoir la citoyennet\u00e9 internationale","isPartOf":{"@id":"https:\/\/www.pressenza.com\/fr\/#website"},"primaryImageOfPage":{"@id":"https:\/\/www.pressenza.com\/fr\/2018\/03\/evo-morales-propose-aux-indigenes-de-concevoir-citoyennete-internationale\/#primaryimage"},"image":{"@id":"https:\/\/www.pressenza.com\/fr\/2018\/03\/evo-morales-propose-aux-indigenes-de-concevoir-citoyennete-internationale\/#primaryimage"},"thumbnailUrl":"https:\/\/www.pressenza.com\/wp-content\/uploads\/2018\/03\/ABI.jpg","datePublished":"2018-03-06T22:53:19+00:00","dateModified":"2018-03-06T22:54:05+00:00","description":"Morales incite les indig\u00e8nes de quatre continents \u00e0 demander la citoyennet\u00e9 internationale aupr\u00e8s de l\u2019ONU. Le pr\u00e9sident Evo Morales a incit\u00e9 ce mardi les","breadcrumb":{"@id":"https:\/\/www.pressenza.com\/fr\/2018\/03\/evo-morales-propose-aux-indigenes-de-concevoir-citoyennete-internationale\/#breadcrumb"},"inLanguage":"fr-FR","potentialAction":[{"@type":"ReadAction","target":["https:\/\/www.pressenza.com\/fr\/2018\/03\/evo-morales-propose-aux-indigenes-de-concevoir-citoyennete-internationale\/"]}]},{"@type":"ImageObject","inLanguage":"fr-FR","@id":"https:\/\/www.pressenza.com\/fr\/2018\/03\/evo-morales-propose-aux-indigenes-de-concevoir-citoyennete-internationale\/#primaryimage","url":"https:\/\/www.pressenza.com\/wp-content\/uploads\/2018\/03\/ABI.jpg","contentUrl":"https:\/\/www.pressenza.com\/wp-content\/uploads\/2018\/03\/ABI.jpg","width":1024,"height":683},{"@type":"BreadcrumbList","@id":"https:\/\/www.pressenza.com\/fr\/2018\/03\/evo-morales-propose-aux-indigenes-de-concevoir-citoyennete-internationale\/#breadcrumb","itemListElement":[{"@type":"ListItem","position":1,"name":"Accueil","item":"https:\/\/www.pressenza.com\/fr\/"},{"@type":"ListItem","position":2,"name":"Evo Morales propose aux indig\u00e8nes de concevoir la citoyennet\u00e9 internationale"}]},{"@type":"WebSite","@id":"https:\/\/www.pressenza.com\/fr\/#website","url":"https:\/\/www.pressenza.com\/fr\/","name":"Pressenza","description":"International Press Agency","publisher":{"@id":"https:\/\/www.pressenza.com\/fr\/#organization"},"potentialAction":[{"@type":"SearchAction","target":{"@type":"EntryPoint","urlTemplate":"https:\/\/www.pressenza.com\/fr\/?s={search_term_string}"},"query-input":{"@type":"PropertyValueSpecification","valueRequired":true,"valueName":"search_term_string"}}],"inLanguage":"fr-FR"},{"@type":"Organization","@id":"https:\/\/www.pressenza.com\/fr\/#organization","name":"Pressenza","url":"https:\/\/www.pressenza.com\/fr\/","logo":{"@type":"ImageObject","inLanguage":"fr-FR","@id":"https:\/\/www.pressenza.com\/fr\/#\/schema\/logo\/image\/","url":"https:\/\/www.pressenza.com\/wp-content\/uploads\/2022\/10\/pressenza_logo_200x200.jpg","contentUrl":"https:\/\/www.pressenza.com\/wp-content\/uploads\/2022\/10\/pressenza_logo_200x200.jpg","width":200,"height":200,"caption":"Pressenza"},"image":{"@id":"https:\/\/www.pressenza.com\/fr\/#\/schema\/logo\/image\/"},"sameAs":["https:\/\/www.facebook.com\/PressenzaItalia","https:\/\/x.com\/PressenzaIPA"]},{"@type":"Person","@id":"https:\/\/www.pressenza.com\/fr\/#\/schema\/person\/3fe2a62cf8f5fea54fc87abcec98dcb4","name":"Agencia Boliviana de Informaci\u00f3n - ABI","description":"www.abi.bo","sameAs":["https:\/\/x.com\/mincombolivia"],"url":"https:\/\/www.pressenza.com\/fr\/author\/agencia-boliviana-de-informacion-abi\/"}]}},"place":"Sucre, Bolivie","original_article_url":"http:\/\/www1.abi.bo\/abi\/","_links":{"self":[{"href":"https:\/\/www.pressenza.com\/fr\/wp-json\/wp\/v2\/posts\/605110","targetHints":{"allow":["GET"]}}],"collection":[{"href":"https:\/\/www.pressenza.com\/fr\/wp-json\/wp\/v2\/posts"}],"about":[{"href":"https:\/\/www.pressenza.com\/fr\/wp-json\/wp\/v2\/types\/post"}],"author":[{"embeddable":true,"href":"https:\/\/www.pressenza.com\/fr\/wp-json\/wp\/v2\/users\/127"}],"replies":[{"embeddable":true,"href":"https:\/\/www.pressenza.com\/fr\/wp-json\/wp\/v2\/comments?post=605110"}],"version-history":[{"count":0,"href":"https:\/\/www.pressenza.com\/fr\/wp-json\/wp\/v2\/posts\/605110\/revisions"}],"wp:featuredmedia":[{"embeddable":true,"href":"https:\/\/www.pressenza.com\/fr\/wp-json\/wp\/v2\/media\/602910"}],"wp:attachment":[{"href":"https:\/\/www.pressenza.com\/fr\/wp-json\/wp\/v2\/media?parent=605110"}],"wp:term":[{"taxonomy":"category","embeddable":true,"href":"https:\/\/www.pressenza.com\/fr\/wp-json\/wp\/v2\/categories?post=605110"},{"taxonomy":"post_tag","embeddable":true,"href":"https:\/\/www.pressenza.com\/fr\/wp-json\/wp\/v2\/tags?post=605110"}],"curies":[{"name":"wp","href":"https:\/\/api.w.org\/{rel}","templated":true}]}}