{"id":601927,"date":"2018-02-27T01:20:47","date_gmt":"2018-02-27T01:20:47","guid":{"rendered":"https:\/\/www.pressenza.com\/?p=601927"},"modified":"2018-03-04T10:38:52","modified_gmt":"2018-03-04T10:38:52","slug":"snowden-lettre-ouverte-peuple-bresilien","status":"publish","type":"post","link":"https:\/\/www.pressenza.com\/fr\/2018\/02\/snowden-lettre-ouverte-peuple-bresilien\/","title":{"rendered":"Snowden : Lettre ouverte au peuple br\u00e9silien"},"content":{"rendered":"<p><em>Pressenza publie cette lettre dans le cadre de la soir\u00e9e \u2018<a href=\"https:\/\/www.pressenza.com\/fr\/2018\/02\/lanceurs-dalerte-meeting-snowden-film-de-flore-vasseur-seance-1-mars\/\">Lanceurs d\u2019alerte et d\u00e9mocratie\u2019<\/a>\u00a0qui a lieu ce 1er mars 2018 et qui inclut la pr\u00e9sentation du film \u2018Meeting Snowden\u2019 de Flore Vasseur.<\/em><\/p>\n<p>&nbsp;<\/p>\n<p>Par Edward Snowden<\/p>\n<p>Le 17 d\u00e9cembre 2013<\/p>\n<p>Il y a six mois, je sortais de l\u2019ombre de l\u2019Agence nationale de s\u00e9curit\u00e9 du gouvernement des \u00c9tats-Unis pour me tenir devant la cam\u00e9ra d\u2019un journaliste.<\/p>\n<p>J\u2019ai partag\u00e9 avec le monde entier des preuves qui d\u00e9montrent que certains gouvernements sont en train de mettre au point un syst\u00e8me de surveillance plan\u00e9taire pour contr\u00f4ler secr\u00e8tement nos modes de vie, les personnes avec lesquelles nous parlons et ce que nous disons.<\/p>\n<p>Je me suis pr\u00e9sent\u00e9 devant cette cam\u00e9ra en toute lucidit\u00e9, en sachant que cette d\u00e9cision me couterait ma famille et ma maison et mettrait ma vie en p\u00e9ril. J\u2019\u00e9tais motiv\u00e9 par la conviction que les citoyens du monde m\u00e9ritaient de comprendre le syst\u00e8me dans lequel ils vivent.<\/p>\n<p>Ma plus grande peur \u00e9tait que personne ne pr\u00eate attention \u00e0 ma mise en garde. Je n\u2019ai jamais \u00e9t\u00e9 aussi heureux d\u2019avoir tout faux. La r\u00e9action suscit\u00e9e dans certains pays m\u2019a particuli\u00e8rement inspir\u00e9, et le Br\u00e9sil est sans nul doute l\u2019un d\u2019eux.<\/p>\n<p>\u00c0 la NSA, j\u2019ai assist\u00e9 avec une inqui\u00e9tude grandissante \u00e0 la surveillance de populations enti\u00e8res sans aucun soup\u00e7on d\u2019actes r\u00e9pr\u00e9hensibles, et cela mena\u00e7ait de devenir le plus grand d\u00e9fi de notre temps en mati\u00e8re de droits humains.<\/p>\n<p>La NSA et d\u2019autres agences d\u2019espionnage disent que pour notre propre \u00ab\u00a0s\u00e9curit\u00e9\u00a0\u00bb, pour la \u00ab\u00a0s\u00e9curit\u00e9\u00a0\u00bb de Dilma, pour la \u00ab\u00a0s\u00e9curit\u00e9\u00a0\u00bb de Petrobras, ils ont r\u00e9voqu\u00e9 notre droit \u00e0 la vie priv\u00e9e et ont fait irruption dans nos vies. Et ils l\u2019ont fait sans demander l\u2019autorisation \u00e0 la population d\u2019aucun pays, ni m\u00eame le leur.<\/p>\n<p>Aujourd\u2019hui \u00e0 Sao Paolo, si vous poss\u00e9dez un t\u00e9l\u00e9phone portable, la NSA surveille votre position\u00a0: ils font cela 5\u00a0milliards de fois par jour aux populations du monde entier.<\/p>\n<p>Lorsque quelqu\u2019un \u00e0 Florianopolis visite un site internet, la NSA conserve une trace de la date \u00e0 laquelle cela s\u2019est pass\u00e9 et de ce que vous y avez fait. Si une m\u00e8re \u00e0 Porto Alegre appelle son fils pour lui souhaiter bonne chance pour son examen universitaire, la NSA peut conserver le journal des appels pendant 5\u00a0ans ou plus.<\/p>\n<p>Ils surveillent m\u00eame ceux qui ont une aventure ou qui regardent de la pornographie, au cas o\u00f9 ils auraient besoin de salir la r\u00e9putation de leur cible.<\/p>\n<p>Les s\u00e9nateurs am\u00e9ricains disent que le Br\u00e9sil ne devrait pas s\u2019inqui\u00e9ter car ce n\u2019est pas de la \u00ab\u00a0surveillance\u00a0\u00bb, c\u2019est de la \u00ab\u00a0collecte de donn\u00e9es\u00a0\u00bb. Ils disent qu\u2019ils font cela pour maintenir notre s\u00e9curit\u00e9. Ils se trompent.<\/p>\n<p>Il y a une diff\u00e9rence consid\u00e9rable entre les programmes l\u00e9gaux, l\u2019espionnage l\u00e9gitime, l\u2019application l\u00e9gitime de la loi, o\u00f9 des individus sont cibl\u00e9s sur la base d\u2019une suspicion raisonnable et individualis\u00e9e, et ces programmes de surveillance de masse qui placent des populations enti\u00e8res sous un \u0153il qui voit tout et qui enregistrent des copies pour une dur\u00e9e ind\u00e9finie.<\/p>\n<p>Ces programmes n\u2019ont jamais rien eu \u00e0 voir avec le terrorisme\u00a0: il est question d\u2019espionnage \u00e9conomique, de contr\u00f4le social et de manipulation diplomatique. Il est question de pouvoir.<\/p>\n<p>De nombreux s\u00e9nateurs br\u00e9siliens sont d\u2019accord et ont demand\u00e9 mon aide dans le cadre de leurs enqu\u00eates sur des crimes pr\u00e9sum\u00e9s contre des citoyens br\u00e9siliens.<\/p>\n<p>J\u2019ai exprim\u00e9 ma volont\u00e9 d\u2019aider partout o\u00f9 cela est appropri\u00e9 et l\u00e9gal, mais, malheureusement, le gouvernement des \u00c9tats-Unis s\u2019est donn\u00e9 beaucoup de mal pour limiter mes capacit\u00e9s, au point de forcer l\u2019avion pr\u00e9sidentiel de Evo Morales \u00e0 atterrir pour m\u2019emp\u00eacher de voyager en Am\u00e9rique latine.<\/p>\n<p>\u00c0 moins qu\u2019un pays ne m&rsquo;accorde l\u2019asile politique permanent, le gouvernement am\u00e9ricain continuera d\u2019interf\u00e9rer pour m\u2019emp\u00eacher de parler.<\/p>\n<p>Il y a six mois, j\u2019ai r\u00e9v\u00e9l\u00e9 que la NSA souhaitait \u00e9couter le monde entier. C\u2019est d\u00e9sormais le monde entier qui \u00e9coute et qui s\u2019exprime. Et la NSA n\u2019appr\u00e9cie pas ce qu\u2019elle entend.<\/p>\n<p>La culture de la surveillance mondiale syst\u00e9matique, expos\u00e9e aux d\u00e9bats publics et aux vraies enqu\u00eates sur chaque continent, est en train de s\u2019effondrer.<\/p>\n<p>Il y a trois semaines seulement, le Br\u00e9sil a conduit le Comit\u00e9 des Droits Humains des Nations unies \u00e0 reconnaitre pour la premi\u00e8re fois de l\u2019histoire que la vie priv\u00e9e ne s\u2019arr\u00eate pas l\u00e0 o\u00f9 commence le r\u00e9seau num\u00e9rique et que la surveillance de masse d\u2019innocents est une violation des droits humains.<\/p>\n<p>Le vent a tourn\u00e9 et nous pouvons enfin entrevoir un futur o\u00f9 nous serons en s\u00e9curit\u00e9 sans sacrifier notre vie priv\u00e9e. Nos droits ne peuvent pas \u00eatre limit\u00e9s par une organisation secr\u00e8te, et les autorit\u00e9s am\u00e9ricaines ne devraient jamais d\u00e9cider des libert\u00e9s des citoyens br\u00e9siliens.<\/p>\n<p>M\u00eame les d\u00e9fenseurs de la surveillance de masse, ceux qui ne sont pas persuad\u00e9s que nos technologies de surveillance ont dangereusement d\u00e9pass\u00e9 les contr\u00f4les d\u00e9mocratiques, reconnaissent maintenant que dans les d\u00e9mocraties, la surveillance du public doit faire l\u2019objet d\u2019un d\u00e9bat public.<\/p>\n<p>Ma prise de conscience a d\u00e9but\u00e9 avec une affirmation\u00a0: \u00ab\u00a0<em>je ne veux pas vivre dans un monde o\u00f9 tout ce que je dis, tout ce que je fais, chaque personne \u00e0 laquelle je parle, chaque expression de cr\u00e9ativit\u00e9, d\u2019amour ou d\u2019amiti\u00e9 est enregistr\u00e9.<\/em><\/p>\n<p><em>Ce n\u2019est pas quelque chose que je souhaite soutenir, ce n\u2019est pas quelque chose que je souhaite construire et ce n\u2019est pas un syst\u00e8me sous lequel je souhaite vivre.<\/em>\u00a0\u00bb<\/p>\n<p>Quelques jours plus tard, j\u2019ai appris que mon gouvernement avait fait de moi un apatride et voulait m\u2019emprisonner. Ma parole m\u2019avait co\u00fbt\u00e9 mon passeport, mais je payerais \u00e0 nouveau ce prix\u00a0: je ne serai pas celui qui ignore la criminalit\u00e9 dans l\u2019int\u00e9r\u00eat du confort politique. Je pr\u00e9f\u00e8re \u00eatre sans \u00e9tat que sans voix.<\/p>\n<p>Si le Br\u00e9sil n\u2019entend qu\u2019une seule chose de moi, que ce soit celle-ci\u00a0: lorsque nous nous allions tous contre les injustices et pour la d\u00e9fense de la vie priv\u00e9e et des droits humains fondamentaux, nous pouvons nous d\u00e9fendre contre les syst\u00e8mes m\u00eame les plus puissants.<\/p>\n<p>&nbsp;<\/p>\n<p>Source :\u00a0<a href=\"http:\/\/www1.folha.uol.com.br\/internacional\/en\/world\/2013\/12\/1386296-an-open-letter-to-the-people-of-brazil.shtml\" target=\"_blank\" rel=\"noopener\">Folha De S. Paulo<\/a><\/p>\n<p>&nbsp;<\/p>\n<p><em>Traduction de l\u2019anglais\u00a0: Caroline Pequegnot<\/em><\/p>\n","protected":false},"excerpt":{"rendered":"<p>Pressenza publie cette lettre dans le cadre de la soir\u00e9e \u2018Lanceurs d\u2019alerte et d\u00e9mocratie\u2019\u00a0qui a lieu ce 1er mars 2018 et qui inclut la pr\u00e9sentation du film \u2018Meeting Snowden\u2019 de Flore Vasseur. &nbsp; Par Edward Snowden Le 17 d\u00e9cembre 2013&hellip;<\/p>\n","protected":false},"author":938,"featured_media":601930,"comment_status":"closed","ping_status":"open","sticky":false,"template":"","format":"standard","meta":{"footnotes":""},"categories":[87,86,11386,98,40,163],"tags":[3166,5783,6221,6422,44006],"class_list":["post-601927","post","type-post","status-publish","format-standard","has-post-thumbnail","hentry","category-amerique-du-nord","category-amerique-du-sud","category-contenu-original","category-droits-de-lhomme","category-international-fr","category-opinion-fr","tag-bresil","tag-edward-snowden-fr","tag-espionnage","tag-nsa","tag-surveillance-de-masse"],"yoast_head":"<!-- This site is optimized with the Yoast SEO plugin v27.1.1 - https:\/\/yoast.com\/product\/yoast-seo-wordpress\/ -->\n<title>Snowden : Lettre ouverte au peuple br\u00e9silien<\/title>\n<meta name=\"description\" content=\"Pressenza publie cette lettre dans le cadre de la soir\u00e9e \u2018Lanceurs d\u2019alerte et d\u00e9mocratie\u2019\u00a0qui a lieu ce 1er mars 2018 et qui inclut la pr\u00e9sentation du\" \/>\n<meta name=\"robots\" content=\"index, follow, max-snippet:-1, max-image-preview:large, max-video-preview:-1\" \/>\n<link rel=\"canonical\" href=\"https:\/\/www.pressenza.com\/fr\/2018\/02\/snowden-lettre-ouverte-peuple-bresilien\/\" \/>\n<meta property=\"og:locale\" content=\"fr_FR\" \/>\n<meta property=\"og:type\" content=\"article\" \/>\n<meta property=\"og:title\" content=\"Snowden : Lettre ouverte au peuple br\u00e9silien\" \/>\n<meta property=\"og:description\" content=\"Pressenza publie cette lettre dans le cadre de la soir\u00e9e \u2018Lanceurs d\u2019alerte et d\u00e9mocratie\u2019\u00a0qui a lieu ce 1er mars 2018 et qui inclut la pr\u00e9sentation du\" \/>\n<meta property=\"og:url\" content=\"https:\/\/www.pressenza.com\/fr\/2018\/02\/snowden-lettre-ouverte-peuple-bresilien\/\" \/>\n<meta property=\"og:site_name\" content=\"Pressenza\" \/>\n<meta property=\"article:publisher\" content=\"https:\/\/www.facebook.com\/PressenzaItalia\" \/>\n<meta property=\"article:author\" content=\"https:\/\/www.facebook.com\/pages\/Z-Net-Italy\/187553341318811\" \/>\n<meta property=\"article:published_time\" content=\"2018-02-27T01:20:47+00:00\" \/>\n<meta property=\"article:modified_time\" content=\"2018-03-04T10:38:52+00:00\" \/>\n<meta property=\"og:image\" content=\"https:\/\/www.pressenza.com\/wp-content\/uploads\/2018\/02\/Edward_Snowden-21-Snowden-Lettre-ouverte-au-peuple-br--silien.jpg\" \/>\n\t<meta property=\"og:image:width\" content=\"750\" \/>\n\t<meta property=\"og:image:height\" content=\"561\" \/>\n\t<meta property=\"og:image:type\" content=\"image\/jpeg\" \/>\n<meta name=\"author\" content=\"Z-net Italy\" \/>\n<meta name=\"twitter:card\" content=\"summary_large_image\" \/>\n<meta name=\"twitter:creator\" content=\"@ZNetItaly\" \/>\n<meta name=\"twitter:site\" content=\"@PressenzaIPA\" \/>\n<meta name=\"twitter:label1\" content=\"\u00c9crit par\" \/>\n\t<meta name=\"twitter:data1\" content=\"Z-net Italy\" \/>\n\t<meta name=\"twitter:label2\" content=\"Dur\u00e9e de lecture estim\u00e9e\" \/>\n\t<meta name=\"twitter:data2\" content=\"6 minutes\" \/>\n<script type=\"application\/ld+json\" class=\"yoast-schema-graph\">{\"@context\":\"https:\/\/schema.org\",\"@graph\":[{\"@type\":\"Article\",\"@id\":\"https:\/\/www.pressenza.com\/fr\/2018\/02\/snowden-lettre-ouverte-peuple-bresilien\/#article\",\"isPartOf\":{\"@id\":\"https:\/\/www.pressenza.com\/fr\/2018\/02\/snowden-lettre-ouverte-peuple-bresilien\/\"},\"author\":{\"name\":\"Z-net Italy\",\"@id\":\"https:\/\/www.pressenza.com\/fr\/#\/schema\/person\/af7a6777feabb70adb89b3701ab1d187\"},\"headline\":\"Snowden : Lettre ouverte au peuple br\u00e9silien\",\"datePublished\":\"2018-02-27T01:20:47+00:00\",\"dateModified\":\"2018-03-04T10:38:52+00:00\",\"mainEntityOfPage\":{\"@id\":\"https:\/\/www.pressenza.com\/fr\/2018\/02\/snowden-lettre-ouverte-peuple-bresilien\/\"},\"wordCount\":1160,\"publisher\":{\"@id\":\"https:\/\/www.pressenza.com\/fr\/#organization\"},\"image\":{\"@id\":\"https:\/\/www.pressenza.com\/fr\/2018\/02\/snowden-lettre-ouverte-peuple-bresilien\/#primaryimage\"},\"thumbnailUrl\":\"https:\/\/www.pressenza.com\/wp-content\/uploads\/2018\/02\/Edward_Snowden-21-Snowden-Lettre-ouverte-au-peuple-br--silien.jpg\",\"keywords\":[\"Br\u00e9sil\",\"Edward Snowden\",\"espionnage\",\"NSA\",\"surveillance de masse\"],\"articleSection\":[\"Am\u00e9rique du Nord\",\"Am\u00e9rique du Sud\",\"Contenu Original\",\"Droits humains\",\"International\",\"Opinion\"],\"inLanguage\":\"fr-FR\"},{\"@type\":\"WebPage\",\"@id\":\"https:\/\/www.pressenza.com\/fr\/2018\/02\/snowden-lettre-ouverte-peuple-bresilien\/\",\"url\":\"https:\/\/www.pressenza.com\/fr\/2018\/02\/snowden-lettre-ouverte-peuple-bresilien\/\",\"name\":\"Snowden : Lettre ouverte au peuple br\u00e9silien\",\"isPartOf\":{\"@id\":\"https:\/\/www.pressenza.com\/fr\/#website\"},\"primaryImageOfPage\":{\"@id\":\"https:\/\/www.pressenza.com\/fr\/2018\/02\/snowden-lettre-ouverte-peuple-bresilien\/#primaryimage\"},\"image\":{\"@id\":\"https:\/\/www.pressenza.com\/fr\/2018\/02\/snowden-lettre-ouverte-peuple-bresilien\/#primaryimage\"},\"thumbnailUrl\":\"https:\/\/www.pressenza.com\/wp-content\/uploads\/2018\/02\/Edward_Snowden-21-Snowden-Lettre-ouverte-au-peuple-br--silien.jpg\",\"datePublished\":\"2018-02-27T01:20:47+00:00\",\"dateModified\":\"2018-03-04T10:38:52+00:00\",\"description\":\"Pressenza publie cette lettre dans le cadre de la soir\u00e9e \u2018Lanceurs d\u2019alerte et d\u00e9mocratie\u2019\u00a0qui a lieu ce 1er mars 2018 et qui inclut la pr\u00e9sentation du\",\"breadcrumb\":{\"@id\":\"https:\/\/www.pressenza.com\/fr\/2018\/02\/snowden-lettre-ouverte-peuple-bresilien\/#breadcrumb\"},\"inLanguage\":\"fr-FR\",\"potentialAction\":[{\"@type\":\"ReadAction\",\"target\":[\"https:\/\/www.pressenza.com\/fr\/2018\/02\/snowden-lettre-ouverte-peuple-bresilien\/\"]}]},{\"@type\":\"ImageObject\",\"inLanguage\":\"fr-FR\",\"@id\":\"https:\/\/www.pressenza.com\/fr\/2018\/02\/snowden-lettre-ouverte-peuple-bresilien\/#primaryimage\",\"url\":\"https:\/\/www.pressenza.com\/wp-content\/uploads\/2018\/02\/Edward_Snowden-21-Snowden-Lettre-ouverte-au-peuple-br--silien.jpg\",\"contentUrl\":\"https:\/\/www.pressenza.com\/wp-content\/uploads\/2018\/02\/Edward_Snowden-21-Snowden-Lettre-ouverte-au-peuple-br--silien.jpg\",\"width\":750,\"height\":561},{\"@type\":\"BreadcrumbList\",\"@id\":\"https:\/\/www.pressenza.com\/fr\/2018\/02\/snowden-lettre-ouverte-peuple-bresilien\/#breadcrumb\",\"itemListElement\":[{\"@type\":\"ListItem\",\"position\":1,\"name\":\"Accueil\",\"item\":\"https:\/\/www.pressenza.com\/fr\/\"},{\"@type\":\"ListItem\",\"position\":2,\"name\":\"Snowden : Lettre ouverte au peuple br\u00e9silien\"}]},{\"@type\":\"WebSite\",\"@id\":\"https:\/\/www.pressenza.com\/fr\/#website\",\"url\":\"https:\/\/www.pressenza.com\/fr\/\",\"name\":\"Pressenza\",\"description\":\"International Press Agency\",\"publisher\":{\"@id\":\"https:\/\/www.pressenza.com\/fr\/#organization\"},\"potentialAction\":[{\"@type\":\"SearchAction\",\"target\":{\"@type\":\"EntryPoint\",\"urlTemplate\":\"https:\/\/www.pressenza.com\/fr\/?s={search_term_string}\"},\"query-input\":{\"@type\":\"PropertyValueSpecification\",\"valueRequired\":true,\"valueName\":\"search_term_string\"}}],\"inLanguage\":\"fr-FR\"},{\"@type\":\"Organization\",\"@id\":\"https:\/\/www.pressenza.com\/fr\/#organization\",\"name\":\"Pressenza\",\"url\":\"https:\/\/www.pressenza.com\/fr\/\",\"logo\":{\"@type\":\"ImageObject\",\"inLanguage\":\"fr-FR\",\"@id\":\"https:\/\/www.pressenza.com\/fr\/#\/schema\/logo\/image\/\",\"url\":\"https:\/\/www.pressenza.com\/wp-content\/uploads\/2022\/10\/pressenza_logo_200x200.jpg\",\"contentUrl\":\"https:\/\/www.pressenza.com\/wp-content\/uploads\/2022\/10\/pressenza_logo_200x200.jpg\",\"width\":200,\"height\":200,\"caption\":\"Pressenza\"},\"image\":{\"@id\":\"https:\/\/www.pressenza.com\/fr\/#\/schema\/logo\/image\/\"},\"sameAs\":[\"https:\/\/www.facebook.com\/PressenzaItalia\",\"https:\/\/x.com\/PressenzaIPA\"]},{\"@type\":\"Person\",\"@id\":\"https:\/\/www.pressenza.com\/fr\/#\/schema\/person\/af7a6777feabb70adb89b3701ab1d187\",\"name\":\"Z-net Italy\",\"description\":\"La comunit\u00e0 znetitaly \u00e8 costituita da persone interessate alla pratica di relazioni umane ispirate ai valori e ai principi della libert\u00e0, dell\u2019equit\u00e0, dell\u2019uguaglianza nella diversit\u00e0, della solidariet\u00e0, della non-violenza, dell\u2019antifascismo, dell\u2019autogestione, dell\u2019equilibrio ecologico.znetitaly.altervista.org\/\",\"sameAs\":[\"http:\/\/znetitaly.altervista.org\/\",\"https:\/\/www.facebook.com\/pages\/Z-Net-Italy\/187553341318811\",\"https:\/\/x.com\/ZNetItaly\"],\"url\":\"https:\/\/www.pressenza.com\/fr\/author\/z-netitaly\/\"}]}<\/script>\n<!-- \/ Yoast SEO plugin. -->","yoast_head_json":{"title":"Snowden : Lettre ouverte au peuple br\u00e9silien","description":"Pressenza publie cette lettre dans le cadre de la soir\u00e9e \u2018Lanceurs d\u2019alerte et d\u00e9mocratie\u2019\u00a0qui a lieu ce 1er mars 2018 et qui inclut la pr\u00e9sentation du","robots":{"index":"index","follow":"follow","max-snippet":"max-snippet:-1","max-image-preview":"max-image-preview:large","max-video-preview":"max-video-preview:-1"},"canonical":"https:\/\/www.pressenza.com\/fr\/2018\/02\/snowden-lettre-ouverte-peuple-bresilien\/","og_locale":"fr_FR","og_type":"article","og_title":"Snowden : Lettre ouverte au peuple br\u00e9silien","og_description":"Pressenza publie cette lettre dans le cadre de la soir\u00e9e \u2018Lanceurs d\u2019alerte et d\u00e9mocratie\u2019\u00a0qui a lieu ce 1er mars 2018 et qui inclut la pr\u00e9sentation du","og_url":"https:\/\/www.pressenza.com\/fr\/2018\/02\/snowden-lettre-ouverte-peuple-bresilien\/","og_site_name":"Pressenza","article_publisher":"https:\/\/www.facebook.com\/PressenzaItalia","article_author":"https:\/\/www.facebook.com\/pages\/Z-Net-Italy\/187553341318811","article_published_time":"2018-02-27T01:20:47+00:00","article_modified_time":"2018-03-04T10:38:52+00:00","og_image":[{"width":750,"height":561,"url":"https:\/\/www.pressenza.com\/wp-content\/uploads\/2018\/02\/Edward_Snowden-21-Snowden-Lettre-ouverte-au-peuple-br--silien.jpg","type":"image\/jpeg"}],"author":"Z-net Italy","twitter_card":"summary_large_image","twitter_creator":"@ZNetItaly","twitter_site":"@PressenzaIPA","twitter_misc":{"\u00c9crit par":"Z-net Italy","Dur\u00e9e de lecture estim\u00e9e":"6 minutes"},"schema":{"@context":"https:\/\/schema.org","@graph":[{"@type":"Article","@id":"https:\/\/www.pressenza.com\/fr\/2018\/02\/snowden-lettre-ouverte-peuple-bresilien\/#article","isPartOf":{"@id":"https:\/\/www.pressenza.com\/fr\/2018\/02\/snowden-lettre-ouverte-peuple-bresilien\/"},"author":{"name":"Z-net Italy","@id":"https:\/\/www.pressenza.com\/fr\/#\/schema\/person\/af7a6777feabb70adb89b3701ab1d187"},"headline":"Snowden : Lettre ouverte au peuple br\u00e9silien","datePublished":"2018-02-27T01:20:47+00:00","dateModified":"2018-03-04T10:38:52+00:00","mainEntityOfPage":{"@id":"https:\/\/www.pressenza.com\/fr\/2018\/02\/snowden-lettre-ouverte-peuple-bresilien\/"},"wordCount":1160,"publisher":{"@id":"https:\/\/www.pressenza.com\/fr\/#organization"},"image":{"@id":"https:\/\/www.pressenza.com\/fr\/2018\/02\/snowden-lettre-ouverte-peuple-bresilien\/#primaryimage"},"thumbnailUrl":"https:\/\/www.pressenza.com\/wp-content\/uploads\/2018\/02\/Edward_Snowden-21-Snowden-Lettre-ouverte-au-peuple-br--silien.jpg","keywords":["Br\u00e9sil","Edward Snowden","espionnage","NSA","surveillance de masse"],"articleSection":["Am\u00e9rique du Nord","Am\u00e9rique du Sud","Contenu Original","Droits humains","International","Opinion"],"inLanguage":"fr-FR"},{"@type":"WebPage","@id":"https:\/\/www.pressenza.com\/fr\/2018\/02\/snowden-lettre-ouverte-peuple-bresilien\/","url":"https:\/\/www.pressenza.com\/fr\/2018\/02\/snowden-lettre-ouverte-peuple-bresilien\/","name":"Snowden : Lettre ouverte au peuple br\u00e9silien","isPartOf":{"@id":"https:\/\/www.pressenza.com\/fr\/#website"},"primaryImageOfPage":{"@id":"https:\/\/www.pressenza.com\/fr\/2018\/02\/snowden-lettre-ouverte-peuple-bresilien\/#primaryimage"},"image":{"@id":"https:\/\/www.pressenza.com\/fr\/2018\/02\/snowden-lettre-ouverte-peuple-bresilien\/#primaryimage"},"thumbnailUrl":"https:\/\/www.pressenza.com\/wp-content\/uploads\/2018\/02\/Edward_Snowden-21-Snowden-Lettre-ouverte-au-peuple-br--silien.jpg","datePublished":"2018-02-27T01:20:47+00:00","dateModified":"2018-03-04T10:38:52+00:00","description":"Pressenza publie cette lettre dans le cadre de la soir\u00e9e \u2018Lanceurs d\u2019alerte et d\u00e9mocratie\u2019\u00a0qui a lieu ce 1er mars 2018 et qui inclut la pr\u00e9sentation du","breadcrumb":{"@id":"https:\/\/www.pressenza.com\/fr\/2018\/02\/snowden-lettre-ouverte-peuple-bresilien\/#breadcrumb"},"inLanguage":"fr-FR","potentialAction":[{"@type":"ReadAction","target":["https:\/\/www.pressenza.com\/fr\/2018\/02\/snowden-lettre-ouverte-peuple-bresilien\/"]}]},{"@type":"ImageObject","inLanguage":"fr-FR","@id":"https:\/\/www.pressenza.com\/fr\/2018\/02\/snowden-lettre-ouverte-peuple-bresilien\/#primaryimage","url":"https:\/\/www.pressenza.com\/wp-content\/uploads\/2018\/02\/Edward_Snowden-21-Snowden-Lettre-ouverte-au-peuple-br--silien.jpg","contentUrl":"https:\/\/www.pressenza.com\/wp-content\/uploads\/2018\/02\/Edward_Snowden-21-Snowden-Lettre-ouverte-au-peuple-br--silien.jpg","width":750,"height":561},{"@type":"BreadcrumbList","@id":"https:\/\/www.pressenza.com\/fr\/2018\/02\/snowden-lettre-ouverte-peuple-bresilien\/#breadcrumb","itemListElement":[{"@type":"ListItem","position":1,"name":"Accueil","item":"https:\/\/www.pressenza.com\/fr\/"},{"@type":"ListItem","position":2,"name":"Snowden : Lettre ouverte au peuple br\u00e9silien"}]},{"@type":"WebSite","@id":"https:\/\/www.pressenza.com\/fr\/#website","url":"https:\/\/www.pressenza.com\/fr\/","name":"Pressenza","description":"International Press Agency","publisher":{"@id":"https:\/\/www.pressenza.com\/fr\/#organization"},"potentialAction":[{"@type":"SearchAction","target":{"@type":"EntryPoint","urlTemplate":"https:\/\/www.pressenza.com\/fr\/?s={search_term_string}"},"query-input":{"@type":"PropertyValueSpecification","valueRequired":true,"valueName":"search_term_string"}}],"inLanguage":"fr-FR"},{"@type":"Organization","@id":"https:\/\/www.pressenza.com\/fr\/#organization","name":"Pressenza","url":"https:\/\/www.pressenza.com\/fr\/","logo":{"@type":"ImageObject","inLanguage":"fr-FR","@id":"https:\/\/www.pressenza.com\/fr\/#\/schema\/logo\/image\/","url":"https:\/\/www.pressenza.com\/wp-content\/uploads\/2022\/10\/pressenza_logo_200x200.jpg","contentUrl":"https:\/\/www.pressenza.com\/wp-content\/uploads\/2022\/10\/pressenza_logo_200x200.jpg","width":200,"height":200,"caption":"Pressenza"},"image":{"@id":"https:\/\/www.pressenza.com\/fr\/#\/schema\/logo\/image\/"},"sameAs":["https:\/\/www.facebook.com\/PressenzaItalia","https:\/\/x.com\/PressenzaIPA"]},{"@type":"Person","@id":"https:\/\/www.pressenza.com\/fr\/#\/schema\/person\/af7a6777feabb70adb89b3701ab1d187","name":"Z-net Italy","description":"La comunit\u00e0 znetitaly \u00e8 costituita da persone interessate alla pratica di relazioni umane ispirate ai valori e ai principi della libert\u00e0, dell\u2019equit\u00e0, dell\u2019uguaglianza nella diversit\u00e0, della solidariet\u00e0, della non-violenza, dell\u2019antifascismo, dell\u2019autogestione, dell\u2019equilibrio ecologico.znetitaly.altervista.org\/","sameAs":["http:\/\/znetitaly.altervista.org\/","https:\/\/www.facebook.com\/pages\/Z-Net-Italy\/187553341318811","https:\/\/x.com\/ZNetItaly"],"url":"https:\/\/www.pressenza.com\/fr\/author\/z-netitaly\/"}]}},"place":"","original_article_url":"","_links":{"self":[{"href":"https:\/\/www.pressenza.com\/fr\/wp-json\/wp\/v2\/posts\/601927","targetHints":{"allow":["GET"]}}],"collection":[{"href":"https:\/\/www.pressenza.com\/fr\/wp-json\/wp\/v2\/posts"}],"about":[{"href":"https:\/\/www.pressenza.com\/fr\/wp-json\/wp\/v2\/types\/post"}],"author":[{"embeddable":true,"href":"https:\/\/www.pressenza.com\/fr\/wp-json\/wp\/v2\/users\/938"}],"replies":[{"embeddable":true,"href":"https:\/\/www.pressenza.com\/fr\/wp-json\/wp\/v2\/comments?post=601927"}],"version-history":[{"count":0,"href":"https:\/\/www.pressenza.com\/fr\/wp-json\/wp\/v2\/posts\/601927\/revisions"}],"wp:featuredmedia":[{"embeddable":true,"href":"https:\/\/www.pressenza.com\/fr\/wp-json\/wp\/v2\/media\/601930"}],"wp:attachment":[{"href":"https:\/\/www.pressenza.com\/fr\/wp-json\/wp\/v2\/media?parent=601927"}],"wp:term":[{"taxonomy":"category","embeddable":true,"href":"https:\/\/www.pressenza.com\/fr\/wp-json\/wp\/v2\/categories?post=601927"},{"taxonomy":"post_tag","embeddable":true,"href":"https:\/\/www.pressenza.com\/fr\/wp-json\/wp\/v2\/tags?post=601927"}],"curies":[{"name":"wp","href":"https:\/\/api.w.org\/{rel}","templated":true}]}}