{"id":59917,"date":"2013-07-06T05:58:49","date_gmt":"2013-07-06T04:58:49","guid":{"rendered":"http:\/\/www.pressenza.com\/?p=59917"},"modified":"2013-07-06T07:04:41","modified_gmt":"2013-07-06T06:04:41","slug":"face-a-une-amerique-du-sud-unie-et-souveraine-la-france-et-leurope-ridicules","status":"publish","type":"post","link":"https:\/\/www.pressenza.com\/fr\/2013\/07\/face-a-une-amerique-du-sud-unie-et-souveraine-la-france-et-leurope-ridicules\/","title":{"rendered":"Face \u00e0 une Am\u00e9rique du Sud unie et souveraine, La France et l&rsquo;Europe ridicules"},"content":{"rendered":"<p style=\"text-align: justify;\">Les pr\u00e9sidents de l\u2019Union des Nations d\u2019Am\u00e9rique du Sud Rafael Correa (Equateur), Jos\u00e9 \u00ab\u00a0Pepe\u00a0\u00bb Mujica (Uruguay), Cristina Fernandez (Argentine), Evo Morales (Bolivie), Nicolas Maduro (Venezuela), D\u00e9si Bouterse (Surinam) et d\u2019autres pays membres comme le P\u00e9rou ou la Colombie, demandent \u00ab\u00a0des excuses et des explications \u00e0 la France et aux autres pays\u00a0\u00bb dont les gouvernements ont abdiqu\u00e9 leur souverainet\u00e9 et viol\u00e9 le droit international sur injonction du gouvernement des \u00c9tats-Unis.<\/p>\n<p style=\"text-align: justify;\">La r\u00e9ponse n\u2019a pas tard\u00e9. Ce 4 juillet \u00e0 Cochabamba (Bolivie), lors de la r\u00e9union d\u2019urgence de l\u2019UNASUR accompagn\u00e9e d\u2019une mobilisation des mouvements sociaux, le pr\u00e9sident \u00e9quatorien Rafael Correa r\u00e9sume la position de ses homologues latino-am\u00e9ricains au sujet de l\u2019atteinte \u00e0 la souverainet\u00e9 de la Bolivie et \u00e0 l\u2019immunit\u00e9 de son pr\u00e9sident Evo Morales (1) :\u00a0 \u201cnous n\u2019acceptons pas qu\u2019on nous traite comme une colonie, le monde entier doit r\u00e9fl\u00e9chir \u00e0 la gravit\u00e9 de ce qui s\u2019est pass\u00e9 : on a emp\u00each\u00e9 un pr\u00e9sident jouissant d\u2019une absolue l\u00e9galit\u00e9 de traverser un espace a\u00e9rien. Si cela s\u2019\u00e9tait produit contre les \u00c9tats-Unis ou un pays europ\u00e9en cela aurait constitu\u00e9 un\u00a0<em>casus belli<\/em>. On a d\u00e9truit la Charte des Nations Unies et l\u2019amiti\u00e9 entre \u00c9tats. (..) Que Edward Snowden f\u00fbt ou non dans l\u2019avion n\u2019entre pas en ligne de compte. Un pr\u00e9sident a le droit de transporter qui il veut dans son avion. Le probl\u00e8me est que certains se sont perdus dans l\u2019Histoire il y a 500 ans et que le droit international qu\u2019ils invoquent si souvent ne vaut que quand il leur convient\u201d.<\/p>\n<p style=\"text-align: justify;\">La pr\u00e9sidente argentine Cristina Fernandez qui avait d\u00e8s les premiers instants, depuis son compte Twitter, d\u00e9nonc\u00e9 \u00ab\u00a0la violation de l\u2019immunit\u00e9 absolue conf\u00e9r\u00e9e par le droit international, garantie par la convention de 2004 et le Tribunal de la Haye\u00a0\u00bb, souligne qu\u2019 \u00ab\u00a0il ne s\u2019agit ni d\u2019une erreur ni d\u2019un probl\u00e8me technique, ils veulent comme il y a cinq si\u00e8cles nous soumettre, une fois de plus, \u00e0 l\u2019humiliation et \u00e0 l\u2019asservissement.\u00a0\u00bb<strong><\/strong><\/p>\n<p style=\"text-align: justify;\">Le pr\u00e9sident v\u00e9n\u00e9zu\u00e9lien Nicolas Maduro explique \u00ab\u00a0qu\u2019en quelques secondes nous nous sommes retrouv\u00e9s dans ce monde unipolaire que nous rejetons tous, o\u00f9 un seul se cro\u00eet le ma\u00eetre du monde. L\u2019Am\u00e9rique Latine rebelle et r\u00e9volutionaire se l\u00e8ve et parle d\u2019une seule voix\u00a0\u00bb et rappelle que le 12 juillet une r\u00e9union du Mercosur analysera \u00e9galement cette violation du droit international, d\u00e9j\u00e0 condamn\u00e9e par l\u2019ALBA, l\u2019OEA et les autres nations latino-am\u00e9ricaines, du Chili \u00e0 Cuba et du Mexique au Nicaragua ou au Br\u00e9sil.<\/p>\n<p style=\"text-align: justify;\">T.D., Caracas, le 5 juillet 2013.<\/p>\n<p style=\"text-align: justify;\"><img loading=\"lazy\" decoding=\"async\" title=\"\" alt=\"\" src=\"http:\/\/static2.avn.info.ve\/sites\/default\/files\/imagecache\/nodo-imagen-principal-centro\/fotografia\/201307\/unasur_cumbre_31372994712.jpg\" width=\"630\" height=\"340\" \/><\/p>\n<div style=\"text-align: justify;\">Nous publions le point de vue de Patrick B\u00e8le, journaliste au\u00a0<em>Figaro<\/em>. Si Le\u00a0<em>Monde\u00a0<\/em>ou\u00a0<em>Lib\u00e9ration<\/em>\u00a0restent enlis\u00e9s dans des r\u00e8glements de compte id\u00e9ologiques franco-fran\u00e7ais sur ce qui bouge en Am\u00e9rique Latine, en revanche le Figaro, lu par des entrepreneurs en qu\u00eate de march\u00e9s, se doit \u00e0 une certaine empathie avec le r\u00e9el, du moins dans ses pages \u00ab\u00a0internationales\u00a0\u00bb.<\/p>\n<p id=\"page-title\"><strong>AVION DE MORALES : LA FRANCE ET L\u2019EUROPE RIDICULES<\/strong><\/p>\n<div><strong>Par\u00a0<a href=\"http:\/\/blog.lefigaro.fr\/amerique-latine\/patrick-bele.html\">Patrick B\u00e8le<\/a>\u00a0(<a href=\"http:\/\/blog.lefigaro.fr\/amerique-latine\/2013\/07\/avion-de-morales-la-france-et-leurope-ridicules.html\">Le Figaro<\/a>) le\u00a0<abbr title=\"2013-07-04T17:54:45+01:00\">4 juillet 2013\u00a0<\/abbr><\/strong><\/div>\n<\/div>\n<div style=\"text-align: justify;\">\n<div>\n<p><img loading=\"lazy\" decoding=\"async\" alt=\"Morales \u00e0 VIennemodif.jpg\" src=\"http:\/\/blog.lefigaro.fr\/amerique-latine\/Morales%20%C3%A0%20VIennemodif.jpg\" width=\"640\" height=\"398\" \/>Ainsi donc,\u00a0<strong>Fran\u00e7ois Hollande<\/strong>,\u00a0<strong>pr\u00e9sident de la R\u00e9publique fran\u00e7aise<\/strong>, a expliqu\u00e9 depuis Berlin, que\u00a0<em>\u00a0<\/em>d\u00e8s lors que\u00a0<em>\u00ab\u00a0j\u2019ai su\u00a0que c\u2019\u00e9tait l\u2019avion du\u00a0<strong>pr\u00e9sident bolivien<\/strong>, j\u2019ai donn\u00e9 imm\u00e9diatement<\/em>\u00a0<em>l\u2019autorisation de survol\u00a0<\/em>\u00bb de la France. Voil\u00e0 donc l\u2019h\u00f4te de l\u2019<strong>Elys\u00e9e<\/strong>\u00a0transform\u00e9 en aiguilleur du ciel. \u00a0Consternant.<\/p>\n<p>Tout aussi consternant que la d\u00e9claration alambiqu\u00e9e du\u00a0<strong>Quai d\u2019Orsay\u00a0<\/strong>qui exprime\u00a0<em>\u00ab\u00a0les regrets de la France suite au contretemps occasionn\u00e9 pour le\u00a0<strong>pr\u00e9sident Morales\u00a0<\/strong>par les retards dans la confirmation de l\u2019autorisation du survol du territoire par l\u2019avion du pr\u00e9sident\u00bb.<\/em><\/p>\n<p>Rappel des faits\u00a0: le pr\u00e9sident bolivien,\u00a0<strong>Evo Morales<\/strong>, rentrait de<strong>Moscou\u00a0<\/strong>dans son avion pr\u00e9sidentiel quand la\u00a0<strong>France<\/strong>\u00a0et l\u2019<strong>Italie<\/strong>\u00a0ont refus\u00e9 le survol de leur territoire\u00a0apr\u00e8s que\u00a0le Portugal a interdit une escale technique indispensable avant la travers\u00e9e de l\u2019Atlantique, au motif que\u00a0<strong>Edward Snowden,\u00a0<\/strong>l\u2019informaticien \u00e0 l\u2019origine des r\u00e9v\u00e9lations sur l\u2019espionnage massif organis\u00e9 par les Etats-Unis (programme<strong>\u00a0PRISM<\/strong>) principalement contre l\u2019Europe \u00e9tait dans l\u2019avion. Information qui s\u2019est r\u00e9v\u00e9l\u00e9e fausse.<\/p>\n<p><a href=\"http:\/\/venezuelainfos.files.wordpress.com\/2013\/07\/evo.jpg\"><img loading=\"lazy\" decoding=\"async\" alt=\"evo\" src=\"http:\/\/venezuelainfos.files.wordpress.com\/2013\/07\/evo.jpg?w=287&amp;h=196\" width=\"287\" height=\"196\" \/><\/a><\/p>\n<p>Le pr\u00e9sident\u00a0<strong>Evo Morales\u00a0<\/strong>a d\u00fb faire escale \u00e0\u00a0<strong>Vienne<\/strong>\u00a0o\u00f9 l\u2019ambassadeur espagnol, sous pr\u00e9texte de boire un caf\u00e9 avec le pr\u00e9sident bolivien, aurait tent\u00e9 de monter dans l\u2019avion pr\u00e9sidentiel pour v\u00e9rifier si\u00a0<strong>Edward Snowden\u00a0<\/strong>\u00e9tait \u00e0 bord ou non. Mais quand bien m\u00eame la pr\u00e9sence de\u00a0<strong>Snowden<\/strong>\u00a0aurait \u00e9t\u00e9 av\u00e9r\u00e9e, comment la France, qui vient de\u00a0<strong>protester vigoureusement contre l\u2019espionnage\u00a0<\/strong>massif dont elle est victime,\u00a0 peut-elle se permettre de refuser le survol d\u2019un avion pr\u00e9sidentiel \u00e0 ce motif\u00a0?<\/p>\n<p>Les circonlocutions du\u00a0<strong>Quai d\u2019Orsay\u00a0<\/strong>invoquant\u00a0<em>\u00ab\u00a0un retard dans la confirmation de l\u2019autorisation\u00a0\u00bb\u00a0<\/em>sont stupides\u00a0: quand un avion pr\u00e9sidentiel doit survoler le territoire national, les demandes de survol sont d\u00e9pos\u00e9es tr\u00e8s en amont et, en l\u2019esp\u00e8ce, l\u2019autorisation avait \u00e9t\u00e9\u00a0<strong>obtenue le 27 juin<\/strong>.<\/p>\n<p>Cette affaire r\u00e9v\u00e8le au grand jour la\u00a0<strong>soumission de l\u2019Europe en g\u00e9n\u00e9ral et de la France en particulier aux diktats de Washington<\/strong>. Alors que, comme<strong>\u00a0Reporters sans Fronti\u00e8res\u00a0<\/strong>le demande, l<strong>\u2019Europe\u00a0<\/strong>devrait prot\u00e9ger\u00a0<strong>Edward Snowden<\/strong>, trois de ses membres\u00a0<strong>(Italie, France et Portugal<\/strong>) se sont comport\u00e9s comme les simples\u00a0<strong>suppl\u00e9tifs\u00a0<\/strong>de Washington dans sa volont\u00e9 de poursuivre devant la justice ce lanceur d\u2019alerte.<\/p>\n<p>Elle r\u00e9v\u00e8le aussi l\u2019incroyable\u00a0<strong>comportement n\u00e9ocolonial\u00a0<\/strong>de l\u2019Europe qui, au m\u00e9pris de toutes les r\u00e8gles internationales, se permet\u00a0<strong>d\u2019interdire \u00e0 un chef d\u2019Etat\u00a0<\/strong>le survol de son territoire l\u2019obligeant \u00e0 une humiliante escale de 13 heures \u00e0 Vienne. D\u00e9j\u00e0 il y a un an, la menace de\u00a0<strong>Londres\u00a0<\/strong>de donner l\u2019assaut contre\u00a0<strong>l\u2019ambassade \u00e9quatorienne\u00a0<\/strong>pour r\u00e9cup\u00e9rer\u00a0<strong>Julian Assange,<\/strong>\u00a0cr\u00e9ateur de\u00a0<strong>Wikileaks,\u00a0<\/strong>avait \u00e9t\u00e9 un exemple de ce\u00a0<strong>m\u00e9pris europ\u00e9en<\/strong>\u00a0pour les pays latino-am\u00e9ricains et le\u00a0<strong>droit international<\/strong>.<\/p>\n<p>Mais dans cette affaire, ce n\u2019est pas le pr\u00e9sident bolivien qui a \u00e9t\u00e9 humili\u00e9 mais bien l\u2019Europe, qui s\u2019appr\u00eate, comme si de rien n\u2019\u00e9tait, \u00e0 entamer les\u00a0<strong>n\u00e9gociations sur l\u2019accord de libre-\u00e9change\u00a0<\/strong>avec les<strong>Etats-Unis\u00a0<\/strong>\u00e0 partir de lundi prochain (sous la surveillance des micros de la NSA\u00a0?).<\/p>\n<p><a href=\"http:\/\/venezuelainfos.files.wordpress.com\/2013\/07\/bolivia.jpg\"><img loading=\"lazy\" decoding=\"async\" alt=\"bolivia\" src=\"http:\/\/venezuelainfos.files.wordpress.com\/2013\/07\/bolivia.jpg?w=251&amp;h=170\" width=\"251\" height=\"170\" \/><\/a><\/p>\n<p>Les pays sud-am\u00e9ricains n\u2019ont pas manqu\u00e9 de r\u00e9agir. Un\u00a0<strong>Sommet de l\u2019Unasur\u00a0<\/strong>s\u2019est tenu \u00e0\u00a0<strong>Cochabamba\u00a0<\/strong>ce jeudi 4 juillet. La pr\u00e9sidente argentine\u00a0<strong>Cristina Kirchner\u00a0<\/strong>a estim\u00e9 qu\u2019un avion\u00a0<em>\u00ab\u00a0disposant d\u2019une immunit\u00e9 absolue a \u00e9t\u00e9 ill\u00e9galement d\u00e9tenu dans la<strong>\u00a0Vieille Europe<\/strong>, ce qui constitue un<strong>\u00a0vestige du colonialisme<\/strong>\u00a0que nous pensions totalement d\u00e9pass\u00e9. Cela n\u2019a pas \u00e9t\u00e9 seulement une humiliation pour la<strong>\u00a0Bolivie<\/strong>, mais pour toute\u00a0<strong>l\u2019Am\u00e9rique du Sud\u00a0<\/strong>\u00bb.<\/em><\/p>\n<p>De son cot\u00e9, le gouvernement\u00a0<strong>chilien<\/strong>\u00a0<em>\u00ab\u00a0<\/em><em>regrette et refuse le traitement auquel a \u00e9t\u00e9 soumis le pr\u00e9sident de la\u00a0<strong>Bolivie<\/strong>\u2026 et lance un appel \u00e0 \u00e9claircir ce qui s\u2019est pass\u00e9\u00a0\u00bb.\u00a0<\/em>Rappelons que le\u00a0<strong>Chili\u00a0<\/strong>est pr\u00e9sid\u00e9 par\u00a0<strong>Sebastian Pinera<\/strong>, qui n\u2019est pas exactement un dangereux gauchiste anti-\u00e9tats-unien.<\/p>\n<p><em>(Photos David Mercado\/Reuter \u00e0 La Paz\u00a0et Patrick Domingo\/ AFP \u00e0 VIenne.)<\/em><\/p>\n<p>Notes :<\/p>\n<p><strong>(1)<\/strong>\u00a0Lire \u00e9galement l\u2019article de Maurice Lemoine, ex-r\u00e9dacteur en chef du Monde Diplomatique et sp\u00e9cialiste de l\u2019Am\u00e9rique Latine,\u00a0<strong>\u00ab\u00a0France \u2013 Espagne \u2013 Italie \u2013 Portugal, les petits chiens de l\u2019Oncle Sam\u00a0\u00bb,\u00a0<a href=\"http:\/\/www.legrandsoir.info\/les-petits-chiens-de-l-oncle-sam.html\">http:\/\/www.legrandsoir.info\/les-petits-chiens-de-l-oncle-sam.html<\/a><\/strong><\/p>\n<p><strong>(2)<\/strong>\u00a0Texte int\u00e9gral (espagnol) de la d\u00e9clararation du somment de l\u2019UNASUR, Cochabamba, 4 juillet 2013 :\u00a0<a href=\"http:\/\/venezuelainfos.files.wordpress.com\/2013\/07\/declaracic3b3n-de-cochabamba.docx\">DECLARACI\u00d3N DE COCHABAMBA<\/a><\/p>\n<p><strong>URL de cet article :<a href=\"http:\/\/venezuelainfos.wordpress.com\/2013\/07\/05\/face-a-une-amerique-du-sud-unie-et-souveraine-la-france-et-leurope-ridicules\/\">http:\/\/venezuelainfos.wordpress.com\/2013\/07\/05\/face-a-une-amerique-du-sud-unie-et-souveraine-la-france-et-leurope-ridicules\/<\/a><\/strong><\/p>\n<\/div>\n<\/div>\n","protected":false},"excerpt":{"rendered":"<p>Les pr\u00e9sidents de l\u2019Union des Nations d\u2019Am\u00e9rique du Sud Rafael Correa (Equateur), Jos\u00e9 \u00ab\u00a0Pepe\u00a0\u00bb Mujica (Uruguay), Cristina Fernandez (Argentine), Evo Morales (Bolivie), Nicolas Maduro (Venezuela), D\u00e9si Bouterse (Surinam) et d\u2019autres pays membres comme le P\u00e9rou ou la Colombie, demandent \u00ab\u00a0des&hellip;<\/p>\n","protected":false},"author":882,"featured_media":59929,"comment_status":"closed","ping_status":"open","sticky":false,"template":"","format":"standard","meta":{"footnotes":""},"categories":[86,40,95],"tags":[1077,22198,1535,244],"class_list":["post-59917","post","type-post","status-publish","format-standard","has-post-thumbnail","hentry","category-amerique-du-sud","category-international-fr","category-affaires-etrangeres","tag-colonialisme","tag-europe","tag-evo-morales-fr","tag-unasur"],"yoast_head":"<!-- This site is optimized with the Yoast SEO plugin v27.1.1 - https:\/\/yoast.com\/product\/yoast-seo-wordpress\/ -->\n<title>Face \u00e0 une Am\u00e9rique du Sud unie et souveraine, La France et l&#039;Europe ridicules<\/title>\n<meta name=\"description\" content=\"Les pr\u00e9sidents de l\u2019Union des Nations d\u2019Am\u00e9rique du Sud Rafael Correa (Equateur), Jos\u00e9 &quot;Pepe&quot; Mujica (Uruguay), Cristina Fernandez (Argentine), Evo\" \/>\n<meta name=\"robots\" content=\"index, follow, max-snippet:-1, max-image-preview:large, max-video-preview:-1\" \/>\n<link rel=\"canonical\" href=\"https:\/\/www.pressenza.com\/fr\/2013\/07\/face-a-une-amerique-du-sud-unie-et-souveraine-la-france-et-leurope-ridicules\/\" \/>\n<meta property=\"og:locale\" content=\"fr_FR\" \/>\n<meta property=\"og:type\" content=\"article\" \/>\n<meta property=\"og:title\" content=\"Face \u00e0 une Am\u00e9rique du Sud unie et souveraine, La France et l&#039;Europe ridicules\" \/>\n<meta property=\"og:description\" content=\"Les pr\u00e9sidents de l\u2019Union des Nations d\u2019Am\u00e9rique du Sud Rafael Correa (Equateur), Jos\u00e9 &quot;Pepe&quot; Mujica (Uruguay), Cristina Fernandez (Argentine), Evo\" \/>\n<meta property=\"og:url\" content=\"https:\/\/www.pressenza.com\/fr\/2013\/07\/face-a-une-amerique-du-sud-unie-et-souveraine-la-france-et-leurope-ridicules\/\" \/>\n<meta property=\"og:site_name\" content=\"Pressenza\" \/>\n<meta property=\"article:publisher\" content=\"https:\/\/www.facebook.com\/PressenzaItalia\" \/>\n<meta property=\"article:published_time\" content=\"2013-07-06T04:58:49+00:00\" \/>\n<meta property=\"article:modified_time\" content=\"2013-07-06T06:04:41+00:00\" \/>\n<meta property=\"og:image\" content=\"https:\/\/www.pressenza.com\/wp-content\/uploads\/2013\/07\/Unasur-Bolivia.jpg\" \/>\n\t<meta property=\"og:image:width\" content=\"400\" \/>\n\t<meta property=\"og:image:height\" content=\"266\" \/>\n\t<meta property=\"og:image:type\" content=\"image\/jpeg\" \/>\n<meta name=\"author\" content=\"Venezuela Infos\" \/>\n<meta name=\"twitter:card\" content=\"summary_large_image\" \/>\n<meta name=\"twitter:creator\" content=\"@PressenzaIPA\" \/>\n<meta name=\"twitter:site\" content=\"@PressenzaIPA\" \/>\n<meta name=\"twitter:label1\" content=\"\u00c9crit par\" \/>\n\t<meta name=\"twitter:data1\" content=\"Venezuela Infos\" \/>\n\t<meta name=\"twitter:label2\" content=\"Dur\u00e9e de lecture estim\u00e9e\" \/>\n\t<meta name=\"twitter:data2\" content=\"7 minutes\" \/>\n<script type=\"application\/ld+json\" class=\"yoast-schema-graph\">{\"@context\":\"https:\/\/schema.org\",\"@graph\":[{\"@type\":\"Article\",\"@id\":\"https:\/\/www.pressenza.com\/fr\/2013\/07\/face-a-une-amerique-du-sud-unie-et-souveraine-la-france-et-leurope-ridicules\/#article\",\"isPartOf\":{\"@id\":\"https:\/\/www.pressenza.com\/fr\/2013\/07\/face-a-une-amerique-du-sud-unie-et-souveraine-la-france-et-leurope-ridicules\/\"},\"author\":{\"name\":\"Venezuela Infos\",\"@id\":\"https:\/\/www.pressenza.com\/fr\/#\/schema\/person\/154d7e582930cff90f302a120ca0aab6\"},\"headline\":\"Face \u00e0 une Am\u00e9rique du Sud unie et souveraine, La France et l&rsquo;Europe ridicules\",\"datePublished\":\"2013-07-06T04:58:49+00:00\",\"dateModified\":\"2013-07-06T06:04:41+00:00\",\"mainEntityOfPage\":{\"@id\":\"https:\/\/www.pressenza.com\/fr\/2013\/07\/face-a-une-amerique-du-sud-unie-et-souveraine-la-france-et-leurope-ridicules\/\"},\"wordCount\":1332,\"publisher\":{\"@id\":\"https:\/\/www.pressenza.com\/fr\/#organization\"},\"image\":{\"@id\":\"https:\/\/www.pressenza.com\/fr\/2013\/07\/face-a-une-amerique-du-sud-unie-et-souveraine-la-france-et-leurope-ridicules\/#primaryimage\"},\"thumbnailUrl\":\"https:\/\/www.pressenza.com\/wp-content\/uploads\/2013\/07\/Unasur-Bolivia.jpg\",\"keywords\":[\"colonialisme\",\"Europe\",\"Evo Morales\",\"UNASUR\"],\"articleSection\":[\"Am\u00e9rique du Sud\",\"International\",\"Relations internationales\"],\"inLanguage\":\"fr-FR\"},{\"@type\":\"WebPage\",\"@id\":\"https:\/\/www.pressenza.com\/fr\/2013\/07\/face-a-une-amerique-du-sud-unie-et-souveraine-la-france-et-leurope-ridicules\/\",\"url\":\"https:\/\/www.pressenza.com\/fr\/2013\/07\/face-a-une-amerique-du-sud-unie-et-souveraine-la-france-et-leurope-ridicules\/\",\"name\":\"Face \u00e0 une Am\u00e9rique du Sud unie et souveraine, La France et l'Europe ridicules\",\"isPartOf\":{\"@id\":\"https:\/\/www.pressenza.com\/fr\/#website\"},\"primaryImageOfPage\":{\"@id\":\"https:\/\/www.pressenza.com\/fr\/2013\/07\/face-a-une-amerique-du-sud-unie-et-souveraine-la-france-et-leurope-ridicules\/#primaryimage\"},\"image\":{\"@id\":\"https:\/\/www.pressenza.com\/fr\/2013\/07\/face-a-une-amerique-du-sud-unie-et-souveraine-la-france-et-leurope-ridicules\/#primaryimage\"},\"thumbnailUrl\":\"https:\/\/www.pressenza.com\/wp-content\/uploads\/2013\/07\/Unasur-Bolivia.jpg\",\"datePublished\":\"2013-07-06T04:58:49+00:00\",\"dateModified\":\"2013-07-06T06:04:41+00:00\",\"description\":\"Les pr\u00e9sidents de l\u2019Union des Nations d\u2019Am\u00e9rique du Sud Rafael Correa (Equateur), Jos\u00e9 \\\"Pepe\\\" Mujica (Uruguay), Cristina Fernandez (Argentine), Evo\",\"breadcrumb\":{\"@id\":\"https:\/\/www.pressenza.com\/fr\/2013\/07\/face-a-une-amerique-du-sud-unie-et-souveraine-la-france-et-leurope-ridicules\/#breadcrumb\"},\"inLanguage\":\"fr-FR\",\"potentialAction\":[{\"@type\":\"ReadAction\",\"target\":[\"https:\/\/www.pressenza.com\/fr\/2013\/07\/face-a-une-amerique-du-sud-unie-et-souveraine-la-france-et-leurope-ridicules\/\"]}]},{\"@type\":\"ImageObject\",\"inLanguage\":\"fr-FR\",\"@id\":\"https:\/\/www.pressenza.com\/fr\/2013\/07\/face-a-une-amerique-du-sud-unie-et-souveraine-la-france-et-leurope-ridicules\/#primaryimage\",\"url\":\"https:\/\/www.pressenza.com\/wp-content\/uploads\/2013\/07\/Unasur-Bolivia.jpg\",\"contentUrl\":\"https:\/\/www.pressenza.com\/wp-content\/uploads\/2013\/07\/Unasur-Bolivia.jpg\",\"width\":400,\"height\":266},{\"@type\":\"BreadcrumbList\",\"@id\":\"https:\/\/www.pressenza.com\/fr\/2013\/07\/face-a-une-amerique-du-sud-unie-et-souveraine-la-france-et-leurope-ridicules\/#breadcrumb\",\"itemListElement\":[{\"@type\":\"ListItem\",\"position\":1,\"name\":\"Accueil\",\"item\":\"https:\/\/www.pressenza.com\/fr\/\"},{\"@type\":\"ListItem\",\"position\":2,\"name\":\"Face \u00e0 une Am\u00e9rique du Sud unie et souveraine, La France et l&rsquo;Europe ridicules\"}]},{\"@type\":\"WebSite\",\"@id\":\"https:\/\/www.pressenza.com\/fr\/#website\",\"url\":\"https:\/\/www.pressenza.com\/fr\/\",\"name\":\"Pressenza\",\"description\":\"International Press Agency\",\"publisher\":{\"@id\":\"https:\/\/www.pressenza.com\/fr\/#organization\"},\"potentialAction\":[{\"@type\":\"SearchAction\",\"target\":{\"@type\":\"EntryPoint\",\"urlTemplate\":\"https:\/\/www.pressenza.com\/fr\/?s={search_term_string}\"},\"query-input\":{\"@type\":\"PropertyValueSpecification\",\"valueRequired\":true,\"valueName\":\"search_term_string\"}}],\"inLanguage\":\"fr-FR\"},{\"@type\":\"Organization\",\"@id\":\"https:\/\/www.pressenza.com\/fr\/#organization\",\"name\":\"Pressenza\",\"url\":\"https:\/\/www.pressenza.com\/fr\/\",\"logo\":{\"@type\":\"ImageObject\",\"inLanguage\":\"fr-FR\",\"@id\":\"https:\/\/www.pressenza.com\/fr\/#\/schema\/logo\/image\/\",\"url\":\"https:\/\/www.pressenza.com\/wp-content\/uploads\/2022\/10\/pressenza_logo_200x200.jpg\",\"contentUrl\":\"https:\/\/www.pressenza.com\/wp-content\/uploads\/2022\/10\/pressenza_logo_200x200.jpg\",\"width\":200,\"height\":200,\"caption\":\"Pressenza\"},\"image\":{\"@id\":\"https:\/\/www.pressenza.com\/fr\/#\/schema\/logo\/image\/\"},\"sameAs\":[\"https:\/\/www.facebook.com\/PressenzaItalia\",\"https:\/\/x.com\/PressenzaIPA\"]},{\"@type\":\"Person\",\"@id\":\"https:\/\/www.pressenza.com\/fr\/#\/schema\/person\/154d7e582930cff90f302a120ca0aab6\",\"name\":\"Venezuela Infos\",\"description\":\"Venezuelainfos, Le blog de Thierry Deronne Cin\u00e9aste, universitaire, licenci\u00e9 en communications sociales (ihecs.be), je vis depuis 1994 au Venezuela pour travailler \u00e0 l'appropriation populaire des m\u00e9dias. Dans un monde o\u00f9 la politique est largement pass\u00e9e sous commande des m\u00e9dias, faire la r\u00e9volution signifie non seulement d\u00e9mocratiser leur propri\u00e9t\u00e9 mais aussi changer leur mode de production. Par exemple, abandonner la forme \\\"studio\\\" pour cr\u00e9er l'information \u00e0 partir des organisations populaires. Ou refonder des \u00e9coles de communication populaire aux antipodes d'un journalisme format\u00e9 par le libre march\u00e9. Courriel: blogvenezuelainfos@gmail.com\",\"url\":\"https:\/\/www.pressenza.com\/fr\/author\/venezuela-infos\/\"}]}<\/script>\n<!-- \/ Yoast SEO plugin. -->","yoast_head_json":{"title":"Face \u00e0 une Am\u00e9rique du Sud unie et souveraine, La France et l'Europe ridicules","description":"Les pr\u00e9sidents de l\u2019Union des Nations d\u2019Am\u00e9rique du Sud Rafael Correa (Equateur), Jos\u00e9 \"Pepe\" Mujica (Uruguay), Cristina Fernandez (Argentine), Evo","robots":{"index":"index","follow":"follow","max-snippet":"max-snippet:-1","max-image-preview":"max-image-preview:large","max-video-preview":"max-video-preview:-1"},"canonical":"https:\/\/www.pressenza.com\/fr\/2013\/07\/face-a-une-amerique-du-sud-unie-et-souveraine-la-france-et-leurope-ridicules\/","og_locale":"fr_FR","og_type":"article","og_title":"Face \u00e0 une Am\u00e9rique du Sud unie et souveraine, La France et l'Europe ridicules","og_description":"Les pr\u00e9sidents de l\u2019Union des Nations d\u2019Am\u00e9rique du Sud Rafael Correa (Equateur), Jos\u00e9 \"Pepe\" Mujica (Uruguay), Cristina Fernandez (Argentine), Evo","og_url":"https:\/\/www.pressenza.com\/fr\/2013\/07\/face-a-une-amerique-du-sud-unie-et-souveraine-la-france-et-leurope-ridicules\/","og_site_name":"Pressenza","article_publisher":"https:\/\/www.facebook.com\/PressenzaItalia","article_published_time":"2013-07-06T04:58:49+00:00","article_modified_time":"2013-07-06T06:04:41+00:00","og_image":[{"width":400,"height":266,"url":"https:\/\/www.pressenza.com\/wp-content\/uploads\/2013\/07\/Unasur-Bolivia.jpg","type":"image\/jpeg"}],"author":"Venezuela Infos","twitter_card":"summary_large_image","twitter_creator":"@PressenzaIPA","twitter_site":"@PressenzaIPA","twitter_misc":{"\u00c9crit par":"Venezuela Infos","Dur\u00e9e de lecture estim\u00e9e":"7 minutes"},"schema":{"@context":"https:\/\/schema.org","@graph":[{"@type":"Article","@id":"https:\/\/www.pressenza.com\/fr\/2013\/07\/face-a-une-amerique-du-sud-unie-et-souveraine-la-france-et-leurope-ridicules\/#article","isPartOf":{"@id":"https:\/\/www.pressenza.com\/fr\/2013\/07\/face-a-une-amerique-du-sud-unie-et-souveraine-la-france-et-leurope-ridicules\/"},"author":{"name":"Venezuela Infos","@id":"https:\/\/www.pressenza.com\/fr\/#\/schema\/person\/154d7e582930cff90f302a120ca0aab6"},"headline":"Face \u00e0 une Am\u00e9rique du Sud unie et souveraine, La France et l&rsquo;Europe ridicules","datePublished":"2013-07-06T04:58:49+00:00","dateModified":"2013-07-06T06:04:41+00:00","mainEntityOfPage":{"@id":"https:\/\/www.pressenza.com\/fr\/2013\/07\/face-a-une-amerique-du-sud-unie-et-souveraine-la-france-et-leurope-ridicules\/"},"wordCount":1332,"publisher":{"@id":"https:\/\/www.pressenza.com\/fr\/#organization"},"image":{"@id":"https:\/\/www.pressenza.com\/fr\/2013\/07\/face-a-une-amerique-du-sud-unie-et-souveraine-la-france-et-leurope-ridicules\/#primaryimage"},"thumbnailUrl":"https:\/\/www.pressenza.com\/wp-content\/uploads\/2013\/07\/Unasur-Bolivia.jpg","keywords":["colonialisme","Europe","Evo Morales","UNASUR"],"articleSection":["Am\u00e9rique du Sud","International","Relations internationales"],"inLanguage":"fr-FR"},{"@type":"WebPage","@id":"https:\/\/www.pressenza.com\/fr\/2013\/07\/face-a-une-amerique-du-sud-unie-et-souveraine-la-france-et-leurope-ridicules\/","url":"https:\/\/www.pressenza.com\/fr\/2013\/07\/face-a-une-amerique-du-sud-unie-et-souveraine-la-france-et-leurope-ridicules\/","name":"Face \u00e0 une Am\u00e9rique du Sud unie et souveraine, La France et l'Europe ridicules","isPartOf":{"@id":"https:\/\/www.pressenza.com\/fr\/#website"},"primaryImageOfPage":{"@id":"https:\/\/www.pressenza.com\/fr\/2013\/07\/face-a-une-amerique-du-sud-unie-et-souveraine-la-france-et-leurope-ridicules\/#primaryimage"},"image":{"@id":"https:\/\/www.pressenza.com\/fr\/2013\/07\/face-a-une-amerique-du-sud-unie-et-souveraine-la-france-et-leurope-ridicules\/#primaryimage"},"thumbnailUrl":"https:\/\/www.pressenza.com\/wp-content\/uploads\/2013\/07\/Unasur-Bolivia.jpg","datePublished":"2013-07-06T04:58:49+00:00","dateModified":"2013-07-06T06:04:41+00:00","description":"Les pr\u00e9sidents de l\u2019Union des Nations d\u2019Am\u00e9rique du Sud Rafael Correa (Equateur), Jos\u00e9 \"Pepe\" Mujica (Uruguay), Cristina Fernandez (Argentine), Evo","breadcrumb":{"@id":"https:\/\/www.pressenza.com\/fr\/2013\/07\/face-a-une-amerique-du-sud-unie-et-souveraine-la-france-et-leurope-ridicules\/#breadcrumb"},"inLanguage":"fr-FR","potentialAction":[{"@type":"ReadAction","target":["https:\/\/www.pressenza.com\/fr\/2013\/07\/face-a-une-amerique-du-sud-unie-et-souveraine-la-france-et-leurope-ridicules\/"]}]},{"@type":"ImageObject","inLanguage":"fr-FR","@id":"https:\/\/www.pressenza.com\/fr\/2013\/07\/face-a-une-amerique-du-sud-unie-et-souveraine-la-france-et-leurope-ridicules\/#primaryimage","url":"https:\/\/www.pressenza.com\/wp-content\/uploads\/2013\/07\/Unasur-Bolivia.jpg","contentUrl":"https:\/\/www.pressenza.com\/wp-content\/uploads\/2013\/07\/Unasur-Bolivia.jpg","width":400,"height":266},{"@type":"BreadcrumbList","@id":"https:\/\/www.pressenza.com\/fr\/2013\/07\/face-a-une-amerique-du-sud-unie-et-souveraine-la-france-et-leurope-ridicules\/#breadcrumb","itemListElement":[{"@type":"ListItem","position":1,"name":"Accueil","item":"https:\/\/www.pressenza.com\/fr\/"},{"@type":"ListItem","position":2,"name":"Face \u00e0 une Am\u00e9rique du Sud unie et souveraine, La France et l&rsquo;Europe ridicules"}]},{"@type":"WebSite","@id":"https:\/\/www.pressenza.com\/fr\/#website","url":"https:\/\/www.pressenza.com\/fr\/","name":"Pressenza","description":"International Press Agency","publisher":{"@id":"https:\/\/www.pressenza.com\/fr\/#organization"},"potentialAction":[{"@type":"SearchAction","target":{"@type":"EntryPoint","urlTemplate":"https:\/\/www.pressenza.com\/fr\/?s={search_term_string}"},"query-input":{"@type":"PropertyValueSpecification","valueRequired":true,"valueName":"search_term_string"}}],"inLanguage":"fr-FR"},{"@type":"Organization","@id":"https:\/\/www.pressenza.com\/fr\/#organization","name":"Pressenza","url":"https:\/\/www.pressenza.com\/fr\/","logo":{"@type":"ImageObject","inLanguage":"fr-FR","@id":"https:\/\/www.pressenza.com\/fr\/#\/schema\/logo\/image\/","url":"https:\/\/www.pressenza.com\/wp-content\/uploads\/2022\/10\/pressenza_logo_200x200.jpg","contentUrl":"https:\/\/www.pressenza.com\/wp-content\/uploads\/2022\/10\/pressenza_logo_200x200.jpg","width":200,"height":200,"caption":"Pressenza"},"image":{"@id":"https:\/\/www.pressenza.com\/fr\/#\/schema\/logo\/image\/"},"sameAs":["https:\/\/www.facebook.com\/PressenzaItalia","https:\/\/x.com\/PressenzaIPA"]},{"@type":"Person","@id":"https:\/\/www.pressenza.com\/fr\/#\/schema\/person\/154d7e582930cff90f302a120ca0aab6","name":"Venezuela Infos","description":"Venezuelainfos, Le blog de Thierry Deronne Cin\u00e9aste, universitaire, licenci\u00e9 en communications sociales (ihecs.be), je vis depuis 1994 au Venezuela pour travailler \u00e0 l'appropriation populaire des m\u00e9dias. Dans un monde o\u00f9 la politique est largement pass\u00e9e sous commande des m\u00e9dias, faire la r\u00e9volution signifie non seulement d\u00e9mocratiser leur propri\u00e9t\u00e9 mais aussi changer leur mode de production. Par exemple, abandonner la forme \"studio\" pour cr\u00e9er l'information \u00e0 partir des organisations populaires. Ou refonder des \u00e9coles de communication populaire aux antipodes d'un journalisme format\u00e9 par le libre march\u00e9. Courriel: blogvenezuelainfos@gmail.com","url":"https:\/\/www.pressenza.com\/fr\/author\/venezuela-infos\/"}]}},"place":"","original_article_url":"","_links":{"self":[{"href":"https:\/\/www.pressenza.com\/fr\/wp-json\/wp\/v2\/posts\/59917","targetHints":{"allow":["GET"]}}],"collection":[{"href":"https:\/\/www.pressenza.com\/fr\/wp-json\/wp\/v2\/posts"}],"about":[{"href":"https:\/\/www.pressenza.com\/fr\/wp-json\/wp\/v2\/types\/post"}],"author":[{"embeddable":true,"href":"https:\/\/www.pressenza.com\/fr\/wp-json\/wp\/v2\/users\/882"}],"replies":[{"embeddable":true,"href":"https:\/\/www.pressenza.com\/fr\/wp-json\/wp\/v2\/comments?post=59917"}],"version-history":[{"count":0,"href":"https:\/\/www.pressenza.com\/fr\/wp-json\/wp\/v2\/posts\/59917\/revisions"}],"wp:featuredmedia":[{"embeddable":true,"href":"https:\/\/www.pressenza.com\/fr\/wp-json\/wp\/v2\/media\/59929"}],"wp:attachment":[{"href":"https:\/\/www.pressenza.com\/fr\/wp-json\/wp\/v2\/media?parent=59917"}],"wp:term":[{"taxonomy":"category","embeddable":true,"href":"https:\/\/www.pressenza.com\/fr\/wp-json\/wp\/v2\/categories?post=59917"},{"taxonomy":"post_tag","embeddable":true,"href":"https:\/\/www.pressenza.com\/fr\/wp-json\/wp\/v2\/tags?post=59917"}],"curies":[{"name":"wp","href":"https:\/\/api.w.org\/{rel}","templated":true}]}}