{"id":590461,"date":"2018-02-01T19:09:43","date_gmt":"2018-02-01T19:09:43","guid":{"rendered":"https:\/\/www.pressenza.com\/?p=590461"},"modified":"2018-02-02T04:13:45","modified_gmt":"2018-02-02T04:13:45","slug":"nuit-de-presse-demain-medias-controle","status":"publish","type":"post","link":"https:\/\/www.pressenza.com\/fr\/2018\/02\/nuit-de-presse-demain-medias-controle\/","title":{"rendered":"Nuit de la presse : Demain, tous les m\u00e9dias sous contr\u00f4le ?"},"content":{"rendered":"<p>Le 25 janvier 2018, l\u2019Institut fran\u00e7ais, Reporters sans fronti\u00e8res et la Ga\u00eet\u00e9 Lyrique ont propos\u00e9 la \u201cNuit de la presse\u201d. Parmi les th\u00e9matiques abord\u00e9es lors de cet \u00e9v\u00e9nement : la libert\u00e9 de la presse, les r\u00e9sistances \u00e0 la censure et le futur du journalisme.<\/p>\n<p><span style=\"font-weight: 400;\">Pressenza a particip\u00e9 \u00e0 cet \u00e9v\u00e9nement et revient sur les \u00e9l\u00e9ments marquants d&rsquo;une table ronde sur le th\u00e8me : <\/span><b>Demain, tous les m\u00e9dias sous contr\u00f4le ?<\/b><\/p>\n<p><span style=\"font-weight: 400;\">Les invit\u00e9s ont \u00e9chang\u00e9 sur l\u2019impact r\u00e9el des sph\u00e8res d\u2019argent et du pouvoir politique sur l\u2019ind\u00e9pendance de certaines r\u00e9dactions. Ce qui pose des questions sur l\u2019exercice m\u00eame du journalisme. Jusqu\u2019o\u00f9 peut aller le contr\u00f4le des m\u00e9dias ? Comment se pr\u00e9munir contre ces atteintes ? Quel est le r\u00f4le de l&rsquo;\u00e9tat ?<\/span><\/p>\n<p><span style=\"font-weight: 400;\">Christophe Deloire, secr\u00e9taire g\u00e9n\u00e9ral de Reporters sans fronti\u00e8res, a parl\u00e9 de la n\u00e9cessit\u00e9 de prot\u00e9ger l\u2019ind\u00e9pendance de la presse par rapport aux puissances financi\u00e8res. Il prend comme exemple le cas Vincent Bollor\u00e9, et certaines des mesures controvers\u00e9es mises en place depuis son arriv\u00e9e \u00e0 la t\u00eate du conseil de surveillance du Groupe Canal+. Par exemple, la d\u00e9programmation d\u2019\u00e9missions comme le Zapping ou Sp\u00e9cial Investigation, au profit d&rsquo;\u00e9missions de divertissement. Une technique souvent utilis\u00e9e par les oligarques pour d\u00e9tourner l\u2019attention des sujets importants et souvent controvers\u00e9s li\u00e9s \u00e0 leurs affaires. \u00a0<\/span><\/p>\n<p><span style=\"font-weight: 400;\">Souhaitez-vous savoir davantage sur ce sujet ? N&rsquo;h\u00e9sitez pas \u00e0 consulter\u00a0<\/span><span style=\"font-weight: 400;\">les articles suivants :<\/span><\/p>\n<p><a href=\"https:\/\/www.vice.com\/fr\/article\/dpm9dv\/pourquoi-canal-plus-a-supprime-special-investigation\"><b><i>Pourquoi Canal+ a supprim\u00e9 \u00ab Sp\u00e9cial Investigation \u00bb<\/i><\/b><\/a><span style=\"font-weight: 400;\">, publi\u00e9 par Vice en Octobre 2016.<\/span><\/p>\n<p><a href=\"http:\/\/www.telerama.fr\/medias\/vincent-bollore-dans-le-viseur-de-reporter-sans-frontieres,n5409042.php\"><b><i>Censure sur Canal+ : Vincent Bollor\u00e9 dans le viseur de Reporters sans fronti\u00e8res<\/i><\/b><\/a><span style=\"font-weight: 400;\">, publi\u00e9 par T\u00e9l\u00e9rama en D\u00e9cembre 2017.<\/span><\/p>\n<p><span style=\"font-weight: 400;\">De son c\u00f4t\u00e9, Laurent Mauduit, journaliste, co-fondateur de M\u00e9diapart, auteur de \u201cMain basse sur l&rsquo;information\u201d (Don Quichotte, 2016), les dangers de la presse sont de multiples natures. <\/span><i><span style=\"font-weight: 400;\">\u201cLa presse est aujourd\u2019hui \u00e0 la botte et ob\u00e9it au gouvernement et aux plus puissants\u201d<\/span><\/i><span style=\"font-weight: 400;\">, selon lui, le gouvernement doit \u00eatre au contraire le garant de la libert\u00e9 de la presse, et s\u2019investir davantage pour \u00e9viter les conflits d&rsquo;int\u00e9r\u00eat. Il est inadmissible que de plus en plus d\u2019entreprises marchandes poss\u00e8dent des groupes de presse, et mettent l&rsquo;information au service de leurs affaires. Par exemple, quelle l\u00e9gitimit\u00e9 peut avoir le journal Les Echos pour s&rsquo;exprimer sur les affaires de LVMH ou du secteur du luxe ? Rappelons que Le Groupe Les Echos appartient \u00e0\u00a0LVMH.\u00a0<\/span><\/p>\n<p><span style=\"font-weight: 400;\">Pour Laurent Mauduit, les m\u00e9dias ind\u00e9pendants doivent lutter sans rel\u00e2che pour garder leur libert\u00e9 et cela passe par un contenu de qualit\u00e9 permettant d\u2019attirer un nombre de lecteurs suffisant pour garantir la viabilit\u00e9 du mod\u00e8le \u00e9conomique. Mediapart, par exemple, poss\u00e8de aujourd\u2019hui 140 000 abonn\u00e9s, ce qui lui permet d\u2019assurer l\u2019emploi de 90 personnes en CDI, dont 55 journalistes. \u00a0<\/span><\/p>\n<p><strong>Conclusion<\/strong><\/p>\n<p><span style=\"font-weight: 400;\">Ce d\u00e9bat a permis d\u2019aborder des th\u00e8mes de fond, mais nous sommes oblig\u00e9s de constater que la situation actuelle des m\u00e9dias est particuli\u00e8rement sensible. Une r\u00e9flexion de fond doit \u00eatre men\u00e9e pour imaginer des solutions innovantes permettant de garantir une presse libre et ind\u00e9pendante. En attendant, nous continuons \u00e0 Pressenza \u00e0 exercer notre m\u00e9tier de fa\u00e7on libre, sans aucune pression financi\u00e8re, car notre mod\u00e8le n\u2019est pas \u00e9conomique, mais social. Nous sommes un groupement de citoyens volontaires et engag\u00e9s, r\u00e9unis pour porter un regard engag\u00e9 sur notre soci\u00e9t\u00e9. Notre objectif est de lutter pour un monde meilleur, plus humain et juste. \u00a0\u00a0<\/span><\/p>\n<hr \/>\n<p><em><strong>Quelques exemples qui illustrent la tendance \u00e0 la concentration dans la presse fran\u00e7aise : <\/strong><\/em><\/p>\n<ul>\n<li><span style=\"font-weight: 400;\">Le rapprochement progressif de Lib\u00e9ration, L\u2019Express, RMC et BFMTV au sein du groupe de Patrick Drahi ; <\/span><\/li>\n<li><span style=\"font-weight: 400;\">la fusion de L\u2019Obs et du Groupe Le Monde contr\u00f4l\u00e9 par le trio Berg\u00e9\/Niel\/Pigasse ;<\/span><\/li>\n<li><span style=\"font-weight: 400;\">Le rachat du Parisien\/Aujourd\u2019hui en France par Bernard Arnault, d\u00e9j\u00e0 propri\u00e9taire des \u00c9chos et de Radio classique ; <\/span><\/li>\n<li><span style=\"font-weight: 400;\">Le mariage forc\u00e9 entre I-T\u00e9l\u00e9, Canal+ et Direct Matin sous la f\u00e9rule de Vincent Bollor\u00e9.<\/span><\/li>\n<\/ul>\n<hr \/>\n<p>&nbsp;<\/p>\n","protected":false},"excerpt":{"rendered":"<p>Le 25 janvier 2018, l\u2019Institut fran\u00e7ais, Reporters sans fronti\u00e8res et la Ga\u00eet\u00e9 Lyrique ont propos\u00e9 la \u201cNuit de la presse\u201d. Parmi les th\u00e9matiques abord\u00e9es lors de cet \u00e9v\u00e9nement : la libert\u00e9 de la presse, les r\u00e9sistances \u00e0 la censure et&hellip;<\/p>\n","protected":false},"author":1239,"featured_media":590462,"comment_status":"closed","ping_status":"closed","sticky":false,"template":"","format":"standard","meta":{"footnotes":""},"categories":[11386,94,85,163],"tags":[43348,15408,4042,8258,43338,764,7233],"class_list":["post-590461","post","type-post","status-publish","format-standard","has-post-thumbnail","hentry","category-contenu-original","category-culture-fr","category-europe-fr","category-opinion-fr","tag-conflits-dinterets","tag-controle","tag-independance","tag-liberte","tag-nuit-de-la-presse","tag-presse","tag-rsf-fr"],"yoast_head":"<!-- This site is optimized with the Yoast SEO plugin v27.1.1 - https:\/\/yoast.com\/product\/yoast-seo-wordpress\/ -->\n<title>Nuit de la presse : Demain, tous les m\u00e9dias sous contr\u00f4le ?<\/title>\n<meta name=\"description\" content=\"Le 25 janvier 2018, l\u2019Institut fran\u00e7ais, Reporters sans fronti\u00e8res et la Ga\u00eet\u00e9 Lyrique ont propos\u00e9 la \u201cNuit de la presse\u201d. Parmi les th\u00e9matiques abord\u00e9es\" \/>\n<meta name=\"robots\" content=\"index, follow, max-snippet:-1, max-image-preview:large, max-video-preview:-1\" \/>\n<link rel=\"canonical\" href=\"https:\/\/www.pressenza.com\/fr\/2018\/02\/nuit-de-presse-demain-medias-controle\/\" \/>\n<meta property=\"og:locale\" content=\"fr_FR\" \/>\n<meta property=\"og:type\" content=\"article\" \/>\n<meta property=\"og:title\" content=\"Nuit de la presse : Demain, tous les m\u00e9dias sous contr\u00f4le ?\" \/>\n<meta property=\"og:description\" content=\"Le 25 janvier 2018, l\u2019Institut fran\u00e7ais, Reporters sans fronti\u00e8res et la Ga\u00eet\u00e9 Lyrique ont propos\u00e9 la \u201cNuit de la presse\u201d. Parmi les th\u00e9matiques abord\u00e9es\" \/>\n<meta property=\"og:url\" content=\"https:\/\/www.pressenza.com\/fr\/2018\/02\/nuit-de-presse-demain-medias-controle\/\" \/>\n<meta property=\"og:site_name\" content=\"Pressenza\" \/>\n<meta property=\"article:publisher\" content=\"https:\/\/www.facebook.com\/PressenzaItalia\" \/>\n<meta property=\"article:published_time\" content=\"2018-02-01T19:09:43+00:00\" \/>\n<meta property=\"article:modified_time\" content=\"2018-02-02T04:13:45+00:00\" \/>\n<meta property=\"og:image\" content=\"https:\/\/www.pressenza.com\/wp-content\/uploads\/2018\/02\/La-nuit-de-la-presse.jpg\" \/>\n\t<meta property=\"og:image:width\" content=\"2048\" \/>\n\t<meta property=\"og:image:height\" content=\"1536\" \/>\n\t<meta property=\"og:image:type\" content=\"image\/jpeg\" \/>\n<meta name=\"author\" content=\"Mauricio Alvarez\" \/>\n<meta name=\"twitter:card\" content=\"summary_large_image\" \/>\n<meta name=\"twitter:creator\" content=\"@PressenzaIPA\" \/>\n<meta name=\"twitter:site\" content=\"@PressenzaIPA\" \/>\n<meta name=\"twitter:label1\" content=\"\u00c9crit par\" \/>\n\t<meta name=\"twitter:data1\" content=\"Mauricio Alvarez\" \/>\n\t<meta name=\"twitter:label2\" content=\"Dur\u00e9e de lecture estim\u00e9e\" \/>\n\t<meta name=\"twitter:data2\" content=\"3 minutes\" \/>\n<script type=\"application\/ld+json\" class=\"yoast-schema-graph\">{\"@context\":\"https:\/\/schema.org\",\"@graph\":[{\"@type\":\"Article\",\"@id\":\"https:\/\/www.pressenza.com\/fr\/2018\/02\/nuit-de-presse-demain-medias-controle\/#article\",\"isPartOf\":{\"@id\":\"https:\/\/www.pressenza.com\/fr\/2018\/02\/nuit-de-presse-demain-medias-controle\/\"},\"author\":{\"name\":\"Mauricio Alvarez\",\"@id\":\"https:\/\/www.pressenza.com\/fr\/#\/schema\/person\/595bca0f45866843c12a8f871d1af093\"},\"headline\":\"Nuit de la presse : Demain, tous les m\u00e9dias sous contr\u00f4le ?\",\"datePublished\":\"2018-02-01T19:09:43+00:00\",\"dateModified\":\"2018-02-02T04:13:45+00:00\",\"mainEntityOfPage\":{\"@id\":\"https:\/\/www.pressenza.com\/fr\/2018\/02\/nuit-de-presse-demain-medias-controle\/\"},\"wordCount\":707,\"publisher\":{\"@id\":\"https:\/\/www.pressenza.com\/fr\/#organization\"},\"image\":{\"@id\":\"https:\/\/www.pressenza.com\/fr\/2018\/02\/nuit-de-presse-demain-medias-controle\/#primaryimage\"},\"thumbnailUrl\":\"https:\/\/www.pressenza.com\/wp-content\/uploads\/2018\/02\/La-nuit-de-la-presse.jpg\",\"keywords\":[\"conflits d'int\u00e9r\u00eats\",\"contr\u00f4le\",\"ind\u00e9pendance\",\"libert\u00e9\",\"Nuit de la presse\",\"Presse\",\"RSF\"],\"articleSection\":[\"Contenu Original\",\"Culture et M\u00e9dias\",\"Europe\",\"Opinion\"],\"inLanguage\":\"fr-FR\"},{\"@type\":\"WebPage\",\"@id\":\"https:\/\/www.pressenza.com\/fr\/2018\/02\/nuit-de-presse-demain-medias-controle\/\",\"url\":\"https:\/\/www.pressenza.com\/fr\/2018\/02\/nuit-de-presse-demain-medias-controle\/\",\"name\":\"Nuit de la presse : Demain, tous les m\u00e9dias sous contr\u00f4le ?\",\"isPartOf\":{\"@id\":\"https:\/\/www.pressenza.com\/fr\/#website\"},\"primaryImageOfPage\":{\"@id\":\"https:\/\/www.pressenza.com\/fr\/2018\/02\/nuit-de-presse-demain-medias-controle\/#primaryimage\"},\"image\":{\"@id\":\"https:\/\/www.pressenza.com\/fr\/2018\/02\/nuit-de-presse-demain-medias-controle\/#primaryimage\"},\"thumbnailUrl\":\"https:\/\/www.pressenza.com\/wp-content\/uploads\/2018\/02\/La-nuit-de-la-presse.jpg\",\"datePublished\":\"2018-02-01T19:09:43+00:00\",\"dateModified\":\"2018-02-02T04:13:45+00:00\",\"description\":\"Le 25 janvier 2018, l\u2019Institut fran\u00e7ais, Reporters sans fronti\u00e8res et la Ga\u00eet\u00e9 Lyrique ont propos\u00e9 la \u201cNuit de la presse\u201d. Parmi les th\u00e9matiques abord\u00e9es\",\"breadcrumb\":{\"@id\":\"https:\/\/www.pressenza.com\/fr\/2018\/02\/nuit-de-presse-demain-medias-controle\/#breadcrumb\"},\"inLanguage\":\"fr-FR\",\"potentialAction\":[{\"@type\":\"ReadAction\",\"target\":[\"https:\/\/www.pressenza.com\/fr\/2018\/02\/nuit-de-presse-demain-medias-controle\/\"]}]},{\"@type\":\"ImageObject\",\"inLanguage\":\"fr-FR\",\"@id\":\"https:\/\/www.pressenza.com\/fr\/2018\/02\/nuit-de-presse-demain-medias-controle\/#primaryimage\",\"url\":\"https:\/\/www.pressenza.com\/wp-content\/uploads\/2018\/02\/La-nuit-de-la-presse.jpg\",\"contentUrl\":\"https:\/\/www.pressenza.com\/wp-content\/uploads\/2018\/02\/La-nuit-de-la-presse.jpg\",\"width\":2048,\"height\":1536},{\"@type\":\"BreadcrumbList\",\"@id\":\"https:\/\/www.pressenza.com\/fr\/2018\/02\/nuit-de-presse-demain-medias-controle\/#breadcrumb\",\"itemListElement\":[{\"@type\":\"ListItem\",\"position\":1,\"name\":\"Accueil\",\"item\":\"https:\/\/www.pressenza.com\/fr\/\"},{\"@type\":\"ListItem\",\"position\":2,\"name\":\"Nuit de la presse : Demain, tous les m\u00e9dias sous contr\u00f4le ?\"}]},{\"@type\":\"WebSite\",\"@id\":\"https:\/\/www.pressenza.com\/fr\/#website\",\"url\":\"https:\/\/www.pressenza.com\/fr\/\",\"name\":\"Pressenza\",\"description\":\"International Press Agency\",\"publisher\":{\"@id\":\"https:\/\/www.pressenza.com\/fr\/#organization\"},\"potentialAction\":[{\"@type\":\"SearchAction\",\"target\":{\"@type\":\"EntryPoint\",\"urlTemplate\":\"https:\/\/www.pressenza.com\/fr\/?s={search_term_string}\"},\"query-input\":{\"@type\":\"PropertyValueSpecification\",\"valueRequired\":true,\"valueName\":\"search_term_string\"}}],\"inLanguage\":\"fr-FR\"},{\"@type\":\"Organization\",\"@id\":\"https:\/\/www.pressenza.com\/fr\/#organization\",\"name\":\"Pressenza\",\"url\":\"https:\/\/www.pressenza.com\/fr\/\",\"logo\":{\"@type\":\"ImageObject\",\"inLanguage\":\"fr-FR\",\"@id\":\"https:\/\/www.pressenza.com\/fr\/#\/schema\/logo\/image\/\",\"url\":\"https:\/\/www.pressenza.com\/wp-content\/uploads\/2022\/10\/pressenza_logo_200x200.jpg\",\"contentUrl\":\"https:\/\/www.pressenza.com\/wp-content\/uploads\/2022\/10\/pressenza_logo_200x200.jpg\",\"width\":200,\"height\":200,\"caption\":\"Pressenza\"},\"image\":{\"@id\":\"https:\/\/www.pressenza.com\/fr\/#\/schema\/logo\/image\/\"},\"sameAs\":[\"https:\/\/www.facebook.com\/PressenzaItalia\",\"https:\/\/x.com\/PressenzaIPA\"]},{\"@type\":\"Person\",\"@id\":\"https:\/\/www.pressenza.com\/fr\/#\/schema\/person\/595bca0f45866843c12a8f871d1af093\",\"name\":\"Mauricio Alvarez\",\"url\":\"https:\/\/www.pressenza.com\/fr\/author\/mauricio-alvarez\/\"}]}<\/script>\n<!-- \/ Yoast SEO plugin. -->","yoast_head_json":{"title":"Nuit de la presse : Demain, tous les m\u00e9dias sous contr\u00f4le ?","description":"Le 25 janvier 2018, l\u2019Institut fran\u00e7ais, Reporters sans fronti\u00e8res et la Ga\u00eet\u00e9 Lyrique ont propos\u00e9 la \u201cNuit de la presse\u201d. Parmi les th\u00e9matiques abord\u00e9es","robots":{"index":"index","follow":"follow","max-snippet":"max-snippet:-1","max-image-preview":"max-image-preview:large","max-video-preview":"max-video-preview:-1"},"canonical":"https:\/\/www.pressenza.com\/fr\/2018\/02\/nuit-de-presse-demain-medias-controle\/","og_locale":"fr_FR","og_type":"article","og_title":"Nuit de la presse : Demain, tous les m\u00e9dias sous contr\u00f4le ?","og_description":"Le 25 janvier 2018, l\u2019Institut fran\u00e7ais, Reporters sans fronti\u00e8res et la Ga\u00eet\u00e9 Lyrique ont propos\u00e9 la \u201cNuit de la presse\u201d. Parmi les th\u00e9matiques abord\u00e9es","og_url":"https:\/\/www.pressenza.com\/fr\/2018\/02\/nuit-de-presse-demain-medias-controle\/","og_site_name":"Pressenza","article_publisher":"https:\/\/www.facebook.com\/PressenzaItalia","article_published_time":"2018-02-01T19:09:43+00:00","article_modified_time":"2018-02-02T04:13:45+00:00","og_image":[{"width":2048,"height":1536,"url":"https:\/\/www.pressenza.com\/wp-content\/uploads\/2018\/02\/La-nuit-de-la-presse.jpg","type":"image\/jpeg"}],"author":"Mauricio Alvarez","twitter_card":"summary_large_image","twitter_creator":"@PressenzaIPA","twitter_site":"@PressenzaIPA","twitter_misc":{"\u00c9crit par":"Mauricio Alvarez","Dur\u00e9e de lecture estim\u00e9e":"3 minutes"},"schema":{"@context":"https:\/\/schema.org","@graph":[{"@type":"Article","@id":"https:\/\/www.pressenza.com\/fr\/2018\/02\/nuit-de-presse-demain-medias-controle\/#article","isPartOf":{"@id":"https:\/\/www.pressenza.com\/fr\/2018\/02\/nuit-de-presse-demain-medias-controle\/"},"author":{"name":"Mauricio Alvarez","@id":"https:\/\/www.pressenza.com\/fr\/#\/schema\/person\/595bca0f45866843c12a8f871d1af093"},"headline":"Nuit de la presse : Demain, tous les m\u00e9dias sous contr\u00f4le ?","datePublished":"2018-02-01T19:09:43+00:00","dateModified":"2018-02-02T04:13:45+00:00","mainEntityOfPage":{"@id":"https:\/\/www.pressenza.com\/fr\/2018\/02\/nuit-de-presse-demain-medias-controle\/"},"wordCount":707,"publisher":{"@id":"https:\/\/www.pressenza.com\/fr\/#organization"},"image":{"@id":"https:\/\/www.pressenza.com\/fr\/2018\/02\/nuit-de-presse-demain-medias-controle\/#primaryimage"},"thumbnailUrl":"https:\/\/www.pressenza.com\/wp-content\/uploads\/2018\/02\/La-nuit-de-la-presse.jpg","keywords":["conflits d'int\u00e9r\u00eats","contr\u00f4le","ind\u00e9pendance","libert\u00e9","Nuit de la presse","Presse","RSF"],"articleSection":["Contenu Original","Culture et M\u00e9dias","Europe","Opinion"],"inLanguage":"fr-FR"},{"@type":"WebPage","@id":"https:\/\/www.pressenza.com\/fr\/2018\/02\/nuit-de-presse-demain-medias-controle\/","url":"https:\/\/www.pressenza.com\/fr\/2018\/02\/nuit-de-presse-demain-medias-controle\/","name":"Nuit de la presse : Demain, tous les m\u00e9dias sous contr\u00f4le ?","isPartOf":{"@id":"https:\/\/www.pressenza.com\/fr\/#website"},"primaryImageOfPage":{"@id":"https:\/\/www.pressenza.com\/fr\/2018\/02\/nuit-de-presse-demain-medias-controle\/#primaryimage"},"image":{"@id":"https:\/\/www.pressenza.com\/fr\/2018\/02\/nuit-de-presse-demain-medias-controle\/#primaryimage"},"thumbnailUrl":"https:\/\/www.pressenza.com\/wp-content\/uploads\/2018\/02\/La-nuit-de-la-presse.jpg","datePublished":"2018-02-01T19:09:43+00:00","dateModified":"2018-02-02T04:13:45+00:00","description":"Le 25 janvier 2018, l\u2019Institut fran\u00e7ais, Reporters sans fronti\u00e8res et la Ga\u00eet\u00e9 Lyrique ont propos\u00e9 la \u201cNuit de la presse\u201d. Parmi les th\u00e9matiques abord\u00e9es","breadcrumb":{"@id":"https:\/\/www.pressenza.com\/fr\/2018\/02\/nuit-de-presse-demain-medias-controle\/#breadcrumb"},"inLanguage":"fr-FR","potentialAction":[{"@type":"ReadAction","target":["https:\/\/www.pressenza.com\/fr\/2018\/02\/nuit-de-presse-demain-medias-controle\/"]}]},{"@type":"ImageObject","inLanguage":"fr-FR","@id":"https:\/\/www.pressenza.com\/fr\/2018\/02\/nuit-de-presse-demain-medias-controle\/#primaryimage","url":"https:\/\/www.pressenza.com\/wp-content\/uploads\/2018\/02\/La-nuit-de-la-presse.jpg","contentUrl":"https:\/\/www.pressenza.com\/wp-content\/uploads\/2018\/02\/La-nuit-de-la-presse.jpg","width":2048,"height":1536},{"@type":"BreadcrumbList","@id":"https:\/\/www.pressenza.com\/fr\/2018\/02\/nuit-de-presse-demain-medias-controle\/#breadcrumb","itemListElement":[{"@type":"ListItem","position":1,"name":"Accueil","item":"https:\/\/www.pressenza.com\/fr\/"},{"@type":"ListItem","position":2,"name":"Nuit de la presse : Demain, tous les m\u00e9dias sous contr\u00f4le ?"}]},{"@type":"WebSite","@id":"https:\/\/www.pressenza.com\/fr\/#website","url":"https:\/\/www.pressenza.com\/fr\/","name":"Pressenza","description":"International Press Agency","publisher":{"@id":"https:\/\/www.pressenza.com\/fr\/#organization"},"potentialAction":[{"@type":"SearchAction","target":{"@type":"EntryPoint","urlTemplate":"https:\/\/www.pressenza.com\/fr\/?s={search_term_string}"},"query-input":{"@type":"PropertyValueSpecification","valueRequired":true,"valueName":"search_term_string"}}],"inLanguage":"fr-FR"},{"@type":"Organization","@id":"https:\/\/www.pressenza.com\/fr\/#organization","name":"Pressenza","url":"https:\/\/www.pressenza.com\/fr\/","logo":{"@type":"ImageObject","inLanguage":"fr-FR","@id":"https:\/\/www.pressenza.com\/fr\/#\/schema\/logo\/image\/","url":"https:\/\/www.pressenza.com\/wp-content\/uploads\/2022\/10\/pressenza_logo_200x200.jpg","contentUrl":"https:\/\/www.pressenza.com\/wp-content\/uploads\/2022\/10\/pressenza_logo_200x200.jpg","width":200,"height":200,"caption":"Pressenza"},"image":{"@id":"https:\/\/www.pressenza.com\/fr\/#\/schema\/logo\/image\/"},"sameAs":["https:\/\/www.facebook.com\/PressenzaItalia","https:\/\/x.com\/PressenzaIPA"]},{"@type":"Person","@id":"https:\/\/www.pressenza.com\/fr\/#\/schema\/person\/595bca0f45866843c12a8f871d1af093","name":"Mauricio Alvarez","url":"https:\/\/www.pressenza.com\/fr\/author\/mauricio-alvarez\/"}]}},"place":"Paris","original_article_url":"","_links":{"self":[{"href":"https:\/\/www.pressenza.com\/fr\/wp-json\/wp\/v2\/posts\/590461","targetHints":{"allow":["GET"]}}],"collection":[{"href":"https:\/\/www.pressenza.com\/fr\/wp-json\/wp\/v2\/posts"}],"about":[{"href":"https:\/\/www.pressenza.com\/fr\/wp-json\/wp\/v2\/types\/post"}],"author":[{"embeddable":true,"href":"https:\/\/www.pressenza.com\/fr\/wp-json\/wp\/v2\/users\/1239"}],"replies":[{"embeddable":true,"href":"https:\/\/www.pressenza.com\/fr\/wp-json\/wp\/v2\/comments?post=590461"}],"version-history":[{"count":0,"href":"https:\/\/www.pressenza.com\/fr\/wp-json\/wp\/v2\/posts\/590461\/revisions"}],"wp:featuredmedia":[{"embeddable":true,"href":"https:\/\/www.pressenza.com\/fr\/wp-json\/wp\/v2\/media\/590462"}],"wp:attachment":[{"href":"https:\/\/www.pressenza.com\/fr\/wp-json\/wp\/v2\/media?parent=590461"}],"wp:term":[{"taxonomy":"category","embeddable":true,"href":"https:\/\/www.pressenza.com\/fr\/wp-json\/wp\/v2\/categories?post=590461"},{"taxonomy":"post_tag","embeddable":true,"href":"https:\/\/www.pressenza.com\/fr\/wp-json\/wp\/v2\/tags?post=590461"}],"curies":[{"name":"wp","href":"https:\/\/api.w.org\/{rel}","templated":true}]}}