{"id":57937,"date":"2013-06-23T22:45:33","date_gmt":"2013-06-23T21:45:33","guid":{"rendered":"http:\/\/www.pressenza.com\/?p=57937"},"modified":"2013-06-23T23:16:52","modified_gmt":"2013-06-23T22:16:52","slug":"le-reveil-de-la-depression-a-la-creation-theatrale","status":"publish","type":"post","link":"https:\/\/www.pressenza.com\/fr\/2013\/06\/le-reveil-de-la-depression-a-la-creation-theatrale\/","title":{"rendered":"Le r\u00e9veil : De la d\u00e9pression \u00e0 la cr\u00e9ation th\u00e9\u00e2trale"},"content":{"rendered":"<p><strong>\u00ab J&rsquo;ai d\u00e9cid\u00e9 de vivre ma d\u00e9pression comme une opportunit\u00e9. \u00bb<\/strong><\/p>\n<p>Karine a pris conscience de son rythme de vie effr\u00e9n\u00e9 lorsqu&rsquo;elle est diagnostiqu\u00e9e d\u00e9pressive. Plac\u00e9e en arr\u00eat maladie, elle va profiter de ce temps \u00ab\u00a0libre\u00a0\u00bb pour faire le point sur son parcours. Elle\u00a0r\u00e9alise qu&rsquo;elle ne sait pas s&rsquo;\u00e9couter et que son rythme de vie l&rsquo;a progressivement \u00e9loign\u00e9 de ses vrais d\u00e9sirs.<\/p>\n<p>En cr\u00e9ant un spectacle retra\u00e7ant son propre parcours intitul\u00e9 \u00a0\u00bb Le r\u00e9veil \u00ab\u00a0, elle se permet de renouer avec ses r\u00eaves d&rsquo;enfant et de se r\u00e9aliser. Pour Karine, c&rsquo;est l&rsquo;occasion de se reconnecter avec elle-m\u00eame.<\/p>\n<p>Dans \u00ab\u00a0Le r\u00e9veil\u00a0\u00bb Karine met en sc\u00e8ne le personnage de Sophie, une jeune femme en \u00ab re-naissance \u00bb.\u00a0Enferm\u00e9e pour d\u00e9pression dans une chambre d&rsquo;h\u00f4pital, celle-ci fait le point sur sa vie et essaie de comprendre pourquoi elle court et apr\u00e8s quoi ? Alors, qu&rsquo;elle incarne tout \u00e0 tour, l&rsquo;enfant sage, l&rsquo;adolescente studieuse, la femme d&rsquo;affaires stress\u00e9e, elle constate combien elle s&rsquo;est \u00e9loign\u00e9e d&rsquo;elle et de ce qu&rsquo;elle aimait vraiment. Qui est-elle ? Un vide rempli de peur. Malgr\u00e9 la fatigue elle trouvera le courage de vaincre ses peurs et de renouer avec son \u00e9nergie cr\u00e9atrice. \u00a0\u00bb<\/p>\n\n<p><strong>Ingr\u00e9dients :<\/strong><\/p>\n<p>&#8211; Faire face \u00e0 ses peurs qui sont des constructions mentales<\/p>\n<p>&#8211; Oser int\u00e9grer le monde du spectactle sans formation pr\u00e9alable<\/p>\n<p><strong>\u00a0Difficult\u00e9s \u00e9ventuelles :<\/strong><\/p>\n<p>Le monde de l&rsquo;intermittence n&rsquo;est pas des plus s\u00e9curisant. En \u00e9tant novice, se lancer dans cet univers n\u00e9cessite donc un travail important sur ses propres peurs et freins.<\/p>\n<div>\n<p><strong>\u00a0Le mot du chef :<\/strong><\/p>\n<p>\u00a0\u00bb Quand ont traverse ses peurs, qui sont des constructions mentales, \u00a0elles disparaissent et tout devient possible ! \u00a0\u00bb<\/p>\n<p>Source :\u00a0<a href=\"http:\/\/www.onpassealacte.fr\/initiative.le-reveil-de-la-depression-a-la-creation-theatrale.sante.87049001600.html#.UbZUbedM-aI\">http:\/\/www.onpassealacte.fr\/initiative.le-reveil-de-la-depression-a-la-creation-theatrale.sante.87049001600.html#.UbZUbedM-aI<\/a><\/p>\n<\/div>\n","protected":false},"excerpt":{"rendered":"<p>\u00ab J&rsquo;ai d\u00e9cid\u00e9 de vivre ma d\u00e9pression comme une opportunit\u00e9. \u00bb Karine a pris conscience de son rythme de vie effr\u00e9n\u00e9 lorsqu&rsquo;elle est diagnostiqu\u00e9e d\u00e9pressive. Plac\u00e9e en arr\u00eat maladie, elle va profiter de ce temps \u00ab\u00a0libre\u00a0\u00bb pour faire le point&hellip;<\/p>\n","protected":false},"author":963,"featured_media":57944,"comment_status":"closed","ping_status":"open","sticky":false,"template":"","format":"standard","meta":{"footnotes":""},"categories":[85,1245],"tags":[5572,5571],"class_list":["post-57937","post","type-post","status-publish","format-standard","has-post-thumbnail","hentry","category-europe-fr","category-sante-sujet","tag-creation-theatrale","tag-depression"],"yoast_head":"<!-- This site is optimized with the Yoast SEO plugin v27.1.1 - https:\/\/yoast.com\/product\/yoast-seo-wordpress\/ -->\n<title>Le r\u00e9veil : De la d\u00e9pression \u00e0 la cr\u00e9ation th\u00e9\u00e2trale<\/title>\n<meta name=\"description\" content=\"\u00ab J&#039;ai d\u00e9cid\u00e9 de vivre ma d\u00e9pression comme une opportunit\u00e9. \u00bb Karine a pris conscience de son rythme de vie effr\u00e9n\u00e9 lorsqu&#039;elle est diagnostiqu\u00e9e\" \/>\n<meta name=\"robots\" content=\"index, follow, max-snippet:-1, max-image-preview:large, max-video-preview:-1\" \/>\n<link rel=\"canonical\" href=\"https:\/\/www.pressenza.com\/fr\/2013\/06\/le-reveil-de-la-depression-a-la-creation-theatrale\/\" \/>\n<meta property=\"og:locale\" content=\"fr_FR\" \/>\n<meta property=\"og:type\" content=\"article\" \/>\n<meta property=\"og:title\" content=\"Le r\u00e9veil : De la d\u00e9pression \u00e0 la cr\u00e9ation th\u00e9\u00e2trale\" \/>\n<meta property=\"og:description\" content=\"\u00ab J&#039;ai d\u00e9cid\u00e9 de vivre ma d\u00e9pression comme une opportunit\u00e9. \u00bb Karine a pris conscience de son rythme de vie effr\u00e9n\u00e9 lorsqu&#039;elle est diagnostiqu\u00e9e\" \/>\n<meta property=\"og:url\" content=\"https:\/\/www.pressenza.com\/fr\/2013\/06\/le-reveil-de-la-depression-a-la-creation-theatrale\/\" \/>\n<meta property=\"og:site_name\" content=\"Pressenza\" \/>\n<meta property=\"article:publisher\" content=\"https:\/\/www.facebook.com\/PressenzaItalia\" \/>\n<meta property=\"article:author\" content=\"https:\/\/www.facebook.com\/onpassealacte\" \/>\n<meta property=\"article:published_time\" content=\"2013-06-23T21:45:33+00:00\" \/>\n<meta property=\"article:modified_time\" content=\"2013-06-23T22:16:52+00:00\" \/>\n<meta property=\"og:image\" content=\"https:\/\/www.pressenza.com\/wp-content\/uploads\/2013\/06\/reveil-de-la-depression-a-la-creation-theatrale.jpg\" \/>\n\t<meta property=\"og:image:width\" content=\"960\" \/>\n\t<meta property=\"og:image:height\" content=\"640\" \/>\n\t<meta property=\"og:image:type\" content=\"image\/jpeg\" \/>\n<meta name=\"author\" content=\"onpassealacte.fr\" \/>\n<meta name=\"twitter:card\" content=\"summary_large_image\" \/>\n<meta name=\"twitter:creator\" content=\"@onpassealacte\" \/>\n<meta name=\"twitter:site\" content=\"@PressenzaIPA\" \/>\n<meta name=\"twitter:label1\" content=\"\u00c9crit par\" \/>\n\t<meta name=\"twitter:data1\" content=\"onpassealacte.fr\" \/>\n\t<meta name=\"twitter:label2\" content=\"Dur\u00e9e de lecture estim\u00e9e\" \/>\n\t<meta name=\"twitter:data2\" content=\"2 minutes\" \/>\n<script type=\"application\/ld+json\" class=\"yoast-schema-graph\">{\"@context\":\"https:\/\/schema.org\",\"@graph\":[{\"@type\":\"Article\",\"@id\":\"https:\/\/www.pressenza.com\/fr\/2013\/06\/le-reveil-de-la-depression-a-la-creation-theatrale\/#article\",\"isPartOf\":{\"@id\":\"https:\/\/www.pressenza.com\/fr\/2013\/06\/le-reveil-de-la-depression-a-la-creation-theatrale\/\"},\"author\":{\"name\":\"onpassealacte.fr\",\"@id\":\"https:\/\/www.pressenza.com\/fr\/#\/schema\/person\/a201b84df7ff7ff3428523128fa39f0c\"},\"headline\":\"Le r\u00e9veil : De la d\u00e9pression \u00e0 la cr\u00e9ation th\u00e9\u00e2trale\",\"datePublished\":\"2013-06-23T21:45:33+00:00\",\"dateModified\":\"2013-06-23T22:16:52+00:00\",\"mainEntityOfPage\":{\"@id\":\"https:\/\/www.pressenza.com\/fr\/2013\/06\/le-reveil-de-la-depression-a-la-creation-theatrale\/\"},\"wordCount\":333,\"publisher\":{\"@id\":\"https:\/\/www.pressenza.com\/fr\/#organization\"},\"image\":{\"@id\":\"https:\/\/www.pressenza.com\/fr\/2013\/06\/le-reveil-de-la-depression-a-la-creation-theatrale\/#primaryimage\"},\"thumbnailUrl\":\"https:\/\/www.pressenza.com\/wp-content\/uploads\/2013\/06\/reveil-de-la-depression-a-la-creation-theatrale.jpg\",\"keywords\":[\"cr\u00e9ation th\u00e9\u00e2trale\",\"d\u00e9pression\"],\"articleSection\":[\"Europe\",\"Sant\u00e9\"],\"inLanguage\":\"fr-FR\"},{\"@type\":\"WebPage\",\"@id\":\"https:\/\/www.pressenza.com\/fr\/2013\/06\/le-reveil-de-la-depression-a-la-creation-theatrale\/\",\"url\":\"https:\/\/www.pressenza.com\/fr\/2013\/06\/le-reveil-de-la-depression-a-la-creation-theatrale\/\",\"name\":\"Le r\u00e9veil : De la d\u00e9pression \u00e0 la cr\u00e9ation th\u00e9\u00e2trale\",\"isPartOf\":{\"@id\":\"https:\/\/www.pressenza.com\/fr\/#website\"},\"primaryImageOfPage\":{\"@id\":\"https:\/\/www.pressenza.com\/fr\/2013\/06\/le-reveil-de-la-depression-a-la-creation-theatrale\/#primaryimage\"},\"image\":{\"@id\":\"https:\/\/www.pressenza.com\/fr\/2013\/06\/le-reveil-de-la-depression-a-la-creation-theatrale\/#primaryimage\"},\"thumbnailUrl\":\"https:\/\/www.pressenza.com\/wp-content\/uploads\/2013\/06\/reveil-de-la-depression-a-la-creation-theatrale.jpg\",\"datePublished\":\"2013-06-23T21:45:33+00:00\",\"dateModified\":\"2013-06-23T22:16:52+00:00\",\"description\":\"\u00ab J'ai d\u00e9cid\u00e9 de vivre ma d\u00e9pression comme une opportunit\u00e9. \u00bb Karine a pris conscience de son rythme de vie effr\u00e9n\u00e9 lorsqu'elle est diagnostiqu\u00e9e\",\"breadcrumb\":{\"@id\":\"https:\/\/www.pressenza.com\/fr\/2013\/06\/le-reveil-de-la-depression-a-la-creation-theatrale\/#breadcrumb\"},\"inLanguage\":\"fr-FR\",\"potentialAction\":[{\"@type\":\"ReadAction\",\"target\":[\"https:\/\/www.pressenza.com\/fr\/2013\/06\/le-reveil-de-la-depression-a-la-creation-theatrale\/\"]}]},{\"@type\":\"ImageObject\",\"inLanguage\":\"fr-FR\",\"@id\":\"https:\/\/www.pressenza.com\/fr\/2013\/06\/le-reveil-de-la-depression-a-la-creation-theatrale\/#primaryimage\",\"url\":\"https:\/\/www.pressenza.com\/wp-content\/uploads\/2013\/06\/reveil-de-la-depression-a-la-creation-theatrale.jpg\",\"contentUrl\":\"https:\/\/www.pressenza.com\/wp-content\/uploads\/2013\/06\/reveil-de-la-depression-a-la-creation-theatrale.jpg\",\"width\":960,\"height\":640},{\"@type\":\"BreadcrumbList\",\"@id\":\"https:\/\/www.pressenza.com\/fr\/2013\/06\/le-reveil-de-la-depression-a-la-creation-theatrale\/#breadcrumb\",\"itemListElement\":[{\"@type\":\"ListItem\",\"position\":1,\"name\":\"Accueil\",\"item\":\"https:\/\/www.pressenza.com\/fr\/\"},{\"@type\":\"ListItem\",\"position\":2,\"name\":\"Le r\u00e9veil : De la d\u00e9pression \u00e0 la cr\u00e9ation th\u00e9\u00e2trale\"}]},{\"@type\":\"WebSite\",\"@id\":\"https:\/\/www.pressenza.com\/fr\/#website\",\"url\":\"https:\/\/www.pressenza.com\/fr\/\",\"name\":\"Pressenza\",\"description\":\"International Press Agency\",\"publisher\":{\"@id\":\"https:\/\/www.pressenza.com\/fr\/#organization\"},\"potentialAction\":[{\"@type\":\"SearchAction\",\"target\":{\"@type\":\"EntryPoint\",\"urlTemplate\":\"https:\/\/www.pressenza.com\/fr\/?s={search_term_string}\"},\"query-input\":{\"@type\":\"PropertyValueSpecification\",\"valueRequired\":true,\"valueName\":\"search_term_string\"}}],\"inLanguage\":\"fr-FR\"},{\"@type\":\"Organization\",\"@id\":\"https:\/\/www.pressenza.com\/fr\/#organization\",\"name\":\"Pressenza\",\"url\":\"https:\/\/www.pressenza.com\/fr\/\",\"logo\":{\"@type\":\"ImageObject\",\"inLanguage\":\"fr-FR\",\"@id\":\"https:\/\/www.pressenza.com\/fr\/#\/schema\/logo\/image\/\",\"url\":\"https:\/\/www.pressenza.com\/wp-content\/uploads\/2022\/10\/pressenza_logo_200x200.jpg\",\"contentUrl\":\"https:\/\/www.pressenza.com\/wp-content\/uploads\/2022\/10\/pressenza_logo_200x200.jpg\",\"width\":200,\"height\":200,\"caption\":\"Pressenza\"},\"image\":{\"@id\":\"https:\/\/www.pressenza.com\/fr\/#\/schema\/logo\/image\/\"},\"sameAs\":[\"https:\/\/www.facebook.com\/PressenzaItalia\",\"https:\/\/x.com\/PressenzaIPA\"]},{\"@type\":\"Person\",\"@id\":\"https:\/\/www.pressenza.com\/fr\/#\/schema\/person\/a201b84df7ff7ff3428523128fa39f0c\",\"name\":\"onpassealacte.fr\",\"description\":\"Observer, faire conna\u00eetre ou \u00e9merger des initiatives ing\u00e9nieuses et \u00e0 la port\u00e9e de tous qui, chacune \u00e0 leur mesure, font bouger le monde. Le projet \u00ab On passe \u00e0 l\u2019acte ! \u00bb part \u00e0 la rencontre de porteurs d\u2019initiatives pour s\u2019inspirer d\u2019eux, s\u2019enrichir de leurs id\u00e9es, de leur enthousiasme et de leur exp\u00e9rience. Les initiatives cibl\u00e9es sont des initiatives simples et ing\u00e9nieuses qui contribuent, \u00e0 leur mesure, \u00e0 un mieux-vivre ensemble et \u00e0 un d\u00e9veloppement durable de notre soci\u00e9t\u00e9. Ces rencontres sont compil\u00e9es dans ce site. Au-del\u00e0 de la simple diffusion d\u2019information, le site et plus largement le projet ont pour vocation d\u2019agir comme une \u00e9tincelle pour d\u00e9clencher les initiatives naissantes ou \u00e0 na\u00eetre : en proposant \u00e0 tous d\u2019inventer les initiatives les plus folles (rubrique \u00ab Inventez ! \u00bb du site Internet) en mettant en relation les initiateurs et les volontaires (plate-forme d\u2019\u00e9changes sur le site Internet), en rep\u00e9rant des id\u00e9es d\u2019initiatives auxquelles un petit groupe pr\u00e9-constitu\u00e9 de volontaires pourrait apporter une contribution pour l\u2019aider \u00e0 sortir de terre (id\u00e9e de p\u00e9pini\u00e8re d\u2019initiative)\",\"sameAs\":[\"http:\/\/www.onpassealacte.fr\",\"https:\/\/www.facebook.com\/onpassealacte\",\"https:\/\/x.com\/onpassealacte\"],\"url\":\"https:\/\/www.pressenza.com\/fr\/author\/onpassealacte-fr\/\"}]}<\/script>\n<!-- \/ Yoast SEO plugin. -->","yoast_head_json":{"title":"Le r\u00e9veil : De la d\u00e9pression \u00e0 la cr\u00e9ation th\u00e9\u00e2trale","description":"\u00ab J'ai d\u00e9cid\u00e9 de vivre ma d\u00e9pression comme une opportunit\u00e9. \u00bb Karine a pris conscience de son rythme de vie effr\u00e9n\u00e9 lorsqu'elle est diagnostiqu\u00e9e","robots":{"index":"index","follow":"follow","max-snippet":"max-snippet:-1","max-image-preview":"max-image-preview:large","max-video-preview":"max-video-preview:-1"},"canonical":"https:\/\/www.pressenza.com\/fr\/2013\/06\/le-reveil-de-la-depression-a-la-creation-theatrale\/","og_locale":"fr_FR","og_type":"article","og_title":"Le r\u00e9veil : De la d\u00e9pression \u00e0 la cr\u00e9ation th\u00e9\u00e2trale","og_description":"\u00ab J'ai d\u00e9cid\u00e9 de vivre ma d\u00e9pression comme une opportunit\u00e9. \u00bb Karine a pris conscience de son rythme de vie effr\u00e9n\u00e9 lorsqu'elle est diagnostiqu\u00e9e","og_url":"https:\/\/www.pressenza.com\/fr\/2013\/06\/le-reveil-de-la-depression-a-la-creation-theatrale\/","og_site_name":"Pressenza","article_publisher":"https:\/\/www.facebook.com\/PressenzaItalia","article_author":"https:\/\/www.facebook.com\/onpassealacte","article_published_time":"2013-06-23T21:45:33+00:00","article_modified_time":"2013-06-23T22:16:52+00:00","og_image":[{"width":960,"height":640,"url":"https:\/\/www.pressenza.com\/wp-content\/uploads\/2013\/06\/reveil-de-la-depression-a-la-creation-theatrale.jpg","type":"image\/jpeg"}],"author":"onpassealacte.fr","twitter_card":"summary_large_image","twitter_creator":"@onpassealacte","twitter_site":"@PressenzaIPA","twitter_misc":{"\u00c9crit par":"onpassealacte.fr","Dur\u00e9e de lecture estim\u00e9e":"2 minutes"},"schema":{"@context":"https:\/\/schema.org","@graph":[{"@type":"Article","@id":"https:\/\/www.pressenza.com\/fr\/2013\/06\/le-reveil-de-la-depression-a-la-creation-theatrale\/#article","isPartOf":{"@id":"https:\/\/www.pressenza.com\/fr\/2013\/06\/le-reveil-de-la-depression-a-la-creation-theatrale\/"},"author":{"name":"onpassealacte.fr","@id":"https:\/\/www.pressenza.com\/fr\/#\/schema\/person\/a201b84df7ff7ff3428523128fa39f0c"},"headline":"Le r\u00e9veil : De la d\u00e9pression \u00e0 la cr\u00e9ation th\u00e9\u00e2trale","datePublished":"2013-06-23T21:45:33+00:00","dateModified":"2013-06-23T22:16:52+00:00","mainEntityOfPage":{"@id":"https:\/\/www.pressenza.com\/fr\/2013\/06\/le-reveil-de-la-depression-a-la-creation-theatrale\/"},"wordCount":333,"publisher":{"@id":"https:\/\/www.pressenza.com\/fr\/#organization"},"image":{"@id":"https:\/\/www.pressenza.com\/fr\/2013\/06\/le-reveil-de-la-depression-a-la-creation-theatrale\/#primaryimage"},"thumbnailUrl":"https:\/\/www.pressenza.com\/wp-content\/uploads\/2013\/06\/reveil-de-la-depression-a-la-creation-theatrale.jpg","keywords":["cr\u00e9ation th\u00e9\u00e2trale","d\u00e9pression"],"articleSection":["Europe","Sant\u00e9"],"inLanguage":"fr-FR"},{"@type":"WebPage","@id":"https:\/\/www.pressenza.com\/fr\/2013\/06\/le-reveil-de-la-depression-a-la-creation-theatrale\/","url":"https:\/\/www.pressenza.com\/fr\/2013\/06\/le-reveil-de-la-depression-a-la-creation-theatrale\/","name":"Le r\u00e9veil : De la d\u00e9pression \u00e0 la cr\u00e9ation th\u00e9\u00e2trale","isPartOf":{"@id":"https:\/\/www.pressenza.com\/fr\/#website"},"primaryImageOfPage":{"@id":"https:\/\/www.pressenza.com\/fr\/2013\/06\/le-reveil-de-la-depression-a-la-creation-theatrale\/#primaryimage"},"image":{"@id":"https:\/\/www.pressenza.com\/fr\/2013\/06\/le-reveil-de-la-depression-a-la-creation-theatrale\/#primaryimage"},"thumbnailUrl":"https:\/\/www.pressenza.com\/wp-content\/uploads\/2013\/06\/reveil-de-la-depression-a-la-creation-theatrale.jpg","datePublished":"2013-06-23T21:45:33+00:00","dateModified":"2013-06-23T22:16:52+00:00","description":"\u00ab J'ai d\u00e9cid\u00e9 de vivre ma d\u00e9pression comme une opportunit\u00e9. \u00bb Karine a pris conscience de son rythme de vie effr\u00e9n\u00e9 lorsqu'elle est diagnostiqu\u00e9e","breadcrumb":{"@id":"https:\/\/www.pressenza.com\/fr\/2013\/06\/le-reveil-de-la-depression-a-la-creation-theatrale\/#breadcrumb"},"inLanguage":"fr-FR","potentialAction":[{"@type":"ReadAction","target":["https:\/\/www.pressenza.com\/fr\/2013\/06\/le-reveil-de-la-depression-a-la-creation-theatrale\/"]}]},{"@type":"ImageObject","inLanguage":"fr-FR","@id":"https:\/\/www.pressenza.com\/fr\/2013\/06\/le-reveil-de-la-depression-a-la-creation-theatrale\/#primaryimage","url":"https:\/\/www.pressenza.com\/wp-content\/uploads\/2013\/06\/reveil-de-la-depression-a-la-creation-theatrale.jpg","contentUrl":"https:\/\/www.pressenza.com\/wp-content\/uploads\/2013\/06\/reveil-de-la-depression-a-la-creation-theatrale.jpg","width":960,"height":640},{"@type":"BreadcrumbList","@id":"https:\/\/www.pressenza.com\/fr\/2013\/06\/le-reveil-de-la-depression-a-la-creation-theatrale\/#breadcrumb","itemListElement":[{"@type":"ListItem","position":1,"name":"Accueil","item":"https:\/\/www.pressenza.com\/fr\/"},{"@type":"ListItem","position":2,"name":"Le r\u00e9veil : De la d\u00e9pression \u00e0 la cr\u00e9ation th\u00e9\u00e2trale"}]},{"@type":"WebSite","@id":"https:\/\/www.pressenza.com\/fr\/#website","url":"https:\/\/www.pressenza.com\/fr\/","name":"Pressenza","description":"International Press Agency","publisher":{"@id":"https:\/\/www.pressenza.com\/fr\/#organization"},"potentialAction":[{"@type":"SearchAction","target":{"@type":"EntryPoint","urlTemplate":"https:\/\/www.pressenza.com\/fr\/?s={search_term_string}"},"query-input":{"@type":"PropertyValueSpecification","valueRequired":true,"valueName":"search_term_string"}}],"inLanguage":"fr-FR"},{"@type":"Organization","@id":"https:\/\/www.pressenza.com\/fr\/#organization","name":"Pressenza","url":"https:\/\/www.pressenza.com\/fr\/","logo":{"@type":"ImageObject","inLanguage":"fr-FR","@id":"https:\/\/www.pressenza.com\/fr\/#\/schema\/logo\/image\/","url":"https:\/\/www.pressenza.com\/wp-content\/uploads\/2022\/10\/pressenza_logo_200x200.jpg","contentUrl":"https:\/\/www.pressenza.com\/wp-content\/uploads\/2022\/10\/pressenza_logo_200x200.jpg","width":200,"height":200,"caption":"Pressenza"},"image":{"@id":"https:\/\/www.pressenza.com\/fr\/#\/schema\/logo\/image\/"},"sameAs":["https:\/\/www.facebook.com\/PressenzaItalia","https:\/\/x.com\/PressenzaIPA"]},{"@type":"Person","@id":"https:\/\/www.pressenza.com\/fr\/#\/schema\/person\/a201b84df7ff7ff3428523128fa39f0c","name":"onpassealacte.fr","description":"Observer, faire conna\u00eetre ou \u00e9merger des initiatives ing\u00e9nieuses et \u00e0 la port\u00e9e de tous qui, chacune \u00e0 leur mesure, font bouger le monde. Le projet \u00ab On passe \u00e0 l\u2019acte ! \u00bb part \u00e0 la rencontre de porteurs d\u2019initiatives pour s\u2019inspirer d\u2019eux, s\u2019enrichir de leurs id\u00e9es, de leur enthousiasme et de leur exp\u00e9rience. Les initiatives cibl\u00e9es sont des initiatives simples et ing\u00e9nieuses qui contribuent, \u00e0 leur mesure, \u00e0 un mieux-vivre ensemble et \u00e0 un d\u00e9veloppement durable de notre soci\u00e9t\u00e9. Ces rencontres sont compil\u00e9es dans ce site. Au-del\u00e0 de la simple diffusion d\u2019information, le site et plus largement le projet ont pour vocation d\u2019agir comme une \u00e9tincelle pour d\u00e9clencher les initiatives naissantes ou \u00e0 na\u00eetre : en proposant \u00e0 tous d\u2019inventer les initiatives les plus folles (rubrique \u00ab Inventez ! \u00bb du site Internet) en mettant en relation les initiateurs et les volontaires (plate-forme d\u2019\u00e9changes sur le site Internet), en rep\u00e9rant des id\u00e9es d\u2019initiatives auxquelles un petit groupe pr\u00e9-constitu\u00e9 de volontaires pourrait apporter une contribution pour l\u2019aider \u00e0 sortir de terre (id\u00e9e de p\u00e9pini\u00e8re d\u2019initiative)","sameAs":["http:\/\/www.onpassealacte.fr","https:\/\/www.facebook.com\/onpassealacte","https:\/\/x.com\/onpassealacte"],"url":"https:\/\/www.pressenza.com\/fr\/author\/onpassealacte-fr\/"}]}},"place":"Paris","original_article_url":"","_links":{"self":[{"href":"https:\/\/www.pressenza.com\/fr\/wp-json\/wp\/v2\/posts\/57937","targetHints":{"allow":["GET"]}}],"collection":[{"href":"https:\/\/www.pressenza.com\/fr\/wp-json\/wp\/v2\/posts"}],"about":[{"href":"https:\/\/www.pressenza.com\/fr\/wp-json\/wp\/v2\/types\/post"}],"author":[{"embeddable":true,"href":"https:\/\/www.pressenza.com\/fr\/wp-json\/wp\/v2\/users\/963"}],"replies":[{"embeddable":true,"href":"https:\/\/www.pressenza.com\/fr\/wp-json\/wp\/v2\/comments?post=57937"}],"version-history":[{"count":0,"href":"https:\/\/www.pressenza.com\/fr\/wp-json\/wp\/v2\/posts\/57937\/revisions"}],"wp:featuredmedia":[{"embeddable":true,"href":"https:\/\/www.pressenza.com\/fr\/wp-json\/wp\/v2\/media\/57944"}],"wp:attachment":[{"href":"https:\/\/www.pressenza.com\/fr\/wp-json\/wp\/v2\/media?parent=57937"}],"wp:term":[{"taxonomy":"category","embeddable":true,"href":"https:\/\/www.pressenza.com\/fr\/wp-json\/wp\/v2\/categories?post=57937"},{"taxonomy":"post_tag","embeddable":true,"href":"https:\/\/www.pressenza.com\/fr\/wp-json\/wp\/v2\/tags?post=57937"}],"curies":[{"name":"wp","href":"https:\/\/api.w.org\/{rel}","templated":true}]}}