{"id":560585,"date":"2017-11-25T07:56:21","date_gmt":"2017-11-25T07:56:21","guid":{"rendered":"https:\/\/www.pressenza.com\/?p=560585\/"},"modified":"2017-11-25T08:00:44","modified_gmt":"2017-11-25T08:00:44","slug":"qui-profite-la-gestion-des-migrations","status":"publish","type":"post","link":"https:\/\/www.pressenza.com\/fr\/2017\/11\/qui-profite-la-gestion-des-migrations\/","title":{"rendered":"\u00c0 qui profite la gestion des migrations ?"},"content":{"rendered":"<p>Par\u00a0<b>J\u00e9r\u00f4me Duval<\/b>,\u00a0<b>Ludivine Faniel<\/b>,\u00a0<b>Benoit Coumont<\/b><\/p>\n<div class=\"texte\">\n<p>Les migrations font partie de l\u2019histoire de l\u2019humanit\u00e9 mais les fronti\u00e8res n\u2019ont jamais \u00e9t\u00e9 aussi ferm\u00e9es qu\u2019aujourd\u2019hui. Les conventions issues des politiques migratoires actuelles ont divis\u00e9 les migrants en diff\u00e9rentes cat\u00e9gories (politiques, \u00e9conomiques, climatiques&#8230;) en fonction de la suppos\u00e9e l\u00e9gitimit\u00e9 ou non d\u2019avoir acc\u00e8s au droit d\u2019asile ou \u00e0 s\u00e9journer sur un territoire \u00e9tranger. \u00ab\u00a0Le migrant \u00e9conomique\u00a0\u00bb, qui se d\u00e9place pour fuir la mis\u00e8re engendr\u00e9e par les politiques li\u00e9es au remboursement de la\u00a0<a class=\"cs_glossaire\" href=\"http:\/\/www.cadtm.org\/Dette,970\" name=\"mot970_0\"><span class=\"gl_mot\">dette<\/span><\/a>, est la cat\u00e9gorie qui b\u00e9n\u00e9ficie du moins de droits et son acc\u00e8s aux territoires ext\u00e9rieurs varie en fonction des besoins de main-d\u2019\u0153uvre ou des politiques de fermetures aux fronti\u00e8res.<\/p>\n<p>Ainsi, parmi les millions de personnes qui fuient leurs conditions de vie ind\u00e9centes, celles qui migrent pour des raisons \u00e9conomiques seraient des migrants ill\u00e9gitimes\u00a0? Tout comme celles \u00e0 qui on n\u2019accorde pas le statut de r\u00e9fugi\u00e9 politique mettant leur vie en p\u00e9ril\u00a0? Confront\u00e9s \u00e0 une crise migratoire ou une crise de l\u2019accueil\u00a0? Ces flux migratoires li\u00e9s aux situations \u00e9conomiques sont en grande partie le r\u00e9sultat des politiques d\u2019aust\u00e9rit\u00e9 et d\u2019endettement insoutenables impos\u00e9s par les Institutions financi\u00e8res internationales et les pays industrialis\u00e9s du Nord aux pays appauvris du Sud, et par les pays du centre \u2013 dont ceux de l\u2019Europe \u2013 aux pays de la p\u00e9riph\u00e9rie. Ces politiques ont eu comme effet d\u2019amplifier le ph\u00e9nom\u00e8ne de la pauvret\u00e9, de g\u00e9n\u00e9raliser la pr\u00e9carit\u00e9 et, par cons\u00e9quent, des situations d\u2019exils. Les situations qui encouragent l\u2019exode de populations pauvres sont la cons\u00e9quence d\u2019enjeux g\u00e9ostrat\u00e9giques li\u00e9s aux ressources et donc aux richesses, ou sont provoqu\u00e9s par l\u2019h\u00e9morragie de capitaux pour honorer le service d\u2019une dette bien souvent entach\u00e9e d\u2019ill\u00e9gitimit\u00e9.<\/p>\n<p>Malmen\u00e9s par la guerre ou la mis\u00e8re, les candidats \u00e0 l\u2019exil se retrouvent sur des routes rendues de plus en plus p\u00e9rilleuses par les politiques de gestion de l\u2019immigration irr\u00e9guli\u00e8re. En plus d\u2019\u00eatre extr\u00eamement co\u00fbteuses pour les populations qui en supportent les co\u00fbts, ces politiques criminalisent les migrants et les forcent \u00e0 emprunter des voies de plus en plus dangereuses, comme les travers\u00e9es en mer sur de fr\u00eales embarcations et \u00e0 devoir s\u2019adresser \u00e0 la mafia des passeurs. Elles sont criminelles, co\u00fbteuses et inefficaces. Les murs n\u2019ont jamais r\u00e9solu de conflits et ne b\u00e9n\u00e9ficient qu\u2019aux firmes qui les con\u00e7oivent, les construisent et les contr\u00f4lent.<\/p>\n<p>Loin d\u2019adopter une politique d\u2019accueil aux r\u00e9fugi\u00e9s conform\u00e9ment au droit international tel que stipul\u00e9 par la Convention de Gen\u00e8ve, les \u00c9tats adoptent des politiques s\u00e9curitaires qui bafouent le droit fondamental de libert\u00e9 de circulation inscrit dans l\u2019article 13 de la D\u00e9claration Universelle des Droits de l\u2019Homme\u00a0|<a id=\"nh1\" class=\"spip_note\" title=\"Article 13 de la D\u00e9claration Universelle des Droits de l\u2019Homme : 1. Toute\u00a0(...)\" href=\"http:\/\/www.cadtm.org\/A-qui-profite-la-gestion-des#nb1\" rel=\"footnote\">1<\/a>|. Alors que de nouveaux trait\u00e9s de libre-commerce ne cessent de pr\u00f4ner la libre-circulation des marchandises et des capitaux, les candidats \u00e0 l\u2019exil font face \u00e0 des \u00ab\u00a0agences de s\u00e9curit\u00e9\u00a0\u00bb lourdement arm\u00e9es et \u00e9quip\u00e9es par les grands industriels qui enfreignent le droit de circulation des laiss\u00e9s-pour-compte. Le fond de la M\u00e9diterran\u00e9e est transform\u00e9 en v\u00e9ritable fosse commune\u00a0|<a id=\"nh2\" class=\"spip_note\" title=\"Ce sont ainsi douze personnes en moyenne qui meurent chaque jour en tentant\u00a0(...)\" href=\"http:\/\/www.cadtm.org\/A-qui-profite-la-gestion-des#nb2\" rel=\"footnote\">2<\/a>|, les fronti\u00e8res se referment et des murs sont \u00e9rig\u00e9s un peu partout sur la plan\u00e8te. Une fois pass\u00e9e la fronti\u00e8re, s\u2019ils ne sont pas d\u00e9port\u00e9s vers leur pays d\u2019origine, les migrants s\u2019entassent dans des camps inhumains ou sont enferm\u00e9s dans des centres de d\u00e9tention\u00a0|<a id=\"nh3\" class=\"spip_note\" title=\"En effet, ces centres ferm\u00e9s ne servent pas \u00e0 retenir un flux de migrants (\u00ab\u00a0(...)\" href=\"http:\/\/www.cadtm.org\/A-qui-profite-la-gestion-des#nb3\" rel=\"footnote\">3<\/a>| qui leur sont d\u00e9di\u00e9s, tels les 260 que l\u2019on compte au sein de l\u2019UE en 2015\u00a0|<a id=\"nh4\" class=\"spip_note\" title=\"Olivier Petitjean, \u00ab La d\u00e9tention des migrants, un business en pleine\u00a0(...)\" href=\"http:\/\/www.cadtm.org\/A-qui-profite-la-gestion-des#nb4\" rel=\"footnote\">4<\/a>|. Seule une faible proportion d\u2019entre eux, suivant un fastidieux parcours bureaucratique, parvient \u00e0 obtenir un droit \u00e0 l\u2019asile distribu\u00e9 avec parcimonie.<\/p>\n<p>A quel point les politiques migratoires europ\u00e9ennes sont-elles dict\u00e9es par l\u2019activit\u00e9 de lobbying des entreprises priv\u00e9es de l\u2019armement et de la s\u00e9curit\u00e9\u00a0? Avec ces politiques s\u00e9curitaires, les migrants sont consid\u00e9r\u00e9s non plus comme des personnes mais comme des num\u00e9ros remplissant des quotas arbitraires pour honorer des courbes statistiques irrationnelles satisfaisant bien plus les cours de la\u00a0<a class=\"cs_glossaire\" href=\"http:\/\/www.cadtm.org\/Bourse\" name=\"mot962_1\"><span class=\"gl_mot\">Bourse<\/span><\/a>\u00a0que le bien-\u00eatre collectif et les valeurs de partage et de solidarit\u00e9.<\/p>\n<p>Qu\u2019importent les conditions de travail des employ\u00e9s et les conditions d\u2019accueil des migrants au m\u00e9pris de leurs droits et de la dignit\u00e9 humaine, de plus en plus d\u2019entreprises priv\u00e9es nationales ou multinationales profitent d\u2019un business en pleine expansion aux d\u00e9pens de la justice sociale et des budgets de nos \u00c9tats.<\/p>\n<p><strong><br \/>\nFrontex, une agence europ\u00e9enne co\u00fbteuse, puissante, opaque et sans contr\u00f4le d\u00e9mocratique<\/strong><\/p>\n<p>L\u2019Europe a cr\u00e9\u00e9 l\u2019espace Schengen en 1985, elle l\u2019a communautaris\u00e9 en 1997 avec le trait\u00e9 d\u2019Amsterdam. L\u2019objectif annonc\u00e9 \u00e9tait de cr\u00e9er un espace de \u00ab\u00a0libert\u00e9, de s\u00e9curit\u00e9 et de justice\u00a0\u00bb au sein de l\u2019Union europ\u00e9enne (UE). Dans les faits, la libert\u00e9 de circulation au sein de l\u2019Europe a avanc\u00e9 \u00e0 deux vitesses en fonction des pays et a principalement concern\u00e9 les marchandises. Au fur-et-\u00e0-mesure, l\u2019UE s\u2019est coordonn\u00e9e pour contr\u00f4ler ses fronti\u00e8res ext\u00e9rieures en tentant d\u2019appliquer une politique commune et un \u00ab\u00a0soutien\u00a0\u00bb aux pays ayant une fronti\u00e8re ext\u00e9rieure propice \u00e0 l\u2019entr\u00e9e de migrants comme la Gr\u00e8ce, l\u2019Espagne ou encore l\u2019Italie. Depuis 2005, L\u2019UE s\u2019est dot\u00e9e d\u2019un arsenal militaire, l\u2019agence Frontex, pour la gestion de la coop\u00e9ration aux fronti\u00e8res ext\u00e9rieures des \u00c9tats membres de l\u2019Union europ\u00e9enne. Cette agence est la plus financ\u00e9e des agences de l\u2019UE \u00e0 l\u2019heure o\u00f9 des efforts budg\u00e9taires sont impos\u00e9s dans tous les secteurs.<\/p>\n<p>Cette agence poss\u00e8de des avions, des h\u00e9licopt\u00e8res, des navires, des unit\u00e9s de radars, des d\u00e9tecteurs de vision nocturne mobiles, des outils a\u00e9riens, des d\u00e9tecteurs de battement cardiaque&#8230; Frontex organise des vols de d\u00e9portations, des op\u00e9rations conjointes aux fronti\u00e8res terrestres, maritimes et a\u00e9riennes\u00a0|<a id=\"nh5\" class=\"spip_note\" title=\"\u00ab Dans le cadre de la mise en \u0153uvre des accords de r\u00e9admission, Frontex peut\u00a0(...)\" href=\"http:\/\/www.cadtm.org\/A-qui-profite-la-gestion-des#nb5\" rel=\"footnote\">5<\/a>|, la formation des gardes-fronti\u00e8res, le partage d\u2019informations et de syst\u00e8mes d\u2019informations notamment via son syst\u00e8me EUROSUR, qui a pour objectif la mise en commun de tous les syst\u00e8mes de surveillance et de d\u00e9tections des pays membres de l\u2019UE, etc. Son budget annuel n\u2019a cess\u00e9 d\u2019augmenter jusqu\u2019\u00e0 ce jour\u00a0: de 19 millions d\u2019euros en 2006, il est pass\u00e9 \u00e0 238,7 millions en 2016\u00a0! Les moyens militaires qui lui sont d\u00e9volus et son autonomie par rapport aux \u00c9tats membres ne cessent de cro\u00eetre.<\/p>\n<p class=\"spip\"><strong>\u00c9volution du budget de Frontex\u00a0:<\/strong><\/p>\n<p><span class=\"spip_document_16959 spip_documents spip_documents_center\"><img loading=\"lazy\" decoding=\"async\" src=\"http:\/\/www.cadtm.org\/local\/cache-vignettes\/L620xH437\/Frontex_graph-09cd9.jpg\" alt=\"\" width=\"620\" height=\"437\" \/><\/span><\/p>\n<p>Depuis fin 2015, la tendance vers une ing\u00e9rence de la Commission europ\u00e9enne dans les \u00c9tats membres s\u2019accentue\u00a0: La Commission europ\u00e9enne \u00e9largit le mandat de Frontex, elle devient \u00ab\u00a0le corps europ\u00e9en de garde-fronti\u00e8res et de garde-c\u00f4tes\u00a0\u00bb. Cette nouvelle agence peut dor\u00e9navant agir dans le processus d\u2019acquisition d\u2019\u00e9quipement des \u00c9tats membres. Elle a notamment la possibilit\u00e9 d\u2019intervention directe dans un \u00c9tat membre sans son consentement par simple d\u00e9cision de la Commission europ\u00e9enne. Elle a par exemple la possibilit\u00e9 de faire des \u00ab\u00a0op\u00e9rations de retour conjoint\u00a0\u00bb de sa propre initiative\u00a0|<a id=\"nh6\" class=\"spip_note\" title=\"Voir page 14 du rapport de Mark Akkerman, Centre Del\u00e0s - Stop Wapenhandel -\u00a0(...)\" href=\"http:\/\/www.cadtm.org\/A-qui-profite-la-gestion-des#nb6\" rel=\"footnote\">6<\/a>|, l\u2019objectif \u00e9tant de sous-traiter \u00e0 l\u2019agence le renvoi forc\u00e9 des personnes ind\u00e9sirables, \u00e0 moindre co\u00fbt mais au d\u00e9triment du respect des droits humains.<\/p>\n<p>Migreurop et Statewatch, deux ONG qui d\u00e9fendent les droits des migrants, ont d\u00e9nonc\u00e9 une zone de flou entourant l\u2019agence Frontex qui ne permet pas de faire respecter les droits humains fondamentaux\u00a0: une responsabilit\u00e9 dilu\u00e9e entre l\u2019agence et les \u00c9tats, une violation du droit d\u2019asile et un risque de traitement inhumains et d\u00e9gradants. La priorit\u00e9 du sauvetage en mer, normalement reconnue \u00e0 Frontex, passe en second plan face au contr\u00f4le militaris\u00e9. En novembre 2014, l\u2019Italie illustre dramatiquement cette situation en mettant fin \u00e0\u00a0<i>Mare Nostrum<\/i>, op\u00e9ration de sauvetage de la marine italienne qui a sauv\u00e9 des dizaines de milliers de vies en mer. L\u2019op\u00e9ration\u00a0<i>Triton<\/i>\u00a0mise en place par Frontex l\u2019a remplac\u00e9e avec un budget trois fois moindre, une port\u00e9e g\u00e9ographique plus limit\u00e9e et surtout avec un changement de perspective orient\u00e9 sur le renforcement des fronti\u00e8res plut\u00f4t que les missions de recherche et sauvetage en mer\u00a0|<a id=\"nh7\" class=\"spip_note\" title=\"La construcci\u00f3n europea al servicio de los mercados financieros, F\u00e1tima\u00a0(...)\" href=\"http:\/\/www.cadtm.org\/A-qui-profite-la-gestion-des#nb7\" rel=\"footnote\">7<\/a>|.<\/p>\n<p>Plus Frontex est subventionn\u00e9e, plus elle d\u00e9l\u00e8gue \u00e0 des entreprises priv\u00e9es. Via l\u2019argent public qu\u2019elle per\u00e7oit, l\u2019agence s\u2019adresse \u00e0 des entreprises priv\u00e9es pour la surveillance a\u00e9riennes mais aussi pour la technologie de pointe (drones, appareils de visions nocturnes\u2026). De nombreuses multinationales se retrouvent \u00e0 assumer les \u00ab\u00a0services\u00a0\u00bb qui \u00e9taient auparavant assum\u00e9s par les \u00c9tats et pour des questions de rentabilit\u00e9 propre au secteur priv\u00e9, les co\u00fbts augmentent. Le contr\u00f4le aux fronti\u00e8res est devenu un business florissant.<\/p>\n<p><strong><br \/>\nLe complexe militaro-industriel de l\u2019immigration irr\u00e9guli\u00e8re un business florissant qui gr\u00e8ve les caisses des \u00c9tats<\/strong><\/p>\n<p>La dangerosit\u00e9 accrue des parcours profite aux passeurs et aux r\u00e9seaux criminels auxquels les migrants sont oblig\u00e9s de faire appel, alors que ces m\u00eames politiques de gestion des flux migratoires disent les combattre. Mais, d\u2019autres secteurs d\u2019activit\u00e9 moins m\u00e9diatis\u00e9s tirent un avantage financier bien plus important de l\u2019immigration irr\u00e9guli\u00e8re, tellement important qu\u2019on peut se demander s\u2019ils ne font pas tout pour l\u2019encourager\u00a0! Pour les gestionnaires des centres de d\u00e9tentions pour migrants\u00a0; les soci\u00e9t\u00e9s qui y assurent la livraison des repas, la s\u00e9curit\u00e9 ou le nettoyage\u00a0; les entreprises qui fournissent gardes et escortes de celles et ceux que l\u2019on expulse\u00a0; les fabricants d\u2019armes et l\u2019industrie a\u00e9ronautique\u00a0; la technologie de pointe pour la surveillance des fronti\u00e8res ou les sous-traitants pour la d\u00e9livrance des visas, la crise des migrants constitue une v\u00e9ritable aubaine, voire un filon en or.<\/p>\n<p>Cette proportion non n\u00e9gligeable de services autrefois du ressort exclusif de l\u2019\u00c9tat est maintenant g\u00e9r\u00e9e par de grands groupes priv\u00e9s qui \u2013 pour des raisons d\u2019image notamment \u2013 s\u2019abritent derri\u00e8re une kyrielle de sous-traitants. Cette privatisation rampante gr\u00e8ve encore plus les caisses des pouvoirs publics, favorise l\u2019opacit\u00e9 et dilue les responsabilit\u00e9s en cas d\u2019incident au cours des interventions, mettant les \u00c9tats \u00e0 l\u2019abri de violations de la loi, pourtant fr\u00e9quentes\u00a0|<a id=\"nh8\" class=\"spip_note\" title=\"En 2008, le rapport Medical Justice and the National Coalition of\u00a0(...)\" href=\"http:\/\/www.cadtm.org\/A-qui-profite-la-gestion-des#nb8\" rel=\"footnote\">8<\/a>|.<\/p>\n<p><strong><br \/>\nInstrumentalisation de l\u2019aide publique au d\u00e9veloppement<\/strong><\/p>\n<p>L\u2019Union europ\u00e9enne utilise les financements de l\u2019Aide publique au d\u00e9veloppement (<a class=\"cs_glossaire\" href=\"http:\/\/www.cadtm.org\/APD\" name=\"mot768_2\"><span class=\"gl_mot\">APD<\/span><\/a>) pour contr\u00f4ler les flux migratoires, comme avec le Centre d\u2019Information et de Gestion des Migrations (CIGEM) inaugur\u00e9 en octobre 2008 \u00e0 Bamako au Mali par exemple4. Ainsi, le 10<sup class=\"typo_exposants\">e<\/sup>Fonds europ\u00e9en de d\u00e9veloppement (FED) finance, en Mauritanie, la formation de la police aux fronti\u00e8res. Pour atteindre les objectifs qu\u2019ils se sont eux m\u00eames fix\u00e9s (allouer 0,7\u00a0% du revenu national brut \u00e0 l\u2019APD), certains \u00c9tats membres de l\u2019UE comptabilisent dans l\u2019APD des d\u00e9penses qui n\u2019en sont clairement pas. Malgr\u00e9 les r\u00e9ticences des \u00c9tats membres \u00e0 harmoniser leurs politiques migratoires internes, ils arrivent \u00e0 se coordonner pour leur gestion ext\u00e9rieure.<\/p>\n<p><strong><br \/>\n\u00ab\u00a0Crise migratoire\u00a0\u00bb ou \u00ab\u00a0crise de l\u2019accueil\u00a0\u00bb\u00a0? L\u2019Europe externalise ses fronti\u00e8res<\/strong><\/p>\n<p>\u00c0 la crois\u00e9e des chemins entre l\u2019Europe et l\u2019Asie, la Turquie et la Gr\u00e8ce sont des pays de transit pour de nombreux migrants et r\u00e9fugi\u00e9s faisant face aux conflits chroniques et \u00e0 l\u2019instabilit\u00e9 politique et \u00e9conomique du Moyen-Orient. Apr\u00e8s avoir ouvert ses fronti\u00e8res en 2015, dans un contexte de crise, l\u2019UE se r\u00e9tracte, d\u00e9pourvue d\u2019une r\u00e9flexion \u00e0 long terme sur sa politique d\u2019accueil.<\/p>\n<p>Ainsi, sans grande opposition du gouvernement Tsipras, l\u2019UE signe avec le gouvernement turc un accord visant \u00e0 contr\u00f4ler et filtrer l\u2019immigration. L\u2019accord qui entre en vigueur le 20 mars 2016, pr\u00e9voit de renvoyer en Turquie tout nouveau migrant, r\u00e9fugi\u00e9s syriens compris, arriv\u00e9 en Gr\u00e8ce. Et pour chaque Syrien renvoy\u00e9, l\u2019UE r\u00e9installera en Europe, un autre Syrien s\u00e9journant en territoire turc. On pourrait croire \u00e0 un vulgaire arrangement comptable, il n\u2019en est rien. Le rapport est clairement d\u00e9s\u00e9quilibr\u00e9. L\u2019UE a sp\u00e9cifi\u00e9 un quota maximum de 72 000 syriens r\u00e9install\u00e9s alors que plus d\u20191 millions ont \u00e9t\u00e9 refoul\u00e9s du territoire europ\u00e9en. Par ces \u00e9changes d\u00e9shumanis\u00e9s, l\u2019UE se donne la libert\u00e9 de choisir ses immigr\u00e9s en fonction de ses int\u00e9r\u00eats \u00e9conomiques. En \u00e9change, l\u2019UE promet 6 milliards d\u2019euros \u00e0 la Turquie, dit vouloir relancer les n\u00e9gociations d\u2019adh\u00e9sion du pays \u00e0 l\u2019Union et acc\u00e9l\u00e8re le processus de lib\u00e9ralisation des visas pour les citoyens turcs. De plus, Ankara s\u2019engage \u00e0 enrayer le flux migratoire vers l\u2019Europe. En cons\u00e9quence de quoi, l\u2019argent donn\u00e9 sert bien plus \u00e0 \u00e9riger des murs qu\u2019\u00e0 accueillir. D\u00e9j\u00e0, b\u00e9ton, barbel\u00e9s et militaires s\u2019installent \u00e0 la fronti\u00e8re turco-syrienne pour consolider l\u2019Europe forteresse.<\/p>\n<p>D\u2019autres accords ont d\u00e9j\u00e0 \u00e9t\u00e9 conclus en ce sens mais aucun n\u2019avait atteint de tels montants, ni ne comportait de tels enjeux. Le fait qu\u2019il soit conclu directement par l\u2019UE marque \u00e9galement le d\u00e9but d\u2019une nouvelle \u00e8re. L\u2019institution eurocrate n\u00e9gocie maintenant au nom et en amont de ses \u00c9tats membres, se substituant aux politiques nationales en termes d\u2019affaires \u00e9trang\u00e8res.<\/p>\n<p>Avec cet accord, l\u2019UE se targue de respecter le droit international. Mais autant la D\u00e9claration universelle des droits de l\u2019homme que la Convention de Gen\u00e8ve sur les r\u00e9fugi\u00e9es stipulent qu\u2019une expulsion ne peut se faire que vers un pays consid\u00e9r\u00e9 comme s\u00fbr. Or, on ne peut d\u00e9cemment pas, \u00e0 la signature de l\u2019accord, consid\u00e9rer la Turquie comme une terre s\u00fbre et accueillante pour les migrants. Le pr\u00e9sident Erdo\u011fan a en effet entam\u00e9 une purge sans pr\u00e9c\u00e9dent et se r\u00e9v\u00e8le encore plus r\u00e9pressif envers ses opposants politiques, depuis qu\u2019il sait l\u2019Europe d\u00e9pendante et conciliante. Et il ne suffit pas de fustiger le gouvernement turc. Au c\u0153ur m\u00eame de l\u2019Europe, les murs s\u2019\u00e9rigent et les politiques autoritaires et x\u00e9nophobes refont surface.<\/p>\n<p><strong><br \/>\nPrivatisation de la \u00ab\u00a0gestion\u00a0\u00bb des migrations<\/strong><\/p>\n<p>Une telle gestion de l\u2019immigration gr\u00e8ve les recettes des \u00c9tats pour, in fine, b\u00e9n\u00e9ficier aux soci\u00e9t\u00e9s priv\u00e9es et leurs actionnaires aux d\u00e9pens de la satisfaction des services publics essentiels aux populations concern\u00e9es. Le lobbying de ces soci\u00e9t\u00e9s s\u2019inscrit dans une surench\u00e8re militariste qui profite aux grandes entreprises du secteur. Au lieu d\u2019investir dans des infrastructures d\u2019accueil dignes et dans la gestion des conflits dont les pays industrialis\u00e9s sont en grande partie responsables, l\u2019orientation politique de nos dirigeants va dans le sens d\u2019un accroissement des budgets li\u00e9s \u00e0 la s\u00e9curit\u00e9 et aux polices aux fronti\u00e8res.<br \/>\nLes flux migratoires constituent non seulement une source de revenus pour les passeurs, mais \u00e9galement, dans des proportions bien plus importantes, un juteux business pour les grandes entreprises, qui rappelons-le, s\u2019arrangent pour payer le moins d\u2019imp\u00f4t sur leurs b\u00e9n\u00e9fices et accro\u00eetre les dividendes de leurs actionnaires. Le march\u00e9 de la s\u00e9curisation des fronti\u00e8res, estim\u00e9 \u00e0 quelques 15 milliards d\u2019euros en 2015, est en pleine croissance et devrait augmenter \u00e0 plus de 29 milliards d\u2019euros par an en 2022\u00a0|<a id=\"nh9\" class=\"spip_note\" title=\"Voir le rapport \u00ab Guerres aux fronti\u00e8res. Les traficants d\u2019armes qui profitent\u00a0(...)\" href=\"http:\/\/www.cadtm.org\/A-qui-profite-la-gestion-des#nb9\" rel=\"footnote\">9<\/a>|.<\/p>\n<p>Dans un contexte de crise migratoire aigu\u00eb, de contr\u00f4les exacerb\u00e9s, de d\u00e9tentions et d\u00e9portations en forte augmentation, une multitude de soci\u00e9t\u00e9s priv\u00e9es se sont trouv\u00e9 un juteux cr\u00e9neau pour amasser des profits.<\/p>\n<p>Concr\u00e8tement, de plus en plus de soci\u00e9t\u00e9s priv\u00e9es b\u00e9n\u00e9ficient de la sous-traitance de la d\u00e9livrance des visas (un march\u00e9 entre autres domin\u00e9 par les entreprises VFS et TLS Contact), et facturent aux administrations publiques la saisie des donn\u00e9es personnelles, la prise des empreintes digitales, des photos num\u00e9ris\u00e9es&#8230; Comme on pouvait s\u2019y attendre, le recours au priv\u00e9 a fait monter les prix des visas et le co\u00fbt suppl\u00e9mentaire est support\u00e9 par les requ\u00e9rants. Mais les demandes introduites pour obtenir visas ou permis de s\u00e9jour ne sont pas \u00e0 la port\u00e9e de tout le monde et beaucoup se retrouvent apatrides ou sans-papiers, ind\u00e9sirables au regard de la loi.<\/p>\n<p>La gestion des centres de d\u00e9tention pour migrants o\u00f9 sont plac\u00e9s les sans-papiers en attente d\u2019expulsion est, elle aussi, sous-trait\u00e9e \u00e0 des entreprises priv\u00e9es. Ce transfert vers la sph\u00e8re priv\u00e9e renforce le monopole des trois ou quatre multinationales qui, \u00e0 l\u2019\u00e9chelle mondiale, se partagent le march\u00e9 de la d\u00e9tention. Ainsi, pr\u00e8s de la moiti\u00e9 des 11 centres de d\u00e9tention pour migrants du Royaume-Uni sont g\u00e9r\u00e9s par des groupes priv\u00e9s. Ces entreprises ont tout int\u00e9r\u00eat \u00e0 augmenter la dur\u00e9e d\u2019incarc\u00e9ration et font du lobbying en ce sens, non sans r\u00e9sultats. Ainsi, les soci\u00e9t\u00e9s de s\u00e9curit\u00e9 priv\u00e9es prosp\u00e8rent \u00e0 mesure que le nombre de migrants augmente\u00a0|<a id=\"nh10\" class=\"spip_note\" title=\"\u00ab Les soci\u00e9t\u00e9s de s\u00e9curit\u00e9 priv\u00e9es prosp\u00e8rent \u00e0 mesure que le nombre de migrants\u00a0(...)\" href=\"http:\/\/www.cadtm.org\/A-qui-profite-la-gestion-des#nb10\" rel=\"footnote\">10<\/a>|. En outre, l\u2019h\u00e9bergement d\u2019urgence est devenu un secteur lucratif pour les soci\u00e9t\u00e9s priv\u00e9es qui per\u00e7oivent des fonds de certains \u00c9tats comme l\u2019Italie, aux d\u00e9pens d\u2019associations humanitaires qui traditionnellement prennent en charge les r\u00e9fugi\u00e9s.<\/p>\n<p>En Belgique, entre 2008 et 2012, le budget consacr\u00e9 aux rapatriements forc\u00e9s &#8211; frais de renvois, sans m\u00eame compter les s\u00e9jours en centre ferm\u00e9 des quelque 8 000 d\u00e9tenus chaque ann\u00e9e &#8211; est pass\u00e9 de 5,8 millions d\u2019euros \u00e0 8,07 millions d\u2019euros\u00a0|<a id=\"nh11\" class=\"spip_note\" title=\"Amnesty international \u2013 Belgique, \u00ab Semira Adamu, 15 ans apr\u00e8s\u2026 \u00bb, 18 novembre\u00a0(...)\" href=\"http:\/\/www.cadtm.org\/A-qui-profite-la-gestion-des#nb11\" rel=\"footnote\">11<\/a>|.<\/p>\n<p>La soci\u00e9t\u00e9 fran\u00e7aise Sodexo a vu les d\u00e9tentions de migrants comme une opportunit\u00e9 d\u2019extension de ses activit\u00e9s dans les prisons. L\u2019empire du b\u00e9ton et des m\u00e9dias fran\u00e7ais Bouygues est charg\u00e9 de la construction des centres de d\u00e9tention pour migrants dans le cadre de contrats de partenariats publics-priv\u00e9s (PPP)\u00a0|<a id=\"nh12\" class=\"spip_note\" title=\"Bouygues a aussi construit la prison de Mont-de-Marsan, inaugur\u00e9e le 20\u00a0(...)\" href=\"http:\/\/www.cadtm.org\/A-qui-profite-la-gestion-des#nb12\" rel=\"footnote\">12<\/a>| et l\u2019entreprise de nettoyage Onet y propose ses services. Au Royaume-Uni, des multinationales de la s\u00e9curit\u00e9 telles G4S (anciennement Group 4 Securitor)\u00a0|<a id=\"nh13\" class=\"spip_note\" title=\"J\u00e9r\u00f4me Duval, \u00ab G4S : quand l\u2019entreprise priv\u00e9e veille sur votre s\u00e9curit\u00e9 \u00bb, 4\u00a0(...)\" href=\"http:\/\/www.cadtm.org\/A-qui-profite-la-gestion-des#nb13\" rel=\"footnote\">13<\/a>|, Serco ou Geo, ont pris leur essor gr\u00e2ce au boom des privatisations. Aux \u00c9tats-Unis, CCA et GEO sont les principales entreprises qui con\u00e7oivent, construisent, financent et exploitent les centres de d\u00e9tention et Sodexho Marriott est le premier fournisseur de services alimentaire de ces \u00e9tablissements.<\/p>\n<p>Certaines soci\u00e9t\u00e9s en profitent m\u00eame pour faire travailler leurs d\u00e9tenus en attente de leur expulsion. Ainsi, au centre de Yarl\u2019s Wood g\u00e9r\u00e9 par l\u2019entreprise Serco au Royaume-Uni, le service \u00e0 la cantine ou le nettoyage des locaux est effectu\u00e9 par des femmes d\u00e9tenues contre une r\u00e9mun\u00e9ration 23 fois moindre que le salaire pratiqu\u00e9 \u00e0 l\u2019ext\u00e9rieur pour ce type de t\u00e2che (50 pence de l\u2019heure en 2011, soit 58 centimes d\u2019euros). Le groupe GEO, qui en 2003 a obtenu la gestion du camp de Guantanamo \u00ab\u00a0offre\u00a0\u00bb \u00e0 ses occupants aux centres de Harmondsworth pr\u00e8s de l\u2019a\u00e9roport d\u2019Heathrow et de Dungavel en \u00c9cosse, des \u00ab\u00a0opportunit\u00e9s de travail r\u00e9mun\u00e9r\u00e9\u00a0\u00bb pour des services allant de la peinture au nettoyage\u00a0|<a id=\"nh14\" class=\"spip_note\" title=\"Claire Rodier, X\u00e9nophobie business, \u00e0 quoi servent les contr\u00f4les migratoires\u00a0(...)\" href=\"http:\/\/www.cadtm.org\/A-qui-profite-la-gestion-des#nb14\" rel=\"footnote\">14<\/a>|. Ces entreprises ne l\u00e9sinent pas sur l\u2019opportunit\u00e9 d\u2019exploiter une main d\u2019\u0153uvre tr\u00e8s bon march\u00e9 et sans droits.<\/p>\n<p><strong><br \/>\nL\u2019immigration rapporte plus qu\u2019elle ne co\u00fbte<\/strong><\/p>\n<p>Les quelques migrants qui finalement parviennent \u00e0 destination se mettent alors \u00e0 la recherche d\u2019un emploi et le pays d\u2019accueil profite d\u2019une main-d\u2019\u0153uvre bon march\u00e9 dont il s\u2019\u00e9pargne les frais de formation pay\u00e9e par le pays d\u2019origine\u00a0|<a id=\"nh15\" class=\"spip_note\" title=\"De la m\u00eame mani\u00e8re, les pays du centre de l\u2019Europe comme l\u2019Allemagne par\u00a0(...)\" href=\"http:\/\/www.cadtm.org\/A-qui-profite-la-gestion-des#nb15\" rel=\"footnote\">15<\/a>|. Une telle main-d\u2019\u0153uvre, flexible et exploitable \u00e0 merci, comble un besoin dont les \u00e9conomies des pays industrialis\u00e9s ne peuvent se passer si facilement.<\/p>\n<p>Loin de constituer une menace et contrairement \u00e0 une id\u00e9e fausse, les migrations ont g\u00e9n\u00e9ralement un impact positif sur les \u00e9conomies des pays d\u2019accueil. Sur un plan purement \u00e9conomique, d\u2019apr\u00e8s l\u2019<a class=\"cs_glossaire\" href=\"http:\/\/www.cadtm.org\/OCDE-Organisation-de-cooperation\" name=\"mot1007_3\"><span class=\"gl_mot\">OCDE<\/span><\/a>, un immigr\u00e9 rapporte en moyenne 3 500 euros de rentr\u00e9es fiscales annuelles au pays qui l\u2019accueille\u00a0|<a id=\"nh16\" class=\"spip_note\" title=\"CNCD 2017, Assises Citoyennes des Migrations : Vers la Justice migratoire.\u00a0(...)\" href=\"http:\/\/www.cadtm.org\/A-qui-profite-la-gestion-des#nb16\" rel=\"footnote\">16<\/a>|. Les sans-papiers qui travaillent ont des fiches de paies, souvent au nom de tierce personne et cotisent \u00e0 une couverture sociale dont ils ne peuvent b\u00e9n\u00e9ficier.<\/p>\n<p>En d\u00e9finitive, s\u2019installe le doute quant aux r\u00e9sultats attendus d\u2019une telle strat\u00e9gie de gestion des flux de d\u00e9placements humains. La politique anti-migratoire mise en \u0153uvre tue, l\u2019Europe compte les morts mais continue \u00e0 dresser ses barricades. Pourtant les migrations ne sont pas un probl\u00e8me, un fl\u00e9au en tant que tel contre lequel il faut lutter. Les migrations sont la cons\u00e9quence des conflits, des pers\u00e9cutions, des catastrophes environnementales, des injustices sociales et \u00e9conomiques dans le monde. Et c\u2019est \u00e0 ces causes-l\u00e0 qu\u2019il faut s\u2019attaquer, si l\u2019on veut mener une politique migratoire r\u00e9ellement juste et humaine.<\/p>\n<\/div>\n<p>&nbsp;<\/p>\n<div class=\"ps\">\n<div class=\"\">\n<p>Groupe CADTM Migrations, Bruxelles, 2017.<\/p>\n<p>Ont particip\u00e9 \u00e0 la r\u00e9daction de cet article, Ludivine Faniel, Beno\u00eet Coumont et J\u00e9r\u00f4me Duval du CADTM.\u00a0Les auteurs remercient Marie-Claude Carrel et R\u00e9mi Vilain pour leurs lectures avis\u00e9es, leurs conseils et corrections ainsi que Pierre Gottiniaux pour le graphique.<\/p>\n<\/div>\n<\/div>\n<div class=\"notes\">\n<p><strong>Notes<\/strong><\/p>\n<p>|<a id=\"nb1\" class=\"spip_note\" title=\"Notes 1\" href=\"http:\/\/www.cadtm.org\/A-qui-profite-la-gestion-des#nh1\" rev=\"footnote\">1<\/a>| Article 13 de la D\u00e9claration Universelle des Droits de l\u2019Homme\u00a0: 1. Toute personne a le droit de circuler librement et de choisir sa r\u00e9sidence \u00e0 l\u2019int\u00e9rieur d\u2019un Etat. 2. Toute personne a le droit de quitter tout pays, y compris le sien, et de revenir dans son pays.<\/p>\n<p>|<a id=\"nb2\" class=\"spip_note\" title=\"Notes 2\" href=\"http:\/\/www.cadtm.org\/A-qui-profite-la-gestion-des#nh2\" rev=\"footnote\">2<\/a>| Ce sont ainsi douze personnes en moyenne qui meurent chaque jour en tentant de rejoindre le continent europ\u00e9en. \u00ab\u00a03 800 migrants sont morts en M\u00e9diterran\u00e9e en 2016, un chiffre record selon l\u2019ONU\u00a0\u00bb, Le Monde.fr avec AFP, 26 octobre 2016.\u00a0<a class=\"spip_out\" href=\"http:\/\/www.lemonde.fr\/europe\/article\/2016\/10\/26\/3-800-migrants-sont-morts-en-mediterranee-en-2016-un-chiffre-record-selon-l-onu_5020792_3214.html\" rel=\"external\">http:\/\/www.lemonde.fr\/europe\/article\/2016\/10\/26\/3-800-migrants-sont-morts-en-mediterranee-en-2016-un-chiffre-record-selon-l-onu_5020792_3214.html<\/a><\/p>\n<p>|<a id=\"nb3\" class=\"spip_note\" title=\"Notes 3\" href=\"http:\/\/www.cadtm.org\/A-qui-profite-la-gestion-des#nh3\" rev=\"footnote\">3<\/a>| En effet, ces centres ferm\u00e9s ne servent pas \u00e0 retenir un flux de migrants (\u00ab\u00a0r\u00e9tention\u00a0\u00bb) mais sont de v\u00e9ritables prisons, dont les conditions de d\u00e9tention sont souvent pires que celles des prisons de droits commun. C\u2019est donc par libre choix que nous parlons ici de centre de d\u00e9tention plut\u00f4t que le terme commun\u00e9ment employ\u00e9 de centre de r\u00e9tention.<\/p>\n<p>|<a id=\"nb4\" class=\"spip_note\" title=\"Notes 4\" href=\"http:\/\/www.cadtm.org\/A-qui-profite-la-gestion-des#nh4\" rev=\"footnote\">4<\/a>| Olivier Petitjean, \u00ab\u00a0La d\u00e9tention des migrants, un business en pleine expansion\u00a0\u00bb, multinationales.org, 11 janvier 2017.\u00a0<a class=\"spip_out\" href=\"http:\/\/multinationales.org\/La-detention-des-migrants-un-business-en-pleine-expansion\" rel=\"external\">http:\/\/multinationales.org\/La-detention-des-migrants-un-business-en-pleine-expansion<\/a><\/p>\n<p>|<a id=\"nb5\" class=\"spip_note\" title=\"Notes 5\" href=\"http:\/\/www.cadtm.org\/A-qui-profite-la-gestion-des#nh5\" rev=\"footnote\">5<\/a>| \u00ab\u00a0Dans le cadre de la mise en \u0153uvre des accords de r\u00e9admission, Frontex peut organiser des vols retours conjoints financ\u00e9s en tout ou partie par l\u2019agence. Un \u00c9tat membre qui souhaite renvoyer plusieurs migrants d\u2019une m\u00eame nationalit\u00e9 informe d\u2019abord Frontex du nombre de places disponibles dans l\u2019avion. Frontex se charge ensuite d\u2019informer tous les autres pays membres, et de coordonner le cas \u00e9ch\u00e9ant le vol pour qu\u2019il fasse \u00e9tape dans les diff\u00e9rents pays. Ces vols s\u2019apparentent \u00e0 des expulsions collectives prohib\u00e9es par l\u2019article 4 du Protocole 4 de la Convention europ\u00e9enne des droits de l\u2019homme\u00a0\u00bb. Manuel de formation-campagne Frontexit.\u00a0<a class=\"spip_out\" href=\"http:\/\/www.frontexit.org\/fr\/agir\/utiliser-le-kit\" rel=\"external\">http:\/\/www.frontexit.org\/fr\/agir\/utiliser-le-kit<\/a><\/p>\n<p>|<a id=\"nb6\" class=\"spip_note\" title=\"Notes 6\" href=\"http:\/\/www.cadtm.org\/A-qui-profite-la-gestion-des#nh6\" rev=\"footnote\">6<\/a>| Voir page 14 du rapport de Mark Akkerman, Centre Del\u00e0s &#8211; Stop Wapenhandel &#8211; TNI, Guerras de frontera. Los fabricantes y vendedores de armas que se benefician de la tragedia de los refugiados en Europa, mai 2016.<\/p>\n<p>|<a id=\"nb7\" class=\"spip_note\" title=\"Notes 7\" href=\"http:\/\/www.cadtm.org\/A-qui-profite-la-gestion-des#nh7\" rev=\"footnote\">7<\/a>|\u00a0<a class=\"spip_in\" href=\"http:\/\/www.cadtm.org\/La-construccion-europea-al\" hreflang=\"es\"><i>La construcci\u00f3n europea al servicio de los mercados financieros<\/i><\/a>, F\u00e1tima Mart\u00edn et J\u00e9r\u00f4me Duval, Icaria Editorial 2016.<\/p>\n<p>|<a id=\"nb8\" class=\"spip_note\" title=\"Notes 8\" href=\"http:\/\/www.cadtm.org\/A-qui-profite-la-gestion-des#nh8\" rev=\"footnote\">8<\/a>| En 2008, le rapport Medical Justice and the National Coalition of Anti-Deportation Campaigns de Birnberg Peirce &amp; Partners a rendu public l\u2019utilisation excessive de la force et les comportements racistes lors de retours forc\u00e9s de demandeurs d\u2019asile dans leurs pays par les escortes priv\u00e9es auxquels le gouvernement britannique d\u00e9l\u00e8gue la mise en \u0153uvre des expulsions.<\/p>\n<p>|<a id=\"nb9\" class=\"spip_note\" title=\"Notes 9\" href=\"http:\/\/www.cadtm.org\/A-qui-profite-la-gestion-des#nh9\" rev=\"footnote\">9<\/a>| Voir le rapport \u00ab\u00a0Guerres aux fronti\u00e8res. Les traficants d\u2019armes qui profitent de la crise des r\u00e9fugi\u00e9s en Europe\u00a0\u00bb, Transnational Institute et Stop Wapenhandel, r\u00e9sum\u00e9 en fran\u00e7ais\u00a0:\u00a0<a class=\"spip_out\" href=\"https:\/\/www.tni.org\/files\/publication-downloads\/border-wars-exec-summ-french.pdf\" rel=\"external\">https:\/\/www.tni.org\/files\/publication-downloads\/border-wars-exec-summ-french.pdf<\/a><\/p>\n<p>|<a id=\"nb10\" class=\"spip_note\" title=\"Notes 10\" href=\"http:\/\/www.cadtm.org\/A-qui-profite-la-gestion-des#nh10\" rev=\"footnote\">10<\/a>| \u00ab\u00a0Les soci\u00e9t\u00e9s de s\u00e9curit\u00e9 priv\u00e9es prosp\u00e8rent \u00e0 mesure que le nombre de migrants augmente\u00a0\u00bb, 12 mars 2014.\u00a0<a class=\"spip_out\" href=\"http:\/\/www.irinnews.org\/fr\/report\/99784\/les-soci%C3%A9t%C3%A9s-de-s%C3%A9curit%C3%A9-priv%C3%A9es-prosp%C3%A8rent-%C3%A0-mesure-que-le-nombre-de-migrants-augmente\" rel=\"external\">http:\/\/www.irinnews.org\/fr\/report\/99784\/les-soci%C3%A9t%C3%A9s-de-s%C3%A9curit%C3%A9-priv%C3%A9es-prosp%C3%A8rent-%C3%A0-mesure-que-le-nombre-de-migrants-augmente<\/a><\/p>\n<p>|<a id=\"nb11\" class=\"spip_note\" title=\"Notes 11\" href=\"http:\/\/www.cadtm.org\/A-qui-profite-la-gestion-des#nh11\" rev=\"footnote\">11<\/a>| Amnesty international \u2013 Belgique, \u00ab\u00a0Semira Adamu, 15 ans apr\u00e8s\u2026\u00a0\u00bb, 18 novembre 2013.\u00a0<a class=\"spip_out\" href=\"https:\/\/www.amnesty.be\/je-veux-m-informer\/notre-magazine-le-fil\/le-fil-23-novembre-decembre-2013\/article\/semira-adamu-15-ans-apres-21914?lang=fr\" rel=\"external\">https:\/\/www.amnesty.be\/je-veux-m-informer\/notre-magazine-le-fil\/le-fil-23-novembre-decembre-2013\/article\/semira-adamu-15-ans-apres-21914?lang=fr<\/a><\/p>\n<p>|<a id=\"nb12\" class=\"spip_note\" title=\"Notes 12\" href=\"http:\/\/www.cadtm.org\/A-qui-profite-la-gestion-des#nh12\" rev=\"footnote\">12<\/a>| Bouygues a aussi construit la prison de Mont-de-Marsan, inaugur\u00e9e le 20 novembre 2008. Ce centre p\u00e9nitentiaire avait \u00e9t\u00e9 plong\u00e9 dans le noir, trois semaines apr\u00e8s son ouverture, \u00e0 la suite d\u2019une panne g\u00e9n\u00e9rale d\u2019\u00e9lectricit\u00e9, qui avait conduit \u00e0 \u00e9vacuer les 87 d\u00e9tenus de cette prison livr\u00e9e \u00e0 l\u2019heure et dans des temps record pour \u00e9viter de lourdes p\u00e9nalit\u00e9s financi\u00e8res en cas de d\u00e9lais de livraison non satisfaits. David Dufresne, \u00ab\u00a0Le juteux business des prisons\u00a0\u00bb, 23 novembre 2010.\u00a0<a class=\"spip_out\" href=\"http:\/\/owni.fr\/2010\/11\/23\/interview-le-juteux-business-des-prisons\/\" rel=\"external\">http:\/\/owni.fr\/2010\/11\/23\/interview-le-juteux-business-des-prisons\/<\/a><\/p>\n<p>|<a id=\"nb13\" class=\"spip_note\" title=\"Notes 13\" href=\"http:\/\/www.cadtm.org\/A-qui-profite-la-gestion-des#nh13\" rev=\"footnote\">13<\/a>| J\u00e9r\u00f4me Duval,\u00a0<a class=\"spip_in\" href=\"http:\/\/www.cadtm.org\/G4S-quand-l-entreprise-privee\">\u00ab\u00a0G4S\u00a0: quand l\u2019entreprise priv\u00e9e veille sur votre s\u00e9curit\u00e9\u00a0\u00bb<\/a>, 4 avril 2017.<\/p>\n<p>|<a id=\"nb14\" class=\"spip_note\" title=\"Notes 14\" href=\"http:\/\/www.cadtm.org\/A-qui-profite-la-gestion-des#nh14\" rev=\"footnote\">14<\/a>| Claire Rodier,\u00a0<i>X\u00e9nophobie business, \u00e0 quoi servent les contr\u00f4les migratoires\u00a0?<\/i>, La D\u00e9couverte, 2012, pages 25 \u2013 26.<\/p>\n<p>|<a id=\"nb15\" class=\"spip_note\" title=\"Notes 15\" href=\"http:\/\/www.cadtm.org\/A-qui-profite-la-gestion-des#nh15\" rev=\"footnote\">15<\/a>| De la m\u00eame mani\u00e8re, les pays du centre de l\u2019Europe comme l\u2019Allemagne par exemple, profitent de l\u2019arriv\u00e9e sur le march\u00e9 du travail de milliers d\u2019\u00e9tudiants qualifi\u00e9s qui fuient la crise des pays de la p\u00e9riph\u00e9rie europ\u00e9enne sans avoir investi dans leur formation. Il en va de m\u00eame pour les travailleurs en provenance de pays du Sud.<\/p>\n<p>|<a id=\"nb16\" class=\"spip_note\" title=\"Notes 16\" href=\"http:\/\/www.cadtm.org\/A-qui-profite-la-gestion-des#nh16\" rev=\"footnote\">16<\/a>| CNCD 2017, Assises Citoyennes des Migrations\u00a0: Vers la Justice migratoire.\u00a0<a class=\"spip_out\" href=\"http:\/\/www.cncd.be\/IMG\/pdf\/appeljusticemigratoireassisesfinal.pdf\" rel=\"external\">http:\/\/www.cncd.be\/IMG\/pdf\/appeljusticemigratoireassisesfinal.pdf<\/a><\/p>\n<\/div>\n<div class=\"bioteur\">\n<div class=\"auteur\">\n<h3>Auteur.e<\/h3>\n<\/div>\n<div class=\"logoauteur\"><img loading=\"lazy\" decoding=\"async\" class=\"spip_logos\" src=\"http:\/\/www.cadtm.org\/local\/cache-gd2\/b1ab1cffdbda2c94e5154fcf8da3f50a.jpg\" alt=\"\" width=\"86\" height=\"87\" \/><\/div>\n<div class=\"logocadtm\"><img loading=\"lazy\" decoding=\"async\" class=\"spip_logos\" src=\"http:\/\/www.cadtm.org\/IMG\/moton736.png?1430120656\" alt=\"\" width=\"90\" height=\"28\" \/><\/div>\n<div class=\"bio\">\n<p><a href=\"http:\/\/www.cadtm.org\/Jerome-Duval?lang=fr\"><span id=\"nom\">J\u00e9r\u00f4me Duval<\/span><\/a>est membre du CADTM, Comit\u00e9 pour l\u2019abolition des dettes ill\u00e9gitimes et de la\u00a0<a class=\"spip_out\" href=\"http:\/\/auditoriaciudadana.net\/\" rel=\"external\">PACD<\/a>, la Plateforme d\u2019audit citoyen de la dette en Espagne. Il est l\u2019auteur avec F\u00e1tima Mart\u00edn du livre\u00a0<i><a class=\"spip_in\" href=\"http:\/\/www.cadtm.org\/La-construccion-europea-al\" hreflang=\"es\">Construcci\u00f3n europea al servicio de los mercados financieros<\/a><\/i>, Icaria editorial 2016 et est \u00e9galement coauteur de l\u2019ouvrage\u00a0<i><a class=\"spip_in\" href=\"http:\/\/www.cadtm.org\/La-Dette-ou-la-Vie\">La Dette ou la Vie<\/a><\/i>, (Aden-CADTM, 2011), livre collectif coordonn\u00e9 par Damien Millet et Eric Toussaint qui a re\u00e7u le Prix du livre politique \u00e0 Li\u00e8ge en 2011.<\/p>\n<\/div>\n<\/div>\n","protected":false},"excerpt":{"rendered":"<p>Par\u00a0J\u00e9r\u00f4me Duval,\u00a0Ludivine Faniel,\u00a0Benoit Coumont Les migrations font partie de l\u2019histoire de l\u2019humanit\u00e9 mais les fronti\u00e8res n\u2019ont jamais \u00e9t\u00e9 aussi ferm\u00e9es qu\u2019aujourd\u2019hui. Les conventions issues des politiques migratoires actuelles ont divis\u00e9 les migrants en diff\u00e9rentes cat\u00e9gories (politiques, \u00e9conomiques, climatiques&#8230;) en fonction&hellip;<\/p>\n","protected":false},"author":848,"featured_media":560609,"comment_status":"closed","ping_status":"closed","sticky":false,"template":"","format":"standard","meta":{"footnotes":""},"categories":[83,98,85,40],"tags":[41988,10644,41987,3232,7087],"class_list":["post-560585","post","type-post","status-publish","format-standard","has-post-thumbnail","hentry","category-africa-fr","category-droits-de-lhomme","category-europe-fr","category-international-fr","tag-cooperation-militaro-policiere","tag-frontex","tag-gestion-des-migrations","tag-immigration-fr","tag-migrations-fr"],"yoast_head":"<!-- This site is optimized with the Yoast SEO plugin v27.1.1 - https:\/\/yoast.com\/product\/yoast-seo-wordpress\/ -->\n<title>\u00c0 qui profite la gestion des migrations ?<\/title>\n<meta name=\"description\" content=\"Par\u00a0J\u00e9r\u00f4me Duval,\u00a0Ludivine Faniel,\u00a0Benoit Coumont Les migrations font partie de l\u2019histoire de l\u2019humanit\u00e9 mais les fronti\u00e8res n\u2019ont jamais \u00e9t\u00e9 aussi\" \/>\n<meta name=\"robots\" content=\"index, follow, max-snippet:-1, max-image-preview:large, max-video-preview:-1\" \/>\n<link rel=\"canonical\" href=\"https:\/\/www.pressenza.com\/fr\/2017\/11\/qui-profite-la-gestion-des-migrations\/\" \/>\n<meta property=\"og:locale\" content=\"fr_FR\" \/>\n<meta property=\"og:type\" content=\"article\" \/>\n<meta property=\"og:title\" content=\"\u00c0 qui profite la gestion des migrations ?\" \/>\n<meta property=\"og:description\" content=\"Par\u00a0J\u00e9r\u00f4me Duval,\u00a0Ludivine Faniel,\u00a0Benoit Coumont Les migrations font partie de l\u2019histoire de l\u2019humanit\u00e9 mais les fronti\u00e8res n\u2019ont jamais \u00e9t\u00e9 aussi\" \/>\n<meta property=\"og:url\" content=\"https:\/\/www.pressenza.com\/fr\/2017\/11\/qui-profite-la-gestion-des-migrations\/\" \/>\n<meta property=\"og:site_name\" content=\"Pressenza\" \/>\n<meta property=\"article:publisher\" content=\"https:\/\/www.facebook.com\/PressenzaItalia\" \/>\n<meta property=\"article:author\" content=\"https:\/\/www.facebook.com\/CADTMNETWORK\/\" \/>\n<meta property=\"article:published_time\" content=\"2017-11-25T07:56:21+00:00\" \/>\n<meta property=\"article:modified_time\" content=\"2017-11-25T08:00:44+00:00\" \/>\n<meta property=\"og:image\" content=\"https:\/\/www.pressenza.com\/wp-content\/uploads\/2017\/11\/---qui-profite-la-gestion-des-migrations.jpg\" \/>\n\t<meta property=\"og:image:width\" content=\"750\" \/>\n\t<meta property=\"og:image:height\" content=\"499\" \/>\n\t<meta property=\"og:image:type\" content=\"image\/jpeg\" \/>\n<meta name=\"author\" content=\"Comit\u00e9 pour l\u2019abolition des dettes ill\u00e9gitimes (CADTM)\" \/>\n<meta name=\"twitter:card\" content=\"summary_large_image\" \/>\n<meta name=\"twitter:creator\" content=\"@CADTM_int\" \/>\n<meta name=\"twitter:site\" content=\"@PressenzaIPA\" \/>\n<meta name=\"twitter:label1\" content=\"\u00c9crit par\" \/>\n\t<meta name=\"twitter:data1\" content=\"Comit\u00e9 pour l\u2019abolition des dettes ill\u00e9gitimes (CADTM)\" \/>\n\t<meta name=\"twitter:label2\" content=\"Dur\u00e9e de lecture estim\u00e9e\" \/>\n\t<meta name=\"twitter:data2\" content=\"22 minutes\" \/>\n<script type=\"application\/ld+json\" class=\"yoast-schema-graph\">{\"@context\":\"https:\/\/schema.org\",\"@graph\":[{\"@type\":\"Article\",\"@id\":\"https:\/\/www.pressenza.com\/fr\/2017\/11\/qui-profite-la-gestion-des-migrations\/#article\",\"isPartOf\":{\"@id\":\"https:\/\/www.pressenza.com\/fr\/2017\/11\/qui-profite-la-gestion-des-migrations\/\"},\"author\":{\"name\":\"Comit\u00e9 pour l\u2019abolition des dettes ill\u00e9gitimes (CADTM)\",\"@id\":\"https:\/\/www.pressenza.com\/fr\/#\/schema\/person\/1f570f1450b3d76e0dd919130d5851af\"},\"headline\":\"\u00c0 qui profite la gestion des migrations ?\",\"datePublished\":\"2017-11-25T07:56:21+00:00\",\"dateModified\":\"2017-11-25T08:00:44+00:00\",\"mainEntityOfPage\":{\"@id\":\"https:\/\/www.pressenza.com\/fr\/2017\/11\/qui-profite-la-gestion-des-migrations\/\"},\"wordCount\":4438,\"publisher\":{\"@id\":\"https:\/\/www.pressenza.com\/fr\/#organization\"},\"image\":{\"@id\":\"https:\/\/www.pressenza.com\/fr\/2017\/11\/qui-profite-la-gestion-des-migrations\/#primaryimage\"},\"thumbnailUrl\":\"https:\/\/www.pressenza.com\/wp-content\/uploads\/2017\/11\/---qui-profite-la-gestion-des-migrations.jpg\",\"keywords\":[\"Coop\u00e9ration militaro-polici\u00e8re\",\"Frontex\",\"gestion des migrations\",\"Immigration\",\"migrations\"],\"articleSection\":[\"Afrique\",\"Droits humains\",\"Europe\",\"International\"],\"inLanguage\":\"fr-FR\"},{\"@type\":\"WebPage\",\"@id\":\"https:\/\/www.pressenza.com\/fr\/2017\/11\/qui-profite-la-gestion-des-migrations\/\",\"url\":\"https:\/\/www.pressenza.com\/fr\/2017\/11\/qui-profite-la-gestion-des-migrations\/\",\"name\":\"\u00c0 qui profite la gestion des migrations ?\",\"isPartOf\":{\"@id\":\"https:\/\/www.pressenza.com\/fr\/#website\"},\"primaryImageOfPage\":{\"@id\":\"https:\/\/www.pressenza.com\/fr\/2017\/11\/qui-profite-la-gestion-des-migrations\/#primaryimage\"},\"image\":{\"@id\":\"https:\/\/www.pressenza.com\/fr\/2017\/11\/qui-profite-la-gestion-des-migrations\/#primaryimage\"},\"thumbnailUrl\":\"https:\/\/www.pressenza.com\/wp-content\/uploads\/2017\/11\/---qui-profite-la-gestion-des-migrations.jpg\",\"datePublished\":\"2017-11-25T07:56:21+00:00\",\"dateModified\":\"2017-11-25T08:00:44+00:00\",\"description\":\"Par\u00a0J\u00e9r\u00f4me Duval,\u00a0Ludivine Faniel,\u00a0Benoit Coumont Les migrations font partie de l\u2019histoire de l\u2019humanit\u00e9 mais les fronti\u00e8res n\u2019ont jamais \u00e9t\u00e9 aussi\",\"breadcrumb\":{\"@id\":\"https:\/\/www.pressenza.com\/fr\/2017\/11\/qui-profite-la-gestion-des-migrations\/#breadcrumb\"},\"inLanguage\":\"fr-FR\",\"potentialAction\":[{\"@type\":\"ReadAction\",\"target\":[\"https:\/\/www.pressenza.com\/fr\/2017\/11\/qui-profite-la-gestion-des-migrations\/\"]}]},{\"@type\":\"ImageObject\",\"inLanguage\":\"fr-FR\",\"@id\":\"https:\/\/www.pressenza.com\/fr\/2017\/11\/qui-profite-la-gestion-des-migrations\/#primaryimage\",\"url\":\"https:\/\/www.pressenza.com\/wp-content\/uploads\/2017\/11\/---qui-profite-la-gestion-des-migrations.jpg\",\"contentUrl\":\"https:\/\/www.pressenza.com\/wp-content\/uploads\/2017\/11\/---qui-profite-la-gestion-des-migrations.jpg\",\"width\":750,\"height\":499},{\"@type\":\"BreadcrumbList\",\"@id\":\"https:\/\/www.pressenza.com\/fr\/2017\/11\/qui-profite-la-gestion-des-migrations\/#breadcrumb\",\"itemListElement\":[{\"@type\":\"ListItem\",\"position\":1,\"name\":\"Accueil\",\"item\":\"https:\/\/www.pressenza.com\/fr\/\"},{\"@type\":\"ListItem\",\"position\":2,\"name\":\"\u00c0 qui profite la gestion des migrations ?\"}]},{\"@type\":\"WebSite\",\"@id\":\"https:\/\/www.pressenza.com\/fr\/#website\",\"url\":\"https:\/\/www.pressenza.com\/fr\/\",\"name\":\"Pressenza\",\"description\":\"International Press Agency\",\"publisher\":{\"@id\":\"https:\/\/www.pressenza.com\/fr\/#organization\"},\"potentialAction\":[{\"@type\":\"SearchAction\",\"target\":{\"@type\":\"EntryPoint\",\"urlTemplate\":\"https:\/\/www.pressenza.com\/fr\/?s={search_term_string}\"},\"query-input\":{\"@type\":\"PropertyValueSpecification\",\"valueRequired\":true,\"valueName\":\"search_term_string\"}}],\"inLanguage\":\"fr-FR\"},{\"@type\":\"Organization\",\"@id\":\"https:\/\/www.pressenza.com\/fr\/#organization\",\"name\":\"Pressenza\",\"url\":\"https:\/\/www.pressenza.com\/fr\/\",\"logo\":{\"@type\":\"ImageObject\",\"inLanguage\":\"fr-FR\",\"@id\":\"https:\/\/www.pressenza.com\/fr\/#\/schema\/logo\/image\/\",\"url\":\"https:\/\/www.pressenza.com\/wp-content\/uploads\/2022\/10\/pressenza_logo_200x200.jpg\",\"contentUrl\":\"https:\/\/www.pressenza.com\/wp-content\/uploads\/2022\/10\/pressenza_logo_200x200.jpg\",\"width\":200,\"height\":200,\"caption\":\"Pressenza\"},\"image\":{\"@id\":\"https:\/\/www.pressenza.com\/fr\/#\/schema\/logo\/image\/\"},\"sameAs\":[\"https:\/\/www.facebook.com\/PressenzaItalia\",\"https:\/\/x.com\/PressenzaIPA\"]},{\"@type\":\"Person\",\"@id\":\"https:\/\/www.pressenza.com\/fr\/#\/schema\/person\/1f570f1450b3d76e0dd919130d5851af\",\"name\":\"Comit\u00e9 pour l\u2019abolition des dettes ill\u00e9gitimes (CADTM)\",\"sameAs\":[\"http:\/\/www.cadtm.org\/\",\"https:\/\/www.facebook.com\/CADTMNETWORK\/\",\"https:\/\/x.com\/CADTM_int\"],\"url\":\"https:\/\/www.pressenza.com\/fr\/author\/comite-pour-annulation-de-la-dette-du-tiers-mond\/\"}]}<\/script>\n<!-- \/ Yoast SEO plugin. -->","yoast_head_json":{"title":"\u00c0 qui profite la gestion des migrations ?","description":"Par\u00a0J\u00e9r\u00f4me Duval,\u00a0Ludivine Faniel,\u00a0Benoit Coumont Les migrations font partie de l\u2019histoire de l\u2019humanit\u00e9 mais les fronti\u00e8res n\u2019ont jamais \u00e9t\u00e9 aussi","robots":{"index":"index","follow":"follow","max-snippet":"max-snippet:-1","max-image-preview":"max-image-preview:large","max-video-preview":"max-video-preview:-1"},"canonical":"https:\/\/www.pressenza.com\/fr\/2017\/11\/qui-profite-la-gestion-des-migrations\/","og_locale":"fr_FR","og_type":"article","og_title":"\u00c0 qui profite la gestion des migrations ?","og_description":"Par\u00a0J\u00e9r\u00f4me Duval,\u00a0Ludivine Faniel,\u00a0Benoit Coumont Les migrations font partie de l\u2019histoire de l\u2019humanit\u00e9 mais les fronti\u00e8res n\u2019ont jamais \u00e9t\u00e9 aussi","og_url":"https:\/\/www.pressenza.com\/fr\/2017\/11\/qui-profite-la-gestion-des-migrations\/","og_site_name":"Pressenza","article_publisher":"https:\/\/www.facebook.com\/PressenzaItalia","article_author":"https:\/\/www.facebook.com\/CADTMNETWORK\/","article_published_time":"2017-11-25T07:56:21+00:00","article_modified_time":"2017-11-25T08:00:44+00:00","og_image":[{"width":750,"height":499,"url":"https:\/\/www.pressenza.com\/wp-content\/uploads\/2017\/11\/---qui-profite-la-gestion-des-migrations.jpg","type":"image\/jpeg"}],"author":"Comit\u00e9 pour l\u2019abolition des dettes ill\u00e9gitimes (CADTM)","twitter_card":"summary_large_image","twitter_creator":"@CADTM_int","twitter_site":"@PressenzaIPA","twitter_misc":{"\u00c9crit par":"Comit\u00e9 pour l\u2019abolition des dettes ill\u00e9gitimes (CADTM)","Dur\u00e9e de lecture estim\u00e9e":"22 minutes"},"schema":{"@context":"https:\/\/schema.org","@graph":[{"@type":"Article","@id":"https:\/\/www.pressenza.com\/fr\/2017\/11\/qui-profite-la-gestion-des-migrations\/#article","isPartOf":{"@id":"https:\/\/www.pressenza.com\/fr\/2017\/11\/qui-profite-la-gestion-des-migrations\/"},"author":{"name":"Comit\u00e9 pour l\u2019abolition des dettes ill\u00e9gitimes (CADTM)","@id":"https:\/\/www.pressenza.com\/fr\/#\/schema\/person\/1f570f1450b3d76e0dd919130d5851af"},"headline":"\u00c0 qui profite la gestion des migrations ?","datePublished":"2017-11-25T07:56:21+00:00","dateModified":"2017-11-25T08:00:44+00:00","mainEntityOfPage":{"@id":"https:\/\/www.pressenza.com\/fr\/2017\/11\/qui-profite-la-gestion-des-migrations\/"},"wordCount":4438,"publisher":{"@id":"https:\/\/www.pressenza.com\/fr\/#organization"},"image":{"@id":"https:\/\/www.pressenza.com\/fr\/2017\/11\/qui-profite-la-gestion-des-migrations\/#primaryimage"},"thumbnailUrl":"https:\/\/www.pressenza.com\/wp-content\/uploads\/2017\/11\/---qui-profite-la-gestion-des-migrations.jpg","keywords":["Coop\u00e9ration militaro-polici\u00e8re","Frontex","gestion des migrations","Immigration","migrations"],"articleSection":["Afrique","Droits humains","Europe","International"],"inLanguage":"fr-FR"},{"@type":"WebPage","@id":"https:\/\/www.pressenza.com\/fr\/2017\/11\/qui-profite-la-gestion-des-migrations\/","url":"https:\/\/www.pressenza.com\/fr\/2017\/11\/qui-profite-la-gestion-des-migrations\/","name":"\u00c0 qui profite la gestion des migrations ?","isPartOf":{"@id":"https:\/\/www.pressenza.com\/fr\/#website"},"primaryImageOfPage":{"@id":"https:\/\/www.pressenza.com\/fr\/2017\/11\/qui-profite-la-gestion-des-migrations\/#primaryimage"},"image":{"@id":"https:\/\/www.pressenza.com\/fr\/2017\/11\/qui-profite-la-gestion-des-migrations\/#primaryimage"},"thumbnailUrl":"https:\/\/www.pressenza.com\/wp-content\/uploads\/2017\/11\/---qui-profite-la-gestion-des-migrations.jpg","datePublished":"2017-11-25T07:56:21+00:00","dateModified":"2017-11-25T08:00:44+00:00","description":"Par\u00a0J\u00e9r\u00f4me Duval,\u00a0Ludivine Faniel,\u00a0Benoit Coumont Les migrations font partie de l\u2019histoire de l\u2019humanit\u00e9 mais les fronti\u00e8res n\u2019ont jamais \u00e9t\u00e9 aussi","breadcrumb":{"@id":"https:\/\/www.pressenza.com\/fr\/2017\/11\/qui-profite-la-gestion-des-migrations\/#breadcrumb"},"inLanguage":"fr-FR","potentialAction":[{"@type":"ReadAction","target":["https:\/\/www.pressenza.com\/fr\/2017\/11\/qui-profite-la-gestion-des-migrations\/"]}]},{"@type":"ImageObject","inLanguage":"fr-FR","@id":"https:\/\/www.pressenza.com\/fr\/2017\/11\/qui-profite-la-gestion-des-migrations\/#primaryimage","url":"https:\/\/www.pressenza.com\/wp-content\/uploads\/2017\/11\/---qui-profite-la-gestion-des-migrations.jpg","contentUrl":"https:\/\/www.pressenza.com\/wp-content\/uploads\/2017\/11\/---qui-profite-la-gestion-des-migrations.jpg","width":750,"height":499},{"@type":"BreadcrumbList","@id":"https:\/\/www.pressenza.com\/fr\/2017\/11\/qui-profite-la-gestion-des-migrations\/#breadcrumb","itemListElement":[{"@type":"ListItem","position":1,"name":"Accueil","item":"https:\/\/www.pressenza.com\/fr\/"},{"@type":"ListItem","position":2,"name":"\u00c0 qui profite la gestion des migrations ?"}]},{"@type":"WebSite","@id":"https:\/\/www.pressenza.com\/fr\/#website","url":"https:\/\/www.pressenza.com\/fr\/","name":"Pressenza","description":"International Press Agency","publisher":{"@id":"https:\/\/www.pressenza.com\/fr\/#organization"},"potentialAction":[{"@type":"SearchAction","target":{"@type":"EntryPoint","urlTemplate":"https:\/\/www.pressenza.com\/fr\/?s={search_term_string}"},"query-input":{"@type":"PropertyValueSpecification","valueRequired":true,"valueName":"search_term_string"}}],"inLanguage":"fr-FR"},{"@type":"Organization","@id":"https:\/\/www.pressenza.com\/fr\/#organization","name":"Pressenza","url":"https:\/\/www.pressenza.com\/fr\/","logo":{"@type":"ImageObject","inLanguage":"fr-FR","@id":"https:\/\/www.pressenza.com\/fr\/#\/schema\/logo\/image\/","url":"https:\/\/www.pressenza.com\/wp-content\/uploads\/2022\/10\/pressenza_logo_200x200.jpg","contentUrl":"https:\/\/www.pressenza.com\/wp-content\/uploads\/2022\/10\/pressenza_logo_200x200.jpg","width":200,"height":200,"caption":"Pressenza"},"image":{"@id":"https:\/\/www.pressenza.com\/fr\/#\/schema\/logo\/image\/"},"sameAs":["https:\/\/www.facebook.com\/PressenzaItalia","https:\/\/x.com\/PressenzaIPA"]},{"@type":"Person","@id":"https:\/\/www.pressenza.com\/fr\/#\/schema\/person\/1f570f1450b3d76e0dd919130d5851af","name":"Comit\u00e9 pour l\u2019abolition des dettes ill\u00e9gitimes (CADTM)","sameAs":["http:\/\/www.cadtm.org\/","https:\/\/www.facebook.com\/CADTMNETWORK\/","https:\/\/x.com\/CADTM_int"],"url":"https:\/\/www.pressenza.com\/fr\/author\/comite-pour-annulation-de-la-dette-du-tiers-mond\/"}]}},"place":"","original_article_url":"http:\/\/www.cadtm.org\/A-qui-profite-la-gestion-des?#","_links":{"self":[{"href":"https:\/\/www.pressenza.com\/fr\/wp-json\/wp\/v2\/posts\/560585","targetHints":{"allow":["GET"]}}],"collection":[{"href":"https:\/\/www.pressenza.com\/fr\/wp-json\/wp\/v2\/posts"}],"about":[{"href":"https:\/\/www.pressenza.com\/fr\/wp-json\/wp\/v2\/types\/post"}],"author":[{"embeddable":true,"href":"https:\/\/www.pressenza.com\/fr\/wp-json\/wp\/v2\/users\/848"}],"replies":[{"embeddable":true,"href":"https:\/\/www.pressenza.com\/fr\/wp-json\/wp\/v2\/comments?post=560585"}],"version-history":[{"count":0,"href":"https:\/\/www.pressenza.com\/fr\/wp-json\/wp\/v2\/posts\/560585\/revisions"}],"wp:featuredmedia":[{"embeddable":true,"href":"https:\/\/www.pressenza.com\/fr\/wp-json\/wp\/v2\/media\/560609"}],"wp:attachment":[{"href":"https:\/\/www.pressenza.com\/fr\/wp-json\/wp\/v2\/media?parent=560585"}],"wp:term":[{"taxonomy":"category","embeddable":true,"href":"https:\/\/www.pressenza.com\/fr\/wp-json\/wp\/v2\/categories?post=560585"},{"taxonomy":"post_tag","embeddable":true,"href":"https:\/\/www.pressenza.com\/fr\/wp-json\/wp\/v2\/tags?post=560585"}],"curies":[{"name":"wp","href":"https:\/\/api.w.org\/{rel}","templated":true}]}}