{"id":54338,"date":"2013-05-30T21:43:43","date_gmt":"2013-05-30T20:43:43","guid":{"rendered":"http:\/\/www.pressenza.com\/?p=54338"},"modified":"2013-05-30T21:56:55","modified_gmt":"2013-05-30T20:56:55","slug":"peuples-unis-contre-la-troika-les-mobilisations-du-1er-juin-lancees-par-les-mouvements-sociaux-de-plusieurs-pays-deurope-sont-soutenues-par-les-humanistes","status":"publish","type":"post","link":"https:\/\/www.pressenza.com\/fr\/2013\/05\/peuples-unis-contre-la-troika-les-mobilisations-du-1er-juin-lancees-par-les-mouvements-sociaux-de-plusieurs-pays-deurope-sont-soutenues-par-les-humanistes\/","title":{"rendered":"\u2018Peuples Unis contre la Troika\u2019 : Les mobilisations du 1er juin lanc\u00e9es par les mouvements sociaux de plusieurs pays d\u2019Europe sont soutenues par les humanistes"},"content":{"rendered":"<p>Le Parti Humaniste partage et soutient la d\u00e9nonciation des \u2018brutales et inhumaines politiques de la Troika\u2019<\/p>\n<p>Ce n\u2019est pas cette Europe l\u00e0 que nous voulons. Nous ne voulons pas des institutions europ\u00e9ennes qui dictent des politiques qui vont contre les citoyens les plus d\u00e9munis. Nous ne voulons pas la division et l\u2019in\u00e9galit\u00e9 croissantes que cela engendre. Nous ne voulons pas que des peuples entiers soient discrimin\u00e9s. Nous ne voulons de leurs recettes n\u00e9olib\u00e9rales qui d\u00e9truisent les droits sociaux, que les efforts de plusieurs g\u00e9n\u00e9rations ont permis d\u2019atteindre et qui servirent de mod\u00e8les pour d\u2019autres peuples.<\/p>\n<p>Aussi bien la Commission europ\u00e9enne que la Banque Centrale Europ\u00e9enne ont trahi les aspirations des peuples europ\u00e9ens et ne s\u2019int\u00e9ressent qu\u2019\u00e0 satisfaire et \u00e0 maintenir les int\u00e9r\u00eats de la tyrannie de l\u2019argent et des grands pouvoirs financiers, avec l\u2019appui d\u2019un autre organisme de tr\u00e8s mauvaise r\u00e9putation, le FMI. Mais qui sont-ils et quelle l\u00e9gitimit\u00e9 ont-ils pour exercer ce pouvoir\u00a0? C\u2019est le moment d\u2019en d\u00e9battre dans des forums et assembl\u00e9es afin de remettre en question et r\u00e9viser le fonctionnement de l\u2019Union Europ\u00e9enne et de la direction prise.<\/p>\n<p>Ils justifient leurs politiques \u2018d\u2019aust\u00e9rit\u00e9\u2019 (c\u2019est ainsi qu\u2019ils nomment les compressions budg\u00e9taires dans leur langage technocrate) par l\u2019argument que la priorit\u00e9 est de trouver des indicateurs macro\u00e9conomiques ad\u00e9quats avant que les b\u00e9n\u00e9fices de ces indicateurs puissent \u00eatre revers\u00e9 \u00e0 la soci\u00e9t\u00e9. Ainsi ils font d\u00e9pendre les droits de Nous tous aux exigences du pouvoir financier.<\/p>\n<p>Tout au contraire pour les Humanistes, la priorit\u00e9 des \u00e9tats et institutions europ\u00e9ennes est l\u2019accomplissement du droit \u00e0 la sant\u00e9, l\u2019\u00e9ducation et logement de tous les \u00eatres humains, tout le reste devant s\u2019accommoder pour atteindre cet objectif.<\/p>\n<p>Nous les Humanistes, aspirons \u00e0 ce que cet appel se fasse simultan\u00e9ment et soit coordonn\u00e9 par les mouvements sociaux des divers pays europ\u00e9ens et que soient mises en commun les objectifs et aspirations partag\u00e9s. C\u2019est le d\u00e9but d\u2019une nouvelle Europe, l\u2019Europe des Peuples, qui sera bien mieux que les institutions qui aujourd\u2019hui la d\u00e9truisent. C\u2019est pour cela que nous appelons nos amis et sympathisants \u00e0 participer dans les diverses mobilisations qui auront lieu dans de nombreuses villes d\u2019Europe ce prochain 1<sup>er<\/sup> juin. Nous y serons.<\/p>\n","protected":false},"excerpt":{"rendered":"<p>Le Parti Humaniste partage et soutient la d\u00e9nonciation des \u2018brutales et inhumaines politiques de la Troika\u2019 Ce n\u2019est pas cette Europe l\u00e0 que nous voulons. Nous ne voulons pas des institutions europ\u00e9ennes qui dictent des politiques qui vont contre les&hellip;<\/p>\n","protected":false},"author":19,"featured_media":54341,"comment_status":"closed","ping_status":"open","sticky":false,"template":"","format":"standard","meta":{"footnotes":""},"categories":[151,100,85,40],"tags":[5174,1225],"class_list":["post-54338","post","type-post","status-publish","format-standard","has-post-thumbnail","hentry","category-communique-de-presse","category-economie","category-europe-fr","category-international-fr","tag-1-juin","tag-troika-fr"],"yoast_head":"<!-- This site is optimized with the Yoast SEO plugin v27.1.1 - https:\/\/yoast.com\/product\/yoast-seo-wordpress\/ -->\n<title>\u2018Peuples Unis contre la Troika\u2019 : Les mobilisations du 1er juin lanc\u00e9es par les mouvements sociaux de plusieurs pays d\u2019Europe sont soutenues par les humanistes<\/title>\n<meta name=\"description\" content=\"Le Parti Humaniste partage et soutient la d\u00e9nonciation des \u2018brutales et inhumaines politiques de la Troika\u2019 Ce n\u2019est pas cette Europe l\u00e0 que nous voulons.\" \/>\n<meta name=\"robots\" content=\"index, follow, max-snippet:-1, max-image-preview:large, max-video-preview:-1\" \/>\n<link rel=\"canonical\" href=\"https:\/\/www.pressenza.com\/fr\/2013\/05\/peuples-unis-contre-la-troika-les-mobilisations-du-1er-juin-lancees-par-les-mouvements-sociaux-de-plusieurs-pays-deurope-sont-soutenues-par-les-humanistes\/\" \/>\n<meta property=\"og:locale\" content=\"fr_FR\" \/>\n<meta property=\"og:type\" content=\"article\" \/>\n<meta property=\"og:title\" content=\"\u2018Peuples Unis contre la Troika\u2019 : Les mobilisations du 1er juin lanc\u00e9es par les mouvements sociaux de plusieurs pays d\u2019Europe sont soutenues par les humanistes\" \/>\n<meta property=\"og:description\" content=\"Le Parti Humaniste partage et soutient la d\u00e9nonciation des \u2018brutales et inhumaines politiques de la Troika\u2019 Ce n\u2019est pas cette Europe l\u00e0 que nous voulons.\" \/>\n<meta property=\"og:url\" content=\"https:\/\/www.pressenza.com\/fr\/2013\/05\/peuples-unis-contre-la-troika-les-mobilisations-du-1er-juin-lancees-par-les-mouvements-sociaux-de-plusieurs-pays-deurope-sont-soutenues-par-les-humanistes\/\" \/>\n<meta property=\"og:site_name\" content=\"Pressenza\" \/>\n<meta property=\"article:publisher\" content=\"https:\/\/www.facebook.com\/PressenzaItalia\" \/>\n<meta property=\"article:author\" content=\"https:\/\/www.facebook.com\/pressenza\" \/>\n<meta property=\"article:published_time\" content=\"2013-05-30T20:43:43+00:00\" \/>\n<meta property=\"article:modified_time\" content=\"2013-05-30T20:56:55+00:00\" \/>\n<meta property=\"og:image\" content=\"https:\/\/www.pressenza.com\/wp-content\/uploads\/2013\/05\/01-de-Junio-de-20131.jpg\" \/>\n\t<meta property=\"og:image:width\" content=\"600\" \/>\n\t<meta property=\"og:image:height\" content=\"450\" \/>\n\t<meta property=\"og:image:type\" content=\"image\/jpeg\" \/>\n<meta name=\"author\" content=\"Pressenza IPA\" \/>\n<meta name=\"twitter:card\" content=\"summary_large_image\" \/>\n<meta name=\"twitter:creator\" content=\"@PressenzaIPA\" \/>\n<meta name=\"twitter:site\" content=\"@PressenzaIPA\" \/>\n<meta name=\"twitter:label1\" content=\"\u00c9crit par\" \/>\n\t<meta name=\"twitter:data1\" content=\"Pressenza IPA\" \/>\n\t<meta name=\"twitter:label2\" content=\"Dur\u00e9e de lecture estim\u00e9e\" \/>\n\t<meta name=\"twitter:data2\" content=\"2 minutes\" \/>\n<script type=\"application\/ld+json\" class=\"yoast-schema-graph\">{\"@context\":\"https:\/\/schema.org\",\"@graph\":[{\"@type\":\"Article\",\"@id\":\"https:\/\/www.pressenza.com\/fr\/2013\/05\/peuples-unis-contre-la-troika-les-mobilisations-du-1er-juin-lancees-par-les-mouvements-sociaux-de-plusieurs-pays-deurope-sont-soutenues-par-les-humanistes\/#article\",\"isPartOf\":{\"@id\":\"https:\/\/www.pressenza.com\/fr\/2013\/05\/peuples-unis-contre-la-troika-les-mobilisations-du-1er-juin-lancees-par-les-mouvements-sociaux-de-plusieurs-pays-deurope-sont-soutenues-par-les-humanistes\/\"},\"author\":{\"name\":\"Pressenza IPA\",\"@id\":\"https:\/\/www.pressenza.com\/fr\/#\/schema\/person\/010e5d02bcf40965427a1289a4cc8d75\"},\"headline\":\"\u2018Peuples Unis contre la Troika\u2019 : Les mobilisations du 1er juin lanc\u00e9es par les mouvements sociaux de plusieurs pays d\u2019Europe sont soutenues par les humanistes\",\"datePublished\":\"2013-05-30T20:43:43+00:00\",\"dateModified\":\"2013-05-30T20:56:55+00:00\",\"mainEntityOfPage\":{\"@id\":\"https:\/\/www.pressenza.com\/fr\/2013\/05\/peuples-unis-contre-la-troika-les-mobilisations-du-1er-juin-lancees-par-les-mouvements-sociaux-de-plusieurs-pays-deurope-sont-soutenues-par-les-humanistes\/\"},\"wordCount\":441,\"publisher\":{\"@id\":\"https:\/\/www.pressenza.com\/fr\/#organization\"},\"image\":{\"@id\":\"https:\/\/www.pressenza.com\/fr\/2013\/05\/peuples-unis-contre-la-troika-les-mobilisations-du-1er-juin-lancees-par-les-mouvements-sociaux-de-plusieurs-pays-deurope-sont-soutenues-par-les-humanistes\/#primaryimage\"},\"thumbnailUrl\":\"https:\/\/www.pressenza.com\/wp-content\/uploads\/2013\/05\/01-de-Junio-de-20131.jpg\",\"keywords\":[\"1 juin\",\"Troika\"],\"articleSection\":[\"Communiqu\u00e9s de Presse\",\"Economie\",\"Europe\",\"International\"],\"inLanguage\":\"fr-FR\"},{\"@type\":\"WebPage\",\"@id\":\"https:\/\/www.pressenza.com\/fr\/2013\/05\/peuples-unis-contre-la-troika-les-mobilisations-du-1er-juin-lancees-par-les-mouvements-sociaux-de-plusieurs-pays-deurope-sont-soutenues-par-les-humanistes\/\",\"url\":\"https:\/\/www.pressenza.com\/fr\/2013\/05\/peuples-unis-contre-la-troika-les-mobilisations-du-1er-juin-lancees-par-les-mouvements-sociaux-de-plusieurs-pays-deurope-sont-soutenues-par-les-humanistes\/\",\"name\":\"\u2018Peuples Unis contre la Troika\u2019 : Les mobilisations du 1er juin lanc\u00e9es par les mouvements sociaux de plusieurs pays d\u2019Europe sont soutenues par les humanistes\",\"isPartOf\":{\"@id\":\"https:\/\/www.pressenza.com\/fr\/#website\"},\"primaryImageOfPage\":{\"@id\":\"https:\/\/www.pressenza.com\/fr\/2013\/05\/peuples-unis-contre-la-troika-les-mobilisations-du-1er-juin-lancees-par-les-mouvements-sociaux-de-plusieurs-pays-deurope-sont-soutenues-par-les-humanistes\/#primaryimage\"},\"image\":{\"@id\":\"https:\/\/www.pressenza.com\/fr\/2013\/05\/peuples-unis-contre-la-troika-les-mobilisations-du-1er-juin-lancees-par-les-mouvements-sociaux-de-plusieurs-pays-deurope-sont-soutenues-par-les-humanistes\/#primaryimage\"},\"thumbnailUrl\":\"https:\/\/www.pressenza.com\/wp-content\/uploads\/2013\/05\/01-de-Junio-de-20131.jpg\",\"datePublished\":\"2013-05-30T20:43:43+00:00\",\"dateModified\":\"2013-05-30T20:56:55+00:00\",\"description\":\"Le Parti Humaniste partage et soutient la d\u00e9nonciation des \u2018brutales et inhumaines politiques de la Troika\u2019 Ce n\u2019est pas cette Europe l\u00e0 que nous voulons.\",\"breadcrumb\":{\"@id\":\"https:\/\/www.pressenza.com\/fr\/2013\/05\/peuples-unis-contre-la-troika-les-mobilisations-du-1er-juin-lancees-par-les-mouvements-sociaux-de-plusieurs-pays-deurope-sont-soutenues-par-les-humanistes\/#breadcrumb\"},\"inLanguage\":\"fr-FR\",\"potentialAction\":[{\"@type\":\"ReadAction\",\"target\":[\"https:\/\/www.pressenza.com\/fr\/2013\/05\/peuples-unis-contre-la-troika-les-mobilisations-du-1er-juin-lancees-par-les-mouvements-sociaux-de-plusieurs-pays-deurope-sont-soutenues-par-les-humanistes\/\"]}]},{\"@type\":\"ImageObject\",\"inLanguage\":\"fr-FR\",\"@id\":\"https:\/\/www.pressenza.com\/fr\/2013\/05\/peuples-unis-contre-la-troika-les-mobilisations-du-1er-juin-lancees-par-les-mouvements-sociaux-de-plusieurs-pays-deurope-sont-soutenues-par-les-humanistes\/#primaryimage\",\"url\":\"https:\/\/www.pressenza.com\/wp-content\/uploads\/2013\/05\/01-de-Junio-de-20131.jpg\",\"contentUrl\":\"https:\/\/www.pressenza.com\/wp-content\/uploads\/2013\/05\/01-de-Junio-de-20131.jpg\",\"width\":600,\"height\":450},{\"@type\":\"BreadcrumbList\",\"@id\":\"https:\/\/www.pressenza.com\/fr\/2013\/05\/peuples-unis-contre-la-troika-les-mobilisations-du-1er-juin-lancees-par-les-mouvements-sociaux-de-plusieurs-pays-deurope-sont-soutenues-par-les-humanistes\/#breadcrumb\",\"itemListElement\":[{\"@type\":\"ListItem\",\"position\":1,\"name\":\"Accueil\",\"item\":\"https:\/\/www.pressenza.com\/fr\/\"},{\"@type\":\"ListItem\",\"position\":2,\"name\":\"\u2018Peuples Unis contre la Troika\u2019 : Les mobilisations du 1er juin lanc\u00e9es par les mouvements sociaux de plusieurs pays d\u2019Europe sont soutenues par les humanistes\"}]},{\"@type\":\"WebSite\",\"@id\":\"https:\/\/www.pressenza.com\/fr\/#website\",\"url\":\"https:\/\/www.pressenza.com\/fr\/\",\"name\":\"Pressenza\",\"description\":\"International Press Agency\",\"publisher\":{\"@id\":\"https:\/\/www.pressenza.com\/fr\/#organization\"},\"potentialAction\":[{\"@type\":\"SearchAction\",\"target\":{\"@type\":\"EntryPoint\",\"urlTemplate\":\"https:\/\/www.pressenza.com\/fr\/?s={search_term_string}\"},\"query-input\":{\"@type\":\"PropertyValueSpecification\",\"valueRequired\":true,\"valueName\":\"search_term_string\"}}],\"inLanguage\":\"fr-FR\"},{\"@type\":\"Organization\",\"@id\":\"https:\/\/www.pressenza.com\/fr\/#organization\",\"name\":\"Pressenza\",\"url\":\"https:\/\/www.pressenza.com\/fr\/\",\"logo\":{\"@type\":\"ImageObject\",\"inLanguage\":\"fr-FR\",\"@id\":\"https:\/\/www.pressenza.com\/fr\/#\/schema\/logo\/image\/\",\"url\":\"https:\/\/www.pressenza.com\/wp-content\/uploads\/2022\/10\/pressenza_logo_200x200.jpg\",\"contentUrl\":\"https:\/\/www.pressenza.com\/wp-content\/uploads\/2022\/10\/pressenza_logo_200x200.jpg\",\"width\":200,\"height\":200,\"caption\":\"Pressenza\"},\"image\":{\"@id\":\"https:\/\/www.pressenza.com\/fr\/#\/schema\/logo\/image\/\"},\"sameAs\":[\"https:\/\/www.facebook.com\/PressenzaItalia\",\"https:\/\/x.com\/PressenzaIPA\"]},{\"@type\":\"Person\",\"@id\":\"https:\/\/www.pressenza.com\/fr\/#\/schema\/person\/010e5d02bcf40965427a1289a4cc8d75\",\"name\":\"Pressenza IPA\",\"description\":\"News from Pressenza IPA correspondents\",\"sameAs\":[\"https:\/\/www.facebook.com\/pressenza\",\"https:\/\/x.com\/PressenzaIPA\"],\"url\":\"https:\/\/www.pressenza.com\/fr\/author\/pressenza-ipa\/\"}]}<\/script>\n<!-- \/ Yoast SEO plugin. -->","yoast_head_json":{"title":"\u2018Peuples Unis contre la Troika\u2019 : Les mobilisations du 1er juin lanc\u00e9es par les mouvements sociaux de plusieurs pays d\u2019Europe sont soutenues par les humanistes","description":"Le Parti Humaniste partage et soutient la d\u00e9nonciation des \u2018brutales et inhumaines politiques de la Troika\u2019 Ce n\u2019est pas cette Europe l\u00e0 que nous voulons.","robots":{"index":"index","follow":"follow","max-snippet":"max-snippet:-1","max-image-preview":"max-image-preview:large","max-video-preview":"max-video-preview:-1"},"canonical":"https:\/\/www.pressenza.com\/fr\/2013\/05\/peuples-unis-contre-la-troika-les-mobilisations-du-1er-juin-lancees-par-les-mouvements-sociaux-de-plusieurs-pays-deurope-sont-soutenues-par-les-humanistes\/","og_locale":"fr_FR","og_type":"article","og_title":"\u2018Peuples Unis contre la Troika\u2019 : Les mobilisations du 1er juin lanc\u00e9es par les mouvements sociaux de plusieurs pays d\u2019Europe sont soutenues par les humanistes","og_description":"Le Parti Humaniste partage et soutient la d\u00e9nonciation des \u2018brutales et inhumaines politiques de la Troika\u2019 Ce n\u2019est pas cette Europe l\u00e0 que nous voulons.","og_url":"https:\/\/www.pressenza.com\/fr\/2013\/05\/peuples-unis-contre-la-troika-les-mobilisations-du-1er-juin-lancees-par-les-mouvements-sociaux-de-plusieurs-pays-deurope-sont-soutenues-par-les-humanistes\/","og_site_name":"Pressenza","article_publisher":"https:\/\/www.facebook.com\/PressenzaItalia","article_author":"https:\/\/www.facebook.com\/pressenza","article_published_time":"2013-05-30T20:43:43+00:00","article_modified_time":"2013-05-30T20:56:55+00:00","og_image":[{"width":600,"height":450,"url":"https:\/\/www.pressenza.com\/wp-content\/uploads\/2013\/05\/01-de-Junio-de-20131.jpg","type":"image\/jpeg"}],"author":"Pressenza IPA","twitter_card":"summary_large_image","twitter_creator":"@PressenzaIPA","twitter_site":"@PressenzaIPA","twitter_misc":{"\u00c9crit par":"Pressenza IPA","Dur\u00e9e de lecture estim\u00e9e":"2 minutes"},"schema":{"@context":"https:\/\/schema.org","@graph":[{"@type":"Article","@id":"https:\/\/www.pressenza.com\/fr\/2013\/05\/peuples-unis-contre-la-troika-les-mobilisations-du-1er-juin-lancees-par-les-mouvements-sociaux-de-plusieurs-pays-deurope-sont-soutenues-par-les-humanistes\/#article","isPartOf":{"@id":"https:\/\/www.pressenza.com\/fr\/2013\/05\/peuples-unis-contre-la-troika-les-mobilisations-du-1er-juin-lancees-par-les-mouvements-sociaux-de-plusieurs-pays-deurope-sont-soutenues-par-les-humanistes\/"},"author":{"name":"Pressenza IPA","@id":"https:\/\/www.pressenza.com\/fr\/#\/schema\/person\/010e5d02bcf40965427a1289a4cc8d75"},"headline":"\u2018Peuples Unis contre la Troika\u2019 : Les mobilisations du 1er juin lanc\u00e9es par les mouvements sociaux de plusieurs pays d\u2019Europe sont soutenues par les humanistes","datePublished":"2013-05-30T20:43:43+00:00","dateModified":"2013-05-30T20:56:55+00:00","mainEntityOfPage":{"@id":"https:\/\/www.pressenza.com\/fr\/2013\/05\/peuples-unis-contre-la-troika-les-mobilisations-du-1er-juin-lancees-par-les-mouvements-sociaux-de-plusieurs-pays-deurope-sont-soutenues-par-les-humanistes\/"},"wordCount":441,"publisher":{"@id":"https:\/\/www.pressenza.com\/fr\/#organization"},"image":{"@id":"https:\/\/www.pressenza.com\/fr\/2013\/05\/peuples-unis-contre-la-troika-les-mobilisations-du-1er-juin-lancees-par-les-mouvements-sociaux-de-plusieurs-pays-deurope-sont-soutenues-par-les-humanistes\/#primaryimage"},"thumbnailUrl":"https:\/\/www.pressenza.com\/wp-content\/uploads\/2013\/05\/01-de-Junio-de-20131.jpg","keywords":["1 juin","Troika"],"articleSection":["Communiqu\u00e9s de Presse","Economie","Europe","International"],"inLanguage":"fr-FR"},{"@type":"WebPage","@id":"https:\/\/www.pressenza.com\/fr\/2013\/05\/peuples-unis-contre-la-troika-les-mobilisations-du-1er-juin-lancees-par-les-mouvements-sociaux-de-plusieurs-pays-deurope-sont-soutenues-par-les-humanistes\/","url":"https:\/\/www.pressenza.com\/fr\/2013\/05\/peuples-unis-contre-la-troika-les-mobilisations-du-1er-juin-lancees-par-les-mouvements-sociaux-de-plusieurs-pays-deurope-sont-soutenues-par-les-humanistes\/","name":"\u2018Peuples Unis contre la Troika\u2019 : Les mobilisations du 1er juin lanc\u00e9es par les mouvements sociaux de plusieurs pays d\u2019Europe sont soutenues par les humanistes","isPartOf":{"@id":"https:\/\/www.pressenza.com\/fr\/#website"},"primaryImageOfPage":{"@id":"https:\/\/www.pressenza.com\/fr\/2013\/05\/peuples-unis-contre-la-troika-les-mobilisations-du-1er-juin-lancees-par-les-mouvements-sociaux-de-plusieurs-pays-deurope-sont-soutenues-par-les-humanistes\/#primaryimage"},"image":{"@id":"https:\/\/www.pressenza.com\/fr\/2013\/05\/peuples-unis-contre-la-troika-les-mobilisations-du-1er-juin-lancees-par-les-mouvements-sociaux-de-plusieurs-pays-deurope-sont-soutenues-par-les-humanistes\/#primaryimage"},"thumbnailUrl":"https:\/\/www.pressenza.com\/wp-content\/uploads\/2013\/05\/01-de-Junio-de-20131.jpg","datePublished":"2013-05-30T20:43:43+00:00","dateModified":"2013-05-30T20:56:55+00:00","description":"Le Parti Humaniste partage et soutient la d\u00e9nonciation des \u2018brutales et inhumaines politiques de la Troika\u2019 Ce n\u2019est pas cette Europe l\u00e0 que nous voulons.","breadcrumb":{"@id":"https:\/\/www.pressenza.com\/fr\/2013\/05\/peuples-unis-contre-la-troika-les-mobilisations-du-1er-juin-lancees-par-les-mouvements-sociaux-de-plusieurs-pays-deurope-sont-soutenues-par-les-humanistes\/#breadcrumb"},"inLanguage":"fr-FR","potentialAction":[{"@type":"ReadAction","target":["https:\/\/www.pressenza.com\/fr\/2013\/05\/peuples-unis-contre-la-troika-les-mobilisations-du-1er-juin-lancees-par-les-mouvements-sociaux-de-plusieurs-pays-deurope-sont-soutenues-par-les-humanistes\/"]}]},{"@type":"ImageObject","inLanguage":"fr-FR","@id":"https:\/\/www.pressenza.com\/fr\/2013\/05\/peuples-unis-contre-la-troika-les-mobilisations-du-1er-juin-lancees-par-les-mouvements-sociaux-de-plusieurs-pays-deurope-sont-soutenues-par-les-humanistes\/#primaryimage","url":"https:\/\/www.pressenza.com\/wp-content\/uploads\/2013\/05\/01-de-Junio-de-20131.jpg","contentUrl":"https:\/\/www.pressenza.com\/wp-content\/uploads\/2013\/05\/01-de-Junio-de-20131.jpg","width":600,"height":450},{"@type":"BreadcrumbList","@id":"https:\/\/www.pressenza.com\/fr\/2013\/05\/peuples-unis-contre-la-troika-les-mobilisations-du-1er-juin-lancees-par-les-mouvements-sociaux-de-plusieurs-pays-deurope-sont-soutenues-par-les-humanistes\/#breadcrumb","itemListElement":[{"@type":"ListItem","position":1,"name":"Accueil","item":"https:\/\/www.pressenza.com\/fr\/"},{"@type":"ListItem","position":2,"name":"\u2018Peuples Unis contre la Troika\u2019 : Les mobilisations du 1er juin lanc\u00e9es par les mouvements sociaux de plusieurs pays d\u2019Europe sont soutenues par les humanistes"}]},{"@type":"WebSite","@id":"https:\/\/www.pressenza.com\/fr\/#website","url":"https:\/\/www.pressenza.com\/fr\/","name":"Pressenza","description":"International Press Agency","publisher":{"@id":"https:\/\/www.pressenza.com\/fr\/#organization"},"potentialAction":[{"@type":"SearchAction","target":{"@type":"EntryPoint","urlTemplate":"https:\/\/www.pressenza.com\/fr\/?s={search_term_string}"},"query-input":{"@type":"PropertyValueSpecification","valueRequired":true,"valueName":"search_term_string"}}],"inLanguage":"fr-FR"},{"@type":"Organization","@id":"https:\/\/www.pressenza.com\/fr\/#organization","name":"Pressenza","url":"https:\/\/www.pressenza.com\/fr\/","logo":{"@type":"ImageObject","inLanguage":"fr-FR","@id":"https:\/\/www.pressenza.com\/fr\/#\/schema\/logo\/image\/","url":"https:\/\/www.pressenza.com\/wp-content\/uploads\/2022\/10\/pressenza_logo_200x200.jpg","contentUrl":"https:\/\/www.pressenza.com\/wp-content\/uploads\/2022\/10\/pressenza_logo_200x200.jpg","width":200,"height":200,"caption":"Pressenza"},"image":{"@id":"https:\/\/www.pressenza.com\/fr\/#\/schema\/logo\/image\/"},"sameAs":["https:\/\/www.facebook.com\/PressenzaItalia","https:\/\/x.com\/PressenzaIPA"]},{"@type":"Person","@id":"https:\/\/www.pressenza.com\/fr\/#\/schema\/person\/010e5d02bcf40965427a1289a4cc8d75","name":"Pressenza IPA","description":"News from Pressenza IPA correspondents","sameAs":["https:\/\/www.facebook.com\/pressenza","https:\/\/x.com\/PressenzaIPA"],"url":"https:\/\/www.pressenza.com\/fr\/author\/pressenza-ipa\/"}]}},"place":"Madrid","original_article_url":"","_links":{"self":[{"href":"https:\/\/www.pressenza.com\/fr\/wp-json\/wp\/v2\/posts\/54338","targetHints":{"allow":["GET"]}}],"collection":[{"href":"https:\/\/www.pressenza.com\/fr\/wp-json\/wp\/v2\/posts"}],"about":[{"href":"https:\/\/www.pressenza.com\/fr\/wp-json\/wp\/v2\/types\/post"}],"author":[{"embeddable":true,"href":"https:\/\/www.pressenza.com\/fr\/wp-json\/wp\/v2\/users\/19"}],"replies":[{"embeddable":true,"href":"https:\/\/www.pressenza.com\/fr\/wp-json\/wp\/v2\/comments?post=54338"}],"version-history":[{"count":0,"href":"https:\/\/www.pressenza.com\/fr\/wp-json\/wp\/v2\/posts\/54338\/revisions"}],"wp:featuredmedia":[{"embeddable":true,"href":"https:\/\/www.pressenza.com\/fr\/wp-json\/wp\/v2\/media\/54341"}],"wp:attachment":[{"href":"https:\/\/www.pressenza.com\/fr\/wp-json\/wp\/v2\/media?parent=54338"}],"wp:term":[{"taxonomy":"category","embeddable":true,"href":"https:\/\/www.pressenza.com\/fr\/wp-json\/wp\/v2\/categories?post=54338"},{"taxonomy":"post_tag","embeddable":true,"href":"https:\/\/www.pressenza.com\/fr\/wp-json\/wp\/v2\/tags?post=54338"}],"curies":[{"name":"wp","href":"https:\/\/api.w.org\/{rel}","templated":true}]}}