{"id":539024,"date":"2017-10-17T16:56:41","date_gmt":"2017-10-17T15:56:41","guid":{"rendered":"https:\/\/www.pressenza.com\/?p=539024\/"},"modified":"2017-10-17T17:51:28","modified_gmt":"2017-10-17T16:51:28","slug":"presentation-livre-a-croisee-chemins-vers-nation-humaine-universelle-a-toulouse","status":"publish","type":"post","link":"https:\/\/www.pressenza.com\/fr\/2017\/10\/presentation-livre-a-croisee-chemins-vers-nation-humaine-universelle-a-toulouse\/","title":{"rendered":"Pr\u00e9sentation du livre \u00ab A la crois\u00e9e des Chemins, vers une Nation humaine Universelle \u00bb \u00e0 Toulouse"},"content":{"rendered":"<p><strong>Par Fran\u00e7oise Baritel et Olivier Flumian<\/strong><\/p>\n<p><em>Mercredi 11 octobre 2017, Guillermo Sullings, \u00e9conomiste humaniste argentin, donnait une conf\u00e9rence dans le quartier Saint Cyprien \u00e0 Toulouse, pour nous pr\u00e9senter les propositions de son livre \u00ab\u00a0A la crois\u00e9e des Chemins, vers une Nation humaine Universelle\u00a0\u00bb. <\/em><em>Une soir\u00e9e d&rsquo;\u00e9change, une tentative de plus qui a rassembl\u00e9 des personnes aux parcours diff\u00e9rents, aux engagements divers, qui cherchent toutes \u00e0 donner coh\u00e9rence \u00e0 leur quotidien. Une soir\u00e9e qui a vu le partage d&rsquo;une esp\u00e9rance et fait grandir l&rsquo;aspiration profonde \u00e0 une Nation Humaine Universelle.<\/em><\/p>\n<p><strong>Le sens de l\u2019utopie<\/strong><\/p>\n<p>Guillermo Sullings nous a d\u2019abord rappel\u00e9 que les utopies \u00e9crites depuis 500 ans se sont toutes r\u00e9alis\u00e9es, par exemple l\u2019abolition de l\u2019esclavage ou l\u2019instauration du suffrage universel, ce qui est tr\u00e8s prometteur pour les utopies d\u2019aujourd\u2019hui. A toutes les \u00e9poques, les luttes et les mouvements sociaux pour un futur meilleur avaient des victimes et des bourreaux bien d\u00e9finis. Aujourd&rsquo;hui les choses sont beaucoup moins claires. Les gens pr\u00e9f\u00e8rent la paix, mais choisissent des gouvernants qui arment. On veut prot\u00e9ger la plan\u00e8te mais on continue le productivisme. C&rsquo;est une \u00e9poque pleine de contradictions.<\/p>\n<p><strong>Nous sommes \u00e0 une crois\u00e9e des chemins<\/strong><\/p>\n<p>Aujourd&rsquo;hui, rien ne peut \u00eatre r\u00e9solu de fa\u00e7on isol\u00e9e. Les probl\u00e8mes d\u00e9pendent les uns des autres. Beaucoup de personnes font des choses pour am\u00e9liorer telle ou telle situation, mais elles ont tendance \u00e0 travailler sur un seul probl\u00e8me \u00e0 la fois. En revanche, les personnes qui travaillent vers toujours plus de concentration de pouvoir sont elles, tr\u00e8s organis\u00e9es.<\/p>\n<p>On ne peut par cons\u00e9quent r\u00e9soudre un seul probl\u00e8me \u00e0 la fois, dans un seul pays. Politique, \u00e9conomie, \u00e9cologie, etc., tout marche ensemble. Du coup, on ne sait plus comment r\u00e9soudre les probl\u00e8mes. Comment faire en effet pour comprendre et interconnecter tous les domaines\u00a0? Avec la globalisation, les responsabilit\u00e9s sont multiples et internationales. Guillermo Sullings essaie d\u2019apporter une vision \u00e0 la fois holistique et th\u00e9matique des probl\u00e8mes.<\/p>\n<p><strong>L&rsquo;image de la Nation humaine universelle pourrait \u00eatre le d\u00e9nominateur commun pour ceux qui travaillent \u00e0 construite un futur meilleur<\/strong><\/p>\n<p>Dans la plupart des cas, les gouvernements font partie du probl\u00e8me et non de la solution. Il y a trois grandes formes de concentrations du pouvoir : le pouvoir politique, le pouvoir militaire, le pouvoir \u00e9conomique. Il y a aussi d&rsquo;autres pouvoirs comme le pouvoir religieux. La solution est dans la lutte pour la d\u00e9sarticulation de cette concentration de pouvoir et notamment celle du pouvoir politique. Cela peut se faire avec le d\u00e9veloppement d\u2019une d\u00e9mocratie r\u00e9elle, en amplifiant de plus en plus la participation des habitants. La population doit faire pression de fa\u00e7on grandissante pour qu\u2019il y ait des r\u00e9f\u00e9rendums sur tous les sujets importants. Il faut faire \u00e9merger une conscience globale humaniste. L\u2019image de la Nation Humain Universelle peut y aider. Pourquoi en effet l\u2019Histoire humaine s\u2019arr\u00eaterait-elle\u00a0? La Nation Humaine Universelle est peut-\u00eatre \u00e0 l\u2019int\u00e9rieur de l\u2019Homme depuis la pr\u00e9histoire.<\/p>\n<p><strong>La n\u00e9cessit\u00e9 du changement personnel et social<\/strong><\/p>\n<p>Peut-\u00eatre la nation humaine universelle est-elle d\u00e9j\u00e0 \u00e0 l&rsquo;int\u00e9rieur de nous. Mais elle demande \u00e0 chacun de prendre ses responsabilit\u00e9s. Notre t\u00e2che serait juste d\u2019enlever chez chacun de nous un peu d&rsquo;\u00e9go\u00efsme, d\u2019individualisme, de discrimination, de racisme, et sans doute aussi, au niveau social enlever\u2026 quelques banques.<\/p>\n<p>Il ne faut donc pas oublier la transformation personnelle pour mettre de plus en plus nos actes en accord avec nos id\u00e9aux. Guillermo Sullings nous a rappel\u00e9 pour cela l\u2019existence de la r\u00e8gle d&rsquo;or : \u00ab\u00a0Traite les autres comme tu voudrais qu&rsquo;ils te traitent\u00a0\u00bb. Cette r\u00e8gle, formul\u00e9e dans diff\u00e9rentes civilisations au cours de l\u2019Histoire, permet un changement interne et externe simultan\u00e9. La r\u00e8gle d&rsquo;or permet de lutter contre son ego avec une plus grande empathie. Il faut dans tous les cas y mettre une intention personnelle.<\/p>\n<p><strong>Le futur est ouvert<\/strong><\/p>\n<p>Aujourd\u2019hui chaque \u00eatre humain a une vision beaucoup plus ample du monde qu\u2019autrefois. N\u00e9anmoins il faut prendre garde au formatage par les grands moyens de communication. Les jeunes d\u2019aujourd\u2019hui d\u00e9tectent de plus en plus ceux qui veulent nous contr\u00f4ler, nous manipuler. Il est maintenant n\u00e9cessaire de d\u00e9velopper une mystique sociale vers la Nation humaine universelle. Les nations telles que nous les connaissons sont des constructions r\u00e9centes, elles ont seulement 200 ans. Nous n&rsquo;allons pas contre le processus humain. Nous avan\u00e7ons avec le respect de la diversit\u00e9 sous toutes ses formes. Il faut cr\u00e9er partout des accords entre \u00eatres humains, entre voisins, avec une vraie interconnexion, pour lutter contre la concentration des pouvoirs. Les \u00eatres humains devraient pouvoir s&rsquo;organiser ainsi pour arriver \u00e0 un futur meilleur.<\/p>\n<div><\/div>\n<div>\n<div class=\"post-gallery\">\n\t\t\t<figure class=\"post-gallery-item\">\n\t\t\t\t<img decoding=\"async\" src=\"https:\/\/www.pressenza.com\/wp-content\/uploads\/2017\/10\/Guillermo-Sullings-Toulouse1-720x405.jpg\" loading=\"lazy\">\n\t\t\t\t<figcaption>\n\t\t\t\t\t\n\t\t\t\t<\/figcaption>\n\t\t\t<\/figure>\n\t\t\t<figure class=\"post-gallery-item\">\n\t\t\t\t<img decoding=\"async\" src=\"https:\/\/www.pressenza.com\/wp-content\/uploads\/2017\/10\/Guillermo-Sullings-Toulouse2-720x399.jpg\" loading=\"lazy\">\n\t\t\t\t<figcaption>\n\t\t\t\t\t\n\t\t\t\t<\/figcaption>\n\t\t\t<\/figure>\n\t\t\t<figure class=\"post-gallery-item\">\n\t\t\t\t<img decoding=\"async\" src=\"https:\/\/www.pressenza.com\/wp-content\/uploads\/2017\/10\/Guillermo-Sullings-Toulouse4-720x444.jpg\" loading=\"lazy\">\n\t\t\t\t<figcaption>\n\t\t\t\t\t\n\t\t\t\t<\/figcaption>\n\t\t\t<\/figure>\n\t\t\t<figure class=\"post-gallery-item\">\n\t\t\t\t<img decoding=\"async\" src=\"https:\/\/www.pressenza.com\/wp-content\/uploads\/2017\/10\/Guillermo-Sullings-Toulouse5-720x425.jpg\" loading=\"lazy\">\n\t\t\t\t<figcaption>\n\t\t\t\t\t\n\t\t\t\t<\/figcaption>\n\t\t\t<\/figure>\n\t\t\t<figure class=\"post-gallery-item\">\n\t\t\t\t<img decoding=\"async\" src=\"https:\/\/www.pressenza.com\/wp-content\/uploads\/2017\/10\/Guillermo-Sullings-Toulouse6-720x540.jpg\" loading=\"lazy\">\n\t\t\t\t<figcaption>\n\t\t\t\t\t\n\t\t\t\t<\/figcaption>\n\t\t\t<\/figure>\n\t\t\t<figure class=\"post-gallery-item\">\n\t\t\t\t<img decoding=\"async\" src=\"https:\/\/www.pressenza.com\/wp-content\/uploads\/2017\/10\/Guillermo-Sullings-Toulouse3-720x413.jpg\" loading=\"lazy\">\n\t\t\t\t<figcaption>\n\t\t\t\t\t\n\t\t\t\t<\/figcaption>\n\t\t\t<\/figure>\n\t\t\t<figure class=\"post-gallery-item\">\n\t\t\t\t<img decoding=\"async\" src=\"https:\/\/www.pressenza.com\/wp-content\/uploads\/2017\/10\/Pr--sentation-du-livre-A-la-crois--e-des-Chemins-Toulouse-720x540.jpg\" loading=\"lazy\">\n\t\t\t\t<figcaption>\n\t\t\t\t\t\n\t\t\t\t<\/figcaption>\n\t\t\t<\/figure><\/div>\n<\/div>\n<div>\n<p>Le livre est disponible en fran\u00e7ais, aux \u00e9ditions r\u00e9f\u00e9rences\u00a0:\u00a0<a href=\"https:\/\/www.editions-references.com\/croisee.html\">www.editions-references.com<\/a><\/p>\n<p>En espagnol\u00a0:\u00a0<a href=\"http:\/\/www.libreriahumanista.com\/\">http:\/\/www.libreriahumanista.com\/<\/a><\/p>\n<\/div>\n","protected":false},"excerpt":{"rendered":"<p>Par Fran\u00e7oise Baritel et Olivier Flumian Mercredi 11 octobre 2017, Guillermo Sullings, \u00e9conomiste humaniste argentin, donnait une conf\u00e9rence dans le quartier Saint Cyprien \u00e0 Toulouse, pour nous pr\u00e9senter les propositions de son livre \u00ab\u00a0A la crois\u00e9e des Chemins, vers une&hellip;<\/p>\n","protected":false},"author":926,"featured_media":539026,"comment_status":"closed","ping_status":"closed","sticky":false,"template":"","format":"standard","meta":{"footnotes":""},"categories":[11386,100,85,1246,5700],"tags":[40577,5851,5699],"class_list":["post-539024","post","type-post","status-publish","format-standard","has-post-thumbnail","hentry","category-contenu-original","category-economie","category-europe-fr","category-humanisme-spiritualite","category-reportages-photo","tag-a-la-croisee-des-chemins","tag-guillermo-sullings-fr","tag-nation-humaine-universelle"],"yoast_head":"<!-- This site is optimized with the Yoast SEO plugin v27.1.1 - https:\/\/yoast.com\/product\/yoast-seo-wordpress\/ -->\n<title>Pr\u00e9sentation du livre \u00ab A la crois\u00e9e des Chemins, vers une Nation humaine Universelle \u00bb \u00e0 Toulouse<\/title>\n<meta name=\"description\" content=\"Par Fran\u00e7oise Baritel et Olivier Flumian Mercredi 11 octobre 2017, Guillermo Sullings, \u00e9conomiste humaniste argentin, donnait une conf\u00e9rence dans le\" \/>\n<meta name=\"robots\" content=\"index, follow, max-snippet:-1, max-image-preview:large, max-video-preview:-1\" \/>\n<link rel=\"canonical\" href=\"https:\/\/www.pressenza.com\/fr\/2017\/10\/presentation-livre-a-croisee-chemins-vers-nation-humaine-universelle-a-toulouse\/\" \/>\n<meta property=\"og:locale\" content=\"fr_FR\" \/>\n<meta property=\"og:type\" content=\"article\" \/>\n<meta property=\"og:title\" content=\"Pr\u00e9sentation du livre \u00ab A la crois\u00e9e des Chemins, vers une Nation humaine Universelle \u00bb \u00e0 Toulouse\" \/>\n<meta property=\"og:description\" content=\"Par Fran\u00e7oise Baritel et Olivier Flumian Mercredi 11 octobre 2017, Guillermo Sullings, \u00e9conomiste humaniste argentin, donnait une conf\u00e9rence dans le\" \/>\n<meta property=\"og:url\" content=\"https:\/\/www.pressenza.com\/fr\/2017\/10\/presentation-livre-a-croisee-chemins-vers-nation-humaine-universelle-a-toulouse\/\" \/>\n<meta property=\"og:site_name\" content=\"Pressenza\" \/>\n<meta property=\"article:publisher\" content=\"https:\/\/www.facebook.com\/PressenzaItalia\" \/>\n<meta property=\"article:published_time\" content=\"2017-10-17T15:56:41+00:00\" \/>\n<meta property=\"article:modified_time\" content=\"2017-10-17T16:51:28+00:00\" \/>\n<meta property=\"og:image\" content=\"https:\/\/www.pressenza.com\/wp-content\/uploads\/2017\/10\/Guillermo-Sullings-Toulouse3.jpg\" \/>\n\t<meta property=\"og:image:width\" content=\"785\" \/>\n\t<meta property=\"og:image:height\" content=\"450\" \/>\n\t<meta property=\"og:image:type\" content=\"image\/jpeg\" \/>\n<meta name=\"author\" content=\"R\u00e9daction France\" \/>\n<meta name=\"twitter:card\" content=\"summary_large_image\" \/>\n<meta name=\"twitter:creator\" content=\"@PressenzaIPA\" \/>\n<meta name=\"twitter:site\" content=\"@PressenzaIPA\" \/>\n<meta name=\"twitter:label1\" content=\"\u00c9crit par\" \/>\n\t<meta name=\"twitter:data1\" content=\"R\u00e9daction France\" \/>\n\t<meta name=\"twitter:label2\" content=\"Dur\u00e9e de lecture estim\u00e9e\" \/>\n\t<meta name=\"twitter:data2\" content=\"4 minutes\" \/>\n<script type=\"application\/ld+json\" class=\"yoast-schema-graph\">{\"@context\":\"https:\/\/schema.org\",\"@graph\":[{\"@type\":\"Article\",\"@id\":\"https:\/\/www.pressenza.com\/fr\/2017\/10\/presentation-livre-a-croisee-chemins-vers-nation-humaine-universelle-a-toulouse\/#article\",\"isPartOf\":{\"@id\":\"https:\/\/www.pressenza.com\/fr\/2017\/10\/presentation-livre-a-croisee-chemins-vers-nation-humaine-universelle-a-toulouse\/\"},\"author\":{\"name\":\"R\u00e9daction France\",\"@id\":\"https:\/\/www.pressenza.com\/fr\/#\/schema\/person\/3c9fe6670cc2cffbd37562f87b98e869\"},\"headline\":\"Pr\u00e9sentation du livre \u00ab A la crois\u00e9e des Chemins, vers une Nation humaine Universelle \u00bb \u00e0 Toulouse\",\"datePublished\":\"2017-10-17T15:56:41+00:00\",\"dateModified\":\"2017-10-17T16:51:28+00:00\",\"mainEntityOfPage\":{\"@id\":\"https:\/\/www.pressenza.com\/fr\/2017\/10\/presentation-livre-a-croisee-chemins-vers-nation-humaine-universelle-a-toulouse\/\"},\"wordCount\":873,\"publisher\":{\"@id\":\"https:\/\/www.pressenza.com\/fr\/#organization\"},\"image\":{\"@id\":\"https:\/\/www.pressenza.com\/fr\/2017\/10\/presentation-livre-a-croisee-chemins-vers-nation-humaine-universelle-a-toulouse\/#primaryimage\"},\"thumbnailUrl\":\"https:\/\/www.pressenza.com\/wp-content\/uploads\/2017\/10\/Guillermo-Sullings-Toulouse3.jpg\",\"keywords\":[\"A la crois\u00e9e des chemins\",\"Guillermo Sullings\",\"Nation humaine universelle\"],\"articleSection\":[\"Contenu Original\",\"Economie\",\"Europe\",\"Humanisme et Spiritualit\u00e9\",\"Reportages photo\"],\"inLanguage\":\"fr-FR\"},{\"@type\":\"WebPage\",\"@id\":\"https:\/\/www.pressenza.com\/fr\/2017\/10\/presentation-livre-a-croisee-chemins-vers-nation-humaine-universelle-a-toulouse\/\",\"url\":\"https:\/\/www.pressenza.com\/fr\/2017\/10\/presentation-livre-a-croisee-chemins-vers-nation-humaine-universelle-a-toulouse\/\",\"name\":\"Pr\u00e9sentation du livre \u00ab A la crois\u00e9e des Chemins, vers une Nation humaine Universelle \u00bb \u00e0 Toulouse\",\"isPartOf\":{\"@id\":\"https:\/\/www.pressenza.com\/fr\/#website\"},\"primaryImageOfPage\":{\"@id\":\"https:\/\/www.pressenza.com\/fr\/2017\/10\/presentation-livre-a-croisee-chemins-vers-nation-humaine-universelle-a-toulouse\/#primaryimage\"},\"image\":{\"@id\":\"https:\/\/www.pressenza.com\/fr\/2017\/10\/presentation-livre-a-croisee-chemins-vers-nation-humaine-universelle-a-toulouse\/#primaryimage\"},\"thumbnailUrl\":\"https:\/\/www.pressenza.com\/wp-content\/uploads\/2017\/10\/Guillermo-Sullings-Toulouse3.jpg\",\"datePublished\":\"2017-10-17T15:56:41+00:00\",\"dateModified\":\"2017-10-17T16:51:28+00:00\",\"description\":\"Par Fran\u00e7oise Baritel et Olivier Flumian Mercredi 11 octobre 2017, Guillermo Sullings, \u00e9conomiste humaniste argentin, donnait une conf\u00e9rence dans le\",\"breadcrumb\":{\"@id\":\"https:\/\/www.pressenza.com\/fr\/2017\/10\/presentation-livre-a-croisee-chemins-vers-nation-humaine-universelle-a-toulouse\/#breadcrumb\"},\"inLanguage\":\"fr-FR\",\"potentialAction\":[{\"@type\":\"ReadAction\",\"target\":[\"https:\/\/www.pressenza.com\/fr\/2017\/10\/presentation-livre-a-croisee-chemins-vers-nation-humaine-universelle-a-toulouse\/\"]}]},{\"@type\":\"ImageObject\",\"inLanguage\":\"fr-FR\",\"@id\":\"https:\/\/www.pressenza.com\/fr\/2017\/10\/presentation-livre-a-croisee-chemins-vers-nation-humaine-universelle-a-toulouse\/#primaryimage\",\"url\":\"https:\/\/www.pressenza.com\/wp-content\/uploads\/2017\/10\/Guillermo-Sullings-Toulouse3.jpg\",\"contentUrl\":\"https:\/\/www.pressenza.com\/wp-content\/uploads\/2017\/10\/Guillermo-Sullings-Toulouse3.jpg\",\"width\":785,\"height\":450},{\"@type\":\"BreadcrumbList\",\"@id\":\"https:\/\/www.pressenza.com\/fr\/2017\/10\/presentation-livre-a-croisee-chemins-vers-nation-humaine-universelle-a-toulouse\/#breadcrumb\",\"itemListElement\":[{\"@type\":\"ListItem\",\"position\":1,\"name\":\"Accueil\",\"item\":\"https:\/\/www.pressenza.com\/fr\/\"},{\"@type\":\"ListItem\",\"position\":2,\"name\":\"Pr\u00e9sentation du livre \u00ab A la crois\u00e9e des Chemins, vers une Nation humaine Universelle \u00bb \u00e0 Toulouse\"}]},{\"@type\":\"WebSite\",\"@id\":\"https:\/\/www.pressenza.com\/fr\/#website\",\"url\":\"https:\/\/www.pressenza.com\/fr\/\",\"name\":\"Pressenza\",\"description\":\"International Press Agency\",\"publisher\":{\"@id\":\"https:\/\/www.pressenza.com\/fr\/#organization\"},\"potentialAction\":[{\"@type\":\"SearchAction\",\"target\":{\"@type\":\"EntryPoint\",\"urlTemplate\":\"https:\/\/www.pressenza.com\/fr\/?s={search_term_string}\"},\"query-input\":{\"@type\":\"PropertyValueSpecification\",\"valueRequired\":true,\"valueName\":\"search_term_string\"}}],\"inLanguage\":\"fr-FR\"},{\"@type\":\"Organization\",\"@id\":\"https:\/\/www.pressenza.com\/fr\/#organization\",\"name\":\"Pressenza\",\"url\":\"https:\/\/www.pressenza.com\/fr\/\",\"logo\":{\"@type\":\"ImageObject\",\"inLanguage\":\"fr-FR\",\"@id\":\"https:\/\/www.pressenza.com\/fr\/#\/schema\/logo\/image\/\",\"url\":\"https:\/\/www.pressenza.com\/wp-content\/uploads\/2022\/10\/pressenza_logo_200x200.jpg\",\"contentUrl\":\"https:\/\/www.pressenza.com\/wp-content\/uploads\/2022\/10\/pressenza_logo_200x200.jpg\",\"width\":200,\"height\":200,\"caption\":\"Pressenza\"},\"image\":{\"@id\":\"https:\/\/www.pressenza.com\/fr\/#\/schema\/logo\/image\/\"},\"sameAs\":[\"https:\/\/www.facebook.com\/PressenzaItalia\",\"https:\/\/x.com\/PressenzaIPA\"]},{\"@type\":\"Person\",\"@id\":\"https:\/\/www.pressenza.com\/fr\/#\/schema\/person\/3c9fe6670cc2cffbd37562f87b98e869\",\"name\":\"R\u00e9daction France\",\"description\":\"News published by the Pressenza bureau in France\",\"sameAs\":[\"http:\/\/www.pressenza.com\/fr\"],\"url\":\"https:\/\/www.pressenza.com\/fr\/author\/redactionfrance\/\"}]}<\/script>\n<!-- \/ Yoast SEO plugin. -->","yoast_head_json":{"title":"Pr\u00e9sentation du livre \u00ab A la crois\u00e9e des Chemins, vers une Nation humaine Universelle \u00bb \u00e0 Toulouse","description":"Par Fran\u00e7oise Baritel et Olivier Flumian Mercredi 11 octobre 2017, Guillermo Sullings, \u00e9conomiste humaniste argentin, donnait une conf\u00e9rence dans le","robots":{"index":"index","follow":"follow","max-snippet":"max-snippet:-1","max-image-preview":"max-image-preview:large","max-video-preview":"max-video-preview:-1"},"canonical":"https:\/\/www.pressenza.com\/fr\/2017\/10\/presentation-livre-a-croisee-chemins-vers-nation-humaine-universelle-a-toulouse\/","og_locale":"fr_FR","og_type":"article","og_title":"Pr\u00e9sentation du livre \u00ab A la crois\u00e9e des Chemins, vers une Nation humaine Universelle \u00bb \u00e0 Toulouse","og_description":"Par Fran\u00e7oise Baritel et Olivier Flumian Mercredi 11 octobre 2017, Guillermo Sullings, \u00e9conomiste humaniste argentin, donnait une conf\u00e9rence dans le","og_url":"https:\/\/www.pressenza.com\/fr\/2017\/10\/presentation-livre-a-croisee-chemins-vers-nation-humaine-universelle-a-toulouse\/","og_site_name":"Pressenza","article_publisher":"https:\/\/www.facebook.com\/PressenzaItalia","article_published_time":"2017-10-17T15:56:41+00:00","article_modified_time":"2017-10-17T16:51:28+00:00","og_image":[{"width":785,"height":450,"url":"https:\/\/www.pressenza.com\/wp-content\/uploads\/2017\/10\/Guillermo-Sullings-Toulouse3.jpg","type":"image\/jpeg"}],"author":"R\u00e9daction France","twitter_card":"summary_large_image","twitter_creator":"@PressenzaIPA","twitter_site":"@PressenzaIPA","twitter_misc":{"\u00c9crit par":"R\u00e9daction France","Dur\u00e9e de lecture estim\u00e9e":"4 minutes"},"schema":{"@context":"https:\/\/schema.org","@graph":[{"@type":"Article","@id":"https:\/\/www.pressenza.com\/fr\/2017\/10\/presentation-livre-a-croisee-chemins-vers-nation-humaine-universelle-a-toulouse\/#article","isPartOf":{"@id":"https:\/\/www.pressenza.com\/fr\/2017\/10\/presentation-livre-a-croisee-chemins-vers-nation-humaine-universelle-a-toulouse\/"},"author":{"name":"R\u00e9daction France","@id":"https:\/\/www.pressenza.com\/fr\/#\/schema\/person\/3c9fe6670cc2cffbd37562f87b98e869"},"headline":"Pr\u00e9sentation du livre \u00ab A la crois\u00e9e des Chemins, vers une Nation humaine Universelle \u00bb \u00e0 Toulouse","datePublished":"2017-10-17T15:56:41+00:00","dateModified":"2017-10-17T16:51:28+00:00","mainEntityOfPage":{"@id":"https:\/\/www.pressenza.com\/fr\/2017\/10\/presentation-livre-a-croisee-chemins-vers-nation-humaine-universelle-a-toulouse\/"},"wordCount":873,"publisher":{"@id":"https:\/\/www.pressenza.com\/fr\/#organization"},"image":{"@id":"https:\/\/www.pressenza.com\/fr\/2017\/10\/presentation-livre-a-croisee-chemins-vers-nation-humaine-universelle-a-toulouse\/#primaryimage"},"thumbnailUrl":"https:\/\/www.pressenza.com\/wp-content\/uploads\/2017\/10\/Guillermo-Sullings-Toulouse3.jpg","keywords":["A la crois\u00e9e des chemins","Guillermo Sullings","Nation humaine universelle"],"articleSection":["Contenu Original","Economie","Europe","Humanisme et Spiritualit\u00e9","Reportages photo"],"inLanguage":"fr-FR"},{"@type":"WebPage","@id":"https:\/\/www.pressenza.com\/fr\/2017\/10\/presentation-livre-a-croisee-chemins-vers-nation-humaine-universelle-a-toulouse\/","url":"https:\/\/www.pressenza.com\/fr\/2017\/10\/presentation-livre-a-croisee-chemins-vers-nation-humaine-universelle-a-toulouse\/","name":"Pr\u00e9sentation du livre \u00ab A la crois\u00e9e des Chemins, vers une Nation humaine Universelle \u00bb \u00e0 Toulouse","isPartOf":{"@id":"https:\/\/www.pressenza.com\/fr\/#website"},"primaryImageOfPage":{"@id":"https:\/\/www.pressenza.com\/fr\/2017\/10\/presentation-livre-a-croisee-chemins-vers-nation-humaine-universelle-a-toulouse\/#primaryimage"},"image":{"@id":"https:\/\/www.pressenza.com\/fr\/2017\/10\/presentation-livre-a-croisee-chemins-vers-nation-humaine-universelle-a-toulouse\/#primaryimage"},"thumbnailUrl":"https:\/\/www.pressenza.com\/wp-content\/uploads\/2017\/10\/Guillermo-Sullings-Toulouse3.jpg","datePublished":"2017-10-17T15:56:41+00:00","dateModified":"2017-10-17T16:51:28+00:00","description":"Par Fran\u00e7oise Baritel et Olivier Flumian Mercredi 11 octobre 2017, Guillermo Sullings, \u00e9conomiste humaniste argentin, donnait une conf\u00e9rence dans le","breadcrumb":{"@id":"https:\/\/www.pressenza.com\/fr\/2017\/10\/presentation-livre-a-croisee-chemins-vers-nation-humaine-universelle-a-toulouse\/#breadcrumb"},"inLanguage":"fr-FR","potentialAction":[{"@type":"ReadAction","target":["https:\/\/www.pressenza.com\/fr\/2017\/10\/presentation-livre-a-croisee-chemins-vers-nation-humaine-universelle-a-toulouse\/"]}]},{"@type":"ImageObject","inLanguage":"fr-FR","@id":"https:\/\/www.pressenza.com\/fr\/2017\/10\/presentation-livre-a-croisee-chemins-vers-nation-humaine-universelle-a-toulouse\/#primaryimage","url":"https:\/\/www.pressenza.com\/wp-content\/uploads\/2017\/10\/Guillermo-Sullings-Toulouse3.jpg","contentUrl":"https:\/\/www.pressenza.com\/wp-content\/uploads\/2017\/10\/Guillermo-Sullings-Toulouse3.jpg","width":785,"height":450},{"@type":"BreadcrumbList","@id":"https:\/\/www.pressenza.com\/fr\/2017\/10\/presentation-livre-a-croisee-chemins-vers-nation-humaine-universelle-a-toulouse\/#breadcrumb","itemListElement":[{"@type":"ListItem","position":1,"name":"Accueil","item":"https:\/\/www.pressenza.com\/fr\/"},{"@type":"ListItem","position":2,"name":"Pr\u00e9sentation du livre \u00ab A la crois\u00e9e des Chemins, vers une Nation humaine Universelle \u00bb \u00e0 Toulouse"}]},{"@type":"WebSite","@id":"https:\/\/www.pressenza.com\/fr\/#website","url":"https:\/\/www.pressenza.com\/fr\/","name":"Pressenza","description":"International Press Agency","publisher":{"@id":"https:\/\/www.pressenza.com\/fr\/#organization"},"potentialAction":[{"@type":"SearchAction","target":{"@type":"EntryPoint","urlTemplate":"https:\/\/www.pressenza.com\/fr\/?s={search_term_string}"},"query-input":{"@type":"PropertyValueSpecification","valueRequired":true,"valueName":"search_term_string"}}],"inLanguage":"fr-FR"},{"@type":"Organization","@id":"https:\/\/www.pressenza.com\/fr\/#organization","name":"Pressenza","url":"https:\/\/www.pressenza.com\/fr\/","logo":{"@type":"ImageObject","inLanguage":"fr-FR","@id":"https:\/\/www.pressenza.com\/fr\/#\/schema\/logo\/image\/","url":"https:\/\/www.pressenza.com\/wp-content\/uploads\/2022\/10\/pressenza_logo_200x200.jpg","contentUrl":"https:\/\/www.pressenza.com\/wp-content\/uploads\/2022\/10\/pressenza_logo_200x200.jpg","width":200,"height":200,"caption":"Pressenza"},"image":{"@id":"https:\/\/www.pressenza.com\/fr\/#\/schema\/logo\/image\/"},"sameAs":["https:\/\/www.facebook.com\/PressenzaItalia","https:\/\/x.com\/PressenzaIPA"]},{"@type":"Person","@id":"https:\/\/www.pressenza.com\/fr\/#\/schema\/person\/3c9fe6670cc2cffbd37562f87b98e869","name":"R\u00e9daction France","description":"News published by the Pressenza bureau in France","sameAs":["http:\/\/www.pressenza.com\/fr"],"url":"https:\/\/www.pressenza.com\/fr\/author\/redactionfrance\/"}]}},"place":"Toulouse","original_article_url":"","_links":{"self":[{"href":"https:\/\/www.pressenza.com\/fr\/wp-json\/wp\/v2\/posts\/539024","targetHints":{"allow":["GET"]}}],"collection":[{"href":"https:\/\/www.pressenza.com\/fr\/wp-json\/wp\/v2\/posts"}],"about":[{"href":"https:\/\/www.pressenza.com\/fr\/wp-json\/wp\/v2\/types\/post"}],"author":[{"embeddable":true,"href":"https:\/\/www.pressenza.com\/fr\/wp-json\/wp\/v2\/users\/926"}],"replies":[{"embeddable":true,"href":"https:\/\/www.pressenza.com\/fr\/wp-json\/wp\/v2\/comments?post=539024"}],"version-history":[{"count":0,"href":"https:\/\/www.pressenza.com\/fr\/wp-json\/wp\/v2\/posts\/539024\/revisions"}],"wp:featuredmedia":[{"embeddable":true,"href":"https:\/\/www.pressenza.com\/fr\/wp-json\/wp\/v2\/media\/539026"}],"wp:attachment":[{"href":"https:\/\/www.pressenza.com\/fr\/wp-json\/wp\/v2\/media?parent=539024"}],"wp:term":[{"taxonomy":"category","embeddable":true,"href":"https:\/\/www.pressenza.com\/fr\/wp-json\/wp\/v2\/categories?post=539024"},{"taxonomy":"post_tag","embeddable":true,"href":"https:\/\/www.pressenza.com\/fr\/wp-json\/wp\/v2\/tags?post=539024"}],"curies":[{"name":"wp","href":"https:\/\/api.w.org\/{rel}","templated":true}]}}