{"id":529748,"date":"2017-10-03T22:13:42","date_gmt":"2017-10-03T21:13:42","guid":{"rendered":"https:\/\/www.pressenza.com\/?p=529748\/"},"modified":"2022-01-07T14:46:25","modified_gmt":"2022-01-07T14:46:25","slug":"choco-colombien-paradis-terrestre-terre-dexclusion","status":"publish","type":"post","link":"https:\/\/www.pressenza.com\/fr\/2017\/10\/choco-colombien-paradis-terrestre-terre-dexclusion\/","title":{"rendered":"Le Choc\u00f3 colombien, paradis terrestre ou terre d\u2019exclusion ?"},"content":{"rendered":"<p><strong>Texte et photos : Romane Vilain<br \/>\n<\/strong><\/p>\n<p>Il y a de ces endroits sur la plan\u00e8te qui semblent appartenir \u00e0 un temps pass\u00e9, o\u00f9 les modes de vie n\u2019ont pas vraiment chang\u00e9 depuis plusieurs d\u00e9cennies. Des endroits qui font r\u00eaver par leur insularit\u00e9 et leur isolement, loin de la fr\u00e9n\u00e9sie des villes occidentales. Des endroits o\u00f9 l\u2019on s\u2019imaginerait bien vivre, mais juste pour quelques temps.<\/p>\n<p><img loading=\"lazy\" decoding=\"async\" class=\"alignnone size-medium\" src=\"https:\/\/www.pressenza.com\/wp-content\/uploads\/2017\/10\/Le-Choco-colombien-paradis-terrestre-ou-terre-d---exclusion2.jpg\" width=\"750\" height=\"511\" \/><\/p>\n<p><strong>Un enclavement territorial<\/strong><\/p>\n<p>Le Choc\u00f3 est un d\u00e9partement colombien se situant au nord ouest du pays, bord\u00e9 \u00e0 la fois par l\u2019oc\u00e9an Pacifique et la mer Cara\u00efbe et limitrophe avec le Panama. Son territoire est enti\u00e8rement recouvert d\u2019une for\u00eat tropicale dense et difficilement p\u00e9n\u00e9trable, c\u2019est pourquoi la plupart de ses habitants vivent le long des c\u00f4tes ou des rivi\u00e8res, en compl\u00e8te autarcie. Ce mot prend tout son sens quand on se rend dans cette partie de la Colombie. Vous ne pourrez en effet pas vous rendre en voiture dans cette r\u00e9gion et serez difficilement joignable lors de votre s\u00e9jour. Les seuls moyens pour se rendre dans ces petits villages c\u00f4tiers sont le bateau ou l\u2019avion. Il n\u2019y a en effet aucune route terrestre reliant ces territoires maritimes au reste du monde. Quelques quarante minutes en vol charter vous conduiront pourtant \u00e0 Medellin, ville de plus de trois millions d\u2019habitants et p\u00f4le \u00e9conomique du pays. Toutefois, pr\u00e9parez votre porte-monnaie car les billets d\u2019avion sont particuli\u00e8rement co\u00fbteux. Si vous pr\u00e9f\u00e9rez voyager de fa\u00e7on plus \u00e9conomique, vous pourrez toujours prendre un cargo qui vous m\u00e8nera \u00e0 destination. Comptez entre 10 et 24 heures de bateau depuis la ville portuaire et chaotique de Buenaventura pour rejoindre les petits villages de la c\u00f4te pacifique.<\/p>\n<p>Alors qui peut bien vivre dans ces endroits si recul\u00e9s\u00a0? Figurez-vous que le Choc\u00f3 est peupl\u00e9 \u00e0 85% de communaut\u00e9s afro-colombiennes arriv\u00e9es l\u00e0 durant l\u2019\u00e9poque de la traite n\u00e9gri\u00e8re initi\u00e9e par les <em>conquistadores<\/em> espagnols. Les habitants de ces villages vivent principalement de p\u00eache et d\u2019agriculture et de toute activit\u00e9 informelle possible. Toutefois, quand l\u2019opportunit\u00e9 se pr\u00e9sente, il est possible de gagner sa vie autrement. Par exemple, quand <em>el ej\u00e9rcito\u00a0<\/em>&#8211; l\u2019arm\u00e9e arr\u00eate des bateaux remplis de coca\u00efne \u00e0 destination du Panama et que la drogue se retrouve jet\u00e9e \u00e0 l\u2019eau, certains habitants vont r\u00e9cup\u00e9rer ces-dits\u00a0paquets pour les revendre par la suite. Un peu de gazoline dans le moteur et la \u00ab\u00a0chasse au tr\u00e9sor\u00a0\u00bb peut commencer. C\u2019est un business qui fonctionne apparemment bien dans un pays largement corrompu. C\u2019est \u00e9galement le seul moyen d\u2019obtenir rapidement des revenus cons\u00e9quents dans des territoires o\u00f9 les perspectives \u00e9conomiques demeurent quasi inexistantes.<\/p>\n<p>Cette partie du monde qui peut sembler aussi mis\u00e9reuse que s\u00e9duisante m\u00e9rite que l\u2019on s\u2019y attarde et ce un peu plus longtemps que pour y observer l\u2019accouplement des baleines.<\/p>\n<p><strong>\u00a0<img loading=\"lazy\" decoding=\"async\" class=\"alignnone size-medium\" src=\"https:\/\/www.pressenza.com\/wp-content\/uploads\/2017\/10\/Le-Choco-colombien-paradis-terrestre-ou-terre-d---exclusion3.jpg\" width=\"750\" height=\"546\" \/><\/strong><\/p>\n<p><img loading=\"lazy\" decoding=\"async\" class=\"alignnone size-medium\" src=\"https:\/\/www.pressenza.com\/wp-content\/uploads\/2017\/10\/Le-Choco-colombien-paradis-terrestre-ou-terre-d---exclusion4.jpg\" width=\"750\" height=\"554\" \/><\/p>\n<p><strong>\u00a0<\/strong><strong>La richesse et l\u2019abondance mat\u00e9rielles importent peu\u2026<\/strong><\/p>\n<p>Mais en allant dans le Choc\u00f3, vous verrez que la richesse et l\u2019abondance mat\u00e9rielles importent peu. Pas de grandes maisons bordant les plages, ni de restaurants gastronomiques, pas de routes bien b\u00e9tonn\u00e9es ni de produits anti-moustiques. Vous n\u2019y trouverez que de simples et petites baraques en bois fra\u00eechement peintes de couleurs joyeuses et vari\u00e9es, qui seront m\u00eame parfois orn\u00e9es de fleurs et vergers. Quelques rues terreuses vous m\u00e8neront \u00e0 la plage ou sur la place publique du village, vous n\u2019y trouverez d\u2019ailleurs que de simples bancs, peut-\u00eatre une \u00e9glise et quelques caf\u00e9s bruyants. L\u2019atmosph\u00e8re de ces petits villages invite donc \u00e0 la d\u00e9tente et ces lieux recul\u00e9s s\u2019av\u00e8rent \u00eatre un paradis pour les touristes qui osent s\u2019y aventurer. L\u00e0-bas, la notion du temps est toute relative. La vie n\u2019est pas rythm\u00e9e au son des klaxons, des programmes t\u00e9l\u00e9s ou des heures d\u2019ouvertures des centres commerciaux mais plut\u00f4t par la nature qui l\u2019entoure, par le rythme des mar\u00e9es et la lumi\u00e8re du soleil. Dans le Choc\u00f3, rien ne sert de se presser, la vie s\u2019y \u00e9coule tranquillement, entre averses et chaleur, entre joie et candeur.<\/p>\n<p><img loading=\"lazy\" decoding=\"async\" class=\"alignnone size-medium\" src=\"https:\/\/www.pressenza.com\/wp-content\/uploads\/2017\/10\/Le-Choco-colombien-paradis-terrestre-ou-terre-d---exclusion5.jpg\" width=\"750\" height=\"563\" \/><\/p>\n<p><img loading=\"lazy\" decoding=\"async\" class=\"alignnone size-medium\" src=\"https:\/\/www.pressenza.com\/wp-content\/uploads\/2017\/10\/Le-Choco-colombien-paradis-terrestre-ou-terre-d---exclusion6.jpg\" width=\"750\" height=\"561\" \/><\/p>\n<p><strong>\u2026mais des r\u00e9alit\u00e9s complexes jalonnent ces territoires oubli\u00e9s<\/strong><\/p>\n<p>Ceci reste toutefois le ressenti d\u2019une touriste de passage \u00e0 la recherche d\u2019un peu d\u2019exotisme et de d\u00e9tente. Des r\u00e9alit\u00e9s bien plus complexes jalonnent ces territoires oubli\u00e9s. Il est facile de se faire \u00e0 l\u2019id\u00e9e que les habitants de ces zones recul\u00e9es vivent de peu mais ne manquent de rien. Il n\u2019y a certes pas de grosses carences ni de mis\u00e8re apparente. La nourriture \u00e9l\u00e9mentaire reste suffisante puisque l\u2019environnement naturel est riche de ressources halieutiques. Les for\u00eats regorgent de fruits divers et vari\u00e9s et les cargos ravitaillent quotidiennement les familles en riz et autres produits. Alors oui, quantit\u00e9 il y a, mais qualit\u00e9 et vari\u00e9t\u00e9 ne sont pas souvent au rendez-vous. Le plat principal de cette r\u00e9gion c\u00f4ti\u00e8re est constitu\u00e9 de riz, bananes frites appel\u00e9es <em>patacones<\/em> et poisson. Ajoutez-y quelques <em>empanadas <\/em>et autres fritures et vous obtiendrez l\u2019ensemble complet de la gastronomie du Choc\u00f3.<\/p>\n<p>Le choix ne fait donc pas partie du r\u00e9gime de vie de ces habitants. Toute personne s\u2019\u00e9tant rendu dans ces zones recul\u00e9es pourra l\u2019affirmer. La notion de <em>choix<\/em>, qu\u2019elle soit d\u2019ordre alimentaire, mat\u00e9riel, esth\u00e9tique ou m\u00eame de vie reste bien maigre.<\/p>\n<p>C\u2019est en discutant avec la population locale autour d\u2019un comptoir ou sur la plage que l\u2019on se rend compte de la complexit\u00e9 de ces territoires pourtant si jolis. Ennui, passivit\u00e9, enclavement, manque d\u2019acc\u00e8s \u00e0 une \u00e9ducation secondaire, frustration des jeunes et manque de mobilit\u00e9 font partie du quotidien de ces habitants.<\/p>\n<p><img loading=\"lazy\" decoding=\"async\" class=\"alignnone size-medium\" src=\"https:\/\/www.pressenza.com\/wp-content\/uploads\/2017\/10\/Le-Choco-colombien-paradis-terrestre-ou-terre-d---exclusion7.jpg\" width=\"750\" height=\"560\" \/><\/p>\n<p><strong>De maigres perspectives d\u2019avenir<\/strong><\/p>\n<p>Quelle perspective d\u2019avenir pour un jeune ayant grandi dans cet environnement\u00a0? A l\u2019heure o\u00f9 le monde virtuel p\u00e9n\u00e8tre quasiment chaque recoin de la plan\u00e8te, il est difficile pour tous ces jeunes de s\u2019y retrouver entre ce que la t\u00e9l\u00e9vision leur propose et ce que la vie r\u00e9elle leur offre. Contrairement \u00e0 leurs parents, les jeunes du Choc\u00f3 ont conscience qu\u2019un autre monde \u2013celui de l\u2019abondance, de l\u2019h\u00e9donisme et du consum\u00e9risme, est \u00e0 leur port\u00e9e. Or, difficile de s\u2019\u00e9chapper de ces terres sauvages quand un simple billet d\u2019avion co\u00fbte plus de 240.000 pesos, soit l\u2019\u00e9quivalent de 70 euros l\u2019aller, une somme \u00e9lev\u00e9e quand on gagne p\u00e9niblement moins de dix euros par jour.<\/p>\n<p><strong>Un territoire aux couleurs de s\u00e9gr\u00e9gation<\/strong><\/p>\n<p>C\u2019est donc en partageant le quotidien des locaux et en sortant de cette bulle touristique paralysante que l\u2019on peut entrevoir ces in\u00e9galit\u00e9s territoriales et cette exclusion ethnique flagrante. De petites recherches permettent \u00e9galement de mettre en lumi\u00e8re les in\u00e9galit\u00e9s socio\u2011\u00e9conomiques entre ce territoire et le reste du pays. L\u2019esp\u00e9rance de vie y est moindre \u2011\u00a067 ans contre 74 dans l\u2019ensemble du pays\u00a0\u2011 et le taux de mortalit\u00e9 infantile est trois fois plus \u00e9lev\u00e9. Le taux d\u2019analphab\u00e9tisme est de 10% alors qu\u2019il avoisine les 6% dans les autres r\u00e9gions et certains indices de sant\u00e9 sont comparables \u00e0 ceux du Rwanda. Il est assez consternant d\u2019apprendre que le d\u00e9partement ne comporte aucune structure hospitali\u00e8re importante ni d\u2019ambulance m\u00e9dicalis\u00e9e pour une population comprenant plus de 500.000 habitants. Sans parler de la corruption concernant les fonds publics qui paralyse nombre de projets d\u2019infrastructures et de d\u00e9veloppement.<\/p>\n<p>Je m\u2019\u00e9tonne qu\u2019\u00e0 l\u2019heure d\u2019aujourd\u2019hui, alors que la Colombie est en plein d\u00e9veloppement \u00e9conomique, que ces riches territoires soient d\u00e9laiss\u00e9s. Je m\u2019\u00e9tonne de l\u2019enclavement toujours existant de cette partie du pays pourtant si accessible en termes de distance. Je m\u2019\u00e9tonne de ce contraste saisissant avec les grandes villes occidentalis\u00e9es du pays. Je m\u2019\u00e9tonne d\u2019apprendre que le gouvernement colombien d\u00e9laisse compl\u00e8tement ce d\u00e9partement depuis des d\u00e9cennies et ne r\u00e9ponde pas aux appels \u00e0 l\u2019aide. Je m\u2019\u00e9tonne de constater qu\u2019en Colombie, une terre soi-disant de <em>mestizaje<\/em>-m\u00e9tissage, le racisme et la s\u00e9gr\u00e9gation existent encore. Triste est de constater que m\u00eame encore aujourd\u2019hui et n\u2019importe o\u00f9 dans le monde, la couleur de la peau rend les hommes in\u00e9gaux.<\/p>\n<p><img loading=\"lazy\" decoding=\"async\" class=\"alignnone size-medium\" src=\"https:\/\/www.pressenza.com\/wp-content\/uploads\/2017\/10\/Le-Choco-colombien-paradis-terrestre-ou-terre-d---exclusion8.jpg\" width=\"750\" height=\"547\" \/><\/p>\n<p>Alors que faire, que penser\u00a0? Ne tombez pas dans le mirage d\u2019un paradis coup\u00e9 du monde ni dans la d\u00e9solation et le m\u00e9pris quant au niveau de vie. Il y a des choses \u00e0 faire pour am\u00e9liorer les conditions de vie de ces habitants, tout en respectant le mode de vie, la culture et l\u2019environnement de cette r\u00e9gion teint\u00e9e d\u2019in\u00e9galit\u00e9s. Je pense notamment au potentiel touristique de ces endroits pr\u00e9serv\u00e9s. Un tourisme local, respectueux de l\u2019environnement dont les b\u00e9n\u00e9fices reviendraient directement aux habitants pourrait \u00eatre source de d\u00e9veloppement communautaire. L\u2019implantation d\u2019organismes alternatifs pourrait \u00eatre envisag\u00e9e pour surpasser les carences dans l\u2019\u00e9ducation et la sant\u00e9. Finalement ce sont surtout les pouvoirs publics et le gouvernement colombien qui devraient se pr\u00e9occuper de la situation socio-\u00e9conomique de cette zone. \u00c0 eux d\u2019investir dans des infrastructures d\u00e9centes et des programmes de d\u00e9veloppement. \u00c0 eux de rendre ce territoire plus \u00e9gal au reste du pays. \u00c0 eux d\u2019offrir de nouvelles perspectives aux habitants et de se pr\u00e9occuper de ces citoyens d\u00e9laiss\u00e9s depuis des ann\u00e9es. Qu\u2019attendent-ils\u00a0et pourquoi ?<\/p>\n<p><img loading=\"lazy\" decoding=\"async\" class=\"alignnone size-medium\" src=\"https:\/\/www.pressenza.com\/wp-content\/uploads\/2017\/10\/Le-Choco-colombien-paradis-terrestre-ou-terre-d---exclusion9.jpg\" width=\"750\" height=\"554\" \/><\/p>\n<p>&nbsp;<\/p>\n","protected":false},"excerpt":{"rendered":"<p>Texte et photos : Romane Vilain Il y a de ces endroits sur la plan\u00e8te qui semblent appartenir \u00e0 un temps pass\u00e9, o\u00f9 les modes de vie n\u2019ont pas vraiment chang\u00e9 depuis plusieurs d\u00e9cennies. Des endroits qui font r\u00eaver par&hellip;<\/p>\n","protected":false},"author":1471,"featured_media":529787,"comment_status":"closed","ping_status":"closed","sticky":false,"template":"","format":"standard","meta":{"footnotes":""},"categories":[86,11386,1247,97,5700],"tags":[30099,1016,40666,40665],"class_list":["post-529748","post","type-post","status-publish","format-standard","has-post-thumbnail","hentry","category-amerique-du-sud","category-contenu-original","category-diversite","category-environnement-et-ecologie","category-reportages-photo","tag-choco","tag-colombie","tag-communautes-afro-colombiennes","tag-tourisme-local"],"yoast_head":"<!-- This site is optimized with the Yoast SEO plugin v27.1.1 - https:\/\/yoast.com\/product\/yoast-seo-wordpress\/ -->\n<title>Le Choc\u00f3 colombien, paradis terrestre ou terre d\u2019exclusion ?<\/title>\n<meta name=\"description\" content=\"Texte et photos : Romane Vilain Il y a de ces endroits sur la plan\u00e8te qui semblent appartenir \u00e0 un temps pass\u00e9, o\u00f9 les modes de vie n\u2019ont pas vraiment\" \/>\n<meta name=\"robots\" content=\"index, follow, max-snippet:-1, max-image-preview:large, max-video-preview:-1\" \/>\n<link rel=\"canonical\" href=\"https:\/\/www.pressenza.com\/fr\/2017\/10\/choco-colombien-paradis-terrestre-terre-dexclusion\/\" \/>\n<meta property=\"og:locale\" content=\"fr_FR\" \/>\n<meta property=\"og:type\" content=\"article\" \/>\n<meta property=\"og:title\" content=\"Le Choc\u00f3 colombien, paradis terrestre ou terre d\u2019exclusion ?\" \/>\n<meta property=\"og:description\" content=\"Texte et photos : Romane Vilain Il y a de ces endroits sur la plan\u00e8te qui semblent appartenir \u00e0 un temps pass\u00e9, o\u00f9 les modes de vie n\u2019ont pas vraiment\" \/>\n<meta property=\"og:url\" content=\"https:\/\/www.pressenza.com\/fr\/2017\/10\/choco-colombien-paradis-terrestre-terre-dexclusion\/\" \/>\n<meta property=\"og:site_name\" content=\"Pressenza\" \/>\n<meta property=\"article:publisher\" content=\"https:\/\/www.facebook.com\/PressenzaItalia\" \/>\n<meta property=\"article:published_time\" content=\"2017-10-03T21:13:42+00:00\" \/>\n<meta property=\"article:modified_time\" content=\"2022-01-07T14:46:25+00:00\" \/>\n<meta property=\"og:image\" content=\"https:\/\/www.pressenza.com\/wp-content\/uploads\/2017\/10\/Le-Choco-colombien-paradis-terrestre-ou-terre-d---exclusion1.jpg\" \/>\n\t<meta property=\"og:image:width\" content=\"750\" \/>\n\t<meta property=\"og:image:height\" content=\"493\" \/>\n\t<meta property=\"og:image:type\" content=\"image\/jpeg\" \/>\n<meta name=\"author\" content=\"Romane Vilain\" \/>\n<meta name=\"twitter:card\" content=\"summary_large_image\" \/>\n<meta name=\"twitter:creator\" content=\"@PressenzaIPA\" \/>\n<meta name=\"twitter:site\" content=\"@PressenzaIPA\" \/>\n<meta name=\"twitter:label1\" content=\"\u00c9crit par\" \/>\n\t<meta name=\"twitter:data1\" content=\"Romane Vilain\" \/>\n\t<meta name=\"twitter:label2\" content=\"Dur\u00e9e de lecture estim\u00e9e\" \/>\n\t<meta name=\"twitter:data2\" content=\"8 minutes\" \/>\n<script type=\"application\/ld+json\" class=\"yoast-schema-graph\">{\"@context\":\"https:\/\/schema.org\",\"@graph\":[{\"@type\":\"Article\",\"@id\":\"https:\/\/www.pressenza.com\/fr\/2017\/10\/choco-colombien-paradis-terrestre-terre-dexclusion\/#article\",\"isPartOf\":{\"@id\":\"https:\/\/www.pressenza.com\/fr\/2017\/10\/choco-colombien-paradis-terrestre-terre-dexclusion\/\"},\"author\":{\"name\":\"Romane Vilain\",\"@id\":\"https:\/\/www.pressenza.com\/fr\/#\/schema\/person\/25ad1473ab08c2d5a6804ac8130b687a\"},\"headline\":\"Le Choc\u00f3 colombien, paradis terrestre ou terre d\u2019exclusion ?\",\"datePublished\":\"2017-10-03T21:13:42+00:00\",\"dateModified\":\"2022-01-07T14:46:25+00:00\",\"mainEntityOfPage\":{\"@id\":\"https:\/\/www.pressenza.com\/fr\/2017\/10\/choco-colombien-paradis-terrestre-terre-dexclusion\/\"},\"wordCount\":1661,\"publisher\":{\"@id\":\"https:\/\/www.pressenza.com\/fr\/#organization\"},\"image\":{\"@id\":\"https:\/\/www.pressenza.com\/fr\/2017\/10\/choco-colombien-paradis-terrestre-terre-dexclusion\/#primaryimage\"},\"thumbnailUrl\":\"https:\/\/www.pressenza.com\/wp-content\/uploads\/2017\/10\/Le-Choco-colombien-paradis-terrestre-ou-terre-d---exclusion1.jpg\",\"keywords\":[\"Choc\u00f3\",\"Colombie\",\"communaut\u00e9s afro-colombiennes\",\"tourisme local\"],\"articleSection\":[\"Am\u00e9rique du Sud\",\"Contenu Original\",\"Diversit\u00e9\",\"Ecologie et Environnement\",\"Reportages photo\"],\"inLanguage\":\"fr-FR\"},{\"@type\":\"WebPage\",\"@id\":\"https:\/\/www.pressenza.com\/fr\/2017\/10\/choco-colombien-paradis-terrestre-terre-dexclusion\/\",\"url\":\"https:\/\/www.pressenza.com\/fr\/2017\/10\/choco-colombien-paradis-terrestre-terre-dexclusion\/\",\"name\":\"Le Choc\u00f3 colombien, paradis terrestre ou terre d\u2019exclusion ?\",\"isPartOf\":{\"@id\":\"https:\/\/www.pressenza.com\/fr\/#website\"},\"primaryImageOfPage\":{\"@id\":\"https:\/\/www.pressenza.com\/fr\/2017\/10\/choco-colombien-paradis-terrestre-terre-dexclusion\/#primaryimage\"},\"image\":{\"@id\":\"https:\/\/www.pressenza.com\/fr\/2017\/10\/choco-colombien-paradis-terrestre-terre-dexclusion\/#primaryimage\"},\"thumbnailUrl\":\"https:\/\/www.pressenza.com\/wp-content\/uploads\/2017\/10\/Le-Choco-colombien-paradis-terrestre-ou-terre-d---exclusion1.jpg\",\"datePublished\":\"2017-10-03T21:13:42+00:00\",\"dateModified\":\"2022-01-07T14:46:25+00:00\",\"description\":\"Texte et photos : Romane Vilain Il y a de ces endroits sur la plan\u00e8te qui semblent appartenir \u00e0 un temps pass\u00e9, o\u00f9 les modes de vie n\u2019ont pas vraiment\",\"breadcrumb\":{\"@id\":\"https:\/\/www.pressenza.com\/fr\/2017\/10\/choco-colombien-paradis-terrestre-terre-dexclusion\/#breadcrumb\"},\"inLanguage\":\"fr-FR\",\"potentialAction\":[{\"@type\":\"ReadAction\",\"target\":[\"https:\/\/www.pressenza.com\/fr\/2017\/10\/choco-colombien-paradis-terrestre-terre-dexclusion\/\"]}]},{\"@type\":\"ImageObject\",\"inLanguage\":\"fr-FR\",\"@id\":\"https:\/\/www.pressenza.com\/fr\/2017\/10\/choco-colombien-paradis-terrestre-terre-dexclusion\/#primaryimage\",\"url\":\"https:\/\/www.pressenza.com\/wp-content\/uploads\/2017\/10\/Le-Choco-colombien-paradis-terrestre-ou-terre-d---exclusion1.jpg\",\"contentUrl\":\"https:\/\/www.pressenza.com\/wp-content\/uploads\/2017\/10\/Le-Choco-colombien-paradis-terrestre-ou-terre-d---exclusion1.jpg\",\"width\":750,\"height\":493},{\"@type\":\"BreadcrumbList\",\"@id\":\"https:\/\/www.pressenza.com\/fr\/2017\/10\/choco-colombien-paradis-terrestre-terre-dexclusion\/#breadcrumb\",\"itemListElement\":[{\"@type\":\"ListItem\",\"position\":1,\"name\":\"Accueil\",\"item\":\"https:\/\/www.pressenza.com\/fr\/\"},{\"@type\":\"ListItem\",\"position\":2,\"name\":\"Le Choc\u00f3 colombien, paradis terrestre ou terre d\u2019exclusion ?\"}]},{\"@type\":\"WebSite\",\"@id\":\"https:\/\/www.pressenza.com\/fr\/#website\",\"url\":\"https:\/\/www.pressenza.com\/fr\/\",\"name\":\"Pressenza\",\"description\":\"International Press Agency\",\"publisher\":{\"@id\":\"https:\/\/www.pressenza.com\/fr\/#organization\"},\"potentialAction\":[{\"@type\":\"SearchAction\",\"target\":{\"@type\":\"EntryPoint\",\"urlTemplate\":\"https:\/\/www.pressenza.com\/fr\/?s={search_term_string}\"},\"query-input\":{\"@type\":\"PropertyValueSpecification\",\"valueRequired\":true,\"valueName\":\"search_term_string\"}}],\"inLanguage\":\"fr-FR\"},{\"@type\":\"Organization\",\"@id\":\"https:\/\/www.pressenza.com\/fr\/#organization\",\"name\":\"Pressenza\",\"url\":\"https:\/\/www.pressenza.com\/fr\/\",\"logo\":{\"@type\":\"ImageObject\",\"inLanguage\":\"fr-FR\",\"@id\":\"https:\/\/www.pressenza.com\/fr\/#\/schema\/logo\/image\/\",\"url\":\"https:\/\/www.pressenza.com\/wp-content\/uploads\/2022\/10\/pressenza_logo_200x200.jpg\",\"contentUrl\":\"https:\/\/www.pressenza.com\/wp-content\/uploads\/2022\/10\/pressenza_logo_200x200.jpg\",\"width\":200,\"height\":200,\"caption\":\"Pressenza\"},\"image\":{\"@id\":\"https:\/\/www.pressenza.com\/fr\/#\/schema\/logo\/image\/\"},\"sameAs\":[\"https:\/\/www.facebook.com\/PressenzaItalia\",\"https:\/\/x.com\/PressenzaIPA\"]},{\"@type\":\"Person\",\"@id\":\"https:\/\/www.pressenza.com\/fr\/#\/schema\/person\/25ad1473ab08c2d5a6804ac8130b687a\",\"name\":\"Romane Vilain\",\"description\":\"\u00c9tudiante en coop\u00e9ration internationale et relations interculturelles \u00e0 Lille, passionn\u00e9e de voyages et sensible \u00e0 l\u2019interculturalit\u00e9, une touriste qui se veut altermondialiste.\",\"url\":\"https:\/\/www.pressenza.com\/fr\/author\/romane-vilain\/\"}]}<\/script>\n<!-- \/ Yoast SEO plugin. -->","yoast_head_json":{"title":"Le Choc\u00f3 colombien, paradis terrestre ou terre d\u2019exclusion ?","description":"Texte et photos : Romane Vilain Il y a de ces endroits sur la plan\u00e8te qui semblent appartenir \u00e0 un temps pass\u00e9, o\u00f9 les modes de vie n\u2019ont pas vraiment","robots":{"index":"index","follow":"follow","max-snippet":"max-snippet:-1","max-image-preview":"max-image-preview:large","max-video-preview":"max-video-preview:-1"},"canonical":"https:\/\/www.pressenza.com\/fr\/2017\/10\/choco-colombien-paradis-terrestre-terre-dexclusion\/","og_locale":"fr_FR","og_type":"article","og_title":"Le Choc\u00f3 colombien, paradis terrestre ou terre d\u2019exclusion ?","og_description":"Texte et photos : Romane Vilain Il y a de ces endroits sur la plan\u00e8te qui semblent appartenir \u00e0 un temps pass\u00e9, o\u00f9 les modes de vie n\u2019ont pas vraiment","og_url":"https:\/\/www.pressenza.com\/fr\/2017\/10\/choco-colombien-paradis-terrestre-terre-dexclusion\/","og_site_name":"Pressenza","article_publisher":"https:\/\/www.facebook.com\/PressenzaItalia","article_published_time":"2017-10-03T21:13:42+00:00","article_modified_time":"2022-01-07T14:46:25+00:00","og_image":[{"width":750,"height":493,"url":"https:\/\/www.pressenza.com\/wp-content\/uploads\/2017\/10\/Le-Choco-colombien-paradis-terrestre-ou-terre-d---exclusion1.jpg","type":"image\/jpeg"}],"author":"Romane Vilain","twitter_card":"summary_large_image","twitter_creator":"@PressenzaIPA","twitter_site":"@PressenzaIPA","twitter_misc":{"\u00c9crit par":"Romane Vilain","Dur\u00e9e de lecture estim\u00e9e":"8 minutes"},"schema":{"@context":"https:\/\/schema.org","@graph":[{"@type":"Article","@id":"https:\/\/www.pressenza.com\/fr\/2017\/10\/choco-colombien-paradis-terrestre-terre-dexclusion\/#article","isPartOf":{"@id":"https:\/\/www.pressenza.com\/fr\/2017\/10\/choco-colombien-paradis-terrestre-terre-dexclusion\/"},"author":{"name":"Romane Vilain","@id":"https:\/\/www.pressenza.com\/fr\/#\/schema\/person\/25ad1473ab08c2d5a6804ac8130b687a"},"headline":"Le Choc\u00f3 colombien, paradis terrestre ou terre d\u2019exclusion ?","datePublished":"2017-10-03T21:13:42+00:00","dateModified":"2022-01-07T14:46:25+00:00","mainEntityOfPage":{"@id":"https:\/\/www.pressenza.com\/fr\/2017\/10\/choco-colombien-paradis-terrestre-terre-dexclusion\/"},"wordCount":1661,"publisher":{"@id":"https:\/\/www.pressenza.com\/fr\/#organization"},"image":{"@id":"https:\/\/www.pressenza.com\/fr\/2017\/10\/choco-colombien-paradis-terrestre-terre-dexclusion\/#primaryimage"},"thumbnailUrl":"https:\/\/www.pressenza.com\/wp-content\/uploads\/2017\/10\/Le-Choco-colombien-paradis-terrestre-ou-terre-d---exclusion1.jpg","keywords":["Choc\u00f3","Colombie","communaut\u00e9s afro-colombiennes","tourisme local"],"articleSection":["Am\u00e9rique du Sud","Contenu Original","Diversit\u00e9","Ecologie et Environnement","Reportages photo"],"inLanguage":"fr-FR"},{"@type":"WebPage","@id":"https:\/\/www.pressenza.com\/fr\/2017\/10\/choco-colombien-paradis-terrestre-terre-dexclusion\/","url":"https:\/\/www.pressenza.com\/fr\/2017\/10\/choco-colombien-paradis-terrestre-terre-dexclusion\/","name":"Le Choc\u00f3 colombien, paradis terrestre ou terre d\u2019exclusion ?","isPartOf":{"@id":"https:\/\/www.pressenza.com\/fr\/#website"},"primaryImageOfPage":{"@id":"https:\/\/www.pressenza.com\/fr\/2017\/10\/choco-colombien-paradis-terrestre-terre-dexclusion\/#primaryimage"},"image":{"@id":"https:\/\/www.pressenza.com\/fr\/2017\/10\/choco-colombien-paradis-terrestre-terre-dexclusion\/#primaryimage"},"thumbnailUrl":"https:\/\/www.pressenza.com\/wp-content\/uploads\/2017\/10\/Le-Choco-colombien-paradis-terrestre-ou-terre-d---exclusion1.jpg","datePublished":"2017-10-03T21:13:42+00:00","dateModified":"2022-01-07T14:46:25+00:00","description":"Texte et photos : Romane Vilain Il y a de ces endroits sur la plan\u00e8te qui semblent appartenir \u00e0 un temps pass\u00e9, o\u00f9 les modes de vie n\u2019ont pas vraiment","breadcrumb":{"@id":"https:\/\/www.pressenza.com\/fr\/2017\/10\/choco-colombien-paradis-terrestre-terre-dexclusion\/#breadcrumb"},"inLanguage":"fr-FR","potentialAction":[{"@type":"ReadAction","target":["https:\/\/www.pressenza.com\/fr\/2017\/10\/choco-colombien-paradis-terrestre-terre-dexclusion\/"]}]},{"@type":"ImageObject","inLanguage":"fr-FR","@id":"https:\/\/www.pressenza.com\/fr\/2017\/10\/choco-colombien-paradis-terrestre-terre-dexclusion\/#primaryimage","url":"https:\/\/www.pressenza.com\/wp-content\/uploads\/2017\/10\/Le-Choco-colombien-paradis-terrestre-ou-terre-d---exclusion1.jpg","contentUrl":"https:\/\/www.pressenza.com\/wp-content\/uploads\/2017\/10\/Le-Choco-colombien-paradis-terrestre-ou-terre-d---exclusion1.jpg","width":750,"height":493},{"@type":"BreadcrumbList","@id":"https:\/\/www.pressenza.com\/fr\/2017\/10\/choco-colombien-paradis-terrestre-terre-dexclusion\/#breadcrumb","itemListElement":[{"@type":"ListItem","position":1,"name":"Accueil","item":"https:\/\/www.pressenza.com\/fr\/"},{"@type":"ListItem","position":2,"name":"Le Choc\u00f3 colombien, paradis terrestre ou terre d\u2019exclusion ?"}]},{"@type":"WebSite","@id":"https:\/\/www.pressenza.com\/fr\/#website","url":"https:\/\/www.pressenza.com\/fr\/","name":"Pressenza","description":"International Press Agency","publisher":{"@id":"https:\/\/www.pressenza.com\/fr\/#organization"},"potentialAction":[{"@type":"SearchAction","target":{"@type":"EntryPoint","urlTemplate":"https:\/\/www.pressenza.com\/fr\/?s={search_term_string}"},"query-input":{"@type":"PropertyValueSpecification","valueRequired":true,"valueName":"search_term_string"}}],"inLanguage":"fr-FR"},{"@type":"Organization","@id":"https:\/\/www.pressenza.com\/fr\/#organization","name":"Pressenza","url":"https:\/\/www.pressenza.com\/fr\/","logo":{"@type":"ImageObject","inLanguage":"fr-FR","@id":"https:\/\/www.pressenza.com\/fr\/#\/schema\/logo\/image\/","url":"https:\/\/www.pressenza.com\/wp-content\/uploads\/2022\/10\/pressenza_logo_200x200.jpg","contentUrl":"https:\/\/www.pressenza.com\/wp-content\/uploads\/2022\/10\/pressenza_logo_200x200.jpg","width":200,"height":200,"caption":"Pressenza"},"image":{"@id":"https:\/\/www.pressenza.com\/fr\/#\/schema\/logo\/image\/"},"sameAs":["https:\/\/www.facebook.com\/PressenzaItalia","https:\/\/x.com\/PressenzaIPA"]},{"@type":"Person","@id":"https:\/\/www.pressenza.com\/fr\/#\/schema\/person\/25ad1473ab08c2d5a6804ac8130b687a","name":"Romane Vilain","description":"\u00c9tudiante en coop\u00e9ration internationale et relations interculturelles \u00e0 Lille, passionn\u00e9e de voyages et sensible \u00e0 l\u2019interculturalit\u00e9, une touriste qui se veut altermondialiste.","url":"https:\/\/www.pressenza.com\/fr\/author\/romane-vilain\/"}]}},"place":"Choc\u00f3, Colombie","original_article_url":"","_links":{"self":[{"href":"https:\/\/www.pressenza.com\/fr\/wp-json\/wp\/v2\/posts\/529748","targetHints":{"allow":["GET"]}}],"collection":[{"href":"https:\/\/www.pressenza.com\/fr\/wp-json\/wp\/v2\/posts"}],"about":[{"href":"https:\/\/www.pressenza.com\/fr\/wp-json\/wp\/v2\/types\/post"}],"author":[{"embeddable":true,"href":"https:\/\/www.pressenza.com\/fr\/wp-json\/wp\/v2\/users\/1471"}],"replies":[{"embeddable":true,"href":"https:\/\/www.pressenza.com\/fr\/wp-json\/wp\/v2\/comments?post=529748"}],"version-history":[{"count":0,"href":"https:\/\/www.pressenza.com\/fr\/wp-json\/wp\/v2\/posts\/529748\/revisions"}],"wp:featuredmedia":[{"embeddable":true,"href":"https:\/\/www.pressenza.com\/fr\/wp-json\/wp\/v2\/media\/529787"}],"wp:attachment":[{"href":"https:\/\/www.pressenza.com\/fr\/wp-json\/wp\/v2\/media?parent=529748"}],"wp:term":[{"taxonomy":"category","embeddable":true,"href":"https:\/\/www.pressenza.com\/fr\/wp-json\/wp\/v2\/categories?post=529748"},{"taxonomy":"post_tag","embeddable":true,"href":"https:\/\/www.pressenza.com\/fr\/wp-json\/wp\/v2\/tags?post=529748"}],"curies":[{"name":"wp","href":"https:\/\/api.w.org\/{rel}","templated":true}]}}