{"id":52347,"date":"2013-05-16T21:48:52","date_gmt":"2013-05-16T20:48:52","guid":{"rendered":"http:\/\/www.pressenza.com\/?p=52347"},"modified":"2013-05-17T14:37:47","modified_gmt":"2013-05-17T13:37:47","slug":"mission-n-1-de-la-delegation-internationale-pour-la-paix-en-syrie-quand-pourrons-nous-rentrer","status":"publish","type":"post","link":"https:\/\/www.pressenza.com\/fr\/2013\/05\/mission-n-1-de-la-delegation-internationale-pour-la-paix-en-syrie-quand-pourrons-nous-rentrer\/","title":{"rendered":"Mission n \u00b0 1 de la d\u00e9l\u00e9gation internationale pour la paix en Syrie : Quand pourrons-nous rentrer ?"},"content":{"rendered":"<p><img loading=\"lazy\" decoding=\"async\" class=\"alignnone\" alt=\"\" src=\"http:\/\/www.pressenza.com\/wp-content\/uploads\/2013\/05\/kids.jpg\" width=\"275\" height=\"367\" \/><\/p>\n<p>\u00ab\u00a0Quand pourrons-nous rentrer ?\u00a0\u00bb<\/p>\n<p>Cette plainte de r\u00e9fugi\u00e9s r\u00e9sonne depuis des temps imm\u00e9moriaux. La question, nous l&rsquo;avons encore une fois pos\u00e9e au Prix Nobel de la paix Mairead Maguire au Haut Commissariat des Nations Unies pour les R\u00e9fugi\u00e9s au centre d&rsquo;accueil de Zahl\u00e9, au Liban, surplombant la vaste plaine de la Bekaa, maintenant parsem\u00e9e de camps de r\u00e9fugi\u00e9s partout o\u00f9 on pose le regard. La D\u00e9l\u00e9gation Mussalaha [d\u00e9l\u00e9gation internationale pour la paix] s\u00e9journe plus longtemps que pr\u00e9vu au Liban en raison des retards de visas pour la Syrie. De toutes fa\u00e7ons, si nous cherchions \u00e0 voir les effets de la guerre, le Liban en a beaucoup \u00e0 montrer. Il y a un million de r\u00e9fugi\u00e9s syriens au Liban qui a lui-m\u00eame une population de seulement 4,3 millions d&rsquo;habitants. Beaucoup sont issus de minorit\u00e9s syriennes, attir\u00e9es au Liban par ses grandes communaut\u00e9s chr\u00e9tiennes et chiites.<\/p>\n<p>&nbsp;<\/p>\n<p>La plupart des camps ne parviennent pas \u00e0 respecter les normes minimales d&rsquo;hygi\u00e8ne et de logement. Le Haut-Commissariat des Nations Unies pour les r\u00e9fugi\u00e9s (HCR) affirme qu&rsquo;il ne peut pas continuer avec ces chiffres, mais il y a des raisons de penser qu&rsquo;elle pourrait tra\u00eener les pieds pour faire pression sur ses bailleurs de fonds et recevoir davantage d&rsquo;argent et de mat\u00e9riel. De la m\u00eame fa\u00e7on, le gouvernement libanais ne veut pas encourager une plus grande affluence et montre donc de la lenteur pour accueillir les nouveaux arrivants. Ils ont leurs raisons, mais les r\u00e9fugi\u00e9s sont des pions dans ces jeux bureaucratiques et ces manifestations de pouvoir, ce qui ne fait qu&rsquo;accro\u00eetre leurs souffrances.<\/p>\n<p>&nbsp;<\/p>\n<p>Au centre d&rsquo;enregistrement du HCR \u00e0 Zahl\u00e9, surplombant la vall\u00e9e, le retard va jusqu&rsquo;\u00e0 quatre mois. Un homme m&rsquo;a dit que lui et sa famille, avec un nouveau-n\u00e9, vivaient depuis plus de deux mois dans l&rsquo;espace entre deux voitures avec tout ce qu&rsquo;ils pouvaient trouver comme toit et quelques chaises. D&rsquo;autres vivent \u00e0 vingt dans une pi\u00e8ce d&rsquo;un entrep\u00f4t, avec des matelas occupant presque tout l&rsquo;espace au sol pendant la nuit. Dans une tr\u00e8s large mesure, les r\u00e9fugi\u00e9s sont sans assistance, n\u00e9gociant leur logement l\u00e0 o\u00f9 ils peuvent avec les quelques ressources dont ils disposent.<\/p>\n<p>&nbsp;<\/p>\n<p>La plupart des hommes et certaines femmes ne veulent pas \u00eatre photographi\u00e9s, mais les enfants n&rsquo;y voient pas d&rsquo;inconv\u00e9nient. Plusieurs personnes de Qusayr, une ville \u00e0 la fronti\u00e8re libanaise, ont d\u00e9clar\u00e9 que lorsque les manifestations ont commenc\u00e9 il y a deux ans, elles \u00e9taient non violentes et les responsables locaux d\u00e9gageaient m\u00eame les routes pour elles. Cependant, alors que les manifestations se faisaient plus violentes, le gouvernement central n&rsquo;a rien fait et la ville a finalement \u00e9t\u00e9 envahie par des \u00e9l\u00e9ments arm\u00e9s locaux et des combattants \u00e9trangers de Tch\u00e9tch\u00e9nie, d&rsquo;Azerba\u00efdjan et d&rsquo;autres origines. C&rsquo;est seulement apr\u00e8s la fuite de la population que les troupes syriennes sont finalement arriv\u00e9es pour mater la r\u00e9bellion, ce qui apparemment n&rsquo;a pas encore \u00e9t\u00e9 pleinement accompli.<\/p>\n<p>&nbsp;<\/p>\n<p>Je n&rsquo;ai aucun moyen d&rsquo;\u00e9valuer l&rsquo;exactitude de ces histoires, ni de g\u00e9n\u00e9raliser, mais au moins mes comp\u00e9tences modestes en langue arabe me permettent d&rsquo;entamer des conversations avec qui je veux, et il n&rsquo;y a pas de pions du gouvernement au Liban. N\u00e9anmoins, nous voulons tous rencontrer des groupes qui ont une histoire tr\u00e8s diff\u00e9rente \u00e0 raconter, et M\u00e8re Agn\u00e8s-Myriam a inclus ces opportunit\u00e9s dans notre programme, m\u00eame Jabhat al-Nusrah, le membre d&rsquo;Al-Qaeda, avec qui aucun de nous ne s&rsquo;attendait \u00e0 pouvoir parler.<\/p>\n<p>&nbsp;<\/p>\n<p>Je dois dire que Mussalaha d\u00e9passe nos attentes et que cela est d\u00fb en grande partie aux qualit\u00e9s de chef de M\u00e8re Agn\u00e8s, une nonne plus robuste que vous ne pourriez jamais en rencontrer. Elle est intr\u00e9pide, infatigable et implacable. La patience n&rsquo;est pas son fort mais bien la compassion, et sans souci de l&rsquo;identit\u00e9 de la personne dans le besoin. Pour cette raison, Mussalaha a gagn\u00e9 le respect &#8211; parfois \u00e0 contrec\u0153ur- d&rsquo;un tr\u00e8s large \u00e9ventail de communaut\u00e9s dans et en dehors de la Syrie. Bien que Mussalaha ait une forte orientation chr\u00e9tienne, son pr\u00e9sident est le Dr Hassan Yaacoub, un politicien chiite qui appartient au parti majoritairement chr\u00e9tien du g\u00e9n\u00e9ral Michel Aoun, alli\u00e9 du parti Hezbollah. Vous auriez le droit de trouver que rien de tout cela ne correspond \u00e0 l&rsquo;une ou l&rsquo;autre hypoth\u00e8se que vous ayez tenue jusqu&rsquo;\u00e0 pr\u00e9sent.<\/p>\n<p>&nbsp;<\/p>\n<p>Nous avons \u00e9galement eu de nombreuses rencontres avec les chefs religieux des diverses communaut\u00e9s du Liban, y compris les principales confessions chr\u00e9tiennes, ainsi que les chefs spirituels chiite et druze. Ils sont tous en contact avec les membres syriens de leur communaut\u00e9 et avaient beaucoup de choses \u00e0 dire. Le message : tout d&rsquo;abord arr\u00eatez les combats, ensuite asseyez-vous ensemble, d\u00e9fendez vos priorit\u00e9s par des moyens pacifiques, et soyez pr\u00eats \u00e0 faire des compromis. Malheureusement, le grand mufti de la communaut\u00e9 sunnite au Liban a d\u00fb inverser ses plans pour venir nous rencontrer. Nous avons des raisons de croire qu&rsquo;il aurait pu transmettre le m\u00eame message, mais sa communaut\u00e9 est divis\u00e9e sur certaines de ces questions, ce qui g\u00eane toute d\u00e9claration de sa part en ce moment.<\/p>\n<p>&nbsp;<\/p>\n<p>Il est regrettable que l&rsquo;ancien membre du Congr\u00e8s Dennis Kucinich ne se soit pas joint \u00e0 nous. Cependant, la pr\u00e9sence du Prix Nobel de la Paix Mairead Maguire &#8211; une autre femme intr\u00e9pide et charitable &#8211; fournit une force d&rsquo;inspiration et une place de premier plan \u00e0 notre groupe et nous apporte la visibilit\u00e9 dont nous avons besoin. Le reste du groupe apporte un excellent \u00e9quilibre de comp\u00e9tences et d&rsquo;exp\u00e9rience et, pour un groupe aussi diversifi\u00e9, nous trouvons que nous travaillons remarquablement bien ensemble.<\/p>\n<p>&nbsp;<\/p>\n<p>La prochaine mission partira de Damas, mais je ne dis pas quand. J&rsquo;en aurai une autre apr\u00e8s mon retour aux Etats-Unis. La Syrie a besoin d&rsquo;un miracle, mais ces gens-l\u00e0 croient aux miracles.<\/p>\n","protected":false},"excerpt":{"rendered":"<p>\u00ab\u00a0Quand pourrons-nous rentrer ?\u00a0\u00bb Cette plainte de r\u00e9fugi\u00e9s r\u00e9sonne depuis des temps imm\u00e9moriaux. La question, nous l&rsquo;avons encore une fois pos\u00e9e au Prix Nobel de la paix Mairead Maguire au Haut Commissariat des Nations Unies pour les R\u00e9fugi\u00e9s au centre&hellip;<\/p>\n","protected":false},"author":1003,"featured_media":52507,"comment_status":"closed","ping_status":"open","sticky":false,"template":"","format":"standard","meta":{"footnotes":""},"categories":[163,1250,90],"tags":[4990,239],"class_list":["post-52347","post","type-post","status-publish","format-standard","has-post-thumbnail","hentry","category-opinion-fr","category-paix-desarmement","category-moyen-orient","tag-liban","tag-syrie"],"yoast_head":"<!-- This site is optimized with the Yoast SEO plugin v27.1.1 - https:\/\/yoast.com\/product\/yoast-seo-wordpress\/ -->\n<title>Mission n \u00b0 1 de la d\u00e9l\u00e9gation internationale pour la paix en Syrie : Quand pourrons-nous rentrer ?<\/title>\n<meta name=\"description\" content=\"&quot;Quand pourrons-nous rentrer ?&quot; Cette plainte de r\u00e9fugi\u00e9s r\u00e9sonne depuis des temps imm\u00e9moriaux. La question, nous l&#039;avons encore une fois pos\u00e9e au Prix\" \/>\n<meta name=\"robots\" content=\"index, follow, max-snippet:-1, max-image-preview:large, max-video-preview:-1\" \/>\n<link rel=\"canonical\" href=\"https:\/\/www.pressenza.com\/fr\/2013\/05\/mission-n-1-de-la-delegation-internationale-pour-la-paix-en-syrie-quand-pourrons-nous-rentrer\/\" \/>\n<meta property=\"og:locale\" content=\"fr_FR\" \/>\n<meta property=\"og:type\" content=\"article\" \/>\n<meta property=\"og:title\" content=\"Mission n \u00b0 1 de la d\u00e9l\u00e9gation internationale pour la paix en Syrie : Quand pourrons-nous rentrer ?\" \/>\n<meta property=\"og:description\" content=\"&quot;Quand pourrons-nous rentrer ?&quot; Cette plainte de r\u00e9fugi\u00e9s r\u00e9sonne depuis des temps imm\u00e9moriaux. La question, nous l&#039;avons encore une fois pos\u00e9e au Prix\" \/>\n<meta property=\"og:url\" content=\"https:\/\/www.pressenza.com\/fr\/2013\/05\/mission-n-1-de-la-delegation-internationale-pour-la-paix-en-syrie-quand-pourrons-nous-rentrer\/\" \/>\n<meta property=\"og:site_name\" content=\"Pressenza\" \/>\n<meta property=\"article:publisher\" content=\"https:\/\/www.facebook.com\/PressenzaItalia\" \/>\n<meta property=\"article:published_time\" content=\"2013-05-16T20:48:52+00:00\" \/>\n<meta property=\"article:modified_time\" content=\"2013-05-17T13:37:47+00:00\" \/>\n<meta property=\"og:image\" content=\"https:\/\/www.pressenza.com\/wp-content\/uploads\/2013\/05\/kids1.jpg\" \/>\n\t<meta property=\"og:image:width\" content=\"275\" \/>\n\t<meta property=\"og:image:height\" content=\"367\" \/>\n\t<meta property=\"og:image:type\" content=\"image\/jpeg\" \/>\n<meta name=\"author\" content=\"Paul Larudee\" \/>\n<meta name=\"twitter:card\" content=\"summary_large_image\" \/>\n<meta name=\"twitter:creator\" content=\"@PressenzaIPA\" \/>\n<meta name=\"twitter:site\" content=\"@PressenzaIPA\" \/>\n<meta name=\"twitter:label1\" content=\"\u00c9crit par\" \/>\n\t<meta name=\"twitter:data1\" content=\"Paul Larudee\" \/>\n\t<meta name=\"twitter:label2\" content=\"Dur\u00e9e de lecture estim\u00e9e\" \/>\n\t<meta name=\"twitter:data2\" content=\"5 minutes\" \/>\n<script type=\"application\/ld+json\" class=\"yoast-schema-graph\">{\"@context\":\"https:\/\/schema.org\",\"@graph\":[{\"@type\":\"Article\",\"@id\":\"https:\/\/www.pressenza.com\/fr\/2013\/05\/mission-n-1-de-la-delegation-internationale-pour-la-paix-en-syrie-quand-pourrons-nous-rentrer\/#article\",\"isPartOf\":{\"@id\":\"https:\/\/www.pressenza.com\/fr\/2013\/05\/mission-n-1-de-la-delegation-internationale-pour-la-paix-en-syrie-quand-pourrons-nous-rentrer\/\"},\"author\":{\"name\":\"Paul Larudee\",\"@id\":\"https:\/\/www.pressenza.com\/fr\/#\/schema\/person\/8ecb5c9bb8d5e22a142a5ab0916a7e80\"},\"headline\":\"Mission n \u00b0 1 de la d\u00e9l\u00e9gation internationale pour la paix en Syrie : Quand pourrons-nous rentrer ?\",\"datePublished\":\"2013-05-16T20:48:52+00:00\",\"dateModified\":\"2013-05-17T13:37:47+00:00\",\"mainEntityOfPage\":{\"@id\":\"https:\/\/www.pressenza.com\/fr\/2013\/05\/mission-n-1-de-la-delegation-internationale-pour-la-paix-en-syrie-quand-pourrons-nous-rentrer\/\"},\"wordCount\":1086,\"publisher\":{\"@id\":\"https:\/\/www.pressenza.com\/fr\/#organization\"},\"image\":{\"@id\":\"https:\/\/www.pressenza.com\/fr\/2013\/05\/mission-n-1-de-la-delegation-internationale-pour-la-paix-en-syrie-quand-pourrons-nous-rentrer\/#primaryimage\"},\"thumbnailUrl\":\"https:\/\/www.pressenza.com\/wp-content\/uploads\/2013\/05\/kids1.jpg\",\"keywords\":[\"Liban\",\"Syrie\"],\"articleSection\":[\"Opinion\",\"Paix et D\u00e9sarmement\",\"Proche et Moyen-Orient\"],\"inLanguage\":\"fr-FR\"},{\"@type\":\"WebPage\",\"@id\":\"https:\/\/www.pressenza.com\/fr\/2013\/05\/mission-n-1-de-la-delegation-internationale-pour-la-paix-en-syrie-quand-pourrons-nous-rentrer\/\",\"url\":\"https:\/\/www.pressenza.com\/fr\/2013\/05\/mission-n-1-de-la-delegation-internationale-pour-la-paix-en-syrie-quand-pourrons-nous-rentrer\/\",\"name\":\"Mission n \u00b0 1 de la d\u00e9l\u00e9gation internationale pour la paix en Syrie : Quand pourrons-nous rentrer ?\",\"isPartOf\":{\"@id\":\"https:\/\/www.pressenza.com\/fr\/#website\"},\"primaryImageOfPage\":{\"@id\":\"https:\/\/www.pressenza.com\/fr\/2013\/05\/mission-n-1-de-la-delegation-internationale-pour-la-paix-en-syrie-quand-pourrons-nous-rentrer\/#primaryimage\"},\"image\":{\"@id\":\"https:\/\/www.pressenza.com\/fr\/2013\/05\/mission-n-1-de-la-delegation-internationale-pour-la-paix-en-syrie-quand-pourrons-nous-rentrer\/#primaryimage\"},\"thumbnailUrl\":\"https:\/\/www.pressenza.com\/wp-content\/uploads\/2013\/05\/kids1.jpg\",\"datePublished\":\"2013-05-16T20:48:52+00:00\",\"dateModified\":\"2013-05-17T13:37:47+00:00\",\"description\":\"\\\"Quand pourrons-nous rentrer ?\\\" Cette plainte de r\u00e9fugi\u00e9s r\u00e9sonne depuis des temps imm\u00e9moriaux. La question, nous l'avons encore une fois pos\u00e9e au Prix\",\"breadcrumb\":{\"@id\":\"https:\/\/www.pressenza.com\/fr\/2013\/05\/mission-n-1-de-la-delegation-internationale-pour-la-paix-en-syrie-quand-pourrons-nous-rentrer\/#breadcrumb\"},\"inLanguage\":\"fr-FR\",\"potentialAction\":[{\"@type\":\"ReadAction\",\"target\":[\"https:\/\/www.pressenza.com\/fr\/2013\/05\/mission-n-1-de-la-delegation-internationale-pour-la-paix-en-syrie-quand-pourrons-nous-rentrer\/\"]}]},{\"@type\":\"ImageObject\",\"inLanguage\":\"fr-FR\",\"@id\":\"https:\/\/www.pressenza.com\/fr\/2013\/05\/mission-n-1-de-la-delegation-internationale-pour-la-paix-en-syrie-quand-pourrons-nous-rentrer\/#primaryimage\",\"url\":\"https:\/\/www.pressenza.com\/wp-content\/uploads\/2013\/05\/kids1.jpg\",\"contentUrl\":\"https:\/\/www.pressenza.com\/wp-content\/uploads\/2013\/05\/kids1.jpg\",\"width\":275,\"height\":367},{\"@type\":\"BreadcrumbList\",\"@id\":\"https:\/\/www.pressenza.com\/fr\/2013\/05\/mission-n-1-de-la-delegation-internationale-pour-la-paix-en-syrie-quand-pourrons-nous-rentrer\/#breadcrumb\",\"itemListElement\":[{\"@type\":\"ListItem\",\"position\":1,\"name\":\"Accueil\",\"item\":\"https:\/\/www.pressenza.com\/fr\/\"},{\"@type\":\"ListItem\",\"position\":2,\"name\":\"Mission n \u00b0 1 de la d\u00e9l\u00e9gation internationale pour la paix en Syrie : Quand pourrons-nous rentrer ?\"}]},{\"@type\":\"WebSite\",\"@id\":\"https:\/\/www.pressenza.com\/fr\/#website\",\"url\":\"https:\/\/www.pressenza.com\/fr\/\",\"name\":\"Pressenza\",\"description\":\"International Press Agency\",\"publisher\":{\"@id\":\"https:\/\/www.pressenza.com\/fr\/#organization\"},\"potentialAction\":[{\"@type\":\"SearchAction\",\"target\":{\"@type\":\"EntryPoint\",\"urlTemplate\":\"https:\/\/www.pressenza.com\/fr\/?s={search_term_string}\"},\"query-input\":{\"@type\":\"PropertyValueSpecification\",\"valueRequired\":true,\"valueName\":\"search_term_string\"}}],\"inLanguage\":\"fr-FR\"},{\"@type\":\"Organization\",\"@id\":\"https:\/\/www.pressenza.com\/fr\/#organization\",\"name\":\"Pressenza\",\"url\":\"https:\/\/www.pressenza.com\/fr\/\",\"logo\":{\"@type\":\"ImageObject\",\"inLanguage\":\"fr-FR\",\"@id\":\"https:\/\/www.pressenza.com\/fr\/#\/schema\/logo\/image\/\",\"url\":\"https:\/\/www.pressenza.com\/wp-content\/uploads\/2022\/10\/pressenza_logo_200x200.jpg\",\"contentUrl\":\"https:\/\/www.pressenza.com\/wp-content\/uploads\/2022\/10\/pressenza_logo_200x200.jpg\",\"width\":200,\"height\":200,\"caption\":\"Pressenza\"},\"image\":{\"@id\":\"https:\/\/www.pressenza.com\/fr\/#\/schema\/logo\/image\/\"},\"sameAs\":[\"https:\/\/www.facebook.com\/PressenzaItalia\",\"https:\/\/x.com\/PressenzaIPA\"]},{\"@type\":\"Person\",\"@id\":\"https:\/\/www.pressenza.com\/fr\/#\/schema\/person\/8ecb5c9bb8d5e22a142a5ab0916a7e80\",\"name\":\"Paul Larudee\",\"description\":\"Paul Larudee, PhD (born April 25, 1946) is a San Francisco Bay Area advocate for Palestinians. He works with the International Solidarity Movement and was cofounder of the Free Gaza Movement www.freepalestinemovement.org\",\"sameAs\":[\"http:\/\/www.freepalestinemovement.org\"],\"url\":\"https:\/\/www.pressenza.com\/fr\/author\/paul-larudee\/\"}]}<\/script>\n<!-- \/ Yoast SEO plugin. -->","yoast_head_json":{"title":"Mission n \u00b0 1 de la d\u00e9l\u00e9gation internationale pour la paix en Syrie : Quand pourrons-nous rentrer ?","description":"\"Quand pourrons-nous rentrer ?\" Cette plainte de r\u00e9fugi\u00e9s r\u00e9sonne depuis des temps imm\u00e9moriaux. La question, nous l'avons encore une fois pos\u00e9e au Prix","robots":{"index":"index","follow":"follow","max-snippet":"max-snippet:-1","max-image-preview":"max-image-preview:large","max-video-preview":"max-video-preview:-1"},"canonical":"https:\/\/www.pressenza.com\/fr\/2013\/05\/mission-n-1-de-la-delegation-internationale-pour-la-paix-en-syrie-quand-pourrons-nous-rentrer\/","og_locale":"fr_FR","og_type":"article","og_title":"Mission n \u00b0 1 de la d\u00e9l\u00e9gation internationale pour la paix en Syrie : Quand pourrons-nous rentrer ?","og_description":"\"Quand pourrons-nous rentrer ?\" Cette plainte de r\u00e9fugi\u00e9s r\u00e9sonne depuis des temps imm\u00e9moriaux. La question, nous l'avons encore une fois pos\u00e9e au Prix","og_url":"https:\/\/www.pressenza.com\/fr\/2013\/05\/mission-n-1-de-la-delegation-internationale-pour-la-paix-en-syrie-quand-pourrons-nous-rentrer\/","og_site_name":"Pressenza","article_publisher":"https:\/\/www.facebook.com\/PressenzaItalia","article_published_time":"2013-05-16T20:48:52+00:00","article_modified_time":"2013-05-17T13:37:47+00:00","og_image":[{"width":275,"height":367,"url":"https:\/\/www.pressenza.com\/wp-content\/uploads\/2013\/05\/kids1.jpg","type":"image\/jpeg"}],"author":"Paul Larudee","twitter_card":"summary_large_image","twitter_creator":"@PressenzaIPA","twitter_site":"@PressenzaIPA","twitter_misc":{"\u00c9crit par":"Paul Larudee","Dur\u00e9e de lecture estim\u00e9e":"5 minutes"},"schema":{"@context":"https:\/\/schema.org","@graph":[{"@type":"Article","@id":"https:\/\/www.pressenza.com\/fr\/2013\/05\/mission-n-1-de-la-delegation-internationale-pour-la-paix-en-syrie-quand-pourrons-nous-rentrer\/#article","isPartOf":{"@id":"https:\/\/www.pressenza.com\/fr\/2013\/05\/mission-n-1-de-la-delegation-internationale-pour-la-paix-en-syrie-quand-pourrons-nous-rentrer\/"},"author":{"name":"Paul Larudee","@id":"https:\/\/www.pressenza.com\/fr\/#\/schema\/person\/8ecb5c9bb8d5e22a142a5ab0916a7e80"},"headline":"Mission n \u00b0 1 de la d\u00e9l\u00e9gation internationale pour la paix en Syrie : Quand pourrons-nous rentrer ?","datePublished":"2013-05-16T20:48:52+00:00","dateModified":"2013-05-17T13:37:47+00:00","mainEntityOfPage":{"@id":"https:\/\/www.pressenza.com\/fr\/2013\/05\/mission-n-1-de-la-delegation-internationale-pour-la-paix-en-syrie-quand-pourrons-nous-rentrer\/"},"wordCount":1086,"publisher":{"@id":"https:\/\/www.pressenza.com\/fr\/#organization"},"image":{"@id":"https:\/\/www.pressenza.com\/fr\/2013\/05\/mission-n-1-de-la-delegation-internationale-pour-la-paix-en-syrie-quand-pourrons-nous-rentrer\/#primaryimage"},"thumbnailUrl":"https:\/\/www.pressenza.com\/wp-content\/uploads\/2013\/05\/kids1.jpg","keywords":["Liban","Syrie"],"articleSection":["Opinion","Paix et D\u00e9sarmement","Proche et Moyen-Orient"],"inLanguage":"fr-FR"},{"@type":"WebPage","@id":"https:\/\/www.pressenza.com\/fr\/2013\/05\/mission-n-1-de-la-delegation-internationale-pour-la-paix-en-syrie-quand-pourrons-nous-rentrer\/","url":"https:\/\/www.pressenza.com\/fr\/2013\/05\/mission-n-1-de-la-delegation-internationale-pour-la-paix-en-syrie-quand-pourrons-nous-rentrer\/","name":"Mission n \u00b0 1 de la d\u00e9l\u00e9gation internationale pour la paix en Syrie : Quand pourrons-nous rentrer ?","isPartOf":{"@id":"https:\/\/www.pressenza.com\/fr\/#website"},"primaryImageOfPage":{"@id":"https:\/\/www.pressenza.com\/fr\/2013\/05\/mission-n-1-de-la-delegation-internationale-pour-la-paix-en-syrie-quand-pourrons-nous-rentrer\/#primaryimage"},"image":{"@id":"https:\/\/www.pressenza.com\/fr\/2013\/05\/mission-n-1-de-la-delegation-internationale-pour-la-paix-en-syrie-quand-pourrons-nous-rentrer\/#primaryimage"},"thumbnailUrl":"https:\/\/www.pressenza.com\/wp-content\/uploads\/2013\/05\/kids1.jpg","datePublished":"2013-05-16T20:48:52+00:00","dateModified":"2013-05-17T13:37:47+00:00","description":"\"Quand pourrons-nous rentrer ?\" Cette plainte de r\u00e9fugi\u00e9s r\u00e9sonne depuis des temps imm\u00e9moriaux. La question, nous l'avons encore une fois pos\u00e9e au Prix","breadcrumb":{"@id":"https:\/\/www.pressenza.com\/fr\/2013\/05\/mission-n-1-de-la-delegation-internationale-pour-la-paix-en-syrie-quand-pourrons-nous-rentrer\/#breadcrumb"},"inLanguage":"fr-FR","potentialAction":[{"@type":"ReadAction","target":["https:\/\/www.pressenza.com\/fr\/2013\/05\/mission-n-1-de-la-delegation-internationale-pour-la-paix-en-syrie-quand-pourrons-nous-rentrer\/"]}]},{"@type":"ImageObject","inLanguage":"fr-FR","@id":"https:\/\/www.pressenza.com\/fr\/2013\/05\/mission-n-1-de-la-delegation-internationale-pour-la-paix-en-syrie-quand-pourrons-nous-rentrer\/#primaryimage","url":"https:\/\/www.pressenza.com\/wp-content\/uploads\/2013\/05\/kids1.jpg","contentUrl":"https:\/\/www.pressenza.com\/wp-content\/uploads\/2013\/05\/kids1.jpg","width":275,"height":367},{"@type":"BreadcrumbList","@id":"https:\/\/www.pressenza.com\/fr\/2013\/05\/mission-n-1-de-la-delegation-internationale-pour-la-paix-en-syrie-quand-pourrons-nous-rentrer\/#breadcrumb","itemListElement":[{"@type":"ListItem","position":1,"name":"Accueil","item":"https:\/\/www.pressenza.com\/fr\/"},{"@type":"ListItem","position":2,"name":"Mission n \u00b0 1 de la d\u00e9l\u00e9gation internationale pour la paix en Syrie : Quand pourrons-nous rentrer ?"}]},{"@type":"WebSite","@id":"https:\/\/www.pressenza.com\/fr\/#website","url":"https:\/\/www.pressenza.com\/fr\/","name":"Pressenza","description":"International Press Agency","publisher":{"@id":"https:\/\/www.pressenza.com\/fr\/#organization"},"potentialAction":[{"@type":"SearchAction","target":{"@type":"EntryPoint","urlTemplate":"https:\/\/www.pressenza.com\/fr\/?s={search_term_string}"},"query-input":{"@type":"PropertyValueSpecification","valueRequired":true,"valueName":"search_term_string"}}],"inLanguage":"fr-FR"},{"@type":"Organization","@id":"https:\/\/www.pressenza.com\/fr\/#organization","name":"Pressenza","url":"https:\/\/www.pressenza.com\/fr\/","logo":{"@type":"ImageObject","inLanguage":"fr-FR","@id":"https:\/\/www.pressenza.com\/fr\/#\/schema\/logo\/image\/","url":"https:\/\/www.pressenza.com\/wp-content\/uploads\/2022\/10\/pressenza_logo_200x200.jpg","contentUrl":"https:\/\/www.pressenza.com\/wp-content\/uploads\/2022\/10\/pressenza_logo_200x200.jpg","width":200,"height":200,"caption":"Pressenza"},"image":{"@id":"https:\/\/www.pressenza.com\/fr\/#\/schema\/logo\/image\/"},"sameAs":["https:\/\/www.facebook.com\/PressenzaItalia","https:\/\/x.com\/PressenzaIPA"]},{"@type":"Person","@id":"https:\/\/www.pressenza.com\/fr\/#\/schema\/person\/8ecb5c9bb8d5e22a142a5ab0916a7e80","name":"Paul Larudee","description":"Paul Larudee, PhD (born April 25, 1946) is a San Francisco Bay Area advocate for Palestinians. He works with the International Solidarity Movement and was cofounder of the Free Gaza Movement www.freepalestinemovement.org","sameAs":["http:\/\/www.freepalestinemovement.org"],"url":"https:\/\/www.pressenza.com\/fr\/author\/paul-larudee\/"}]}},"place":"","original_article_url":"","_links":{"self":[{"href":"https:\/\/www.pressenza.com\/fr\/wp-json\/wp\/v2\/posts\/52347","targetHints":{"allow":["GET"]}}],"collection":[{"href":"https:\/\/www.pressenza.com\/fr\/wp-json\/wp\/v2\/posts"}],"about":[{"href":"https:\/\/www.pressenza.com\/fr\/wp-json\/wp\/v2\/types\/post"}],"author":[{"embeddable":true,"href":"https:\/\/www.pressenza.com\/fr\/wp-json\/wp\/v2\/users\/1003"}],"replies":[{"embeddable":true,"href":"https:\/\/www.pressenza.com\/fr\/wp-json\/wp\/v2\/comments?post=52347"}],"version-history":[{"count":0,"href":"https:\/\/www.pressenza.com\/fr\/wp-json\/wp\/v2\/posts\/52347\/revisions"}],"wp:featuredmedia":[{"embeddable":true,"href":"https:\/\/www.pressenza.com\/fr\/wp-json\/wp\/v2\/media\/52507"}],"wp:attachment":[{"href":"https:\/\/www.pressenza.com\/fr\/wp-json\/wp\/v2\/media?parent=52347"}],"wp:term":[{"taxonomy":"category","embeddable":true,"href":"https:\/\/www.pressenza.com\/fr\/wp-json\/wp\/v2\/categories?post=52347"},{"taxonomy":"post_tag","embeddable":true,"href":"https:\/\/www.pressenza.com\/fr\/wp-json\/wp\/v2\/tags?post=52347"}],"curies":[{"name":"wp","href":"https:\/\/api.w.org\/{rel}","templated":true}]}}