{"id":522603,"date":"2017-09-22T05:22:18","date_gmt":"2017-09-22T04:22:18","guid":{"rendered":"https:\/\/www.pressenza.com\/?p=522603\/"},"modified":"2019-07-28T20:00:21","modified_gmt":"2019-07-28T19:00:21","slug":"ouverture-a-signature-traite-dinterdiction-armes-nucleaires","status":"publish","type":"post","link":"https:\/\/www.pressenza.com\/fr\/2017\/09\/ouverture-a-signature-traite-dinterdiction-armes-nucleaires\/","title":{"rendered":"Ouverture \u00e0 la signature du trait\u00e9 d&rsquo;interdiction des armes nucl\u00e9aires !"},"content":{"rendered":"<h4>Le 20 septembre 2017, en marge de l\u2019Assembl\u00e9e g\u00e9n\u00e9rale des Nations unies qui a d\u00e9but\u00e9 cette semaine, 42 \u00c9tats ont sign\u00e9 le Trait\u00e9 d\u2019interdiction des armes nucl\u00e9aires (et deux l\u2019ont d\u00e9j\u00e0 ratifi\u00e9) au cours de la c\u00e9r\u00e9monie d\u2019ouverture \u00e0 la signature. La liste des \u00c9tats ayant sign\u00e9 et ratifi\u00e9 le trait\u00e9 est disponible\u00a0<a href=\"http:\/\/www.icanw.org\/status-of-the-treaty-on-the-prohibition-of-nuclear-weapons\/\" target=\"_blank\" rel=\"noopener noreferrer\">ici<\/a>.<\/h4>\n<p>Tandis que la tension continue de monter entre les \u00c9tats-Unis et la Cor\u00e9e du Nord, le risque que des armes nucl\u00e9aires soient utilis\u00e9es, avec les cons\u00e9quences humanitaires catastrophiques que cela suppose, est au plus haut. S\u2019adressant \u00e0 l\u2019Assembl\u00e9e g\u00e9n\u00e9rale, M. Trump a d\u00e9clar\u00e9 \u00ab \u202fSi les \u00c9tats-Unis sont forc\u00e9s de se d\u00e9fendre, nous n\u2019aurons pas d\u2019autres choix que de d\u00e9truire totalement la Cor\u00e9e du Nord\u202f \u00bb. La France n\u2019est pas en reste au vu du discours de M. Macron, qui parvient \u00e0 ne jamais prononcer le mot \u00ab\u00a0d\u00e9sarmement\u00a0\u00bb et affirme que \u00ab le multilat\u00e9ralisme peine \u00e0 faire face aux d\u00e9fis de la prolif\u00e9ration nucl\u00e9aire\u00a0\u00bb, alors m\u00eame que la France a toujours refus\u00e9 ces cinq derni\u00e8res ann\u00e9es de participer \u00e0 toutes les conf\u00e9rences qui ont abouti au vote d\u2019un Trait\u00e9 d\u2019interdiction des armes nucl\u00e9aires.<\/p>\n<p>Dans ce contexte, la signature du Trait\u00e9 d\u2019interdiction des armes nucl\u00e9aires permet aux autres \u00c9tats du monde d\u2019affirmer clairement leur opposition \u00e0 ces armes inhumaines et inacceptables. \u00ab\u202f Pendant des d\u00e9cennies, les armes nucl\u00e9aires sont rest\u00e9es les seules armes de destruction massive non interdites, et ce malgr\u00e9 leur pouvoir de destruction immense et le risque qu\u2019elles font peser sur l\u2019humanit\u00e9 toute enti\u00e8re. Les \u00c9tats poss\u00e9dant des armes nucl\u00e9aires continuent de menacer de les utiliser, d\u2019incin\u00e9rer nos villes et de tuer des centaines de milliers de civils. Aujourd\u2019hui, les \u00c9tats qui ont sign\u00e9 le trait\u00e9 montrent leur volont\u00e9 de lib\u00e9rer le monde des armes nucl\u00e9aires en les rendant ill\u00e9gales\u202f \u00bb a expliqu\u00e9 Beatrice Fihn, la Directrice ex\u00e9cutive d\u2019ICAN.<\/p>\n<p>Le Trait\u00e9 d\u2019interdiction des armes nucl\u00e9aires prohibe l\u2019emploi, la menace d\u2019emploi, la production, le d\u00e9veloppement, le stationnement et les essais d\u2019armes nucl\u00e9aires. Il interdit \u00e9galement toute assistance \u00e0 ces activit\u00e9s, et demande d\u2019aider les victimes et d\u2019organiser la d\u00e9pollution des zones affect\u00e9es par l\u2019utilisation ou les essais d\u2019armes nucl\u00e9aires. Avec ce trait\u00e9, les armes nucl\u00e9aires rejoignent enfin les armes biologiques et chimiques dans la cat\u00e9gorie des armes ayant \u00e9t\u00e9 d\u00e9clar\u00e9es ill\u00e9gales au regard du droit international.<\/p>\n<p>Au total, 42 \u00c9tats ont sign\u00e9 le trait\u00e9 lors de la c\u00e9r\u00e9monie d\u2019ouverture \u00e0 la signature et d\u2019autres \u00c9tats devraient venir signer ce texte dans les jours qui viennent, Le trait\u00e9 rentrera en vigueur \u00e0 la cinquanti\u00e8me ratification. \u00ab\u202f Ce trait\u00e9 marque le d\u00e9but de la fin des armes nucl\u00e9aires\u202f \u00bb a d\u00e9clar\u00e9 Setsuko Thurlow, une survivante du bombardement atomique d\u2019Hiroshima de 1945. \u00ab \u202fPour ceux d\u2019entre nous qui ont surv\u00e9cu \u00e0 l\u2019utilisation des armes nucl\u00e9aires, ce trait\u00e9 est synonyme d\u2019espoir \u202f\u00bb a-t-elle encore indiqu\u00e9.<\/p>\n<p>Ce trait\u00e9 est n\u00e9 d\u2019un processus qui a permis de ramener au centre du d\u00e9bat les cons\u00e9quences humanitaires inacceptables de ces armes. Les \u00c9tats poss\u00e9dant des armes nucl\u00e9aires, dont la France, ont boycott\u00e9 les n\u00e9gociations cherchant m\u00eame, heureusement sans succ\u00e8s, \u00e0 les faire \u00e9chouer. Malgr\u00e9 leur absence, ce trait\u00e9 indique clairement que la grande majorit\u00e9 des \u00c9tats du monde n\u2019accepte plus les armes nucl\u00e9aires et souhaite mettre en place une nouvelle norme qui puisse servir de base \u00e0 leur \u00e9limination. Comme cela a \u00e9t\u00e9 observ\u00e9 avec d\u2019autres trait\u00e9s, notamment ceux interdisant les mines anti-personnel et les armes \u00e0 sous-munitions, une norme internationale forte peut entra\u00eener des changement de politique et de comportement concrets, y compris pour les \u00c9tats ne les ayant pas sign\u00e9s.<\/p>\n","protected":false},"excerpt":{"rendered":"<p>Le 20 septembre 2017, en marge de l\u2019Assembl\u00e9e g\u00e9n\u00e9rale des Nations unies qui a d\u00e9but\u00e9 cette semaine, 42 \u00c9tats ont sign\u00e9 le Trait\u00e9 d\u2019interdiction des armes nucl\u00e9aires (et deux l\u2019ont d\u00e9j\u00e0 ratifi\u00e9) au cours de la c\u00e9r\u00e9monie d\u2019ouverture \u00e0 la&hellip;<\/p>\n","protected":false},"author":1445,"featured_media":521693,"comment_status":"closed","ping_status":"closed","sticky":false,"template":"","format":"standard","meta":{"footnotes":""},"categories":[151,40,1250],"tags":[40413,46791],"class_list":["post-522603","post","type-post","status-publish","format-standard","has-post-thumbnail","hentry","category-communique-de-presse","category-international-fr","category-paix-desarmement","tag-signature","tag-traite-sur-linterdiction-des-armes-nucleaires"],"yoast_head":"<!-- This site is optimized with the Yoast SEO plugin v27.1.1 - https:\/\/yoast.com\/product\/yoast-seo-wordpress\/ -->\n<title>Ouverture \u00e0 la signature du trait\u00e9 d&#039;interdiction des armes nucl\u00e9aires !<\/title>\n<meta name=\"description\" content=\"Le 20 septembre 2017, en marge de l\u2019Assembl\u00e9e g\u00e9n\u00e9rale des Nations unies qui a d\u00e9but\u00e9 cette semaine, 42 \u00c9tats ont sign\u00e9 le Trait\u00e9 d\u2019interdiction des armes\" \/>\n<meta name=\"robots\" content=\"index, follow, max-snippet:-1, max-image-preview:large, max-video-preview:-1\" \/>\n<link rel=\"canonical\" href=\"https:\/\/www.pressenza.com\/fr\/2017\/09\/ouverture-a-signature-traite-dinterdiction-armes-nucleaires\/\" \/>\n<meta property=\"og:locale\" content=\"fr_FR\" \/>\n<meta property=\"og:type\" content=\"article\" \/>\n<meta property=\"og:title\" content=\"Ouverture \u00e0 la signature du trait\u00e9 d&#039;interdiction des armes nucl\u00e9aires !\" \/>\n<meta property=\"og:description\" content=\"Le 20 septembre 2017, en marge de l\u2019Assembl\u00e9e g\u00e9n\u00e9rale des Nations unies qui a d\u00e9but\u00e9 cette semaine, 42 \u00c9tats ont sign\u00e9 le Trait\u00e9 d\u2019interdiction des armes\" \/>\n<meta property=\"og:url\" content=\"https:\/\/www.pressenza.com\/fr\/2017\/09\/ouverture-a-signature-traite-dinterdiction-armes-nucleaires\/\" \/>\n<meta property=\"og:site_name\" content=\"Pressenza\" \/>\n<meta property=\"article:publisher\" content=\"https:\/\/www.facebook.com\/PressenzaItalia\" \/>\n<meta property=\"article:author\" content=\"https:\/\/www.facebook.com\/ICANFrance\" \/>\n<meta property=\"article:published_time\" content=\"2017-09-22T04:22:18+00:00\" \/>\n<meta property=\"article:modified_time\" content=\"2019-07-28T19:00:21+00:00\" \/>\n<meta property=\"og:image\" content=\"https:\/\/www.pressenza.com\/wp-content\/uploads\/2017\/09\/UN.jpg\" \/>\n\t<meta property=\"og:image:width\" content=\"2048\" \/>\n\t<meta property=\"og:image:height\" content=\"1150\" \/>\n\t<meta property=\"og:image:type\" content=\"image\/jpeg\" \/>\n<meta name=\"author\" content=\"ICAN France\" \/>\n<meta name=\"twitter:card\" content=\"summary_large_image\" \/>\n<meta name=\"twitter:creator\" content=\"@ICAN_France\" \/>\n<meta name=\"twitter:site\" content=\"@PressenzaIPA\" \/>\n<meta name=\"twitter:label1\" content=\"\u00c9crit par\" \/>\n\t<meta name=\"twitter:data1\" content=\"ICAN France\" \/>\n\t<meta name=\"twitter:label2\" content=\"Dur\u00e9e de lecture estim\u00e9e\" \/>\n\t<meta name=\"twitter:data2\" content=\"3 minutes\" \/>\n<script type=\"application\/ld+json\" class=\"yoast-schema-graph\">{\"@context\":\"https:\/\/schema.org\",\"@graph\":[{\"@type\":\"Article\",\"@id\":\"https:\/\/www.pressenza.com\/fr\/2017\/09\/ouverture-a-signature-traite-dinterdiction-armes-nucleaires\/#article\",\"isPartOf\":{\"@id\":\"https:\/\/www.pressenza.com\/fr\/2017\/09\/ouverture-a-signature-traite-dinterdiction-armes-nucleaires\/\"},\"author\":{\"name\":\"ICAN France\",\"@id\":\"https:\/\/www.pressenza.com\/fr\/#\/schema\/person\/96b9a285d3cafc6df7efc2bebe3c9203\"},\"headline\":\"Ouverture \u00e0 la signature du trait\u00e9 d&rsquo;interdiction des armes nucl\u00e9aires !\",\"datePublished\":\"2017-09-22T04:22:18+00:00\",\"dateModified\":\"2019-07-28T19:00:21+00:00\",\"mainEntityOfPage\":{\"@id\":\"https:\/\/www.pressenza.com\/fr\/2017\/09\/ouverture-a-signature-traite-dinterdiction-armes-nucleaires\/\"},\"wordCount\":680,\"publisher\":{\"@id\":\"https:\/\/www.pressenza.com\/fr\/#organization\"},\"image\":{\"@id\":\"https:\/\/www.pressenza.com\/fr\/2017\/09\/ouverture-a-signature-traite-dinterdiction-armes-nucleaires\/#primaryimage\"},\"thumbnailUrl\":\"https:\/\/www.pressenza.com\/wp-content\/uploads\/2017\/09\/UN.jpg\",\"keywords\":[\"signature\",\"trait\u00e9 sur l'interdiction des armes nucl\u00e9aires\"],\"articleSection\":[\"Communiqu\u00e9s de Presse\",\"International\",\"Paix et D\u00e9sarmement\"],\"inLanguage\":\"fr-FR\"},{\"@type\":\"WebPage\",\"@id\":\"https:\/\/www.pressenza.com\/fr\/2017\/09\/ouverture-a-signature-traite-dinterdiction-armes-nucleaires\/\",\"url\":\"https:\/\/www.pressenza.com\/fr\/2017\/09\/ouverture-a-signature-traite-dinterdiction-armes-nucleaires\/\",\"name\":\"Ouverture \u00e0 la signature du trait\u00e9 d'interdiction des armes nucl\u00e9aires !\",\"isPartOf\":{\"@id\":\"https:\/\/www.pressenza.com\/fr\/#website\"},\"primaryImageOfPage\":{\"@id\":\"https:\/\/www.pressenza.com\/fr\/2017\/09\/ouverture-a-signature-traite-dinterdiction-armes-nucleaires\/#primaryimage\"},\"image\":{\"@id\":\"https:\/\/www.pressenza.com\/fr\/2017\/09\/ouverture-a-signature-traite-dinterdiction-armes-nucleaires\/#primaryimage\"},\"thumbnailUrl\":\"https:\/\/www.pressenza.com\/wp-content\/uploads\/2017\/09\/UN.jpg\",\"datePublished\":\"2017-09-22T04:22:18+00:00\",\"dateModified\":\"2019-07-28T19:00:21+00:00\",\"description\":\"Le 20 septembre 2017, en marge de l\u2019Assembl\u00e9e g\u00e9n\u00e9rale des Nations unies qui a d\u00e9but\u00e9 cette semaine, 42 \u00c9tats ont sign\u00e9 le Trait\u00e9 d\u2019interdiction des armes\",\"breadcrumb\":{\"@id\":\"https:\/\/www.pressenza.com\/fr\/2017\/09\/ouverture-a-signature-traite-dinterdiction-armes-nucleaires\/#breadcrumb\"},\"inLanguage\":\"fr-FR\",\"potentialAction\":[{\"@type\":\"ReadAction\",\"target\":[\"https:\/\/www.pressenza.com\/fr\/2017\/09\/ouverture-a-signature-traite-dinterdiction-armes-nucleaires\/\"]}]},{\"@type\":\"ImageObject\",\"inLanguage\":\"fr-FR\",\"@id\":\"https:\/\/www.pressenza.com\/fr\/2017\/09\/ouverture-a-signature-traite-dinterdiction-armes-nucleaires\/#primaryimage\",\"url\":\"https:\/\/www.pressenza.com\/wp-content\/uploads\/2017\/09\/UN.jpg\",\"contentUrl\":\"https:\/\/www.pressenza.com\/wp-content\/uploads\/2017\/09\/UN.jpg\",\"width\":2048,\"height\":1150},{\"@type\":\"BreadcrumbList\",\"@id\":\"https:\/\/www.pressenza.com\/fr\/2017\/09\/ouverture-a-signature-traite-dinterdiction-armes-nucleaires\/#breadcrumb\",\"itemListElement\":[{\"@type\":\"ListItem\",\"position\":1,\"name\":\"Accueil\",\"item\":\"https:\/\/www.pressenza.com\/fr\/\"},{\"@type\":\"ListItem\",\"position\":2,\"name\":\"Ouverture \u00e0 la signature du trait\u00e9 d&rsquo;interdiction des armes nucl\u00e9aires !\"}]},{\"@type\":\"WebSite\",\"@id\":\"https:\/\/www.pressenza.com\/fr\/#website\",\"url\":\"https:\/\/www.pressenza.com\/fr\/\",\"name\":\"Pressenza\",\"description\":\"International Press Agency\",\"publisher\":{\"@id\":\"https:\/\/www.pressenza.com\/fr\/#organization\"},\"potentialAction\":[{\"@type\":\"SearchAction\",\"target\":{\"@type\":\"EntryPoint\",\"urlTemplate\":\"https:\/\/www.pressenza.com\/fr\/?s={search_term_string}\"},\"query-input\":{\"@type\":\"PropertyValueSpecification\",\"valueRequired\":true,\"valueName\":\"search_term_string\"}}],\"inLanguage\":\"fr-FR\"},{\"@type\":\"Organization\",\"@id\":\"https:\/\/www.pressenza.com\/fr\/#organization\",\"name\":\"Pressenza\",\"url\":\"https:\/\/www.pressenza.com\/fr\/\",\"logo\":{\"@type\":\"ImageObject\",\"inLanguage\":\"fr-FR\",\"@id\":\"https:\/\/www.pressenza.com\/fr\/#\/schema\/logo\/image\/\",\"url\":\"https:\/\/www.pressenza.com\/wp-content\/uploads\/2022\/10\/pressenza_logo_200x200.jpg\",\"contentUrl\":\"https:\/\/www.pressenza.com\/wp-content\/uploads\/2022\/10\/pressenza_logo_200x200.jpg\",\"width\":200,\"height\":200,\"caption\":\"Pressenza\"},\"image\":{\"@id\":\"https:\/\/www.pressenza.com\/fr\/#\/schema\/logo\/image\/\"},\"sameAs\":[\"https:\/\/www.facebook.com\/PressenzaItalia\",\"https:\/\/x.com\/PressenzaIPA\"]},{\"@type\":\"Person\",\"@id\":\"https:\/\/www.pressenza.com\/fr\/#\/schema\/person\/96b9a285d3cafc6df7efc2bebe3c9203\",\"name\":\"ICAN France\",\"description\":\"ICAN France est le relais national de la Campagne internationale pour abolir les armes nucl\u00e9aires (ICAN), prix Nobel de la paix 2017. Cette campagne, lanc\u00e9e en 2007 regroupe plus de 600 ONG partenaires dans 103 pays. Elle vise \u00e0 mobiliser les citoyens et les gouvernements pour l\u2019universalisation et la mise en application du Trait\u00e9 sur l\u2019interdiction des armes nucl\u00e9aires (TIAN).\",\"sameAs\":[\"http:\/\/icanfrance.org\/\",\"https:\/\/www.facebook.com\/ICANFrance\",\"https:\/\/x.com\/ICAN_France\"],\"url\":\"https:\/\/www.pressenza.com\/fr\/author\/ican-france\/\"}]}<\/script>\n<!-- \/ Yoast SEO plugin. -->","yoast_head_json":{"title":"Ouverture \u00e0 la signature du trait\u00e9 d'interdiction des armes nucl\u00e9aires !","description":"Le 20 septembre 2017, en marge de l\u2019Assembl\u00e9e g\u00e9n\u00e9rale des Nations unies qui a d\u00e9but\u00e9 cette semaine, 42 \u00c9tats ont sign\u00e9 le Trait\u00e9 d\u2019interdiction des armes","robots":{"index":"index","follow":"follow","max-snippet":"max-snippet:-1","max-image-preview":"max-image-preview:large","max-video-preview":"max-video-preview:-1"},"canonical":"https:\/\/www.pressenza.com\/fr\/2017\/09\/ouverture-a-signature-traite-dinterdiction-armes-nucleaires\/","og_locale":"fr_FR","og_type":"article","og_title":"Ouverture \u00e0 la signature du trait\u00e9 d'interdiction des armes nucl\u00e9aires !","og_description":"Le 20 septembre 2017, en marge de l\u2019Assembl\u00e9e g\u00e9n\u00e9rale des Nations unies qui a d\u00e9but\u00e9 cette semaine, 42 \u00c9tats ont sign\u00e9 le Trait\u00e9 d\u2019interdiction des armes","og_url":"https:\/\/www.pressenza.com\/fr\/2017\/09\/ouverture-a-signature-traite-dinterdiction-armes-nucleaires\/","og_site_name":"Pressenza","article_publisher":"https:\/\/www.facebook.com\/PressenzaItalia","article_author":"https:\/\/www.facebook.com\/ICANFrance","article_published_time":"2017-09-22T04:22:18+00:00","article_modified_time":"2019-07-28T19:00:21+00:00","og_image":[{"width":2048,"height":1150,"url":"https:\/\/www.pressenza.com\/wp-content\/uploads\/2017\/09\/UN.jpg","type":"image\/jpeg"}],"author":"ICAN France","twitter_card":"summary_large_image","twitter_creator":"@ICAN_France","twitter_site":"@PressenzaIPA","twitter_misc":{"\u00c9crit par":"ICAN France","Dur\u00e9e de lecture estim\u00e9e":"3 minutes"},"schema":{"@context":"https:\/\/schema.org","@graph":[{"@type":"Article","@id":"https:\/\/www.pressenza.com\/fr\/2017\/09\/ouverture-a-signature-traite-dinterdiction-armes-nucleaires\/#article","isPartOf":{"@id":"https:\/\/www.pressenza.com\/fr\/2017\/09\/ouverture-a-signature-traite-dinterdiction-armes-nucleaires\/"},"author":{"name":"ICAN France","@id":"https:\/\/www.pressenza.com\/fr\/#\/schema\/person\/96b9a285d3cafc6df7efc2bebe3c9203"},"headline":"Ouverture \u00e0 la signature du trait\u00e9 d&rsquo;interdiction des armes nucl\u00e9aires !","datePublished":"2017-09-22T04:22:18+00:00","dateModified":"2019-07-28T19:00:21+00:00","mainEntityOfPage":{"@id":"https:\/\/www.pressenza.com\/fr\/2017\/09\/ouverture-a-signature-traite-dinterdiction-armes-nucleaires\/"},"wordCount":680,"publisher":{"@id":"https:\/\/www.pressenza.com\/fr\/#organization"},"image":{"@id":"https:\/\/www.pressenza.com\/fr\/2017\/09\/ouverture-a-signature-traite-dinterdiction-armes-nucleaires\/#primaryimage"},"thumbnailUrl":"https:\/\/www.pressenza.com\/wp-content\/uploads\/2017\/09\/UN.jpg","keywords":["signature","trait\u00e9 sur l'interdiction des armes nucl\u00e9aires"],"articleSection":["Communiqu\u00e9s de Presse","International","Paix et D\u00e9sarmement"],"inLanguage":"fr-FR"},{"@type":"WebPage","@id":"https:\/\/www.pressenza.com\/fr\/2017\/09\/ouverture-a-signature-traite-dinterdiction-armes-nucleaires\/","url":"https:\/\/www.pressenza.com\/fr\/2017\/09\/ouverture-a-signature-traite-dinterdiction-armes-nucleaires\/","name":"Ouverture \u00e0 la signature du trait\u00e9 d'interdiction des armes nucl\u00e9aires !","isPartOf":{"@id":"https:\/\/www.pressenza.com\/fr\/#website"},"primaryImageOfPage":{"@id":"https:\/\/www.pressenza.com\/fr\/2017\/09\/ouverture-a-signature-traite-dinterdiction-armes-nucleaires\/#primaryimage"},"image":{"@id":"https:\/\/www.pressenza.com\/fr\/2017\/09\/ouverture-a-signature-traite-dinterdiction-armes-nucleaires\/#primaryimage"},"thumbnailUrl":"https:\/\/www.pressenza.com\/wp-content\/uploads\/2017\/09\/UN.jpg","datePublished":"2017-09-22T04:22:18+00:00","dateModified":"2019-07-28T19:00:21+00:00","description":"Le 20 septembre 2017, en marge de l\u2019Assembl\u00e9e g\u00e9n\u00e9rale des Nations unies qui a d\u00e9but\u00e9 cette semaine, 42 \u00c9tats ont sign\u00e9 le Trait\u00e9 d\u2019interdiction des armes","breadcrumb":{"@id":"https:\/\/www.pressenza.com\/fr\/2017\/09\/ouverture-a-signature-traite-dinterdiction-armes-nucleaires\/#breadcrumb"},"inLanguage":"fr-FR","potentialAction":[{"@type":"ReadAction","target":["https:\/\/www.pressenza.com\/fr\/2017\/09\/ouverture-a-signature-traite-dinterdiction-armes-nucleaires\/"]}]},{"@type":"ImageObject","inLanguage":"fr-FR","@id":"https:\/\/www.pressenza.com\/fr\/2017\/09\/ouverture-a-signature-traite-dinterdiction-armes-nucleaires\/#primaryimage","url":"https:\/\/www.pressenza.com\/wp-content\/uploads\/2017\/09\/UN.jpg","contentUrl":"https:\/\/www.pressenza.com\/wp-content\/uploads\/2017\/09\/UN.jpg","width":2048,"height":1150},{"@type":"BreadcrumbList","@id":"https:\/\/www.pressenza.com\/fr\/2017\/09\/ouverture-a-signature-traite-dinterdiction-armes-nucleaires\/#breadcrumb","itemListElement":[{"@type":"ListItem","position":1,"name":"Accueil","item":"https:\/\/www.pressenza.com\/fr\/"},{"@type":"ListItem","position":2,"name":"Ouverture \u00e0 la signature du trait\u00e9 d&rsquo;interdiction des armes nucl\u00e9aires !"}]},{"@type":"WebSite","@id":"https:\/\/www.pressenza.com\/fr\/#website","url":"https:\/\/www.pressenza.com\/fr\/","name":"Pressenza","description":"International Press Agency","publisher":{"@id":"https:\/\/www.pressenza.com\/fr\/#organization"},"potentialAction":[{"@type":"SearchAction","target":{"@type":"EntryPoint","urlTemplate":"https:\/\/www.pressenza.com\/fr\/?s={search_term_string}"},"query-input":{"@type":"PropertyValueSpecification","valueRequired":true,"valueName":"search_term_string"}}],"inLanguage":"fr-FR"},{"@type":"Organization","@id":"https:\/\/www.pressenza.com\/fr\/#organization","name":"Pressenza","url":"https:\/\/www.pressenza.com\/fr\/","logo":{"@type":"ImageObject","inLanguage":"fr-FR","@id":"https:\/\/www.pressenza.com\/fr\/#\/schema\/logo\/image\/","url":"https:\/\/www.pressenza.com\/wp-content\/uploads\/2022\/10\/pressenza_logo_200x200.jpg","contentUrl":"https:\/\/www.pressenza.com\/wp-content\/uploads\/2022\/10\/pressenza_logo_200x200.jpg","width":200,"height":200,"caption":"Pressenza"},"image":{"@id":"https:\/\/www.pressenza.com\/fr\/#\/schema\/logo\/image\/"},"sameAs":["https:\/\/www.facebook.com\/PressenzaItalia","https:\/\/x.com\/PressenzaIPA"]},{"@type":"Person","@id":"https:\/\/www.pressenza.com\/fr\/#\/schema\/person\/96b9a285d3cafc6df7efc2bebe3c9203","name":"ICAN France","description":"ICAN France est le relais national de la Campagne internationale pour abolir les armes nucl\u00e9aires (ICAN), prix Nobel de la paix 2017. Cette campagne, lanc\u00e9e en 2007 regroupe plus de 600 ONG partenaires dans 103 pays. Elle vise \u00e0 mobiliser les citoyens et les gouvernements pour l\u2019universalisation et la mise en application du Trait\u00e9 sur l\u2019interdiction des armes nucl\u00e9aires (TIAN).","sameAs":["http:\/\/icanfrance.org\/","https:\/\/www.facebook.com\/ICANFrance","https:\/\/x.com\/ICAN_France"],"url":"https:\/\/www.pressenza.com\/fr\/author\/ican-france\/"}]}},"place":"Nations Unies","original_article_url":"http:\/\/icanfrance.org\/ouverture-a-signature-traite-dinterdiction-armes-nucleaires\/?#","_links":{"self":[{"href":"https:\/\/www.pressenza.com\/fr\/wp-json\/wp\/v2\/posts\/522603","targetHints":{"allow":["GET"]}}],"collection":[{"href":"https:\/\/www.pressenza.com\/fr\/wp-json\/wp\/v2\/posts"}],"about":[{"href":"https:\/\/www.pressenza.com\/fr\/wp-json\/wp\/v2\/types\/post"}],"author":[{"embeddable":true,"href":"https:\/\/www.pressenza.com\/fr\/wp-json\/wp\/v2\/users\/1445"}],"replies":[{"embeddable":true,"href":"https:\/\/www.pressenza.com\/fr\/wp-json\/wp\/v2\/comments?post=522603"}],"version-history":[{"count":0,"href":"https:\/\/www.pressenza.com\/fr\/wp-json\/wp\/v2\/posts\/522603\/revisions"}],"wp:featuredmedia":[{"embeddable":true,"href":"https:\/\/www.pressenza.com\/fr\/wp-json\/wp\/v2\/media\/521693"}],"wp:attachment":[{"href":"https:\/\/www.pressenza.com\/fr\/wp-json\/wp\/v2\/media?parent=522603"}],"wp:term":[{"taxonomy":"category","embeddable":true,"href":"https:\/\/www.pressenza.com\/fr\/wp-json\/wp\/v2\/categories?post=522603"},{"taxonomy":"post_tag","embeddable":true,"href":"https:\/\/www.pressenza.com\/fr\/wp-json\/wp\/v2\/tags?post=522603"}],"curies":[{"name":"wp","href":"https:\/\/api.w.org\/{rel}","templated":true}]}}