{"id":51870,"date":"2013-05-14T02:31:01","date_gmt":"2013-05-14T01:31:01","guid":{"rendered":"http:\/\/www.pressenza.com\/?p=51870"},"modified":"2016-04-01T00:06:11","modified_gmt":"2016-03-31T23:06:11","slug":"les-humanistes-celebrent-le-4-mai-dans-le-monde-entier-premier-parc-detude-et-de-reflexion-inaugure-en-afrique","status":"publish","type":"post","link":"https:\/\/www.pressenza.com\/fr\/2013\/05\/les-humanistes-celebrent-le-4-mai-dans-le-monde-entier-premier-parc-detude-et-de-reflexion-inaugure-en-afrique\/","title":{"rendered":"Les Humanistes c\u00e9l\u00e8brent le 4 mai dans le monde entier. Premier Parc d&rsquo;Etude et de R\u00e9flexion inaugur\u00e9 en Afrique."},"content":{"rendered":"<p><img loading=\"lazy\" decoding=\"async\" class=\"alignnone\" alt=\"\" src=\"http:\/\/www.pressenza.com\/wp-content\/uploads\/2013\/05\/parque-marracuene-600x400.jpg\" width=\"600\" height=\"400\" \/><\/p>\n<p>Photo: parquemarracuene.org<\/p>\n<p>Au cours d&rsquo;une journ\u00e9e particuli\u00e8re pour les adeptes du Nouvel Humanisme &#8211; doctrine de la Paix et de la Nonviolence \u00e9labor\u00e9e par l&rsquo;auteur argentin, philosophe et guide spirituel, Silo [Mario Rodriguez Cobos] &#8211; des c\u00e9l\u00e9brations ont eu lieu partout dans le monde pour comm\u00e9morer le 4 mai 1969. A cette date, Silo se tenait dans les contreforts du mont Aconcagua, \u00e0 la fronti\u00e8re de l&rsquo;Argentine et du Chili pour prononcer son discours, \u00ab\u00a0la Gu\u00e9rison de la souffrance\u00a0\u00bb.<\/p>\n<p>\u00ab\u00a0Seule la foi int\u00e9rieure et la m\u00e9ditation int\u00e9rieure peuvent mettre fin \u00e0 la violence en vous, en d&rsquo;autres, et dans le monde autour de vous.\u00a0\u00bb<\/p>\n<p>Ce discours, qui a failli \u00eatre interdit par les autorit\u00e9s militaires de l&rsquo;\u00e9poque, a inspir\u00e9 un mouvement mondial qui compte aujourd&rsquo;hui plus de 50 Parcs d&rsquo;\u00c9tude et de R\u00e9flexion dans le monde et aujourd&rsquo;hui, le 1er parc de ce genre a \u00e9t\u00e9 inaugur\u00e9 officiellement en Afrique, \u00e0 Marracuene, une ville \u00e0 la p\u00e9riph\u00e9rie de Maputo, capitale du Mozambique.<\/p>\n<p>Ces parcs sont ouverts au public et utilis\u00e9s par les organismes du Mouvement Humaniste : le Parti Humaniste, Monde sans Guerres et sans Violence, la Communaut\u00e9 pour le D\u00e9veloppement Humain, le Centre Mondial d&rsquo;\u00c9tudes Humanistes et la Convergence des Cultures, et par les communaut\u00e9s spirituelles du Message de Silo. Ils se trouvent \u00e0 l&rsquo;ext\u00e9rieur des grands centres urbains et ont \u00e9t\u00e9 con\u00e7us comme des havres de paix et de tranquillit\u00e9 qui, en plus de servir de point de rencontre, permettent aussi aux visiteurs de r\u00e9fl\u00e9chir \u00e0 des questions plus profondes telles que le sens et le but de la vie.<\/p>\n<p>Environ 100 amis du Mozambique, des visiteurs en provenance d&rsquo;Argentine, du Br\u00e9sil, d&rsquo;Allemagne, du Portugal, d&rsquo;Espagne, d&rsquo;Italie, d&rsquo;Islande et de Hongrie ont particip\u00e9 \u00e0 une joyeuse journ\u00e9e de c\u00e9r\u00e9monies et de visites guid\u00e9es du parc.<\/p>\n<p>L&rsquo;\u00e9v\u00e9nement parfaitement chor\u00e9graphi\u00e9 a commenc\u00e9 avec une grande entr\u00e9e au parc : franchissement du seuil qui s\u00e9pare le parc du monde ext\u00e9rieur. On a demand\u00e9 aux participants de r\u00e9fl\u00e9chir aux raisons de leur pr\u00e9sence et de se concentrer sur la satisfaction de leurs besoins v\u00e9ritables.<\/p>\n<p>En faisant le tour du parc, des citations du message de Silo ont \u00e9t\u00e9 lues et des explications ont \u00e9t\u00e9 donn\u00e9es sur les diff\u00e9rents \u00e9l\u00e9ments symboliques du parc : la salle, le monolithe, la fontaine et la st\u00e8le.<\/p>\n<p>L&rsquo;apr\u00e8s-midi, \u00ab\u00a0La Gu\u00e9rison de la souffrance\u00a0\u00bb a \u00e9t\u00e9 lu en portugais et une c\u00e9r\u00e9monie de cl\u00f4ture a \u00e9t\u00e9 organis\u00e9e pour accueillir de nouvelles personnes dans la communaut\u00e9 du Message de Silo qui est maintenant dans la 11e ann\u00e9e de son d\u00e9veloppement.<\/p>\n<p>Dans un monde o\u00f9 la violence sous toutes ses formes est en augmentation et o\u00f9 les r\u00e9f\u00e9rences sociales sont en train de s&rsquo;effondrer quotidiennement, les gens souffrent davantage de d\u00e9sorientation et manquent du sens \u00e0 donner \u00e0 leur la vie, conduisant parfois au suicide, \u00e0 la d\u00e9pendance \u00e0 la drogue et \u00e0 l&rsquo;alcool.<\/p>\n<p>Dans la crise g\u00e9n\u00e9rale, on voit aussi que les expressions religieuses traditionnelles font face \u00e0 une crise de l&rsquo;int\u00e9grisme, d&rsquo;inconduite sexuelle, de corruption et de violence qui d\u00e9tourne les gens en grand nombre, un nombre croissant de personnes se d\u00e9finissant comme ath\u00e9e ou agnostique.<\/p>\n<p>Dans cette crise de la foi, le message simple de Silo \u00ab\u00a0Traitez les autres comme vous aimeriez \u00eatre trait\u00e9\u00a0\u00bb est en r\u00e9sonance avec les gens et la m\u00e9thode du tournant non violent \u00e0 la fois personnel et social semble \u00eatre une alternative significative et convainc un public international cons\u00e9quent si l&rsquo;on en croit les 50 parcs construits au cours des 10 derni\u00e8res ann\u00e9es sur les 5 continents.<\/p>\n","protected":false},"excerpt":{"rendered":"<p>Photo: parquemarracuene.org Au cours d&rsquo;une journ\u00e9e particuli\u00e8re pour les adeptes du Nouvel Humanisme &#8211; doctrine de la Paix et de la Nonviolence \u00e9labor\u00e9e par l&rsquo;auteur argentin, philosophe et guide spirituel, Silo [Mario Rodriguez Cobos] &#8211; des c\u00e9l\u00e9brations ont eu lieu&hellip;<\/p>\n","protected":false},"author":6,"featured_media":0,"comment_status":"closed","ping_status":"open","sticky":false,"template":"","format":"standard","meta":{"footnotes":""},"categories":[1246,40],"tags":[16252,4887,4809,4943,542],"class_list":["post-51870","post","type-post","status-publish","format-standard","hentry","category-humanisme-spiritualite","category-international-fr","tag-le-message-de-silo","tag-mouvement-humaniste","tag-mozambique-en","tag-parcs-detude-et-reflexion","tag-silo"],"yoast_head":"<!-- This site is optimized with the Yoast SEO plugin v27.1.1 - https:\/\/yoast.com\/product\/yoast-seo-wordpress\/ -->\n<title>Les Humanistes c\u00e9l\u00e8brent le 4 mai dans le monde entier. Premier Parc d&#039;Etude et de R\u00e9flexion inaugur\u00e9 en Afrique.<\/title>\n<meta name=\"description\" content=\"Photo: parquemarracuene.org Au cours d&#039;une journ\u00e9e particuli\u00e8re pour les adeptes du Nouvel Humanisme - doctrine de la Paix et de la Nonviolence \u00e9labor\u00e9e\" \/>\n<meta name=\"robots\" content=\"index, follow, max-snippet:-1, max-image-preview:large, max-video-preview:-1\" \/>\n<link rel=\"canonical\" href=\"https:\/\/www.pressenza.com\/fr\/2013\/05\/les-humanistes-celebrent-le-4-mai-dans-le-monde-entier-premier-parc-detude-et-de-reflexion-inaugure-en-afrique\/\" \/>\n<meta property=\"og:locale\" content=\"fr_FR\" \/>\n<meta property=\"og:type\" content=\"article\" \/>\n<meta property=\"og:title\" content=\"Les Humanistes c\u00e9l\u00e8brent le 4 mai dans le monde entier. Premier Parc d&#039;Etude et de R\u00e9flexion inaugur\u00e9 en Afrique.\" \/>\n<meta property=\"og:description\" content=\"Photo: parquemarracuene.org Au cours d&#039;une journ\u00e9e particuli\u00e8re pour les adeptes du Nouvel Humanisme - doctrine de la Paix et de la Nonviolence \u00e9labor\u00e9e\" \/>\n<meta property=\"og:url\" content=\"https:\/\/www.pressenza.com\/fr\/2013\/05\/les-humanistes-celebrent-le-4-mai-dans-le-monde-entier-premier-parc-detude-et-de-reflexion-inaugure-en-afrique\/\" \/>\n<meta property=\"og:site_name\" content=\"Pressenza\" \/>\n<meta property=\"article:publisher\" content=\"https:\/\/www.facebook.com\/PressenzaItalia\" \/>\n<meta property=\"article:published_time\" content=\"2013-05-14T01:31:01+00:00\" \/>\n<meta property=\"article:modified_time\" content=\"2016-03-31T23:06:11+00:00\" \/>\n<meta property=\"og:image\" content=\"http:\/\/www.pressenza.com\/wp-content\/uploads\/2013\/05\/parque-marracuene-600x400.jpg\" \/>\n<meta name=\"author\" content=\"Tony Robinson\" \/>\n<meta name=\"twitter:card\" content=\"summary_large_image\" \/>\n<meta name=\"twitter:creator\" content=\"@TonyRobinson6\" \/>\n<meta name=\"twitter:site\" content=\"@PressenzaIPA\" \/>\n<meta name=\"twitter:label1\" content=\"\u00c9crit par\" \/>\n\t<meta name=\"twitter:data1\" content=\"Tony Robinson\" \/>\n\t<meta name=\"twitter:label2\" content=\"Dur\u00e9e de lecture estim\u00e9e\" \/>\n\t<meta name=\"twitter:data2\" content=\"3 minutes\" \/>\n<script type=\"application\/ld+json\" class=\"yoast-schema-graph\">{\"@context\":\"https:\/\/schema.org\",\"@graph\":[{\"@type\":\"Article\",\"@id\":\"https:\/\/www.pressenza.com\/fr\/2013\/05\/les-humanistes-celebrent-le-4-mai-dans-le-monde-entier-premier-parc-detude-et-de-reflexion-inaugure-en-afrique\/#article\",\"isPartOf\":{\"@id\":\"https:\/\/www.pressenza.com\/fr\/2013\/05\/les-humanistes-celebrent-le-4-mai-dans-le-monde-entier-premier-parc-detude-et-de-reflexion-inaugure-en-afrique\/\"},\"author\":{\"name\":\"Tony Robinson\",\"@id\":\"https:\/\/www.pressenza.com\/fr\/#\/schema\/person\/a96a2ff6530dbb8bcf9ec001febc4af4\"},\"headline\":\"Les Humanistes c\u00e9l\u00e8brent le 4 mai dans le monde entier. Premier Parc d&rsquo;Etude et de R\u00e9flexion inaugur\u00e9 en Afrique.\",\"datePublished\":\"2013-05-14T01:31:01+00:00\",\"dateModified\":\"2016-03-31T23:06:11+00:00\",\"mainEntityOfPage\":{\"@id\":\"https:\/\/www.pressenza.com\/fr\/2013\/05\/les-humanistes-celebrent-le-4-mai-dans-le-monde-entier-premier-parc-detude-et-de-reflexion-inaugure-en-afrique\/\"},\"wordCount\":669,\"publisher\":{\"@id\":\"https:\/\/www.pressenza.com\/fr\/#organization\"},\"image\":{\"@id\":\"https:\/\/www.pressenza.com\/fr\/2013\/05\/les-humanistes-celebrent-le-4-mai-dans-le-monde-entier-premier-parc-detude-et-de-reflexion-inaugure-en-afrique\/#primaryimage\"},\"thumbnailUrl\":\"http:\/\/www.pressenza.com\/wp-content\/uploads\/2013\/05\/parque-marracuene-600x400.jpg\",\"keywords\":[\"Le Message de Silo\",\"Mouvement humaniste\",\"Mozambique\",\"Parcs d'Etude et R\u00e9flexion\",\"Silo\"],\"articleSection\":[\"Humanisme et Spiritualit\u00e9\",\"International\"],\"inLanguage\":\"fr-FR\"},{\"@type\":\"WebPage\",\"@id\":\"https:\/\/www.pressenza.com\/fr\/2013\/05\/les-humanistes-celebrent-le-4-mai-dans-le-monde-entier-premier-parc-detude-et-de-reflexion-inaugure-en-afrique\/\",\"url\":\"https:\/\/www.pressenza.com\/fr\/2013\/05\/les-humanistes-celebrent-le-4-mai-dans-le-monde-entier-premier-parc-detude-et-de-reflexion-inaugure-en-afrique\/\",\"name\":\"Les Humanistes c\u00e9l\u00e8brent le 4 mai dans le monde entier. Premier Parc d'Etude et de R\u00e9flexion inaugur\u00e9 en Afrique.\",\"isPartOf\":{\"@id\":\"https:\/\/www.pressenza.com\/fr\/#website\"},\"primaryImageOfPage\":{\"@id\":\"https:\/\/www.pressenza.com\/fr\/2013\/05\/les-humanistes-celebrent-le-4-mai-dans-le-monde-entier-premier-parc-detude-et-de-reflexion-inaugure-en-afrique\/#primaryimage\"},\"image\":{\"@id\":\"https:\/\/www.pressenza.com\/fr\/2013\/05\/les-humanistes-celebrent-le-4-mai-dans-le-monde-entier-premier-parc-detude-et-de-reflexion-inaugure-en-afrique\/#primaryimage\"},\"thumbnailUrl\":\"http:\/\/www.pressenza.com\/wp-content\/uploads\/2013\/05\/parque-marracuene-600x400.jpg\",\"datePublished\":\"2013-05-14T01:31:01+00:00\",\"dateModified\":\"2016-03-31T23:06:11+00:00\",\"description\":\"Photo: parquemarracuene.org Au cours d'une journ\u00e9e particuli\u00e8re pour les adeptes du Nouvel Humanisme - doctrine de la Paix et de la Nonviolence \u00e9labor\u00e9e\",\"breadcrumb\":{\"@id\":\"https:\/\/www.pressenza.com\/fr\/2013\/05\/les-humanistes-celebrent-le-4-mai-dans-le-monde-entier-premier-parc-detude-et-de-reflexion-inaugure-en-afrique\/#breadcrumb\"},\"inLanguage\":\"fr-FR\",\"potentialAction\":[{\"@type\":\"ReadAction\",\"target\":[\"https:\/\/www.pressenza.com\/fr\/2013\/05\/les-humanistes-celebrent-le-4-mai-dans-le-monde-entier-premier-parc-detude-et-de-reflexion-inaugure-en-afrique\/\"]}]},{\"@type\":\"ImageObject\",\"inLanguage\":\"fr-FR\",\"@id\":\"https:\/\/www.pressenza.com\/fr\/2013\/05\/les-humanistes-celebrent-le-4-mai-dans-le-monde-entier-premier-parc-detude-et-de-reflexion-inaugure-en-afrique\/#primaryimage\",\"url\":\"http:\/\/www.pressenza.com\/wp-content\/uploads\/2013\/05\/parque-marracuene-600x400.jpg\",\"contentUrl\":\"http:\/\/www.pressenza.com\/wp-content\/uploads\/2013\/05\/parque-marracuene-600x400.jpg\"},{\"@type\":\"BreadcrumbList\",\"@id\":\"https:\/\/www.pressenza.com\/fr\/2013\/05\/les-humanistes-celebrent-le-4-mai-dans-le-monde-entier-premier-parc-detude-et-de-reflexion-inaugure-en-afrique\/#breadcrumb\",\"itemListElement\":[{\"@type\":\"ListItem\",\"position\":1,\"name\":\"Accueil\",\"item\":\"https:\/\/www.pressenza.com\/fr\/\"},{\"@type\":\"ListItem\",\"position\":2,\"name\":\"Les Humanistes c\u00e9l\u00e8brent le 4 mai dans le monde entier. Premier Parc d&rsquo;Etude et de R\u00e9flexion inaugur\u00e9 en Afrique.\"}]},{\"@type\":\"WebSite\",\"@id\":\"https:\/\/www.pressenza.com\/fr\/#website\",\"url\":\"https:\/\/www.pressenza.com\/fr\/\",\"name\":\"Pressenza\",\"description\":\"International Press Agency\",\"publisher\":{\"@id\":\"https:\/\/www.pressenza.com\/fr\/#organization\"},\"potentialAction\":[{\"@type\":\"SearchAction\",\"target\":{\"@type\":\"EntryPoint\",\"urlTemplate\":\"https:\/\/www.pressenza.com\/fr\/?s={search_term_string}\"},\"query-input\":{\"@type\":\"PropertyValueSpecification\",\"valueRequired\":true,\"valueName\":\"search_term_string\"}}],\"inLanguage\":\"fr-FR\"},{\"@type\":\"Organization\",\"@id\":\"https:\/\/www.pressenza.com\/fr\/#organization\",\"name\":\"Pressenza\",\"url\":\"https:\/\/www.pressenza.com\/fr\/\",\"logo\":{\"@type\":\"ImageObject\",\"inLanguage\":\"fr-FR\",\"@id\":\"https:\/\/www.pressenza.com\/fr\/#\/schema\/logo\/image\/\",\"url\":\"https:\/\/www.pressenza.com\/wp-content\/uploads\/2022\/10\/pressenza_logo_200x200.jpg\",\"contentUrl\":\"https:\/\/www.pressenza.com\/wp-content\/uploads\/2022\/10\/pressenza_logo_200x200.jpg\",\"width\":200,\"height\":200,\"caption\":\"Pressenza\"},\"image\":{\"@id\":\"https:\/\/www.pressenza.com\/fr\/#\/schema\/logo\/image\/\"},\"sameAs\":[\"https:\/\/www.facebook.com\/PressenzaItalia\",\"https:\/\/x.com\/PressenzaIPA\"]},{\"@type\":\"Person\",\"@id\":\"https:\/\/www.pressenza.com\/fr\/#\/schema\/person\/a96a2ff6530dbb8bcf9ec001febc4af4\",\"name\":\"Tony Robinson\",\"description\":\"Humanist Movement Activist, ex-Director of the Middle East Treaty Organization and coordinating committee member of Abolition 2000 - Global Network to Eliminate Nuclear Weapons, author of the book \\\"Coffee with Silo and the quest for meaning in life\\\" and producer of the film \\\"The Beginning of the End of Nuclear Weapons\\\".\",\"sameAs\":[\"https:\/\/x.com\/TonyRobinson6\"],\"url\":\"https:\/\/www.pressenza.com\/fr\/author\/tony-robinson\/\"}]}<\/script>\n<!-- \/ Yoast SEO plugin. -->","yoast_head_json":{"title":"Les Humanistes c\u00e9l\u00e8brent le 4 mai dans le monde entier. Premier Parc d'Etude et de R\u00e9flexion inaugur\u00e9 en Afrique.","description":"Photo: parquemarracuene.org Au cours d'une journ\u00e9e particuli\u00e8re pour les adeptes du Nouvel Humanisme - doctrine de la Paix et de la Nonviolence \u00e9labor\u00e9e","robots":{"index":"index","follow":"follow","max-snippet":"max-snippet:-1","max-image-preview":"max-image-preview:large","max-video-preview":"max-video-preview:-1"},"canonical":"https:\/\/www.pressenza.com\/fr\/2013\/05\/les-humanistes-celebrent-le-4-mai-dans-le-monde-entier-premier-parc-detude-et-de-reflexion-inaugure-en-afrique\/","og_locale":"fr_FR","og_type":"article","og_title":"Les Humanistes c\u00e9l\u00e8brent le 4 mai dans le monde entier. Premier Parc d'Etude et de R\u00e9flexion inaugur\u00e9 en Afrique.","og_description":"Photo: parquemarracuene.org Au cours d'une journ\u00e9e particuli\u00e8re pour les adeptes du Nouvel Humanisme - doctrine de la Paix et de la Nonviolence \u00e9labor\u00e9e","og_url":"https:\/\/www.pressenza.com\/fr\/2013\/05\/les-humanistes-celebrent-le-4-mai-dans-le-monde-entier-premier-parc-detude-et-de-reflexion-inaugure-en-afrique\/","og_site_name":"Pressenza","article_publisher":"https:\/\/www.facebook.com\/PressenzaItalia","article_published_time":"2013-05-14T01:31:01+00:00","article_modified_time":"2016-03-31T23:06:11+00:00","og_image":[{"url":"http:\/\/www.pressenza.com\/wp-content\/uploads\/2013\/05\/parque-marracuene-600x400.jpg","type":"","width":"","height":""}],"author":"Tony Robinson","twitter_card":"summary_large_image","twitter_creator":"@TonyRobinson6","twitter_site":"@PressenzaIPA","twitter_misc":{"\u00c9crit par":"Tony Robinson","Dur\u00e9e de lecture estim\u00e9e":"3 minutes"},"schema":{"@context":"https:\/\/schema.org","@graph":[{"@type":"Article","@id":"https:\/\/www.pressenza.com\/fr\/2013\/05\/les-humanistes-celebrent-le-4-mai-dans-le-monde-entier-premier-parc-detude-et-de-reflexion-inaugure-en-afrique\/#article","isPartOf":{"@id":"https:\/\/www.pressenza.com\/fr\/2013\/05\/les-humanistes-celebrent-le-4-mai-dans-le-monde-entier-premier-parc-detude-et-de-reflexion-inaugure-en-afrique\/"},"author":{"name":"Tony Robinson","@id":"https:\/\/www.pressenza.com\/fr\/#\/schema\/person\/a96a2ff6530dbb8bcf9ec001febc4af4"},"headline":"Les Humanistes c\u00e9l\u00e8brent le 4 mai dans le monde entier. Premier Parc d&rsquo;Etude et de R\u00e9flexion inaugur\u00e9 en Afrique.","datePublished":"2013-05-14T01:31:01+00:00","dateModified":"2016-03-31T23:06:11+00:00","mainEntityOfPage":{"@id":"https:\/\/www.pressenza.com\/fr\/2013\/05\/les-humanistes-celebrent-le-4-mai-dans-le-monde-entier-premier-parc-detude-et-de-reflexion-inaugure-en-afrique\/"},"wordCount":669,"publisher":{"@id":"https:\/\/www.pressenza.com\/fr\/#organization"},"image":{"@id":"https:\/\/www.pressenza.com\/fr\/2013\/05\/les-humanistes-celebrent-le-4-mai-dans-le-monde-entier-premier-parc-detude-et-de-reflexion-inaugure-en-afrique\/#primaryimage"},"thumbnailUrl":"http:\/\/www.pressenza.com\/wp-content\/uploads\/2013\/05\/parque-marracuene-600x400.jpg","keywords":["Le Message de Silo","Mouvement humaniste","Mozambique","Parcs d'Etude et R\u00e9flexion","Silo"],"articleSection":["Humanisme et Spiritualit\u00e9","International"],"inLanguage":"fr-FR"},{"@type":"WebPage","@id":"https:\/\/www.pressenza.com\/fr\/2013\/05\/les-humanistes-celebrent-le-4-mai-dans-le-monde-entier-premier-parc-detude-et-de-reflexion-inaugure-en-afrique\/","url":"https:\/\/www.pressenza.com\/fr\/2013\/05\/les-humanistes-celebrent-le-4-mai-dans-le-monde-entier-premier-parc-detude-et-de-reflexion-inaugure-en-afrique\/","name":"Les Humanistes c\u00e9l\u00e8brent le 4 mai dans le monde entier. Premier Parc d'Etude et de R\u00e9flexion inaugur\u00e9 en Afrique.","isPartOf":{"@id":"https:\/\/www.pressenza.com\/fr\/#website"},"primaryImageOfPage":{"@id":"https:\/\/www.pressenza.com\/fr\/2013\/05\/les-humanistes-celebrent-le-4-mai-dans-le-monde-entier-premier-parc-detude-et-de-reflexion-inaugure-en-afrique\/#primaryimage"},"image":{"@id":"https:\/\/www.pressenza.com\/fr\/2013\/05\/les-humanistes-celebrent-le-4-mai-dans-le-monde-entier-premier-parc-detude-et-de-reflexion-inaugure-en-afrique\/#primaryimage"},"thumbnailUrl":"http:\/\/www.pressenza.com\/wp-content\/uploads\/2013\/05\/parque-marracuene-600x400.jpg","datePublished":"2013-05-14T01:31:01+00:00","dateModified":"2016-03-31T23:06:11+00:00","description":"Photo: parquemarracuene.org Au cours d'une journ\u00e9e particuli\u00e8re pour les adeptes du Nouvel Humanisme - doctrine de la Paix et de la Nonviolence \u00e9labor\u00e9e","breadcrumb":{"@id":"https:\/\/www.pressenza.com\/fr\/2013\/05\/les-humanistes-celebrent-le-4-mai-dans-le-monde-entier-premier-parc-detude-et-de-reflexion-inaugure-en-afrique\/#breadcrumb"},"inLanguage":"fr-FR","potentialAction":[{"@type":"ReadAction","target":["https:\/\/www.pressenza.com\/fr\/2013\/05\/les-humanistes-celebrent-le-4-mai-dans-le-monde-entier-premier-parc-detude-et-de-reflexion-inaugure-en-afrique\/"]}]},{"@type":"ImageObject","inLanguage":"fr-FR","@id":"https:\/\/www.pressenza.com\/fr\/2013\/05\/les-humanistes-celebrent-le-4-mai-dans-le-monde-entier-premier-parc-detude-et-de-reflexion-inaugure-en-afrique\/#primaryimage","url":"http:\/\/www.pressenza.com\/wp-content\/uploads\/2013\/05\/parque-marracuene-600x400.jpg","contentUrl":"http:\/\/www.pressenza.com\/wp-content\/uploads\/2013\/05\/parque-marracuene-600x400.jpg"},{"@type":"BreadcrumbList","@id":"https:\/\/www.pressenza.com\/fr\/2013\/05\/les-humanistes-celebrent-le-4-mai-dans-le-monde-entier-premier-parc-detude-et-de-reflexion-inaugure-en-afrique\/#breadcrumb","itemListElement":[{"@type":"ListItem","position":1,"name":"Accueil","item":"https:\/\/www.pressenza.com\/fr\/"},{"@type":"ListItem","position":2,"name":"Les Humanistes c\u00e9l\u00e8brent le 4 mai dans le monde entier. Premier Parc d&rsquo;Etude et de R\u00e9flexion inaugur\u00e9 en Afrique."}]},{"@type":"WebSite","@id":"https:\/\/www.pressenza.com\/fr\/#website","url":"https:\/\/www.pressenza.com\/fr\/","name":"Pressenza","description":"International Press Agency","publisher":{"@id":"https:\/\/www.pressenza.com\/fr\/#organization"},"potentialAction":[{"@type":"SearchAction","target":{"@type":"EntryPoint","urlTemplate":"https:\/\/www.pressenza.com\/fr\/?s={search_term_string}"},"query-input":{"@type":"PropertyValueSpecification","valueRequired":true,"valueName":"search_term_string"}}],"inLanguage":"fr-FR"},{"@type":"Organization","@id":"https:\/\/www.pressenza.com\/fr\/#organization","name":"Pressenza","url":"https:\/\/www.pressenza.com\/fr\/","logo":{"@type":"ImageObject","inLanguage":"fr-FR","@id":"https:\/\/www.pressenza.com\/fr\/#\/schema\/logo\/image\/","url":"https:\/\/www.pressenza.com\/wp-content\/uploads\/2022\/10\/pressenza_logo_200x200.jpg","contentUrl":"https:\/\/www.pressenza.com\/wp-content\/uploads\/2022\/10\/pressenza_logo_200x200.jpg","width":200,"height":200,"caption":"Pressenza"},"image":{"@id":"https:\/\/www.pressenza.com\/fr\/#\/schema\/logo\/image\/"},"sameAs":["https:\/\/www.facebook.com\/PressenzaItalia","https:\/\/x.com\/PressenzaIPA"]},{"@type":"Person","@id":"https:\/\/www.pressenza.com\/fr\/#\/schema\/person\/a96a2ff6530dbb8bcf9ec001febc4af4","name":"Tony Robinson","description":"Humanist Movement Activist, ex-Director of the Middle East Treaty Organization and coordinating committee member of Abolition 2000 - Global Network to Eliminate Nuclear Weapons, author of the book \"Coffee with Silo and the quest for meaning in life\" and producer of the film \"The Beginning of the End of Nuclear Weapons\".","sameAs":["https:\/\/x.com\/TonyRobinson6"],"url":"https:\/\/www.pressenza.com\/fr\/author\/tony-robinson\/"}]}},"place":"Marracuene, Mozambique","original_article_url":"","_links":{"self":[{"href":"https:\/\/www.pressenza.com\/fr\/wp-json\/wp\/v2\/posts\/51870","targetHints":{"allow":["GET"]}}],"collection":[{"href":"https:\/\/www.pressenza.com\/fr\/wp-json\/wp\/v2\/posts"}],"about":[{"href":"https:\/\/www.pressenza.com\/fr\/wp-json\/wp\/v2\/types\/post"}],"author":[{"embeddable":true,"href":"https:\/\/www.pressenza.com\/fr\/wp-json\/wp\/v2\/users\/6"}],"replies":[{"embeddable":true,"href":"https:\/\/www.pressenza.com\/fr\/wp-json\/wp\/v2\/comments?post=51870"}],"version-history":[{"count":0,"href":"https:\/\/www.pressenza.com\/fr\/wp-json\/wp\/v2\/posts\/51870\/revisions"}],"wp:attachment":[{"href":"https:\/\/www.pressenza.com\/fr\/wp-json\/wp\/v2\/media?parent=51870"}],"wp:term":[{"taxonomy":"category","embeddable":true,"href":"https:\/\/www.pressenza.com\/fr\/wp-json\/wp\/v2\/categories?post=51870"},{"taxonomy":"post_tag","embeddable":true,"href":"https:\/\/www.pressenza.com\/fr\/wp-json\/wp\/v2\/tags?post=51870"}],"curies":[{"name":"wp","href":"https:\/\/api.w.org\/{rel}","templated":true}]}}