{"id":51737,"date":"2013-05-13T23:33:11","date_gmt":"2013-05-13T22:33:11","guid":{"rendered":"http:\/\/www.pressenza.com\/?p=51737"},"modified":"2013-05-14T02:20:55","modified_gmt":"2013-05-14T01:20:55","slug":"le-zambie-prie-de-liberer-deux-jeunes-hommes-poursuivis-pour-homosexualite","status":"publish","type":"post","link":"https:\/\/www.pressenza.com\/fr\/2013\/05\/le-zambie-prie-de-liberer-deux-jeunes-hommes-poursuivis-pour-homosexualite\/","title":{"rendered":"Le Zambie pri\u00e9 de lib\u00e9rer deux jeunes hommes poursuivis pour homosexualit\u00e9"},"content":{"rendered":"<p>Amnesty International d\u00e9clare que les autorit\u00e9s zambiennes doivent lib\u00e9rer imm\u00e9diatement deux jeunes hommes qui se sont vus refuser leur mise en libert\u00e9 sous caution apr\u00e8s avoir \u00e9t\u00e9 arr\u00eat\u00e9s pour avoir fait l&rsquo;amour \u00ab\u00a0contre les lois de la nature\u00a0\u00bb.<\/p>\n<p>Selon les m\u00e9dias du pays, la police de Kapiri Mposhi, au centre du Zambie, a arr\u00eat\u00e9 lundi Phil Mubiana et James Mwansa, tous deux \u00e2g\u00e9s de 21 ans, dans le village de Ndeke. Certaines sources ont indiqu\u00e9 \u00e0 Amnesty International que l&rsquo;un des voisins du jeune homme les aurait d\u00e9nonc\u00e9s \u00e0 la police, les faisant ainsi arr\u00eater pour homosexualit\u00e9 pr\u00e9sum\u00e9e. L&rsquo;homosexualit\u00e9 est en effet consid\u00e9r\u00e9e comme un crime dans le code p\u00e9nal zambien.<\/p>\n<p>\u00ab\u00a0L&rsquo;arrestation de ces deux hommes pour leur orientation sexuelle, r\u00e9elle ou pr\u00e9sum\u00e9e, est une discrimination et une violation de leurs droits \u00e0 la libert\u00e9 de conscience, d&rsquo;expression et d&rsquo;intimit\u00e9. Les lois qui rendent criminelles l&rsquo;homosexualit\u00e9 et l&rsquo;identit\u00e9 des genres rendent \u00e9galement criminel l&rsquo;exercice l\u00e9gitime des droits de l&rsquo;Homme, qui sont prot\u00e9g\u00e9s par des trait\u00e9s ratifi\u00e9s par le Zambie. C&rsquo;est le cas du Pacte International relatif aux Droits Civils et Politiques et de la Charte Africaine des Droits de l&rsquo;Homme et des Peuples\u00a0\u00bb, reporte Simeon Mawanza, chercheur chez Amnesty International au Zambie.<\/p>\n<p>Selon des sources d&rsquo;Amnesty International, les deux hommes ont un niveau d&rsquo;\u00e9ducation bas et une pauvre compr\u00e9hension du syst\u00e8me l\u00e9gal zambien ou de leurs droits personnels. Les autorit\u00e9s auraient soumis les hommes \u00e0 un examen anal sans leur consentement, et les auraient oblig\u00e9s \u00e0 faire des aveux pour acc\u00e9l\u00e9rer le proc\u00e8s.<\/p>\n<p>\u00ab\u00a0L&rsquo;examen anal qui a \u00e9t\u00e9 pratiqu\u00e9 pour prouver la conduite homosexuelle est scientifiquement invalid\u00e9. Par ailleurs, s&rsquo;il\u00a0a \u00e9t\u00e9 effectu\u00e9 sans l&rsquo;accord des deux hommes, il enfreint l&rsquo;interdiction absolue de torture, de traitement cruel, inhumain et\u00a0d\u00e9gradant, ou de punition pr\u00e9vue par les lois internationales\u00a0\u00bb, continue Simeon Mawanza.<\/p>\n<p>\u00ab\u00a0Un tel examen est hautement invasif, abusif, et profond\u00e9ment humiliant. De plus, les m\u00e9decins qui effectuent ces examens, par la force, violent leurs obligations \u00e9thiques envers les gens qu&rsquo;ils examinent. Toute personne qui aurait subi de tels abus devrait avoir le droit de recevoir un recours appropri\u00e9 et devrait \u00eatre prot\u00e9g\u00e9e de tout autre mauvais traitement\u00a0\u00bb.<\/p>\n<p>Les deux hommes auraient \u00e9t\u00e9 arr\u00eat\u00e9s une premi\u00e8re fois le 25 avril 2013 et d\u00e9tenus au poste de police de Kapiri Mposhi. La police les aurait rel\u00e2ch\u00e9s sous caution le 2 mai.<\/p>\n<p>Depuis qu&rsquo;ils sont \u00e0 nouveau d\u00e9tenus, les deux jeunes hommes ont le droit de voir un avocat, et ils ont plaid\u00e9 non coupable aux charges retenues contre eux. Ils se trouvent \u00e0 la prison de Mpima Remand et devraient \u00eatre jug\u00e9s avant le 22 mai.<\/p>\n<p>Il est fort \u00e0 parier qu&rsquo;ils aient \u00e9t\u00e9 d\u00e9tenus dans une cellule surpeupl\u00e9e \u00e0 Kapiri Mposhi et qu&rsquo;on leur ait refus\u00e9 tout acc\u00e8s\u00a0\u00e0 l&rsquo;eau et \u00e0 la nourriture pendant environ 12 heures.<\/p>\n<p>\u00ab\u00a0Amnesty International consid\u00e8re l&#8217;emprisonnement d&rsquo;individus pour leur seule sexualit\u00e9 priv\u00e9e comme des prisonniers de conscience, et ils appellent \u00e0 leur lib\u00e9ration imm\u00e9diate et sans conditions\u00a0\u00bb, rapporte Simeon Mawanza.<\/p>\n<p>Cette arrestation \u00e0 Kapiri Mposhi est le deuxi\u00e8me exemple r\u00e9cent d&rsquo;arrestation men\u00e9e par les autorit\u00e9s zambiennes pour supprimer les minorit\u00e9s sexuelles et leurs soutiens.<\/p>\n<p>Le mois dernier, \u00e0 Lusaka, un activiste des Droits de l&rsquo;Homme a \u00e9t\u00e9 arr\u00eat\u00e9 apr\u00e8s avoir soutenu ouvertement \u00e0 la t\u00e9l\u00e9vision les droits des LGBTI. Il a \u00e9t\u00e9 mis en libert\u00e9 sous caution.<\/p>\n<p>Traduction de l&rsquo;anglais : Fr\u00e9d\u00e9rique Drouet<\/p>\n","protected":false},"excerpt":{"rendered":"<p>Amnesty International d\u00e9clare que les autorit\u00e9s zambiennes doivent lib\u00e9rer imm\u00e9diatement deux jeunes hommes qui se sont vus refuser leur mise en libert\u00e9 sous caution apr\u00e8s avoir \u00e9t\u00e9 arr\u00eat\u00e9s pour avoir fait l&rsquo;amour \u00ab\u00a0contre les lois de la nature\u00a0\u00bb. Selon les&hellip;<\/p>\n","protected":false},"author":432,"featured_media":51811,"comment_status":"closed","ping_status":"open","sticky":false,"template":"","format":"standard","meta":{"footnotes":""},"categories":[83,98],"tags":[1528,4942],"class_list":["post-51737","post","type-post","status-publish","format-standard","has-post-thumbnail","hentry","category-africa-fr","category-droits-de-lhomme","tag-lgbt-fr","tag-zambie"],"yoast_head":"<!-- This site is optimized with the Yoast SEO plugin v27.1.1 - https:\/\/yoast.com\/product\/yoast-seo-wordpress\/ -->\n<title>Le Zambie pri\u00e9 de lib\u00e9rer deux jeunes hommes poursuivis pour homosexualit\u00e9<\/title>\n<meta name=\"description\" content=\"Amnesty International d\u00e9clare que les autorit\u00e9s zambiennes doivent lib\u00e9rer imm\u00e9diatement deux jeunes hommes qui se sont vus refuser leur mise en libert\u00e9\" \/>\n<meta name=\"robots\" content=\"index, follow, max-snippet:-1, max-image-preview:large, max-video-preview:-1\" \/>\n<link rel=\"canonical\" href=\"https:\/\/www.pressenza.com\/fr\/2013\/05\/le-zambie-prie-de-liberer-deux-jeunes-hommes-poursuivis-pour-homosexualite\/\" \/>\n<meta property=\"og:locale\" content=\"fr_FR\" \/>\n<meta property=\"og:type\" content=\"article\" \/>\n<meta property=\"og:title\" content=\"Le Zambie pri\u00e9 de lib\u00e9rer deux jeunes hommes poursuivis pour homosexualit\u00e9\" \/>\n<meta property=\"og:description\" content=\"Amnesty International d\u00e9clare que les autorit\u00e9s zambiennes doivent lib\u00e9rer imm\u00e9diatement deux jeunes hommes qui se sont vus refuser leur mise en libert\u00e9\" \/>\n<meta property=\"og:url\" content=\"https:\/\/www.pressenza.com\/fr\/2013\/05\/le-zambie-prie-de-liberer-deux-jeunes-hommes-poursuivis-pour-homosexualite\/\" \/>\n<meta property=\"og:site_name\" content=\"Pressenza\" \/>\n<meta property=\"article:publisher\" content=\"https:\/\/www.facebook.com\/PressenzaItalia\" \/>\n<meta property=\"article:author\" content=\"https:\/\/www.facebook.com\/amnestyglobal\" \/>\n<meta property=\"article:published_time\" content=\"2013-05-13T22:33:11+00:00\" \/>\n<meta property=\"article:modified_time\" content=\"2013-05-14T01:20:55+00:00\" \/>\n<meta property=\"og:image\" content=\"https:\/\/www.pressenza.com\/wp-content\/uploads\/2013\/05\/admin-ajax.php_.jpeg\" \/>\n\t<meta property=\"og:image:width\" content=\"400\" \/>\n\t<meta property=\"og:image:height\" content=\"200\" \/>\n\t<meta property=\"og:image:type\" content=\"image\/jpeg\" \/>\n<meta name=\"author\" content=\"Amnesty International\" \/>\n<meta name=\"twitter:card\" content=\"summary_large_image\" \/>\n<meta name=\"twitter:creator\" content=\"@amnesty\" \/>\n<meta name=\"twitter:site\" content=\"@PressenzaIPA\" \/>\n<meta name=\"twitter:label1\" content=\"\u00c9crit par\" \/>\n\t<meta name=\"twitter:data1\" content=\"Amnesty International\" \/>\n\t<meta name=\"twitter:label2\" content=\"Dur\u00e9e de lecture estim\u00e9e\" \/>\n\t<meta name=\"twitter:data2\" content=\"3 minutes\" \/>\n<script type=\"application\/ld+json\" class=\"yoast-schema-graph\">{\"@context\":\"https:\/\/schema.org\",\"@graph\":[{\"@type\":\"Article\",\"@id\":\"https:\/\/www.pressenza.com\/fr\/2013\/05\/le-zambie-prie-de-liberer-deux-jeunes-hommes-poursuivis-pour-homosexualite\/#article\",\"isPartOf\":{\"@id\":\"https:\/\/www.pressenza.com\/fr\/2013\/05\/le-zambie-prie-de-liberer-deux-jeunes-hommes-poursuivis-pour-homosexualite\/\"},\"author\":{\"name\":\"Amnesty International\",\"@id\":\"https:\/\/www.pressenza.com\/fr\/#\/schema\/person\/9b981b05c7ecf09292e6acb3223b2d9d\"},\"headline\":\"Le Zambie pri\u00e9 de lib\u00e9rer deux jeunes hommes poursuivis pour homosexualit\u00e9\",\"datePublished\":\"2013-05-13T22:33:11+00:00\",\"dateModified\":\"2013-05-14T01:20:55+00:00\",\"mainEntityOfPage\":{\"@id\":\"https:\/\/www.pressenza.com\/fr\/2013\/05\/le-zambie-prie-de-liberer-deux-jeunes-hommes-poursuivis-pour-homosexualite\/\"},\"wordCount\":642,\"publisher\":{\"@id\":\"https:\/\/www.pressenza.com\/fr\/#organization\"},\"image\":{\"@id\":\"https:\/\/www.pressenza.com\/fr\/2013\/05\/le-zambie-prie-de-liberer-deux-jeunes-hommes-poursuivis-pour-homosexualite\/#primaryimage\"},\"thumbnailUrl\":\"https:\/\/www.pressenza.com\/wp-content\/uploads\/2013\/05\/admin-ajax.php_.jpeg\",\"keywords\":[\"LGBT\",\"Zambie\"],\"articleSection\":[\"Afrique\",\"Droits humains\"],\"inLanguage\":\"fr-FR\"},{\"@type\":\"WebPage\",\"@id\":\"https:\/\/www.pressenza.com\/fr\/2013\/05\/le-zambie-prie-de-liberer-deux-jeunes-hommes-poursuivis-pour-homosexualite\/\",\"url\":\"https:\/\/www.pressenza.com\/fr\/2013\/05\/le-zambie-prie-de-liberer-deux-jeunes-hommes-poursuivis-pour-homosexualite\/\",\"name\":\"Le Zambie pri\u00e9 de lib\u00e9rer deux jeunes hommes poursuivis pour homosexualit\u00e9\",\"isPartOf\":{\"@id\":\"https:\/\/www.pressenza.com\/fr\/#website\"},\"primaryImageOfPage\":{\"@id\":\"https:\/\/www.pressenza.com\/fr\/2013\/05\/le-zambie-prie-de-liberer-deux-jeunes-hommes-poursuivis-pour-homosexualite\/#primaryimage\"},\"image\":{\"@id\":\"https:\/\/www.pressenza.com\/fr\/2013\/05\/le-zambie-prie-de-liberer-deux-jeunes-hommes-poursuivis-pour-homosexualite\/#primaryimage\"},\"thumbnailUrl\":\"https:\/\/www.pressenza.com\/wp-content\/uploads\/2013\/05\/admin-ajax.php_.jpeg\",\"datePublished\":\"2013-05-13T22:33:11+00:00\",\"dateModified\":\"2013-05-14T01:20:55+00:00\",\"description\":\"Amnesty International d\u00e9clare que les autorit\u00e9s zambiennes doivent lib\u00e9rer imm\u00e9diatement deux jeunes hommes qui se sont vus refuser leur mise en libert\u00e9\",\"breadcrumb\":{\"@id\":\"https:\/\/www.pressenza.com\/fr\/2013\/05\/le-zambie-prie-de-liberer-deux-jeunes-hommes-poursuivis-pour-homosexualite\/#breadcrumb\"},\"inLanguage\":\"fr-FR\",\"potentialAction\":[{\"@type\":\"ReadAction\",\"target\":[\"https:\/\/www.pressenza.com\/fr\/2013\/05\/le-zambie-prie-de-liberer-deux-jeunes-hommes-poursuivis-pour-homosexualite\/\"]}]},{\"@type\":\"ImageObject\",\"inLanguage\":\"fr-FR\",\"@id\":\"https:\/\/www.pressenza.com\/fr\/2013\/05\/le-zambie-prie-de-liberer-deux-jeunes-hommes-poursuivis-pour-homosexualite\/#primaryimage\",\"url\":\"https:\/\/www.pressenza.com\/wp-content\/uploads\/2013\/05\/admin-ajax.php_.jpeg\",\"contentUrl\":\"https:\/\/www.pressenza.com\/wp-content\/uploads\/2013\/05\/admin-ajax.php_.jpeg\",\"width\":400,\"height\":200},{\"@type\":\"BreadcrumbList\",\"@id\":\"https:\/\/www.pressenza.com\/fr\/2013\/05\/le-zambie-prie-de-liberer-deux-jeunes-hommes-poursuivis-pour-homosexualite\/#breadcrumb\",\"itemListElement\":[{\"@type\":\"ListItem\",\"position\":1,\"name\":\"Accueil\",\"item\":\"https:\/\/www.pressenza.com\/fr\/\"},{\"@type\":\"ListItem\",\"position\":2,\"name\":\"Le Zambie pri\u00e9 de lib\u00e9rer deux jeunes hommes poursuivis pour homosexualit\u00e9\"}]},{\"@type\":\"WebSite\",\"@id\":\"https:\/\/www.pressenza.com\/fr\/#website\",\"url\":\"https:\/\/www.pressenza.com\/fr\/\",\"name\":\"Pressenza\",\"description\":\"International Press Agency\",\"publisher\":{\"@id\":\"https:\/\/www.pressenza.com\/fr\/#organization\"},\"potentialAction\":[{\"@type\":\"SearchAction\",\"target\":{\"@type\":\"EntryPoint\",\"urlTemplate\":\"https:\/\/www.pressenza.com\/fr\/?s={search_term_string}\"},\"query-input\":{\"@type\":\"PropertyValueSpecification\",\"valueRequired\":true,\"valueName\":\"search_term_string\"}}],\"inLanguage\":\"fr-FR\"},{\"@type\":\"Organization\",\"@id\":\"https:\/\/www.pressenza.com\/fr\/#organization\",\"name\":\"Pressenza\",\"url\":\"https:\/\/www.pressenza.com\/fr\/\",\"logo\":{\"@type\":\"ImageObject\",\"inLanguage\":\"fr-FR\",\"@id\":\"https:\/\/www.pressenza.com\/fr\/#\/schema\/logo\/image\/\",\"url\":\"https:\/\/www.pressenza.com\/wp-content\/uploads\/2022\/10\/pressenza_logo_200x200.jpg\",\"contentUrl\":\"https:\/\/www.pressenza.com\/wp-content\/uploads\/2022\/10\/pressenza_logo_200x200.jpg\",\"width\":200,\"height\":200,\"caption\":\"Pressenza\"},\"image\":{\"@id\":\"https:\/\/www.pressenza.com\/fr\/#\/schema\/logo\/image\/\"},\"sameAs\":[\"https:\/\/www.facebook.com\/PressenzaItalia\",\"https:\/\/x.com\/PressenzaIPA\"]},{\"@type\":\"Person\",\"@id\":\"https:\/\/www.pressenza.com\/fr\/#\/schema\/person\/9b981b05c7ecf09292e6acb3223b2d9d\",\"name\":\"Amnesty International\",\"description\":\"Amnesty International is a global movement of more than 3 million supporters, members and activists in over 150 countries and territories who campaign to end grave abuses of human rights. Our vision is for every person to enjoy all the rights enshrined in the Universal Declaration of Human Rights and other international human rights standards. www.amnesty.org\",\"sameAs\":[\"http:\/\/www.amnesty.it\",\"https:\/\/www.facebook.com\/amnestyglobal\",\"https:\/\/x.com\/amnesty\"],\"url\":\"https:\/\/www.pressenza.com\/fr\/author\/amnesty-international\/\"}]}<\/script>\n<!-- \/ Yoast SEO plugin. -->","yoast_head_json":{"title":"Le Zambie pri\u00e9 de lib\u00e9rer deux jeunes hommes poursuivis pour homosexualit\u00e9","description":"Amnesty International d\u00e9clare que les autorit\u00e9s zambiennes doivent lib\u00e9rer imm\u00e9diatement deux jeunes hommes qui se sont vus refuser leur mise en libert\u00e9","robots":{"index":"index","follow":"follow","max-snippet":"max-snippet:-1","max-image-preview":"max-image-preview:large","max-video-preview":"max-video-preview:-1"},"canonical":"https:\/\/www.pressenza.com\/fr\/2013\/05\/le-zambie-prie-de-liberer-deux-jeunes-hommes-poursuivis-pour-homosexualite\/","og_locale":"fr_FR","og_type":"article","og_title":"Le Zambie pri\u00e9 de lib\u00e9rer deux jeunes hommes poursuivis pour homosexualit\u00e9","og_description":"Amnesty International d\u00e9clare que les autorit\u00e9s zambiennes doivent lib\u00e9rer imm\u00e9diatement deux jeunes hommes qui se sont vus refuser leur mise en libert\u00e9","og_url":"https:\/\/www.pressenza.com\/fr\/2013\/05\/le-zambie-prie-de-liberer-deux-jeunes-hommes-poursuivis-pour-homosexualite\/","og_site_name":"Pressenza","article_publisher":"https:\/\/www.facebook.com\/PressenzaItalia","article_author":"https:\/\/www.facebook.com\/amnestyglobal","article_published_time":"2013-05-13T22:33:11+00:00","article_modified_time":"2013-05-14T01:20:55+00:00","og_image":[{"width":400,"height":200,"url":"https:\/\/www.pressenza.com\/wp-content\/uploads\/2013\/05\/admin-ajax.php_.jpeg","type":"image\/jpeg"}],"author":"Amnesty International","twitter_card":"summary_large_image","twitter_creator":"@amnesty","twitter_site":"@PressenzaIPA","twitter_misc":{"\u00c9crit par":"Amnesty International","Dur\u00e9e de lecture estim\u00e9e":"3 minutes"},"schema":{"@context":"https:\/\/schema.org","@graph":[{"@type":"Article","@id":"https:\/\/www.pressenza.com\/fr\/2013\/05\/le-zambie-prie-de-liberer-deux-jeunes-hommes-poursuivis-pour-homosexualite\/#article","isPartOf":{"@id":"https:\/\/www.pressenza.com\/fr\/2013\/05\/le-zambie-prie-de-liberer-deux-jeunes-hommes-poursuivis-pour-homosexualite\/"},"author":{"name":"Amnesty International","@id":"https:\/\/www.pressenza.com\/fr\/#\/schema\/person\/9b981b05c7ecf09292e6acb3223b2d9d"},"headline":"Le Zambie pri\u00e9 de lib\u00e9rer deux jeunes hommes poursuivis pour homosexualit\u00e9","datePublished":"2013-05-13T22:33:11+00:00","dateModified":"2013-05-14T01:20:55+00:00","mainEntityOfPage":{"@id":"https:\/\/www.pressenza.com\/fr\/2013\/05\/le-zambie-prie-de-liberer-deux-jeunes-hommes-poursuivis-pour-homosexualite\/"},"wordCount":642,"publisher":{"@id":"https:\/\/www.pressenza.com\/fr\/#organization"},"image":{"@id":"https:\/\/www.pressenza.com\/fr\/2013\/05\/le-zambie-prie-de-liberer-deux-jeunes-hommes-poursuivis-pour-homosexualite\/#primaryimage"},"thumbnailUrl":"https:\/\/www.pressenza.com\/wp-content\/uploads\/2013\/05\/admin-ajax.php_.jpeg","keywords":["LGBT","Zambie"],"articleSection":["Afrique","Droits humains"],"inLanguage":"fr-FR"},{"@type":"WebPage","@id":"https:\/\/www.pressenza.com\/fr\/2013\/05\/le-zambie-prie-de-liberer-deux-jeunes-hommes-poursuivis-pour-homosexualite\/","url":"https:\/\/www.pressenza.com\/fr\/2013\/05\/le-zambie-prie-de-liberer-deux-jeunes-hommes-poursuivis-pour-homosexualite\/","name":"Le Zambie pri\u00e9 de lib\u00e9rer deux jeunes hommes poursuivis pour homosexualit\u00e9","isPartOf":{"@id":"https:\/\/www.pressenza.com\/fr\/#website"},"primaryImageOfPage":{"@id":"https:\/\/www.pressenza.com\/fr\/2013\/05\/le-zambie-prie-de-liberer-deux-jeunes-hommes-poursuivis-pour-homosexualite\/#primaryimage"},"image":{"@id":"https:\/\/www.pressenza.com\/fr\/2013\/05\/le-zambie-prie-de-liberer-deux-jeunes-hommes-poursuivis-pour-homosexualite\/#primaryimage"},"thumbnailUrl":"https:\/\/www.pressenza.com\/wp-content\/uploads\/2013\/05\/admin-ajax.php_.jpeg","datePublished":"2013-05-13T22:33:11+00:00","dateModified":"2013-05-14T01:20:55+00:00","description":"Amnesty International d\u00e9clare que les autorit\u00e9s zambiennes doivent lib\u00e9rer imm\u00e9diatement deux jeunes hommes qui se sont vus refuser leur mise en libert\u00e9","breadcrumb":{"@id":"https:\/\/www.pressenza.com\/fr\/2013\/05\/le-zambie-prie-de-liberer-deux-jeunes-hommes-poursuivis-pour-homosexualite\/#breadcrumb"},"inLanguage":"fr-FR","potentialAction":[{"@type":"ReadAction","target":["https:\/\/www.pressenza.com\/fr\/2013\/05\/le-zambie-prie-de-liberer-deux-jeunes-hommes-poursuivis-pour-homosexualite\/"]}]},{"@type":"ImageObject","inLanguage":"fr-FR","@id":"https:\/\/www.pressenza.com\/fr\/2013\/05\/le-zambie-prie-de-liberer-deux-jeunes-hommes-poursuivis-pour-homosexualite\/#primaryimage","url":"https:\/\/www.pressenza.com\/wp-content\/uploads\/2013\/05\/admin-ajax.php_.jpeg","contentUrl":"https:\/\/www.pressenza.com\/wp-content\/uploads\/2013\/05\/admin-ajax.php_.jpeg","width":400,"height":200},{"@type":"BreadcrumbList","@id":"https:\/\/www.pressenza.com\/fr\/2013\/05\/le-zambie-prie-de-liberer-deux-jeunes-hommes-poursuivis-pour-homosexualite\/#breadcrumb","itemListElement":[{"@type":"ListItem","position":1,"name":"Accueil","item":"https:\/\/www.pressenza.com\/fr\/"},{"@type":"ListItem","position":2,"name":"Le Zambie pri\u00e9 de lib\u00e9rer deux jeunes hommes poursuivis pour homosexualit\u00e9"}]},{"@type":"WebSite","@id":"https:\/\/www.pressenza.com\/fr\/#website","url":"https:\/\/www.pressenza.com\/fr\/","name":"Pressenza","description":"International Press Agency","publisher":{"@id":"https:\/\/www.pressenza.com\/fr\/#organization"},"potentialAction":[{"@type":"SearchAction","target":{"@type":"EntryPoint","urlTemplate":"https:\/\/www.pressenza.com\/fr\/?s={search_term_string}"},"query-input":{"@type":"PropertyValueSpecification","valueRequired":true,"valueName":"search_term_string"}}],"inLanguage":"fr-FR"},{"@type":"Organization","@id":"https:\/\/www.pressenza.com\/fr\/#organization","name":"Pressenza","url":"https:\/\/www.pressenza.com\/fr\/","logo":{"@type":"ImageObject","inLanguage":"fr-FR","@id":"https:\/\/www.pressenza.com\/fr\/#\/schema\/logo\/image\/","url":"https:\/\/www.pressenza.com\/wp-content\/uploads\/2022\/10\/pressenza_logo_200x200.jpg","contentUrl":"https:\/\/www.pressenza.com\/wp-content\/uploads\/2022\/10\/pressenza_logo_200x200.jpg","width":200,"height":200,"caption":"Pressenza"},"image":{"@id":"https:\/\/www.pressenza.com\/fr\/#\/schema\/logo\/image\/"},"sameAs":["https:\/\/www.facebook.com\/PressenzaItalia","https:\/\/x.com\/PressenzaIPA"]},{"@type":"Person","@id":"https:\/\/www.pressenza.com\/fr\/#\/schema\/person\/9b981b05c7ecf09292e6acb3223b2d9d","name":"Amnesty International","description":"Amnesty International is a global movement of more than 3 million supporters, members and activists in over 150 countries and territories who campaign to end grave abuses of human rights. Our vision is for every person to enjoy all the rights enshrined in the Universal Declaration of Human Rights and other international human rights standards. www.amnesty.org","sameAs":["http:\/\/www.amnesty.it","https:\/\/www.facebook.com\/amnestyglobal","https:\/\/x.com\/amnesty"],"url":"https:\/\/www.pressenza.com\/fr\/author\/amnesty-international\/"}]}},"place":"","original_article_url":"","_links":{"self":[{"href":"https:\/\/www.pressenza.com\/fr\/wp-json\/wp\/v2\/posts\/51737","targetHints":{"allow":["GET"]}}],"collection":[{"href":"https:\/\/www.pressenza.com\/fr\/wp-json\/wp\/v2\/posts"}],"about":[{"href":"https:\/\/www.pressenza.com\/fr\/wp-json\/wp\/v2\/types\/post"}],"author":[{"embeddable":true,"href":"https:\/\/www.pressenza.com\/fr\/wp-json\/wp\/v2\/users\/432"}],"replies":[{"embeddable":true,"href":"https:\/\/www.pressenza.com\/fr\/wp-json\/wp\/v2\/comments?post=51737"}],"version-history":[{"count":0,"href":"https:\/\/www.pressenza.com\/fr\/wp-json\/wp\/v2\/posts\/51737\/revisions"}],"wp:featuredmedia":[{"embeddable":true,"href":"https:\/\/www.pressenza.com\/fr\/wp-json\/wp\/v2\/media\/51811"}],"wp:attachment":[{"href":"https:\/\/www.pressenza.com\/fr\/wp-json\/wp\/v2\/media?parent=51737"}],"wp:term":[{"taxonomy":"category","embeddable":true,"href":"https:\/\/www.pressenza.com\/fr\/wp-json\/wp\/v2\/categories?post=51737"},{"taxonomy":"post_tag","embeddable":true,"href":"https:\/\/www.pressenza.com\/fr\/wp-json\/wp\/v2\/tags?post=51737"}],"curies":[{"name":"wp","href":"https:\/\/api.w.org\/{rel}","templated":true}]}}