{"id":513575,"date":"2017-09-07T22:42:04","date_gmt":"2017-09-07T21:42:04","guid":{"rendered":"https:\/\/www.pressenza.com\/?p=513575\/"},"modified":"2017-09-08T06:38:48","modified_gmt":"2017-09-08T05:38:48","slug":"venezuela-guerre-economique-nuls-journalistes-44","status":"publish","type":"post","link":"https:\/\/www.pressenza.com\/fr\/2017\/09\/venezuela-guerre-economique-nuls-journalistes-44\/","title":{"rendered":"Venezuela : La \u00ab guerre \u00e9conomique \u00bb pour les Nuls (et les journalistes) [4\/4]"},"content":{"rendered":"<div class=\"surlignable\">\n<div class=\"crayon article-texte-2643 texte entry-content\">\n<p><em>Sous la forme d\u2019un feuilleton en quatre parties, M\u00e9moire des luttes publie une enqu\u00eate exclusive de\u00a0<strong>Maurice\u00a0<\/strong><strong>Lemoine<\/strong>\u00a0consacr\u00e9e \u00e0 la question de la \u00ab\u00a0guerre \u00e9conomique\u00a0\u00bb au Venezuela.<\/em><\/p>\n<hr \/>\n<p>Alors que la vague de violence d\u00e9clench\u00e9e par une opposition d\u00e9cid\u00e9e \u00e0 le renverser a provoqu\u00e9 la mort de plus de cent dix personnes depuis d\u00e9but avril, le pr\u00e9sident \u00ab\u00a0chaviste\u00a0\u00bb Nicol\u00e1s Maduro a r\u00e9ussi son pari\u00a0: faire \u00e9lire une Assembl\u00e9e nationale constituante le 30 juillet. Malgr\u00e9 une situation extr\u00eamement tendue et les menaces prof\u00e9r\u00e9es contre les \u00e9lecteurs par les groupes de choc d\u2019extr\u00eame droite, plus de 8 millions de citoyens (41,5\u00a0% de l\u2019\u00e9lectorat) se sont d\u00e9plac\u00e9s et ont choisi leurs repr\u00e9sentants.<\/p>\n<div class=\"crayon article-chapo-2640 chapo\">\n<p>Largement trait\u00e9e par des m\u00e9dias totalement acquis \u00e0 l\u2019opposition, la grave crise que traverse le Venezuela comporte une dimension syst\u00e9matiquement pass\u00e9e sous silence\u00a0: comme dans le Chili de Salvador Allende, une sournoise mais f\u00e9roce \u00ab\u00a0guerre \u00e9conomique\u00a0\u00bb d\u00e9stabilise le pays.<\/p>\n<\/div>\n<div class=\"crayon article-texte-2640 texte entry-content\">\n<p>Liens aux 4 parties :<\/p>\n<p><a href=\"https:\/\/www.pressenza.com\/fr\/2017\/09\/venezuela-guerre-economique-nuls-journalistes-14\/\"><strong>PARTIE 1\u00a0<\/strong><\/a><\/p>\n<\/div>\n<p><a href=\"https:\/\/www.pressenza.com\/fr\/2017\/09\/venezuela-la-guerre-economique-pour-les-nuls-et-les-journalistes-24\/\"><strong>PARTIE 2<\/strong><\/a><\/p>\n<\/div>\n<p><strong><a href=\"https:\/\/www.pressenza.com\/fr\/2017\/09\/venezuela-la-guerre-economique-pour-les-nuls-et-les-journalistes-34\/\">PARTIE 3<\/a><\/strong><\/p>\n<p><strong><a href=\"https:\/\/www.pressenza.com\/fr\/2017\/09\/venezuela-guerre-economique-nuls-journalistes-44\/\">PARTIE 4<\/a><\/strong><\/p>\n<p>&nbsp;<\/p>\n<div class=\"crayon article-texte-2643 texte entry-content\">\n<p><span style=\"color: #000000;\"><strong>PARTIE 4<\/strong><\/span><\/p>\n<p><span style=\"color: #000000;\"><span class=\"lettrine\">L<\/span>a valeur de la monnaie am\u00e9ricaine annonc\u00e9e chaque matin par ce site Web depuis sa cr\u00e9ation en 2010 est devenu \u00ab\u00a0la\u00a0\u00bb r\u00e9f\u00e9rence\u00a0pour qui veut acheter des dollars au march\u00e9 noir (et pour qui les vend). Comment les cr\u00e9ateurs de DT \u00e9tablissent-ils le prix de la devise\u00a0? En s\u2019appuyant sur les variations du taux pratiqu\u00e9s par les bureaux de change de\u2026 C\u00facuta (ville situ\u00e9e sur la fronti\u00e8re, c\u00f4t\u00e9 colombien)\u00a0!<\/span><\/p>\n<p><span style=\"color: #000000;\">Cette curiosit\u00e9 a pour origine la \u00ab\u00a0r\u00e9solution num\u00e9ro 8\u00a0\u00bb \u00e9mise par la Banque de la R\u00e9publique (la banque centrale colombienne) le 25 mai 2000, durant le gouvernement d\u2019Andr\u00e9s Pastrana.\u00a0Il en r\u00e9sulte que si celle-ci \u00e9tablit la parit\u00e9 du peso, sa monnaie nationale, avec le bolivar, elle autorise les cambistes de la fronti\u00e8re, hors de tout contr\u00f4le, \u00e0 \u00e9tablir leurs propres taux. Ce qu\u2019ils font, en les manipulant arbitrairement et de fa\u00e7on disproportionn\u00e9e.<\/span><\/p>\n<p><span style=\"color: #000000;\">Il existe, \u00e0 C\u00facuta, plusieurs centaines de ces bureaux de change l\u00e9gaux et ill\u00e9gaux. En vertu d\u2019une autre loi colombienne tout aussi ahurissante, ces officines peuvent effectuer toute transaction sans les reporter aux autorit\u00e9s de tutelle, pour peu qu\u2019elles soient inf\u00e9rieures \u00e0 10 000 dollars \u2013 m\u00e9canisme on ne peut plus utile pour blanchir l\u2019argent du narcotrafic.<\/span><\/p>\n<p><span style=\"color: #000000;\">C\u2019est donc cette mafia qui, th\u00e9oriquement, alimente de ses donn\u00e9es Dollar Today. Dont les responsables vivent, comme il se doit, \u00e0 Miami, d\u2019o\u00f9 ils m\u00e8nent leur activit\u00e9. Le plus connu d\u2019entre eux s\u2019appelle\u00a0<strong>Gustavo D\u00edaz. Ancien militaire, il a particip\u00e9 le 11 avril 2002 au coup d\u2019Etat contre Ch\u00e1vez et a \u00e9t\u00e9 nomm\u00e9 sous-chef du cabinet militaire (<em>Casa Militar<\/em>) durant l\u2019\u00e9ph\u00e9m\u00e8re \u00ab\u00a0gouvernement\u00a0\u00bb du pr\u00e9sident\u00a0<em>de facto<\/em>\u00a0Pedro Carmona. Expuls\u00e9 de l\u2019arm\u00e9e, il a demand\u00e9 en 2005 l\u2019asile politique aux Etats-Unis et l\u2019a bien s\u00fbr obtenu.<\/strong><\/span><\/p>\n<p><span style=\"color: #000000;\"><strong>Qu\u2019on examine cette configuration mafieuse par n\u2019importe quel bout, une conclusion s\u2019impose\u00a0: c\u2019est\u00a0<\/strong>avec le soutien de Washington et des autorit\u00e9s de Bogot\u00e1 qu\u2019est mise en \u0153uvre cette distorsion \u00e9conomique permettant de d\u00e9valuer artificiellement la monnaie v\u00e9n\u00e9zu\u00e9lienne et de faire exploser l\u2019inflation (720\u00a0% en 2016 d\u2019apr\u00e8s le FMI). Le 10 juillet 2015, l\u2019\u00e9conomiste et analyste politique Tony Boza expliquait que DT n\u2019est pas une page Web,\u00a0<em>\u00ab\u00a0mais le m\u00e9canisme que la Colombie a invent\u00e9 pour agresser l\u2019\u00e9conomie v\u00e9n\u00e9zu\u00e9lienne\u00a0; c\u2019est un acte de guerre\u00a0; c\u2019est l\u2019\u00e9quivalent d\u2019un Plan Colombie, \u00e9conomique, contre le Venezuela<\/em>\u00a0[<a id=\"nh1\" class=\"spip_note\" style=\"color: #000000;\" title=\"\u00ab Cultura al d\u00eda \u00bb, Alba Ciudad, Caracas, 10 juillet 2015.\" href=\"http:\/\/www.medelu.org\/La-guerre-economique-pour-les-Nuls,2643#nb1\" rel=\"footnote\">1<\/a>].\u00a0<em>\u00a0\u00bb<\/em>\u00a0Rencontr\u00e9 en juin dernier, Luis Salas ne dit pas autre chose\u00a0:\u00a0<em>\u00ab\u00a0Pour r\u00e9ussir \u00e0 se positionner comme r\u00e9f\u00e9rence du taux de change,<\/em>\u00a0<em>il faut une organisation et une capacit\u00e9 de communication qu\u2019une page Web, \u00e0 elle seule, ne poss\u00e8de pas.\u00a0\u00bb<\/em><\/span><\/p>\n<p><span style=\"color: #000000;\">Ce que\u00a0<strong>Gustavo D\u00edaz confirme \u00e0 sa mani\u00e8re.\u00a0<\/strong><strong>Alors que la Banque centrale v\u00e9n\u00e9zu\u00e9lienne<\/strong>\u00a0accuse les responsables de DT de tomber sous le coup de la loi f\u00e9d\u00e9rale am\u00e9ricaine Racketeer Influenced and Corrupt Organizations (RICO) ciblant les organisations criminelles, il confie\u00a0:\u00a0<em>\u00ab\u00a0Notre crainte est qu\u2019il y ait un proc\u00e8s, qu\u2019on connaisse ainsi toutes les personnes qui travaillent avec nous et que le gouvernement\u00a0<\/em>[v\u00e9n\u00e9zu\u00e9lien]\u00a0<em>puisse les attaquer directement. Il y a beaucoup de gens derri\u00e8re nous<\/em>\u00a0[<a id=\"nh2\" class=\"spip_note\" style=\"color: #000000;\" title=\"BBC Mundo, 7 mars 2016.\" href=\"http:\/\/www.medelu.org\/La-guerre-economique-pour-les-Nuls,2643#nb2\" rel=\"footnote\">2<\/a>].\u00a0<em>\u00a0\u00bb<\/em><\/span><\/p>\n<p><span style=\"color: #000000;\">Historiquement, sur les 2 300 kilom\u00e8tres de leur fronti\u00e8re commune, une grande partie de la vie \u00ab\u00a0sociale\u00a0\u00bb v\u00e9n\u00e9zolano-colombienne a repos\u00e9 sur la contrebande. Une contrebande \u00ab\u00a0traditionnelle\u00a0\u00bb, similaire \u00e0 celle qu\u2019on observe dans toute zone frontali\u00e8re, quel que soit le continent. On entre \u00e9videmment dans un trafic d\u2019une tout autre nature lorsque, en r\u00e9v\u00e9lant l\u2019ampleur, 12 210 tonnes \u2013 12 210 tonnes\u00a0! \u2013 d\u2019aliments, dont manquent cruellement les V\u00e9n\u00e9zu\u00e9liens, sont intercept\u00e9es de janvier \u00e0 novembre 2014 en direction de la fronti\u00e8re par les forces de la Commission nationale de lutte contre la contrebande. Pour une tonne r\u00e9cup\u00e9r\u00e9e de cette \u00ab\u00a0contrebande d\u2019extraction\u00a0\u00bb combien parviennent \u00e0 destination (avec la complicit\u00e9, dans un certain nombre de cas, de gardes nationaux ou de militaires v\u00e9n\u00e9zu\u00e9liens)\u00a0? Compte tenu de leur prix subventionn\u00e9 au Venezuela, la valeur du lait, du sucre ou du\u2026 papier toilette, peuvent \u00eatre multipli\u00e9s par dix en arrivant dans le pays voisin.<\/span><\/p>\n<p><span style=\"color: #000000;\">En 2016, entre 8 000 et 22 000 litres d\u2019essence s\u2019y dirigeant clandestinement ont \u00e9t\u00e9 saisis quotidiennement avant de parvenir \u00e0 destination. On peut incriminer la diff\u00e9rence abyssale de son prix de vente entre les deux pays. Mais, l\u00e0 encore, le gouvernement colombien a une responsabilit\u00e9 directe dans le pillage organis\u00e9 des richesses du Venezuela. Depuis le 10 ao\u00fbt 2001, la loi (colombienne) 681 autorise les \u00ab\u00a0petits importateurs d\u00b4essence\u00a0\u00bb \u2013 comme c\u2019est bien dit\u00a0! \u2013 \u00e0 distribuer le combustible en marge de l\u00b4entreprise nationale Ecopetrol. Mieux\u00a0: rendant la contrebande du combustible l\u00e9gale, Ecopetrol se r\u00e9serve le droit de leur racheter l\u00b4essence \u00e0 prix r\u00e9duit.<\/span><\/p>\n<p><span style=\"color: #000000;\">Le 3 mai 2016, apr\u00e8s qu\u2019aient \u00e9t\u00e9 r\u00e9alis\u00e9s par ses services 5 087 inspections dans plus de 1 500 \u00e9tablissements priv\u00e9s, mais aussi publics, de distribution d\u2019aliments et de biens prioritaires dans tout le pays, le D\u00e9fenseur du peuple Tarek William Saab d\u00e9clara publiquement\u00a0:\u00a0<em>\u00ab\u00a0On a d\u00e9tect\u00e9 de nombreux actes illicites o\u00f9 l\u2019on suspecte la complicit\u00e9 de fonctionnaires et de personnes li\u00e9es \u00e0 l\u2019entreprise priv\u00e9e. La justice doit agir avec force et leur appliquer tout le poids de la loi.\u00a0\u00bb<\/em><\/span><\/p>\n<p><span style=\"color: #000000;\">Le 14 ao\u00fbt suivant, dans le quotidien\u00a0<em>\u00daltimas Noticias,<\/em>\u00a0l\u2019\u00e9ditorialiste Eleazar D\u00edaz Rangel s\u2019insurgeait\u00a0:\u00a0<em>\u00ab\u00a0Il y a deux semaines, on nous a annonc\u00e9, dans un rapport de la Grande mission approvisionnement souverain, qu\u2019on a arr\u00eat\u00e9 soixante-dix\u00a0<\/em>bachaqueros<em>dans cette zone\u00a0<\/em>[de Petare\u00a0; quartier populaire de la capitale] (\u2026)<em>\u00a0Que l\u2019on sache, aucun n\u2019a \u00e9t\u00e9 jug\u00e9 bien qu\u2019il ait commis des d\u00e9lits mentionn\u00e9s dans la Constitution et dans la Loi des prix justes. On n\u2019a pas connaissance non plus d\u2019une quelconque condamnation.\u00a0<\/em>(\u2026)\u00a0<em>On ne comprend pas cette contradiction. Si l\u2019on ne peut exiger que les rayons soient garnis et qu\u2019il soit possible de tout obtenir tant que la production n\u2019augmente pas, je crois que, oui, on devrait pouvoir montrer les r\u00e9sultats de sanctions inflig\u00e9s aux coupables de ces d\u00e9lits pr\u00e9vus dans notre Constitution.\u00a0\u00bb<\/em><\/span><\/p>\n<p><span style=\"color: #000000;\">La corruption\u00a0? Elle existe. Trop. Et \u00e0 tous les niveaux. Chez les \u00ab\u00a0chavistes\u00a0\u00bb. Mais pas que chez eux (ce serait trop beau).<\/span><\/p>\n<p><span style=\"color: #000000;\">Les t\u00e9moignages abondent de n\u00e9gociateurs \u00e9trangers qui doivent composer avec des \u00ab\u00a0<em>Se\u00f1ores<\/em>\u00a010\u00a0%\u00a0\u00bb pour obtenir un march\u00e9 ou faire des affaires dans le pays. Dans les ports, il n\u2019est pas rare que quelque douanier, militaire ou fonctionnaire ne r\u00e9clame sa d\u00eeme pour laisser proc\u00e9der au d\u00e9barquement des cargaisons.\u00a0<em>\u00ab\u00a0Si les importateurs tentent d\u2019\u00e9chapper aux pots de vin,<\/em>\u00a0a d\u00e9nonc\u00e9 Luis Pe\u00f1a, directeur des op\u00e9rations de Premier Foods, dont le si\u00e8ge se trouve \u00e0 Caracas,\u00a0<em>les aliments restent sur place et pourrissent.\u00a0\u00bb<\/em><\/span><\/p>\n<p><span style=\"color: #000000;\">Ici, on assiste \u00e0 la mise en examen d\u2019un ex-g\u00e9rant du Fonds sino-v\u00e9n\u00e9zu\u00e9lien pour le d\u00e9tournement pr\u00e9sum\u00e9 de 84 millions de dollars destin\u00e9s \u00e0 la production d\u2019aliments en 2011 et 2012. L\u00e0, c\u2019est l\u2019ex-pr\u00e9sident et g\u00e9rant de l\u2019entreprise mixte socialiste Leguminosas del Alba, Oscar P\u00e9rez Fuentes, qui est inculp\u00e9 pour sa responsabilit\u00e9 dans la contrebande de 120 tonnes de haricots secs (mai 2016). L\u00e0-bas, \u00e0 Miami, le 18 juillet 2014, le \u00ab\u00a0bolibourgeois\u00a0\u00bb Benny Palmeri-Bacchi est arr\u00eat\u00e9 \u00e0 l\u2019a\u00e9roport par des agents de la Drug Enforcement Administration (DEA). Accus\u00e9 de trafic de coca\u00efne et de blanchiment d\u2019argent, il appartenait au comit\u00e9 directeur de la Chambre des entrepreneurs v\u00e9n\u00e9zu\u00e9liens du March\u00e9 commun du sud (Mercosur) et poss\u00e9dait, entre le sud de la Floride et le Venezuela, une demi-douzaine d\u2019entreprises ayant pour activit\u00e9 l\u2019importation d\u2019aliments.<\/span><\/p>\n<p><span style=\"color: #000000;\">A Miami, pr\u00e9cis\u00e9ment, ainsi que dans les agglom\u00e9rations ais\u00e9es qui l\u2019entourent, est \u00e9galement concentr\u00e9e la plus grande communaut\u00e9 des V\u00e9n\u00e9zu\u00e9liens de la diaspora, majoritairement \u00ab\u00a0anti-chaviste\u00a0\u00bb, exil\u00e9s avec des comptes en banque dans certains cas aliment\u00e9s \u00e0 grands coups de trafics, de dessous de table, de pots de vin et de piston. La d\u00e9linquance n\u2019a ni couleur ni id\u00e9ologie. \u00ab\u00a0Bolibourgeois\u00a0\u00bb et bourgeois traditionnels travaillent sans difficult\u00e9 la main dans la main.<\/span><\/p>\n<p><span style=\"color: #000000;\">Le 26 mai 2014, le d\u00e9put\u00e9 Ricardo Sandino, pr\u00e9sident de la Commission des finances et du d\u00e9veloppement \u00e9conomique de l\u2019Assembl\u00e9e nationale, alors domin\u00e9e par le Parti socialiste uni du Venezuela (PSUV), informait ses coll\u00e8gues que la d\u00e9funte Commission d\u2019administration des devises (Cadivi) avait approuv\u00e9 le d\u00e9blocage de 20 milliards de dollars pour des importations jamais arriv\u00e9es au pays. En juin 2014, apr\u00e8s avoir \u00e9t\u00e9 \u00e9cart\u00e9 du gouvernement, Jorge Giordani qui, ministre de la Planification ou des Finances de Ch\u00e1vez, a r\u00e9gn\u00e9 sur la vie \u00e9conomique v\u00e9n\u00e9zu\u00e9lienne de 1999 \u00e0 2014, d\u00e9noncera que pour la seule ann\u00e9e 2012, 25 milliards de dollars ont \u00e9t\u00e9 vol\u00e9s et dilapid\u00e9s \u00e0 travers les m\u00e9canismes d\u2019obtention de devises.<\/span><\/p>\n<p><span style=\"color: #000000;\">En f\u00e9vrier 2016, en compagnie d\u2019H\u00e9ctor Navarro, ex-ministre expuls\u00e9 du PSUV en 2014, il fera monter la barre tr\u00e8s haut en \u00e9voquant la somme de 300 milliards de dollars d\u00e9vi\u00e9e en dix ans \u00e0 travers des importations fictives et la pratique de la surfacturation. Dommage qu\u2019il n\u2019ait pas profit\u00e9 de cet esclandre pour proc\u00e9der \u00e0 une autocritique sur sa part de responsabilit\u00e9 ni surtout apporter une quelconque preuve utile pour d\u00e9masquer et traquer les d\u00e9linquants.<\/span><\/p>\n<p><span style=\"color: #000000;\">Plus extravagante sera la r\u00e9cente d\u00e9claration en conf\u00e9rence de presse de la Procureure de la R\u00e9publique Luisa Ortega lorsque, ayant rompu avec le pouvoir, elle affirmera sur un ton mena\u00e7ant, apr\u00e8s avoir accus\u00e9 le pr\u00e9sident Maduro de \u00ab\u00a0crime contre l\u2019Humanit\u00e9\u00a0\u00bb pour la r\u00e9pression des manifestations et la convocation d\u2019une Assembl\u00e9e constituante, avoir entre ses mains\u00a0<em>\u00ab\u00a036 124 enqu\u00eates sur des cas de corruption<\/em>\u00a0[<a id=\"nh3\" class=\"spip_note\" style=\"color: #000000;\" title=\"El Universal, Caracas, 31 juillet 2017.\" href=\"http:\/\/www.medelu.org\/La-guerre-economique-pour-les-Nuls,2643#nb3\" rel=\"footnote\">3<\/a>]\u00a0<em>\u00a0\u00bb.<\/em>\u00a0Sans tomber dans une pol\u00e9mique facile, on s\u2019interrogera\u00a0: comment se fait-il que si peu d\u2019affaires aient \u00e9t\u00e9 jug\u00e9es depuis le temps qu\u2019elle occupe sa fonction \u2013 elle a \u00e9t\u00e9 nomm\u00e9e en 2007 \u2013 et pourquoi cette affirmation fracassante apr\u00e8s avoir rejoint les rangs de l\u2019opposition et pas avant\u00a0?<\/span><\/p>\n<p><span style=\"color: #000000;\">Bien r\u00e9elle, cette corruption end\u00e9mique participe de l\u2019anarchie dans la distribution des biens essentiels et le pillage de l\u2019Etat. Encore convient-il de ne pas en faire l\u2019alpha et l\u2019om\u00e9ga de la crise, imput\u00e9e par d\u00e9finition \u00e0 feu Ch\u00e1vez ou au pr\u00e9sident Maduro. Interrog\u00e9 sur les fameuses \u00ab\u00a0entreprises fictives\u00a0\u00bb (<em>\u00ab\u00a0empresas de malet\u00edn\u00a0\u00bb),\u00a0<\/em>l\u2019\u00e9conomiste Luis Salas r\u00e9pond\u00a0:\u00a0<em>\u00ab\u00a0J\u2019ai fait un travail o\u00f9 j\u2019ai d\u00e9montr\u00e9 que, avec le contr\u00f4le des changes, les entreprises fictives cr\u00e9\u00e9es par des chavistes ou autres ont exist\u00e9. Mais, lorsqu\u2019on examine la comptabilit\u00e9 des devises octroy\u00e9es par le gouvernement entre 2003 et 2012, on se rend compte qu\u2019elles ont \u00e9t\u00e9 accapar\u00e9es par les grandes entreprises, les monopoles, Polar, Cargill, les labos pharmaceutiques, les firmes automobiles\u2026 En gros, les entreprises fictives qui n\u2019ont rien import\u00e9 et d\u00e9tourn\u00e9 l\u2019argent repr\u00e9sentent 10\u00a0% de l\u2019octroi de devises. La grande fraude, c\u2019est les transnationales. La droite met en \u00e9vidence les\u00a0<\/em>empresas de malet\u00edn<em>\u00a0pour occulter cette responsabilit\u00e9<\/em>\u00a0[<a id=\"nh4\" class=\"spip_note\" style=\"color: #000000;\" title=\"On peut entre autres suivre les travaux de Luis Salas sur le site\u00a0(...)\" href=\"http:\/\/www.medelu.org\/La-guerre-economique-pour-les-Nuls,2643#nb4\" rel=\"footnote\">4<\/a>]<em>.\u00a0\u00bb<\/em><\/span><\/p>\n<p><span style=\"color: #000000;\">A travers divers m\u00e9canismes, la surfacturation existe, pour ne citer qu\u2019elle. Par exemple lorsque les transnationales s\u2019ach\u00e8tent leurs produits \u00e0 elles-m\u00eames, et que la maison m\u00e8re, \u00e0 l\u2019\u00e9tranger, gonfle ses prix.<\/span><\/p>\n<p><span style=\"color: #000000;\">En 2012, derni\u00e8re ann\u00e9e de gestion de Ch\u00e1vez, celle o\u00f9 il y a eu le plus d\u2019importations, celles-ci n\u2019ont \u00e9t\u00e9 que d\u2019un cinqui\u00e8me sup\u00e9rieures \u00e0 celles de 2003 en terme mat\u00e9riel, par tonne ou par kilo. En revanche, elles ont co\u00fbt\u00e9 cinq fois plus cher.\u00a0<em>\u00ab\u00a0Cela signifie que, bien qu\u2019on importe quasiment la m\u00eame chose, la croissance n\u2019a pas \u00e9t\u00e9 dans les quantit\u00e9s mais dans les prix. Dans un contexte mondial de d\u00e9flation\u00a0!\u00a0Le niveau de la demande de devises a \u00e9t\u00e9 totalement injustifi\u00e9e.\u00a0\u00bb<\/em><\/span><\/p>\n<p><span style=\"color: #000000;\">Pass\u00e9 inaper\u00e7ue ou tol\u00e9r\u00e9e lorsque le prix du baril \u00e9tait \u00e9lev\u00e9, l\u2019anomalie saute aux yeux d\u00e8s lors que les revenus de l\u2019Etat diminuent et qu\u2019il faut compter sou \u00e0 sou.<\/span><\/p>\n<p><span style=\"color: #000000;\"><em>\u00ab\u00a0Je le dis en forme d\u2019autocritique, il y a eu une absence de contr\u00f4le,\u00a0<\/em>admet Iv\u00e1n Gil, \u00e9voquant ce qu\u2019il appelle l\u2019\u00ab\u00a0intoxication de devises\u00a0\u00bb.\u00a0<em>Toutefois, il y a des raisons. Quand Ch\u00e1vez est arriv\u00e9 au pouvoir, le pays connaissait une pauvret\u00e9 de plus de 50\u00a0%. Les V\u00e9n\u00e9zu\u00e9liens ne mangeaient pas. On vivait ce paradoxe des boutiques pleines et des estomacs vides, les gens n\u2019avaient pas d\u2019argent. La premi\u00e8re r\u00e9action de Chavez a donc \u00e9t\u00e9 d\u2019alimenter la population. Et \u00e7a s\u2019est fait par toutes les voies, semer, augmenter les importations. On \u00e9tait capable d\u2019acheter \u00e0 l\u2019ext\u00e9rieur n\u2019importe quelle quantit\u00e9, on avait de l\u2019argent. Il fallait le faire et on l\u2019a fait, mais le co\u00fbt a \u00e9t\u00e9 tr\u00e8s \u00e9lev\u00e9 car, \u00e0 une telle vitesse de paiement de la dette sociale, il a \u00e9t\u00e9 tr\u00e8s difficile de tout contr\u00f4ler.\u00a0Sachant par ailleurs que, en mati\u00e8re d\u2019alimentation par exemple, l\u2019Etat manquait de structures pour la transformation et la distribution, abandonn\u00e9es au secteur priv\u00e9. Le d\u00e9fi aujourd\u2019hui est d\u2019en reprendre le contr\u00f4le, mais \u00e7a ne se fait pas du jour au lendemain.\u00a0\u00bb<\/em><\/span><\/p>\n<p><span style=\"color: #000000;\">De son c\u00f4t\u00e9, d\u00e8s 2014, Freddy Bernal, actuel secr\u00e9taire g\u00e9n\u00e9ral des Comit\u00e9s locaux d\u2019approvisionnement et de production (CLAP) et ministre de l\u2019agriculture urbaine, n\u2019h\u00e9sitait pas \u00e0 \u00ab\u00a0mettre les pieds dans le plat\u00a0\u00bb\u00a0:\u00a0<em>\u00ab\u00a0\u00c7a ne serait pas une mauvaise chose pour le gouvernement d\u2019avoir des conseillers \u00e9conomiques qui soient non seulement chavistes, mais aussi \u00e9conomistes<\/em>\u00a0[<a id=\"nh5\" class=\"spip_note\" style=\"color: #000000;\" title=\"Entretien sur la cha\u00eene Globovisi\u00f3n rapport\u00e9 dans El Nacional du 30 juin\u00a0(...)\" href=\"http:\/\/www.medelu.org\/La-guerre-economique-pour-les-Nuls,2643#nb5\" rel=\"footnote\">5<\/a>]\u00a0<em>\u00a0!<\/em>\u00a0<em>\u00a0\u00bb<\/em>\u00a0C\u2019est dire qu\u2019il ne s\u2019agit pas ici d\u2019absoudre de toute faute ou erreur les gestions des pr\u00e9sidents Ch\u00e1vez et Maduro. Lucidement, un ancien membre du gouvernement sait faire la part des choses\u00a0:\u00a0<em>\u00ab\u00a0Je suis conscient que le pouvoir a parfois exag\u00e9r\u00e9 en mettant sur le dos de la guerre \u00e9conomique des erreurs dont il est lui-m\u00eame responsable.\u00a0\u00bb\u00a0<\/em>Mais il ajoute imm\u00e9diatement\u00a0:\u00a0<em>\u00ab\u00a0Toutefois, il y a une r\u00e9alit\u00e9\u00a0: la guerre \u00e9conomique existe, ce n\u2019est ni une excuse ni de la parano\u00efa.\u00a0\u00bb<\/em><\/span><\/p>\n<p><span style=\"color: #000000;\">Alors que les m\u00e9dias dominants l\u2019occultent syst\u00e9matiquement, on estimera cette op\u00e9ration de d\u00e9stabilisation responsable \u00e0 70\u00a0% de la crise mortif\u00e8re qui affecte le pays. Ce n\u2019est tout de m\u00eame pas par hasard si les phases majeures de d\u00e9sapprovisionnement interviennent dans des moments pr\u00e9cis, \u00e0 la veille de rendez-vous \u00e9lectoraux \u2013 r\u00e9f\u00e9rendum constitutionnel (2007), \u00e9lections pr\u00e9sidentielles de 2012 et 2013, municipales de 2013, l\u00e9gislatives de 2015 \u2013 et dans la phase actuelle baptis\u00e9e \u00ab\u00a0Heure z\u00e9ro\u00a0\u00bb par l\u2019opposition.<\/span><\/p>\n<p><span style=\"color: #000000;\">Sacr\u00e9s m\u00e9dias, serait-on tent\u00e9 de sourire si l\u2019on n\u00e9gligeait leur \u00e9norme responsabilit\u00e9 dans la manipulation de l\u2019opinion\u2026 \u00ab\u00a0Au Venezuela, la p\u00e9nurie alimentaire pousse les habitants \u00e0 manger les animaux des zoos\u00a0\u00bb, titre\u00a0<em>VSD<\/em>\u00a0le 16 ao\u00fbt 2016.\u00a0<em>\u00ab\u00a0Des chiens sont abattus et d\u00e9pec\u00e9s en pleine rue pour leur viande\u00a0\u00bb,<\/em>\u00a0annonce le m\u00eame jour\u00a0<em>Atlantico<\/em>. Alors que, en moyenne, d\u2019apr\u00e8s\u00a0<em>La D\u00e9p\u00eache<\/em>\u00a0(19 ao\u00fbt 2016),\u00a0<em>\u00ab\u00a0chaque habitant a perdu en moyenne trois \u00e0 cinq kilos\u00a0\u00bb,\u00a0<\/em>pour ses confr\u00e8res de\u00a0<em>L\u2019Express,<\/em>\u00a0<em>\u00ab\u00a0le V\u00e9n\u00e9zu\u00e9lien moyen a perdu 8,5 kg en 2016 en raison de la crise alimentaire\u00a0\u00bb<\/em>\u00a0(22 f\u00e9vrier 2017)\u00a0[<a id=\"nh6\" class=\"spip_note\" style=\"color: #000000;\" title=\"D\u2019apr\u00e8s une \u00ab \u00e9tude \u00bb r\u00e9alis\u00e9e par des \u00ab scientifiques \u00bb de l\u2019Universit\u00e9 centrale\u00a0(...)\" href=\"http:\/\/www.medelu.org\/La-guerre-economique-pour-les-Nuls,2643#nb6\" rel=\"footnote\">6<\/a>]. Ils devaient \u00e0 l\u2019\u00e9vidence \u00eatre frapp\u00e9s d\u2019ob\u00e9sit\u00e9 au d\u00e9part si l\u2019on en juge par la silhouette des participants aux manifestations de l\u2019opposition \u2013 des gens qui meurent de faim avec des masques \u00e0 gaz super-sophistiqu\u00e9s sur le nez\u00a0[<a id=\"nh7\" class=\"spip_note\" style=\"color: #000000;\" title=\"\u00ab Au Venezuela, la fable des manifestations pacifiques \u00bb, M\u00e9moire des luttes,\u00a0(...)\" href=\"http:\/\/www.medelu.org\/La-guerre-economique-pour-les-Nuls,2643#nb7\" rel=\"footnote\">7<\/a>].<\/span><\/p>\n<p><span style=\"color: #000000;\">Plus s\u00e9rieusement,\u00a0<em>\u00ab\u00a0les p\u00e9nuries ont eu un impact consid\u00e9rable sur la vie quotidienne, les habitudes et les modes de consommation\u00a0\u00bb,\u00a0<\/em>t\u00e9moigne un \u00ab\u00a0chaviste\u00a0\u00bb de base qui vit dans le centre de Caracas, \u00e0 La Candelar\u00eda. Estimant avoir perdu deux bons kilos, il ajoute\u00a0:\u00a0<em>\u00ab\u00a0Il y a \u00e9videmment une fatigue, une chute du moral, surtout parce qu\u2019on venait d\u2019une \u00e9norme facilit\u00e9 en mati\u00e8re de consommation, ces dix derni\u00e8res ann\u00e9es\u2026\u00a0\u00bb<\/em><\/span><\/p>\n<p><span style=\"color: #000000;\">Contrairement \u00e0 ce qu\u2019affirment les officines de propagande, le Venezuela n\u2019a n\u00e9anmoins rien d\u2019une nouvelle Somalie. D\u2019apr\u00e8s l\u2019Institut national de la nutrition, le pays importe annuellement par personne 138 dollars d\u2019aliments (82,5 en 2004)\u00a0[<a id=\"nh8\" class=\"spip_note\" style=\"color: #000000;\" title=\"\u00ab Venezuela : estad\u00edsticas alimentarias \u00bb, Caracas, 8 mai 2017.\" href=\"http:\/\/www.medelu.org\/La-guerre-economique-pour-les-Nuls,2643#nb8\" rel=\"footnote\">8<\/a>]. En y ajoutant la production nationale, chaque citoyen dispose statistiquement pour se nourrir de 476 kilos par an (396,3 en 1999). Toutefois, \u00e0 l\u2019exception des classes moyenne et sup\u00e9rieure o\u00f9, sauf p\u00e9riodes cycliques pendant lesquelles dispara\u00eet un produit particulier, le pouvoir d\u2019achat permet de continuer \u00e0 s\u2019approvisionner quel que soit le prix, tous les V\u00e9n\u00e9zu\u00e9liens sont incontestablement affect\u00e9s par la crise. Alors qu\u2019en \u00ab\u00a0disponibilit\u00e9 \u00e9nerg\u00e9tique\u00a0\u00bb le pays \u00e9tait arriv\u00e9 en 2012 \u00e0 3200 calories\/jour (l\u2019indicateur d\u2019un pays d\u00e9velopp\u00e9), cette moyenne a chut\u00e9 pour s\u2019\u00e9tablir \u00e0 2883 calories\/jour \u2013 une r\u00e9duction notable, mais toujours au-dessus des recommandations de la FAO (2720).<\/span><\/p>\n<p><span style=\"color: #000000;\">Sans tomber dans un humour d\u00e9plac\u00e9 compte tenu des souffrances de leurs compatriotes, certains y trouvent m\u00eame quelques avantages\u00a0:\u00a0<em>\u00ab\u00a0Nous \u00e9tions habitu\u00e9s \u00e0 des indices exag\u00e9r\u00e9s de consommation. Alors que l\u2019Organisation mondiale de la sant\u00e9\u00a0<\/em>[OMS]\u00a0<em>recommande une disponibilit\u00e9 de 15 kilos de sucre par an et par personne, nous \u00e9tions \u00e0 40\u00a0! Une consommation excessive pour la sant\u00e9, mais c\u2019\u00e9tait un produit tr\u00e8s bon march\u00e9, car subventionn\u00e9\u2026\u00a0\u00bb<\/em><\/span><\/p>\n<p><span style=\"color: #000000;\">Pour r\u00e9pondre \u00e0 l\u2019agression multiforme de cette guerre \u00e9conomique, le pouvoir a repris l\u2019offensive.\u00a0<em>\u00ab\u00a0Nous allons vers une consommation chaque jour plus planifi\u00e9e pour rationaliser l\u2019utilisation des devises,\u00a0<\/em>explique Iv\u00e1n Gil.\u00a0<em>Mais nous sommes face \u00e0 un d\u00e9fi. Alors que l\u2019Etat a r\u00e9duit drastiquement les devises au priv\u00e9 pour l\u2019importation d\u2019aliments, et les importe d\u00e9sormais lui-m\u00eame, comment faisons-nous pour qu\u2019ils arrivent \u00e0 tout le monde, et de fa\u00e7on \u00e9gale\u00a0?\u00a0\u00bb<\/em><\/span><\/p>\n<p><span style=\"color: #000000;\">Administr\u00e9s par les collectifs d\u2019habitants, les CLAP apportent une premi\u00e8re r\u00e9ponse, f\u00fbt-elle provisoire et limit\u00e9e. En distribuant tous les quinze jours aux habitants des quartiers populaires, pour 10 870 bolivars, un panier alimentaire qui en co\u00fbterait 140 000 dans la rue, ils ont ramen\u00e9 le sourire sur de nombreux visages et desserr\u00e9 l\u2019\u00e9tau des p\u00e9nuries.<\/span><\/p>\n<p><span style=\"color: #000000;\">Il n\u2019est pas anodin que, dans le cadre des violences exerc\u00e9es par les commandos de choc de l\u2019opposition depuis d\u00e9but avril, la s\u00e9questration de camions d\u2019aliments ainsi que l\u2019attaque de d\u00e9p\u00f4ts du Mercal (magasins d\u2019alimentation \u00e0 bas prix de l\u2019Etat et entrep\u00f4ts des CLAP) et de \u00ab\u00a0Centres d\u2019approvisionnement bicentenaire\u00a0\u00bb paraissent devenir une priorit\u00e9. A la mi-juillet, \u00e0 Lecheria (Etat d\u2019Anzoategui), entre 50 et 60 tonnes de beurre, p\u00e2tes, viande, sucre, lait, riz, sont ainsi partis en fum\u00e9e\u00a0[<a id=\"nh9\" class=\"spip_note\" style=\"color: #000000;\" title=\"Lire Marco Teruggi, \u00ab Br\u00fbler la nourriture : nouvelle tactique de la bataille\u00a0(...)\" href=\"http:\/\/www.medelu.org\/La-guerre-economique-pour-les-Nuls,2643#nb9\" rel=\"footnote\">9<\/a>]. Il leur faut affamer le peuple pour atteindre leurs fins.<\/span><\/p>\n<p><span style=\"color: #000000;\">Tant le FMI que la Banque mondiale (BM) ou la Banque interam\u00e9ricaine de d\u00e9veloppement (BID) tirent la sonnette d\u2019alarme. D\u2019apr\u00e8s leurs derni\u00e8res d\u00e9clarations, \u00e0 la mi-juillet,\u00a0<em>\u00ab\u00a0les cent jours de manifestations ont laiss\u00e9 un solde tr\u00e8s n\u00e9gatif pour l\u2019\u00e9conomie v\u00e9n\u00e9zu\u00e9lienne.\u00a0\u00bb\u00a0<\/em>Du fait des\u00a0<em>\u00ab\u00a0heures non travaill\u00e9es, des pertes \u00e0 l\u2019exportation, de la baisse de production du secteur \u00e9lectrique, de la diminution des ventes, des difficult\u00e9s pour approvisionner des sites probl\u00e9matiques et des co\u00fbts en mati\u00e8re de sant\u00e9 et de s\u00e9curit\u00e9\u00a0\u00bb,<\/em>\u00a0ils<strong>\u00a0<\/strong>\u00e9valuent d\u00e9j\u00e0 \u00e0 5\u00a0% la chute du PIB \u2013 l\u2019\u00e9quivalent du\u00a0<em>\u00ab\u00a0paro petrolero\u00a0\u00bb<\/em>\u00a0(gr\u00e8ve p\u00e9troli\u00e8re) de d\u00e9cembre 2002 \u2013 janvier 2003, induisant une perte de 21 milliards de dollars\u00a0[<a id=\"nh10\" class=\"spip_note\" style=\"color: #000000;\" title=\"El Mundo, Caracas, 17 juillet 2017.\" href=\"http:\/\/www.medelu.org\/La-guerre-economique-pour-les-Nuls,2643#nb10\" rel=\"footnote\">10<\/a>].<\/span><\/p>\n<p><span style=\"color: #000000;\">Dans le m\u00eame temps, et depuis 2013, alors que Caracas a pay\u00e9 rubis sur l\u2019ongle \u2013 ce que lui reproche la gauche du chavisme \u2013 63,56 milliards de dollars pour le service de sa dette, le \u00ab\u00a0risque pays\u00a0\u00bb a augment\u00e9 de 202\u00a0%, passant de 768 en 2012 \u00e0 2323 en 2016 et rendant prohibitif tout emprunt sur le march\u00e9 bancaire international. Si l\u2019on rajoute que la City Bank am\u00e9ricaine a ferm\u00e9 les comptes du Venezuela (pas ceux des particuliers, juste ceux du gouvernement), une conclusion s\u2019impose\u00a0: c\u2019est bien d\u2019un \u00e9tranglement \u00e9conomique qu\u2019il s\u2019agit. Sans pr\u00e9juger des sanctions annonc\u00e9es par \u00ab\u00a0le ma\u00eetre de la Maison-Blanche\u00a0\u00bb, Donald Trump\u2026<\/span><\/p>\n<p><span style=\"color: #000000;\">C\u2019est fort de son aval que l\u2019opposition\u00a0<em>\u00ab\u00a0golpista\u00a0\u00bb<\/em>\u00a0a appel\u00e9 \u00e0 une gr\u00e8ve g\u00e9n\u00e9rale et \u00e0 la paralysie du pays les 26 et 27 juillet, pour s\u2019opposer \u00e0 l\u2019\u00e9lection de l\u2019Assembl\u00e9e nationale constituante (ANC). Pr\u00eatant \u00e0 sourire, plusieurs de ses dirigeants ont incit\u00e9 la population \u00e0 constituer des r\u00e9serves de nourriture et de produits de base pour toute la semaine. Curieux, non\u00a0? O\u00f9 s\u2019approvisionner quand, d\u2019apr\u00e8s eux, on ne trouve plus rien nulle part, ni dans les boutiques ni dans les supermarch\u00e9s\u00a0?<\/span><\/p>\n<p><span style=\"color: #000000;\">Faute de possibilit\u00e9 de dialogue avec une opposition uniquement attach\u00e9e \u00e0 le renverser, le pr\u00e9sident Maduro, en se basant sur l\u2019article 348 de la Constitution, a en effet convoqu\u00e9 et fait \u00e9lire le 30 juillet cette ANC pour donner la parole au peuple,\u00a0<em>\u00ab\u00a0ramener l\u2019ordre, faire justice et d\u00e9fendre la paix\u00a0\u00bb.\u00a0<\/em>L\u2019avenir dira si ce grand \u00ab\u00a0remue-m\u00e9ninge\u00a0\u00bb, outre la re-mobilisation r\u00e9ussie du \u00ab\u00a0chavisme historique\u00a0\u00bb, parviendra \u00e0 r\u00e9pondre aux d\u00e9fis pos\u00e9s par la conjoncture et entra\u00eenera une large r\u00e9flexion collective.<\/span><\/p>\n<p><span style=\"color: #000000;\">En tout cas, les questions ne manquent pas. Comment diversifier les exportations\u00a0? Avec quoi et o\u00f9\u00a0? Comment rendre efficaces les contr\u00f4les\u00a0? Comment s\u2019assurer que les biens ayant fait l\u2019objet d\u2019un octroi de devises sont bien import\u00e9s\u00a0? Comment, apr\u00e8s avoir d\u00e9mocratis\u00e9 la consommation, d\u00e9mocratiser la production\u00a0? Comment normaliser la distribution des biens essentiels\u00a0? Pourquoi ne pas utiliser des mesures plus radicales et \u00ab\u00a0prendre les choses en main\u00a0\u00bb quand il le faut\u00a0: lorsque manque artificiellement le pain, est-il plus difficile d\u2019empaqueter de la farine que de produire du p\u00e9trole, ce que fait parfaitement l\u2019Etat\u00a0? Et pourquoi ne pas nationaliser l\u2019industrie pharmaceutique\u00a0? Ouvrir le passage \u00e0 de nouveaux acteurs \u00e9conomiques\u00a0? Augmenter et rendre efficace la propri\u00e9t\u00e9 sociale des moyens de production\u00a0? Cr\u00e9er des entreprises alternatives\u00a0plut\u00f4t que d\u2019\u00e9tatiser les secteurs qui sabotent l\u2019\u00e9conomie\u00a0?<\/span><\/p>\n<p><span style=\"color: #000000;\">Les r\u00e9ponses \u00e0 ces questions n\u2019impliquent pas forc\u00e9ment d\u2019\u00eatre introduites dans la Constitution r\u00e9actualis\u00e9e. Mais cette reprise d\u2019initiative du chavisme et ce vaste chantier permettront sans doute de les poser. Et de trouver des parades \u00e0 la guerre implacable et sournoise men\u00e9e autant contre le peuple que contre l\u2019\u00e9conomie.<\/span><\/p>\n<p>&nbsp;<\/p>\n<\/div>\n<\/div>\n<div id=\"tags2\"><\/div>\n<div class=\"notes surlignable\">\n<p class=\"pas_surlignable\"><strong><span style=\"color: #000000;\">NOTES<\/span><\/strong><\/p>\n<p><span style=\"color: #000000;\">[<a id=\"nb1\" class=\"spip_note\" style=\"color: #000000;\" title=\"Notes 1\" href=\"http:\/\/www.medelu.org\/La-guerre-economique-pour-les-Nuls,2643#nh1\" rev=\"footnote\">1<\/a>] \u00ab\u00a0<em>Cultura al d\u00eda\u00a0\u00bb,<\/em>\u00a0<em>Alba Ciudad,<\/em>\u00a0Caracas, 10 juillet 2015.<\/span><\/p>\n<p><span style=\"color: #000000;\">[<a id=\"nb2\" class=\"spip_note\" style=\"color: #000000;\" title=\"Notes 2\" href=\"http:\/\/www.medelu.org\/La-guerre-economique-pour-les-Nuls,2643#nh2\" rev=\"footnote\">2<\/a>] \u00a0<em>BBC Mundo,\u00a0<\/em>7 mars 2016.<\/span><\/p>\n<p><span style=\"color: #000000;\">[<a id=\"nb3\" class=\"spip_note\" style=\"color: #000000;\" title=\"Notes 3\" href=\"http:\/\/www.medelu.org\/La-guerre-economique-pour-les-Nuls,2643#nh3\" rev=\"footnote\">3<\/a>] \u00a0<em>El Universal,\u00a0<\/em>Caracas, 31 juillet 2017.<\/span><\/p>\n<p><span style=\"color: #000000;\">[<a id=\"nb4\" class=\"spip_note\" style=\"color: #000000;\" title=\"Notes 4\" href=\"http:\/\/www.medelu.org\/La-guerre-economique-pour-les-Nuls,2643#nh4\" rev=\"footnote\">4<\/a>] On peut entre autres suivre les travaux de Luis Salas sur le site 15yultimo.com<\/span><\/p>\n<p><span style=\"color: #000000;\">[<a id=\"nb5\" class=\"spip_note\" style=\"color: #000000;\" title=\"Notes 5\" href=\"http:\/\/www.medelu.org\/La-guerre-economique-pour-les-Nuls,2643#nh5\" rev=\"footnote\">5<\/a>] Entretien sur la cha\u00eene\u00a0<em>Globovisi\u00f3n<\/em>\u00a0rapport\u00e9 dans\u00a0<em>El Nacional<\/em>\u00a0du 30 juin 2014.<\/span><\/p>\n<p><span style=\"color: #000000;\">[<a id=\"nb6\" class=\"spip_note\" style=\"color: #000000;\" title=\"Notes 6\" href=\"http:\/\/www.medelu.org\/La-guerre-economique-pour-les-Nuls,2643#nh6\" rev=\"footnote\">6<\/a>] D\u2019apr\u00e8s une \u00ab\u00a0\u00e9tude\u00a0\u00bb r\u00e9alis\u00e9e par des \u00ab\u00a0scientifiques\u00a0\u00bb de l\u2019Universit\u00e9 centrale du Venezuela, l\u2019Universit\u00e9 catholique Andr\u00e9s Bello, l\u2019Universit\u00e9 Sim\u00f3n Bolivar, le groupe alimentaire Fundaci\u00f3n Bengoa et d\u2019\u00ab\u00a0autres\u00a0\u00bb ONG.<\/span><\/p>\n<p><span style=\"color: #000000;\">[<a id=\"nb7\" class=\"spip_note\" style=\"color: #000000;\" title=\"Notes 7\" href=\"http:\/\/www.medelu.org\/La-guerre-economique-pour-les-Nuls,2643#nh7\" rev=\"footnote\">7<\/a>] \u00ab\u00a0Au Venezuela, la fable des manifestations pacifiques\u00a0\u00bb,\u00a0<em>M\u00e9moire des luttes,<\/em>\u00a015 juin 2017.<\/span><\/p>\n<p><span style=\"color: #000000;\">[<a id=\"nb8\" class=\"spip_note\" style=\"color: #000000;\" title=\"Notes 8\" href=\"http:\/\/www.medelu.org\/La-guerre-economique-pour-les-Nuls,2643#nh8\" rev=\"footnote\">8<\/a>] \u00ab\u00a0Venezuela\u00a0: estad\u00edsticas alimentarias\u00a0\u00bb, Caracas, 8 mai 2017.<\/span><\/p>\n<p><span style=\"color: #000000;\">[<a id=\"nb9\" class=\"spip_note\" style=\"color: #000000;\" title=\"Notes 9\" href=\"http:\/\/www.medelu.org\/La-guerre-economique-pour-les-Nuls,2643#nh9\" rev=\"footnote\">9<\/a>] Lire Marco Teruggi, \u00ab\u00a0Br\u00fbler la nourriture\u00a0: nouvelle tactique de la bataille des trente\u00a0jours\u00a0\u00bb,\u00a0<em>Venezuela Infos<\/em>, 13 juillet 2017.<\/span><\/p>\n<p><span style=\"color: #000000;\">[<a id=\"nb10\" class=\"spip_note\" style=\"color: #000000;\" title=\"Notes 10\" href=\"http:\/\/www.medelu.org\/La-guerre-economique-pour-les-Nuls,2643#nh10\" rev=\"footnote\">10<\/a>]\u00a0<em>El Mundo,\u00a0<\/em>Caracas, 17 juillet 2017.<\/span><\/p>\n<\/div>\n<p><a id=\"forum\" href=\"http:\/\/www.medelu.org\/La-guerre-economique-pour-les-Nuls,2643#forum\" name=\"forum\"><\/a><\/p>\n","protected":false},"excerpt":{"rendered":"<p>Sous la forme d\u2019un feuilleton en quatre parties, M\u00e9moire des luttes publie une enqu\u00eate exclusive de\u00a0Maurice\u00a0Lemoine\u00a0consacr\u00e9e \u00e0 la question de la \u00ab\u00a0guerre \u00e9conomique\u00a0\u00bb au Venezuela. Alors que la vague de violence d\u00e9clench\u00e9e par une opposition d\u00e9cid\u00e9e \u00e0 le renverser a&hellip;<\/p>\n","protected":false},"author":1133,"featured_media":514990,"comment_status":"closed","ping_status":"closed","sticky":false,"template":"","format":"standard","meta":{"footnotes":""},"categories":[86,100,40,95],"tags":[15168,4602,34],"class_list":["post-513575","post","type-post","status-publish","format-standard","has-post-thumbnail","hentry","category-amerique-du-sud","category-economie","category-international-fr","category-affaires-etrangeres","tag-guerre-economique","tag-nicolas-maduro-fr","tag-venezuela"],"yoast_head":"<!-- This site is optimized with the Yoast SEO plugin v27.1.1 - https:\/\/yoast.com\/product\/yoast-seo-wordpress\/ -->\n<title>Venezuela : La \u00ab guerre \u00e9conomique \u00bb pour les Nuls (et les journalistes) [4\/4]<\/title>\n<meta name=\"description\" content=\"Sous la forme d\u2019un feuilleton en quatre parties, M\u00e9moire des luttes publie une enqu\u00eate exclusive de\u00a0Maurice\u00a0Lemoine\u00a0consacr\u00e9e \u00e0 la question de la \u00ab\u00a0guerre\" \/>\n<meta name=\"robots\" content=\"index, follow, max-snippet:-1, max-image-preview:large, max-video-preview:-1\" \/>\n<link rel=\"canonical\" href=\"https:\/\/www.pressenza.com\/fr\/2017\/09\/venezuela-guerre-economique-nuls-journalistes-44\/\" \/>\n<meta property=\"og:locale\" content=\"fr_FR\" \/>\n<meta property=\"og:type\" content=\"article\" \/>\n<meta property=\"og:title\" content=\"Venezuela : La \u00ab guerre \u00e9conomique \u00bb pour les Nuls (et les journalistes) [4\/4]\" \/>\n<meta property=\"og:description\" content=\"Sous la forme d\u2019un feuilleton en quatre parties, M\u00e9moire des luttes publie une enqu\u00eate exclusive de\u00a0Maurice\u00a0Lemoine\u00a0consacr\u00e9e \u00e0 la question de la \u00ab\u00a0guerre\" \/>\n<meta property=\"og:url\" content=\"https:\/\/www.pressenza.com\/fr\/2017\/09\/venezuela-guerre-economique-nuls-journalistes-44\/\" \/>\n<meta property=\"og:site_name\" content=\"Pressenza\" \/>\n<meta property=\"article:publisher\" content=\"https:\/\/www.facebook.com\/PressenzaItalia\" \/>\n<meta property=\"article:author\" content=\"https:\/\/www.facebook.com\/pages\/Mmoire-des-luttes\/178755582166132\" \/>\n<meta property=\"article:published_time\" content=\"2017-09-07T21:42:04+00:00\" \/>\n<meta property=\"article:modified_time\" content=\"2017-09-08T05:38:48+00:00\" \/>\n<meta property=\"og:image\" content=\"https:\/\/www.pressenza.com\/wp-content\/uploads\/2017\/09\/La-guerre---conomique-pour-les-Nuls-et-les-journalistes-----4de4.jpg\" \/>\n\t<meta property=\"og:image:width\" content=\"750\" \/>\n\t<meta property=\"og:image:height\" content=\"465\" \/>\n\t<meta property=\"og:image:type\" content=\"image\/jpeg\" \/>\n<meta name=\"author\" content=\"Memoire des luttes\" \/>\n<meta name=\"twitter:card\" content=\"summary_large_image\" \/>\n<meta name=\"twitter:creator\" content=\"@memoireluttes\" \/>\n<meta name=\"twitter:site\" content=\"@PressenzaIPA\" \/>\n<meta name=\"twitter:label1\" content=\"\u00c9crit par\" \/>\n\t<meta name=\"twitter:data1\" content=\"Memoire des luttes\" \/>\n\t<meta name=\"twitter:label2\" content=\"Dur\u00e9e de lecture estim\u00e9e\" \/>\n\t<meta name=\"twitter:data2\" content=\"21 minutes\" \/>\n<script type=\"application\/ld+json\" class=\"yoast-schema-graph\">{\"@context\":\"https:\/\/schema.org\",\"@graph\":[{\"@type\":\"Article\",\"@id\":\"https:\/\/www.pressenza.com\/fr\/2017\/09\/venezuela-guerre-economique-nuls-journalistes-44\/#article\",\"isPartOf\":{\"@id\":\"https:\/\/www.pressenza.com\/fr\/2017\/09\/venezuela-guerre-economique-nuls-journalistes-44\/\"},\"author\":{\"name\":\"Memoire des luttes\",\"@id\":\"https:\/\/www.pressenza.com\/fr\/#\/schema\/person\/3a03c7500018fdf920bd07dbf6defe0f\"},\"headline\":\"Venezuela : La \u00ab guerre \u00e9conomique \u00bb pour les Nuls (et les journalistes) [4\/4]\",\"datePublished\":\"2017-09-07T21:42:04+00:00\",\"dateModified\":\"2017-09-08T05:38:48+00:00\",\"mainEntityOfPage\":{\"@id\":\"https:\/\/www.pressenza.com\/fr\/2017\/09\/venezuela-guerre-economique-nuls-journalistes-44\/\"},\"wordCount\":4148,\"publisher\":{\"@id\":\"https:\/\/www.pressenza.com\/fr\/#organization\"},\"image\":{\"@id\":\"https:\/\/www.pressenza.com\/fr\/2017\/09\/venezuela-guerre-economique-nuls-journalistes-44\/#primaryimage\"},\"thumbnailUrl\":\"https:\/\/www.pressenza.com\/wp-content\/uploads\/2017\/09\/La-guerre---conomique-pour-les-Nuls-et-les-journalistes-----4de4.jpg\",\"keywords\":[\"guerre \u00e9conomique\",\"Nicolas Maduro\",\"Venezuela\"],\"articleSection\":[\"Am\u00e9rique du Sud\",\"Economie\",\"International\",\"Relations internationales\"],\"inLanguage\":\"fr-FR\"},{\"@type\":\"WebPage\",\"@id\":\"https:\/\/www.pressenza.com\/fr\/2017\/09\/venezuela-guerre-economique-nuls-journalistes-44\/\",\"url\":\"https:\/\/www.pressenza.com\/fr\/2017\/09\/venezuela-guerre-economique-nuls-journalistes-44\/\",\"name\":\"Venezuela : La \u00ab guerre \u00e9conomique \u00bb pour les Nuls (et les journalistes) [4\/4]\",\"isPartOf\":{\"@id\":\"https:\/\/www.pressenza.com\/fr\/#website\"},\"primaryImageOfPage\":{\"@id\":\"https:\/\/www.pressenza.com\/fr\/2017\/09\/venezuela-guerre-economique-nuls-journalistes-44\/#primaryimage\"},\"image\":{\"@id\":\"https:\/\/www.pressenza.com\/fr\/2017\/09\/venezuela-guerre-economique-nuls-journalistes-44\/#primaryimage\"},\"thumbnailUrl\":\"https:\/\/www.pressenza.com\/wp-content\/uploads\/2017\/09\/La-guerre---conomique-pour-les-Nuls-et-les-journalistes-----4de4.jpg\",\"datePublished\":\"2017-09-07T21:42:04+00:00\",\"dateModified\":\"2017-09-08T05:38:48+00:00\",\"description\":\"Sous la forme d\u2019un feuilleton en quatre parties, M\u00e9moire des luttes publie une enqu\u00eate exclusive de\u00a0Maurice\u00a0Lemoine\u00a0consacr\u00e9e \u00e0 la question de la \u00ab\u00a0guerre\",\"breadcrumb\":{\"@id\":\"https:\/\/www.pressenza.com\/fr\/2017\/09\/venezuela-guerre-economique-nuls-journalistes-44\/#breadcrumb\"},\"inLanguage\":\"fr-FR\",\"potentialAction\":[{\"@type\":\"ReadAction\",\"target\":[\"https:\/\/www.pressenza.com\/fr\/2017\/09\/venezuela-guerre-economique-nuls-journalistes-44\/\"]}]},{\"@type\":\"ImageObject\",\"inLanguage\":\"fr-FR\",\"@id\":\"https:\/\/www.pressenza.com\/fr\/2017\/09\/venezuela-guerre-economique-nuls-journalistes-44\/#primaryimage\",\"url\":\"https:\/\/www.pressenza.com\/wp-content\/uploads\/2017\/09\/La-guerre---conomique-pour-les-Nuls-et-les-journalistes-----4de4.jpg\",\"contentUrl\":\"https:\/\/www.pressenza.com\/wp-content\/uploads\/2017\/09\/La-guerre---conomique-pour-les-Nuls-et-les-journalistes-----4de4.jpg\",\"width\":750,\"height\":465},{\"@type\":\"BreadcrumbList\",\"@id\":\"https:\/\/www.pressenza.com\/fr\/2017\/09\/venezuela-guerre-economique-nuls-journalistes-44\/#breadcrumb\",\"itemListElement\":[{\"@type\":\"ListItem\",\"position\":1,\"name\":\"Accueil\",\"item\":\"https:\/\/www.pressenza.com\/fr\/\"},{\"@type\":\"ListItem\",\"position\":2,\"name\":\"Venezuela : La \u00ab guerre \u00e9conomique \u00bb pour les Nuls (et les journalistes) [4\/4]\"}]},{\"@type\":\"WebSite\",\"@id\":\"https:\/\/www.pressenza.com\/fr\/#website\",\"url\":\"https:\/\/www.pressenza.com\/fr\/\",\"name\":\"Pressenza\",\"description\":\"International Press Agency\",\"publisher\":{\"@id\":\"https:\/\/www.pressenza.com\/fr\/#organization\"},\"potentialAction\":[{\"@type\":\"SearchAction\",\"target\":{\"@type\":\"EntryPoint\",\"urlTemplate\":\"https:\/\/www.pressenza.com\/fr\/?s={search_term_string}\"},\"query-input\":{\"@type\":\"PropertyValueSpecification\",\"valueRequired\":true,\"valueName\":\"search_term_string\"}}],\"inLanguage\":\"fr-FR\"},{\"@type\":\"Organization\",\"@id\":\"https:\/\/www.pressenza.com\/fr\/#organization\",\"name\":\"Pressenza\",\"url\":\"https:\/\/www.pressenza.com\/fr\/\",\"logo\":{\"@type\":\"ImageObject\",\"inLanguage\":\"fr-FR\",\"@id\":\"https:\/\/www.pressenza.com\/fr\/#\/schema\/logo\/image\/\",\"url\":\"https:\/\/www.pressenza.com\/wp-content\/uploads\/2022\/10\/pressenza_logo_200x200.jpg\",\"contentUrl\":\"https:\/\/www.pressenza.com\/wp-content\/uploads\/2022\/10\/pressenza_logo_200x200.jpg\",\"width\":200,\"height\":200,\"caption\":\"Pressenza\"},\"image\":{\"@id\":\"https:\/\/www.pressenza.com\/fr\/#\/schema\/logo\/image\/\"},\"sameAs\":[\"https:\/\/www.facebook.com\/PressenzaItalia\",\"https:\/\/x.com\/PressenzaIPA\"]},{\"@type\":\"Person\",\"@id\":\"https:\/\/www.pressenza.com\/fr\/#\/schema\/person\/3a03c7500018fdf920bd07dbf6defe0f\",\"name\":\"Memoire des luttes\",\"description\":\"\\\"Pour nos combats de demain, pour un monde plus libre, plus juste, plus \u00e9galitaire, plus fraternel et solidaire, nous devons maintenir vivante la m\u00e9moire de nos luttes\\\". Gunter Holzmann www.medelu.org\",\"sameAs\":[\"https:\/\/www.facebook.com\/pages\/Mmoire-des-luttes\/178755582166132\",\"https:\/\/x.com\/@memoireluttes\"],\"url\":\"https:\/\/www.pressenza.com\/fr\/author\/memoire-des-luttes\/\"}]}<\/script>\n<!-- \/ Yoast SEO plugin. -->","yoast_head_json":{"title":"Venezuela : La \u00ab guerre \u00e9conomique \u00bb pour les Nuls (et les journalistes) [4\/4]","description":"Sous la forme d\u2019un feuilleton en quatre parties, M\u00e9moire des luttes publie une enqu\u00eate exclusive de\u00a0Maurice\u00a0Lemoine\u00a0consacr\u00e9e \u00e0 la question de la \u00ab\u00a0guerre","robots":{"index":"index","follow":"follow","max-snippet":"max-snippet:-1","max-image-preview":"max-image-preview:large","max-video-preview":"max-video-preview:-1"},"canonical":"https:\/\/www.pressenza.com\/fr\/2017\/09\/venezuela-guerre-economique-nuls-journalistes-44\/","og_locale":"fr_FR","og_type":"article","og_title":"Venezuela : La \u00ab guerre \u00e9conomique \u00bb pour les Nuls (et les journalistes) [4\/4]","og_description":"Sous la forme d\u2019un feuilleton en quatre parties, M\u00e9moire des luttes publie une enqu\u00eate exclusive de\u00a0Maurice\u00a0Lemoine\u00a0consacr\u00e9e \u00e0 la question de la \u00ab\u00a0guerre","og_url":"https:\/\/www.pressenza.com\/fr\/2017\/09\/venezuela-guerre-economique-nuls-journalistes-44\/","og_site_name":"Pressenza","article_publisher":"https:\/\/www.facebook.com\/PressenzaItalia","article_author":"https:\/\/www.facebook.com\/pages\/Mmoire-des-luttes\/178755582166132","article_published_time":"2017-09-07T21:42:04+00:00","article_modified_time":"2017-09-08T05:38:48+00:00","og_image":[{"width":750,"height":465,"url":"https:\/\/www.pressenza.com\/wp-content\/uploads\/2017\/09\/La-guerre---conomique-pour-les-Nuls-et-les-journalistes-----4de4.jpg","type":"image\/jpeg"}],"author":"Memoire des luttes","twitter_card":"summary_large_image","twitter_creator":"@memoireluttes","twitter_site":"@PressenzaIPA","twitter_misc":{"\u00c9crit par":"Memoire des luttes","Dur\u00e9e de lecture estim\u00e9e":"21 minutes"},"schema":{"@context":"https:\/\/schema.org","@graph":[{"@type":"Article","@id":"https:\/\/www.pressenza.com\/fr\/2017\/09\/venezuela-guerre-economique-nuls-journalistes-44\/#article","isPartOf":{"@id":"https:\/\/www.pressenza.com\/fr\/2017\/09\/venezuela-guerre-economique-nuls-journalistes-44\/"},"author":{"name":"Memoire des luttes","@id":"https:\/\/www.pressenza.com\/fr\/#\/schema\/person\/3a03c7500018fdf920bd07dbf6defe0f"},"headline":"Venezuela : La \u00ab guerre \u00e9conomique \u00bb pour les Nuls (et les journalistes) [4\/4]","datePublished":"2017-09-07T21:42:04+00:00","dateModified":"2017-09-08T05:38:48+00:00","mainEntityOfPage":{"@id":"https:\/\/www.pressenza.com\/fr\/2017\/09\/venezuela-guerre-economique-nuls-journalistes-44\/"},"wordCount":4148,"publisher":{"@id":"https:\/\/www.pressenza.com\/fr\/#organization"},"image":{"@id":"https:\/\/www.pressenza.com\/fr\/2017\/09\/venezuela-guerre-economique-nuls-journalistes-44\/#primaryimage"},"thumbnailUrl":"https:\/\/www.pressenza.com\/wp-content\/uploads\/2017\/09\/La-guerre---conomique-pour-les-Nuls-et-les-journalistes-----4de4.jpg","keywords":["guerre \u00e9conomique","Nicolas Maduro","Venezuela"],"articleSection":["Am\u00e9rique du Sud","Economie","International","Relations internationales"],"inLanguage":"fr-FR"},{"@type":"WebPage","@id":"https:\/\/www.pressenza.com\/fr\/2017\/09\/venezuela-guerre-economique-nuls-journalistes-44\/","url":"https:\/\/www.pressenza.com\/fr\/2017\/09\/venezuela-guerre-economique-nuls-journalistes-44\/","name":"Venezuela : La \u00ab guerre \u00e9conomique \u00bb pour les Nuls (et les journalistes) [4\/4]","isPartOf":{"@id":"https:\/\/www.pressenza.com\/fr\/#website"},"primaryImageOfPage":{"@id":"https:\/\/www.pressenza.com\/fr\/2017\/09\/venezuela-guerre-economique-nuls-journalistes-44\/#primaryimage"},"image":{"@id":"https:\/\/www.pressenza.com\/fr\/2017\/09\/venezuela-guerre-economique-nuls-journalistes-44\/#primaryimage"},"thumbnailUrl":"https:\/\/www.pressenza.com\/wp-content\/uploads\/2017\/09\/La-guerre---conomique-pour-les-Nuls-et-les-journalistes-----4de4.jpg","datePublished":"2017-09-07T21:42:04+00:00","dateModified":"2017-09-08T05:38:48+00:00","description":"Sous la forme d\u2019un feuilleton en quatre parties, M\u00e9moire des luttes publie une enqu\u00eate exclusive de\u00a0Maurice\u00a0Lemoine\u00a0consacr\u00e9e \u00e0 la question de la \u00ab\u00a0guerre","breadcrumb":{"@id":"https:\/\/www.pressenza.com\/fr\/2017\/09\/venezuela-guerre-economique-nuls-journalistes-44\/#breadcrumb"},"inLanguage":"fr-FR","potentialAction":[{"@type":"ReadAction","target":["https:\/\/www.pressenza.com\/fr\/2017\/09\/venezuela-guerre-economique-nuls-journalistes-44\/"]}]},{"@type":"ImageObject","inLanguage":"fr-FR","@id":"https:\/\/www.pressenza.com\/fr\/2017\/09\/venezuela-guerre-economique-nuls-journalistes-44\/#primaryimage","url":"https:\/\/www.pressenza.com\/wp-content\/uploads\/2017\/09\/La-guerre---conomique-pour-les-Nuls-et-les-journalistes-----4de4.jpg","contentUrl":"https:\/\/www.pressenza.com\/wp-content\/uploads\/2017\/09\/La-guerre---conomique-pour-les-Nuls-et-les-journalistes-----4de4.jpg","width":750,"height":465},{"@type":"BreadcrumbList","@id":"https:\/\/www.pressenza.com\/fr\/2017\/09\/venezuela-guerre-economique-nuls-journalistes-44\/#breadcrumb","itemListElement":[{"@type":"ListItem","position":1,"name":"Accueil","item":"https:\/\/www.pressenza.com\/fr\/"},{"@type":"ListItem","position":2,"name":"Venezuela : La \u00ab guerre \u00e9conomique \u00bb pour les Nuls (et les journalistes) [4\/4]"}]},{"@type":"WebSite","@id":"https:\/\/www.pressenza.com\/fr\/#website","url":"https:\/\/www.pressenza.com\/fr\/","name":"Pressenza","description":"International Press Agency","publisher":{"@id":"https:\/\/www.pressenza.com\/fr\/#organization"},"potentialAction":[{"@type":"SearchAction","target":{"@type":"EntryPoint","urlTemplate":"https:\/\/www.pressenza.com\/fr\/?s={search_term_string}"},"query-input":{"@type":"PropertyValueSpecification","valueRequired":true,"valueName":"search_term_string"}}],"inLanguage":"fr-FR"},{"@type":"Organization","@id":"https:\/\/www.pressenza.com\/fr\/#organization","name":"Pressenza","url":"https:\/\/www.pressenza.com\/fr\/","logo":{"@type":"ImageObject","inLanguage":"fr-FR","@id":"https:\/\/www.pressenza.com\/fr\/#\/schema\/logo\/image\/","url":"https:\/\/www.pressenza.com\/wp-content\/uploads\/2022\/10\/pressenza_logo_200x200.jpg","contentUrl":"https:\/\/www.pressenza.com\/wp-content\/uploads\/2022\/10\/pressenza_logo_200x200.jpg","width":200,"height":200,"caption":"Pressenza"},"image":{"@id":"https:\/\/www.pressenza.com\/fr\/#\/schema\/logo\/image\/"},"sameAs":["https:\/\/www.facebook.com\/PressenzaItalia","https:\/\/x.com\/PressenzaIPA"]},{"@type":"Person","@id":"https:\/\/www.pressenza.com\/fr\/#\/schema\/person\/3a03c7500018fdf920bd07dbf6defe0f","name":"Memoire des luttes","description":"\"Pour nos combats de demain, pour un monde plus libre, plus juste, plus \u00e9galitaire, plus fraternel et solidaire, nous devons maintenir vivante la m\u00e9moire de nos luttes\". Gunter Holzmann www.medelu.org","sameAs":["https:\/\/www.facebook.com\/pages\/Mmoire-des-luttes\/178755582166132","https:\/\/x.com\/@memoireluttes"],"url":"https:\/\/www.pressenza.com\/fr\/author\/memoire-des-luttes\/"}]}},"place":"","original_article_url":"http:\/\/www.medelu.org\/La-guerre-economique-pour-les-Nuls,2643?#","_links":{"self":[{"href":"https:\/\/www.pressenza.com\/fr\/wp-json\/wp\/v2\/posts\/513575","targetHints":{"allow":["GET"]}}],"collection":[{"href":"https:\/\/www.pressenza.com\/fr\/wp-json\/wp\/v2\/posts"}],"about":[{"href":"https:\/\/www.pressenza.com\/fr\/wp-json\/wp\/v2\/types\/post"}],"author":[{"embeddable":true,"href":"https:\/\/www.pressenza.com\/fr\/wp-json\/wp\/v2\/users\/1133"}],"replies":[{"embeddable":true,"href":"https:\/\/www.pressenza.com\/fr\/wp-json\/wp\/v2\/comments?post=513575"}],"version-history":[{"count":0,"href":"https:\/\/www.pressenza.com\/fr\/wp-json\/wp\/v2\/posts\/513575\/revisions"}],"wp:featuredmedia":[{"embeddable":true,"href":"https:\/\/www.pressenza.com\/fr\/wp-json\/wp\/v2\/media\/514990"}],"wp:attachment":[{"href":"https:\/\/www.pressenza.com\/fr\/wp-json\/wp\/v2\/media?parent=513575"}],"wp:term":[{"taxonomy":"category","embeddable":true,"href":"https:\/\/www.pressenza.com\/fr\/wp-json\/wp\/v2\/categories?post=513575"},{"taxonomy":"post_tag","embeddable":true,"href":"https:\/\/www.pressenza.com\/fr\/wp-json\/wp\/v2\/tags?post=513575"}],"curies":[{"name":"wp","href":"https:\/\/api.w.org\/{rel}","templated":true}]}}