{"id":50861,"date":"2013-05-08T17:42:40","date_gmt":"2013-05-08T16:42:40","guid":{"rendered":"http:\/\/www.pressenza.com\/?p=50861"},"modified":"2013-05-09T12:54:11","modified_gmt":"2013-05-09T11:54:11","slug":"excuses-et-dedommagement-a-linde","status":"publish","type":"post","link":"https:\/\/www.pressenza.com\/fr\/2013\/05\/excuses-et-dedommagement-a-linde\/","title":{"rendered":"Excuses et d\u00e9dommagement \u00e0 l&rsquo;Inde"},"content":{"rendered":"<p><a href=\"http:\/\/fr.wikipedia.org\/wiki\/Massacre_d'Amritsar\" target=\"_blank\">Le 13 avril 1919 centaines d&rsquo;Indiens furent massacr\u00e9es par les troupes coloniales britanniques<\/a>\u00a0aux ordres du g\u00e9n\u00e9ral Reginald Dyer, le \u00ab\u00a0boucher d&rsquo;Amritsar\u00a0\u00bb. Afin de susciter la terreur pour pr\u00e9venir des \u00e9ventuelles r\u00e9bellions en Punjab, le g\u00e9n\u00e9ral Dyer donna l&rsquo;ordre de tirer sur les participants \u00e0 un rassemblement politique pacifique \u00e0 Jallianwala Bagh, une \u00e9troite petite place de la ville, sans tirer des coups d&rsquo;avertissement et jusqu&rsquo;\u00e0 l&rsquo;\u00e9puisement des munitions. Les troupes se retir\u00e8rent ensuite sans fournir aucune assistance m\u00e9dicale aux bless\u00e9s.<\/p>\n<p>Suite \u00e0 la proc\u00e9dure disciplinaire du g\u00e9n\u00e9ral\u00a0Dyer organis\u00e9e\u00a0par la \u00ab Commission d&rsquo;enqu\u00eate sur les d\u00e9sordres \u00bb, express\u00e9ment constitu\u00e9e par le Gouvernement britannique en Inde, ne furent pas prises de mesures parce que les actions avaient \u00e9t\u00e9 tol\u00e9r\u00e9es par ses sup\u00e9rieurs. Cependant, la suite de l&rsquo;enqu\u00eate l&rsquo;officielle enl\u00e8ve\u00a0le commandement au <span style=\"font-size: 13px; line-height: 19px;\">g\u00e9n\u00e9ral<\/span><span style=\"font-size: 13px; line-height: 19px;\">\u00a0<\/span><span style=\"font-size: 13px; line-height: 19px;\">Dyer<\/span><span style=\"font-size: 13px; line-height: 19px;\">\u00a0<\/span><span style=\"font-size: 13px; line-height: 19px;\">le 23 mars 1920 et son d\u00e9part en retraite avec le degr\u00e9 de colonel s&rsquo;est produit le 17 juillet 1920.<\/span><\/p>\n<p><a href=\"http:\/\/www.leparisien.fr\/flash-actualite-monde\/inde-cameron-se-rend-sur-les-lieux-d-un-massacre-a-l-epoque-coloniale-20-02-2013-2583041.php\" target=\"_blank\">Le 20 f\u00e9vrier 2013 le premier ministre britannique David Cameron<\/a>\u00a0a visit\u00e9 le monument aux morts de Jallianwala Bagh en d\u00e9crivant le massacre comme \u00abun \u00e9v\u00e8nement profond\u00e9ment honteux dans l&rsquo;histoire britannique\u00bb, mais en \u00e9vitant de condamner le fait arriv\u00e9, de pr\u00e9senter des excuses officielles et d&rsquo;offrir un d\u00e9dommagement aux parents des victimes. En outre, la visite du premier ministre britannique a eu lieu pendant un voyage qui avait comme objectif principal\u00a0<a href=\"http:\/\/www.liberation.fr\/monde\/2013\/02\/16\/apres-hollande-cameron-part-en-inde-et-garde-espoir-de-detroner-le-rafale_882316\" target=\"_blank\">le d\u00e9veloppement des relations commerciales<\/a>, parmi\u00a0lesquelles\u00a0la promotion de l&rsquo;avion de combat multi-r\u00f4les Eurofighter Typhoon.<\/p>\n<p><a href=\"http:\/\/fr.rian.ru\/world\/20130221\/197605333.html\" target=\"_blank\">Le 21 f\u00e9vrier 2013 le premier ministre britannique David Cameron<\/a>\u00a0a d\u00e9clar\u00e9 que le Royaume-Uni n&rsquo;entend pas rendre le diamant Koh-le-Noor, m\u00eame si\u00a0<a href=\"http:\/\/theindianpapers.fr\/article\/cameron-en-inde-et-les-affres-du-passe-colonial\/\" target=\"_blank\">l&rsquo;Inde a d\u00e9j\u00e0 demand\u00e9 sa restitution \u00e0 plusieurs reprises<\/a>.<\/p>\n<p><strong>&lsquo;Colonialism Reparation&rsquo; demande au Royaume-Uni de pr\u00e9senter des excuses et des d\u00e9dommagement \u00e0 l&rsquo;Inde pour le massacre de Jallianwala Bagh et pour l&rsquo;enti\u00e8re p\u00e9riode de domination coloniale britannique, en rendant aussi les biens culturels soustraits pendant la p\u00e9riode coloniale.<\/strong><\/p>\n<p>Source:\u00a0<a href=\"http:\/\/www.colonialismreparation.org\/fr\/newsletter-04-13-excuses-et-dedommagement-a-l-inde.html\">http:\/\/www.colonialismreparation.org\/fr\/newsletter-04-13-excuses-et-dedommagement-a-l-inde.html<\/a><\/p>\n","protected":false},"excerpt":{"rendered":"<p>Le 13 avril 1919 centaines d&rsquo;Indiens furent massacr\u00e9es par les troupes coloniales britanniques\u00a0aux ordres du g\u00e9n\u00e9ral Reginald Dyer, le \u00ab\u00a0boucher d&rsquo;Amritsar\u00a0\u00bb. Afin de susciter la terreur pour pr\u00e9venir des \u00e9ventuelles r\u00e9bellions en Punjab, le g\u00e9n\u00e9ral Dyer donna l&rsquo;ordre de tirer&hellip;<\/p>\n","protected":false},"author":19,"featured_media":50864,"comment_status":"closed","ping_status":"open","sticky":false,"template":"","format":"standard","meta":{"footnotes":""},"categories":[84,40,95],"tags":[4867,4866,813],"class_list":["post-50861","post","type-post","status-publish","format-standard","has-post-thumbnail","hentry","category-asia-fr","category-international-fr","category-affaires-etrangeres","tag-amritsar","tag-angleterre","tag-inde"],"yoast_head":"<!-- This site is optimized with the Yoast SEO plugin v27.1.1 - https:\/\/yoast.com\/product\/yoast-seo-wordpress\/ -->\n<title>Excuses et d\u00e9dommagement \u00e0 l&#039;Inde<\/title>\n<meta name=\"description\" content=\"Le 13 avril 1919 centaines d&#039;Indiens furent massacr\u00e9es par les troupes coloniales britanniques\u00a0aux ordres du g\u00e9n\u00e9ral Reginald Dyer, le &quot;boucher\" \/>\n<meta name=\"robots\" content=\"index, follow, max-snippet:-1, max-image-preview:large, max-video-preview:-1\" \/>\n<link rel=\"canonical\" href=\"https:\/\/www.pressenza.com\/fr\/2013\/05\/excuses-et-dedommagement-a-linde\/\" \/>\n<meta property=\"og:locale\" content=\"fr_FR\" \/>\n<meta property=\"og:type\" content=\"article\" \/>\n<meta property=\"og:title\" content=\"Excuses et d\u00e9dommagement \u00e0 l&#039;Inde\" \/>\n<meta property=\"og:description\" content=\"Le 13 avril 1919 centaines d&#039;Indiens furent massacr\u00e9es par les troupes coloniales britanniques\u00a0aux ordres du g\u00e9n\u00e9ral Reginald Dyer, le &quot;boucher\" \/>\n<meta property=\"og:url\" content=\"https:\/\/www.pressenza.com\/fr\/2013\/05\/excuses-et-dedommagement-a-linde\/\" \/>\n<meta property=\"og:site_name\" content=\"Pressenza\" \/>\n<meta property=\"article:publisher\" content=\"https:\/\/www.facebook.com\/PressenzaItalia\" \/>\n<meta property=\"article:author\" content=\"https:\/\/www.facebook.com\/pressenza\" \/>\n<meta property=\"article:published_time\" content=\"2013-05-08T16:42:40+00:00\" \/>\n<meta property=\"article:modified_time\" content=\"2013-05-09T11:54:11+00:00\" \/>\n<meta property=\"og:image\" content=\"https:\/\/www.pressenza.com\/wp-content\/uploads\/2013\/05\/528px-Massacre_memorial_in_Amritsar.jpg\" \/>\n\t<meta property=\"og:image:width\" content=\"528\" \/>\n\t<meta property=\"og:image:height\" content=\"600\" \/>\n\t<meta property=\"og:image:type\" content=\"image\/jpeg\" \/>\n<meta name=\"author\" content=\"Pressenza IPA\" \/>\n<meta name=\"twitter:card\" content=\"summary_large_image\" \/>\n<meta name=\"twitter:creator\" content=\"@PressenzaIPA\" \/>\n<meta name=\"twitter:site\" content=\"@PressenzaIPA\" \/>\n<meta name=\"twitter:label1\" content=\"\u00c9crit par\" \/>\n\t<meta name=\"twitter:data1\" content=\"Pressenza IPA\" \/>\n\t<meta name=\"twitter:label2\" content=\"Dur\u00e9e de lecture estim\u00e9e\" \/>\n\t<meta name=\"twitter:data2\" content=\"2 minutes\" \/>\n<script type=\"application\/ld+json\" class=\"yoast-schema-graph\">{\"@context\":\"https:\/\/schema.org\",\"@graph\":[{\"@type\":\"Article\",\"@id\":\"https:\/\/www.pressenza.com\/fr\/2013\/05\/excuses-et-dedommagement-a-linde\/#article\",\"isPartOf\":{\"@id\":\"https:\/\/www.pressenza.com\/fr\/2013\/05\/excuses-et-dedommagement-a-linde\/\"},\"author\":{\"name\":\"Pressenza IPA\",\"@id\":\"https:\/\/www.pressenza.com\/fr\/#\/schema\/person\/010e5d02bcf40965427a1289a4cc8d75\"},\"headline\":\"Excuses et d\u00e9dommagement \u00e0 l&rsquo;Inde\",\"datePublished\":\"2013-05-08T16:42:40+00:00\",\"dateModified\":\"2013-05-09T11:54:11+00:00\",\"mainEntityOfPage\":{\"@id\":\"https:\/\/www.pressenza.com\/fr\/2013\/05\/excuses-et-dedommagement-a-linde\/\"},\"wordCount\":371,\"publisher\":{\"@id\":\"https:\/\/www.pressenza.com\/fr\/#organization\"},\"image\":{\"@id\":\"https:\/\/www.pressenza.com\/fr\/2013\/05\/excuses-et-dedommagement-a-linde\/#primaryimage\"},\"thumbnailUrl\":\"https:\/\/www.pressenza.com\/wp-content\/uploads\/2013\/05\/528px-Massacre_memorial_in_Amritsar.jpg\",\"keywords\":[\"Amritsar\",\"Angleterre\",\"Inde\"],\"articleSection\":[\"Asie\",\"International\",\"Relations internationales\"],\"inLanguage\":\"fr-FR\"},{\"@type\":\"WebPage\",\"@id\":\"https:\/\/www.pressenza.com\/fr\/2013\/05\/excuses-et-dedommagement-a-linde\/\",\"url\":\"https:\/\/www.pressenza.com\/fr\/2013\/05\/excuses-et-dedommagement-a-linde\/\",\"name\":\"Excuses et d\u00e9dommagement \u00e0 l'Inde\",\"isPartOf\":{\"@id\":\"https:\/\/www.pressenza.com\/fr\/#website\"},\"primaryImageOfPage\":{\"@id\":\"https:\/\/www.pressenza.com\/fr\/2013\/05\/excuses-et-dedommagement-a-linde\/#primaryimage\"},\"image\":{\"@id\":\"https:\/\/www.pressenza.com\/fr\/2013\/05\/excuses-et-dedommagement-a-linde\/#primaryimage\"},\"thumbnailUrl\":\"https:\/\/www.pressenza.com\/wp-content\/uploads\/2013\/05\/528px-Massacre_memorial_in_Amritsar.jpg\",\"datePublished\":\"2013-05-08T16:42:40+00:00\",\"dateModified\":\"2013-05-09T11:54:11+00:00\",\"description\":\"Le 13 avril 1919 centaines d'Indiens furent massacr\u00e9es par les troupes coloniales britanniques\u00a0aux ordres du g\u00e9n\u00e9ral Reginald Dyer, le \\\"boucher\",\"breadcrumb\":{\"@id\":\"https:\/\/www.pressenza.com\/fr\/2013\/05\/excuses-et-dedommagement-a-linde\/#breadcrumb\"},\"inLanguage\":\"fr-FR\",\"potentialAction\":[{\"@type\":\"ReadAction\",\"target\":[\"https:\/\/www.pressenza.com\/fr\/2013\/05\/excuses-et-dedommagement-a-linde\/\"]}]},{\"@type\":\"ImageObject\",\"inLanguage\":\"fr-FR\",\"@id\":\"https:\/\/www.pressenza.com\/fr\/2013\/05\/excuses-et-dedommagement-a-linde\/#primaryimage\",\"url\":\"https:\/\/www.pressenza.com\/wp-content\/uploads\/2013\/05\/528px-Massacre_memorial_in_Amritsar.jpg\",\"contentUrl\":\"https:\/\/www.pressenza.com\/wp-content\/uploads\/2013\/05\/528px-Massacre_memorial_in_Amritsar.jpg\",\"width\":528,\"height\":600},{\"@type\":\"BreadcrumbList\",\"@id\":\"https:\/\/www.pressenza.com\/fr\/2013\/05\/excuses-et-dedommagement-a-linde\/#breadcrumb\",\"itemListElement\":[{\"@type\":\"ListItem\",\"position\":1,\"name\":\"Accueil\",\"item\":\"https:\/\/www.pressenza.com\/fr\/\"},{\"@type\":\"ListItem\",\"position\":2,\"name\":\"Excuses et d\u00e9dommagement \u00e0 l&rsquo;Inde\"}]},{\"@type\":\"WebSite\",\"@id\":\"https:\/\/www.pressenza.com\/fr\/#website\",\"url\":\"https:\/\/www.pressenza.com\/fr\/\",\"name\":\"Pressenza\",\"description\":\"International Press Agency\",\"publisher\":{\"@id\":\"https:\/\/www.pressenza.com\/fr\/#organization\"},\"potentialAction\":[{\"@type\":\"SearchAction\",\"target\":{\"@type\":\"EntryPoint\",\"urlTemplate\":\"https:\/\/www.pressenza.com\/fr\/?s={search_term_string}\"},\"query-input\":{\"@type\":\"PropertyValueSpecification\",\"valueRequired\":true,\"valueName\":\"search_term_string\"}}],\"inLanguage\":\"fr-FR\"},{\"@type\":\"Organization\",\"@id\":\"https:\/\/www.pressenza.com\/fr\/#organization\",\"name\":\"Pressenza\",\"url\":\"https:\/\/www.pressenza.com\/fr\/\",\"logo\":{\"@type\":\"ImageObject\",\"inLanguage\":\"fr-FR\",\"@id\":\"https:\/\/www.pressenza.com\/fr\/#\/schema\/logo\/image\/\",\"url\":\"https:\/\/www.pressenza.com\/wp-content\/uploads\/2022\/10\/pressenza_logo_200x200.jpg\",\"contentUrl\":\"https:\/\/www.pressenza.com\/wp-content\/uploads\/2022\/10\/pressenza_logo_200x200.jpg\",\"width\":200,\"height\":200,\"caption\":\"Pressenza\"},\"image\":{\"@id\":\"https:\/\/www.pressenza.com\/fr\/#\/schema\/logo\/image\/\"},\"sameAs\":[\"https:\/\/www.facebook.com\/PressenzaItalia\",\"https:\/\/x.com\/PressenzaIPA\"]},{\"@type\":\"Person\",\"@id\":\"https:\/\/www.pressenza.com\/fr\/#\/schema\/person\/010e5d02bcf40965427a1289a4cc8d75\",\"name\":\"Pressenza IPA\",\"description\":\"News from Pressenza IPA correspondents\",\"sameAs\":[\"https:\/\/www.facebook.com\/pressenza\",\"https:\/\/x.com\/PressenzaIPA\"],\"url\":\"https:\/\/www.pressenza.com\/fr\/author\/pressenza-ipa\/\"}]}<\/script>\n<!-- \/ Yoast SEO plugin. -->","yoast_head_json":{"title":"Excuses et d\u00e9dommagement \u00e0 l'Inde","description":"Le 13 avril 1919 centaines d'Indiens furent massacr\u00e9es par les troupes coloniales britanniques\u00a0aux ordres du g\u00e9n\u00e9ral Reginald Dyer, le \"boucher","robots":{"index":"index","follow":"follow","max-snippet":"max-snippet:-1","max-image-preview":"max-image-preview:large","max-video-preview":"max-video-preview:-1"},"canonical":"https:\/\/www.pressenza.com\/fr\/2013\/05\/excuses-et-dedommagement-a-linde\/","og_locale":"fr_FR","og_type":"article","og_title":"Excuses et d\u00e9dommagement \u00e0 l'Inde","og_description":"Le 13 avril 1919 centaines d'Indiens furent massacr\u00e9es par les troupes coloniales britanniques\u00a0aux ordres du g\u00e9n\u00e9ral Reginald Dyer, le \"boucher","og_url":"https:\/\/www.pressenza.com\/fr\/2013\/05\/excuses-et-dedommagement-a-linde\/","og_site_name":"Pressenza","article_publisher":"https:\/\/www.facebook.com\/PressenzaItalia","article_author":"https:\/\/www.facebook.com\/pressenza","article_published_time":"2013-05-08T16:42:40+00:00","article_modified_time":"2013-05-09T11:54:11+00:00","og_image":[{"width":528,"height":600,"url":"https:\/\/www.pressenza.com\/wp-content\/uploads\/2013\/05\/528px-Massacre_memorial_in_Amritsar.jpg","type":"image\/jpeg"}],"author":"Pressenza IPA","twitter_card":"summary_large_image","twitter_creator":"@PressenzaIPA","twitter_site":"@PressenzaIPA","twitter_misc":{"\u00c9crit par":"Pressenza IPA","Dur\u00e9e de lecture estim\u00e9e":"2 minutes"},"schema":{"@context":"https:\/\/schema.org","@graph":[{"@type":"Article","@id":"https:\/\/www.pressenza.com\/fr\/2013\/05\/excuses-et-dedommagement-a-linde\/#article","isPartOf":{"@id":"https:\/\/www.pressenza.com\/fr\/2013\/05\/excuses-et-dedommagement-a-linde\/"},"author":{"name":"Pressenza IPA","@id":"https:\/\/www.pressenza.com\/fr\/#\/schema\/person\/010e5d02bcf40965427a1289a4cc8d75"},"headline":"Excuses et d\u00e9dommagement \u00e0 l&rsquo;Inde","datePublished":"2013-05-08T16:42:40+00:00","dateModified":"2013-05-09T11:54:11+00:00","mainEntityOfPage":{"@id":"https:\/\/www.pressenza.com\/fr\/2013\/05\/excuses-et-dedommagement-a-linde\/"},"wordCount":371,"publisher":{"@id":"https:\/\/www.pressenza.com\/fr\/#organization"},"image":{"@id":"https:\/\/www.pressenza.com\/fr\/2013\/05\/excuses-et-dedommagement-a-linde\/#primaryimage"},"thumbnailUrl":"https:\/\/www.pressenza.com\/wp-content\/uploads\/2013\/05\/528px-Massacre_memorial_in_Amritsar.jpg","keywords":["Amritsar","Angleterre","Inde"],"articleSection":["Asie","International","Relations internationales"],"inLanguage":"fr-FR"},{"@type":"WebPage","@id":"https:\/\/www.pressenza.com\/fr\/2013\/05\/excuses-et-dedommagement-a-linde\/","url":"https:\/\/www.pressenza.com\/fr\/2013\/05\/excuses-et-dedommagement-a-linde\/","name":"Excuses et d\u00e9dommagement \u00e0 l'Inde","isPartOf":{"@id":"https:\/\/www.pressenza.com\/fr\/#website"},"primaryImageOfPage":{"@id":"https:\/\/www.pressenza.com\/fr\/2013\/05\/excuses-et-dedommagement-a-linde\/#primaryimage"},"image":{"@id":"https:\/\/www.pressenza.com\/fr\/2013\/05\/excuses-et-dedommagement-a-linde\/#primaryimage"},"thumbnailUrl":"https:\/\/www.pressenza.com\/wp-content\/uploads\/2013\/05\/528px-Massacre_memorial_in_Amritsar.jpg","datePublished":"2013-05-08T16:42:40+00:00","dateModified":"2013-05-09T11:54:11+00:00","description":"Le 13 avril 1919 centaines d'Indiens furent massacr\u00e9es par les troupes coloniales britanniques\u00a0aux ordres du g\u00e9n\u00e9ral Reginald Dyer, le \"boucher","breadcrumb":{"@id":"https:\/\/www.pressenza.com\/fr\/2013\/05\/excuses-et-dedommagement-a-linde\/#breadcrumb"},"inLanguage":"fr-FR","potentialAction":[{"@type":"ReadAction","target":["https:\/\/www.pressenza.com\/fr\/2013\/05\/excuses-et-dedommagement-a-linde\/"]}]},{"@type":"ImageObject","inLanguage":"fr-FR","@id":"https:\/\/www.pressenza.com\/fr\/2013\/05\/excuses-et-dedommagement-a-linde\/#primaryimage","url":"https:\/\/www.pressenza.com\/wp-content\/uploads\/2013\/05\/528px-Massacre_memorial_in_Amritsar.jpg","contentUrl":"https:\/\/www.pressenza.com\/wp-content\/uploads\/2013\/05\/528px-Massacre_memorial_in_Amritsar.jpg","width":528,"height":600},{"@type":"BreadcrumbList","@id":"https:\/\/www.pressenza.com\/fr\/2013\/05\/excuses-et-dedommagement-a-linde\/#breadcrumb","itemListElement":[{"@type":"ListItem","position":1,"name":"Accueil","item":"https:\/\/www.pressenza.com\/fr\/"},{"@type":"ListItem","position":2,"name":"Excuses et d\u00e9dommagement \u00e0 l&rsquo;Inde"}]},{"@type":"WebSite","@id":"https:\/\/www.pressenza.com\/fr\/#website","url":"https:\/\/www.pressenza.com\/fr\/","name":"Pressenza","description":"International Press Agency","publisher":{"@id":"https:\/\/www.pressenza.com\/fr\/#organization"},"potentialAction":[{"@type":"SearchAction","target":{"@type":"EntryPoint","urlTemplate":"https:\/\/www.pressenza.com\/fr\/?s={search_term_string}"},"query-input":{"@type":"PropertyValueSpecification","valueRequired":true,"valueName":"search_term_string"}}],"inLanguage":"fr-FR"},{"@type":"Organization","@id":"https:\/\/www.pressenza.com\/fr\/#organization","name":"Pressenza","url":"https:\/\/www.pressenza.com\/fr\/","logo":{"@type":"ImageObject","inLanguage":"fr-FR","@id":"https:\/\/www.pressenza.com\/fr\/#\/schema\/logo\/image\/","url":"https:\/\/www.pressenza.com\/wp-content\/uploads\/2022\/10\/pressenza_logo_200x200.jpg","contentUrl":"https:\/\/www.pressenza.com\/wp-content\/uploads\/2022\/10\/pressenza_logo_200x200.jpg","width":200,"height":200,"caption":"Pressenza"},"image":{"@id":"https:\/\/www.pressenza.com\/fr\/#\/schema\/logo\/image\/"},"sameAs":["https:\/\/www.facebook.com\/PressenzaItalia","https:\/\/x.com\/PressenzaIPA"]},{"@type":"Person","@id":"https:\/\/www.pressenza.com\/fr\/#\/schema\/person\/010e5d02bcf40965427a1289a4cc8d75","name":"Pressenza IPA","description":"News from Pressenza IPA correspondents","sameAs":["https:\/\/www.facebook.com\/pressenza","https:\/\/x.com\/PressenzaIPA"],"url":"https:\/\/www.pressenza.com\/fr\/author\/pressenza-ipa\/"}]}},"place":"Turin","original_article_url":"","_links":{"self":[{"href":"https:\/\/www.pressenza.com\/fr\/wp-json\/wp\/v2\/posts\/50861","targetHints":{"allow":["GET"]}}],"collection":[{"href":"https:\/\/www.pressenza.com\/fr\/wp-json\/wp\/v2\/posts"}],"about":[{"href":"https:\/\/www.pressenza.com\/fr\/wp-json\/wp\/v2\/types\/post"}],"author":[{"embeddable":true,"href":"https:\/\/www.pressenza.com\/fr\/wp-json\/wp\/v2\/users\/19"}],"replies":[{"embeddable":true,"href":"https:\/\/www.pressenza.com\/fr\/wp-json\/wp\/v2\/comments?post=50861"}],"version-history":[{"count":0,"href":"https:\/\/www.pressenza.com\/fr\/wp-json\/wp\/v2\/posts\/50861\/revisions"}],"wp:featuredmedia":[{"embeddable":true,"href":"https:\/\/www.pressenza.com\/fr\/wp-json\/wp\/v2\/media\/50864"}],"wp:attachment":[{"href":"https:\/\/www.pressenza.com\/fr\/wp-json\/wp\/v2\/media?parent=50861"}],"wp:term":[{"taxonomy":"category","embeddable":true,"href":"https:\/\/www.pressenza.com\/fr\/wp-json\/wp\/v2\/categories?post=50861"},{"taxonomy":"post_tag","embeddable":true,"href":"https:\/\/www.pressenza.com\/fr\/wp-json\/wp\/v2\/tags?post=50861"}],"curies":[{"name":"wp","href":"https:\/\/api.w.org\/{rel}","templated":true}]}}